{"id":18476,"date":"2026-01-24T01:21:36","date_gmt":"2026-01-24T04:21:36","guid":{"rendered":"https:\/\/ocoerente.com.br\/se\/?p=18476"},"modified":"2026-01-24T01:21:37","modified_gmt":"2026-01-24T04:21:37","slug":"sergipe-lidera-geracao-de-empregos-na-construcao-civil-e-anuncia-mil-vagas-para-qualificacao-de-sergipanos-no-setor","status":"publish","type":"post","link":"https:\/\/ocoerente.com.br\/se\/2026\/01\/24\/sergipe-lidera-geracao-de-empregos-na-construcao-civil-e-anuncia-mil-vagas-para-qualificacao-de-sergipanos-no-setor\/","title":{"rendered":"Sergipe lidera gera\u00e7\u00e3o de empregos na constru\u00e7\u00e3o civil e anuncia mil vagas para qualifica\u00e7\u00e3o de sergipanos no setor"},"content":{"rendered":"\n<p><em>Entre obras em execu\u00e7\u00e3o, licita\u00e7\u00e3o, licitadas e projetos que est\u00e3o sendo elaborados, cerca de R$ 9 bilh\u00f5es est\u00e3o sendo aplicados em interven\u00e7\u00f5es p\u00fablicas pelo Estado de Sergipe, movimentando a economia e gerando oportunidades<\/em><\/p>\n\n\n\n<p>O governador de Sergipe, F\u00e1bio Mitidieri, apresentou, nesta sexta-feira, 23, os principais dados de emprego e qualifica\u00e7\u00e3o profissional da constru\u00e7\u00e3o civil durante o encontro \u201cConstru\u00e7\u00e3o civil em foco: infraestrutura, qualifica\u00e7\u00e3o e oportunidades\u201d, realizado pela Associa\u00e7\u00e3o Sergipana dos Empres\u00e1rios de Obras P\u00fablicas e Privadas (Aseopp), no Hotel Quality, em Aracaju. Na ocasi\u00e3o, o Governo do Estado anunciou o lan\u00e7amento de mil vagas em cursos do programa Qualifica Sergipe, voltados exclusivamente para o setor.<\/p>\n\n\n\n<p>Entre janeiro de 2023 e novembro de 2025, Sergipe registrou crescimento de 35,94% no estoque de empregos na constru\u00e7\u00e3o civil, passando de 24.103 para 32.766 trabalhadores com carteira assinada, desempenho superior ao de estados como S\u00e3o Paulo, Rio de Janeiro e Bahia, conforme n\u00fameros do Cadastro Geral de Empregados e Desempregados (Caged).<\/p>\n\n\n\n<p>O governador destacou o desempenho hist\u00f3rico de Sergipe na gera\u00e7\u00e3o de empregos formais, incluindo a \u00e1rea da constru\u00e7\u00e3o civil, ressaltando que os resultados refletem uma estrat\u00e9gia integrada entre investimentos em infraestrutura e pol\u00edticas de qualifica\u00e7\u00e3o profissional. \u201cTemos que enaltecer os n\u00fameros da gera\u00e7\u00e3o de emprego em Sergipe, em especial aqui, falamos dos n\u00fameros da constru\u00e7\u00e3o civil, setor no qual alcan\u00e7amos o primeiro lugar no ranking nacional de crescimento relativo do estoque de empregos, como resultado do bom momento econ\u00f4mico que o estado vive, principalmente na \u00e1rea de infraestrutura, com obras que temos realizado em todos os munic\u00edpios. S\u00e3o, por exemplo, 2 milh\u00f5es de metros quadrados de asfalto, 1,6 milh\u00e3o de metros quadrados de pavimenta\u00e7\u00e3o gran\u00edtica, pontes, orlas, mercados e outra s\u00e9rie de a\u00e7\u00f5es que o governo tem realizado e t\u00eam resultado, claro, na gera\u00e7\u00e3o de emprego e renda para nossa popula\u00e7\u00e3o \u201d, enumerou.&nbsp;<\/p>\n\n\n\n<p>Para o governador, os resultados s\u00e3o fruto de um modelo de gest\u00e3o que une planejamento, execu\u00e7\u00e3o de obras e valoriza\u00e7\u00e3o do trabalhador. \u201cTivemos, tamb\u00e9m, um crescimento consider\u00e1vel no sal\u00e1rio m\u00e9dio da constru\u00e7\u00e3o civil, que saiu de R$ 1.500,00 para R$ 2.100,00 aproximadamente, em tr\u00eas anos, o que mostra, mais uma vez, o crescimento econ\u00f4mico do poder aquisitivo desse p\u00fablico, dos nossos trabalhadores\u201d, frisou.&nbsp;<\/p>\n\n\n\n<p>Durante a apresenta\u00e7\u00e3o, Mitidieri tamb\u00e9m enfatizou a import\u00e2ncia da nova etapa do Qualifica Sergipe para sustentar o crescimento do setor. Segundo ele, ao anunciar mil novas vagas de cursos voltados exclusivamente para a constru\u00e7\u00e3o civil, o governo garante que esse ciclo de desenvolvimento continue gerando oportunidades reais de emprego, renda e inclus\u00e3o produtiva para os sergipanos. \u201cQuando chegamos, encontramos uma dificuldade muito grande na qualifica\u00e7\u00e3o de m\u00e3o de obra, n\u00e3o apenas na constru\u00e7\u00e3o civil, mas em diversos segmentos da economia, e intensificamos programas como o Qualifica Sergipe e o Primeiro Emprego para capacitar a nossa popula\u00e7\u00e3o para que possa ocupar os melhores empregos\u201d, apontou. &nbsp;<\/p>\n\n\n\n<p>O secret\u00e1rio de Estado do Trabalho, Emprego e Empreendedorismo, Jorge Teles, explicou que os resultados s\u00e3o fruto de uma pol\u00edtica p\u00fablica focada nas demandas reais do mercado. \u201cA aposta do governador F\u00e1bio Mitidieri em investir em grandes obras estruturantes est\u00e1 dando certo. E, diante da demanda de m\u00e3o-de-obra, o governador do emprego j\u00e1 est\u00e1 ofertando mais de mil vagas de qualifica\u00e7\u00e3o profissionalizante, para que os empregos que est\u00e3o sendo criados possam ficar com os sergipanos\u201d, enfatizou.<\/p>\n\n\n\n<p><strong>Obras p\u00fablicas<\/strong><\/p>\n\n\n\n<p>Segundo o secret\u00e1rio de Desenvolvimento Urbano e Infraestrutura (Sedurbi), Luiz Roberto Dantas, entre obras em execu\u00e7\u00e3o, em licita\u00e7\u00e3o, licitadas e projetos que est\u00e3o sendo elaborados, s\u00e3o cerca de R$ 9 bilh\u00f5es direcionados a obras pelo Estado de Sergipe. \u201c \u00c9 o maior investimento em obras de infraestrutura, de constru\u00e7\u00e3o, realizados pelo Estado nos \u00faltimos 40 anos. Isso \u00e9 muito significativo porque traz muitos benef\u00edcios para a sociedade, move a economia, gera empregos e renda para as pessoas, trazendo dignidade para os cidad\u00e3os, cidad\u00e3s e fam\u00edlias sergipanas\u201d, pontuou.<\/p>\n\n\n\n<p>Somente por meio do \u2018Acelera Sergipe\u2019, j\u00e1 foram conclu\u00eddas 16 obras e 34 est\u00e3o em execu\u00e7\u00e3o. Somando-se \u00e0s licitadas a serem iniciadas, em processo de licita\u00e7\u00e3o e \u00e0s obras em an\u00e1lise, ser\u00e3o mais de R$ 715 milh\u00f5es investidos por todo o estado. \u201cAl\u00e9m disso, temos as rodovias, o Complexo Maria do Carmo, o in\u00edcio da obra do Complexo Materno e Infantil Nossa Senhora de Lourdes, a licita\u00e7\u00e3o do projeto, junto com \u00e0 Seasic, do Parque da Vit\u00f3ria, no 17 de mar\u00e7o, com o governo voltando a construir habita\u00e7\u00f5es de interesse social, entre tantas outras. Ent\u00e3o, \u00e9 um momento hist\u00f3rico que vive o estado de Sergipe\u201d, destacou o secret\u00e1rio da Sedurbi.&nbsp;<\/p>\n\n\n\n<p>Representando o setor empresarial, o presidente da Aseopp, Luciano Barreto, destacou a relev\u00e2ncia do di\u00e1logo entre o governo e a iniciativa privada. \u201cO que aquece a constru\u00e7\u00e3o civil s\u00e3o as obras p\u00fablicas, s\u00e3o obras que a sociedade deseja e que s\u00e3o extremamente importantes, e isso est\u00e1 acontecendo em Sergipe. Pela iniciativa do governador do Estado, F\u00e1bio Mitidieri, Sergipe tem crescido muito, com a execu\u00e7\u00e3o de obras estruturantes, da maior import\u00e2ncia e que, ao longo do tempo, v\u00e3o transformando o rosto de Aracaju, da nossa capital, e de todo o estado\u201d, defendeu.<\/p>\n\n\n\n<p><strong>Qualifica\u00e7\u00e3o<\/strong><\/p>\n\n\n\n<p>O evento reuniu representantes do Governo do Estado, empres\u00e1rios, entidades do setor e gestores p\u00fablicos, que acompanharam a apresenta\u00e7\u00e3o dos dados, assim como o an\u00fancio dos novos cursos para o setor, que refor\u00e7am o compromisso do governo em transformar o crescimento da constru\u00e7\u00e3o civil em desenvolvimento socioecon\u00f4mico sustent\u00e1vel para Sergipe.<\/p>\n\n\n\n<p>As novas &nbsp;forma\u00e7\u00f5es profissionais voltadas para o setor da constru\u00e7\u00e3o civil ser\u00e3o desenvolvidas pelo Servi\u00e7o Nacional de Aprendizagem Industrial (Senai) e viabilizadas por meio de emendas parlamentares destinadas pelo senador Alessandro Vieira. \u201c\u00c9 um orgulho poder participar desse momento e ver que, hoje, Sergipe tem os melhores indicadores em qualquer segmento que voc\u00ea analise. \u00c9 o estado mais seguro do Nordeste, pelo terceiro ano seguido, e o sexto estado mais seguro do Brasil. Isso \u00e9 uma conquista do governo e das for\u00e7as de seguran\u00e7a. E \u00e9 um estado que vem crescendo enormemente na gera\u00e7\u00e3o de emprego, no turismo e com uma coisa que &nbsp;Sergipe n\u00e3o tinha no passado, que \u00e9 essa vis\u00e3o profissional, t\u00e9cnica da gest\u00e3o que diversifica. Sergipe tem um potencial \u00fanico, vive um momento hist\u00f3rico e, se n\u00f3s tivermos a sabedoria de aproveitar as oportunidades, seguramente nosso futuro vai ser ainda melhor\u201d, elencou.<\/p>\n\n\n\n<p>Na ocasi\u00e3o, foi assinado o contrato com o Senai para oferta dos cursos de qualifica\u00e7\u00e3o, a partir de um investimento de R$ 2.447.680,00, que permitir\u00e1 a forma\u00e7\u00e3o de &nbsp;46 turmas, beneficiando mil pessoas. Al\u00e9m da capacita\u00e7\u00e3o profissional, os participantes dos cursos receber\u00e3o um aux\u00edlio financeiro de R$ 500,00 por m\u00eas.<\/p>\n\n\n\n<p>Egressas do projeto \u2018Elas Constroem\u2019, iniciativa do Governo de Sergipe voltada \u00e0 qualifica\u00e7\u00e3o profissional de mulheres, Tatiana Gomes e J\u00e9ssica Regina Gois, relataram a transforma\u00e7\u00e3o de vida oportunizada pelo curso de Carpintaria Polivalente de Obras, do Qualifica Sergipe.<\/p>\n\n\n\n<p>\u201cFiz o curso de carpinteira polivalente e est\u00e1 sendo uma maravilha porque, agora, estou contratada. S\u00f3 tenho a agradecer\u201d, disse J\u00e9ssica.&nbsp;<\/p>\n\n\n\n<p>\u201cQuero agradecer ao Governo do Estado e a todos os envolvidos por nos dar oportunidade de trabalhar a partir do curso. \u00c9 gratificante saber que mulheres podem entrar na constru\u00e7\u00e3o civil, onde, antes, somente os homens estavam. As mulheres t\u00eam for\u00e7a, e podem, como dizia nossa mentora Adriana no projeto, estar onde elas quiserem. A oportunidade \u00e9 lan\u00e7ada, est\u00e1 a\u00ed para todas as outras. Obrigado ao abra\u00e7o que foi dado pelo governador do Estado e ao curso que, provavelmente, ainda vai capacitar outras mulheres dentro da \u00e1rea da Constru\u00e7\u00e3o Civil\u201d, completou Tatiana.&nbsp;<\/p>\n\n\n\n<p>O Elas Constroem \u00e9 coordenado pelas secretarias de Pol\u00edticas para as Mulheres (SPM) e do Trabalho, Emprego e Empreendedorismo (Seteem), em parceria com a Associa\u00e7\u00e3o Sergipana dos Empres\u00e1rios de Obras P\u00fablicas e Privadas (Aseopp Sergipe) e o Senai Sergipe.<\/p>\n\n\n\n<p>GOV\/SE<\/p>\n","protected":false},"excerpt":{"rendered":"<p>Entre obras em execu\u00e7\u00e3o, licita\u00e7\u00e3o, licitadas e projetos que est\u00e3o sendo elaborados, cerca de R$ 9 bilh\u00f5es est\u00e3o sendo aplicados em interven\u00e7\u00f5es p\u00fablicas pelo Estado de Sergipe, movimentando a economia e gerando oportunidades O governador de Sergipe, F\u00e1bio Mitidieri, apresentou, nesta sexta-feira, 23, os principais dados de emprego e qualifica\u00e7\u00e3o profissional da constru\u00e7\u00e3o civil durante [&hellip;]<\/p>\n","protected":false},"author":1,"featured_media":18477,"comment_status":"closed","ping_status":"closed","sticky":false,"template":"","format":"standard","meta":{"footnotes":""},"categories":[53,57],"tags":[],"class_list":["post-18476","post","type-post","status-publish","format-standard","has-post-thumbnail","hentry","category-destaques","category-oportunidades"],"yoast_head":"<!-- This site is optimized with the Yoast SEO plugin v27.4 - https:\/\/yoast.com\/product\/yoast-seo-wordpress\/ -->\n<title>Sergipe lidera gera\u00e7\u00e3o de empregos na constru\u00e7\u00e3o civil e anuncia mil vagas para qualifica\u00e7\u00e3o de sergipanos no setor - O Coerente<\/title>\n<meta name=\"robots\" content=\"index, follow, max-snippet:-1, max-image-preview:large, max-video-preview:-1\" \/>\n<link rel=\"canonical\" href=\"https:\/\/ocoerente.com.br\/se\/2026\/01\/24\/sergipe-lidera-geracao-de-empregos-na-construcao-civil-e-anuncia-mil-vagas-para-qualificacao-de-sergipanos-no-setor\/\" \/>\n<meta property=\"og:locale\" content=\"pt_BR\" \/>\n<meta property=\"og:type\" content=\"article\" \/>\n<meta property=\"og:title\" content=\"Sergipe lidera gera\u00e7\u00e3o de empregos na constru\u00e7\u00e3o civil e anuncia mil vagas para qualifica\u00e7\u00e3o de sergipanos no setor - O Coerente\" \/>\n<meta property=\"og:description\" content=\"Entre obras em execu\u00e7\u00e3o, licita\u00e7\u00e3o, licitadas e projetos que est\u00e3o sendo elaborados, cerca de R$ 9 bilh\u00f5es est\u00e3o sendo aplicados em interven\u00e7\u00f5es p\u00fablicas pelo Estado de Sergipe, movimentando a economia e gerando oportunidades O governador de Sergipe, F\u00e1bio Mitidieri, apresentou, nesta sexta-feira, 23, os principais dados de emprego e qualifica\u00e7\u00e3o profissional da constru\u00e7\u00e3o civil durante [&hellip;]\" \/>\n<meta property=\"og:url\" content=\"https:\/\/ocoerente.com.br\/se\/2026\/01\/24\/sergipe-lidera-geracao-de-empregos-na-construcao-civil-e-anuncia-mil-vagas-para-qualificacao-de-sergipanos-no-setor\/\" \/>\n<meta property=\"og:site_name\" content=\"O Coerente\" \/>\n<meta property=\"article:published_time\" content=\"2026-01-24T04:21:36+00:00\" \/>\n<meta property=\"article:modified_time\" content=\"2026-01-24T04:21:37+00:00\" \/>\n<meta property=\"og:image\" content=\"https:\/\/ocoerente.com.br\/se\/wp-content\/uploads\/2026\/01\/06896c6bfa9f97c.jpg\" \/>\n\t<meta property=\"og:image:width\" content=\"1100\" \/>\n\t<meta property=\"og:image:height\" content=\"610\" \/>\n\t<meta property=\"og:image:type\" content=\"image\/jpeg\" \/>\n<meta name=\"author\" content=\"Reda\u00e7\u00e3o\" \/>\n<meta name=\"twitter:card\" content=\"summary_large_image\" \/>\n<meta name=\"twitter:label1\" content=\"Escrito por\" \/>\n\t<meta name=\"twitter:data1\" content=\"Reda\u00e7\u00e3o\" \/>\n\t<meta name=\"twitter:label2\" content=\"Est. tempo de leitura\" \/>\n\t<meta name=\"twitter:data2\" content=\"8 minutos\" \/>\n<script type=\"application\/ld+json\" class=\"yoast-schema-graph\">{\"@context\":\"https:\\\/\\\/schema.org\",\"@graph\":[{\"@type\":\"Article\",\"@id\":\"https:\\\/\\\/ocoerente.com.br\\\/se\\\/2026\\\/01\\\/24\\\/sergipe-lidera-geracao-de-empregos-na-construcao-civil-e-anuncia-mil-vagas-para-qualificacao-de-sergipanos-no-setor\\\/#article\",\"isPartOf\":{\"@id\":\"https:\\\/\\\/ocoerente.com.br\\\/se\\\/2026\\\/01\\\/24\\\/sergipe-lidera-geracao-de-empregos-na-construcao-civil-e-anuncia-mil-vagas-para-qualificacao-de-sergipanos-no-setor\\\/\"},\"author\":{\"name\":\"Reda\u00e7\u00e3o\",\"@id\":\"https:\\\/\\\/ocoerente.com.br\\\/se\\\/#\\\/schema\\\/person\\\/cc6bfd9fbca465e23543b0c963d8d037\"},\"headline\":\"Sergipe lidera gera\u00e7\u00e3o de empregos na constru\u00e7\u00e3o civil e anuncia mil vagas para qualifica\u00e7\u00e3o de sergipanos no setor\",\"datePublished\":\"2026-01-24T04:21:36+00:00\",\"dateModified\":\"2026-01-24T04:21:37+00:00\",\"mainEntityOfPage\":{\"@id\":\"https:\\\/\\\/ocoerente.com.br\\\/se\\\/2026\\\/01\\\/24\\\/sergipe-lidera-geracao-de-empregos-na-construcao-civil-e-anuncia-mil-vagas-para-qualificacao-de-sergipanos-no-setor\\\/\"},\"wordCount\":1422,\"publisher\":{\"@id\":\"https:\\\/\\\/ocoerente.com.br\\\/se\\\/#\\\/schema\\\/person\\\/cc6bfd9fbca465e23543b0c963d8d037\"},\"image\":{\"@id\":\"https:\\\/\\\/ocoerente.com.br\\\/se\\\/2026\\\/01\\\/24\\\/sergipe-lidera-geracao-de-empregos-na-construcao-civil-e-anuncia-mil-vagas-para-qualificacao-de-sergipanos-no-setor\\\/#primaryimage\"},\"thumbnailUrl\":\"https:\\\/\\\/ocoerente.com.br\\\/se\\\/wp-content\\\/uploads\\\/2026\\\/01\\\/06896c6bfa9f97c.jpg\",\"articleSection\":[\"Destaques\",\"Oportunidades\"],\"inLanguage\":\"pt-BR\"},{\"@type\":\"WebPage\",\"@id\":\"https:\\\/\\\/ocoerente.com.br\\\/se\\\/2026\\\/01\\\/24\\\/sergipe-lidera-geracao-de-empregos-na-construcao-civil-e-anuncia-mil-vagas-para-qualificacao-de-sergipanos-no-setor\\\/\",\"url\":\"https:\\\/\\\/ocoerente.com.br\\\/se\\\/2026\\\/01\\\/24\\\/sergipe-lidera-geracao-de-empregos-na-construcao-civil-e-anuncia-mil-vagas-para-qualificacao-de-sergipanos-no-setor\\\/\",\"name\":\"Sergipe lidera gera\u00e7\u00e3o de empregos na constru\u00e7\u00e3o civil e anuncia mil vagas para qualifica\u00e7\u00e3o de sergipanos no setor - O Coerente\",\"isPartOf\":{\"@id\":\"https:\\\/\\\/ocoerente.com.br\\\/se\\\/#website\"},\"primaryImageOfPage\":{\"@id\":\"https:\\\/\\\/ocoerente.com.br\\\/se\\\/2026\\\/01\\\/24\\\/sergipe-lidera-geracao-de-empregos-na-construcao-civil-e-anuncia-mil-vagas-para-qualificacao-de-sergipanos-no-setor\\\/#primaryimage\"},\"image\":{\"@id\":\"https:\\\/\\\/ocoerente.com.br\\\/se\\\/2026\\\/01\\\/24\\\/sergipe-lidera-geracao-de-empregos-na-construcao-civil-e-anuncia-mil-vagas-para-qualificacao-de-sergipanos-no-setor\\\/#primaryimage\"},\"thumbnailUrl\":\"https:\\\/\\\/ocoerente.com.br\\\/se\\\/wp-content\\\/uploads\\\/2026\\\/01\\\/06896c6bfa9f97c.jpg\",\"datePublished\":\"2026-01-24T04:21:36+00:00\",\"dateModified\":\"2026-01-24T04:21:37+00:00\",\"breadcrumb\":{\"@id\":\"https:\\\/\\\/ocoerente.com.br\\\/se\\\/2026\\\/01\\\/24\\\/sergipe-lidera-geracao-de-empregos-na-construcao-civil-e-anuncia-mil-vagas-para-qualificacao-de-sergipanos-no-setor\\\/#breadcrumb\"},\"inLanguage\":\"pt-BR\",\"potentialAction\":[{\"@type\":\"ReadAction\",\"target\":[\"https:\\\/\\\/ocoerente.com.br\\\/se\\\/2026\\\/01\\\/24\\\/sergipe-lidera-geracao-de-empregos-na-construcao-civil-e-anuncia-mil-vagas-para-qualificacao-de-sergipanos-no-setor\\\/\"]}]},{\"@type\":\"ImageObject\",\"inLanguage\":\"pt-BR\",\"@id\":\"https:\\\/\\\/ocoerente.com.br\\\/se\\\/2026\\\/01\\\/24\\\/sergipe-lidera-geracao-de-empregos-na-construcao-civil-e-anuncia-mil-vagas-para-qualificacao-de-sergipanos-no-setor\\\/#primaryimage\",\"url\":\"https:\\\/\\\/ocoerente.com.br\\\/se\\\/wp-content\\\/uploads\\\/2026\\\/01\\\/06896c6bfa9f97c.jpg\",\"contentUrl\":\"https:\\\/\\\/ocoerente.com.br\\\/se\\\/wp-content\\\/uploads\\\/2026\\\/01\\\/06896c6bfa9f97c.jpg\",\"width\":1100,\"height\":610,\"caption\":\"Fotos: Arthur Soares\"},{\"@type\":\"BreadcrumbList\",\"@id\":\"https:\\\/\\\/ocoerente.com.br\\\/se\\\/2026\\\/01\\\/24\\\/sergipe-lidera-geracao-de-empregos-na-construcao-civil-e-anuncia-mil-vagas-para-qualificacao-de-sergipanos-no-setor\\\/#breadcrumb\",\"itemListElement\":[{\"@type\":\"ListItem\",\"position\":1,\"name\":\"In\u00edcio\",\"item\":\"https:\\\/\\\/ocoerente.com.br\\\/se\\\/\"},{\"@type\":\"ListItem\",\"position\":2,\"name\":\"Sergipe lidera gera\u00e7\u00e3o de empregos na constru\u00e7\u00e3o civil e anuncia mil vagas para qualifica\u00e7\u00e3o de sergipanos no setor\"}]},{\"@type\":\"WebSite\",\"@id\":\"https:\\\/\\\/ocoerente.com.br\\\/se\\\/#website\",\"url\":\"https:\\\/\\\/ocoerente.com.br\\\/se\\\/\",\"name\":\"O Coerente\",\"description\":\"\",\"publisher\":{\"@id\":\"https:\\\/\\\/ocoerente.com.br\\\/se\\\/#\\\/schema\\\/person\\\/cc6bfd9fbca465e23543b0c963d8d037\"},\"potentialAction\":[{\"@type\":\"SearchAction\",\"target\":{\"@type\":\"EntryPoint\",\"urlTemplate\":\"https:\\\/\\\/ocoerente.com.br\\\/se\\\/?s={search_term_string}\"},\"query-input\":{\"@type\":\"PropertyValueSpecification\",\"valueRequired\":true,\"valueName\":\"search_term_string\"}}],\"inLanguage\":\"pt-BR\"},{\"@type\":[\"Person\",\"Organization\"],\"@id\":\"https:\\\/\\\/ocoerente.com.br\\\/se\\\/#\\\/schema\\\/person\\\/cc6bfd9fbca465e23543b0c963d8d037\",\"name\":\"Reda\u00e7\u00e3o\",\"image\":{\"@type\":\"ImageObject\",\"inLanguage\":\"pt-BR\",\"@id\":\"https:\\\/\\\/ocoerente.com.br\\\/se\\\/wp-content\\\/uploads\\\/2020\\\/01\\\/ocoerente-1.png\",\"url\":\"https:\\\/\\\/ocoerente.com.br\\\/se\\\/wp-content\\\/uploads\\\/2020\\\/01\\\/ocoerente-1.png\",\"contentUrl\":\"https:\\\/\\\/ocoerente.com.br\\\/se\\\/wp-content\\\/uploads\\\/2020\\\/01\\\/ocoerente-1.png\",\"width\":50,\"height\":50,\"caption\":\"Reda\u00e7\u00e3o\"},\"logo\":{\"@id\":\"https:\\\/\\\/ocoerente.com.br\\\/se\\\/wp-content\\\/uploads\\\/2020\\\/01\\\/ocoerente-1.png\"},\"url\":\"https:\\\/\\\/ocoerente.com.br\\\/se\\\/author\\\/vasticlsales\\\/\"}]}<\/script>\n<!-- \/ Yoast SEO plugin. -->","yoast_head_json":{"title":"Sergipe lidera gera\u00e7\u00e3o de empregos na constru\u00e7\u00e3o civil e anuncia mil vagas para qualifica\u00e7\u00e3o de sergipanos no setor - O Coerente","robots":{"index":"index","follow":"follow","max-snippet":"max-snippet:-1","max-image-preview":"max-image-preview:large","max-video-preview":"max-video-preview:-1"},"canonical":"https:\/\/ocoerente.com.br\/se\/2026\/01\/24\/sergipe-lidera-geracao-de-empregos-na-construcao-civil-e-anuncia-mil-vagas-para-qualificacao-de-sergipanos-no-setor\/","og_locale":"pt_BR","og_type":"article","og_title":"Sergipe lidera gera\u00e7\u00e3o de empregos na constru\u00e7\u00e3o civil e anuncia mil vagas para qualifica\u00e7\u00e3o de sergipanos no setor - O Coerente","og_description":"Entre obras em execu\u00e7\u00e3o, licita\u00e7\u00e3o, licitadas e projetos que est\u00e3o sendo elaborados, cerca de R$ 9 bilh\u00f5es est\u00e3o sendo aplicados em interven\u00e7\u00f5es p\u00fablicas pelo Estado de Sergipe, movimentando a economia e gerando oportunidades O governador de Sergipe, F\u00e1bio Mitidieri, apresentou, nesta sexta-feira, 23, os principais dados de emprego e qualifica\u00e7\u00e3o profissional da constru\u00e7\u00e3o civil durante [&hellip;]","og_url":"https:\/\/ocoerente.com.br\/se\/2026\/01\/24\/sergipe-lidera-geracao-de-empregos-na-construcao-civil-e-anuncia-mil-vagas-para-qualificacao-de-sergipanos-no-setor\/","og_site_name":"O Coerente","article_published_time":"2026-01-24T04:21:36+00:00","article_modified_time":"2026-01-24T04:21:37+00:00","og_image":[{"width":1100,"height":610,"url":"https:\/\/ocoerente.com.br\/se\/wp-content\/uploads\/2026\/01\/06896c6bfa9f97c.jpg","type":"image\/jpeg"}],"author":"Reda\u00e7\u00e3o","twitter_card":"summary_large_image","twitter_misc":{"Escrito por":"Reda\u00e7\u00e3o","Est. tempo de leitura":"8 minutos"},"schema":{"@context":"https:\/\/schema.org","@graph":[{"@type":"Article","@id":"https:\/\/ocoerente.com.br\/se\/2026\/01\/24\/sergipe-lidera-geracao-de-empregos-na-construcao-civil-e-anuncia-mil-vagas-para-qualificacao-de-sergipanos-no-setor\/#article","isPartOf":{"@id":"https:\/\/ocoerente.com.br\/se\/2026\/01\/24\/sergipe-lidera-geracao-de-empregos-na-construcao-civil-e-anuncia-mil-vagas-para-qualificacao-de-sergipanos-no-setor\/"},"author":{"name":"Reda\u00e7\u00e3o","@id":"https:\/\/ocoerente.com.br\/se\/#\/schema\/person\/cc6bfd9fbca465e23543b0c963d8d037"},"headline":"Sergipe lidera gera\u00e7\u00e3o de empregos na constru\u00e7\u00e3o civil e anuncia mil vagas para qualifica\u00e7\u00e3o de sergipanos no setor","datePublished":"2026-01-24T04:21:36+00:00","dateModified":"2026-01-24T04:21:37+00:00","mainEntityOfPage":{"@id":"https:\/\/ocoerente.com.br\/se\/2026\/01\/24\/sergipe-lidera-geracao-de-empregos-na-construcao-civil-e-anuncia-mil-vagas-para-qualificacao-de-sergipanos-no-setor\/"},"wordCount":1422,"publisher":{"@id":"https:\/\/ocoerente.com.br\/se\/#\/schema\/person\/cc6bfd9fbca465e23543b0c963d8d037"},"image":{"@id":"https:\/\/ocoerente.com.br\/se\/2026\/01\/24\/sergipe-lidera-geracao-de-empregos-na-construcao-civil-e-anuncia-mil-vagas-para-qualificacao-de-sergipanos-no-setor\/#primaryimage"},"thumbnailUrl":"https:\/\/ocoerente.com.br\/se\/wp-content\/uploads\/2026\/01\/06896c6bfa9f97c.jpg","articleSection":["Destaques","Oportunidades"],"inLanguage":"pt-BR"},{"@type":"WebPage","@id":"https:\/\/ocoerente.com.br\/se\/2026\/01\/24\/sergipe-lidera-geracao-de-empregos-na-construcao-civil-e-anuncia-mil-vagas-para-qualificacao-de-sergipanos-no-setor\/","url":"https:\/\/ocoerente.com.br\/se\/2026\/01\/24\/sergipe-lidera-geracao-de-empregos-na-construcao-civil-e-anuncia-mil-vagas-para-qualificacao-de-sergipanos-no-setor\/","name":"Sergipe lidera gera\u00e7\u00e3o de empregos na constru\u00e7\u00e3o civil e anuncia mil vagas para qualifica\u00e7\u00e3o de sergipanos no setor - O Coerente","isPartOf":{"@id":"https:\/\/ocoerente.com.br\/se\/#website"},"primaryImageOfPage":{"@id":"https:\/\/ocoerente.com.br\/se\/2026\/01\/24\/sergipe-lidera-geracao-de-empregos-na-construcao-civil-e-anuncia-mil-vagas-para-qualificacao-de-sergipanos-no-setor\/#primaryimage"},"image":{"@id":"https:\/\/ocoerente.com.br\/se\/2026\/01\/24\/sergipe-lidera-geracao-de-empregos-na-construcao-civil-e-anuncia-mil-vagas-para-qualificacao-de-sergipanos-no-setor\/#primaryimage"},"thumbnailUrl":"https:\/\/ocoerente.com.br\/se\/wp-content\/uploads\/2026\/01\/06896c6bfa9f97c.jpg","datePublished":"2026-01-24T04:21:36+00:00","dateModified":"2026-01-24T04:21:37+00:00","breadcrumb":{"@id":"https:\/\/ocoerente.com.br\/se\/2026\/01\/24\/sergipe-lidera-geracao-de-empregos-na-construcao-civil-e-anuncia-mil-vagas-para-qualificacao-de-sergipanos-no-setor\/#breadcrumb"},"inLanguage":"pt-BR","potentialAction":[{"@type":"ReadAction","target":["https:\/\/ocoerente.com.br\/se\/2026\/01\/24\/sergipe-lidera-geracao-de-empregos-na-construcao-civil-e-anuncia-mil-vagas-para-qualificacao-de-sergipanos-no-setor\/"]}]},{"@type":"ImageObject","inLanguage":"pt-BR","@id":"https:\/\/ocoerente.com.br\/se\/2026\/01\/24\/sergipe-lidera-geracao-de-empregos-na-construcao-civil-e-anuncia-mil-vagas-para-qualificacao-de-sergipanos-no-setor\/#primaryimage","url":"https:\/\/ocoerente.com.br\/se\/wp-content\/uploads\/2026\/01\/06896c6bfa9f97c.jpg","contentUrl":"https:\/\/ocoerente.com.br\/se\/wp-content\/uploads\/2026\/01\/06896c6bfa9f97c.jpg","width":1100,"height":610,"caption":"Fotos: Arthur Soares"},{"@type":"BreadcrumbList","@id":"https:\/\/ocoerente.com.br\/se\/2026\/01\/24\/sergipe-lidera-geracao-de-empregos-na-construcao-civil-e-anuncia-mil-vagas-para-qualificacao-de-sergipanos-no-setor\/#breadcrumb","itemListElement":[{"@type":"ListItem","position":1,"name":"In\u00edcio","item":"https:\/\/ocoerente.com.br\/se\/"},{"@type":"ListItem","position":2,"name":"Sergipe lidera gera\u00e7\u00e3o de empregos na constru\u00e7\u00e3o civil e anuncia mil vagas para qualifica\u00e7\u00e3o de sergipanos no setor"}]},{"@type":"WebSite","@id":"https:\/\/ocoerente.com.br\/se\/#website","url":"https:\/\/ocoerente.com.br\/se\/","name":"O Coerente","description":"","publisher":{"@id":"https:\/\/ocoerente.com.br\/se\/#\/schema\/person\/cc6bfd9fbca465e23543b0c963d8d037"},"potentialAction":[{"@type":"SearchAction","target":{"@type":"EntryPoint","urlTemplate":"https:\/\/ocoerente.com.br\/se\/?s={search_term_string}"},"query-input":{"@type":"PropertyValueSpecification","valueRequired":true,"valueName":"search_term_string"}}],"inLanguage":"pt-BR"},{"@type":["Person","Organization"],"@id":"https:\/\/ocoerente.com.br\/se\/#\/schema\/person\/cc6bfd9fbca465e23543b0c963d8d037","name":"Reda\u00e7\u00e3o","image":{"@type":"ImageObject","inLanguage":"pt-BR","@id":"https:\/\/ocoerente.com.br\/se\/wp-content\/uploads\/2020\/01\/ocoerente-1.png","url":"https:\/\/ocoerente.com.br\/se\/wp-content\/uploads\/2020\/01\/ocoerente-1.png","contentUrl":"https:\/\/ocoerente.com.br\/se\/wp-content\/uploads\/2020\/01\/ocoerente-1.png","width":50,"height":50,"caption":"Reda\u00e7\u00e3o"},"logo":{"@id":"https:\/\/ocoerente.com.br\/se\/wp-content\/uploads\/2020\/01\/ocoerente-1.png"},"url":"https:\/\/ocoerente.com.br\/se\/author\/vasticlsales\/"}]}},"_links":{"self":[{"href":"https:\/\/ocoerente.com.br\/se\/wp-json\/wp\/v2\/posts\/18476","targetHints":{"allow":["GET"]}}],"collection":[{"href":"https:\/\/ocoerente.com.br\/se\/wp-json\/wp\/v2\/posts"}],"about":[{"href":"https:\/\/ocoerente.com.br\/se\/wp-json\/wp\/v2\/types\/post"}],"author":[{"embeddable":true,"href":"https:\/\/ocoerente.com.br\/se\/wp-json\/wp\/v2\/users\/1"}],"replies":[{"embeddable":true,"href":"https:\/\/ocoerente.com.br\/se\/wp-json\/wp\/v2\/comments?post=18476"}],"version-history":[{"count":1,"href":"https:\/\/ocoerente.com.br\/se\/wp-json\/wp\/v2\/posts\/18476\/revisions"}],"predecessor-version":[{"id":18478,"href":"https:\/\/ocoerente.com.br\/se\/wp-json\/wp\/v2\/posts\/18476\/revisions\/18478"}],"wp:featuredmedia":[{"embeddable":true,"href":"https:\/\/ocoerente.com.br\/se\/wp-json\/wp\/v2\/media\/18477"}],"wp:attachment":[{"href":"https:\/\/ocoerente.com.br\/se\/wp-json\/wp\/v2\/media?parent=18476"}],"wp:term":[{"taxonomy":"category","embeddable":true,"href":"https:\/\/ocoerente.com.br\/se\/wp-json\/wp\/v2\/categories?post=18476"},{"taxonomy":"post_tag","embeddable":true,"href":"https:\/\/ocoerente.com.br\/se\/wp-json\/wp\/v2\/tags?post=18476"}],"curies":[{"name":"wp","href":"https:\/\/api.w.org\/{rel}","templated":true}]}}