{"id":18473,"date":"2026-01-24T01:19:26","date_gmt":"2026-01-24T04:19:26","guid":{"rendered":"https:\/\/ocoerente.com.br\/se\/?p=18473"},"modified":"2026-01-24T01:19:28","modified_gmt":"2026-01-24T04:19:28","slug":"quando-a-dor-vira-compromisso-o-instituto-luciano-barreto-junior-completa-23-anos","status":"publish","type":"post","link":"https:\/\/ocoerente.com.br\/se\/2026\/01\/24\/quando-a-dor-vira-compromisso-o-instituto-luciano-barreto-junior-completa-23-anos\/","title":{"rendered":"Quando a dor vira compromisso: o Instituto Luciano Barreto J\u00fanior completa 23 anos"},"content":{"rendered":"\n<p>Algumas hist\u00f3rias institucionais n\u00e3o come\u00e7am quando s\u00e3o oficializadas. Come\u00e7am antes. No sil\u00eancio. Em 23 de janeiro de 2003, data em que o Instituto Luciano Barreto J\u00fanior (ILBJ) foi formalmente constitu\u00eddo, a decis\u00e3o mais importante j\u00e1 havia sido tomada h\u00e1 algum tempo. Transformar uma perda \u00edntima em a\u00e7\u00e3o p\u00fablica.<\/p>\n\n\n\n<p>O Instituto nasce da perda de um filho e da escolha consciente de Luciano Barreto e de sua esposa, Maria Celi Barreto, de n\u00e3o permitir que o luto se encerrasse em si. N\u00e3o como gesto simb\u00f3lico, mas como compromisso pr\u00e1tico.<\/p>\n\n\n\n<p>Desde o in\u00edcio, o ILBJ seguiu por um caminho pouco comum no campo social brasileiro. N\u00e3o apostou em a\u00e7\u00f5es pontuais nem em respostas imediatas. Optou pela educa\u00e7\u00e3o como instrumento de autonomia. O foco sempre foi claro: a infoinclus\u00e3o social de adolescentes e jovens sergipanos. Cursos, palestras, atividades socioeducativas, artes, forma\u00e7\u00e3o cidad\u00e3 e prepara\u00e7\u00e3o para o mundo do trabalho foram sendo incorporados ao longo do tempo, gradualmente, sem atalhos.<\/p>\n\n\n\n<p>Ap\u00f3s 23 anos, os n\u00fameros ajudam a dar dimens\u00e3o ao trabalho, ainda que n\u00e3o expliquem tudo. Registros institucionais indicam mais de 18 mil jovens impactados pelas a\u00e7\u00f5es do Instituto, em diferentes formatos. Em outro recorte, cerca de seis mil alunos conclu\u00edram forma\u00e7\u00f5es estruturadas, voltadas \u00e0 inser\u00e7\u00e3o no mercado de trabalho. S\u00e3o n\u00fameros que apontam alcance, mas o efeito real aparece nas trajet\u00f3rias individuais.<\/p>\n\n\n\n<p>O Instituto Luciano Barreto J\u00fanior \u00e9 uma entidade sem fins lucrativos. Todos os recursos necess\u00e1rios \u00e0 manuten\u00e7\u00e3o e \u00e0 execu\u00e7\u00e3o de suas atividades s\u00e3o garantidos integralmente pela Construtora Celi, que sustenta diretamente o bra\u00e7o social do grupo. Essa rela\u00e7\u00e3o garante continuidade, algo raro no setor, e preserva coer\u00eancia entre discurso e pr\u00e1tica.<\/p>\n\n\n\n<p>Sob a presid\u00eancia de Maria Celi Barreto, o Instituto manteve uma caracter\u00edstica central. O cuidado com o indiv\u00edduo n\u00e3o se dissocia da dimens\u00e3o coletiva. N\u00e3o se trata apenas de ensinar uma habilidade t\u00e9cnica ou preparar para uma vaga espec\u00edfica. Trata-se de ampliar repert\u00f3rios, de cidadania, de conviv\u00eancia e de responsabilidade. O trabalho vem depois. Como consequ\u00eancia.<\/p>\n\n\n\n<p>Celebrar 23 anos, neste caso, n\u00e3o \u00e9 autopromo\u00e7\u00e3o. \u00c9 mem\u00f3ria. E \u00e9 reafirma\u00e7\u00e3o. O Instituto existe porque uma fam\u00edlia decidiu que a aus\u00eancia n\u00e3o seria est\u00e9ril. E permanece relevante porque, em um pa\u00eds acostumado a solu\u00e7\u00f5es improvisadas, escolheu permanecer. Ano ap\u00f3s ano.<\/p>\n\n\n\n<p>O tempo, aqui, n\u00e3o funciona apenas como marco cronol\u00f3gico. Funciona como prova. A de que a dor, atravessada pelo compromisso, pode se transformar em legado.<\/p>\n","protected":false},"excerpt":{"rendered":"<p>Algumas hist\u00f3rias institucionais n\u00e3o come\u00e7am quando s\u00e3o oficializadas. Come\u00e7am antes. No sil\u00eancio. Em 23 de janeiro de 2003, data em que o Instituto Luciano Barreto J\u00fanior (ILBJ) foi formalmente constitu\u00eddo, a decis\u00e3o mais importante j\u00e1 havia sido tomada h\u00e1 algum tempo. Transformar uma perda \u00edntima em a\u00e7\u00e3o p\u00fablica. O Instituto nasce da perda de um [&hellip;]<\/p>\n","protected":false},"author":1,"featured_media":18474,"comment_status":"closed","ping_status":"closed","sticky":false,"template":"","format":"standard","meta":{"footnotes":""},"categories":[53,43],"tags":[],"class_list":["post-18473","post","type-post","status-publish","format-standard","has-post-thumbnail","hentry","category-destaques","category-sergipe"],"yoast_head":"<!-- This site is optimized with the Yoast SEO plugin v27.4 - https:\/\/yoast.com\/product\/yoast-seo-wordpress\/ -->\n<title>Quando a dor vira compromisso: o Instituto Luciano Barreto J\u00fanior completa 23 anos - O Coerente<\/title>\n<meta name=\"robots\" content=\"index, follow, max-snippet:-1, max-image-preview:large, max-video-preview:-1\" \/>\n<link rel=\"canonical\" href=\"https:\/\/ocoerente.com.br\/se\/2026\/01\/24\/quando-a-dor-vira-compromisso-o-instituto-luciano-barreto-junior-completa-23-anos\/\" \/>\n<meta property=\"og:locale\" content=\"pt_BR\" \/>\n<meta property=\"og:type\" content=\"article\" \/>\n<meta property=\"og:title\" content=\"Quando a dor vira compromisso: o Instituto Luciano Barreto J\u00fanior completa 23 anos - O Coerente\" \/>\n<meta property=\"og:description\" content=\"Algumas hist\u00f3rias institucionais n\u00e3o come\u00e7am quando s\u00e3o oficializadas. Come\u00e7am antes. No sil\u00eancio. Em 23 de janeiro de 2003, data em que o Instituto Luciano Barreto J\u00fanior (ILBJ) foi formalmente constitu\u00eddo, a decis\u00e3o mais importante j\u00e1 havia sido tomada h\u00e1 algum tempo. Transformar uma perda \u00edntima em a\u00e7\u00e3o p\u00fablica. O Instituto nasce da perda de um [&hellip;]\" \/>\n<meta property=\"og:url\" content=\"https:\/\/ocoerente.com.br\/se\/2026\/01\/24\/quando-a-dor-vira-compromisso-o-instituto-luciano-barreto-junior-completa-23-anos\/\" \/>\n<meta property=\"og:site_name\" content=\"O Coerente\" \/>\n<meta property=\"article:published_time\" content=\"2026-01-24T04:19:26+00:00\" \/>\n<meta property=\"article:modified_time\" content=\"2026-01-24T04:19:28+00:00\" \/>\n<meta property=\"og:image\" content=\"https:\/\/ocoerente.com.br\/se\/wp-content\/uploads\/2026\/01\/at1216288888.jpeg\" \/>\n\t<meta property=\"og:image:width\" content=\"1280\" \/>\n\t<meta property=\"og:image:height\" content=\"720\" \/>\n\t<meta property=\"og:image:type\" content=\"image\/jpeg\" \/>\n<meta name=\"author\" content=\"Reda\u00e7\u00e3o\" \/>\n<meta name=\"twitter:card\" content=\"summary_large_image\" \/>\n<meta name=\"twitter:label1\" content=\"Escrito por\" \/>\n\t<meta name=\"twitter:data1\" content=\"Reda\u00e7\u00e3o\" \/>\n\t<meta name=\"twitter:label2\" content=\"Est. tempo de leitura\" \/>\n\t<meta name=\"twitter:data2\" content=\"3 minutos\" \/>\n<script type=\"application\/ld+json\" class=\"yoast-schema-graph\">{\"@context\":\"https:\\\/\\\/schema.org\",\"@graph\":[{\"@type\":\"Article\",\"@id\":\"https:\\\/\\\/ocoerente.com.br\\\/se\\\/2026\\\/01\\\/24\\\/quando-a-dor-vira-compromisso-o-instituto-luciano-barreto-junior-completa-23-anos\\\/#article\",\"isPartOf\":{\"@id\":\"https:\\\/\\\/ocoerente.com.br\\\/se\\\/2026\\\/01\\\/24\\\/quando-a-dor-vira-compromisso-o-instituto-luciano-barreto-junior-completa-23-anos\\\/\"},\"author\":{\"name\":\"Reda\u00e7\u00e3o\",\"@id\":\"https:\\\/\\\/ocoerente.com.br\\\/se\\\/#\\\/schema\\\/person\\\/cc6bfd9fbca465e23543b0c963d8d037\"},\"headline\":\"Quando a dor vira compromisso: o Instituto Luciano Barreto J\u00fanior completa 23 anos\",\"datePublished\":\"2026-01-24T04:19:26+00:00\",\"dateModified\":\"2026-01-24T04:19:28+00:00\",\"mainEntityOfPage\":{\"@id\":\"https:\\\/\\\/ocoerente.com.br\\\/se\\\/2026\\\/01\\\/24\\\/quando-a-dor-vira-compromisso-o-instituto-luciano-barreto-junior-completa-23-anos\\\/\"},\"wordCount\":461,\"publisher\":{\"@id\":\"https:\\\/\\\/ocoerente.com.br\\\/se\\\/#\\\/schema\\\/person\\\/cc6bfd9fbca465e23543b0c963d8d037\"},\"image\":{\"@id\":\"https:\\\/\\\/ocoerente.com.br\\\/se\\\/2026\\\/01\\\/24\\\/quando-a-dor-vira-compromisso-o-instituto-luciano-barreto-junior-completa-23-anos\\\/#primaryimage\"},\"thumbnailUrl\":\"https:\\\/\\\/ocoerente.com.br\\\/se\\\/wp-content\\\/uploads\\\/2026\\\/01\\\/at1216288888.jpeg\",\"articleSection\":[\"Destaques\",\"Sergipe\"],\"inLanguage\":\"pt-BR\"},{\"@type\":\"WebPage\",\"@id\":\"https:\\\/\\\/ocoerente.com.br\\\/se\\\/2026\\\/01\\\/24\\\/quando-a-dor-vira-compromisso-o-instituto-luciano-barreto-junior-completa-23-anos\\\/\",\"url\":\"https:\\\/\\\/ocoerente.com.br\\\/se\\\/2026\\\/01\\\/24\\\/quando-a-dor-vira-compromisso-o-instituto-luciano-barreto-junior-completa-23-anos\\\/\",\"name\":\"Quando a dor vira compromisso: o Instituto Luciano Barreto J\u00fanior completa 23 anos - O Coerente\",\"isPartOf\":{\"@id\":\"https:\\\/\\\/ocoerente.com.br\\\/se\\\/#website\"},\"primaryImageOfPage\":{\"@id\":\"https:\\\/\\\/ocoerente.com.br\\\/se\\\/2026\\\/01\\\/24\\\/quando-a-dor-vira-compromisso-o-instituto-luciano-barreto-junior-completa-23-anos\\\/#primaryimage\"},\"image\":{\"@id\":\"https:\\\/\\\/ocoerente.com.br\\\/se\\\/2026\\\/01\\\/24\\\/quando-a-dor-vira-compromisso-o-instituto-luciano-barreto-junior-completa-23-anos\\\/#primaryimage\"},\"thumbnailUrl\":\"https:\\\/\\\/ocoerente.com.br\\\/se\\\/wp-content\\\/uploads\\\/2026\\\/01\\\/at1216288888.jpeg\",\"datePublished\":\"2026-01-24T04:19:26+00:00\",\"dateModified\":\"2026-01-24T04:19:28+00:00\",\"breadcrumb\":{\"@id\":\"https:\\\/\\\/ocoerente.com.br\\\/se\\\/2026\\\/01\\\/24\\\/quando-a-dor-vira-compromisso-o-instituto-luciano-barreto-junior-completa-23-anos\\\/#breadcrumb\"},\"inLanguage\":\"pt-BR\",\"potentialAction\":[{\"@type\":\"ReadAction\",\"target\":[\"https:\\\/\\\/ocoerente.com.br\\\/se\\\/2026\\\/01\\\/24\\\/quando-a-dor-vira-compromisso-o-instituto-luciano-barreto-junior-completa-23-anos\\\/\"]}]},{\"@type\":\"ImageObject\",\"inLanguage\":\"pt-BR\",\"@id\":\"https:\\\/\\\/ocoerente.com.br\\\/se\\\/2026\\\/01\\\/24\\\/quando-a-dor-vira-compromisso-o-instituto-luciano-barreto-junior-completa-23-anos\\\/#primaryimage\",\"url\":\"https:\\\/\\\/ocoerente.com.br\\\/se\\\/wp-content\\\/uploads\\\/2026\\\/01\\\/at1216288888.jpeg\",\"contentUrl\":\"https:\\\/\\\/ocoerente.com.br\\\/se\\\/wp-content\\\/uploads\\\/2026\\\/01\\\/at1216288888.jpeg\",\"width\":1280,\"height\":720},{\"@type\":\"BreadcrumbList\",\"@id\":\"https:\\\/\\\/ocoerente.com.br\\\/se\\\/2026\\\/01\\\/24\\\/quando-a-dor-vira-compromisso-o-instituto-luciano-barreto-junior-completa-23-anos\\\/#breadcrumb\",\"itemListElement\":[{\"@type\":\"ListItem\",\"position\":1,\"name\":\"In\u00edcio\",\"item\":\"https:\\\/\\\/ocoerente.com.br\\\/se\\\/\"},{\"@type\":\"ListItem\",\"position\":2,\"name\":\"Quando a dor vira compromisso: o Instituto Luciano Barreto J\u00fanior completa 23 anos\"}]},{\"@type\":\"WebSite\",\"@id\":\"https:\\\/\\\/ocoerente.com.br\\\/se\\\/#website\",\"url\":\"https:\\\/\\\/ocoerente.com.br\\\/se\\\/\",\"name\":\"O Coerente\",\"description\":\"\",\"publisher\":{\"@id\":\"https:\\\/\\\/ocoerente.com.br\\\/se\\\/#\\\/schema\\\/person\\\/cc6bfd9fbca465e23543b0c963d8d037\"},\"potentialAction\":[{\"@type\":\"SearchAction\",\"target\":{\"@type\":\"EntryPoint\",\"urlTemplate\":\"https:\\\/\\\/ocoerente.com.br\\\/se\\\/?s={search_term_string}\"},\"query-input\":{\"@type\":\"PropertyValueSpecification\",\"valueRequired\":true,\"valueName\":\"search_term_string\"}}],\"inLanguage\":\"pt-BR\"},{\"@type\":[\"Person\",\"Organization\"],\"@id\":\"https:\\\/\\\/ocoerente.com.br\\\/se\\\/#\\\/schema\\\/person\\\/cc6bfd9fbca465e23543b0c963d8d037\",\"name\":\"Reda\u00e7\u00e3o\",\"image\":{\"@type\":\"ImageObject\",\"inLanguage\":\"pt-BR\",\"@id\":\"https:\\\/\\\/ocoerente.com.br\\\/se\\\/wp-content\\\/uploads\\\/2020\\\/01\\\/ocoerente-1.png\",\"url\":\"https:\\\/\\\/ocoerente.com.br\\\/se\\\/wp-content\\\/uploads\\\/2020\\\/01\\\/ocoerente-1.png\",\"contentUrl\":\"https:\\\/\\\/ocoerente.com.br\\\/se\\\/wp-content\\\/uploads\\\/2020\\\/01\\\/ocoerente-1.png\",\"width\":50,\"height\":50,\"caption\":\"Reda\u00e7\u00e3o\"},\"logo\":{\"@id\":\"https:\\\/\\\/ocoerente.com.br\\\/se\\\/wp-content\\\/uploads\\\/2020\\\/01\\\/ocoerente-1.png\"},\"url\":\"https:\\\/\\\/ocoerente.com.br\\\/se\\\/author\\\/vasticlsales\\\/\"}]}<\/script>\n<!-- \/ Yoast SEO plugin. -->","yoast_head_json":{"title":"Quando a dor vira compromisso: o Instituto Luciano Barreto J\u00fanior completa 23 anos - O Coerente","robots":{"index":"index","follow":"follow","max-snippet":"max-snippet:-1","max-image-preview":"max-image-preview:large","max-video-preview":"max-video-preview:-1"},"canonical":"https:\/\/ocoerente.com.br\/se\/2026\/01\/24\/quando-a-dor-vira-compromisso-o-instituto-luciano-barreto-junior-completa-23-anos\/","og_locale":"pt_BR","og_type":"article","og_title":"Quando a dor vira compromisso: o Instituto Luciano Barreto J\u00fanior completa 23 anos - O Coerente","og_description":"Algumas hist\u00f3rias institucionais n\u00e3o come\u00e7am quando s\u00e3o oficializadas. Come\u00e7am antes. No sil\u00eancio. Em 23 de janeiro de 2003, data em que o Instituto Luciano Barreto J\u00fanior (ILBJ) foi formalmente constitu\u00eddo, a decis\u00e3o mais importante j\u00e1 havia sido tomada h\u00e1 algum tempo. Transformar uma perda \u00edntima em a\u00e7\u00e3o p\u00fablica. O Instituto nasce da perda de um [&hellip;]","og_url":"https:\/\/ocoerente.com.br\/se\/2026\/01\/24\/quando-a-dor-vira-compromisso-o-instituto-luciano-barreto-junior-completa-23-anos\/","og_site_name":"O Coerente","article_published_time":"2026-01-24T04:19:26+00:00","article_modified_time":"2026-01-24T04:19:28+00:00","og_image":[{"width":1280,"height":720,"url":"https:\/\/ocoerente.com.br\/se\/wp-content\/uploads\/2026\/01\/at1216288888.jpeg","type":"image\/jpeg"}],"author":"Reda\u00e7\u00e3o","twitter_card":"summary_large_image","twitter_misc":{"Escrito por":"Reda\u00e7\u00e3o","Est. tempo de leitura":"3 minutos"},"schema":{"@context":"https:\/\/schema.org","@graph":[{"@type":"Article","@id":"https:\/\/ocoerente.com.br\/se\/2026\/01\/24\/quando-a-dor-vira-compromisso-o-instituto-luciano-barreto-junior-completa-23-anos\/#article","isPartOf":{"@id":"https:\/\/ocoerente.com.br\/se\/2026\/01\/24\/quando-a-dor-vira-compromisso-o-instituto-luciano-barreto-junior-completa-23-anos\/"},"author":{"name":"Reda\u00e7\u00e3o","@id":"https:\/\/ocoerente.com.br\/se\/#\/schema\/person\/cc6bfd9fbca465e23543b0c963d8d037"},"headline":"Quando a dor vira compromisso: o Instituto Luciano Barreto J\u00fanior completa 23 anos","datePublished":"2026-01-24T04:19:26+00:00","dateModified":"2026-01-24T04:19:28+00:00","mainEntityOfPage":{"@id":"https:\/\/ocoerente.com.br\/se\/2026\/01\/24\/quando-a-dor-vira-compromisso-o-instituto-luciano-barreto-junior-completa-23-anos\/"},"wordCount":461,"publisher":{"@id":"https:\/\/ocoerente.com.br\/se\/#\/schema\/person\/cc6bfd9fbca465e23543b0c963d8d037"},"image":{"@id":"https:\/\/ocoerente.com.br\/se\/2026\/01\/24\/quando-a-dor-vira-compromisso-o-instituto-luciano-barreto-junior-completa-23-anos\/#primaryimage"},"thumbnailUrl":"https:\/\/ocoerente.com.br\/se\/wp-content\/uploads\/2026\/01\/at1216288888.jpeg","articleSection":["Destaques","Sergipe"],"inLanguage":"pt-BR"},{"@type":"WebPage","@id":"https:\/\/ocoerente.com.br\/se\/2026\/01\/24\/quando-a-dor-vira-compromisso-o-instituto-luciano-barreto-junior-completa-23-anos\/","url":"https:\/\/ocoerente.com.br\/se\/2026\/01\/24\/quando-a-dor-vira-compromisso-o-instituto-luciano-barreto-junior-completa-23-anos\/","name":"Quando a dor vira compromisso: o Instituto Luciano Barreto J\u00fanior completa 23 anos - O Coerente","isPartOf":{"@id":"https:\/\/ocoerente.com.br\/se\/#website"},"primaryImageOfPage":{"@id":"https:\/\/ocoerente.com.br\/se\/2026\/01\/24\/quando-a-dor-vira-compromisso-o-instituto-luciano-barreto-junior-completa-23-anos\/#primaryimage"},"image":{"@id":"https:\/\/ocoerente.com.br\/se\/2026\/01\/24\/quando-a-dor-vira-compromisso-o-instituto-luciano-barreto-junior-completa-23-anos\/#primaryimage"},"thumbnailUrl":"https:\/\/ocoerente.com.br\/se\/wp-content\/uploads\/2026\/01\/at1216288888.jpeg","datePublished":"2026-01-24T04:19:26+00:00","dateModified":"2026-01-24T04:19:28+00:00","breadcrumb":{"@id":"https:\/\/ocoerente.com.br\/se\/2026\/01\/24\/quando-a-dor-vira-compromisso-o-instituto-luciano-barreto-junior-completa-23-anos\/#breadcrumb"},"inLanguage":"pt-BR","potentialAction":[{"@type":"ReadAction","target":["https:\/\/ocoerente.com.br\/se\/2026\/01\/24\/quando-a-dor-vira-compromisso-o-instituto-luciano-barreto-junior-completa-23-anos\/"]}]},{"@type":"ImageObject","inLanguage":"pt-BR","@id":"https:\/\/ocoerente.com.br\/se\/2026\/01\/24\/quando-a-dor-vira-compromisso-o-instituto-luciano-barreto-junior-completa-23-anos\/#primaryimage","url":"https:\/\/ocoerente.com.br\/se\/wp-content\/uploads\/2026\/01\/at1216288888.jpeg","contentUrl":"https:\/\/ocoerente.com.br\/se\/wp-content\/uploads\/2026\/01\/at1216288888.jpeg","width":1280,"height":720},{"@type":"BreadcrumbList","@id":"https:\/\/ocoerente.com.br\/se\/2026\/01\/24\/quando-a-dor-vira-compromisso-o-instituto-luciano-barreto-junior-completa-23-anos\/#breadcrumb","itemListElement":[{"@type":"ListItem","position":1,"name":"In\u00edcio","item":"https:\/\/ocoerente.com.br\/se\/"},{"@type":"ListItem","position":2,"name":"Quando a dor vira compromisso: o Instituto Luciano Barreto J\u00fanior completa 23 anos"}]},{"@type":"WebSite","@id":"https:\/\/ocoerente.com.br\/se\/#website","url":"https:\/\/ocoerente.com.br\/se\/","name":"O Coerente","description":"","publisher":{"@id":"https:\/\/ocoerente.com.br\/se\/#\/schema\/person\/cc6bfd9fbca465e23543b0c963d8d037"},"potentialAction":[{"@type":"SearchAction","target":{"@type":"EntryPoint","urlTemplate":"https:\/\/ocoerente.com.br\/se\/?s={search_term_string}"},"query-input":{"@type":"PropertyValueSpecification","valueRequired":true,"valueName":"search_term_string"}}],"inLanguage":"pt-BR"},{"@type":["Person","Organization"],"@id":"https:\/\/ocoerente.com.br\/se\/#\/schema\/person\/cc6bfd9fbca465e23543b0c963d8d037","name":"Reda\u00e7\u00e3o","image":{"@type":"ImageObject","inLanguage":"pt-BR","@id":"https:\/\/ocoerente.com.br\/se\/wp-content\/uploads\/2020\/01\/ocoerente-1.png","url":"https:\/\/ocoerente.com.br\/se\/wp-content\/uploads\/2020\/01\/ocoerente-1.png","contentUrl":"https:\/\/ocoerente.com.br\/se\/wp-content\/uploads\/2020\/01\/ocoerente-1.png","width":50,"height":50,"caption":"Reda\u00e7\u00e3o"},"logo":{"@id":"https:\/\/ocoerente.com.br\/se\/wp-content\/uploads\/2020\/01\/ocoerente-1.png"},"url":"https:\/\/ocoerente.com.br\/se\/author\/vasticlsales\/"}]}},"_links":{"self":[{"href":"https:\/\/ocoerente.com.br\/se\/wp-json\/wp\/v2\/posts\/18473","targetHints":{"allow":["GET"]}}],"collection":[{"href":"https:\/\/ocoerente.com.br\/se\/wp-json\/wp\/v2\/posts"}],"about":[{"href":"https:\/\/ocoerente.com.br\/se\/wp-json\/wp\/v2\/types\/post"}],"author":[{"embeddable":true,"href":"https:\/\/ocoerente.com.br\/se\/wp-json\/wp\/v2\/users\/1"}],"replies":[{"embeddable":true,"href":"https:\/\/ocoerente.com.br\/se\/wp-json\/wp\/v2\/comments?post=18473"}],"version-history":[{"count":1,"href":"https:\/\/ocoerente.com.br\/se\/wp-json\/wp\/v2\/posts\/18473\/revisions"}],"predecessor-version":[{"id":18475,"href":"https:\/\/ocoerente.com.br\/se\/wp-json\/wp\/v2\/posts\/18473\/revisions\/18475"}],"wp:featuredmedia":[{"embeddable":true,"href":"https:\/\/ocoerente.com.br\/se\/wp-json\/wp\/v2\/media\/18474"}],"wp:attachment":[{"href":"https:\/\/ocoerente.com.br\/se\/wp-json\/wp\/v2\/media?parent=18473"}],"wp:term":[{"taxonomy":"category","embeddable":true,"href":"https:\/\/ocoerente.com.br\/se\/wp-json\/wp\/v2\/categories?post=18473"},{"taxonomy":"post_tag","embeddable":true,"href":"https:\/\/ocoerente.com.br\/se\/wp-json\/wp\/v2\/tags?post=18473"}],"curies":[{"name":"wp","href":"https:\/\/api.w.org\/{rel}","templated":true}]}}