{"id":18470,"date":"2026-01-24T01:15:27","date_gmt":"2026-01-24T04:15:27","guid":{"rendered":"https:\/\/ocoerente.com.br\/se\/?p=18470"},"modified":"2026-01-24T01:15:29","modified_gmt":"2026-01-24T04:15:29","slug":"seasic-lanca-edital-para-eleicao-de-representantes-da-sociedade-civil-no-conselho-estadual-de-direitos-humanos","status":"publish","type":"post","link":"https:\/\/ocoerente.com.br\/se\/2026\/01\/24\/seasic-lanca-edital-para-eleicao-de-representantes-da-sociedade-civil-no-conselho-estadual-de-direitos-humanos\/","title":{"rendered":"Seasic lan\u00e7a edital para elei\u00e7\u00e3o de representantes da sociedade civil no Conselho Estadual de Direitos Humanos"},"content":{"rendered":"\n<p><em>Processo eleitoral definir\u00e1 a composi\u00e7\u00e3o do Conselho Estadual de Direitos Humanos para o bi\u00eanio 2026\u20132028 e fortalece a participa\u00e7\u00e3o social na pol\u00edtica de direitos humanos em Sergipe<\/em><\/p>\n\n\n\n<p>A Secretaria de Estado da Assist\u00eancia Social, Inclus\u00e3o e Cidadania (Seasic) publicou o&nbsp;<a href=\"https:\/\/assistenciasocial.se.gov.br\/wp-content\/uploads\/2026\/01\/EDITAL-DE-ELEICAO-N.-01.2026-CONSELHO-ESTADUAL-DE-DIREITOS-HUMANOS-CEDH.pdf\">Edital de Elei\u00e7\u00e3o n\u00ba 01\/2026<\/a>, que regulamenta o processo eleitoral para a escolha dos representantes das Organiza\u00e7\u00f5es da Sociedade Civil (OSCs) que ir\u00e3o compor o Conselho Estadual de Direitos Humanos (CEDH) no bi\u00eanio 2026\u20132028. A iniciativa refor\u00e7a o compromisso do Governo de Sergipe com a participa\u00e7\u00e3o social e com o fortalecimento das pol\u00edticas p\u00fablicas de promo\u00e7\u00e3o, defesa e garantia dos direitos humanos no estado.<\/p>\n\n\n\n<p>A secret\u00e1ria de Estado da Assist\u00eancia Social, Inclus\u00e3o e Cidadania, \u00c9rica Mitidieri, ressalta que o edital amplia a participa\u00e7\u00e3o social e fortalece o papel das organiza\u00e7\u00f5es da sociedade civil na constru\u00e7\u00e3o das pol\u00edticas p\u00fablicas de direitos humanos em Sergipe. \u201cAcredito muito na for\u00e7a da sociedade civil. S\u00e3o essas organiza\u00e7\u00f5es que est\u00e3o no dia a dia dos territ\u00f3rios, ouvindo as pessoas, enfrentando desafios e defendendo direitos. Esse edital \u00e9 para isso: abrir espa\u00e7o, fortalecer a participa\u00e7\u00e3o e construir, com quem vive a realidade, pol\u00edticas p\u00fablicas mais humanas, mais justas e que realmente fa\u00e7am diferen\u00e7a na vida do povo sergipano\u201d, destaca.&nbsp;<\/p>\n\n\n\n<p>O processo eleitoral visa o preenchimento de 12 vagas no colegiado, sendo uma destinada \u00e0 representa\u00e7\u00e3o da classe trabalhadora, uma \u00e0 classe empregadora e dez a entidades com atua\u00e7\u00e3o reconhecida na \u00e1rea de direitos humanos. O CEDH \u00e9 um \u00f3rg\u00e3o colegiado que atua no acompanhamento, na proposi\u00e7\u00e3o e no monitoramento das pol\u00edticas p\u00fablicas de direitos humanos em Sergipe.<\/p>\n\n\n\n<p>As inscri\u00e7\u00f5es estar\u00e3o abertas a partir desta sexta-feira, 23, seguem at\u00e9 as 13h do dia 30 de janeiro de 2026, e poder\u00e3o ser realizadas presencialmente no Protocolo da Seasic, localizado no t\u00e9rreo da secretaria, na avenida Hermes Fontes, n\u00ba 2120, bairro Luzia, em Aracaju, ou de forma eletr\u00f4nica, por meio do e-mail didh@seasic.se.gov.br.<\/p>\n\n\n\n<p>Poder\u00e3o participar do processo eleitoral Organiza\u00e7\u00f5es da Sociedade Civil sediadas no estado de Sergipe, legalmente constitu\u00eddas e em funcionamento h\u00e1, pelo menos, um ano, com atua\u00e7\u00e3o comprovada na promo\u00e7\u00e3o, defesa e garantia dos direitos humanos. Tamb\u00e9m poder\u00e3o se inscrever entidades que, mesmo n\u00e3o trazendo a denomina\u00e7\u00e3o \u201cDireitos Humanos\u201d em seus estatutos, comprovem atua\u00e7\u00e3o junto a grupos vulner\u00e1veis ou minorias.<\/p>\n\n\n\n<p>Para o ato da inscri\u00e7\u00e3o, as OSCs dever\u00e3o apresentar of\u00edcio assinado pelo representante legal indicando um representante titular e um suplente; of\u00edcio declarando a exist\u00eancia de sede no munic\u00edpio onde desenvolvem suas a\u00e7\u00f5es ou em qualquer munic\u00edpio de atua\u00e7\u00e3o; ata ou registro de funda\u00e7\u00e3o; ata de elei\u00e7\u00e3o e posse da atual diretoria; estatuto social e\/ou regimento interno; documento oficial de identifica\u00e7\u00e3o e CPF do representante indicado; relat\u00f3rio das atividades desenvolvidas no \u00faltimo ano, acompanhado de documenta\u00e7\u00e3o comprobat\u00f3ria; comprovante de inscri\u00e7\u00e3o no CNPJ; formul\u00e1rio de inscri\u00e7\u00e3o devidamente preenchido; al\u00e9m de certid\u00e3o, declara\u00e7\u00e3o ou atestado de funcionamento expedido por \u00f3rg\u00e3o p\u00fablico competente.<\/p>\n\n\n\n<p>Ap\u00f3s o encerramento das inscri\u00e7\u00f5es, a Comiss\u00e3o Eleitoral analisar\u00e1 a documenta\u00e7\u00e3o apresentada e divulgar\u00e1, no Di\u00e1rio Oficial do Estado, a rela\u00e7\u00e3o preliminar das entidades habilitadas e inabilitadas, sendo assegurado prazo para apresenta\u00e7\u00e3o de pedidos de reconsidera\u00e7\u00e3o.<\/p>\n\n\n\n<p>A elei\u00e7\u00e3o ser\u00e1 realizada no dia 19 de fevereiro de 2026, das 9h \u00e0s 12h, no audit\u00f3rio da Seasic, com participa\u00e7\u00e3o exclusiva das OSCs devidamente habilitadas. O resultado final ser\u00e1 publicado no Di\u00e1rio Oficial do Estado at\u00e9 o dia 23 de fevereiro de 2026, e a posse dos conselheiros eleitos est\u00e1 prevista para o dia 2 de mar\u00e7o de 2026.<\/p>\n\n\n\n<p>O Edital de Elei\u00e7\u00e3o n\u00ba 01\/2026, com todas as informa\u00e7\u00f5es sobre crit\u00e9rios, etapas, prazos e documenta\u00e7\u00e3o exigida, est\u00e1&nbsp;<a href=\"https:\/\/assistenciasocial.se.gov.br\/wp-content\/uploads\/2026\/01\/EDITAL-DE-ELEICAO-N.-01.2026-CONSELHO-ESTADUAL-DE-DIREITOS-HUMANOS-CEDH.pdf\">dispon\u00edvel para consulta na \u00edntegra<\/a>. Com a publica\u00e7\u00e3o do edital, a Seasic reafirma seu compromisso com a democracia participativa e com o fortalecimento do Conselho Estadual de Direitos Humanos como espa\u00e7o leg\u00edtimo de di\u00e1logo entre o poder p\u00fablico e a sociedade civil organizada.<\/p>\n\n\n\n<p>GOV\/SE<\/p>\n","protected":false},"excerpt":{"rendered":"<p>Processo eleitoral definir\u00e1 a composi\u00e7\u00e3o do Conselho Estadual de Direitos Humanos para o bi\u00eanio 2026\u20132028 e fortalece a participa\u00e7\u00e3o social na pol\u00edtica de direitos humanos em Sergipe A Secretaria de Estado da Assist\u00eancia Social, Inclus\u00e3o e Cidadania (Seasic) publicou o&nbsp;Edital de Elei\u00e7\u00e3o n\u00ba 01\/2026, que regulamenta o processo eleitoral para a escolha dos representantes das [&hellip;]<\/p>\n","protected":false},"author":1,"featured_media":18471,"comment_status":"closed","ping_status":"closed","sticky":false,"template":"","format":"standard","meta":{"footnotes":""},"categories":[53,43],"tags":[],"class_list":["post-18470","post","type-post","status-publish","format-standard","has-post-thumbnail","hentry","category-destaques","category-sergipe"],"yoast_head":"<!-- This site is optimized with the Yoast SEO plugin v27.4 - https:\/\/yoast.com\/product\/yoast-seo-wordpress\/ -->\n<title>Seasic lan\u00e7a edital para elei\u00e7\u00e3o de representantes da sociedade civil no Conselho Estadual de Direitos Humanos - O Coerente<\/title>\n<meta name=\"robots\" content=\"index, follow, max-snippet:-1, max-image-preview:large, max-video-preview:-1\" \/>\n<link rel=\"canonical\" href=\"https:\/\/ocoerente.com.br\/se\/2026\/01\/24\/seasic-lanca-edital-para-eleicao-de-representantes-da-sociedade-civil-no-conselho-estadual-de-direitos-humanos\/\" \/>\n<meta property=\"og:locale\" content=\"pt_BR\" \/>\n<meta property=\"og:type\" content=\"article\" \/>\n<meta property=\"og:title\" content=\"Seasic lan\u00e7a edital para elei\u00e7\u00e3o de representantes da sociedade civil no Conselho Estadual de Direitos Humanos - O Coerente\" \/>\n<meta property=\"og:description\" content=\"Processo eleitoral definir\u00e1 a composi\u00e7\u00e3o do Conselho Estadual de Direitos Humanos para o bi\u00eanio 2026\u20132028 e fortalece a participa\u00e7\u00e3o social na pol\u00edtica de direitos humanos em Sergipe A Secretaria de Estado da Assist\u00eancia Social, Inclus\u00e3o e Cidadania (Seasic) publicou o&nbsp;Edital de Elei\u00e7\u00e3o n\u00ba 01\/2026, que regulamenta o processo eleitoral para a escolha dos representantes das [&hellip;]\" \/>\n<meta property=\"og:url\" content=\"https:\/\/ocoerente.com.br\/se\/2026\/01\/24\/seasic-lanca-edital-para-eleicao-de-representantes-da-sociedade-civil-no-conselho-estadual-de-direitos-humanos\/\" \/>\n<meta property=\"og:site_name\" content=\"O Coerente\" \/>\n<meta property=\"article:published_time\" content=\"2026-01-24T04:15:27+00:00\" \/>\n<meta property=\"article:modified_time\" content=\"2026-01-24T04:15:29+00:00\" \/>\n<meta property=\"og:image\" content=\"https:\/\/ocoerente.com.br\/se\/wp-content\/uploads\/2026\/01\/562059cde791.jpeg\" \/>\n\t<meta property=\"og:image:width\" content=\"1100\" \/>\n\t<meta property=\"og:image:height\" content=\"610\" \/>\n\t<meta property=\"og:image:type\" content=\"image\/jpeg\" \/>\n<meta name=\"author\" content=\"Reda\u00e7\u00e3o\" \/>\n<meta name=\"twitter:card\" content=\"summary_large_image\" \/>\n<meta name=\"twitter:label1\" content=\"Escrito por\" \/>\n\t<meta name=\"twitter:data1\" content=\"Reda\u00e7\u00e3o\" \/>\n\t<meta name=\"twitter:label2\" content=\"Est. tempo de leitura\" \/>\n\t<meta name=\"twitter:data2\" content=\"4 minutos\" \/>\n<script type=\"application\/ld+json\" class=\"yoast-schema-graph\">{\"@context\":\"https:\\\/\\\/schema.org\",\"@graph\":[{\"@type\":\"Article\",\"@id\":\"https:\\\/\\\/ocoerente.com.br\\\/se\\\/2026\\\/01\\\/24\\\/seasic-lanca-edital-para-eleicao-de-representantes-da-sociedade-civil-no-conselho-estadual-de-direitos-humanos\\\/#article\",\"isPartOf\":{\"@id\":\"https:\\\/\\\/ocoerente.com.br\\\/se\\\/2026\\\/01\\\/24\\\/seasic-lanca-edital-para-eleicao-de-representantes-da-sociedade-civil-no-conselho-estadual-de-direitos-humanos\\\/\"},\"author\":{\"name\":\"Reda\u00e7\u00e3o\",\"@id\":\"https:\\\/\\\/ocoerente.com.br\\\/se\\\/#\\\/schema\\\/person\\\/cc6bfd9fbca465e23543b0c963d8d037\"},\"headline\":\"Seasic lan\u00e7a edital para elei\u00e7\u00e3o de representantes da sociedade civil no Conselho Estadual de Direitos Humanos\",\"datePublished\":\"2026-01-24T04:15:27+00:00\",\"dateModified\":\"2026-01-24T04:15:29+00:00\",\"mainEntityOfPage\":{\"@id\":\"https:\\\/\\\/ocoerente.com.br\\\/se\\\/2026\\\/01\\\/24\\\/seasic-lanca-edital-para-eleicao-de-representantes-da-sociedade-civil-no-conselho-estadual-de-direitos-humanos\\\/\"},\"wordCount\":741,\"publisher\":{\"@id\":\"https:\\\/\\\/ocoerente.com.br\\\/se\\\/#\\\/schema\\\/person\\\/cc6bfd9fbca465e23543b0c963d8d037\"},\"image\":{\"@id\":\"https:\\\/\\\/ocoerente.com.br\\\/se\\\/2026\\\/01\\\/24\\\/seasic-lanca-edital-para-eleicao-de-representantes-da-sociedade-civil-no-conselho-estadual-de-direitos-humanos\\\/#primaryimage\"},\"thumbnailUrl\":\"https:\\\/\\\/ocoerente.com.br\\\/se\\\/wp-content\\\/uploads\\\/2026\\\/01\\\/562059cde791.jpeg\",\"articleSection\":[\"Destaques\",\"Sergipe\"],\"inLanguage\":\"pt-BR\"},{\"@type\":\"WebPage\",\"@id\":\"https:\\\/\\\/ocoerente.com.br\\\/se\\\/2026\\\/01\\\/24\\\/seasic-lanca-edital-para-eleicao-de-representantes-da-sociedade-civil-no-conselho-estadual-de-direitos-humanos\\\/\",\"url\":\"https:\\\/\\\/ocoerente.com.br\\\/se\\\/2026\\\/01\\\/24\\\/seasic-lanca-edital-para-eleicao-de-representantes-da-sociedade-civil-no-conselho-estadual-de-direitos-humanos\\\/\",\"name\":\"Seasic lan\u00e7a edital para elei\u00e7\u00e3o de representantes da sociedade civil no Conselho Estadual de Direitos Humanos - O Coerente\",\"isPartOf\":{\"@id\":\"https:\\\/\\\/ocoerente.com.br\\\/se\\\/#website\"},\"primaryImageOfPage\":{\"@id\":\"https:\\\/\\\/ocoerente.com.br\\\/se\\\/2026\\\/01\\\/24\\\/seasic-lanca-edital-para-eleicao-de-representantes-da-sociedade-civil-no-conselho-estadual-de-direitos-humanos\\\/#primaryimage\"},\"image\":{\"@id\":\"https:\\\/\\\/ocoerente.com.br\\\/se\\\/2026\\\/01\\\/24\\\/seasic-lanca-edital-para-eleicao-de-representantes-da-sociedade-civil-no-conselho-estadual-de-direitos-humanos\\\/#primaryimage\"},\"thumbnailUrl\":\"https:\\\/\\\/ocoerente.com.br\\\/se\\\/wp-content\\\/uploads\\\/2026\\\/01\\\/562059cde791.jpeg\",\"datePublished\":\"2026-01-24T04:15:27+00:00\",\"dateModified\":\"2026-01-24T04:15:29+00:00\",\"breadcrumb\":{\"@id\":\"https:\\\/\\\/ocoerente.com.br\\\/se\\\/2026\\\/01\\\/24\\\/seasic-lanca-edital-para-eleicao-de-representantes-da-sociedade-civil-no-conselho-estadual-de-direitos-humanos\\\/#breadcrumb\"},\"inLanguage\":\"pt-BR\",\"potentialAction\":[{\"@type\":\"ReadAction\",\"target\":[\"https:\\\/\\\/ocoerente.com.br\\\/se\\\/2026\\\/01\\\/24\\\/seasic-lanca-edital-para-eleicao-de-representantes-da-sociedade-civil-no-conselho-estadual-de-direitos-humanos\\\/\"]}]},{\"@type\":\"ImageObject\",\"inLanguage\":\"pt-BR\",\"@id\":\"https:\\\/\\\/ocoerente.com.br\\\/se\\\/2026\\\/01\\\/24\\\/seasic-lanca-edital-para-eleicao-de-representantes-da-sociedade-civil-no-conselho-estadual-de-direitos-humanos\\\/#primaryimage\",\"url\":\"https:\\\/\\\/ocoerente.com.br\\\/se\\\/wp-content\\\/uploads\\\/2026\\\/01\\\/562059cde791.jpeg\",\"contentUrl\":\"https:\\\/\\\/ocoerente.com.br\\\/se\\\/wp-content\\\/uploads\\\/2026\\\/01\\\/562059cde791.jpeg\",\"width\":1100,\"height\":610,\"caption\":\"Foto: Ascom Seasic\"},{\"@type\":\"BreadcrumbList\",\"@id\":\"https:\\\/\\\/ocoerente.com.br\\\/se\\\/2026\\\/01\\\/24\\\/seasic-lanca-edital-para-eleicao-de-representantes-da-sociedade-civil-no-conselho-estadual-de-direitos-humanos\\\/#breadcrumb\",\"itemListElement\":[{\"@type\":\"ListItem\",\"position\":1,\"name\":\"In\u00edcio\",\"item\":\"https:\\\/\\\/ocoerente.com.br\\\/se\\\/\"},{\"@type\":\"ListItem\",\"position\":2,\"name\":\"Seasic lan\u00e7a edital para elei\u00e7\u00e3o de representantes da sociedade civil no Conselho Estadual de Direitos Humanos\"}]},{\"@type\":\"WebSite\",\"@id\":\"https:\\\/\\\/ocoerente.com.br\\\/se\\\/#website\",\"url\":\"https:\\\/\\\/ocoerente.com.br\\\/se\\\/\",\"name\":\"O Coerente\",\"description\":\"\",\"publisher\":{\"@id\":\"https:\\\/\\\/ocoerente.com.br\\\/se\\\/#\\\/schema\\\/person\\\/cc6bfd9fbca465e23543b0c963d8d037\"},\"potentialAction\":[{\"@type\":\"SearchAction\",\"target\":{\"@type\":\"EntryPoint\",\"urlTemplate\":\"https:\\\/\\\/ocoerente.com.br\\\/se\\\/?s={search_term_string}\"},\"query-input\":{\"@type\":\"PropertyValueSpecification\",\"valueRequired\":true,\"valueName\":\"search_term_string\"}}],\"inLanguage\":\"pt-BR\"},{\"@type\":[\"Person\",\"Organization\"],\"@id\":\"https:\\\/\\\/ocoerente.com.br\\\/se\\\/#\\\/schema\\\/person\\\/cc6bfd9fbca465e23543b0c963d8d037\",\"name\":\"Reda\u00e7\u00e3o\",\"image\":{\"@type\":\"ImageObject\",\"inLanguage\":\"pt-BR\",\"@id\":\"https:\\\/\\\/ocoerente.com.br\\\/se\\\/wp-content\\\/uploads\\\/2020\\\/01\\\/ocoerente-1.png\",\"url\":\"https:\\\/\\\/ocoerente.com.br\\\/se\\\/wp-content\\\/uploads\\\/2020\\\/01\\\/ocoerente-1.png\",\"contentUrl\":\"https:\\\/\\\/ocoerente.com.br\\\/se\\\/wp-content\\\/uploads\\\/2020\\\/01\\\/ocoerente-1.png\",\"width\":50,\"height\":50,\"caption\":\"Reda\u00e7\u00e3o\"},\"logo\":{\"@id\":\"https:\\\/\\\/ocoerente.com.br\\\/se\\\/wp-content\\\/uploads\\\/2020\\\/01\\\/ocoerente-1.png\"},\"url\":\"https:\\\/\\\/ocoerente.com.br\\\/se\\\/author\\\/vasticlsales\\\/\"}]}<\/script>\n<!-- \/ Yoast SEO plugin. -->","yoast_head_json":{"title":"Seasic lan\u00e7a edital para elei\u00e7\u00e3o de representantes da sociedade civil no Conselho Estadual de Direitos Humanos - O Coerente","robots":{"index":"index","follow":"follow","max-snippet":"max-snippet:-1","max-image-preview":"max-image-preview:large","max-video-preview":"max-video-preview:-1"},"canonical":"https:\/\/ocoerente.com.br\/se\/2026\/01\/24\/seasic-lanca-edital-para-eleicao-de-representantes-da-sociedade-civil-no-conselho-estadual-de-direitos-humanos\/","og_locale":"pt_BR","og_type":"article","og_title":"Seasic lan\u00e7a edital para elei\u00e7\u00e3o de representantes da sociedade civil no Conselho Estadual de Direitos Humanos - O Coerente","og_description":"Processo eleitoral definir\u00e1 a composi\u00e7\u00e3o do Conselho Estadual de Direitos Humanos para o bi\u00eanio 2026\u20132028 e fortalece a participa\u00e7\u00e3o social na pol\u00edtica de direitos humanos em Sergipe A Secretaria de Estado da Assist\u00eancia Social, Inclus\u00e3o e Cidadania (Seasic) publicou o&nbsp;Edital de Elei\u00e7\u00e3o n\u00ba 01\/2026, que regulamenta o processo eleitoral para a escolha dos representantes das [&hellip;]","og_url":"https:\/\/ocoerente.com.br\/se\/2026\/01\/24\/seasic-lanca-edital-para-eleicao-de-representantes-da-sociedade-civil-no-conselho-estadual-de-direitos-humanos\/","og_site_name":"O Coerente","article_published_time":"2026-01-24T04:15:27+00:00","article_modified_time":"2026-01-24T04:15:29+00:00","og_image":[{"width":1100,"height":610,"url":"https:\/\/ocoerente.com.br\/se\/wp-content\/uploads\/2026\/01\/562059cde791.jpeg","type":"image\/jpeg"}],"author":"Reda\u00e7\u00e3o","twitter_card":"summary_large_image","twitter_misc":{"Escrito por":"Reda\u00e7\u00e3o","Est. tempo de leitura":"4 minutos"},"schema":{"@context":"https:\/\/schema.org","@graph":[{"@type":"Article","@id":"https:\/\/ocoerente.com.br\/se\/2026\/01\/24\/seasic-lanca-edital-para-eleicao-de-representantes-da-sociedade-civil-no-conselho-estadual-de-direitos-humanos\/#article","isPartOf":{"@id":"https:\/\/ocoerente.com.br\/se\/2026\/01\/24\/seasic-lanca-edital-para-eleicao-de-representantes-da-sociedade-civil-no-conselho-estadual-de-direitos-humanos\/"},"author":{"name":"Reda\u00e7\u00e3o","@id":"https:\/\/ocoerente.com.br\/se\/#\/schema\/person\/cc6bfd9fbca465e23543b0c963d8d037"},"headline":"Seasic lan\u00e7a edital para elei\u00e7\u00e3o de representantes da sociedade civil no Conselho Estadual de Direitos Humanos","datePublished":"2026-01-24T04:15:27+00:00","dateModified":"2026-01-24T04:15:29+00:00","mainEntityOfPage":{"@id":"https:\/\/ocoerente.com.br\/se\/2026\/01\/24\/seasic-lanca-edital-para-eleicao-de-representantes-da-sociedade-civil-no-conselho-estadual-de-direitos-humanos\/"},"wordCount":741,"publisher":{"@id":"https:\/\/ocoerente.com.br\/se\/#\/schema\/person\/cc6bfd9fbca465e23543b0c963d8d037"},"image":{"@id":"https:\/\/ocoerente.com.br\/se\/2026\/01\/24\/seasic-lanca-edital-para-eleicao-de-representantes-da-sociedade-civil-no-conselho-estadual-de-direitos-humanos\/#primaryimage"},"thumbnailUrl":"https:\/\/ocoerente.com.br\/se\/wp-content\/uploads\/2026\/01\/562059cde791.jpeg","articleSection":["Destaques","Sergipe"],"inLanguage":"pt-BR"},{"@type":"WebPage","@id":"https:\/\/ocoerente.com.br\/se\/2026\/01\/24\/seasic-lanca-edital-para-eleicao-de-representantes-da-sociedade-civil-no-conselho-estadual-de-direitos-humanos\/","url":"https:\/\/ocoerente.com.br\/se\/2026\/01\/24\/seasic-lanca-edital-para-eleicao-de-representantes-da-sociedade-civil-no-conselho-estadual-de-direitos-humanos\/","name":"Seasic lan\u00e7a edital para elei\u00e7\u00e3o de representantes da sociedade civil no Conselho Estadual de Direitos Humanos - O Coerente","isPartOf":{"@id":"https:\/\/ocoerente.com.br\/se\/#website"},"primaryImageOfPage":{"@id":"https:\/\/ocoerente.com.br\/se\/2026\/01\/24\/seasic-lanca-edital-para-eleicao-de-representantes-da-sociedade-civil-no-conselho-estadual-de-direitos-humanos\/#primaryimage"},"image":{"@id":"https:\/\/ocoerente.com.br\/se\/2026\/01\/24\/seasic-lanca-edital-para-eleicao-de-representantes-da-sociedade-civil-no-conselho-estadual-de-direitos-humanos\/#primaryimage"},"thumbnailUrl":"https:\/\/ocoerente.com.br\/se\/wp-content\/uploads\/2026\/01\/562059cde791.jpeg","datePublished":"2026-01-24T04:15:27+00:00","dateModified":"2026-01-24T04:15:29+00:00","breadcrumb":{"@id":"https:\/\/ocoerente.com.br\/se\/2026\/01\/24\/seasic-lanca-edital-para-eleicao-de-representantes-da-sociedade-civil-no-conselho-estadual-de-direitos-humanos\/#breadcrumb"},"inLanguage":"pt-BR","potentialAction":[{"@type":"ReadAction","target":["https:\/\/ocoerente.com.br\/se\/2026\/01\/24\/seasic-lanca-edital-para-eleicao-de-representantes-da-sociedade-civil-no-conselho-estadual-de-direitos-humanos\/"]}]},{"@type":"ImageObject","inLanguage":"pt-BR","@id":"https:\/\/ocoerente.com.br\/se\/2026\/01\/24\/seasic-lanca-edital-para-eleicao-de-representantes-da-sociedade-civil-no-conselho-estadual-de-direitos-humanos\/#primaryimage","url":"https:\/\/ocoerente.com.br\/se\/wp-content\/uploads\/2026\/01\/562059cde791.jpeg","contentUrl":"https:\/\/ocoerente.com.br\/se\/wp-content\/uploads\/2026\/01\/562059cde791.jpeg","width":1100,"height":610,"caption":"Foto: Ascom Seasic"},{"@type":"BreadcrumbList","@id":"https:\/\/ocoerente.com.br\/se\/2026\/01\/24\/seasic-lanca-edital-para-eleicao-de-representantes-da-sociedade-civil-no-conselho-estadual-de-direitos-humanos\/#breadcrumb","itemListElement":[{"@type":"ListItem","position":1,"name":"In\u00edcio","item":"https:\/\/ocoerente.com.br\/se\/"},{"@type":"ListItem","position":2,"name":"Seasic lan\u00e7a edital para elei\u00e7\u00e3o de representantes da sociedade civil no Conselho Estadual de Direitos Humanos"}]},{"@type":"WebSite","@id":"https:\/\/ocoerente.com.br\/se\/#website","url":"https:\/\/ocoerente.com.br\/se\/","name":"O Coerente","description":"","publisher":{"@id":"https:\/\/ocoerente.com.br\/se\/#\/schema\/person\/cc6bfd9fbca465e23543b0c963d8d037"},"potentialAction":[{"@type":"SearchAction","target":{"@type":"EntryPoint","urlTemplate":"https:\/\/ocoerente.com.br\/se\/?s={search_term_string}"},"query-input":{"@type":"PropertyValueSpecification","valueRequired":true,"valueName":"search_term_string"}}],"inLanguage":"pt-BR"},{"@type":["Person","Organization"],"@id":"https:\/\/ocoerente.com.br\/se\/#\/schema\/person\/cc6bfd9fbca465e23543b0c963d8d037","name":"Reda\u00e7\u00e3o","image":{"@type":"ImageObject","inLanguage":"pt-BR","@id":"https:\/\/ocoerente.com.br\/se\/wp-content\/uploads\/2020\/01\/ocoerente-1.png","url":"https:\/\/ocoerente.com.br\/se\/wp-content\/uploads\/2020\/01\/ocoerente-1.png","contentUrl":"https:\/\/ocoerente.com.br\/se\/wp-content\/uploads\/2020\/01\/ocoerente-1.png","width":50,"height":50,"caption":"Reda\u00e7\u00e3o"},"logo":{"@id":"https:\/\/ocoerente.com.br\/se\/wp-content\/uploads\/2020\/01\/ocoerente-1.png"},"url":"https:\/\/ocoerente.com.br\/se\/author\/vasticlsales\/"}]}},"_links":{"self":[{"href":"https:\/\/ocoerente.com.br\/se\/wp-json\/wp\/v2\/posts\/18470","targetHints":{"allow":["GET"]}}],"collection":[{"href":"https:\/\/ocoerente.com.br\/se\/wp-json\/wp\/v2\/posts"}],"about":[{"href":"https:\/\/ocoerente.com.br\/se\/wp-json\/wp\/v2\/types\/post"}],"author":[{"embeddable":true,"href":"https:\/\/ocoerente.com.br\/se\/wp-json\/wp\/v2\/users\/1"}],"replies":[{"embeddable":true,"href":"https:\/\/ocoerente.com.br\/se\/wp-json\/wp\/v2\/comments?post=18470"}],"version-history":[{"count":1,"href":"https:\/\/ocoerente.com.br\/se\/wp-json\/wp\/v2\/posts\/18470\/revisions"}],"predecessor-version":[{"id":18472,"href":"https:\/\/ocoerente.com.br\/se\/wp-json\/wp\/v2\/posts\/18470\/revisions\/18472"}],"wp:featuredmedia":[{"embeddable":true,"href":"https:\/\/ocoerente.com.br\/se\/wp-json\/wp\/v2\/media\/18471"}],"wp:attachment":[{"href":"https:\/\/ocoerente.com.br\/se\/wp-json\/wp\/v2\/media?parent=18470"}],"wp:term":[{"taxonomy":"category","embeddable":true,"href":"https:\/\/ocoerente.com.br\/se\/wp-json\/wp\/v2\/categories?post=18470"},{"taxonomy":"post_tag","embeddable":true,"href":"https:\/\/ocoerente.com.br\/se\/wp-json\/wp\/v2\/tags?post=18470"}],"curies":[{"name":"wp","href":"https:\/\/api.w.org\/{rel}","templated":true}]}}