{"id":18464,"date":"2026-01-24T01:12:01","date_gmt":"2026-01-24T04:12:01","guid":{"rendered":"https:\/\/ocoerente.com.br\/se\/?p=18464"},"modified":"2026-01-24T01:12:03","modified_gmt":"2026-01-24T04:12:03","slug":"governo-moderniza-gestao-e-aprimora-atendimentos-de-saude-com-investimentos-em-novas-tecnologias-digitais","status":"publish","type":"post","link":"https:\/\/ocoerente.com.br\/se\/2026\/01\/24\/governo-moderniza-gestao-e-aprimora-atendimentos-de-saude-com-investimentos-em-novas-tecnologias-digitais\/","title":{"rendered":"Governo moderniza gest\u00e3o e aprimora atendimentos de sa\u00fade com investimentos em novas tecnologias digitais"},"content":{"rendered":"\n<p><em>Al\u00e9m de adquirir equipamentos modernos, a SES implantou sistemas de tecnologia da informa\u00e7\u00e3o, como o prontu\u00e1rio eletr\u00f4nico do paciente (PEP) e aderiu a programas federais, como o SUS Digital<\/em><\/p>\n\n\n\n<p>A Secretaria de Estado da Sa\u00fade (SES) est\u00e1 investindo em novas tecnologias digitais com o objetivo de modernizar a gest\u00e3o e aprimorar os atendimentos \u00e0 popula\u00e7\u00e3o. Al\u00e9m de adquirir equipamentos modernos, a SES implantou sistemas de tecnologia da informa\u00e7\u00e3o, como o prontu\u00e1rio eletr\u00f4nico do paciente (PEP), e aderiu a programas federais, como o SUS Digital.\u00a0<br>\u00a0<br>O secret\u00e1rio de Estado da Sa\u00fade, Jardel Mitermayer, participou do lan\u00e7amento do \u2018Sergipe Digital para Todos\u2019, na \u00faltima quarta-feira, 21, e destacou a import\u00e2ncia de investir em estrat\u00e9gias tecnol\u00f3gicas. \u201cTodas essas iniciativas integram o nosso Plano de Estrat\u00e9gia Digital e t\u00eam por finalidade assegurar o armazenamento seguro e adequado das informa\u00e7\u00f5es dos pacientes, otimizando os fluxos de atendimento, al\u00e9m de ampliar e simplificar o acesso dos cidad\u00e3os aos servi\u00e7os de sa\u00fade, bem como modernizar os processos de gest\u00e3o, subsidiando decis\u00f5es e a\u00e7\u00f5es mais eficazes e assertivas\u201d, destacou.\u00a0<br>\u00a0<br>O sistema de prontu\u00e1rio eletr\u00f4nico do paciente (PEP) busca otimizar o fluxo de atendimento do paciente, impactando positivamente na assist\u00eancia \u00e0 popula\u00e7\u00e3o, promovendo mais seguran\u00e7a, agilidade e efici\u00eancia durante o atendimento. Atualmente, o PEP j\u00e1 ultrapassou 90% de implanta\u00e7\u00e3o em cinco unidades de sa\u00fade da rede p\u00fablica: o Hospital de Urg\u00eancias de Sergipe Governador Jo\u00e3o Alves Filho (Huse), o Hospital da Crian\u00e7a Dr. Jos\u00e9 Machado de Souza (HC), a Maternidade Nossa Senhora de Lourdes (MNSL), o Hospital e Maternidade Regional Jos\u00e9 Franco Sobrinho e o Hospital de Pequeno Porte (HPP) de Boquim.<br>\u00a0<br>Segundo o gerente do N\u00facleo de Tecnologia da Informa\u00e7\u00e3o (NTI) da SES, Douglas Affonso Madureira, o objetivo \u00e9 de que o sistema de prontu\u00e1rio eletr\u00f4nico seja implantado em todas as unidades de sa\u00fade do Estado. \u201cAl\u00e9m das cinco unidades em que o sistema j\u00e1 tem quase 100% de implanta\u00e7\u00e3o, tamb\u00e9m estamos iniciando o processo no Hospital do C\u00e2ncer de Sergipe (HCS), nas Unidade de Pronto Atendimento (UPAs) de Tobias Barreto e Ne\u00f3polis, assim como no Hospital Regional de Propri\u00e1\u201d, ressaltou.\u00a0<br>\u00a0<br>Para ter um servi\u00e7o p\u00fablico mais conectado e inovador, a SES tamb\u00e9m aderiu a estrat\u00e9gias federais de transforma\u00e7\u00e3o digital como o Programa SUS Digital, uma iniciativa do Minist\u00e9rio da Sa\u00fade (MS), que visa ampliar o acesso da popula\u00e7\u00e3o aos servi\u00e7os de sa\u00fade. Esse sistema unifica informa\u00e7\u00f5es de sa\u00fade do cidad\u00e3o, facilitando o acesso a servi\u00e7os e dados cl\u00ednicos por meio do aplicativo &#8216;Meu SUS Digital&#8217;.\u00a0<br>\u00a0<br>Em 2025, a SES criou o Centro de Intelig\u00eancia Estrat\u00e9gica para a Gest\u00e3o Estadual do Sistema \u00danico de Sa\u00fade (SUS) em Sergipe (Cieges\/SE) e passou a compor a Rede Nacional Cieges, uma rede de colabora\u00e7\u00e3o e apoio coordenada pelo Conselho Nacional de Secret\u00e1rios de Sa\u00fade (Conass). O Cieges\/SE visa aprimorar a organiza\u00e7\u00e3o de dados e informa\u00e7\u00f5es estrat\u00e9gicas para auxiliar na tomada de decis\u00f5es da gest\u00e3o estadual de sa\u00fade.<\/p>\n\n\n\n<p><\/p>\n","protected":false},"excerpt":{"rendered":"<p>Al\u00e9m de adquirir equipamentos modernos, a SES implantou sistemas de tecnologia da informa\u00e7\u00e3o, como o prontu\u00e1rio eletr\u00f4nico do paciente (PEP) e aderiu a programas federais, como o SUS Digital A Secretaria de Estado da Sa\u00fade (SES) est\u00e1 investindo em novas tecnologias digitais com o objetivo de modernizar a gest\u00e3o e aprimorar os atendimentos \u00e0 popula\u00e7\u00e3o. [&hellip;]<\/p>\n","protected":false},"author":1,"featured_media":18465,"comment_status":"closed","ping_status":"closed","sticky":false,"template":"","format":"standard","meta":{"footnotes":""},"categories":[56,53],"tags":[],"class_list":["post-18464","post","type-post","status-publish","format-standard","has-post-thumbnail","hentry","category-ciencia-tecnologia","category-destaques"],"yoast_head":"<!-- This site is optimized with the Yoast SEO plugin v27.4 - https:\/\/yoast.com\/product\/yoast-seo-wordpress\/ -->\n<title>Governo moderniza gest\u00e3o e aprimora atendimentos de sa\u00fade com investimentos em novas tecnologias digitais - O Coerente<\/title>\n<meta name=\"robots\" content=\"index, follow, max-snippet:-1, max-image-preview:large, max-video-preview:-1\" \/>\n<link rel=\"canonical\" href=\"https:\/\/ocoerente.com.br\/se\/2026\/01\/24\/governo-moderniza-gestao-e-aprimora-atendimentos-de-saude-com-investimentos-em-novas-tecnologias-digitais\/\" \/>\n<meta property=\"og:locale\" content=\"pt_BR\" \/>\n<meta property=\"og:type\" content=\"article\" \/>\n<meta property=\"og:title\" content=\"Governo moderniza gest\u00e3o e aprimora atendimentos de sa\u00fade com investimentos em novas tecnologias digitais - O Coerente\" \/>\n<meta property=\"og:description\" content=\"Al\u00e9m de adquirir equipamentos modernos, a SES implantou sistemas de tecnologia da informa\u00e7\u00e3o, como o prontu\u00e1rio eletr\u00f4nico do paciente (PEP) e aderiu a programas federais, como o SUS Digital A Secretaria de Estado da Sa\u00fade (SES) est\u00e1 investindo em novas tecnologias digitais com o objetivo de modernizar a gest\u00e3o e aprimorar os atendimentos \u00e0 popula\u00e7\u00e3o. [&hellip;]\" \/>\n<meta property=\"og:url\" content=\"https:\/\/ocoerente.com.br\/se\/2026\/01\/24\/governo-moderniza-gestao-e-aprimora-atendimentos-de-saude-com-investimentos-em-novas-tecnologias-digitais\/\" \/>\n<meta property=\"og:site_name\" content=\"O Coerente\" \/>\n<meta property=\"article:published_time\" content=\"2026-01-24T04:12:01+00:00\" \/>\n<meta property=\"article:modified_time\" content=\"2026-01-24T04:12:03+00:00\" \/>\n<meta property=\"og:image\" content=\"https:\/\/ocoerente.com.br\/se\/wp-content\/uploads\/2026\/01\/9fe3ec2f66ba.jpeg\" \/>\n\t<meta property=\"og:image:width\" content=\"1100\" \/>\n\t<meta property=\"og:image:height\" content=\"610\" \/>\n\t<meta property=\"og:image:type\" content=\"image\/jpeg\" \/>\n<meta name=\"author\" content=\"Reda\u00e7\u00e3o\" \/>\n<meta name=\"twitter:card\" content=\"summary_large_image\" \/>\n<meta name=\"twitter:label1\" content=\"Escrito por\" \/>\n\t<meta name=\"twitter:data1\" content=\"Reda\u00e7\u00e3o\" \/>\n\t<meta name=\"twitter:label2\" content=\"Est. tempo de leitura\" \/>\n\t<meta name=\"twitter:data2\" content=\"3 minutos\" \/>\n<script type=\"application\/ld+json\" class=\"yoast-schema-graph\">{\"@context\":\"https:\\\/\\\/schema.org\",\"@graph\":[{\"@type\":\"Article\",\"@id\":\"https:\\\/\\\/ocoerente.com.br\\\/se\\\/2026\\\/01\\\/24\\\/governo-moderniza-gestao-e-aprimora-atendimentos-de-saude-com-investimentos-em-novas-tecnologias-digitais\\\/#article\",\"isPartOf\":{\"@id\":\"https:\\\/\\\/ocoerente.com.br\\\/se\\\/2026\\\/01\\\/24\\\/governo-moderniza-gestao-e-aprimora-atendimentos-de-saude-com-investimentos-em-novas-tecnologias-digitais\\\/\"},\"author\":{\"name\":\"Reda\u00e7\u00e3o\",\"@id\":\"https:\\\/\\\/ocoerente.com.br\\\/se\\\/#\\\/schema\\\/person\\\/cc6bfd9fbca465e23543b0c963d8d037\"},\"headline\":\"Governo moderniza gest\u00e3o e aprimora atendimentos de sa\u00fade com investimentos em novas tecnologias digitais\",\"datePublished\":\"2026-01-24T04:12:01+00:00\",\"dateModified\":\"2026-01-24T04:12:03+00:00\",\"mainEntityOfPage\":{\"@id\":\"https:\\\/\\\/ocoerente.com.br\\\/se\\\/2026\\\/01\\\/24\\\/governo-moderniza-gestao-e-aprimora-atendimentos-de-saude-com-investimentos-em-novas-tecnologias-digitais\\\/\"},\"wordCount\":564,\"publisher\":{\"@id\":\"https:\\\/\\\/ocoerente.com.br\\\/se\\\/#\\\/schema\\\/person\\\/cc6bfd9fbca465e23543b0c963d8d037\"},\"image\":{\"@id\":\"https:\\\/\\\/ocoerente.com.br\\\/se\\\/2026\\\/01\\\/24\\\/governo-moderniza-gestao-e-aprimora-atendimentos-de-saude-com-investimentos-em-novas-tecnologias-digitais\\\/#primaryimage\"},\"thumbnailUrl\":\"https:\\\/\\\/ocoerente.com.br\\\/se\\\/wp-content\\\/uploads\\\/2026\\\/01\\\/9fe3ec2f66ba.jpeg\",\"articleSection\":[\"Ci\u00eancia e Tecnologia\",\"Destaques\"],\"inLanguage\":\"pt-BR\"},{\"@type\":\"WebPage\",\"@id\":\"https:\\\/\\\/ocoerente.com.br\\\/se\\\/2026\\\/01\\\/24\\\/governo-moderniza-gestao-e-aprimora-atendimentos-de-saude-com-investimentos-em-novas-tecnologias-digitais\\\/\",\"url\":\"https:\\\/\\\/ocoerente.com.br\\\/se\\\/2026\\\/01\\\/24\\\/governo-moderniza-gestao-e-aprimora-atendimentos-de-saude-com-investimentos-em-novas-tecnologias-digitais\\\/\",\"name\":\"Governo moderniza gest\u00e3o e aprimora atendimentos de sa\u00fade com investimentos em novas tecnologias digitais - O Coerente\",\"isPartOf\":{\"@id\":\"https:\\\/\\\/ocoerente.com.br\\\/se\\\/#website\"},\"primaryImageOfPage\":{\"@id\":\"https:\\\/\\\/ocoerente.com.br\\\/se\\\/2026\\\/01\\\/24\\\/governo-moderniza-gestao-e-aprimora-atendimentos-de-saude-com-investimentos-em-novas-tecnologias-digitais\\\/#primaryimage\"},\"image\":{\"@id\":\"https:\\\/\\\/ocoerente.com.br\\\/se\\\/2026\\\/01\\\/24\\\/governo-moderniza-gestao-e-aprimora-atendimentos-de-saude-com-investimentos-em-novas-tecnologias-digitais\\\/#primaryimage\"},\"thumbnailUrl\":\"https:\\\/\\\/ocoerente.com.br\\\/se\\\/wp-content\\\/uploads\\\/2026\\\/01\\\/9fe3ec2f66ba.jpeg\",\"datePublished\":\"2026-01-24T04:12:01+00:00\",\"dateModified\":\"2026-01-24T04:12:03+00:00\",\"breadcrumb\":{\"@id\":\"https:\\\/\\\/ocoerente.com.br\\\/se\\\/2026\\\/01\\\/24\\\/governo-moderniza-gestao-e-aprimora-atendimentos-de-saude-com-investimentos-em-novas-tecnologias-digitais\\\/#breadcrumb\"},\"inLanguage\":\"pt-BR\",\"potentialAction\":[{\"@type\":\"ReadAction\",\"target\":[\"https:\\\/\\\/ocoerente.com.br\\\/se\\\/2026\\\/01\\\/24\\\/governo-moderniza-gestao-e-aprimora-atendimentos-de-saude-com-investimentos-em-novas-tecnologias-digitais\\\/\"]}]},{\"@type\":\"ImageObject\",\"inLanguage\":\"pt-BR\",\"@id\":\"https:\\\/\\\/ocoerente.com.br\\\/se\\\/2026\\\/01\\\/24\\\/governo-moderniza-gestao-e-aprimora-atendimentos-de-saude-com-investimentos-em-novas-tecnologias-digitais\\\/#primaryimage\",\"url\":\"https:\\\/\\\/ocoerente.com.br\\\/se\\\/wp-content\\\/uploads\\\/2026\\\/01\\\/9fe3ec2f66ba.jpeg\",\"contentUrl\":\"https:\\\/\\\/ocoerente.com.br\\\/se\\\/wp-content\\\/uploads\\\/2026\\\/01\\\/9fe3ec2f66ba.jpeg\",\"width\":1100,\"height\":610,\"caption\":\"Fotos: Felipe Goettenauer\"},{\"@type\":\"BreadcrumbList\",\"@id\":\"https:\\\/\\\/ocoerente.com.br\\\/se\\\/2026\\\/01\\\/24\\\/governo-moderniza-gestao-e-aprimora-atendimentos-de-saude-com-investimentos-em-novas-tecnologias-digitais\\\/#breadcrumb\",\"itemListElement\":[{\"@type\":\"ListItem\",\"position\":1,\"name\":\"In\u00edcio\",\"item\":\"https:\\\/\\\/ocoerente.com.br\\\/se\\\/\"},{\"@type\":\"ListItem\",\"position\":2,\"name\":\"Governo moderniza gest\u00e3o e aprimora atendimentos de sa\u00fade com investimentos em novas tecnologias digitais\"}]},{\"@type\":\"WebSite\",\"@id\":\"https:\\\/\\\/ocoerente.com.br\\\/se\\\/#website\",\"url\":\"https:\\\/\\\/ocoerente.com.br\\\/se\\\/\",\"name\":\"O Coerente\",\"description\":\"\",\"publisher\":{\"@id\":\"https:\\\/\\\/ocoerente.com.br\\\/se\\\/#\\\/schema\\\/person\\\/cc6bfd9fbca465e23543b0c963d8d037\"},\"potentialAction\":[{\"@type\":\"SearchAction\",\"target\":{\"@type\":\"EntryPoint\",\"urlTemplate\":\"https:\\\/\\\/ocoerente.com.br\\\/se\\\/?s={search_term_string}\"},\"query-input\":{\"@type\":\"PropertyValueSpecification\",\"valueRequired\":true,\"valueName\":\"search_term_string\"}}],\"inLanguage\":\"pt-BR\"},{\"@type\":[\"Person\",\"Organization\"],\"@id\":\"https:\\\/\\\/ocoerente.com.br\\\/se\\\/#\\\/schema\\\/person\\\/cc6bfd9fbca465e23543b0c963d8d037\",\"name\":\"Reda\u00e7\u00e3o\",\"image\":{\"@type\":\"ImageObject\",\"inLanguage\":\"pt-BR\",\"@id\":\"https:\\\/\\\/ocoerente.com.br\\\/se\\\/wp-content\\\/uploads\\\/2020\\\/01\\\/ocoerente-1.png\",\"url\":\"https:\\\/\\\/ocoerente.com.br\\\/se\\\/wp-content\\\/uploads\\\/2020\\\/01\\\/ocoerente-1.png\",\"contentUrl\":\"https:\\\/\\\/ocoerente.com.br\\\/se\\\/wp-content\\\/uploads\\\/2020\\\/01\\\/ocoerente-1.png\",\"width\":50,\"height\":50,\"caption\":\"Reda\u00e7\u00e3o\"},\"logo\":{\"@id\":\"https:\\\/\\\/ocoerente.com.br\\\/se\\\/wp-content\\\/uploads\\\/2020\\\/01\\\/ocoerente-1.png\"},\"url\":\"https:\\\/\\\/ocoerente.com.br\\\/se\\\/author\\\/vasticlsales\\\/\"}]}<\/script>\n<!-- \/ Yoast SEO plugin. -->","yoast_head_json":{"title":"Governo moderniza gest\u00e3o e aprimora atendimentos de sa\u00fade com investimentos em novas tecnologias digitais - O Coerente","robots":{"index":"index","follow":"follow","max-snippet":"max-snippet:-1","max-image-preview":"max-image-preview:large","max-video-preview":"max-video-preview:-1"},"canonical":"https:\/\/ocoerente.com.br\/se\/2026\/01\/24\/governo-moderniza-gestao-e-aprimora-atendimentos-de-saude-com-investimentos-em-novas-tecnologias-digitais\/","og_locale":"pt_BR","og_type":"article","og_title":"Governo moderniza gest\u00e3o e aprimora atendimentos de sa\u00fade com investimentos em novas tecnologias digitais - O Coerente","og_description":"Al\u00e9m de adquirir equipamentos modernos, a SES implantou sistemas de tecnologia da informa\u00e7\u00e3o, como o prontu\u00e1rio eletr\u00f4nico do paciente (PEP) e aderiu a programas federais, como o SUS Digital A Secretaria de Estado da Sa\u00fade (SES) est\u00e1 investindo em novas tecnologias digitais com o objetivo de modernizar a gest\u00e3o e aprimorar os atendimentos \u00e0 popula\u00e7\u00e3o. [&hellip;]","og_url":"https:\/\/ocoerente.com.br\/se\/2026\/01\/24\/governo-moderniza-gestao-e-aprimora-atendimentos-de-saude-com-investimentos-em-novas-tecnologias-digitais\/","og_site_name":"O Coerente","article_published_time":"2026-01-24T04:12:01+00:00","article_modified_time":"2026-01-24T04:12:03+00:00","og_image":[{"width":1100,"height":610,"url":"https:\/\/ocoerente.com.br\/se\/wp-content\/uploads\/2026\/01\/9fe3ec2f66ba.jpeg","type":"image\/jpeg"}],"author":"Reda\u00e7\u00e3o","twitter_card":"summary_large_image","twitter_misc":{"Escrito por":"Reda\u00e7\u00e3o","Est. tempo de leitura":"3 minutos"},"schema":{"@context":"https:\/\/schema.org","@graph":[{"@type":"Article","@id":"https:\/\/ocoerente.com.br\/se\/2026\/01\/24\/governo-moderniza-gestao-e-aprimora-atendimentos-de-saude-com-investimentos-em-novas-tecnologias-digitais\/#article","isPartOf":{"@id":"https:\/\/ocoerente.com.br\/se\/2026\/01\/24\/governo-moderniza-gestao-e-aprimora-atendimentos-de-saude-com-investimentos-em-novas-tecnologias-digitais\/"},"author":{"name":"Reda\u00e7\u00e3o","@id":"https:\/\/ocoerente.com.br\/se\/#\/schema\/person\/cc6bfd9fbca465e23543b0c963d8d037"},"headline":"Governo moderniza gest\u00e3o e aprimora atendimentos de sa\u00fade com investimentos em novas tecnologias digitais","datePublished":"2026-01-24T04:12:01+00:00","dateModified":"2026-01-24T04:12:03+00:00","mainEntityOfPage":{"@id":"https:\/\/ocoerente.com.br\/se\/2026\/01\/24\/governo-moderniza-gestao-e-aprimora-atendimentos-de-saude-com-investimentos-em-novas-tecnologias-digitais\/"},"wordCount":564,"publisher":{"@id":"https:\/\/ocoerente.com.br\/se\/#\/schema\/person\/cc6bfd9fbca465e23543b0c963d8d037"},"image":{"@id":"https:\/\/ocoerente.com.br\/se\/2026\/01\/24\/governo-moderniza-gestao-e-aprimora-atendimentos-de-saude-com-investimentos-em-novas-tecnologias-digitais\/#primaryimage"},"thumbnailUrl":"https:\/\/ocoerente.com.br\/se\/wp-content\/uploads\/2026\/01\/9fe3ec2f66ba.jpeg","articleSection":["Ci\u00eancia e Tecnologia","Destaques"],"inLanguage":"pt-BR"},{"@type":"WebPage","@id":"https:\/\/ocoerente.com.br\/se\/2026\/01\/24\/governo-moderniza-gestao-e-aprimora-atendimentos-de-saude-com-investimentos-em-novas-tecnologias-digitais\/","url":"https:\/\/ocoerente.com.br\/se\/2026\/01\/24\/governo-moderniza-gestao-e-aprimora-atendimentos-de-saude-com-investimentos-em-novas-tecnologias-digitais\/","name":"Governo moderniza gest\u00e3o e aprimora atendimentos de sa\u00fade com investimentos em novas tecnologias digitais - O Coerente","isPartOf":{"@id":"https:\/\/ocoerente.com.br\/se\/#website"},"primaryImageOfPage":{"@id":"https:\/\/ocoerente.com.br\/se\/2026\/01\/24\/governo-moderniza-gestao-e-aprimora-atendimentos-de-saude-com-investimentos-em-novas-tecnologias-digitais\/#primaryimage"},"image":{"@id":"https:\/\/ocoerente.com.br\/se\/2026\/01\/24\/governo-moderniza-gestao-e-aprimora-atendimentos-de-saude-com-investimentos-em-novas-tecnologias-digitais\/#primaryimage"},"thumbnailUrl":"https:\/\/ocoerente.com.br\/se\/wp-content\/uploads\/2026\/01\/9fe3ec2f66ba.jpeg","datePublished":"2026-01-24T04:12:01+00:00","dateModified":"2026-01-24T04:12:03+00:00","breadcrumb":{"@id":"https:\/\/ocoerente.com.br\/se\/2026\/01\/24\/governo-moderniza-gestao-e-aprimora-atendimentos-de-saude-com-investimentos-em-novas-tecnologias-digitais\/#breadcrumb"},"inLanguage":"pt-BR","potentialAction":[{"@type":"ReadAction","target":["https:\/\/ocoerente.com.br\/se\/2026\/01\/24\/governo-moderniza-gestao-e-aprimora-atendimentos-de-saude-com-investimentos-em-novas-tecnologias-digitais\/"]}]},{"@type":"ImageObject","inLanguage":"pt-BR","@id":"https:\/\/ocoerente.com.br\/se\/2026\/01\/24\/governo-moderniza-gestao-e-aprimora-atendimentos-de-saude-com-investimentos-em-novas-tecnologias-digitais\/#primaryimage","url":"https:\/\/ocoerente.com.br\/se\/wp-content\/uploads\/2026\/01\/9fe3ec2f66ba.jpeg","contentUrl":"https:\/\/ocoerente.com.br\/se\/wp-content\/uploads\/2026\/01\/9fe3ec2f66ba.jpeg","width":1100,"height":610,"caption":"Fotos: Felipe Goettenauer"},{"@type":"BreadcrumbList","@id":"https:\/\/ocoerente.com.br\/se\/2026\/01\/24\/governo-moderniza-gestao-e-aprimora-atendimentos-de-saude-com-investimentos-em-novas-tecnologias-digitais\/#breadcrumb","itemListElement":[{"@type":"ListItem","position":1,"name":"In\u00edcio","item":"https:\/\/ocoerente.com.br\/se\/"},{"@type":"ListItem","position":2,"name":"Governo moderniza gest\u00e3o e aprimora atendimentos de sa\u00fade com investimentos em novas tecnologias digitais"}]},{"@type":"WebSite","@id":"https:\/\/ocoerente.com.br\/se\/#website","url":"https:\/\/ocoerente.com.br\/se\/","name":"O Coerente","description":"","publisher":{"@id":"https:\/\/ocoerente.com.br\/se\/#\/schema\/person\/cc6bfd9fbca465e23543b0c963d8d037"},"potentialAction":[{"@type":"SearchAction","target":{"@type":"EntryPoint","urlTemplate":"https:\/\/ocoerente.com.br\/se\/?s={search_term_string}"},"query-input":{"@type":"PropertyValueSpecification","valueRequired":true,"valueName":"search_term_string"}}],"inLanguage":"pt-BR"},{"@type":["Person","Organization"],"@id":"https:\/\/ocoerente.com.br\/se\/#\/schema\/person\/cc6bfd9fbca465e23543b0c963d8d037","name":"Reda\u00e7\u00e3o","image":{"@type":"ImageObject","inLanguage":"pt-BR","@id":"https:\/\/ocoerente.com.br\/se\/wp-content\/uploads\/2020\/01\/ocoerente-1.png","url":"https:\/\/ocoerente.com.br\/se\/wp-content\/uploads\/2020\/01\/ocoerente-1.png","contentUrl":"https:\/\/ocoerente.com.br\/se\/wp-content\/uploads\/2020\/01\/ocoerente-1.png","width":50,"height":50,"caption":"Reda\u00e7\u00e3o"},"logo":{"@id":"https:\/\/ocoerente.com.br\/se\/wp-content\/uploads\/2020\/01\/ocoerente-1.png"},"url":"https:\/\/ocoerente.com.br\/se\/author\/vasticlsales\/"}]}},"_links":{"self":[{"href":"https:\/\/ocoerente.com.br\/se\/wp-json\/wp\/v2\/posts\/18464","targetHints":{"allow":["GET"]}}],"collection":[{"href":"https:\/\/ocoerente.com.br\/se\/wp-json\/wp\/v2\/posts"}],"about":[{"href":"https:\/\/ocoerente.com.br\/se\/wp-json\/wp\/v2\/types\/post"}],"author":[{"embeddable":true,"href":"https:\/\/ocoerente.com.br\/se\/wp-json\/wp\/v2\/users\/1"}],"replies":[{"embeddable":true,"href":"https:\/\/ocoerente.com.br\/se\/wp-json\/wp\/v2\/comments?post=18464"}],"version-history":[{"count":1,"href":"https:\/\/ocoerente.com.br\/se\/wp-json\/wp\/v2\/posts\/18464\/revisions"}],"predecessor-version":[{"id":18466,"href":"https:\/\/ocoerente.com.br\/se\/wp-json\/wp\/v2\/posts\/18464\/revisions\/18466"}],"wp:featuredmedia":[{"embeddable":true,"href":"https:\/\/ocoerente.com.br\/se\/wp-json\/wp\/v2\/media\/18465"}],"wp:attachment":[{"href":"https:\/\/ocoerente.com.br\/se\/wp-json\/wp\/v2\/media?parent=18464"}],"wp:term":[{"taxonomy":"category","embeddable":true,"href":"https:\/\/ocoerente.com.br\/se\/wp-json\/wp\/v2\/categories?post=18464"},{"taxonomy":"post_tag","embeddable":true,"href":"https:\/\/ocoerente.com.br\/se\/wp-json\/wp\/v2\/tags?post=18464"}],"curies":[{"name":"wp","href":"https:\/\/api.w.org\/{rel}","templated":true}]}}