{"id":18451,"date":"2026-01-22T08:54:05","date_gmt":"2026-01-22T11:54:05","guid":{"rendered":"https:\/\/ocoerente.com.br\/se\/?p=18451"},"modified":"2026-01-22T08:54:08","modified_gmt":"2026-01-22T11:54:08","slug":"visto-de-turismo-para-os-eua-continua-ativo-para-brasileiros-reforca-especialista-carol-asencio","status":"publish","type":"post","link":"https:\/\/ocoerente.com.br\/se\/2026\/01\/22\/visto-de-turismo-para-os-eua-continua-ativo-para-brasileiros-reforca-especialista-carol-asencio\/","title":{"rendered":"Visto de turismo para os EUA continua ativo para brasileiros, refor\u00e7a especialista Carol Asencio"},"content":{"rendered":"\n<p>A pol\u00edtica de imigra\u00e7\u00e3o dos Estados Unidos tem gerado ondas de incerteza em todo o mundo. Uma das medidas que causou confus\u00e3o entre os viajantes brasileiros foi a suspens\u00e3o tempor\u00e1ria da concess\u00e3o de vistos para cidad\u00e3os de 75 pa\u00edses, incluindo o Brasil. No entanto, apesar dos rumores, o visto de turismo para os EUA permanece ativo para os brasileiros e pode ser recebido com a ajuda de profissionais, conforme explica Carol Asencio, agente de viagens especialista e franqueada da BeFly Travel Aracaju.<\/p>\n\n\n\n<p>&#8220;\u00c9 natural que not\u00edcias sobre restri\u00e7\u00f5es gerem preocupa\u00e7\u00e3o, mas \u00e9 crucial entender a natureza da medida. O visto de turismo para o brasileiro n\u00e3o foi suspenso. O que houve foi um aumento na complexidade e na aten\u00e7\u00e3o aos detalhes do processo, exigindo do solicitante uma prepara\u00e7\u00e3o ainda mais rigorosa&#8221;, explica.<\/p>\n\n\n\n<p>A medida de suspens\u00e3o que ganhou destaque na imprensa focava principalmente nos chamados<em>&nbsp;immigrant visas&nbsp;<\/em>(vistos para quem deseja morar e trabalhar nos EUA), e n\u00e3o na categoria na qual se enquadra o visto de turismo (B1\/B2). A confus\u00e3o, no entanto, refor\u00e7a a necessidade de buscar informa\u00e7\u00f5es precisas e suporte qualificado.<\/p>\n\n\n\n<p>\u201c\u00c9 neste ponto que a BeFly Travel Aracaju se posiciona como um parceiro estrat\u00e9gico para os sergipanos. A ag\u00eancia oferece um servi\u00e7o de consultoria especializada que visa facilitar o processo e garantir que toda a documenta\u00e7\u00e3o esteja em conformidade com as exig\u00eancias atuais. O resultado dessa expertise \u00e9 um \u00edndice de sucesso not\u00e1vel e a equipe da BeFly Travel Aracaju ostenta uma taxa de aprova\u00e7\u00e3o de visto de 99%\u201d, adiciona.<\/p>\n\n\n\n<p>\u201cEm tempos de incerteza, ter um especialista ao seu lado \u00e9 a garantia de que o sonho da viagem n\u00e3o ser\u00e1 frustrado por quest\u00f5es burocr\u00e1ticas&#8221;, finaliza Carol Asencio.<\/p>\n","protected":false},"excerpt":{"rendered":"<p>A pol\u00edtica de imigra\u00e7\u00e3o dos Estados Unidos tem gerado ondas de incerteza em todo o mundo. Uma das medidas que causou confus\u00e3o entre os viajantes brasileiros foi a suspens\u00e3o tempor\u00e1ria da concess\u00e3o de vistos para cidad\u00e3os de 75 pa\u00edses, incluindo o Brasil. No entanto, apesar dos rumores, o visto de turismo para os EUA permanece [&hellip;]<\/p>\n","protected":false},"author":4,"featured_media":18452,"comment_status":"closed","ping_status":"closed","sticky":false,"template":"","format":"standard","meta":{"footnotes":""},"categories":[43],"tags":[],"class_list":["post-18451","post","type-post","status-publish","format-standard","has-post-thumbnail","hentry","category-sergipe"],"yoast_head":"<!-- This site is optimized with the Yoast SEO plugin v27.4 - https:\/\/yoast.com\/product\/yoast-seo-wordpress\/ -->\n<title>Visto de turismo para os EUA continua ativo para brasileiros, refor\u00e7a especialista Carol Asencio - O Coerente<\/title>\n<meta name=\"robots\" content=\"index, follow, max-snippet:-1, max-image-preview:large, max-video-preview:-1\" \/>\n<link rel=\"canonical\" href=\"https:\/\/ocoerente.com.br\/se\/2026\/01\/22\/visto-de-turismo-para-os-eua-continua-ativo-para-brasileiros-reforca-especialista-carol-asencio\/\" \/>\n<meta property=\"og:locale\" content=\"pt_BR\" \/>\n<meta property=\"og:type\" content=\"article\" \/>\n<meta property=\"og:title\" content=\"Visto de turismo para os EUA continua ativo para brasileiros, refor\u00e7a especialista Carol Asencio - O Coerente\" \/>\n<meta property=\"og:description\" content=\"A pol\u00edtica de imigra\u00e7\u00e3o dos Estados Unidos tem gerado ondas de incerteza em todo o mundo. Uma das medidas que causou confus\u00e3o entre os viajantes brasileiros foi a suspens\u00e3o tempor\u00e1ria da concess\u00e3o de vistos para cidad\u00e3os de 75 pa\u00edses, incluindo o Brasil. No entanto, apesar dos rumores, o visto de turismo para os EUA permanece [&hellip;]\" \/>\n<meta property=\"og:url\" content=\"https:\/\/ocoerente.com.br\/se\/2026\/01\/22\/visto-de-turismo-para-os-eua-continua-ativo-para-brasileiros-reforca-especialista-carol-asencio\/\" \/>\n<meta property=\"og:site_name\" content=\"O Coerente\" \/>\n<meta property=\"article:published_time\" content=\"2026-01-22T11:54:05+00:00\" \/>\n<meta property=\"article:modified_time\" content=\"2026-01-22T11:54:08+00:00\" \/>\n<meta property=\"og:image\" content=\"https:\/\/ocoerente.com.br\/se\/wp-content\/uploads\/2026\/01\/PHOTO-2026-01-21-15-03-53.jpg\" \/>\n\t<meta property=\"og:image:width\" content=\"1092\" \/>\n\t<meta property=\"og:image:height\" content=\"782\" \/>\n\t<meta property=\"og:image:type\" content=\"image\/jpeg\" \/>\n<meta name=\"author\" content=\"Abrah\u00e3o Crispim Filho\" \/>\n<meta name=\"twitter:card\" content=\"summary_large_image\" \/>\n<meta name=\"twitter:label1\" content=\"Escrito por\" \/>\n\t<meta name=\"twitter:data1\" content=\"Abrah\u00e3o Crispim Filho\" \/>\n\t<meta name=\"twitter:label2\" content=\"Est. tempo de leitura\" \/>\n\t<meta name=\"twitter:data2\" content=\"2 minutos\" \/>\n<script type=\"application\/ld+json\" class=\"yoast-schema-graph\">{\"@context\":\"https:\\\/\\\/schema.org\",\"@graph\":[{\"@type\":\"Article\",\"@id\":\"https:\\\/\\\/ocoerente.com.br\\\/se\\\/2026\\\/01\\\/22\\\/visto-de-turismo-para-os-eua-continua-ativo-para-brasileiros-reforca-especialista-carol-asencio\\\/#article\",\"isPartOf\":{\"@id\":\"https:\\\/\\\/ocoerente.com.br\\\/se\\\/2026\\\/01\\\/22\\\/visto-de-turismo-para-os-eua-continua-ativo-para-brasileiros-reforca-especialista-carol-asencio\\\/\"},\"author\":{\"name\":\"Abrah\u00e3o Crispim Filho\",\"@id\":\"https:\\\/\\\/ocoerente.com.br\\\/se\\\/#\\\/schema\\\/person\\\/1ed925f7992cb4d6d3b61e3d07b0ae08\"},\"headline\":\"Visto de turismo para os EUA continua ativo para brasileiros, refor\u00e7a especialista Carol Asencio\",\"datePublished\":\"2026-01-22T11:54:05+00:00\",\"dateModified\":\"2026-01-22T11:54:08+00:00\",\"mainEntityOfPage\":{\"@id\":\"https:\\\/\\\/ocoerente.com.br\\\/se\\\/2026\\\/01\\\/22\\\/visto-de-turismo-para-os-eua-continua-ativo-para-brasileiros-reforca-especialista-carol-asencio\\\/\"},\"wordCount\":321,\"publisher\":{\"@id\":\"https:\\\/\\\/ocoerente.com.br\\\/se\\\/#\\\/schema\\\/person\\\/cc6bfd9fbca465e23543b0c963d8d037\"},\"image\":{\"@id\":\"https:\\\/\\\/ocoerente.com.br\\\/se\\\/2026\\\/01\\\/22\\\/visto-de-turismo-para-os-eua-continua-ativo-para-brasileiros-reforca-especialista-carol-asencio\\\/#primaryimage\"},\"thumbnailUrl\":\"https:\\\/\\\/ocoerente.com.br\\\/se\\\/wp-content\\\/uploads\\\/2026\\\/01\\\/PHOTO-2026-01-21-15-03-53.jpg\",\"articleSection\":[\"Sergipe\"],\"inLanguage\":\"pt-BR\"},{\"@type\":\"WebPage\",\"@id\":\"https:\\\/\\\/ocoerente.com.br\\\/se\\\/2026\\\/01\\\/22\\\/visto-de-turismo-para-os-eua-continua-ativo-para-brasileiros-reforca-especialista-carol-asencio\\\/\",\"url\":\"https:\\\/\\\/ocoerente.com.br\\\/se\\\/2026\\\/01\\\/22\\\/visto-de-turismo-para-os-eua-continua-ativo-para-brasileiros-reforca-especialista-carol-asencio\\\/\",\"name\":\"Visto de turismo para os EUA continua ativo para brasileiros, refor\u00e7a especialista Carol Asencio - O Coerente\",\"isPartOf\":{\"@id\":\"https:\\\/\\\/ocoerente.com.br\\\/se\\\/#website\"},\"primaryImageOfPage\":{\"@id\":\"https:\\\/\\\/ocoerente.com.br\\\/se\\\/2026\\\/01\\\/22\\\/visto-de-turismo-para-os-eua-continua-ativo-para-brasileiros-reforca-especialista-carol-asencio\\\/#primaryimage\"},\"image\":{\"@id\":\"https:\\\/\\\/ocoerente.com.br\\\/se\\\/2026\\\/01\\\/22\\\/visto-de-turismo-para-os-eua-continua-ativo-para-brasileiros-reforca-especialista-carol-asencio\\\/#primaryimage\"},\"thumbnailUrl\":\"https:\\\/\\\/ocoerente.com.br\\\/se\\\/wp-content\\\/uploads\\\/2026\\\/01\\\/PHOTO-2026-01-21-15-03-53.jpg\",\"datePublished\":\"2026-01-22T11:54:05+00:00\",\"dateModified\":\"2026-01-22T11:54:08+00:00\",\"breadcrumb\":{\"@id\":\"https:\\\/\\\/ocoerente.com.br\\\/se\\\/2026\\\/01\\\/22\\\/visto-de-turismo-para-os-eua-continua-ativo-para-brasileiros-reforca-especialista-carol-asencio\\\/#breadcrumb\"},\"inLanguage\":\"pt-BR\",\"potentialAction\":[{\"@type\":\"ReadAction\",\"target\":[\"https:\\\/\\\/ocoerente.com.br\\\/se\\\/2026\\\/01\\\/22\\\/visto-de-turismo-para-os-eua-continua-ativo-para-brasileiros-reforca-especialista-carol-asencio\\\/\"]}]},{\"@type\":\"ImageObject\",\"inLanguage\":\"pt-BR\",\"@id\":\"https:\\\/\\\/ocoerente.com.br\\\/se\\\/2026\\\/01\\\/22\\\/visto-de-turismo-para-os-eua-continua-ativo-para-brasileiros-reforca-especialista-carol-asencio\\\/#primaryimage\",\"url\":\"https:\\\/\\\/ocoerente.com.br\\\/se\\\/wp-content\\\/uploads\\\/2026\\\/01\\\/PHOTO-2026-01-21-15-03-53.jpg\",\"contentUrl\":\"https:\\\/\\\/ocoerente.com.br\\\/se\\\/wp-content\\\/uploads\\\/2026\\\/01\\\/PHOTO-2026-01-21-15-03-53.jpg\",\"width\":1092,\"height\":782},{\"@type\":\"BreadcrumbList\",\"@id\":\"https:\\\/\\\/ocoerente.com.br\\\/se\\\/2026\\\/01\\\/22\\\/visto-de-turismo-para-os-eua-continua-ativo-para-brasileiros-reforca-especialista-carol-asencio\\\/#breadcrumb\",\"itemListElement\":[{\"@type\":\"ListItem\",\"position\":1,\"name\":\"In\u00edcio\",\"item\":\"https:\\\/\\\/ocoerente.com.br\\\/se\\\/\"},{\"@type\":\"ListItem\",\"position\":2,\"name\":\"Visto de turismo para os EUA continua ativo para brasileiros, refor\u00e7a especialista Carol Asencio\"}]},{\"@type\":\"WebSite\",\"@id\":\"https:\\\/\\\/ocoerente.com.br\\\/se\\\/#website\",\"url\":\"https:\\\/\\\/ocoerente.com.br\\\/se\\\/\",\"name\":\"O Coerente\",\"description\":\"\",\"publisher\":{\"@id\":\"https:\\\/\\\/ocoerente.com.br\\\/se\\\/#\\\/schema\\\/person\\\/cc6bfd9fbca465e23543b0c963d8d037\"},\"potentialAction\":[{\"@type\":\"SearchAction\",\"target\":{\"@type\":\"EntryPoint\",\"urlTemplate\":\"https:\\\/\\\/ocoerente.com.br\\\/se\\\/?s={search_term_string}\"},\"query-input\":{\"@type\":\"PropertyValueSpecification\",\"valueRequired\":true,\"valueName\":\"search_term_string\"}}],\"inLanguage\":\"pt-BR\"},{\"@type\":[\"Person\",\"Organization\"],\"@id\":\"https:\\\/\\\/ocoerente.com.br\\\/se\\\/#\\\/schema\\\/person\\\/cc6bfd9fbca465e23543b0c963d8d037\",\"name\":\"Reda\u00e7\u00e3o\",\"image\":{\"@type\":\"ImageObject\",\"inLanguage\":\"pt-BR\",\"@id\":\"https:\\\/\\\/ocoerente.com.br\\\/se\\\/wp-content\\\/uploads\\\/2020\\\/01\\\/ocoerente-1.png\",\"url\":\"https:\\\/\\\/ocoerente.com.br\\\/se\\\/wp-content\\\/uploads\\\/2020\\\/01\\\/ocoerente-1.png\",\"contentUrl\":\"https:\\\/\\\/ocoerente.com.br\\\/se\\\/wp-content\\\/uploads\\\/2020\\\/01\\\/ocoerente-1.png\",\"width\":50,\"height\":50,\"caption\":\"Reda\u00e7\u00e3o\"},\"logo\":{\"@id\":\"https:\\\/\\\/ocoerente.com.br\\\/se\\\/wp-content\\\/uploads\\\/2020\\\/01\\\/ocoerente-1.png\"}},{\"@type\":\"Person\",\"@id\":\"https:\\\/\\\/ocoerente.com.br\\\/se\\\/#\\\/schema\\\/person\\\/1ed925f7992cb4d6d3b61e3d07b0ae08\",\"name\":\"Abrah\u00e3o Crispim Filho\",\"description\":\"Jornalista p\u00f3s-graduado em Comunica\u00e7\u00e3o.\",\"url\":\"https:\\\/\\\/ocoerente.com.br\\\/se\\\/author\\\/crispimcoerente\\\/\"}]}<\/script>\n<!-- \/ Yoast SEO plugin. -->","yoast_head_json":{"title":"Visto de turismo para os EUA continua ativo para brasileiros, refor\u00e7a especialista Carol Asencio - O Coerente","robots":{"index":"index","follow":"follow","max-snippet":"max-snippet:-1","max-image-preview":"max-image-preview:large","max-video-preview":"max-video-preview:-1"},"canonical":"https:\/\/ocoerente.com.br\/se\/2026\/01\/22\/visto-de-turismo-para-os-eua-continua-ativo-para-brasileiros-reforca-especialista-carol-asencio\/","og_locale":"pt_BR","og_type":"article","og_title":"Visto de turismo para os EUA continua ativo para brasileiros, refor\u00e7a especialista Carol Asencio - O Coerente","og_description":"A pol\u00edtica de imigra\u00e7\u00e3o dos Estados Unidos tem gerado ondas de incerteza em todo o mundo. Uma das medidas que causou confus\u00e3o entre os viajantes brasileiros foi a suspens\u00e3o tempor\u00e1ria da concess\u00e3o de vistos para cidad\u00e3os de 75 pa\u00edses, incluindo o Brasil. No entanto, apesar dos rumores, o visto de turismo para os EUA permanece [&hellip;]","og_url":"https:\/\/ocoerente.com.br\/se\/2026\/01\/22\/visto-de-turismo-para-os-eua-continua-ativo-para-brasileiros-reforca-especialista-carol-asencio\/","og_site_name":"O Coerente","article_published_time":"2026-01-22T11:54:05+00:00","article_modified_time":"2026-01-22T11:54:08+00:00","og_image":[{"width":1092,"height":782,"url":"https:\/\/ocoerente.com.br\/se\/wp-content\/uploads\/2026\/01\/PHOTO-2026-01-21-15-03-53.jpg","type":"image\/jpeg"}],"author":"Abrah\u00e3o Crispim Filho","twitter_card":"summary_large_image","twitter_misc":{"Escrito por":"Abrah\u00e3o Crispim Filho","Est. tempo de leitura":"2 minutos"},"schema":{"@context":"https:\/\/schema.org","@graph":[{"@type":"Article","@id":"https:\/\/ocoerente.com.br\/se\/2026\/01\/22\/visto-de-turismo-para-os-eua-continua-ativo-para-brasileiros-reforca-especialista-carol-asencio\/#article","isPartOf":{"@id":"https:\/\/ocoerente.com.br\/se\/2026\/01\/22\/visto-de-turismo-para-os-eua-continua-ativo-para-brasileiros-reforca-especialista-carol-asencio\/"},"author":{"name":"Abrah\u00e3o Crispim Filho","@id":"https:\/\/ocoerente.com.br\/se\/#\/schema\/person\/1ed925f7992cb4d6d3b61e3d07b0ae08"},"headline":"Visto de turismo para os EUA continua ativo para brasileiros, refor\u00e7a especialista Carol Asencio","datePublished":"2026-01-22T11:54:05+00:00","dateModified":"2026-01-22T11:54:08+00:00","mainEntityOfPage":{"@id":"https:\/\/ocoerente.com.br\/se\/2026\/01\/22\/visto-de-turismo-para-os-eua-continua-ativo-para-brasileiros-reforca-especialista-carol-asencio\/"},"wordCount":321,"publisher":{"@id":"https:\/\/ocoerente.com.br\/se\/#\/schema\/person\/cc6bfd9fbca465e23543b0c963d8d037"},"image":{"@id":"https:\/\/ocoerente.com.br\/se\/2026\/01\/22\/visto-de-turismo-para-os-eua-continua-ativo-para-brasileiros-reforca-especialista-carol-asencio\/#primaryimage"},"thumbnailUrl":"https:\/\/ocoerente.com.br\/se\/wp-content\/uploads\/2026\/01\/PHOTO-2026-01-21-15-03-53.jpg","articleSection":["Sergipe"],"inLanguage":"pt-BR"},{"@type":"WebPage","@id":"https:\/\/ocoerente.com.br\/se\/2026\/01\/22\/visto-de-turismo-para-os-eua-continua-ativo-para-brasileiros-reforca-especialista-carol-asencio\/","url":"https:\/\/ocoerente.com.br\/se\/2026\/01\/22\/visto-de-turismo-para-os-eua-continua-ativo-para-brasileiros-reforca-especialista-carol-asencio\/","name":"Visto de turismo para os EUA continua ativo para brasileiros, refor\u00e7a especialista Carol Asencio - O Coerente","isPartOf":{"@id":"https:\/\/ocoerente.com.br\/se\/#website"},"primaryImageOfPage":{"@id":"https:\/\/ocoerente.com.br\/se\/2026\/01\/22\/visto-de-turismo-para-os-eua-continua-ativo-para-brasileiros-reforca-especialista-carol-asencio\/#primaryimage"},"image":{"@id":"https:\/\/ocoerente.com.br\/se\/2026\/01\/22\/visto-de-turismo-para-os-eua-continua-ativo-para-brasileiros-reforca-especialista-carol-asencio\/#primaryimage"},"thumbnailUrl":"https:\/\/ocoerente.com.br\/se\/wp-content\/uploads\/2026\/01\/PHOTO-2026-01-21-15-03-53.jpg","datePublished":"2026-01-22T11:54:05+00:00","dateModified":"2026-01-22T11:54:08+00:00","breadcrumb":{"@id":"https:\/\/ocoerente.com.br\/se\/2026\/01\/22\/visto-de-turismo-para-os-eua-continua-ativo-para-brasileiros-reforca-especialista-carol-asencio\/#breadcrumb"},"inLanguage":"pt-BR","potentialAction":[{"@type":"ReadAction","target":["https:\/\/ocoerente.com.br\/se\/2026\/01\/22\/visto-de-turismo-para-os-eua-continua-ativo-para-brasileiros-reforca-especialista-carol-asencio\/"]}]},{"@type":"ImageObject","inLanguage":"pt-BR","@id":"https:\/\/ocoerente.com.br\/se\/2026\/01\/22\/visto-de-turismo-para-os-eua-continua-ativo-para-brasileiros-reforca-especialista-carol-asencio\/#primaryimage","url":"https:\/\/ocoerente.com.br\/se\/wp-content\/uploads\/2026\/01\/PHOTO-2026-01-21-15-03-53.jpg","contentUrl":"https:\/\/ocoerente.com.br\/se\/wp-content\/uploads\/2026\/01\/PHOTO-2026-01-21-15-03-53.jpg","width":1092,"height":782},{"@type":"BreadcrumbList","@id":"https:\/\/ocoerente.com.br\/se\/2026\/01\/22\/visto-de-turismo-para-os-eua-continua-ativo-para-brasileiros-reforca-especialista-carol-asencio\/#breadcrumb","itemListElement":[{"@type":"ListItem","position":1,"name":"In\u00edcio","item":"https:\/\/ocoerente.com.br\/se\/"},{"@type":"ListItem","position":2,"name":"Visto de turismo para os EUA continua ativo para brasileiros, refor\u00e7a especialista Carol Asencio"}]},{"@type":"WebSite","@id":"https:\/\/ocoerente.com.br\/se\/#website","url":"https:\/\/ocoerente.com.br\/se\/","name":"O Coerente","description":"","publisher":{"@id":"https:\/\/ocoerente.com.br\/se\/#\/schema\/person\/cc6bfd9fbca465e23543b0c963d8d037"},"potentialAction":[{"@type":"SearchAction","target":{"@type":"EntryPoint","urlTemplate":"https:\/\/ocoerente.com.br\/se\/?s={search_term_string}"},"query-input":{"@type":"PropertyValueSpecification","valueRequired":true,"valueName":"search_term_string"}}],"inLanguage":"pt-BR"},{"@type":["Person","Organization"],"@id":"https:\/\/ocoerente.com.br\/se\/#\/schema\/person\/cc6bfd9fbca465e23543b0c963d8d037","name":"Reda\u00e7\u00e3o","image":{"@type":"ImageObject","inLanguage":"pt-BR","@id":"https:\/\/ocoerente.com.br\/se\/wp-content\/uploads\/2020\/01\/ocoerente-1.png","url":"https:\/\/ocoerente.com.br\/se\/wp-content\/uploads\/2020\/01\/ocoerente-1.png","contentUrl":"https:\/\/ocoerente.com.br\/se\/wp-content\/uploads\/2020\/01\/ocoerente-1.png","width":50,"height":50,"caption":"Reda\u00e7\u00e3o"},"logo":{"@id":"https:\/\/ocoerente.com.br\/se\/wp-content\/uploads\/2020\/01\/ocoerente-1.png"}},{"@type":"Person","@id":"https:\/\/ocoerente.com.br\/se\/#\/schema\/person\/1ed925f7992cb4d6d3b61e3d07b0ae08","name":"Abrah\u00e3o Crispim Filho","description":"Jornalista p\u00f3s-graduado em Comunica\u00e7\u00e3o.","url":"https:\/\/ocoerente.com.br\/se\/author\/crispimcoerente\/"}]}},"_links":{"self":[{"href":"https:\/\/ocoerente.com.br\/se\/wp-json\/wp\/v2\/posts\/18451","targetHints":{"allow":["GET"]}}],"collection":[{"href":"https:\/\/ocoerente.com.br\/se\/wp-json\/wp\/v2\/posts"}],"about":[{"href":"https:\/\/ocoerente.com.br\/se\/wp-json\/wp\/v2\/types\/post"}],"author":[{"embeddable":true,"href":"https:\/\/ocoerente.com.br\/se\/wp-json\/wp\/v2\/users\/4"}],"replies":[{"embeddable":true,"href":"https:\/\/ocoerente.com.br\/se\/wp-json\/wp\/v2\/comments?post=18451"}],"version-history":[{"count":1,"href":"https:\/\/ocoerente.com.br\/se\/wp-json\/wp\/v2\/posts\/18451\/revisions"}],"predecessor-version":[{"id":18453,"href":"https:\/\/ocoerente.com.br\/se\/wp-json\/wp\/v2\/posts\/18451\/revisions\/18453"}],"wp:featuredmedia":[{"embeddable":true,"href":"https:\/\/ocoerente.com.br\/se\/wp-json\/wp\/v2\/media\/18452"}],"wp:attachment":[{"href":"https:\/\/ocoerente.com.br\/se\/wp-json\/wp\/v2\/media?parent=18451"}],"wp:term":[{"taxonomy":"category","embeddable":true,"href":"https:\/\/ocoerente.com.br\/se\/wp-json\/wp\/v2\/categories?post=18451"},{"taxonomy":"post_tag","embeddable":true,"href":"https:\/\/ocoerente.com.br\/se\/wp-json\/wp\/v2\/tags?post=18451"}],"curies":[{"name":"wp","href":"https:\/\/api.w.org\/{rel}","templated":true}]}}