{"id":18440,"date":"2026-01-20T17:00:22","date_gmt":"2026-01-20T20:00:22","guid":{"rendered":"https:\/\/ocoerente.com.br\/se\/?p=18440"},"modified":"2026-01-20T17:00:24","modified_gmt":"2026-01-20T20:00:24","slug":"saulo-som-sol-antecipa-o-clima-do-carnaval-em-aracaju-e-entra-na-reta-final-do-segundo-lote","status":"publish","type":"post","link":"https:\/\/ocoerente.com.br\/se\/2026\/01\/20\/saulo-som-sol-antecipa-o-clima-do-carnaval-em-aracaju-e-entra-na-reta-final-do-segundo-lote\/","title":{"rendered":"\u201cSaulo, Som, Sol\u201d antecipa o clima do Carnaval em Aracaju e entra na reta final do segundo lote\u00a0"},"content":{"rendered":"\n<p><em>Festa acontece no dia 7 de fevereiro, no estacionamento do RioMar Shopping, com Saulo, Pagodum e DJ Sky no palco<\/em><\/p>\n\n\n\n<p>A poucos dias do Carnaval e em pleno clima de ver\u00e3o, Aracaju viver\u00e1 uma experi\u00eancia de m\u00fasica, energia e alto astral com a chegada do projeto \u201cSaulo, Som, Sol\u201d, de Saulo Fernandes. O evento acontece no dia 7 de fevereiro, no estacionamento do RioMar Shopping, e entra agora na reta final do segundo lote de ingressos, dispon\u00edvel at\u00e9 \u00e0s 23h59 do dia 30 de janeiro.&nbsp;<\/p>\n\n\n\n<p>A festa come\u00e7a \u00e0 tarde, a partir das 15h, e segue pela noite, em um show ao ar livre, com palco intimista e cerca de tr\u00eas horas de apresenta\u00e7\u00e3o. Com sua conex\u00e3o intensa com o p\u00fablico e um repert\u00f3rio que atravessa gera\u00e7\u00f5es, Saulo promete transformar o espa\u00e7o em um grande encontro de celebra\u00e7\u00e3o, leveza e boas vibra\u00e7\u00f5es \u2014 clima perfeito para aquecer os foli\u00f5es antes do Carnaval.&nbsp;<\/p>\n\n\n\n<p>No repert\u00f3rio, sucessos que todo mundo canta junto, como \u201cN\u00e3o Precisa Mudar\u201d, \u201cS\u00f3 Eu e Voc\u00ea\u201d, \u201cMinha Pequena Eva\u201d, \u201cAnjo\u201d, \u201cRaiz de Todo Bem\u201d, al\u00e9m de m\u00fasicas atuais e cl\u00e1ssicos que fazem parte da trajet\u00f3ria do artista.<\/p>\n\n\n\n<p>Completam a programa\u00e7\u00e3o o swing contagiante do Pagodum e a energia da m\u00fasica eletr\u00f4nica do DJ Sky, garantindo ritmo e anima\u00e7\u00e3o do come\u00e7o ao fim.&nbsp;<\/p>\n\n\n\n<p>Os ingressos s\u00e3o limitados e est\u00e3o \u00e0 venda na loja Point do Ingresso, localizada no segundo piso do RioMar Shopping, e pelo site&nbsp;<a href=\"http:\/\/www.pointdoingresso.com.br\/\" target=\"_blank\">www.pointdoingresso.com.br<\/a>. Classifica\u00e7\u00e3o indicativa: 16 anos. Mais informa\u00e7\u00f5es pelo WhatsApp (79) 3085-7300.&nbsp;<\/p>\n\n\n\n<p>Servi\u00e7o:&nbsp;<\/p>\n\n\n\n<p>Evento: \u2018Saulo, Som, Sol\u2019&nbsp;<\/p>\n\n\n\n<p>Atra\u00e7\u00f5es: Saulo, Pagodum e DJ Sky&nbsp;<\/p>\n\n\n\n<p>Data: 7 de fevereiro de 2026&nbsp;<\/p>\n\n\n\n<p>Hor\u00e1rio: 15 horas&nbsp;<\/p>\n\n\n\n<p>Local: Estacionamento do RioMar Shopping&nbsp;<\/p>\n\n\n\n<p>Ingressos: Point do Ingresso (RioMar Shopping) e atrav\u00e9s do site&nbsp;<a href=\"http:\/\/www.achetickets.com.br\/\" target=\"_blank\">www.pointdoingresso.com.br<\/a><\/p>\n","protected":false},"excerpt":{"rendered":"<p>Festa acontece no dia 7 de fevereiro, no estacionamento do RioMar Shopping, com Saulo, Pagodum e DJ Sky no palco A poucos dias do Carnaval e em pleno clima de ver\u00e3o, Aracaju viver\u00e1 uma experi\u00eancia de m\u00fasica, energia e alto astral com a chegada do projeto \u201cSaulo, Som, Sol\u201d, de Saulo Fernandes. O evento acontece [&hellip;]<\/p>\n","protected":false},"author":4,"featured_media":18442,"comment_status":"closed","ping_status":"closed","sticky":false,"template":"","format":"standard","meta":{"footnotes":""},"categories":[59,53],"tags":[],"class_list":["post-18440","post","type-post","status-publish","format-standard","has-post-thumbnail","hentry","category-coluna-abrahao-crispim-filho","category-destaques"],"yoast_head":"<!-- This site is optimized with the Yoast SEO plugin v27.4 - https:\/\/yoast.com\/product\/yoast-seo-wordpress\/ -->\n<title>\u201cSaulo, Som, Sol\u201d antecipa o clima do Carnaval em Aracaju e entra na reta final do segundo lote\u00a0 - O Coerente<\/title>\n<meta name=\"robots\" content=\"index, follow, max-snippet:-1, max-image-preview:large, max-video-preview:-1\" \/>\n<link rel=\"canonical\" href=\"https:\/\/ocoerente.com.br\/se\/2026\/01\/20\/saulo-som-sol-antecipa-o-clima-do-carnaval-em-aracaju-e-entra-na-reta-final-do-segundo-lote\/\" \/>\n<meta property=\"og:locale\" content=\"pt_BR\" \/>\n<meta property=\"og:type\" content=\"article\" \/>\n<meta property=\"og:title\" content=\"\u201cSaulo, Som, Sol\u201d antecipa o clima do Carnaval em Aracaju e entra na reta final do segundo lote\u00a0 - O Coerente\" \/>\n<meta property=\"og:description\" content=\"Festa acontece no dia 7 de fevereiro, no estacionamento do RioMar Shopping, com Saulo, Pagodum e DJ Sky no palco A poucos dias do Carnaval e em pleno clima de ver\u00e3o, Aracaju viver\u00e1 uma experi\u00eancia de m\u00fasica, energia e alto astral com a chegada do projeto \u201cSaulo, Som, Sol\u201d, de Saulo Fernandes. O evento acontece [&hellip;]\" \/>\n<meta property=\"og:url\" content=\"https:\/\/ocoerente.com.br\/se\/2026\/01\/20\/saulo-som-sol-antecipa-o-clima-do-carnaval-em-aracaju-e-entra-na-reta-final-do-segundo-lote\/\" \/>\n<meta property=\"og:site_name\" content=\"O Coerente\" \/>\n<meta property=\"article:published_time\" content=\"2026-01-20T20:00:22+00:00\" \/>\n<meta property=\"article:modified_time\" content=\"2026-01-20T20:00:24+00:00\" \/>\n<meta property=\"og:image\" content=\"https:\/\/ocoerente.com.br\/se\/wp-content\/uploads\/2026\/01\/Saulo01.jpg\" \/>\n\t<meta property=\"og:image:width\" content=\"1100\" \/>\n\t<meta property=\"og:image:height\" content=\"1018\" \/>\n\t<meta property=\"og:image:type\" content=\"image\/jpeg\" \/>\n<meta name=\"author\" content=\"Abrah\u00e3o Crispim Filho\" \/>\n<meta name=\"twitter:card\" content=\"summary_large_image\" \/>\n<meta name=\"twitter:label1\" content=\"Escrito por\" \/>\n\t<meta name=\"twitter:data1\" content=\"Abrah\u00e3o Crispim Filho\" \/>\n\t<meta name=\"twitter:label2\" content=\"Est. tempo de leitura\" \/>\n\t<meta name=\"twitter:data2\" content=\"2 minutos\" \/>\n<script type=\"application\/ld+json\" class=\"yoast-schema-graph\">{\"@context\":\"https:\\\/\\\/schema.org\",\"@graph\":[{\"@type\":\"Article\",\"@id\":\"https:\\\/\\\/ocoerente.com.br\\\/se\\\/2026\\\/01\\\/20\\\/saulo-som-sol-antecipa-o-clima-do-carnaval-em-aracaju-e-entra-na-reta-final-do-segundo-lote\\\/#article\",\"isPartOf\":{\"@id\":\"https:\\\/\\\/ocoerente.com.br\\\/se\\\/2026\\\/01\\\/20\\\/saulo-som-sol-antecipa-o-clima-do-carnaval-em-aracaju-e-entra-na-reta-final-do-segundo-lote\\\/\"},\"author\":{\"name\":\"Abrah\u00e3o Crispim Filho\",\"@id\":\"https:\\\/\\\/ocoerente.com.br\\\/se\\\/#\\\/schema\\\/person\\\/1ed925f7992cb4d6d3b61e3d07b0ae08\"},\"headline\":\"\u201cSaulo, Som, Sol\u201d antecipa o clima do Carnaval em Aracaju e entra na reta final do segundo lote\u00a0\",\"datePublished\":\"2026-01-20T20:00:22+00:00\",\"dateModified\":\"2026-01-20T20:00:24+00:00\",\"mainEntityOfPage\":{\"@id\":\"https:\\\/\\\/ocoerente.com.br\\\/se\\\/2026\\\/01\\\/20\\\/saulo-som-sol-antecipa-o-clima-do-carnaval-em-aracaju-e-entra-na-reta-final-do-segundo-lote\\\/\"},\"wordCount\":343,\"publisher\":{\"@id\":\"https:\\\/\\\/ocoerente.com.br\\\/se\\\/#\\\/schema\\\/person\\\/cc6bfd9fbca465e23543b0c963d8d037\"},\"image\":{\"@id\":\"https:\\\/\\\/ocoerente.com.br\\\/se\\\/2026\\\/01\\\/20\\\/saulo-som-sol-antecipa-o-clima-do-carnaval-em-aracaju-e-entra-na-reta-final-do-segundo-lote\\\/#primaryimage\"},\"thumbnailUrl\":\"https:\\\/\\\/ocoerente.com.br\\\/se\\\/wp-content\\\/uploads\\\/2026\\\/01\\\/Saulo01.jpg\",\"articleSection\":[\"Coluna\",\"Destaques\"],\"inLanguage\":\"pt-BR\"},{\"@type\":\"WebPage\",\"@id\":\"https:\\\/\\\/ocoerente.com.br\\\/se\\\/2026\\\/01\\\/20\\\/saulo-som-sol-antecipa-o-clima-do-carnaval-em-aracaju-e-entra-na-reta-final-do-segundo-lote\\\/\",\"url\":\"https:\\\/\\\/ocoerente.com.br\\\/se\\\/2026\\\/01\\\/20\\\/saulo-som-sol-antecipa-o-clima-do-carnaval-em-aracaju-e-entra-na-reta-final-do-segundo-lote\\\/\",\"name\":\"\u201cSaulo, Som, Sol\u201d antecipa o clima do Carnaval em Aracaju e entra na reta final do segundo lote\u00a0 - O Coerente\",\"isPartOf\":{\"@id\":\"https:\\\/\\\/ocoerente.com.br\\\/se\\\/#website\"},\"primaryImageOfPage\":{\"@id\":\"https:\\\/\\\/ocoerente.com.br\\\/se\\\/2026\\\/01\\\/20\\\/saulo-som-sol-antecipa-o-clima-do-carnaval-em-aracaju-e-entra-na-reta-final-do-segundo-lote\\\/#primaryimage\"},\"image\":{\"@id\":\"https:\\\/\\\/ocoerente.com.br\\\/se\\\/2026\\\/01\\\/20\\\/saulo-som-sol-antecipa-o-clima-do-carnaval-em-aracaju-e-entra-na-reta-final-do-segundo-lote\\\/#primaryimage\"},\"thumbnailUrl\":\"https:\\\/\\\/ocoerente.com.br\\\/se\\\/wp-content\\\/uploads\\\/2026\\\/01\\\/Saulo01.jpg\",\"datePublished\":\"2026-01-20T20:00:22+00:00\",\"dateModified\":\"2026-01-20T20:00:24+00:00\",\"breadcrumb\":{\"@id\":\"https:\\\/\\\/ocoerente.com.br\\\/se\\\/2026\\\/01\\\/20\\\/saulo-som-sol-antecipa-o-clima-do-carnaval-em-aracaju-e-entra-na-reta-final-do-segundo-lote\\\/#breadcrumb\"},\"inLanguage\":\"pt-BR\",\"potentialAction\":[{\"@type\":\"ReadAction\",\"target\":[\"https:\\\/\\\/ocoerente.com.br\\\/se\\\/2026\\\/01\\\/20\\\/saulo-som-sol-antecipa-o-clima-do-carnaval-em-aracaju-e-entra-na-reta-final-do-segundo-lote\\\/\"]}]},{\"@type\":\"ImageObject\",\"inLanguage\":\"pt-BR\",\"@id\":\"https:\\\/\\\/ocoerente.com.br\\\/se\\\/2026\\\/01\\\/20\\\/saulo-som-sol-antecipa-o-clima-do-carnaval-em-aracaju-e-entra-na-reta-final-do-segundo-lote\\\/#primaryimage\",\"url\":\"https:\\\/\\\/ocoerente.com.br\\\/se\\\/wp-content\\\/uploads\\\/2026\\\/01\\\/Saulo01.jpg\",\"contentUrl\":\"https:\\\/\\\/ocoerente.com.br\\\/se\\\/wp-content\\\/uploads\\\/2026\\\/01\\\/Saulo01.jpg\",\"width\":1100,\"height\":1018},{\"@type\":\"BreadcrumbList\",\"@id\":\"https:\\\/\\\/ocoerente.com.br\\\/se\\\/2026\\\/01\\\/20\\\/saulo-som-sol-antecipa-o-clima-do-carnaval-em-aracaju-e-entra-na-reta-final-do-segundo-lote\\\/#breadcrumb\",\"itemListElement\":[{\"@type\":\"ListItem\",\"position\":1,\"name\":\"In\u00edcio\",\"item\":\"https:\\\/\\\/ocoerente.com.br\\\/se\\\/\"},{\"@type\":\"ListItem\",\"position\":2,\"name\":\"\u201cSaulo, Som, Sol\u201d antecipa o clima do Carnaval em Aracaju e entra na reta final do segundo lote\u00a0\"}]},{\"@type\":\"WebSite\",\"@id\":\"https:\\\/\\\/ocoerente.com.br\\\/se\\\/#website\",\"url\":\"https:\\\/\\\/ocoerente.com.br\\\/se\\\/\",\"name\":\"O Coerente\",\"description\":\"\",\"publisher\":{\"@id\":\"https:\\\/\\\/ocoerente.com.br\\\/se\\\/#\\\/schema\\\/person\\\/cc6bfd9fbca465e23543b0c963d8d037\"},\"potentialAction\":[{\"@type\":\"SearchAction\",\"target\":{\"@type\":\"EntryPoint\",\"urlTemplate\":\"https:\\\/\\\/ocoerente.com.br\\\/se\\\/?s={search_term_string}\"},\"query-input\":{\"@type\":\"PropertyValueSpecification\",\"valueRequired\":true,\"valueName\":\"search_term_string\"}}],\"inLanguage\":\"pt-BR\"},{\"@type\":[\"Person\",\"Organization\"],\"@id\":\"https:\\\/\\\/ocoerente.com.br\\\/se\\\/#\\\/schema\\\/person\\\/cc6bfd9fbca465e23543b0c963d8d037\",\"name\":\"Reda\u00e7\u00e3o\",\"image\":{\"@type\":\"ImageObject\",\"inLanguage\":\"pt-BR\",\"@id\":\"https:\\\/\\\/ocoerente.com.br\\\/se\\\/wp-content\\\/uploads\\\/2020\\\/01\\\/ocoerente-1.png\",\"url\":\"https:\\\/\\\/ocoerente.com.br\\\/se\\\/wp-content\\\/uploads\\\/2020\\\/01\\\/ocoerente-1.png\",\"contentUrl\":\"https:\\\/\\\/ocoerente.com.br\\\/se\\\/wp-content\\\/uploads\\\/2020\\\/01\\\/ocoerente-1.png\",\"width\":50,\"height\":50,\"caption\":\"Reda\u00e7\u00e3o\"},\"logo\":{\"@id\":\"https:\\\/\\\/ocoerente.com.br\\\/se\\\/wp-content\\\/uploads\\\/2020\\\/01\\\/ocoerente-1.png\"}},{\"@type\":\"Person\",\"@id\":\"https:\\\/\\\/ocoerente.com.br\\\/se\\\/#\\\/schema\\\/person\\\/1ed925f7992cb4d6d3b61e3d07b0ae08\",\"name\":\"Abrah\u00e3o Crispim Filho\",\"description\":\"Jornalista p\u00f3s-graduado em Comunica\u00e7\u00e3o.\",\"url\":\"https:\\\/\\\/ocoerente.com.br\\\/se\\\/author\\\/crispimcoerente\\\/\"}]}<\/script>\n<!-- \/ Yoast SEO plugin. -->","yoast_head_json":{"title":"\u201cSaulo, Som, Sol\u201d antecipa o clima do Carnaval em Aracaju e entra na reta final do segundo lote\u00a0 - O Coerente","robots":{"index":"index","follow":"follow","max-snippet":"max-snippet:-1","max-image-preview":"max-image-preview:large","max-video-preview":"max-video-preview:-1"},"canonical":"https:\/\/ocoerente.com.br\/se\/2026\/01\/20\/saulo-som-sol-antecipa-o-clima-do-carnaval-em-aracaju-e-entra-na-reta-final-do-segundo-lote\/","og_locale":"pt_BR","og_type":"article","og_title":"\u201cSaulo, Som, Sol\u201d antecipa o clima do Carnaval em Aracaju e entra na reta final do segundo lote\u00a0 - O Coerente","og_description":"Festa acontece no dia 7 de fevereiro, no estacionamento do RioMar Shopping, com Saulo, Pagodum e DJ Sky no palco A poucos dias do Carnaval e em pleno clima de ver\u00e3o, Aracaju viver\u00e1 uma experi\u00eancia de m\u00fasica, energia e alto astral com a chegada do projeto \u201cSaulo, Som, Sol\u201d, de Saulo Fernandes. O evento acontece [&hellip;]","og_url":"https:\/\/ocoerente.com.br\/se\/2026\/01\/20\/saulo-som-sol-antecipa-o-clima-do-carnaval-em-aracaju-e-entra-na-reta-final-do-segundo-lote\/","og_site_name":"O Coerente","article_published_time":"2026-01-20T20:00:22+00:00","article_modified_time":"2026-01-20T20:00:24+00:00","og_image":[{"width":1100,"height":1018,"url":"https:\/\/ocoerente.com.br\/se\/wp-content\/uploads\/2026\/01\/Saulo01.jpg","type":"image\/jpeg"}],"author":"Abrah\u00e3o Crispim Filho","twitter_card":"summary_large_image","twitter_misc":{"Escrito por":"Abrah\u00e3o Crispim Filho","Est. tempo de leitura":"2 minutos"},"schema":{"@context":"https:\/\/schema.org","@graph":[{"@type":"Article","@id":"https:\/\/ocoerente.com.br\/se\/2026\/01\/20\/saulo-som-sol-antecipa-o-clima-do-carnaval-em-aracaju-e-entra-na-reta-final-do-segundo-lote\/#article","isPartOf":{"@id":"https:\/\/ocoerente.com.br\/se\/2026\/01\/20\/saulo-som-sol-antecipa-o-clima-do-carnaval-em-aracaju-e-entra-na-reta-final-do-segundo-lote\/"},"author":{"name":"Abrah\u00e3o Crispim Filho","@id":"https:\/\/ocoerente.com.br\/se\/#\/schema\/person\/1ed925f7992cb4d6d3b61e3d07b0ae08"},"headline":"\u201cSaulo, Som, Sol\u201d antecipa o clima do Carnaval em Aracaju e entra na reta final do segundo lote\u00a0","datePublished":"2026-01-20T20:00:22+00:00","dateModified":"2026-01-20T20:00:24+00:00","mainEntityOfPage":{"@id":"https:\/\/ocoerente.com.br\/se\/2026\/01\/20\/saulo-som-sol-antecipa-o-clima-do-carnaval-em-aracaju-e-entra-na-reta-final-do-segundo-lote\/"},"wordCount":343,"publisher":{"@id":"https:\/\/ocoerente.com.br\/se\/#\/schema\/person\/cc6bfd9fbca465e23543b0c963d8d037"},"image":{"@id":"https:\/\/ocoerente.com.br\/se\/2026\/01\/20\/saulo-som-sol-antecipa-o-clima-do-carnaval-em-aracaju-e-entra-na-reta-final-do-segundo-lote\/#primaryimage"},"thumbnailUrl":"https:\/\/ocoerente.com.br\/se\/wp-content\/uploads\/2026\/01\/Saulo01.jpg","articleSection":["Coluna","Destaques"],"inLanguage":"pt-BR"},{"@type":"WebPage","@id":"https:\/\/ocoerente.com.br\/se\/2026\/01\/20\/saulo-som-sol-antecipa-o-clima-do-carnaval-em-aracaju-e-entra-na-reta-final-do-segundo-lote\/","url":"https:\/\/ocoerente.com.br\/se\/2026\/01\/20\/saulo-som-sol-antecipa-o-clima-do-carnaval-em-aracaju-e-entra-na-reta-final-do-segundo-lote\/","name":"\u201cSaulo, Som, Sol\u201d antecipa o clima do Carnaval em Aracaju e entra na reta final do segundo lote\u00a0 - O Coerente","isPartOf":{"@id":"https:\/\/ocoerente.com.br\/se\/#website"},"primaryImageOfPage":{"@id":"https:\/\/ocoerente.com.br\/se\/2026\/01\/20\/saulo-som-sol-antecipa-o-clima-do-carnaval-em-aracaju-e-entra-na-reta-final-do-segundo-lote\/#primaryimage"},"image":{"@id":"https:\/\/ocoerente.com.br\/se\/2026\/01\/20\/saulo-som-sol-antecipa-o-clima-do-carnaval-em-aracaju-e-entra-na-reta-final-do-segundo-lote\/#primaryimage"},"thumbnailUrl":"https:\/\/ocoerente.com.br\/se\/wp-content\/uploads\/2026\/01\/Saulo01.jpg","datePublished":"2026-01-20T20:00:22+00:00","dateModified":"2026-01-20T20:00:24+00:00","breadcrumb":{"@id":"https:\/\/ocoerente.com.br\/se\/2026\/01\/20\/saulo-som-sol-antecipa-o-clima-do-carnaval-em-aracaju-e-entra-na-reta-final-do-segundo-lote\/#breadcrumb"},"inLanguage":"pt-BR","potentialAction":[{"@type":"ReadAction","target":["https:\/\/ocoerente.com.br\/se\/2026\/01\/20\/saulo-som-sol-antecipa-o-clima-do-carnaval-em-aracaju-e-entra-na-reta-final-do-segundo-lote\/"]}]},{"@type":"ImageObject","inLanguage":"pt-BR","@id":"https:\/\/ocoerente.com.br\/se\/2026\/01\/20\/saulo-som-sol-antecipa-o-clima-do-carnaval-em-aracaju-e-entra-na-reta-final-do-segundo-lote\/#primaryimage","url":"https:\/\/ocoerente.com.br\/se\/wp-content\/uploads\/2026\/01\/Saulo01.jpg","contentUrl":"https:\/\/ocoerente.com.br\/se\/wp-content\/uploads\/2026\/01\/Saulo01.jpg","width":1100,"height":1018},{"@type":"BreadcrumbList","@id":"https:\/\/ocoerente.com.br\/se\/2026\/01\/20\/saulo-som-sol-antecipa-o-clima-do-carnaval-em-aracaju-e-entra-na-reta-final-do-segundo-lote\/#breadcrumb","itemListElement":[{"@type":"ListItem","position":1,"name":"In\u00edcio","item":"https:\/\/ocoerente.com.br\/se\/"},{"@type":"ListItem","position":2,"name":"\u201cSaulo, Som, Sol\u201d antecipa o clima do Carnaval em Aracaju e entra na reta final do segundo lote\u00a0"}]},{"@type":"WebSite","@id":"https:\/\/ocoerente.com.br\/se\/#website","url":"https:\/\/ocoerente.com.br\/se\/","name":"O Coerente","description":"","publisher":{"@id":"https:\/\/ocoerente.com.br\/se\/#\/schema\/person\/cc6bfd9fbca465e23543b0c963d8d037"},"potentialAction":[{"@type":"SearchAction","target":{"@type":"EntryPoint","urlTemplate":"https:\/\/ocoerente.com.br\/se\/?s={search_term_string}"},"query-input":{"@type":"PropertyValueSpecification","valueRequired":true,"valueName":"search_term_string"}}],"inLanguage":"pt-BR"},{"@type":["Person","Organization"],"@id":"https:\/\/ocoerente.com.br\/se\/#\/schema\/person\/cc6bfd9fbca465e23543b0c963d8d037","name":"Reda\u00e7\u00e3o","image":{"@type":"ImageObject","inLanguage":"pt-BR","@id":"https:\/\/ocoerente.com.br\/se\/wp-content\/uploads\/2020\/01\/ocoerente-1.png","url":"https:\/\/ocoerente.com.br\/se\/wp-content\/uploads\/2020\/01\/ocoerente-1.png","contentUrl":"https:\/\/ocoerente.com.br\/se\/wp-content\/uploads\/2020\/01\/ocoerente-1.png","width":50,"height":50,"caption":"Reda\u00e7\u00e3o"},"logo":{"@id":"https:\/\/ocoerente.com.br\/se\/wp-content\/uploads\/2020\/01\/ocoerente-1.png"}},{"@type":"Person","@id":"https:\/\/ocoerente.com.br\/se\/#\/schema\/person\/1ed925f7992cb4d6d3b61e3d07b0ae08","name":"Abrah\u00e3o Crispim Filho","description":"Jornalista p\u00f3s-graduado em Comunica\u00e7\u00e3o.","url":"https:\/\/ocoerente.com.br\/se\/author\/crispimcoerente\/"}]}},"_links":{"self":[{"href":"https:\/\/ocoerente.com.br\/se\/wp-json\/wp\/v2\/posts\/18440","targetHints":{"allow":["GET"]}}],"collection":[{"href":"https:\/\/ocoerente.com.br\/se\/wp-json\/wp\/v2\/posts"}],"about":[{"href":"https:\/\/ocoerente.com.br\/se\/wp-json\/wp\/v2\/types\/post"}],"author":[{"embeddable":true,"href":"https:\/\/ocoerente.com.br\/se\/wp-json\/wp\/v2\/users\/4"}],"replies":[{"embeddable":true,"href":"https:\/\/ocoerente.com.br\/se\/wp-json\/wp\/v2\/comments?post=18440"}],"version-history":[{"count":1,"href":"https:\/\/ocoerente.com.br\/se\/wp-json\/wp\/v2\/posts\/18440\/revisions"}],"predecessor-version":[{"id":18443,"href":"https:\/\/ocoerente.com.br\/se\/wp-json\/wp\/v2\/posts\/18440\/revisions\/18443"}],"wp:featuredmedia":[{"embeddable":true,"href":"https:\/\/ocoerente.com.br\/se\/wp-json\/wp\/v2\/media\/18442"}],"wp:attachment":[{"href":"https:\/\/ocoerente.com.br\/se\/wp-json\/wp\/v2\/media?parent=18440"}],"wp:term":[{"taxonomy":"category","embeddable":true,"href":"https:\/\/ocoerente.com.br\/se\/wp-json\/wp\/v2\/categories?post=18440"},{"taxonomy":"post_tag","embeddable":true,"href":"https:\/\/ocoerente.com.br\/se\/wp-json\/wp\/v2\/tags?post=18440"}],"curies":[{"name":"wp","href":"https:\/\/api.w.org\/{rel}","templated":true}]}}