{"id":18437,"date":"2026-01-20T16:21:38","date_gmt":"2026-01-20T19:21:38","guid":{"rendered":"https:\/\/ocoerente.com.br\/se\/?p=18437"},"modified":"2026-01-20T16:21:40","modified_gmt":"2026-01-20T19:21:40","slug":"ricardo-marques-celebra-decisao-judicial-que-determina-retirada-de-catracas-duplas-e-relembra-historico-de-luta-pela-causa","status":"publish","type":"post","link":"https:\/\/ocoerente.com.br\/se\/2026\/01\/20\/ricardo-marques-celebra-decisao-judicial-que-determina-retirada-de-catracas-duplas-e-relembra-historico-de-luta-pela-causa\/","title":{"rendered":"Ricardo Marques celebra decis\u00e3o judicial que determina retirada de catracas duplas e relembra hist\u00f3rico de luta pela causa"},"content":{"rendered":"\n<p>O vice-prefeito de Aracaju, Ricardo Marques, celebrou a decis\u00e3o da Justi\u00e7a de Sergipe que determinou a retirada das catracas duplas dos \u00f4nibus do transporte p\u00fablico da capital e regi\u00e3o metropolitana. A senten\u00e7a, que atende a uma A\u00e7\u00e3o Civil P\u00fablica movida pelo Minist\u00e9rio P\u00fablico de Sergipe (MPSE), estabelece um prazo de 30 dias para a remo\u00e7\u00e3o dos equipamentos que desrespeitam as normas t\u00e9cnicas de acessibilidade.<\/p>\n\n\n\n<p>Ricardo Marques, que tem um longo hist\u00f3rico de oposi\u00e7\u00e3o \u00e0 medida, foi um dos principais articuladores pol\u00edticos contra a instala\u00e7\u00e3o dos equipamentos. Ainda como vereador, ele provocou oficialmente o Minist\u00e9rio P\u00fablico sobre a irregularidade e os preju\u00edzos que as catracas duplas causavam aos usu\u00e1rios.<\/p>\n\n\n\n<p>\u201cEstou muito feliz com essa decis\u00e3o, que considero uma grande vit\u00f3ria do povo de Aracaju\u201d, declarou o vice-prefeito. \u201cDesde o meu mandato como vereador, venho denunciando que essas catracas s\u00e3o desumanas e ilegais. Elas constrangem e dificultam a vida de milhares de pessoas, especialmente idosos, gestantes, pessoas com defici\u00eancia ou com sobrepeso. A decis\u00e3o da Justi\u00e7a apenas confirma o que sempre dissemos: cobrar e fiscalizar em defesa da popula\u00e7\u00e3o traz resultado.\u201d<\/p>\n\n\n\n<p>A a\u00e7\u00e3o do MPSE foi motivada por in\u00fameras den\u00fancias de usu\u00e1rios e constatou, atrav\u00e9s de vistorias, que os equipamentos violam a norma NBR 15570 da ABNT, que estabelece padr\u00f5es de seguran\u00e7a e acessibilidade. A decis\u00e3o judicial pro\u00edbe a Superintend\u00eancia Municipal de Transportes e Tr\u00e2nsito (SMTT) de autorizar a instala\u00e7\u00e3o de novos equipamentos que n\u00e3o sigam as especifica\u00e7\u00f5es t\u00e9cnicas.<\/p>\n\n\n\n<p>Ricardo Marques reafirmou seu compromisso em continuar fiscalizando o sistema de transporte p\u00fablico. \u201cEssa luta n\u00e3o termina aqui. Seguiremos atentos para garantir que a decis\u00e3o seja cumprida integralmente dentro do prazo e que o transporte p\u00fablico de Aracaju ofere\u00e7a mais dignidade e respeito a todos os cidad\u00e3os\u201d, concluiu.<\/p>\n","protected":false},"excerpt":{"rendered":"<p>O vice-prefeito de Aracaju, Ricardo Marques, celebrou a decis\u00e3o da Justi\u00e7a de Sergipe que determinou a retirada das catracas duplas dos \u00f4nibus do transporte p\u00fablico da capital e regi\u00e3o metropolitana. A senten\u00e7a, que atende a uma A\u00e7\u00e3o Civil P\u00fablica movida pelo Minist\u00e9rio P\u00fablico de Sergipe (MPSE), estabelece um prazo de 30 dias para a remo\u00e7\u00e3o [&hellip;]<\/p>\n","protected":false},"author":4,"featured_media":18438,"comment_status":"closed","ping_status":"closed","sticky":false,"template":"","format":"standard","meta":{"footnotes":""},"categories":[44,43],"tags":[],"class_list":["post-18437","post","type-post","status-publish","format-standard","has-post-thumbnail","hentry","category-politica","category-sergipe"],"yoast_head":"<!-- This site is optimized with the Yoast SEO plugin v27.4 - https:\/\/yoast.com\/product\/yoast-seo-wordpress\/ -->\n<title>Ricardo Marques celebra decis\u00e3o judicial que determina retirada de catracas duplas e relembra hist\u00f3rico de luta pela causa - O Coerente<\/title>\n<meta name=\"robots\" content=\"index, follow, max-snippet:-1, max-image-preview:large, max-video-preview:-1\" \/>\n<link rel=\"canonical\" href=\"https:\/\/ocoerente.com.br\/se\/2026\/01\/20\/ricardo-marques-celebra-decisao-judicial-que-determina-retirada-de-catracas-duplas-e-relembra-historico-de-luta-pela-causa\/\" \/>\n<meta property=\"og:locale\" content=\"pt_BR\" \/>\n<meta property=\"og:type\" content=\"article\" \/>\n<meta property=\"og:title\" content=\"Ricardo Marques celebra decis\u00e3o judicial que determina retirada de catracas duplas e relembra hist\u00f3rico de luta pela causa - O Coerente\" \/>\n<meta property=\"og:description\" content=\"O vice-prefeito de Aracaju, Ricardo Marques, celebrou a decis\u00e3o da Justi\u00e7a de Sergipe que determinou a retirada das catracas duplas dos \u00f4nibus do transporte p\u00fablico da capital e regi\u00e3o metropolitana. A senten\u00e7a, que atende a uma A\u00e7\u00e3o Civil P\u00fablica movida pelo Minist\u00e9rio P\u00fablico de Sergipe (MPSE), estabelece um prazo de 30 dias para a remo\u00e7\u00e3o [&hellip;]\" \/>\n<meta property=\"og:url\" content=\"https:\/\/ocoerente.com.br\/se\/2026\/01\/20\/ricardo-marques-celebra-decisao-judicial-que-determina-retirada-de-catracas-duplas-e-relembra-historico-de-luta-pela-causa\/\" \/>\n<meta property=\"og:site_name\" content=\"O Coerente\" \/>\n<meta property=\"article:published_time\" content=\"2026-01-20T19:21:38+00:00\" \/>\n<meta property=\"article:modified_time\" content=\"2026-01-20T19:21:40+00:00\" \/>\n<meta property=\"og:image\" content=\"https:\/\/ocoerente.com.br\/se\/wp-content\/uploads\/2026\/01\/WhatsApp-Image-2026-01-20-at-16.11.59.jpeg\" \/>\n\t<meta property=\"og:image:width\" content=\"1280\" \/>\n\t<meta property=\"og:image:height\" content=\"825\" \/>\n\t<meta property=\"og:image:type\" content=\"image\/jpeg\" \/>\n<meta name=\"author\" content=\"Abrah\u00e3o Crispim Filho\" \/>\n<meta name=\"twitter:card\" content=\"summary_large_image\" \/>\n<meta name=\"twitter:label1\" content=\"Escrito por\" \/>\n\t<meta name=\"twitter:data1\" content=\"Abrah\u00e3o Crispim Filho\" \/>\n\t<meta name=\"twitter:label2\" content=\"Est. tempo de leitura\" \/>\n\t<meta name=\"twitter:data2\" content=\"2 minutos\" \/>\n<script type=\"application\/ld+json\" class=\"yoast-schema-graph\">{\"@context\":\"https:\\\/\\\/schema.org\",\"@graph\":[{\"@type\":\"Article\",\"@id\":\"https:\\\/\\\/ocoerente.com.br\\\/se\\\/2026\\\/01\\\/20\\\/ricardo-marques-celebra-decisao-judicial-que-determina-retirada-de-catracas-duplas-e-relembra-historico-de-luta-pela-causa\\\/#article\",\"isPartOf\":{\"@id\":\"https:\\\/\\\/ocoerente.com.br\\\/se\\\/2026\\\/01\\\/20\\\/ricardo-marques-celebra-decisao-judicial-que-determina-retirada-de-catracas-duplas-e-relembra-historico-de-luta-pela-causa\\\/\"},\"author\":{\"name\":\"Abrah\u00e3o Crispim Filho\",\"@id\":\"https:\\\/\\\/ocoerente.com.br\\\/se\\\/#\\\/schema\\\/person\\\/1ed925f7992cb4d6d3b61e3d07b0ae08\"},\"headline\":\"Ricardo Marques celebra decis\u00e3o judicial que determina retirada de catracas duplas e relembra hist\u00f3rico de luta pela causa\",\"datePublished\":\"2026-01-20T19:21:38+00:00\",\"dateModified\":\"2026-01-20T19:21:40+00:00\",\"mainEntityOfPage\":{\"@id\":\"https:\\\/\\\/ocoerente.com.br\\\/se\\\/2026\\\/01\\\/20\\\/ricardo-marques-celebra-decisao-judicial-que-determina-retirada-de-catracas-duplas-e-relembra-historico-de-luta-pela-causa\\\/\"},\"wordCount\":349,\"publisher\":{\"@id\":\"https:\\\/\\\/ocoerente.com.br\\\/se\\\/#\\\/schema\\\/person\\\/cc6bfd9fbca465e23543b0c963d8d037\"},\"image\":{\"@id\":\"https:\\\/\\\/ocoerente.com.br\\\/se\\\/2026\\\/01\\\/20\\\/ricardo-marques-celebra-decisao-judicial-que-determina-retirada-de-catracas-duplas-e-relembra-historico-de-luta-pela-causa\\\/#primaryimage\"},\"thumbnailUrl\":\"https:\\\/\\\/ocoerente.com.br\\\/se\\\/wp-content\\\/uploads\\\/2026\\\/01\\\/WhatsApp-Image-2026-01-20-at-16.11.59.jpeg\",\"articleSection\":[\"Pol\u00edtica\",\"Sergipe\"],\"inLanguage\":\"pt-BR\"},{\"@type\":\"WebPage\",\"@id\":\"https:\\\/\\\/ocoerente.com.br\\\/se\\\/2026\\\/01\\\/20\\\/ricardo-marques-celebra-decisao-judicial-que-determina-retirada-de-catracas-duplas-e-relembra-historico-de-luta-pela-causa\\\/\",\"url\":\"https:\\\/\\\/ocoerente.com.br\\\/se\\\/2026\\\/01\\\/20\\\/ricardo-marques-celebra-decisao-judicial-que-determina-retirada-de-catracas-duplas-e-relembra-historico-de-luta-pela-causa\\\/\",\"name\":\"Ricardo Marques celebra decis\u00e3o judicial que determina retirada de catracas duplas e relembra hist\u00f3rico de luta pela causa - O Coerente\",\"isPartOf\":{\"@id\":\"https:\\\/\\\/ocoerente.com.br\\\/se\\\/#website\"},\"primaryImageOfPage\":{\"@id\":\"https:\\\/\\\/ocoerente.com.br\\\/se\\\/2026\\\/01\\\/20\\\/ricardo-marques-celebra-decisao-judicial-que-determina-retirada-de-catracas-duplas-e-relembra-historico-de-luta-pela-causa\\\/#primaryimage\"},\"image\":{\"@id\":\"https:\\\/\\\/ocoerente.com.br\\\/se\\\/2026\\\/01\\\/20\\\/ricardo-marques-celebra-decisao-judicial-que-determina-retirada-de-catracas-duplas-e-relembra-historico-de-luta-pela-causa\\\/#primaryimage\"},\"thumbnailUrl\":\"https:\\\/\\\/ocoerente.com.br\\\/se\\\/wp-content\\\/uploads\\\/2026\\\/01\\\/WhatsApp-Image-2026-01-20-at-16.11.59.jpeg\",\"datePublished\":\"2026-01-20T19:21:38+00:00\",\"dateModified\":\"2026-01-20T19:21:40+00:00\",\"breadcrumb\":{\"@id\":\"https:\\\/\\\/ocoerente.com.br\\\/se\\\/2026\\\/01\\\/20\\\/ricardo-marques-celebra-decisao-judicial-que-determina-retirada-de-catracas-duplas-e-relembra-historico-de-luta-pela-causa\\\/#breadcrumb\"},\"inLanguage\":\"pt-BR\",\"potentialAction\":[{\"@type\":\"ReadAction\",\"target\":[\"https:\\\/\\\/ocoerente.com.br\\\/se\\\/2026\\\/01\\\/20\\\/ricardo-marques-celebra-decisao-judicial-que-determina-retirada-de-catracas-duplas-e-relembra-historico-de-luta-pela-causa\\\/\"]}]},{\"@type\":\"ImageObject\",\"inLanguage\":\"pt-BR\",\"@id\":\"https:\\\/\\\/ocoerente.com.br\\\/se\\\/2026\\\/01\\\/20\\\/ricardo-marques-celebra-decisao-judicial-que-determina-retirada-de-catracas-duplas-e-relembra-historico-de-luta-pela-causa\\\/#primaryimage\",\"url\":\"https:\\\/\\\/ocoerente.com.br\\\/se\\\/wp-content\\\/uploads\\\/2026\\\/01\\\/WhatsApp-Image-2026-01-20-at-16.11.59.jpeg\",\"contentUrl\":\"https:\\\/\\\/ocoerente.com.br\\\/se\\\/wp-content\\\/uploads\\\/2026\\\/01\\\/WhatsApp-Image-2026-01-20-at-16.11.59.jpeg\",\"width\":1280,\"height\":825},{\"@type\":\"BreadcrumbList\",\"@id\":\"https:\\\/\\\/ocoerente.com.br\\\/se\\\/2026\\\/01\\\/20\\\/ricardo-marques-celebra-decisao-judicial-que-determina-retirada-de-catracas-duplas-e-relembra-historico-de-luta-pela-causa\\\/#breadcrumb\",\"itemListElement\":[{\"@type\":\"ListItem\",\"position\":1,\"name\":\"In\u00edcio\",\"item\":\"https:\\\/\\\/ocoerente.com.br\\\/se\\\/\"},{\"@type\":\"ListItem\",\"position\":2,\"name\":\"Ricardo Marques celebra decis\u00e3o judicial que determina retirada de catracas duplas e relembra hist\u00f3rico de luta pela causa\"}]},{\"@type\":\"WebSite\",\"@id\":\"https:\\\/\\\/ocoerente.com.br\\\/se\\\/#website\",\"url\":\"https:\\\/\\\/ocoerente.com.br\\\/se\\\/\",\"name\":\"O Coerente\",\"description\":\"\",\"publisher\":{\"@id\":\"https:\\\/\\\/ocoerente.com.br\\\/se\\\/#\\\/schema\\\/person\\\/cc6bfd9fbca465e23543b0c963d8d037\"},\"potentialAction\":[{\"@type\":\"SearchAction\",\"target\":{\"@type\":\"EntryPoint\",\"urlTemplate\":\"https:\\\/\\\/ocoerente.com.br\\\/se\\\/?s={search_term_string}\"},\"query-input\":{\"@type\":\"PropertyValueSpecification\",\"valueRequired\":true,\"valueName\":\"search_term_string\"}}],\"inLanguage\":\"pt-BR\"},{\"@type\":[\"Person\",\"Organization\"],\"@id\":\"https:\\\/\\\/ocoerente.com.br\\\/se\\\/#\\\/schema\\\/person\\\/cc6bfd9fbca465e23543b0c963d8d037\",\"name\":\"Reda\u00e7\u00e3o\",\"image\":{\"@type\":\"ImageObject\",\"inLanguage\":\"pt-BR\",\"@id\":\"https:\\\/\\\/ocoerente.com.br\\\/se\\\/wp-content\\\/uploads\\\/2020\\\/01\\\/ocoerente-1.png\",\"url\":\"https:\\\/\\\/ocoerente.com.br\\\/se\\\/wp-content\\\/uploads\\\/2020\\\/01\\\/ocoerente-1.png\",\"contentUrl\":\"https:\\\/\\\/ocoerente.com.br\\\/se\\\/wp-content\\\/uploads\\\/2020\\\/01\\\/ocoerente-1.png\",\"width\":50,\"height\":50,\"caption\":\"Reda\u00e7\u00e3o\"},\"logo\":{\"@id\":\"https:\\\/\\\/ocoerente.com.br\\\/se\\\/wp-content\\\/uploads\\\/2020\\\/01\\\/ocoerente-1.png\"}},{\"@type\":\"Person\",\"@id\":\"https:\\\/\\\/ocoerente.com.br\\\/se\\\/#\\\/schema\\\/person\\\/1ed925f7992cb4d6d3b61e3d07b0ae08\",\"name\":\"Abrah\u00e3o Crispim Filho\",\"description\":\"Jornalista p\u00f3s-graduado em Comunica\u00e7\u00e3o.\",\"url\":\"https:\\\/\\\/ocoerente.com.br\\\/se\\\/author\\\/crispimcoerente\\\/\"}]}<\/script>\n<!-- \/ Yoast SEO plugin. -->","yoast_head_json":{"title":"Ricardo Marques celebra decis\u00e3o judicial que determina retirada de catracas duplas e relembra hist\u00f3rico de luta pela causa - O Coerente","robots":{"index":"index","follow":"follow","max-snippet":"max-snippet:-1","max-image-preview":"max-image-preview:large","max-video-preview":"max-video-preview:-1"},"canonical":"https:\/\/ocoerente.com.br\/se\/2026\/01\/20\/ricardo-marques-celebra-decisao-judicial-que-determina-retirada-de-catracas-duplas-e-relembra-historico-de-luta-pela-causa\/","og_locale":"pt_BR","og_type":"article","og_title":"Ricardo Marques celebra decis\u00e3o judicial que determina retirada de catracas duplas e relembra hist\u00f3rico de luta pela causa - O Coerente","og_description":"O vice-prefeito de Aracaju, Ricardo Marques, celebrou a decis\u00e3o da Justi\u00e7a de Sergipe que determinou a retirada das catracas duplas dos \u00f4nibus do transporte p\u00fablico da capital e regi\u00e3o metropolitana. A senten\u00e7a, que atende a uma A\u00e7\u00e3o Civil P\u00fablica movida pelo Minist\u00e9rio P\u00fablico de Sergipe (MPSE), estabelece um prazo de 30 dias para a remo\u00e7\u00e3o [&hellip;]","og_url":"https:\/\/ocoerente.com.br\/se\/2026\/01\/20\/ricardo-marques-celebra-decisao-judicial-que-determina-retirada-de-catracas-duplas-e-relembra-historico-de-luta-pela-causa\/","og_site_name":"O Coerente","article_published_time":"2026-01-20T19:21:38+00:00","article_modified_time":"2026-01-20T19:21:40+00:00","og_image":[{"width":1280,"height":825,"url":"https:\/\/ocoerente.com.br\/se\/wp-content\/uploads\/2026\/01\/WhatsApp-Image-2026-01-20-at-16.11.59.jpeg","type":"image\/jpeg"}],"author":"Abrah\u00e3o Crispim Filho","twitter_card":"summary_large_image","twitter_misc":{"Escrito por":"Abrah\u00e3o Crispim Filho","Est. tempo de leitura":"2 minutos"},"schema":{"@context":"https:\/\/schema.org","@graph":[{"@type":"Article","@id":"https:\/\/ocoerente.com.br\/se\/2026\/01\/20\/ricardo-marques-celebra-decisao-judicial-que-determina-retirada-de-catracas-duplas-e-relembra-historico-de-luta-pela-causa\/#article","isPartOf":{"@id":"https:\/\/ocoerente.com.br\/se\/2026\/01\/20\/ricardo-marques-celebra-decisao-judicial-que-determina-retirada-de-catracas-duplas-e-relembra-historico-de-luta-pela-causa\/"},"author":{"name":"Abrah\u00e3o Crispim Filho","@id":"https:\/\/ocoerente.com.br\/se\/#\/schema\/person\/1ed925f7992cb4d6d3b61e3d07b0ae08"},"headline":"Ricardo Marques celebra decis\u00e3o judicial que determina retirada de catracas duplas e relembra hist\u00f3rico de luta pela causa","datePublished":"2026-01-20T19:21:38+00:00","dateModified":"2026-01-20T19:21:40+00:00","mainEntityOfPage":{"@id":"https:\/\/ocoerente.com.br\/se\/2026\/01\/20\/ricardo-marques-celebra-decisao-judicial-que-determina-retirada-de-catracas-duplas-e-relembra-historico-de-luta-pela-causa\/"},"wordCount":349,"publisher":{"@id":"https:\/\/ocoerente.com.br\/se\/#\/schema\/person\/cc6bfd9fbca465e23543b0c963d8d037"},"image":{"@id":"https:\/\/ocoerente.com.br\/se\/2026\/01\/20\/ricardo-marques-celebra-decisao-judicial-que-determina-retirada-de-catracas-duplas-e-relembra-historico-de-luta-pela-causa\/#primaryimage"},"thumbnailUrl":"https:\/\/ocoerente.com.br\/se\/wp-content\/uploads\/2026\/01\/WhatsApp-Image-2026-01-20-at-16.11.59.jpeg","articleSection":["Pol\u00edtica","Sergipe"],"inLanguage":"pt-BR"},{"@type":"WebPage","@id":"https:\/\/ocoerente.com.br\/se\/2026\/01\/20\/ricardo-marques-celebra-decisao-judicial-que-determina-retirada-de-catracas-duplas-e-relembra-historico-de-luta-pela-causa\/","url":"https:\/\/ocoerente.com.br\/se\/2026\/01\/20\/ricardo-marques-celebra-decisao-judicial-que-determina-retirada-de-catracas-duplas-e-relembra-historico-de-luta-pela-causa\/","name":"Ricardo Marques celebra decis\u00e3o judicial que determina retirada de catracas duplas e relembra hist\u00f3rico de luta pela causa - O Coerente","isPartOf":{"@id":"https:\/\/ocoerente.com.br\/se\/#website"},"primaryImageOfPage":{"@id":"https:\/\/ocoerente.com.br\/se\/2026\/01\/20\/ricardo-marques-celebra-decisao-judicial-que-determina-retirada-de-catracas-duplas-e-relembra-historico-de-luta-pela-causa\/#primaryimage"},"image":{"@id":"https:\/\/ocoerente.com.br\/se\/2026\/01\/20\/ricardo-marques-celebra-decisao-judicial-que-determina-retirada-de-catracas-duplas-e-relembra-historico-de-luta-pela-causa\/#primaryimage"},"thumbnailUrl":"https:\/\/ocoerente.com.br\/se\/wp-content\/uploads\/2026\/01\/WhatsApp-Image-2026-01-20-at-16.11.59.jpeg","datePublished":"2026-01-20T19:21:38+00:00","dateModified":"2026-01-20T19:21:40+00:00","breadcrumb":{"@id":"https:\/\/ocoerente.com.br\/se\/2026\/01\/20\/ricardo-marques-celebra-decisao-judicial-que-determina-retirada-de-catracas-duplas-e-relembra-historico-de-luta-pela-causa\/#breadcrumb"},"inLanguage":"pt-BR","potentialAction":[{"@type":"ReadAction","target":["https:\/\/ocoerente.com.br\/se\/2026\/01\/20\/ricardo-marques-celebra-decisao-judicial-que-determina-retirada-de-catracas-duplas-e-relembra-historico-de-luta-pela-causa\/"]}]},{"@type":"ImageObject","inLanguage":"pt-BR","@id":"https:\/\/ocoerente.com.br\/se\/2026\/01\/20\/ricardo-marques-celebra-decisao-judicial-que-determina-retirada-de-catracas-duplas-e-relembra-historico-de-luta-pela-causa\/#primaryimage","url":"https:\/\/ocoerente.com.br\/se\/wp-content\/uploads\/2026\/01\/WhatsApp-Image-2026-01-20-at-16.11.59.jpeg","contentUrl":"https:\/\/ocoerente.com.br\/se\/wp-content\/uploads\/2026\/01\/WhatsApp-Image-2026-01-20-at-16.11.59.jpeg","width":1280,"height":825},{"@type":"BreadcrumbList","@id":"https:\/\/ocoerente.com.br\/se\/2026\/01\/20\/ricardo-marques-celebra-decisao-judicial-que-determina-retirada-de-catracas-duplas-e-relembra-historico-de-luta-pela-causa\/#breadcrumb","itemListElement":[{"@type":"ListItem","position":1,"name":"In\u00edcio","item":"https:\/\/ocoerente.com.br\/se\/"},{"@type":"ListItem","position":2,"name":"Ricardo Marques celebra decis\u00e3o judicial que determina retirada de catracas duplas e relembra hist\u00f3rico de luta pela causa"}]},{"@type":"WebSite","@id":"https:\/\/ocoerente.com.br\/se\/#website","url":"https:\/\/ocoerente.com.br\/se\/","name":"O Coerente","description":"","publisher":{"@id":"https:\/\/ocoerente.com.br\/se\/#\/schema\/person\/cc6bfd9fbca465e23543b0c963d8d037"},"potentialAction":[{"@type":"SearchAction","target":{"@type":"EntryPoint","urlTemplate":"https:\/\/ocoerente.com.br\/se\/?s={search_term_string}"},"query-input":{"@type":"PropertyValueSpecification","valueRequired":true,"valueName":"search_term_string"}}],"inLanguage":"pt-BR"},{"@type":["Person","Organization"],"@id":"https:\/\/ocoerente.com.br\/se\/#\/schema\/person\/cc6bfd9fbca465e23543b0c963d8d037","name":"Reda\u00e7\u00e3o","image":{"@type":"ImageObject","inLanguage":"pt-BR","@id":"https:\/\/ocoerente.com.br\/se\/wp-content\/uploads\/2020\/01\/ocoerente-1.png","url":"https:\/\/ocoerente.com.br\/se\/wp-content\/uploads\/2020\/01\/ocoerente-1.png","contentUrl":"https:\/\/ocoerente.com.br\/se\/wp-content\/uploads\/2020\/01\/ocoerente-1.png","width":50,"height":50,"caption":"Reda\u00e7\u00e3o"},"logo":{"@id":"https:\/\/ocoerente.com.br\/se\/wp-content\/uploads\/2020\/01\/ocoerente-1.png"}},{"@type":"Person","@id":"https:\/\/ocoerente.com.br\/se\/#\/schema\/person\/1ed925f7992cb4d6d3b61e3d07b0ae08","name":"Abrah\u00e3o Crispim Filho","description":"Jornalista p\u00f3s-graduado em Comunica\u00e7\u00e3o.","url":"https:\/\/ocoerente.com.br\/se\/author\/crispimcoerente\/"}]}},"_links":{"self":[{"href":"https:\/\/ocoerente.com.br\/se\/wp-json\/wp\/v2\/posts\/18437","targetHints":{"allow":["GET"]}}],"collection":[{"href":"https:\/\/ocoerente.com.br\/se\/wp-json\/wp\/v2\/posts"}],"about":[{"href":"https:\/\/ocoerente.com.br\/se\/wp-json\/wp\/v2\/types\/post"}],"author":[{"embeddable":true,"href":"https:\/\/ocoerente.com.br\/se\/wp-json\/wp\/v2\/users\/4"}],"replies":[{"embeddable":true,"href":"https:\/\/ocoerente.com.br\/se\/wp-json\/wp\/v2\/comments?post=18437"}],"version-history":[{"count":1,"href":"https:\/\/ocoerente.com.br\/se\/wp-json\/wp\/v2\/posts\/18437\/revisions"}],"predecessor-version":[{"id":18439,"href":"https:\/\/ocoerente.com.br\/se\/wp-json\/wp\/v2\/posts\/18437\/revisions\/18439"}],"wp:featuredmedia":[{"embeddable":true,"href":"https:\/\/ocoerente.com.br\/se\/wp-json\/wp\/v2\/media\/18438"}],"wp:attachment":[{"href":"https:\/\/ocoerente.com.br\/se\/wp-json\/wp\/v2\/media?parent=18437"}],"wp:term":[{"taxonomy":"category","embeddable":true,"href":"https:\/\/ocoerente.com.br\/se\/wp-json\/wp\/v2\/categories?post=18437"},{"taxonomy":"post_tag","embeddable":true,"href":"https:\/\/ocoerente.com.br\/se\/wp-json\/wp\/v2\/tags?post=18437"}],"curies":[{"name":"wp","href":"https:\/\/api.w.org\/{rel}","templated":true}]}}