{"id":18434,"date":"2026-01-19T16:33:06","date_gmt":"2026-01-19T19:33:06","guid":{"rendered":"https:\/\/ocoerente.com.br\/se\/?p=18434"},"modified":"2026-01-19T16:33:08","modified_gmt":"2026-01-19T19:33:08","slug":"aracaju-tropical-run-2026-agita-capital-em-corrida-na-praia-no-proximo-dia-1-de-marco","status":"publish","type":"post","link":"https:\/\/ocoerente.com.br\/se\/2026\/01\/19\/aracaju-tropical-run-2026-agita-capital-em-corrida-na-praia-no-proximo-dia-1-de-marco\/","title":{"rendered":"\u201cAracaju Tropical Run 2026\u201d agita capital em corrida na praia no pr\u00f3ximo dia 1 de mar\u00e7o"},"content":{"rendered":"\n<p>Em grande estilo, a Speed Produ\u00e7\u00f5es e Eventos abre o ano de corridas no pr\u00f3ximo dia 1 de mar\u00e7o. A \u201cAracaju Tropical Run\u201d, prova 100% na areia, desafia corredores amadores e experientes com vistas deslumbrantes da orla da capital sergipana, em trajeto que une sol, mar e supera\u00e7\u00e3o. Saindo do Bar Solarium, na Praia do Robalo, as dist\u00e2ncias s\u00e3o de 2.5, 5 e 10km, com inscri\u00e7\u00f5es j\u00e1 no ar via Ticket Sports.<\/p>\n\n\n\n<p>O Kit Quero Correr, a partir de R$79,90, traz sacola, medalha exclusiva, n\u00famero de peito, chip descart\u00e1vel, kit lanche e hidrata\u00e7\u00e3o completa. O Kit Completo, a partir de R$109,90, inclui tudo isso mais camisa regata dry-fit de alta performance. A retirada acontece no dia 27\/02 (sexta-feira), com local e hor\u00e1rio divulgados em breve no site.<\/p>\n\n\n\n<p>Conforme a regra da World Athletics, as inscri\u00e7\u00f5es se iniciam a partir de atletas com, no m\u00ednimo, 14 anos de idade, com limite de 5km para essa categoria. Corredores acima de 60 anos garantem 50% de desconto, fora lotes promocionais.&nbsp;<\/p>\n\n\n\n<p>Em caso de d\u00favidas, entre em contato com <a href=\"mailto:atendimento@speedproducoes.com.br\">atendimento@speedproducoes.com.br<\/a> ou WhatsApp (79) 99888-1760. Link para inscri\u00e7\u00e3o: <a href=\"https:\/\/www.ticketsports.com.br\/e\/aracaju-tropical-run-2026-85299\">https:\/\/www.ticketsports.com.br\/e\/aracaju-tropical-run-2026-85299<\/a><\/p>\n\n\n\n<p>Servi\u00e7o<br>Evento: Corrida \u201cAracaju Tropical Run 2026\u201d<br>Local: Bar Solarium, Aracaju-SE<br>Data: 1 de mar\u00e7o de 2026, a partir das 6h<br>Inscri\u00e7\u00f5es: <a href=\"https:\/\/www.ticketsports.com.br\/e\/aracaju-tropical-run-2026-85299\">https:\/\/www.ticketsports.com.br\/e\/aracaju-tropical-run-2026-85299<\/a><\/p>\n","protected":false},"excerpt":{"rendered":"<p>Em grande estilo, a Speed Produ\u00e7\u00f5es e Eventos abre o ano de corridas no pr\u00f3ximo dia 1 de mar\u00e7o. A \u201cAracaju Tropical Run\u201d, prova 100% na areia, desafia corredores amadores e experientes com vistas deslumbrantes da orla da capital sergipana, em trajeto que une sol, mar e supera\u00e7\u00e3o. Saindo do Bar Solarium, na Praia do [&hellip;]<\/p>\n","protected":false},"author":4,"featured_media":18435,"comment_status":"closed","ping_status":"closed","sticky":false,"template":"","format":"standard","meta":{"footnotes":""},"categories":[43],"tags":[],"class_list":["post-18434","post","type-post","status-publish","format-standard","has-post-thumbnail","hentry","category-sergipe"],"yoast_head":"<!-- This site is optimized with the Yoast SEO plugin v27.4 - https:\/\/yoast.com\/product\/yoast-seo-wordpress\/ -->\n<title>\u201cAracaju Tropical Run 2026\u201d agita capital em corrida na praia no pr\u00f3ximo dia 1 de mar\u00e7o - O Coerente<\/title>\n<meta name=\"robots\" content=\"index, follow, max-snippet:-1, max-image-preview:large, max-video-preview:-1\" \/>\n<link rel=\"canonical\" href=\"https:\/\/ocoerente.com.br\/se\/2026\/01\/19\/aracaju-tropical-run-2026-agita-capital-em-corrida-na-praia-no-proximo-dia-1-de-marco\/\" \/>\n<meta property=\"og:locale\" content=\"pt_BR\" \/>\n<meta property=\"og:type\" content=\"article\" \/>\n<meta property=\"og:title\" content=\"\u201cAracaju Tropical Run 2026\u201d agita capital em corrida na praia no pr\u00f3ximo dia 1 de mar\u00e7o - O Coerente\" \/>\n<meta property=\"og:description\" content=\"Em grande estilo, a Speed Produ\u00e7\u00f5es e Eventos abre o ano de corridas no pr\u00f3ximo dia 1 de mar\u00e7o. A \u201cAracaju Tropical Run\u201d, prova 100% na areia, desafia corredores amadores e experientes com vistas deslumbrantes da orla da capital sergipana, em trajeto que une sol, mar e supera\u00e7\u00e3o. Saindo do Bar Solarium, na Praia do [&hellip;]\" \/>\n<meta property=\"og:url\" content=\"https:\/\/ocoerente.com.br\/se\/2026\/01\/19\/aracaju-tropical-run-2026-agita-capital-em-corrida-na-praia-no-proximo-dia-1-de-marco\/\" \/>\n<meta property=\"og:site_name\" content=\"O Coerente\" \/>\n<meta property=\"article:published_time\" content=\"2026-01-19T19:33:06+00:00\" \/>\n<meta property=\"article:modified_time\" content=\"2026-01-19T19:33:08+00:00\" \/>\n<meta property=\"og:image\" content=\"https:\/\/ocoerente.com.br\/se\/wp-content\/uploads\/2026\/01\/PHOTO-2026-01-19-11-09-48.jpg\" \/>\n\t<meta property=\"og:image:width\" content=\"1600\" \/>\n\t<meta property=\"og:image:height\" content=\"1066\" \/>\n\t<meta property=\"og:image:type\" content=\"image\/jpeg\" \/>\n<meta name=\"author\" content=\"Abrah\u00e3o Crispim Filho\" \/>\n<meta name=\"twitter:card\" content=\"summary_large_image\" \/>\n<meta name=\"twitter:label1\" content=\"Escrito por\" \/>\n\t<meta name=\"twitter:data1\" content=\"Abrah\u00e3o Crispim Filho\" \/>\n\t<meta name=\"twitter:label2\" content=\"Est. tempo de leitura\" \/>\n\t<meta name=\"twitter:data2\" content=\"2 minutos\" \/>\n<script type=\"application\/ld+json\" class=\"yoast-schema-graph\">{\"@context\":\"https:\\\/\\\/schema.org\",\"@graph\":[{\"@type\":\"Article\",\"@id\":\"https:\\\/\\\/ocoerente.com.br\\\/se\\\/2026\\\/01\\\/19\\\/aracaju-tropical-run-2026-agita-capital-em-corrida-na-praia-no-proximo-dia-1-de-marco\\\/#article\",\"isPartOf\":{\"@id\":\"https:\\\/\\\/ocoerente.com.br\\\/se\\\/2026\\\/01\\\/19\\\/aracaju-tropical-run-2026-agita-capital-em-corrida-na-praia-no-proximo-dia-1-de-marco\\\/\"},\"author\":{\"name\":\"Abrah\u00e3o Crispim Filho\",\"@id\":\"https:\\\/\\\/ocoerente.com.br\\\/se\\\/#\\\/schema\\\/person\\\/1ed925f7992cb4d6d3b61e3d07b0ae08\"},\"headline\":\"\u201cAracaju Tropical Run 2026\u201d agita capital em corrida na praia no pr\u00f3ximo dia 1 de mar\u00e7o\",\"datePublished\":\"2026-01-19T19:33:06+00:00\",\"dateModified\":\"2026-01-19T19:33:08+00:00\",\"mainEntityOfPage\":{\"@id\":\"https:\\\/\\\/ocoerente.com.br\\\/se\\\/2026\\\/01\\\/19\\\/aracaju-tropical-run-2026-agita-capital-em-corrida-na-praia-no-proximo-dia-1-de-marco\\\/\"},\"wordCount\":244,\"publisher\":{\"@id\":\"https:\\\/\\\/ocoerente.com.br\\\/se\\\/#\\\/schema\\\/person\\\/cc6bfd9fbca465e23543b0c963d8d037\"},\"image\":{\"@id\":\"https:\\\/\\\/ocoerente.com.br\\\/se\\\/2026\\\/01\\\/19\\\/aracaju-tropical-run-2026-agita-capital-em-corrida-na-praia-no-proximo-dia-1-de-marco\\\/#primaryimage\"},\"thumbnailUrl\":\"https:\\\/\\\/ocoerente.com.br\\\/se\\\/wp-content\\\/uploads\\\/2026\\\/01\\\/PHOTO-2026-01-19-11-09-48.jpg\",\"articleSection\":[\"Sergipe\"],\"inLanguage\":\"pt-BR\"},{\"@type\":\"WebPage\",\"@id\":\"https:\\\/\\\/ocoerente.com.br\\\/se\\\/2026\\\/01\\\/19\\\/aracaju-tropical-run-2026-agita-capital-em-corrida-na-praia-no-proximo-dia-1-de-marco\\\/\",\"url\":\"https:\\\/\\\/ocoerente.com.br\\\/se\\\/2026\\\/01\\\/19\\\/aracaju-tropical-run-2026-agita-capital-em-corrida-na-praia-no-proximo-dia-1-de-marco\\\/\",\"name\":\"\u201cAracaju Tropical Run 2026\u201d agita capital em corrida na praia no pr\u00f3ximo dia 1 de mar\u00e7o - O Coerente\",\"isPartOf\":{\"@id\":\"https:\\\/\\\/ocoerente.com.br\\\/se\\\/#website\"},\"primaryImageOfPage\":{\"@id\":\"https:\\\/\\\/ocoerente.com.br\\\/se\\\/2026\\\/01\\\/19\\\/aracaju-tropical-run-2026-agita-capital-em-corrida-na-praia-no-proximo-dia-1-de-marco\\\/#primaryimage\"},\"image\":{\"@id\":\"https:\\\/\\\/ocoerente.com.br\\\/se\\\/2026\\\/01\\\/19\\\/aracaju-tropical-run-2026-agita-capital-em-corrida-na-praia-no-proximo-dia-1-de-marco\\\/#primaryimage\"},\"thumbnailUrl\":\"https:\\\/\\\/ocoerente.com.br\\\/se\\\/wp-content\\\/uploads\\\/2026\\\/01\\\/PHOTO-2026-01-19-11-09-48.jpg\",\"datePublished\":\"2026-01-19T19:33:06+00:00\",\"dateModified\":\"2026-01-19T19:33:08+00:00\",\"breadcrumb\":{\"@id\":\"https:\\\/\\\/ocoerente.com.br\\\/se\\\/2026\\\/01\\\/19\\\/aracaju-tropical-run-2026-agita-capital-em-corrida-na-praia-no-proximo-dia-1-de-marco\\\/#breadcrumb\"},\"inLanguage\":\"pt-BR\",\"potentialAction\":[{\"@type\":\"ReadAction\",\"target\":[\"https:\\\/\\\/ocoerente.com.br\\\/se\\\/2026\\\/01\\\/19\\\/aracaju-tropical-run-2026-agita-capital-em-corrida-na-praia-no-proximo-dia-1-de-marco\\\/\"]}]},{\"@type\":\"ImageObject\",\"inLanguage\":\"pt-BR\",\"@id\":\"https:\\\/\\\/ocoerente.com.br\\\/se\\\/2026\\\/01\\\/19\\\/aracaju-tropical-run-2026-agita-capital-em-corrida-na-praia-no-proximo-dia-1-de-marco\\\/#primaryimage\",\"url\":\"https:\\\/\\\/ocoerente.com.br\\\/se\\\/wp-content\\\/uploads\\\/2026\\\/01\\\/PHOTO-2026-01-19-11-09-48.jpg\",\"contentUrl\":\"https:\\\/\\\/ocoerente.com.br\\\/se\\\/wp-content\\\/uploads\\\/2026\\\/01\\\/PHOTO-2026-01-19-11-09-48.jpg\",\"width\":1600,\"height\":1066},{\"@type\":\"BreadcrumbList\",\"@id\":\"https:\\\/\\\/ocoerente.com.br\\\/se\\\/2026\\\/01\\\/19\\\/aracaju-tropical-run-2026-agita-capital-em-corrida-na-praia-no-proximo-dia-1-de-marco\\\/#breadcrumb\",\"itemListElement\":[{\"@type\":\"ListItem\",\"position\":1,\"name\":\"In\u00edcio\",\"item\":\"https:\\\/\\\/ocoerente.com.br\\\/se\\\/\"},{\"@type\":\"ListItem\",\"position\":2,\"name\":\"\u201cAracaju Tropical Run 2026\u201d agita capital em corrida na praia no pr\u00f3ximo dia 1 de mar\u00e7o\"}]},{\"@type\":\"WebSite\",\"@id\":\"https:\\\/\\\/ocoerente.com.br\\\/se\\\/#website\",\"url\":\"https:\\\/\\\/ocoerente.com.br\\\/se\\\/\",\"name\":\"O Coerente\",\"description\":\"\",\"publisher\":{\"@id\":\"https:\\\/\\\/ocoerente.com.br\\\/se\\\/#\\\/schema\\\/person\\\/cc6bfd9fbca465e23543b0c963d8d037\"},\"potentialAction\":[{\"@type\":\"SearchAction\",\"target\":{\"@type\":\"EntryPoint\",\"urlTemplate\":\"https:\\\/\\\/ocoerente.com.br\\\/se\\\/?s={search_term_string}\"},\"query-input\":{\"@type\":\"PropertyValueSpecification\",\"valueRequired\":true,\"valueName\":\"search_term_string\"}}],\"inLanguage\":\"pt-BR\"},{\"@type\":[\"Person\",\"Organization\"],\"@id\":\"https:\\\/\\\/ocoerente.com.br\\\/se\\\/#\\\/schema\\\/person\\\/cc6bfd9fbca465e23543b0c963d8d037\",\"name\":\"Reda\u00e7\u00e3o\",\"image\":{\"@type\":\"ImageObject\",\"inLanguage\":\"pt-BR\",\"@id\":\"https:\\\/\\\/ocoerente.com.br\\\/se\\\/wp-content\\\/uploads\\\/2020\\\/01\\\/ocoerente-1.png\",\"url\":\"https:\\\/\\\/ocoerente.com.br\\\/se\\\/wp-content\\\/uploads\\\/2020\\\/01\\\/ocoerente-1.png\",\"contentUrl\":\"https:\\\/\\\/ocoerente.com.br\\\/se\\\/wp-content\\\/uploads\\\/2020\\\/01\\\/ocoerente-1.png\",\"width\":50,\"height\":50,\"caption\":\"Reda\u00e7\u00e3o\"},\"logo\":{\"@id\":\"https:\\\/\\\/ocoerente.com.br\\\/se\\\/wp-content\\\/uploads\\\/2020\\\/01\\\/ocoerente-1.png\"}},{\"@type\":\"Person\",\"@id\":\"https:\\\/\\\/ocoerente.com.br\\\/se\\\/#\\\/schema\\\/person\\\/1ed925f7992cb4d6d3b61e3d07b0ae08\",\"name\":\"Abrah\u00e3o Crispim Filho\",\"description\":\"Jornalista p\u00f3s-graduado em Comunica\u00e7\u00e3o.\",\"url\":\"https:\\\/\\\/ocoerente.com.br\\\/se\\\/author\\\/crispimcoerente\\\/\"}]}<\/script>\n<!-- \/ Yoast SEO plugin. -->","yoast_head_json":{"title":"\u201cAracaju Tropical Run 2026\u201d agita capital em corrida na praia no pr\u00f3ximo dia 1 de mar\u00e7o - O Coerente","robots":{"index":"index","follow":"follow","max-snippet":"max-snippet:-1","max-image-preview":"max-image-preview:large","max-video-preview":"max-video-preview:-1"},"canonical":"https:\/\/ocoerente.com.br\/se\/2026\/01\/19\/aracaju-tropical-run-2026-agita-capital-em-corrida-na-praia-no-proximo-dia-1-de-marco\/","og_locale":"pt_BR","og_type":"article","og_title":"\u201cAracaju Tropical Run 2026\u201d agita capital em corrida na praia no pr\u00f3ximo dia 1 de mar\u00e7o - O Coerente","og_description":"Em grande estilo, a Speed Produ\u00e7\u00f5es e Eventos abre o ano de corridas no pr\u00f3ximo dia 1 de mar\u00e7o. A \u201cAracaju Tropical Run\u201d, prova 100% na areia, desafia corredores amadores e experientes com vistas deslumbrantes da orla da capital sergipana, em trajeto que une sol, mar e supera\u00e7\u00e3o. Saindo do Bar Solarium, na Praia do [&hellip;]","og_url":"https:\/\/ocoerente.com.br\/se\/2026\/01\/19\/aracaju-tropical-run-2026-agita-capital-em-corrida-na-praia-no-proximo-dia-1-de-marco\/","og_site_name":"O Coerente","article_published_time":"2026-01-19T19:33:06+00:00","article_modified_time":"2026-01-19T19:33:08+00:00","og_image":[{"width":1600,"height":1066,"url":"https:\/\/ocoerente.com.br\/se\/wp-content\/uploads\/2026\/01\/PHOTO-2026-01-19-11-09-48.jpg","type":"image\/jpeg"}],"author":"Abrah\u00e3o Crispim Filho","twitter_card":"summary_large_image","twitter_misc":{"Escrito por":"Abrah\u00e3o Crispim Filho","Est. tempo de leitura":"2 minutos"},"schema":{"@context":"https:\/\/schema.org","@graph":[{"@type":"Article","@id":"https:\/\/ocoerente.com.br\/se\/2026\/01\/19\/aracaju-tropical-run-2026-agita-capital-em-corrida-na-praia-no-proximo-dia-1-de-marco\/#article","isPartOf":{"@id":"https:\/\/ocoerente.com.br\/se\/2026\/01\/19\/aracaju-tropical-run-2026-agita-capital-em-corrida-na-praia-no-proximo-dia-1-de-marco\/"},"author":{"name":"Abrah\u00e3o Crispim Filho","@id":"https:\/\/ocoerente.com.br\/se\/#\/schema\/person\/1ed925f7992cb4d6d3b61e3d07b0ae08"},"headline":"\u201cAracaju Tropical Run 2026\u201d agita capital em corrida na praia no pr\u00f3ximo dia 1 de mar\u00e7o","datePublished":"2026-01-19T19:33:06+00:00","dateModified":"2026-01-19T19:33:08+00:00","mainEntityOfPage":{"@id":"https:\/\/ocoerente.com.br\/se\/2026\/01\/19\/aracaju-tropical-run-2026-agita-capital-em-corrida-na-praia-no-proximo-dia-1-de-marco\/"},"wordCount":244,"publisher":{"@id":"https:\/\/ocoerente.com.br\/se\/#\/schema\/person\/cc6bfd9fbca465e23543b0c963d8d037"},"image":{"@id":"https:\/\/ocoerente.com.br\/se\/2026\/01\/19\/aracaju-tropical-run-2026-agita-capital-em-corrida-na-praia-no-proximo-dia-1-de-marco\/#primaryimage"},"thumbnailUrl":"https:\/\/ocoerente.com.br\/se\/wp-content\/uploads\/2026\/01\/PHOTO-2026-01-19-11-09-48.jpg","articleSection":["Sergipe"],"inLanguage":"pt-BR"},{"@type":"WebPage","@id":"https:\/\/ocoerente.com.br\/se\/2026\/01\/19\/aracaju-tropical-run-2026-agita-capital-em-corrida-na-praia-no-proximo-dia-1-de-marco\/","url":"https:\/\/ocoerente.com.br\/se\/2026\/01\/19\/aracaju-tropical-run-2026-agita-capital-em-corrida-na-praia-no-proximo-dia-1-de-marco\/","name":"\u201cAracaju Tropical Run 2026\u201d agita capital em corrida na praia no pr\u00f3ximo dia 1 de mar\u00e7o - O Coerente","isPartOf":{"@id":"https:\/\/ocoerente.com.br\/se\/#website"},"primaryImageOfPage":{"@id":"https:\/\/ocoerente.com.br\/se\/2026\/01\/19\/aracaju-tropical-run-2026-agita-capital-em-corrida-na-praia-no-proximo-dia-1-de-marco\/#primaryimage"},"image":{"@id":"https:\/\/ocoerente.com.br\/se\/2026\/01\/19\/aracaju-tropical-run-2026-agita-capital-em-corrida-na-praia-no-proximo-dia-1-de-marco\/#primaryimage"},"thumbnailUrl":"https:\/\/ocoerente.com.br\/se\/wp-content\/uploads\/2026\/01\/PHOTO-2026-01-19-11-09-48.jpg","datePublished":"2026-01-19T19:33:06+00:00","dateModified":"2026-01-19T19:33:08+00:00","breadcrumb":{"@id":"https:\/\/ocoerente.com.br\/se\/2026\/01\/19\/aracaju-tropical-run-2026-agita-capital-em-corrida-na-praia-no-proximo-dia-1-de-marco\/#breadcrumb"},"inLanguage":"pt-BR","potentialAction":[{"@type":"ReadAction","target":["https:\/\/ocoerente.com.br\/se\/2026\/01\/19\/aracaju-tropical-run-2026-agita-capital-em-corrida-na-praia-no-proximo-dia-1-de-marco\/"]}]},{"@type":"ImageObject","inLanguage":"pt-BR","@id":"https:\/\/ocoerente.com.br\/se\/2026\/01\/19\/aracaju-tropical-run-2026-agita-capital-em-corrida-na-praia-no-proximo-dia-1-de-marco\/#primaryimage","url":"https:\/\/ocoerente.com.br\/se\/wp-content\/uploads\/2026\/01\/PHOTO-2026-01-19-11-09-48.jpg","contentUrl":"https:\/\/ocoerente.com.br\/se\/wp-content\/uploads\/2026\/01\/PHOTO-2026-01-19-11-09-48.jpg","width":1600,"height":1066},{"@type":"BreadcrumbList","@id":"https:\/\/ocoerente.com.br\/se\/2026\/01\/19\/aracaju-tropical-run-2026-agita-capital-em-corrida-na-praia-no-proximo-dia-1-de-marco\/#breadcrumb","itemListElement":[{"@type":"ListItem","position":1,"name":"In\u00edcio","item":"https:\/\/ocoerente.com.br\/se\/"},{"@type":"ListItem","position":2,"name":"\u201cAracaju Tropical Run 2026\u201d agita capital em corrida na praia no pr\u00f3ximo dia 1 de mar\u00e7o"}]},{"@type":"WebSite","@id":"https:\/\/ocoerente.com.br\/se\/#website","url":"https:\/\/ocoerente.com.br\/se\/","name":"O Coerente","description":"","publisher":{"@id":"https:\/\/ocoerente.com.br\/se\/#\/schema\/person\/cc6bfd9fbca465e23543b0c963d8d037"},"potentialAction":[{"@type":"SearchAction","target":{"@type":"EntryPoint","urlTemplate":"https:\/\/ocoerente.com.br\/se\/?s={search_term_string}"},"query-input":{"@type":"PropertyValueSpecification","valueRequired":true,"valueName":"search_term_string"}}],"inLanguage":"pt-BR"},{"@type":["Person","Organization"],"@id":"https:\/\/ocoerente.com.br\/se\/#\/schema\/person\/cc6bfd9fbca465e23543b0c963d8d037","name":"Reda\u00e7\u00e3o","image":{"@type":"ImageObject","inLanguage":"pt-BR","@id":"https:\/\/ocoerente.com.br\/se\/wp-content\/uploads\/2020\/01\/ocoerente-1.png","url":"https:\/\/ocoerente.com.br\/se\/wp-content\/uploads\/2020\/01\/ocoerente-1.png","contentUrl":"https:\/\/ocoerente.com.br\/se\/wp-content\/uploads\/2020\/01\/ocoerente-1.png","width":50,"height":50,"caption":"Reda\u00e7\u00e3o"},"logo":{"@id":"https:\/\/ocoerente.com.br\/se\/wp-content\/uploads\/2020\/01\/ocoerente-1.png"}},{"@type":"Person","@id":"https:\/\/ocoerente.com.br\/se\/#\/schema\/person\/1ed925f7992cb4d6d3b61e3d07b0ae08","name":"Abrah\u00e3o Crispim Filho","description":"Jornalista p\u00f3s-graduado em Comunica\u00e7\u00e3o.","url":"https:\/\/ocoerente.com.br\/se\/author\/crispimcoerente\/"}]}},"_links":{"self":[{"href":"https:\/\/ocoerente.com.br\/se\/wp-json\/wp\/v2\/posts\/18434","targetHints":{"allow":["GET"]}}],"collection":[{"href":"https:\/\/ocoerente.com.br\/se\/wp-json\/wp\/v2\/posts"}],"about":[{"href":"https:\/\/ocoerente.com.br\/se\/wp-json\/wp\/v2\/types\/post"}],"author":[{"embeddable":true,"href":"https:\/\/ocoerente.com.br\/se\/wp-json\/wp\/v2\/users\/4"}],"replies":[{"embeddable":true,"href":"https:\/\/ocoerente.com.br\/se\/wp-json\/wp\/v2\/comments?post=18434"}],"version-history":[{"count":1,"href":"https:\/\/ocoerente.com.br\/se\/wp-json\/wp\/v2\/posts\/18434\/revisions"}],"predecessor-version":[{"id":18436,"href":"https:\/\/ocoerente.com.br\/se\/wp-json\/wp\/v2\/posts\/18434\/revisions\/18436"}],"wp:featuredmedia":[{"embeddable":true,"href":"https:\/\/ocoerente.com.br\/se\/wp-json\/wp\/v2\/media\/18435"}],"wp:attachment":[{"href":"https:\/\/ocoerente.com.br\/se\/wp-json\/wp\/v2\/media?parent=18434"}],"wp:term":[{"taxonomy":"category","embeddable":true,"href":"https:\/\/ocoerente.com.br\/se\/wp-json\/wp\/v2\/categories?post=18434"},{"taxonomy":"post_tag","embeddable":true,"href":"https:\/\/ocoerente.com.br\/se\/wp-json\/wp\/v2\/tags?post=18434"}],"curies":[{"name":"wp","href":"https:\/\/api.w.org\/{rel}","templated":true}]}}