{"id":18431,"date":"2026-01-19T15:20:45","date_gmt":"2026-01-19T18:20:45","guid":{"rendered":"https:\/\/ocoerente.com.br\/se\/?p=18431"},"modified":"2026-01-19T15:20:46","modified_gmt":"2026-01-19T18:20:46","slug":"fanese-abre-matriculas-para-cursos-de-tecnologia-com-alta-empregabilidade","status":"publish","type":"post","link":"https:\/\/ocoerente.com.br\/se\/2026\/01\/19\/fanese-abre-matriculas-para-cursos-de-tecnologia-com-alta-empregabilidade\/","title":{"rendered":"Fanese abre matr\u00edculas para cursos de Tecnologia com alta empregabilidade"},"content":{"rendered":"\n<p>Em um cen\u00e1rio cada vez mais digital, a forma\u00e7\u00e3o na \u00e1rea de tecnologia tem se consolidado como um dos caminhos mais promissores para quem busca empregabilidade, crescimento profissional e atua\u00e7\u00e3o em mercados globais. Atenta a esse movimento, a Fanese est\u00e1 com matr\u00edculas abertas, at\u00e9 o dia 29 de janeiro, para os cursos tecn\u00f3logos em Gest\u00e3o em Tecnologia da Informa\u00e7\u00e3o (GTI) e Sistemas para Internet (SI).<\/p>\n\n\n\n<p>Dados do relat\u00f3rio DataReportal 2025 refor\u00e7am esse contexto: mais de 6 bilh\u00f5es de pessoas em todo o mundo j\u00e1 utilizam a internet, o que representa mais da metade da popula\u00e7\u00e3o global conectada diariamente a solu\u00e7\u00f5es digitais. Para os pr\u00f3ximos anos, as proje\u00e7\u00f5es indicam crescimento acelerado do setor, impulsionado por \u00e1reas como Intelig\u00eancia Artificial (IA), automa\u00e7\u00e3o, ciberseguran\u00e7a e computa\u00e7\u00e3o em nuvem, ampliando significativamente a demanda por profissionais qualificados.<\/p>\n\n\n\n<p>Com uma proposta pedag\u00f3gica alinhada \u00e0s transforma\u00e7\u00f5es do mercado, os cursos de tecnologia da Fanese oferecem ementas atualizadas e foco na pr\u00e1tica profissional desde o primeiro per\u00edodo. As disciplinas abordam conte\u00fados estrat\u00e9gicos e atuais, preparando o estudante para os desafios reais da \u00e1rea e promovendo uma forma\u00e7\u00e3o interdisciplinar, integrada aos demais cursos da institui\u00e7\u00e3o.<\/p>\n\n\n\n<p>Outro diferencial \u00e9 o formato das gradua\u00e7\u00f5es: com dura\u00e7\u00e3o de dois anos e meio e aulas no turno noturno, os cursos s\u00e3o ideais para quem deseja ingressar rapidamente no mercado de trabalho, conciliando estudo e rotina profissional. Ao concluir a forma\u00e7\u00e3o, o egresso est\u00e1 apto a atuar, ampliando suas possibilidades de carreira em um dos setores que mais crescem no mundo.<\/p>\n\n\n\n<p>As inscri\u00e7\u00f5es est\u00e3o abertas e podem ser realizadas de forma on-line. Garanta sua vaga e d\u00ea o pr\u00f3ximo passo na sua carreira em tecnologia.<\/p>\n","protected":false},"excerpt":{"rendered":"<p>Em um cen\u00e1rio cada vez mais digital, a forma\u00e7\u00e3o na \u00e1rea de tecnologia tem se consolidado como um dos caminhos mais promissores para quem busca empregabilidade, crescimento profissional e atua\u00e7\u00e3o em mercados globais. Atenta a esse movimento, a Fanese est\u00e1 com matr\u00edculas abertas, at\u00e9 o dia 29 de janeiro, para os cursos tecn\u00f3logos em Gest\u00e3o [&hellip;]<\/p>\n","protected":false},"author":4,"featured_media":18432,"comment_status":"closed","ping_status":"closed","sticky":false,"template":"","format":"standard","meta":{"footnotes":""},"categories":[47],"tags":[],"class_list":["post-18431","post","type-post","status-publish","format-standard","has-post-thumbnail","hentry","category-educacao"],"yoast_head":"<!-- This site is optimized with the Yoast SEO plugin v27.4 - https:\/\/yoast.com\/product\/yoast-seo-wordpress\/ -->\n<title>Fanese abre matr\u00edculas para cursos de Tecnologia com alta empregabilidade - O Coerente<\/title>\n<meta name=\"robots\" content=\"index, follow, max-snippet:-1, max-image-preview:large, max-video-preview:-1\" \/>\n<link rel=\"canonical\" href=\"https:\/\/ocoerente.com.br\/se\/2026\/01\/19\/fanese-abre-matriculas-para-cursos-de-tecnologia-com-alta-empregabilidade\/\" \/>\n<meta property=\"og:locale\" content=\"pt_BR\" \/>\n<meta property=\"og:type\" content=\"article\" \/>\n<meta property=\"og:title\" content=\"Fanese abre matr\u00edculas para cursos de Tecnologia com alta empregabilidade - O Coerente\" \/>\n<meta property=\"og:description\" content=\"Em um cen\u00e1rio cada vez mais digital, a forma\u00e7\u00e3o na \u00e1rea de tecnologia tem se consolidado como um dos caminhos mais promissores para quem busca empregabilidade, crescimento profissional e atua\u00e7\u00e3o em mercados globais. Atenta a esse movimento, a Fanese est\u00e1 com matr\u00edculas abertas, at\u00e9 o dia 29 de janeiro, para os cursos tecn\u00f3logos em Gest\u00e3o [&hellip;]\" \/>\n<meta property=\"og:url\" content=\"https:\/\/ocoerente.com.br\/se\/2026\/01\/19\/fanese-abre-matriculas-para-cursos-de-tecnologia-com-alta-empregabilidade\/\" \/>\n<meta property=\"og:site_name\" content=\"O Coerente\" \/>\n<meta property=\"article:published_time\" content=\"2026-01-19T18:20:45+00:00\" \/>\n<meta property=\"article:modified_time\" content=\"2026-01-19T18:20:46+00:00\" \/>\n<meta property=\"og:image\" content=\"https:\/\/ocoerente.com.br\/se\/wp-content\/uploads\/2026\/01\/fanese-abre-matriculas-para-cursos-de-tecnologia-com-alta-empregabilidade-1300x650-1.jpg\" \/>\n\t<meta property=\"og:image:width\" content=\"1300\" \/>\n\t<meta property=\"og:image:height\" content=\"650\" \/>\n\t<meta property=\"og:image:type\" content=\"image\/jpeg\" \/>\n<meta name=\"author\" content=\"Abrah\u00e3o Crispim Filho\" \/>\n<meta name=\"twitter:card\" content=\"summary_large_image\" \/>\n<meta name=\"twitter:label1\" content=\"Escrito por\" \/>\n\t<meta name=\"twitter:data1\" content=\"Abrah\u00e3o Crispim Filho\" \/>\n\t<meta name=\"twitter:label2\" content=\"Est. tempo de leitura\" \/>\n\t<meta name=\"twitter:data2\" content=\"2 minutos\" \/>\n<script type=\"application\/ld+json\" class=\"yoast-schema-graph\">{\"@context\":\"https:\\\/\\\/schema.org\",\"@graph\":[{\"@type\":\"Article\",\"@id\":\"https:\\\/\\\/ocoerente.com.br\\\/se\\\/2026\\\/01\\\/19\\\/fanese-abre-matriculas-para-cursos-de-tecnologia-com-alta-empregabilidade\\\/#article\",\"isPartOf\":{\"@id\":\"https:\\\/\\\/ocoerente.com.br\\\/se\\\/2026\\\/01\\\/19\\\/fanese-abre-matriculas-para-cursos-de-tecnologia-com-alta-empregabilidade\\\/\"},\"author\":{\"name\":\"Abrah\u00e3o Crispim Filho\",\"@id\":\"https:\\\/\\\/ocoerente.com.br\\\/se\\\/#\\\/schema\\\/person\\\/1ed925f7992cb4d6d3b61e3d07b0ae08\"},\"headline\":\"Fanese abre matr\u00edculas para cursos de Tecnologia com alta empregabilidade\",\"datePublished\":\"2026-01-19T18:20:45+00:00\",\"dateModified\":\"2026-01-19T18:20:46+00:00\",\"mainEntityOfPage\":{\"@id\":\"https:\\\/\\\/ocoerente.com.br\\\/se\\\/2026\\\/01\\\/19\\\/fanese-abre-matriculas-para-cursos-de-tecnologia-com-alta-empregabilidade\\\/\"},\"wordCount\":311,\"publisher\":{\"@id\":\"https:\\\/\\\/ocoerente.com.br\\\/se\\\/#\\\/schema\\\/person\\\/cc6bfd9fbca465e23543b0c963d8d037\"},\"image\":{\"@id\":\"https:\\\/\\\/ocoerente.com.br\\\/se\\\/2026\\\/01\\\/19\\\/fanese-abre-matriculas-para-cursos-de-tecnologia-com-alta-empregabilidade\\\/#primaryimage\"},\"thumbnailUrl\":\"https:\\\/\\\/ocoerente.com.br\\\/se\\\/wp-content\\\/uploads\\\/2026\\\/01\\\/fanese-abre-matriculas-para-cursos-de-tecnologia-com-alta-empregabilidade-1300x650-1.jpg\",\"articleSection\":[\"Educa\u00e7\u00e3o\"],\"inLanguage\":\"pt-BR\"},{\"@type\":\"WebPage\",\"@id\":\"https:\\\/\\\/ocoerente.com.br\\\/se\\\/2026\\\/01\\\/19\\\/fanese-abre-matriculas-para-cursos-de-tecnologia-com-alta-empregabilidade\\\/\",\"url\":\"https:\\\/\\\/ocoerente.com.br\\\/se\\\/2026\\\/01\\\/19\\\/fanese-abre-matriculas-para-cursos-de-tecnologia-com-alta-empregabilidade\\\/\",\"name\":\"Fanese abre matr\u00edculas para cursos de Tecnologia com alta empregabilidade - O Coerente\",\"isPartOf\":{\"@id\":\"https:\\\/\\\/ocoerente.com.br\\\/se\\\/#website\"},\"primaryImageOfPage\":{\"@id\":\"https:\\\/\\\/ocoerente.com.br\\\/se\\\/2026\\\/01\\\/19\\\/fanese-abre-matriculas-para-cursos-de-tecnologia-com-alta-empregabilidade\\\/#primaryimage\"},\"image\":{\"@id\":\"https:\\\/\\\/ocoerente.com.br\\\/se\\\/2026\\\/01\\\/19\\\/fanese-abre-matriculas-para-cursos-de-tecnologia-com-alta-empregabilidade\\\/#primaryimage\"},\"thumbnailUrl\":\"https:\\\/\\\/ocoerente.com.br\\\/se\\\/wp-content\\\/uploads\\\/2026\\\/01\\\/fanese-abre-matriculas-para-cursos-de-tecnologia-com-alta-empregabilidade-1300x650-1.jpg\",\"datePublished\":\"2026-01-19T18:20:45+00:00\",\"dateModified\":\"2026-01-19T18:20:46+00:00\",\"breadcrumb\":{\"@id\":\"https:\\\/\\\/ocoerente.com.br\\\/se\\\/2026\\\/01\\\/19\\\/fanese-abre-matriculas-para-cursos-de-tecnologia-com-alta-empregabilidade\\\/#breadcrumb\"},\"inLanguage\":\"pt-BR\",\"potentialAction\":[{\"@type\":\"ReadAction\",\"target\":[\"https:\\\/\\\/ocoerente.com.br\\\/se\\\/2026\\\/01\\\/19\\\/fanese-abre-matriculas-para-cursos-de-tecnologia-com-alta-empregabilidade\\\/\"]}]},{\"@type\":\"ImageObject\",\"inLanguage\":\"pt-BR\",\"@id\":\"https:\\\/\\\/ocoerente.com.br\\\/se\\\/2026\\\/01\\\/19\\\/fanese-abre-matriculas-para-cursos-de-tecnologia-com-alta-empregabilidade\\\/#primaryimage\",\"url\":\"https:\\\/\\\/ocoerente.com.br\\\/se\\\/wp-content\\\/uploads\\\/2026\\\/01\\\/fanese-abre-matriculas-para-cursos-de-tecnologia-com-alta-empregabilidade-1300x650-1.jpg\",\"contentUrl\":\"https:\\\/\\\/ocoerente.com.br\\\/se\\\/wp-content\\\/uploads\\\/2026\\\/01\\\/fanese-abre-matriculas-para-cursos-de-tecnologia-com-alta-empregabilidade-1300x650-1.jpg\",\"width\":1300,\"height\":650},{\"@type\":\"BreadcrumbList\",\"@id\":\"https:\\\/\\\/ocoerente.com.br\\\/se\\\/2026\\\/01\\\/19\\\/fanese-abre-matriculas-para-cursos-de-tecnologia-com-alta-empregabilidade\\\/#breadcrumb\",\"itemListElement\":[{\"@type\":\"ListItem\",\"position\":1,\"name\":\"In\u00edcio\",\"item\":\"https:\\\/\\\/ocoerente.com.br\\\/se\\\/\"},{\"@type\":\"ListItem\",\"position\":2,\"name\":\"Fanese abre matr\u00edculas para cursos de Tecnologia com alta empregabilidade\"}]},{\"@type\":\"WebSite\",\"@id\":\"https:\\\/\\\/ocoerente.com.br\\\/se\\\/#website\",\"url\":\"https:\\\/\\\/ocoerente.com.br\\\/se\\\/\",\"name\":\"O Coerente\",\"description\":\"\",\"publisher\":{\"@id\":\"https:\\\/\\\/ocoerente.com.br\\\/se\\\/#\\\/schema\\\/person\\\/cc6bfd9fbca465e23543b0c963d8d037\"},\"potentialAction\":[{\"@type\":\"SearchAction\",\"target\":{\"@type\":\"EntryPoint\",\"urlTemplate\":\"https:\\\/\\\/ocoerente.com.br\\\/se\\\/?s={search_term_string}\"},\"query-input\":{\"@type\":\"PropertyValueSpecification\",\"valueRequired\":true,\"valueName\":\"search_term_string\"}}],\"inLanguage\":\"pt-BR\"},{\"@type\":[\"Person\",\"Organization\"],\"@id\":\"https:\\\/\\\/ocoerente.com.br\\\/se\\\/#\\\/schema\\\/person\\\/cc6bfd9fbca465e23543b0c963d8d037\",\"name\":\"Reda\u00e7\u00e3o\",\"image\":{\"@type\":\"ImageObject\",\"inLanguage\":\"pt-BR\",\"@id\":\"https:\\\/\\\/ocoerente.com.br\\\/se\\\/wp-content\\\/uploads\\\/2020\\\/01\\\/ocoerente-1.png\",\"url\":\"https:\\\/\\\/ocoerente.com.br\\\/se\\\/wp-content\\\/uploads\\\/2020\\\/01\\\/ocoerente-1.png\",\"contentUrl\":\"https:\\\/\\\/ocoerente.com.br\\\/se\\\/wp-content\\\/uploads\\\/2020\\\/01\\\/ocoerente-1.png\",\"width\":50,\"height\":50,\"caption\":\"Reda\u00e7\u00e3o\"},\"logo\":{\"@id\":\"https:\\\/\\\/ocoerente.com.br\\\/se\\\/wp-content\\\/uploads\\\/2020\\\/01\\\/ocoerente-1.png\"}},{\"@type\":\"Person\",\"@id\":\"https:\\\/\\\/ocoerente.com.br\\\/se\\\/#\\\/schema\\\/person\\\/1ed925f7992cb4d6d3b61e3d07b0ae08\",\"name\":\"Abrah\u00e3o Crispim Filho\",\"description\":\"Jornalista p\u00f3s-graduado em Comunica\u00e7\u00e3o.\",\"url\":\"https:\\\/\\\/ocoerente.com.br\\\/se\\\/author\\\/crispimcoerente\\\/\"}]}<\/script>\n<!-- \/ Yoast SEO plugin. -->","yoast_head_json":{"title":"Fanese abre matr\u00edculas para cursos de Tecnologia com alta empregabilidade - O Coerente","robots":{"index":"index","follow":"follow","max-snippet":"max-snippet:-1","max-image-preview":"max-image-preview:large","max-video-preview":"max-video-preview:-1"},"canonical":"https:\/\/ocoerente.com.br\/se\/2026\/01\/19\/fanese-abre-matriculas-para-cursos-de-tecnologia-com-alta-empregabilidade\/","og_locale":"pt_BR","og_type":"article","og_title":"Fanese abre matr\u00edculas para cursos de Tecnologia com alta empregabilidade - O Coerente","og_description":"Em um cen\u00e1rio cada vez mais digital, a forma\u00e7\u00e3o na \u00e1rea de tecnologia tem se consolidado como um dos caminhos mais promissores para quem busca empregabilidade, crescimento profissional e atua\u00e7\u00e3o em mercados globais. Atenta a esse movimento, a Fanese est\u00e1 com matr\u00edculas abertas, at\u00e9 o dia 29 de janeiro, para os cursos tecn\u00f3logos em Gest\u00e3o [&hellip;]","og_url":"https:\/\/ocoerente.com.br\/se\/2026\/01\/19\/fanese-abre-matriculas-para-cursos-de-tecnologia-com-alta-empregabilidade\/","og_site_name":"O Coerente","article_published_time":"2026-01-19T18:20:45+00:00","article_modified_time":"2026-01-19T18:20:46+00:00","og_image":[{"width":1300,"height":650,"url":"https:\/\/ocoerente.com.br\/se\/wp-content\/uploads\/2026\/01\/fanese-abre-matriculas-para-cursos-de-tecnologia-com-alta-empregabilidade-1300x650-1.jpg","type":"image\/jpeg"}],"author":"Abrah\u00e3o Crispim Filho","twitter_card":"summary_large_image","twitter_misc":{"Escrito por":"Abrah\u00e3o Crispim Filho","Est. tempo de leitura":"2 minutos"},"schema":{"@context":"https:\/\/schema.org","@graph":[{"@type":"Article","@id":"https:\/\/ocoerente.com.br\/se\/2026\/01\/19\/fanese-abre-matriculas-para-cursos-de-tecnologia-com-alta-empregabilidade\/#article","isPartOf":{"@id":"https:\/\/ocoerente.com.br\/se\/2026\/01\/19\/fanese-abre-matriculas-para-cursos-de-tecnologia-com-alta-empregabilidade\/"},"author":{"name":"Abrah\u00e3o Crispim Filho","@id":"https:\/\/ocoerente.com.br\/se\/#\/schema\/person\/1ed925f7992cb4d6d3b61e3d07b0ae08"},"headline":"Fanese abre matr\u00edculas para cursos de Tecnologia com alta empregabilidade","datePublished":"2026-01-19T18:20:45+00:00","dateModified":"2026-01-19T18:20:46+00:00","mainEntityOfPage":{"@id":"https:\/\/ocoerente.com.br\/se\/2026\/01\/19\/fanese-abre-matriculas-para-cursos-de-tecnologia-com-alta-empregabilidade\/"},"wordCount":311,"publisher":{"@id":"https:\/\/ocoerente.com.br\/se\/#\/schema\/person\/cc6bfd9fbca465e23543b0c963d8d037"},"image":{"@id":"https:\/\/ocoerente.com.br\/se\/2026\/01\/19\/fanese-abre-matriculas-para-cursos-de-tecnologia-com-alta-empregabilidade\/#primaryimage"},"thumbnailUrl":"https:\/\/ocoerente.com.br\/se\/wp-content\/uploads\/2026\/01\/fanese-abre-matriculas-para-cursos-de-tecnologia-com-alta-empregabilidade-1300x650-1.jpg","articleSection":["Educa\u00e7\u00e3o"],"inLanguage":"pt-BR"},{"@type":"WebPage","@id":"https:\/\/ocoerente.com.br\/se\/2026\/01\/19\/fanese-abre-matriculas-para-cursos-de-tecnologia-com-alta-empregabilidade\/","url":"https:\/\/ocoerente.com.br\/se\/2026\/01\/19\/fanese-abre-matriculas-para-cursos-de-tecnologia-com-alta-empregabilidade\/","name":"Fanese abre matr\u00edculas para cursos de Tecnologia com alta empregabilidade - O Coerente","isPartOf":{"@id":"https:\/\/ocoerente.com.br\/se\/#website"},"primaryImageOfPage":{"@id":"https:\/\/ocoerente.com.br\/se\/2026\/01\/19\/fanese-abre-matriculas-para-cursos-de-tecnologia-com-alta-empregabilidade\/#primaryimage"},"image":{"@id":"https:\/\/ocoerente.com.br\/se\/2026\/01\/19\/fanese-abre-matriculas-para-cursos-de-tecnologia-com-alta-empregabilidade\/#primaryimage"},"thumbnailUrl":"https:\/\/ocoerente.com.br\/se\/wp-content\/uploads\/2026\/01\/fanese-abre-matriculas-para-cursos-de-tecnologia-com-alta-empregabilidade-1300x650-1.jpg","datePublished":"2026-01-19T18:20:45+00:00","dateModified":"2026-01-19T18:20:46+00:00","breadcrumb":{"@id":"https:\/\/ocoerente.com.br\/se\/2026\/01\/19\/fanese-abre-matriculas-para-cursos-de-tecnologia-com-alta-empregabilidade\/#breadcrumb"},"inLanguage":"pt-BR","potentialAction":[{"@type":"ReadAction","target":["https:\/\/ocoerente.com.br\/se\/2026\/01\/19\/fanese-abre-matriculas-para-cursos-de-tecnologia-com-alta-empregabilidade\/"]}]},{"@type":"ImageObject","inLanguage":"pt-BR","@id":"https:\/\/ocoerente.com.br\/se\/2026\/01\/19\/fanese-abre-matriculas-para-cursos-de-tecnologia-com-alta-empregabilidade\/#primaryimage","url":"https:\/\/ocoerente.com.br\/se\/wp-content\/uploads\/2026\/01\/fanese-abre-matriculas-para-cursos-de-tecnologia-com-alta-empregabilidade-1300x650-1.jpg","contentUrl":"https:\/\/ocoerente.com.br\/se\/wp-content\/uploads\/2026\/01\/fanese-abre-matriculas-para-cursos-de-tecnologia-com-alta-empregabilidade-1300x650-1.jpg","width":1300,"height":650},{"@type":"BreadcrumbList","@id":"https:\/\/ocoerente.com.br\/se\/2026\/01\/19\/fanese-abre-matriculas-para-cursos-de-tecnologia-com-alta-empregabilidade\/#breadcrumb","itemListElement":[{"@type":"ListItem","position":1,"name":"In\u00edcio","item":"https:\/\/ocoerente.com.br\/se\/"},{"@type":"ListItem","position":2,"name":"Fanese abre matr\u00edculas para cursos de Tecnologia com alta empregabilidade"}]},{"@type":"WebSite","@id":"https:\/\/ocoerente.com.br\/se\/#website","url":"https:\/\/ocoerente.com.br\/se\/","name":"O Coerente","description":"","publisher":{"@id":"https:\/\/ocoerente.com.br\/se\/#\/schema\/person\/cc6bfd9fbca465e23543b0c963d8d037"},"potentialAction":[{"@type":"SearchAction","target":{"@type":"EntryPoint","urlTemplate":"https:\/\/ocoerente.com.br\/se\/?s={search_term_string}"},"query-input":{"@type":"PropertyValueSpecification","valueRequired":true,"valueName":"search_term_string"}}],"inLanguage":"pt-BR"},{"@type":["Person","Organization"],"@id":"https:\/\/ocoerente.com.br\/se\/#\/schema\/person\/cc6bfd9fbca465e23543b0c963d8d037","name":"Reda\u00e7\u00e3o","image":{"@type":"ImageObject","inLanguage":"pt-BR","@id":"https:\/\/ocoerente.com.br\/se\/wp-content\/uploads\/2020\/01\/ocoerente-1.png","url":"https:\/\/ocoerente.com.br\/se\/wp-content\/uploads\/2020\/01\/ocoerente-1.png","contentUrl":"https:\/\/ocoerente.com.br\/se\/wp-content\/uploads\/2020\/01\/ocoerente-1.png","width":50,"height":50,"caption":"Reda\u00e7\u00e3o"},"logo":{"@id":"https:\/\/ocoerente.com.br\/se\/wp-content\/uploads\/2020\/01\/ocoerente-1.png"}},{"@type":"Person","@id":"https:\/\/ocoerente.com.br\/se\/#\/schema\/person\/1ed925f7992cb4d6d3b61e3d07b0ae08","name":"Abrah\u00e3o Crispim Filho","description":"Jornalista p\u00f3s-graduado em Comunica\u00e7\u00e3o.","url":"https:\/\/ocoerente.com.br\/se\/author\/crispimcoerente\/"}]}},"_links":{"self":[{"href":"https:\/\/ocoerente.com.br\/se\/wp-json\/wp\/v2\/posts\/18431","targetHints":{"allow":["GET"]}}],"collection":[{"href":"https:\/\/ocoerente.com.br\/se\/wp-json\/wp\/v2\/posts"}],"about":[{"href":"https:\/\/ocoerente.com.br\/se\/wp-json\/wp\/v2\/types\/post"}],"author":[{"embeddable":true,"href":"https:\/\/ocoerente.com.br\/se\/wp-json\/wp\/v2\/users\/4"}],"replies":[{"embeddable":true,"href":"https:\/\/ocoerente.com.br\/se\/wp-json\/wp\/v2\/comments?post=18431"}],"version-history":[{"count":1,"href":"https:\/\/ocoerente.com.br\/se\/wp-json\/wp\/v2\/posts\/18431\/revisions"}],"predecessor-version":[{"id":18433,"href":"https:\/\/ocoerente.com.br\/se\/wp-json\/wp\/v2\/posts\/18431\/revisions\/18433"}],"wp:featuredmedia":[{"embeddable":true,"href":"https:\/\/ocoerente.com.br\/se\/wp-json\/wp\/v2\/media\/18432"}],"wp:attachment":[{"href":"https:\/\/ocoerente.com.br\/se\/wp-json\/wp\/v2\/media?parent=18431"}],"wp:term":[{"taxonomy":"category","embeddable":true,"href":"https:\/\/ocoerente.com.br\/se\/wp-json\/wp\/v2\/categories?post=18431"},{"taxonomy":"post_tag","embeddable":true,"href":"https:\/\/ocoerente.com.br\/se\/wp-json\/wp\/v2\/tags?post=18431"}],"curies":[{"name":"wp","href":"https:\/\/api.w.org\/{rel}","templated":true}]}}