{"id":18428,"date":"2026-01-19T15:09:30","date_gmt":"2026-01-19T18:09:30","guid":{"rendered":"https:\/\/ocoerente.com.br\/se\/?p=18428"},"modified":"2026-01-19T15:09:33","modified_gmt":"2026-01-19T18:09:33","slug":"superintendente-do-ministerio-da-saude-em-sergipe-participa-da-assinatura-de-ordem-de-servico-para-nova-maternidade","status":"publish","type":"post","link":"https:\/\/ocoerente.com.br\/se\/2026\/01\/19\/superintendente-do-ministerio-da-saude-em-sergipe-participa-da-assinatura-de-ordem-de-servico-para-nova-maternidade\/","title":{"rendered":"Superintendente do Minist\u00e9rio da Sa\u00fade em Sergipe participa da assinatura de ordem de servi\u00e7o para nova maternidade"},"content":{"rendered":"\n<p>O superintendente do Minist\u00e9rio da Sa\u00fade em Sergipe, Tiago Rangel dos Santos, acompanhou a assinatura da ordem de servi\u00e7o para o novo Complexo Materno-Infantil Nossa Senhora de Lourdes. A obra contar\u00e1 com R$ 153 milh\u00f5es em recursos federais, assegurados pelo Minist\u00e9rio da Sa\u00fade por meio do Novo PAC.<\/p>\n\n\n\n<p>Sergipe faz parte de um investimento maior de R$ 602 milh\u00f5es do Novo PAC Sa\u00fade, que beneficiar\u00e1 outros seis estados com maternidades e policl\u00ednicas. A iniciativa integra o programa Agora Tem Especialistas, focado em reduzir filas do SUS e ampliar a oferta de consultas, exames e cirurgias.<\/p>\n","protected":false},"excerpt":{"rendered":"<p>O superintendente do Minist\u00e9rio da Sa\u00fade em Sergipe, Tiago Rangel dos Santos, acompanhou a assinatura da ordem de servi\u00e7o para o novo Complexo Materno-Infantil Nossa Senhora de Lourdes. A obra contar\u00e1 com R$ 153 milh\u00f5es em recursos federais, assegurados pelo Minist\u00e9rio da Sa\u00fade por meio do Novo PAC. Sergipe faz parte de um investimento maior [&hellip;]<\/p>\n","protected":false},"author":4,"featured_media":18429,"comment_status":"closed","ping_status":"closed","sticky":false,"template":"","format":"standard","meta":{"footnotes":""},"categories":[54,43],"tags":[],"class_list":["post-18428","post","type-post","status-publish","format-standard","has-post-thumbnail","hentry","category-saude","category-sergipe"],"yoast_head":"<!-- This site is optimized with the Yoast SEO plugin v27.4 - https:\/\/yoast.com\/product\/yoast-seo-wordpress\/ -->\n<title>Superintendente do Minist\u00e9rio da Sa\u00fade em Sergipe participa da assinatura de ordem de servi\u00e7o para nova maternidade - O Coerente<\/title>\n<meta name=\"robots\" content=\"index, follow, max-snippet:-1, max-image-preview:large, max-video-preview:-1\" \/>\n<link rel=\"canonical\" href=\"https:\/\/ocoerente.com.br\/se\/2026\/01\/19\/superintendente-do-ministerio-da-saude-em-sergipe-participa-da-assinatura-de-ordem-de-servico-para-nova-maternidade\/\" \/>\n<meta property=\"og:locale\" content=\"pt_BR\" \/>\n<meta property=\"og:type\" content=\"article\" \/>\n<meta property=\"og:title\" content=\"Superintendente do Minist\u00e9rio da Sa\u00fade em Sergipe participa da assinatura de ordem de servi\u00e7o para nova maternidade - O Coerente\" \/>\n<meta property=\"og:description\" content=\"O superintendente do Minist\u00e9rio da Sa\u00fade em Sergipe, Tiago Rangel dos Santos, acompanhou a assinatura da ordem de servi\u00e7o para o novo Complexo Materno-Infantil Nossa Senhora de Lourdes. A obra contar\u00e1 com R$ 153 milh\u00f5es em recursos federais, assegurados pelo Minist\u00e9rio da Sa\u00fade por meio do Novo PAC. Sergipe faz parte de um investimento maior [&hellip;]\" \/>\n<meta property=\"og:url\" content=\"https:\/\/ocoerente.com.br\/se\/2026\/01\/19\/superintendente-do-ministerio-da-saude-em-sergipe-participa-da-assinatura-de-ordem-de-servico-para-nova-maternidade\/\" \/>\n<meta property=\"og:site_name\" content=\"O Coerente\" \/>\n<meta property=\"article:published_time\" content=\"2026-01-19T18:09:30+00:00\" \/>\n<meta property=\"article:modified_time\" content=\"2026-01-19T18:09:33+00:00\" \/>\n<meta property=\"og:image\" content=\"https:\/\/ocoerente.com.br\/se\/wp-content\/uploads\/2026\/01\/WhatsApp-Image-2026-01-18-at-23.06.29.jpeg\" \/>\n\t<meta property=\"og:image:width\" content=\"720\" \/>\n\t<meta property=\"og:image:height\" content=\"1280\" \/>\n\t<meta property=\"og:image:type\" content=\"image\/jpeg\" \/>\n<meta name=\"author\" content=\"Abrah\u00e3o Crispim Filho\" \/>\n<meta name=\"twitter:card\" content=\"summary_large_image\" \/>\n<meta name=\"twitter:label1\" content=\"Escrito por\" \/>\n\t<meta name=\"twitter:data1\" content=\"Abrah\u00e3o Crispim Filho\" \/>\n\t<meta name=\"twitter:label2\" content=\"Est. tempo de leitura\" \/>\n\t<meta name=\"twitter:data2\" content=\"1 minuto\" \/>\n<script type=\"application\/ld+json\" class=\"yoast-schema-graph\">{\"@context\":\"https:\\\/\\\/schema.org\",\"@graph\":[{\"@type\":\"Article\",\"@id\":\"https:\\\/\\\/ocoerente.com.br\\\/se\\\/2026\\\/01\\\/19\\\/superintendente-do-ministerio-da-saude-em-sergipe-participa-da-assinatura-de-ordem-de-servico-para-nova-maternidade\\\/#article\",\"isPartOf\":{\"@id\":\"https:\\\/\\\/ocoerente.com.br\\\/se\\\/2026\\\/01\\\/19\\\/superintendente-do-ministerio-da-saude-em-sergipe-participa-da-assinatura-de-ordem-de-servico-para-nova-maternidade\\\/\"},\"author\":{\"name\":\"Abrah\u00e3o Crispim Filho\",\"@id\":\"https:\\\/\\\/ocoerente.com.br\\\/se\\\/#\\\/schema\\\/person\\\/1ed925f7992cb4d6d3b61e3d07b0ae08\"},\"headline\":\"Superintendente do Minist\u00e9rio da Sa\u00fade em Sergipe participa da assinatura de ordem de servi\u00e7o para nova maternidade\",\"datePublished\":\"2026-01-19T18:09:30+00:00\",\"dateModified\":\"2026-01-19T18:09:33+00:00\",\"mainEntityOfPage\":{\"@id\":\"https:\\\/\\\/ocoerente.com.br\\\/se\\\/2026\\\/01\\\/19\\\/superintendente-do-ministerio-da-saude-em-sergipe-participa-da-assinatura-de-ordem-de-servico-para-nova-maternidade\\\/\"},\"wordCount\":122,\"publisher\":{\"@id\":\"https:\\\/\\\/ocoerente.com.br\\\/se\\\/#\\\/schema\\\/person\\\/cc6bfd9fbca465e23543b0c963d8d037\"},\"image\":{\"@id\":\"https:\\\/\\\/ocoerente.com.br\\\/se\\\/2026\\\/01\\\/19\\\/superintendente-do-ministerio-da-saude-em-sergipe-participa-da-assinatura-de-ordem-de-servico-para-nova-maternidade\\\/#primaryimage\"},\"thumbnailUrl\":\"https:\\\/\\\/ocoerente.com.br\\\/se\\\/wp-content\\\/uploads\\\/2026\\\/01\\\/WhatsApp-Image-2026-01-18-at-23.06.29.jpeg\",\"articleSection\":[\"Sa\u00fade\",\"Sergipe\"],\"inLanguage\":\"pt-BR\"},{\"@type\":\"WebPage\",\"@id\":\"https:\\\/\\\/ocoerente.com.br\\\/se\\\/2026\\\/01\\\/19\\\/superintendente-do-ministerio-da-saude-em-sergipe-participa-da-assinatura-de-ordem-de-servico-para-nova-maternidade\\\/\",\"url\":\"https:\\\/\\\/ocoerente.com.br\\\/se\\\/2026\\\/01\\\/19\\\/superintendente-do-ministerio-da-saude-em-sergipe-participa-da-assinatura-de-ordem-de-servico-para-nova-maternidade\\\/\",\"name\":\"Superintendente do Minist\u00e9rio da Sa\u00fade em Sergipe participa da assinatura de ordem de servi\u00e7o para nova maternidade - O Coerente\",\"isPartOf\":{\"@id\":\"https:\\\/\\\/ocoerente.com.br\\\/se\\\/#website\"},\"primaryImageOfPage\":{\"@id\":\"https:\\\/\\\/ocoerente.com.br\\\/se\\\/2026\\\/01\\\/19\\\/superintendente-do-ministerio-da-saude-em-sergipe-participa-da-assinatura-de-ordem-de-servico-para-nova-maternidade\\\/#primaryimage\"},\"image\":{\"@id\":\"https:\\\/\\\/ocoerente.com.br\\\/se\\\/2026\\\/01\\\/19\\\/superintendente-do-ministerio-da-saude-em-sergipe-participa-da-assinatura-de-ordem-de-servico-para-nova-maternidade\\\/#primaryimage\"},\"thumbnailUrl\":\"https:\\\/\\\/ocoerente.com.br\\\/se\\\/wp-content\\\/uploads\\\/2026\\\/01\\\/WhatsApp-Image-2026-01-18-at-23.06.29.jpeg\",\"datePublished\":\"2026-01-19T18:09:30+00:00\",\"dateModified\":\"2026-01-19T18:09:33+00:00\",\"breadcrumb\":{\"@id\":\"https:\\\/\\\/ocoerente.com.br\\\/se\\\/2026\\\/01\\\/19\\\/superintendente-do-ministerio-da-saude-em-sergipe-participa-da-assinatura-de-ordem-de-servico-para-nova-maternidade\\\/#breadcrumb\"},\"inLanguage\":\"pt-BR\",\"potentialAction\":[{\"@type\":\"ReadAction\",\"target\":[\"https:\\\/\\\/ocoerente.com.br\\\/se\\\/2026\\\/01\\\/19\\\/superintendente-do-ministerio-da-saude-em-sergipe-participa-da-assinatura-de-ordem-de-servico-para-nova-maternidade\\\/\"]}]},{\"@type\":\"ImageObject\",\"inLanguage\":\"pt-BR\",\"@id\":\"https:\\\/\\\/ocoerente.com.br\\\/se\\\/2026\\\/01\\\/19\\\/superintendente-do-ministerio-da-saude-em-sergipe-participa-da-assinatura-de-ordem-de-servico-para-nova-maternidade\\\/#primaryimage\",\"url\":\"https:\\\/\\\/ocoerente.com.br\\\/se\\\/wp-content\\\/uploads\\\/2026\\\/01\\\/WhatsApp-Image-2026-01-18-at-23.06.29.jpeg\",\"contentUrl\":\"https:\\\/\\\/ocoerente.com.br\\\/se\\\/wp-content\\\/uploads\\\/2026\\\/01\\\/WhatsApp-Image-2026-01-18-at-23.06.29.jpeg\",\"width\":720,\"height\":1280},{\"@type\":\"BreadcrumbList\",\"@id\":\"https:\\\/\\\/ocoerente.com.br\\\/se\\\/2026\\\/01\\\/19\\\/superintendente-do-ministerio-da-saude-em-sergipe-participa-da-assinatura-de-ordem-de-servico-para-nova-maternidade\\\/#breadcrumb\",\"itemListElement\":[{\"@type\":\"ListItem\",\"position\":1,\"name\":\"In\u00edcio\",\"item\":\"https:\\\/\\\/ocoerente.com.br\\\/se\\\/\"},{\"@type\":\"ListItem\",\"position\":2,\"name\":\"Superintendente do Minist\u00e9rio da Sa\u00fade em Sergipe participa da assinatura de ordem de servi\u00e7o para nova maternidade\"}]},{\"@type\":\"WebSite\",\"@id\":\"https:\\\/\\\/ocoerente.com.br\\\/se\\\/#website\",\"url\":\"https:\\\/\\\/ocoerente.com.br\\\/se\\\/\",\"name\":\"O Coerente\",\"description\":\"\",\"publisher\":{\"@id\":\"https:\\\/\\\/ocoerente.com.br\\\/se\\\/#\\\/schema\\\/person\\\/cc6bfd9fbca465e23543b0c963d8d037\"},\"potentialAction\":[{\"@type\":\"SearchAction\",\"target\":{\"@type\":\"EntryPoint\",\"urlTemplate\":\"https:\\\/\\\/ocoerente.com.br\\\/se\\\/?s={search_term_string}\"},\"query-input\":{\"@type\":\"PropertyValueSpecification\",\"valueRequired\":true,\"valueName\":\"search_term_string\"}}],\"inLanguage\":\"pt-BR\"},{\"@type\":[\"Person\",\"Organization\"],\"@id\":\"https:\\\/\\\/ocoerente.com.br\\\/se\\\/#\\\/schema\\\/person\\\/cc6bfd9fbca465e23543b0c963d8d037\",\"name\":\"Reda\u00e7\u00e3o\",\"image\":{\"@type\":\"ImageObject\",\"inLanguage\":\"pt-BR\",\"@id\":\"https:\\\/\\\/ocoerente.com.br\\\/se\\\/wp-content\\\/uploads\\\/2020\\\/01\\\/ocoerente-1.png\",\"url\":\"https:\\\/\\\/ocoerente.com.br\\\/se\\\/wp-content\\\/uploads\\\/2020\\\/01\\\/ocoerente-1.png\",\"contentUrl\":\"https:\\\/\\\/ocoerente.com.br\\\/se\\\/wp-content\\\/uploads\\\/2020\\\/01\\\/ocoerente-1.png\",\"width\":50,\"height\":50,\"caption\":\"Reda\u00e7\u00e3o\"},\"logo\":{\"@id\":\"https:\\\/\\\/ocoerente.com.br\\\/se\\\/wp-content\\\/uploads\\\/2020\\\/01\\\/ocoerente-1.png\"}},{\"@type\":\"Person\",\"@id\":\"https:\\\/\\\/ocoerente.com.br\\\/se\\\/#\\\/schema\\\/person\\\/1ed925f7992cb4d6d3b61e3d07b0ae08\",\"name\":\"Abrah\u00e3o Crispim Filho\",\"description\":\"Jornalista p\u00f3s-graduado em Comunica\u00e7\u00e3o.\",\"url\":\"https:\\\/\\\/ocoerente.com.br\\\/se\\\/author\\\/crispimcoerente\\\/\"}]}<\/script>\n<!-- \/ Yoast SEO plugin. -->","yoast_head_json":{"title":"Superintendente do Minist\u00e9rio da Sa\u00fade em Sergipe participa da assinatura de ordem de servi\u00e7o para nova maternidade - O Coerente","robots":{"index":"index","follow":"follow","max-snippet":"max-snippet:-1","max-image-preview":"max-image-preview:large","max-video-preview":"max-video-preview:-1"},"canonical":"https:\/\/ocoerente.com.br\/se\/2026\/01\/19\/superintendente-do-ministerio-da-saude-em-sergipe-participa-da-assinatura-de-ordem-de-servico-para-nova-maternidade\/","og_locale":"pt_BR","og_type":"article","og_title":"Superintendente do Minist\u00e9rio da Sa\u00fade em Sergipe participa da assinatura de ordem de servi\u00e7o para nova maternidade - O Coerente","og_description":"O superintendente do Minist\u00e9rio da Sa\u00fade em Sergipe, Tiago Rangel dos Santos, acompanhou a assinatura da ordem de servi\u00e7o para o novo Complexo Materno-Infantil Nossa Senhora de Lourdes. A obra contar\u00e1 com R$ 153 milh\u00f5es em recursos federais, assegurados pelo Minist\u00e9rio da Sa\u00fade por meio do Novo PAC. Sergipe faz parte de um investimento maior [&hellip;]","og_url":"https:\/\/ocoerente.com.br\/se\/2026\/01\/19\/superintendente-do-ministerio-da-saude-em-sergipe-participa-da-assinatura-de-ordem-de-servico-para-nova-maternidade\/","og_site_name":"O Coerente","article_published_time":"2026-01-19T18:09:30+00:00","article_modified_time":"2026-01-19T18:09:33+00:00","og_image":[{"width":720,"height":1280,"url":"https:\/\/ocoerente.com.br\/se\/wp-content\/uploads\/2026\/01\/WhatsApp-Image-2026-01-18-at-23.06.29.jpeg","type":"image\/jpeg"}],"author":"Abrah\u00e3o Crispim Filho","twitter_card":"summary_large_image","twitter_misc":{"Escrito por":"Abrah\u00e3o Crispim Filho","Est. tempo de leitura":"1 minuto"},"schema":{"@context":"https:\/\/schema.org","@graph":[{"@type":"Article","@id":"https:\/\/ocoerente.com.br\/se\/2026\/01\/19\/superintendente-do-ministerio-da-saude-em-sergipe-participa-da-assinatura-de-ordem-de-servico-para-nova-maternidade\/#article","isPartOf":{"@id":"https:\/\/ocoerente.com.br\/se\/2026\/01\/19\/superintendente-do-ministerio-da-saude-em-sergipe-participa-da-assinatura-de-ordem-de-servico-para-nova-maternidade\/"},"author":{"name":"Abrah\u00e3o Crispim Filho","@id":"https:\/\/ocoerente.com.br\/se\/#\/schema\/person\/1ed925f7992cb4d6d3b61e3d07b0ae08"},"headline":"Superintendente do Minist\u00e9rio da Sa\u00fade em Sergipe participa da assinatura de ordem de servi\u00e7o para nova maternidade","datePublished":"2026-01-19T18:09:30+00:00","dateModified":"2026-01-19T18:09:33+00:00","mainEntityOfPage":{"@id":"https:\/\/ocoerente.com.br\/se\/2026\/01\/19\/superintendente-do-ministerio-da-saude-em-sergipe-participa-da-assinatura-de-ordem-de-servico-para-nova-maternidade\/"},"wordCount":122,"publisher":{"@id":"https:\/\/ocoerente.com.br\/se\/#\/schema\/person\/cc6bfd9fbca465e23543b0c963d8d037"},"image":{"@id":"https:\/\/ocoerente.com.br\/se\/2026\/01\/19\/superintendente-do-ministerio-da-saude-em-sergipe-participa-da-assinatura-de-ordem-de-servico-para-nova-maternidade\/#primaryimage"},"thumbnailUrl":"https:\/\/ocoerente.com.br\/se\/wp-content\/uploads\/2026\/01\/WhatsApp-Image-2026-01-18-at-23.06.29.jpeg","articleSection":["Sa\u00fade","Sergipe"],"inLanguage":"pt-BR"},{"@type":"WebPage","@id":"https:\/\/ocoerente.com.br\/se\/2026\/01\/19\/superintendente-do-ministerio-da-saude-em-sergipe-participa-da-assinatura-de-ordem-de-servico-para-nova-maternidade\/","url":"https:\/\/ocoerente.com.br\/se\/2026\/01\/19\/superintendente-do-ministerio-da-saude-em-sergipe-participa-da-assinatura-de-ordem-de-servico-para-nova-maternidade\/","name":"Superintendente do Minist\u00e9rio da Sa\u00fade em Sergipe participa da assinatura de ordem de servi\u00e7o para nova maternidade - O Coerente","isPartOf":{"@id":"https:\/\/ocoerente.com.br\/se\/#website"},"primaryImageOfPage":{"@id":"https:\/\/ocoerente.com.br\/se\/2026\/01\/19\/superintendente-do-ministerio-da-saude-em-sergipe-participa-da-assinatura-de-ordem-de-servico-para-nova-maternidade\/#primaryimage"},"image":{"@id":"https:\/\/ocoerente.com.br\/se\/2026\/01\/19\/superintendente-do-ministerio-da-saude-em-sergipe-participa-da-assinatura-de-ordem-de-servico-para-nova-maternidade\/#primaryimage"},"thumbnailUrl":"https:\/\/ocoerente.com.br\/se\/wp-content\/uploads\/2026\/01\/WhatsApp-Image-2026-01-18-at-23.06.29.jpeg","datePublished":"2026-01-19T18:09:30+00:00","dateModified":"2026-01-19T18:09:33+00:00","breadcrumb":{"@id":"https:\/\/ocoerente.com.br\/se\/2026\/01\/19\/superintendente-do-ministerio-da-saude-em-sergipe-participa-da-assinatura-de-ordem-de-servico-para-nova-maternidade\/#breadcrumb"},"inLanguage":"pt-BR","potentialAction":[{"@type":"ReadAction","target":["https:\/\/ocoerente.com.br\/se\/2026\/01\/19\/superintendente-do-ministerio-da-saude-em-sergipe-participa-da-assinatura-de-ordem-de-servico-para-nova-maternidade\/"]}]},{"@type":"ImageObject","inLanguage":"pt-BR","@id":"https:\/\/ocoerente.com.br\/se\/2026\/01\/19\/superintendente-do-ministerio-da-saude-em-sergipe-participa-da-assinatura-de-ordem-de-servico-para-nova-maternidade\/#primaryimage","url":"https:\/\/ocoerente.com.br\/se\/wp-content\/uploads\/2026\/01\/WhatsApp-Image-2026-01-18-at-23.06.29.jpeg","contentUrl":"https:\/\/ocoerente.com.br\/se\/wp-content\/uploads\/2026\/01\/WhatsApp-Image-2026-01-18-at-23.06.29.jpeg","width":720,"height":1280},{"@type":"BreadcrumbList","@id":"https:\/\/ocoerente.com.br\/se\/2026\/01\/19\/superintendente-do-ministerio-da-saude-em-sergipe-participa-da-assinatura-de-ordem-de-servico-para-nova-maternidade\/#breadcrumb","itemListElement":[{"@type":"ListItem","position":1,"name":"In\u00edcio","item":"https:\/\/ocoerente.com.br\/se\/"},{"@type":"ListItem","position":2,"name":"Superintendente do Minist\u00e9rio da Sa\u00fade em Sergipe participa da assinatura de ordem de servi\u00e7o para nova maternidade"}]},{"@type":"WebSite","@id":"https:\/\/ocoerente.com.br\/se\/#website","url":"https:\/\/ocoerente.com.br\/se\/","name":"O Coerente","description":"","publisher":{"@id":"https:\/\/ocoerente.com.br\/se\/#\/schema\/person\/cc6bfd9fbca465e23543b0c963d8d037"},"potentialAction":[{"@type":"SearchAction","target":{"@type":"EntryPoint","urlTemplate":"https:\/\/ocoerente.com.br\/se\/?s={search_term_string}"},"query-input":{"@type":"PropertyValueSpecification","valueRequired":true,"valueName":"search_term_string"}}],"inLanguage":"pt-BR"},{"@type":["Person","Organization"],"@id":"https:\/\/ocoerente.com.br\/se\/#\/schema\/person\/cc6bfd9fbca465e23543b0c963d8d037","name":"Reda\u00e7\u00e3o","image":{"@type":"ImageObject","inLanguage":"pt-BR","@id":"https:\/\/ocoerente.com.br\/se\/wp-content\/uploads\/2020\/01\/ocoerente-1.png","url":"https:\/\/ocoerente.com.br\/se\/wp-content\/uploads\/2020\/01\/ocoerente-1.png","contentUrl":"https:\/\/ocoerente.com.br\/se\/wp-content\/uploads\/2020\/01\/ocoerente-1.png","width":50,"height":50,"caption":"Reda\u00e7\u00e3o"},"logo":{"@id":"https:\/\/ocoerente.com.br\/se\/wp-content\/uploads\/2020\/01\/ocoerente-1.png"}},{"@type":"Person","@id":"https:\/\/ocoerente.com.br\/se\/#\/schema\/person\/1ed925f7992cb4d6d3b61e3d07b0ae08","name":"Abrah\u00e3o Crispim Filho","description":"Jornalista p\u00f3s-graduado em Comunica\u00e7\u00e3o.","url":"https:\/\/ocoerente.com.br\/se\/author\/crispimcoerente\/"}]}},"_links":{"self":[{"href":"https:\/\/ocoerente.com.br\/se\/wp-json\/wp\/v2\/posts\/18428","targetHints":{"allow":["GET"]}}],"collection":[{"href":"https:\/\/ocoerente.com.br\/se\/wp-json\/wp\/v2\/posts"}],"about":[{"href":"https:\/\/ocoerente.com.br\/se\/wp-json\/wp\/v2\/types\/post"}],"author":[{"embeddable":true,"href":"https:\/\/ocoerente.com.br\/se\/wp-json\/wp\/v2\/users\/4"}],"replies":[{"embeddable":true,"href":"https:\/\/ocoerente.com.br\/se\/wp-json\/wp\/v2\/comments?post=18428"}],"version-history":[{"count":1,"href":"https:\/\/ocoerente.com.br\/se\/wp-json\/wp\/v2\/posts\/18428\/revisions"}],"predecessor-version":[{"id":18430,"href":"https:\/\/ocoerente.com.br\/se\/wp-json\/wp\/v2\/posts\/18428\/revisions\/18430"}],"wp:featuredmedia":[{"embeddable":true,"href":"https:\/\/ocoerente.com.br\/se\/wp-json\/wp\/v2\/media\/18429"}],"wp:attachment":[{"href":"https:\/\/ocoerente.com.br\/se\/wp-json\/wp\/v2\/media?parent=18428"}],"wp:term":[{"taxonomy":"category","embeddable":true,"href":"https:\/\/ocoerente.com.br\/se\/wp-json\/wp\/v2\/categories?post=18428"},{"taxonomy":"post_tag","embeddable":true,"href":"https:\/\/ocoerente.com.br\/se\/wp-json\/wp\/v2\/tags?post=18428"}],"curies":[{"name":"wp","href":"https:\/\/api.w.org\/{rel}","templated":true}]}}