{"id":18422,"date":"2026-01-16T01:21:45","date_gmt":"2026-01-16T04:21:45","guid":{"rendered":"https:\/\/ocoerente.com.br\/se\/?p=18422"},"modified":"2026-01-16T01:21:47","modified_gmt":"2026-01-16T04:21:47","slug":"aseopp-promove-reuniao-almoco-para-debater-desafios-do-setor-de-construcao-em-2026","status":"publish","type":"post","link":"https:\/\/ocoerente.com.br\/se\/2026\/01\/16\/aseopp-promove-reuniao-almoco-para-debater-desafios-do-setor-de-construcao-em-2026\/","title":{"rendered":"ASEOPP promove reuni\u00e3o-almo\u00e7o para debater desafios do setor de constru\u00e7\u00e3o em 2026"},"content":{"rendered":"\n<p>A Associa\u00e7\u00e3o Sergipana de Empres\u00e1rios de Obras P\u00fablicas e Privadas (ASEOPP) realizou nesta ter\u00e7a-feira (13), no Restaurante Trevo, uma reuni\u00e3o-almo\u00e7o com seus associados para discutir os principais desafios e oportunidades que o setor enfrentar\u00e1 ao longo de 2026. O encontro contou com a participa\u00e7\u00e3o de especialistas em diferentes \u00e1reas e reuniu empres\u00e1rios do segmento de constru\u00e7\u00e3o civil do estado.<\/p>\n\n\n\n<p>A abertura dos trabalhos ficou a cargo de Geraldo Majela, vice-presidente de Rela\u00e7\u00f5es Trabalhistas da ASEOPP, que destacou a necessidade de fortalecimento da uni\u00e3o entre os empres\u00e1rios do setor. \u201cImport\u00e2ncia da coletividade \u00e9 fundamental. Tivemos alguns avan\u00e7os nos \u00faltimos anos, mas ainda \u00e9 t\u00edmido. Com as mudan\u00e7as que temos tido na lei tribut\u00e1ria do pa\u00eds, se faz mais que necess\u00e1rio que mudemos a postura e ajamos com mais coletividade\u201d, afirmou Majela.<\/p>\n\n\n\n<p>Na sequ\u00eancia, Andr\u00e9 Gabillaud, representante da empresa de intelig\u00eancia empresarial Gabillaud, apresentou um panorama sobre o cen\u00e1rio atual do mercado de constru\u00e7\u00e3o em Sergipe. Com o tema \u201cLer o Cen\u00e1rio \u00e9 F\u00e1cil. Sustentar a Empresa \u00e9 Outra Hist\u00f3ria &#8211; O que l\u00edderes e empresas precisam ajustar em 2026&#8243;, a exposi\u00e7\u00e3o trouxe dados sobre os impactos das obras em andamento no estado, os desafios log\u00edsticos e a import\u00e2ncia do planejamento estrat\u00e9gico diante do ano eleitoral.<\/p>\n\n\n\n<p>O advogado Dr. Pedro Celestino abordou as atualiza\u00e7\u00f5es jur\u00eddicas relacionadas \u00e0s associa\u00e7\u00f5es pr\u00f3-constru\u00e7\u00e3o e \u00e0 Lei dos Distratos, trazendo esclarecimentos sobre as mudan\u00e7as recentes na legisla\u00e7\u00e3o que afetam diretamente o setor imobili\u00e1rio e de constru\u00e7\u00e3o civil.J\u00e1 o Dr. J\u00falio Correa tratou das implica\u00e7\u00f5es do Decreto 8.438\/25, que estabelece novas regras sobre o ISS (Imposto Sobre Servi\u00e7os) e a NR-1 (Norma Regulamentadora), abordando as puni\u00e7\u00f5es previstas e os cuidados que as empresas devem adotar para garantir conformidade legal.<br>No encerramento do evento, o presidente da ASEOPP, empres\u00e1rio Luciano Barreto, refor\u00e7ou a necessidade de mobiliza\u00e7\u00e3o dos associados diante das irregularidades que afetam o mercado. Luciano enfatizou que os associados precisam se movimentar ainda mais para combater as pr\u00e1ticas ilegais que hoje assolam o mercado imobili\u00e1rio sergipano, ressaltando o papel da entidade na defesa dos interesses leg\u00edtimos do setor.<\/p>\n\n\n\n<p>O encontro teve como objetivo alinhar estrat\u00e9gias e fortalecer o di\u00e1logo entre os empres\u00e1rios da constru\u00e7\u00e3o civil, preparando o segmento para os desafios que se apresentam no decorrer do ano.<\/p>\n\n\n\n<p><\/p>\n","protected":false},"excerpt":{"rendered":"<p>A Associa\u00e7\u00e3o Sergipana de Empres\u00e1rios de Obras P\u00fablicas e Privadas (ASEOPP) realizou nesta ter\u00e7a-feira (13), no Restaurante Trevo, uma reuni\u00e3o-almo\u00e7o com seus associados para discutir os principais desafios e oportunidades que o setor enfrentar\u00e1 ao longo de 2026. O encontro contou com a participa\u00e7\u00e3o de especialistas em diferentes \u00e1reas e reuniu empres\u00e1rios do segmento de [&hellip;]<\/p>\n","protected":false},"author":1,"featured_media":18423,"comment_status":"closed","ping_status":"closed","sticky":false,"template":"","format":"standard","meta":{"footnotes":""},"categories":[1],"tags":[],"class_list":["post-18422","post","type-post","status-publish","format-standard","has-post-thumbnail","hentry","category-sem-categoria"],"yoast_head":"<!-- This site is optimized with the Yoast SEO plugin v27.4 - https:\/\/yoast.com\/product\/yoast-seo-wordpress\/ -->\n<title>ASEOPP promove reuni\u00e3o-almo\u00e7o para debater desafios do setor de constru\u00e7\u00e3o em 2026 - O Coerente<\/title>\n<meta name=\"robots\" content=\"index, follow, max-snippet:-1, max-image-preview:large, max-video-preview:-1\" \/>\n<link rel=\"canonical\" href=\"https:\/\/ocoerente.com.br\/se\/2026\/01\/16\/aseopp-promove-reuniao-almoco-para-debater-desafios-do-setor-de-construcao-em-2026\/\" \/>\n<meta property=\"og:locale\" content=\"pt_BR\" \/>\n<meta property=\"og:type\" content=\"article\" \/>\n<meta property=\"og:title\" content=\"ASEOPP promove reuni\u00e3o-almo\u00e7o para debater desafios do setor de constru\u00e7\u00e3o em 2026 - O Coerente\" \/>\n<meta property=\"og:description\" content=\"A Associa\u00e7\u00e3o Sergipana de Empres\u00e1rios de Obras P\u00fablicas e Privadas (ASEOPP) realizou nesta ter\u00e7a-feira (13), no Restaurante Trevo, uma reuni\u00e3o-almo\u00e7o com seus associados para discutir os principais desafios e oportunidades que o setor enfrentar\u00e1 ao longo de 2026. O encontro contou com a participa\u00e7\u00e3o de especialistas em diferentes \u00e1reas e reuniu empres\u00e1rios do segmento de [&hellip;]\" \/>\n<meta property=\"og:url\" content=\"https:\/\/ocoerente.com.br\/se\/2026\/01\/16\/aseopp-promove-reuniao-almoco-para-debater-desafios-do-setor-de-construcao-em-2026\/\" \/>\n<meta property=\"og:site_name\" content=\"O Coerente\" \/>\n<meta property=\"article:published_time\" content=\"2026-01-16T04:21:45+00:00\" \/>\n<meta property=\"article:modified_time\" content=\"2026-01-16T04:21:47+00:00\" \/>\n<meta property=\"og:image\" content=\"https:\/\/ocoerente.com.br\/se\/wp-content\/uploads\/2026\/01\/88a29d0b02cc.jpg\" \/>\n\t<meta property=\"og:image:width\" content=\"1600\" \/>\n\t<meta property=\"og:image:height\" content=\"1200\" \/>\n\t<meta property=\"og:image:type\" content=\"image\/jpeg\" \/>\n<meta name=\"author\" content=\"Reda\u00e7\u00e3o\" \/>\n<meta name=\"twitter:card\" content=\"summary_large_image\" \/>\n<meta name=\"twitter:label1\" content=\"Escrito por\" \/>\n\t<meta name=\"twitter:data1\" content=\"Reda\u00e7\u00e3o\" \/>\n\t<meta name=\"twitter:label2\" content=\"Est. tempo de leitura\" \/>\n\t<meta name=\"twitter:data2\" content=\"3 minutos\" \/>\n<script type=\"application\/ld+json\" class=\"yoast-schema-graph\">{\"@context\":\"https:\\\/\\\/schema.org\",\"@graph\":[{\"@type\":\"Article\",\"@id\":\"https:\\\/\\\/ocoerente.com.br\\\/se\\\/2026\\\/01\\\/16\\\/aseopp-promove-reuniao-almoco-para-debater-desafios-do-setor-de-construcao-em-2026\\\/#article\",\"isPartOf\":{\"@id\":\"https:\\\/\\\/ocoerente.com.br\\\/se\\\/2026\\\/01\\\/16\\\/aseopp-promove-reuniao-almoco-para-debater-desafios-do-setor-de-construcao-em-2026\\\/\"},\"author\":{\"name\":\"Reda\u00e7\u00e3o\",\"@id\":\"https:\\\/\\\/ocoerente.com.br\\\/se\\\/#\\\/schema\\\/person\\\/cc6bfd9fbca465e23543b0c963d8d037\"},\"headline\":\"ASEOPP promove reuni\u00e3o-almo\u00e7o para debater desafios do setor de constru\u00e7\u00e3o em 2026\",\"datePublished\":\"2026-01-16T04:21:45+00:00\",\"dateModified\":\"2026-01-16T04:21:47+00:00\",\"mainEntityOfPage\":{\"@id\":\"https:\\\/\\\/ocoerente.com.br\\\/se\\\/2026\\\/01\\\/16\\\/aseopp-promove-reuniao-almoco-para-debater-desafios-do-setor-de-construcao-em-2026\\\/\"},\"wordCount\":430,\"publisher\":{\"@id\":\"https:\\\/\\\/ocoerente.com.br\\\/se\\\/#\\\/schema\\\/person\\\/cc6bfd9fbca465e23543b0c963d8d037\"},\"image\":{\"@id\":\"https:\\\/\\\/ocoerente.com.br\\\/se\\\/2026\\\/01\\\/16\\\/aseopp-promove-reuniao-almoco-para-debater-desafios-do-setor-de-construcao-em-2026\\\/#primaryimage\"},\"thumbnailUrl\":\"https:\\\/\\\/ocoerente.com.br\\\/se\\\/wp-content\\\/uploads\\\/2026\\\/01\\\/88a29d0b02cc.jpg\",\"inLanguage\":\"pt-BR\"},{\"@type\":\"WebPage\",\"@id\":\"https:\\\/\\\/ocoerente.com.br\\\/se\\\/2026\\\/01\\\/16\\\/aseopp-promove-reuniao-almoco-para-debater-desafios-do-setor-de-construcao-em-2026\\\/\",\"url\":\"https:\\\/\\\/ocoerente.com.br\\\/se\\\/2026\\\/01\\\/16\\\/aseopp-promove-reuniao-almoco-para-debater-desafios-do-setor-de-construcao-em-2026\\\/\",\"name\":\"ASEOPP promove reuni\u00e3o-almo\u00e7o para debater desafios do setor de constru\u00e7\u00e3o em 2026 - O Coerente\",\"isPartOf\":{\"@id\":\"https:\\\/\\\/ocoerente.com.br\\\/se\\\/#website\"},\"primaryImageOfPage\":{\"@id\":\"https:\\\/\\\/ocoerente.com.br\\\/se\\\/2026\\\/01\\\/16\\\/aseopp-promove-reuniao-almoco-para-debater-desafios-do-setor-de-construcao-em-2026\\\/#primaryimage\"},\"image\":{\"@id\":\"https:\\\/\\\/ocoerente.com.br\\\/se\\\/2026\\\/01\\\/16\\\/aseopp-promove-reuniao-almoco-para-debater-desafios-do-setor-de-construcao-em-2026\\\/#primaryimage\"},\"thumbnailUrl\":\"https:\\\/\\\/ocoerente.com.br\\\/se\\\/wp-content\\\/uploads\\\/2026\\\/01\\\/88a29d0b02cc.jpg\",\"datePublished\":\"2026-01-16T04:21:45+00:00\",\"dateModified\":\"2026-01-16T04:21:47+00:00\",\"breadcrumb\":{\"@id\":\"https:\\\/\\\/ocoerente.com.br\\\/se\\\/2026\\\/01\\\/16\\\/aseopp-promove-reuniao-almoco-para-debater-desafios-do-setor-de-construcao-em-2026\\\/#breadcrumb\"},\"inLanguage\":\"pt-BR\",\"potentialAction\":[{\"@type\":\"ReadAction\",\"target\":[\"https:\\\/\\\/ocoerente.com.br\\\/se\\\/2026\\\/01\\\/16\\\/aseopp-promove-reuniao-almoco-para-debater-desafios-do-setor-de-construcao-em-2026\\\/\"]}]},{\"@type\":\"ImageObject\",\"inLanguage\":\"pt-BR\",\"@id\":\"https:\\\/\\\/ocoerente.com.br\\\/se\\\/2026\\\/01\\\/16\\\/aseopp-promove-reuniao-almoco-para-debater-desafios-do-setor-de-construcao-em-2026\\\/#primaryimage\",\"url\":\"https:\\\/\\\/ocoerente.com.br\\\/se\\\/wp-content\\\/uploads\\\/2026\\\/01\\\/88a29d0b02cc.jpg\",\"contentUrl\":\"https:\\\/\\\/ocoerente.com.br\\\/se\\\/wp-content\\\/uploads\\\/2026\\\/01\\\/88a29d0b02cc.jpg\",\"width\":1600,\"height\":1200},{\"@type\":\"BreadcrumbList\",\"@id\":\"https:\\\/\\\/ocoerente.com.br\\\/se\\\/2026\\\/01\\\/16\\\/aseopp-promove-reuniao-almoco-para-debater-desafios-do-setor-de-construcao-em-2026\\\/#breadcrumb\",\"itemListElement\":[{\"@type\":\"ListItem\",\"position\":1,\"name\":\"In\u00edcio\",\"item\":\"https:\\\/\\\/ocoerente.com.br\\\/se\\\/\"},{\"@type\":\"ListItem\",\"position\":2,\"name\":\"ASEOPP promove reuni\u00e3o-almo\u00e7o para debater desafios do setor de constru\u00e7\u00e3o em 2026\"}]},{\"@type\":\"WebSite\",\"@id\":\"https:\\\/\\\/ocoerente.com.br\\\/se\\\/#website\",\"url\":\"https:\\\/\\\/ocoerente.com.br\\\/se\\\/\",\"name\":\"O Coerente\",\"description\":\"\",\"publisher\":{\"@id\":\"https:\\\/\\\/ocoerente.com.br\\\/se\\\/#\\\/schema\\\/person\\\/cc6bfd9fbca465e23543b0c963d8d037\"},\"potentialAction\":[{\"@type\":\"SearchAction\",\"target\":{\"@type\":\"EntryPoint\",\"urlTemplate\":\"https:\\\/\\\/ocoerente.com.br\\\/se\\\/?s={search_term_string}\"},\"query-input\":{\"@type\":\"PropertyValueSpecification\",\"valueRequired\":true,\"valueName\":\"search_term_string\"}}],\"inLanguage\":\"pt-BR\"},{\"@type\":[\"Person\",\"Organization\"],\"@id\":\"https:\\\/\\\/ocoerente.com.br\\\/se\\\/#\\\/schema\\\/person\\\/cc6bfd9fbca465e23543b0c963d8d037\",\"name\":\"Reda\u00e7\u00e3o\",\"image\":{\"@type\":\"ImageObject\",\"inLanguage\":\"pt-BR\",\"@id\":\"https:\\\/\\\/ocoerente.com.br\\\/se\\\/wp-content\\\/uploads\\\/2020\\\/01\\\/ocoerente-1.png\",\"url\":\"https:\\\/\\\/ocoerente.com.br\\\/se\\\/wp-content\\\/uploads\\\/2020\\\/01\\\/ocoerente-1.png\",\"contentUrl\":\"https:\\\/\\\/ocoerente.com.br\\\/se\\\/wp-content\\\/uploads\\\/2020\\\/01\\\/ocoerente-1.png\",\"width\":50,\"height\":50,\"caption\":\"Reda\u00e7\u00e3o\"},\"logo\":{\"@id\":\"https:\\\/\\\/ocoerente.com.br\\\/se\\\/wp-content\\\/uploads\\\/2020\\\/01\\\/ocoerente-1.png\"},\"url\":\"https:\\\/\\\/ocoerente.com.br\\\/se\\\/author\\\/vasticlsales\\\/\"}]}<\/script>\n<!-- \/ Yoast SEO plugin. -->","yoast_head_json":{"title":"ASEOPP promove reuni\u00e3o-almo\u00e7o para debater desafios do setor de constru\u00e7\u00e3o em 2026 - O Coerente","robots":{"index":"index","follow":"follow","max-snippet":"max-snippet:-1","max-image-preview":"max-image-preview:large","max-video-preview":"max-video-preview:-1"},"canonical":"https:\/\/ocoerente.com.br\/se\/2026\/01\/16\/aseopp-promove-reuniao-almoco-para-debater-desafios-do-setor-de-construcao-em-2026\/","og_locale":"pt_BR","og_type":"article","og_title":"ASEOPP promove reuni\u00e3o-almo\u00e7o para debater desafios do setor de constru\u00e7\u00e3o em 2026 - O Coerente","og_description":"A Associa\u00e7\u00e3o Sergipana de Empres\u00e1rios de Obras P\u00fablicas e Privadas (ASEOPP) realizou nesta ter\u00e7a-feira (13), no Restaurante Trevo, uma reuni\u00e3o-almo\u00e7o com seus associados para discutir os principais desafios e oportunidades que o setor enfrentar\u00e1 ao longo de 2026. O encontro contou com a participa\u00e7\u00e3o de especialistas em diferentes \u00e1reas e reuniu empres\u00e1rios do segmento de [&hellip;]","og_url":"https:\/\/ocoerente.com.br\/se\/2026\/01\/16\/aseopp-promove-reuniao-almoco-para-debater-desafios-do-setor-de-construcao-em-2026\/","og_site_name":"O Coerente","article_published_time":"2026-01-16T04:21:45+00:00","article_modified_time":"2026-01-16T04:21:47+00:00","og_image":[{"width":1600,"height":1200,"url":"https:\/\/ocoerente.com.br\/se\/wp-content\/uploads\/2026\/01\/88a29d0b02cc.jpg","type":"image\/jpeg"}],"author":"Reda\u00e7\u00e3o","twitter_card":"summary_large_image","twitter_misc":{"Escrito por":"Reda\u00e7\u00e3o","Est. tempo de leitura":"3 minutos"},"schema":{"@context":"https:\/\/schema.org","@graph":[{"@type":"Article","@id":"https:\/\/ocoerente.com.br\/se\/2026\/01\/16\/aseopp-promove-reuniao-almoco-para-debater-desafios-do-setor-de-construcao-em-2026\/#article","isPartOf":{"@id":"https:\/\/ocoerente.com.br\/se\/2026\/01\/16\/aseopp-promove-reuniao-almoco-para-debater-desafios-do-setor-de-construcao-em-2026\/"},"author":{"name":"Reda\u00e7\u00e3o","@id":"https:\/\/ocoerente.com.br\/se\/#\/schema\/person\/cc6bfd9fbca465e23543b0c963d8d037"},"headline":"ASEOPP promove reuni\u00e3o-almo\u00e7o para debater desafios do setor de constru\u00e7\u00e3o em 2026","datePublished":"2026-01-16T04:21:45+00:00","dateModified":"2026-01-16T04:21:47+00:00","mainEntityOfPage":{"@id":"https:\/\/ocoerente.com.br\/se\/2026\/01\/16\/aseopp-promove-reuniao-almoco-para-debater-desafios-do-setor-de-construcao-em-2026\/"},"wordCount":430,"publisher":{"@id":"https:\/\/ocoerente.com.br\/se\/#\/schema\/person\/cc6bfd9fbca465e23543b0c963d8d037"},"image":{"@id":"https:\/\/ocoerente.com.br\/se\/2026\/01\/16\/aseopp-promove-reuniao-almoco-para-debater-desafios-do-setor-de-construcao-em-2026\/#primaryimage"},"thumbnailUrl":"https:\/\/ocoerente.com.br\/se\/wp-content\/uploads\/2026\/01\/88a29d0b02cc.jpg","inLanguage":"pt-BR"},{"@type":"WebPage","@id":"https:\/\/ocoerente.com.br\/se\/2026\/01\/16\/aseopp-promove-reuniao-almoco-para-debater-desafios-do-setor-de-construcao-em-2026\/","url":"https:\/\/ocoerente.com.br\/se\/2026\/01\/16\/aseopp-promove-reuniao-almoco-para-debater-desafios-do-setor-de-construcao-em-2026\/","name":"ASEOPP promove reuni\u00e3o-almo\u00e7o para debater desafios do setor de constru\u00e7\u00e3o em 2026 - O Coerente","isPartOf":{"@id":"https:\/\/ocoerente.com.br\/se\/#website"},"primaryImageOfPage":{"@id":"https:\/\/ocoerente.com.br\/se\/2026\/01\/16\/aseopp-promove-reuniao-almoco-para-debater-desafios-do-setor-de-construcao-em-2026\/#primaryimage"},"image":{"@id":"https:\/\/ocoerente.com.br\/se\/2026\/01\/16\/aseopp-promove-reuniao-almoco-para-debater-desafios-do-setor-de-construcao-em-2026\/#primaryimage"},"thumbnailUrl":"https:\/\/ocoerente.com.br\/se\/wp-content\/uploads\/2026\/01\/88a29d0b02cc.jpg","datePublished":"2026-01-16T04:21:45+00:00","dateModified":"2026-01-16T04:21:47+00:00","breadcrumb":{"@id":"https:\/\/ocoerente.com.br\/se\/2026\/01\/16\/aseopp-promove-reuniao-almoco-para-debater-desafios-do-setor-de-construcao-em-2026\/#breadcrumb"},"inLanguage":"pt-BR","potentialAction":[{"@type":"ReadAction","target":["https:\/\/ocoerente.com.br\/se\/2026\/01\/16\/aseopp-promove-reuniao-almoco-para-debater-desafios-do-setor-de-construcao-em-2026\/"]}]},{"@type":"ImageObject","inLanguage":"pt-BR","@id":"https:\/\/ocoerente.com.br\/se\/2026\/01\/16\/aseopp-promove-reuniao-almoco-para-debater-desafios-do-setor-de-construcao-em-2026\/#primaryimage","url":"https:\/\/ocoerente.com.br\/se\/wp-content\/uploads\/2026\/01\/88a29d0b02cc.jpg","contentUrl":"https:\/\/ocoerente.com.br\/se\/wp-content\/uploads\/2026\/01\/88a29d0b02cc.jpg","width":1600,"height":1200},{"@type":"BreadcrumbList","@id":"https:\/\/ocoerente.com.br\/se\/2026\/01\/16\/aseopp-promove-reuniao-almoco-para-debater-desafios-do-setor-de-construcao-em-2026\/#breadcrumb","itemListElement":[{"@type":"ListItem","position":1,"name":"In\u00edcio","item":"https:\/\/ocoerente.com.br\/se\/"},{"@type":"ListItem","position":2,"name":"ASEOPP promove reuni\u00e3o-almo\u00e7o para debater desafios do setor de constru\u00e7\u00e3o em 2026"}]},{"@type":"WebSite","@id":"https:\/\/ocoerente.com.br\/se\/#website","url":"https:\/\/ocoerente.com.br\/se\/","name":"O Coerente","description":"","publisher":{"@id":"https:\/\/ocoerente.com.br\/se\/#\/schema\/person\/cc6bfd9fbca465e23543b0c963d8d037"},"potentialAction":[{"@type":"SearchAction","target":{"@type":"EntryPoint","urlTemplate":"https:\/\/ocoerente.com.br\/se\/?s={search_term_string}"},"query-input":{"@type":"PropertyValueSpecification","valueRequired":true,"valueName":"search_term_string"}}],"inLanguage":"pt-BR"},{"@type":["Person","Organization"],"@id":"https:\/\/ocoerente.com.br\/se\/#\/schema\/person\/cc6bfd9fbca465e23543b0c963d8d037","name":"Reda\u00e7\u00e3o","image":{"@type":"ImageObject","inLanguage":"pt-BR","@id":"https:\/\/ocoerente.com.br\/se\/wp-content\/uploads\/2020\/01\/ocoerente-1.png","url":"https:\/\/ocoerente.com.br\/se\/wp-content\/uploads\/2020\/01\/ocoerente-1.png","contentUrl":"https:\/\/ocoerente.com.br\/se\/wp-content\/uploads\/2020\/01\/ocoerente-1.png","width":50,"height":50,"caption":"Reda\u00e7\u00e3o"},"logo":{"@id":"https:\/\/ocoerente.com.br\/se\/wp-content\/uploads\/2020\/01\/ocoerente-1.png"},"url":"https:\/\/ocoerente.com.br\/se\/author\/vasticlsales\/"}]}},"_links":{"self":[{"href":"https:\/\/ocoerente.com.br\/se\/wp-json\/wp\/v2\/posts\/18422","targetHints":{"allow":["GET"]}}],"collection":[{"href":"https:\/\/ocoerente.com.br\/se\/wp-json\/wp\/v2\/posts"}],"about":[{"href":"https:\/\/ocoerente.com.br\/se\/wp-json\/wp\/v2\/types\/post"}],"author":[{"embeddable":true,"href":"https:\/\/ocoerente.com.br\/se\/wp-json\/wp\/v2\/users\/1"}],"replies":[{"embeddable":true,"href":"https:\/\/ocoerente.com.br\/se\/wp-json\/wp\/v2\/comments?post=18422"}],"version-history":[{"count":1,"href":"https:\/\/ocoerente.com.br\/se\/wp-json\/wp\/v2\/posts\/18422\/revisions"}],"predecessor-version":[{"id":18424,"href":"https:\/\/ocoerente.com.br\/se\/wp-json\/wp\/v2\/posts\/18422\/revisions\/18424"}],"wp:featuredmedia":[{"embeddable":true,"href":"https:\/\/ocoerente.com.br\/se\/wp-json\/wp\/v2\/media\/18423"}],"wp:attachment":[{"href":"https:\/\/ocoerente.com.br\/se\/wp-json\/wp\/v2\/media?parent=18422"}],"wp:term":[{"taxonomy":"category","embeddable":true,"href":"https:\/\/ocoerente.com.br\/se\/wp-json\/wp\/v2\/categories?post=18422"},{"taxonomy":"post_tag","embeddable":true,"href":"https:\/\/ocoerente.com.br\/se\/wp-json\/wp\/v2\/tags?post=18422"}],"curies":[{"name":"wp","href":"https:\/\/api.w.org\/{rel}","templated":true}]}}