{"id":18413,"date":"2026-01-16T01:09:57","date_gmt":"2026-01-16T04:09:57","guid":{"rendered":"https:\/\/ocoerente.com.br\/se\/?p=18413"},"modified":"2026-01-16T01:09:59","modified_gmt":"2026-01-16T04:09:59","slug":"edital-de-convocacao","status":"publish","type":"post","link":"https:\/\/ocoerente.com.br\/se\/2026\/01\/16\/edital-de-convocacao\/","title":{"rendered":"EDITAL DE CONVOCA\u00c7\u00c3O"},"content":{"rendered":"\n<p>O Diretor Presidente da ASSOCIA\u00c7\u00c3O DE RADIODIFUS\u00c3O COMUNIT\u00c1RIA DO GRAGERU \u2013 R\u00e1dio Jubileu, CNPJ n\u00ba 02.721.148\/0001-40, no uso das atribui\u00e7\u00f5es que lhe s\u00e3o concedidas e, em conformidade com o Estatuto da Associa\u00e7\u00e3o, convoca os associados para Assembleia Geral Extraordin\u00e1ria para participarem das Elei\u00e7\u00f5es da Diretoria Executiva, Conselho Fiscal e Conselho Comunit\u00e1rio para o bi\u00eanio de 2026\/2027, que ser\u00e1 realizada na sede da R\u00e1dio Jubileu, situada na Rua Manoel Esp\u00edrito Santo n\u00ba 321, bairro Grageru nesta cidade de Aracaju, estado de Sergipe, no dia 30 de janeiro de 2026, \u00e0s 19h30min, em primeira convoca\u00e7\u00e3o, e \u00e0s 20h em segunda convoca\u00e7\u00e3o com qualquer n\u00famero de associados.<\/p>\n\n\n\n<p>Ser\u00e1 eleita para os cargos de Presidente, Vice Presidente, Secret\u00e1rio, Tesoureiro e Diretor de patrim\u00f4nio, bem como para o Conselho Fiscal, constitu\u00eddo de tr\u00eas titulares e tr\u00eas suplentes e para o Conselho Comunit\u00e1rio, Constitu\u00eddo de no m\u00ednimo cinco pessoas representantes de entidades da \u00e1rea de abrang\u00eancia da Emissora.<\/p>\n\n\n\n<p>O prazo para registro das chapas encerrar-se-\u00e1 no dia 27 de janeiro de 2026, \u00e0s 18hs, cuja documenta\u00e7\u00e3o ser\u00e1 entregue na sede da associa\u00e7\u00e3o atendendo \u00e0s exig\u00eancias estatut\u00e1rias. Somente poder\u00e3o votar e serem votados os associados que estiverem quites com suas obriga\u00e7\u00f5es estatut\u00e1rias<\/p>\n\n\n\n<p>Aracaju, 29 de dezembro de 2025.<\/p>\n\n\n\n<p><br><strong>Arnaldo Corr\u00eaa Silva Filho<\/strong><br>Diretor Presidente<\/p>\n\n\n\n<p><\/p>\n","protected":false},"excerpt":{"rendered":"<p>O Diretor Presidente da ASSOCIA\u00c7\u00c3O DE RADIODIFUS\u00c3O COMUNIT\u00c1RIA DO GRAGERU \u2013 R\u00e1dio Jubileu, CNPJ n\u00ba 02.721.148\/0001-40, no uso das atribui\u00e7\u00f5es que lhe s\u00e3o concedidas e, em conformidade com o Estatuto da Associa\u00e7\u00e3o, convoca os associados para Assembleia Geral Extraordin\u00e1ria para participarem das Elei\u00e7\u00f5es da Diretoria Executiva, Conselho Fiscal e Conselho Comunit\u00e1rio para o bi\u00eanio de [&hellip;]<\/p>\n","protected":false},"author":1,"featured_media":18414,"comment_status":"closed","ping_status":"closed","sticky":false,"template":"","format":"standard","meta":{"footnotes":""},"categories":[53,43],"tags":[],"class_list":["post-18413","post","type-post","status-publish","format-standard","has-post-thumbnail","hentry","category-destaques","category-sergipe"],"yoast_head":"<!-- This site is optimized with the Yoast SEO plugin v27.4 - https:\/\/yoast.com\/product\/yoast-seo-wordpress\/ -->\n<title>EDITAL DE CONVOCA\u00c7\u00c3O - O Coerente<\/title>\n<meta name=\"robots\" content=\"index, follow, max-snippet:-1, max-image-preview:large, max-video-preview:-1\" \/>\n<link rel=\"canonical\" href=\"https:\/\/ocoerente.com.br\/se\/2026\/01\/16\/edital-de-convocacao\/\" \/>\n<meta property=\"og:locale\" content=\"pt_BR\" \/>\n<meta property=\"og:type\" content=\"article\" \/>\n<meta property=\"og:title\" content=\"EDITAL DE CONVOCA\u00c7\u00c3O - O Coerente\" \/>\n<meta property=\"og:description\" content=\"O Diretor Presidente da ASSOCIA\u00c7\u00c3O DE RADIODIFUS\u00c3O COMUNIT\u00c1RIA DO GRAGERU \u2013 R\u00e1dio Jubileu, CNPJ n\u00ba 02.721.148\/0001-40, no uso das atribui\u00e7\u00f5es que lhe s\u00e3o concedidas e, em conformidade com o Estatuto da Associa\u00e7\u00e3o, convoca os associados para Assembleia Geral Extraordin\u00e1ria para participarem das Elei\u00e7\u00f5es da Diretoria Executiva, Conselho Fiscal e Conselho Comunit\u00e1rio para o bi\u00eanio de [&hellip;]\" \/>\n<meta property=\"og:url\" content=\"https:\/\/ocoerente.com.br\/se\/2026\/01\/16\/edital-de-convocacao\/\" \/>\n<meta property=\"og:site_name\" content=\"O Coerente\" \/>\n<meta property=\"article:published_time\" content=\"2026-01-16T04:09:57+00:00\" \/>\n<meta property=\"article:modified_time\" content=\"2026-01-16T04:09:59+00:00\" \/>\n<meta property=\"og:image\" content=\"https:\/\/ocoerente.com.br\/se\/wp-content\/uploads\/2026\/01\/CONVOCA.jpg\" \/>\n\t<meta property=\"og:image:width\" content=\"953\" \/>\n\t<meta property=\"og:image:height\" content=\"719\" \/>\n\t<meta property=\"og:image:type\" content=\"image\/jpeg\" \/>\n<meta name=\"author\" content=\"Reda\u00e7\u00e3o\" \/>\n<meta name=\"twitter:card\" content=\"summary_large_image\" \/>\n<meta name=\"twitter:label1\" content=\"Escrito por\" \/>\n\t<meta name=\"twitter:data1\" content=\"Reda\u00e7\u00e3o\" \/>\n\t<meta name=\"twitter:label2\" content=\"Est. tempo de leitura\" \/>\n\t<meta name=\"twitter:data2\" content=\"2 minutos\" \/>\n<script type=\"application\/ld+json\" class=\"yoast-schema-graph\">{\"@context\":\"https:\\\/\\\/schema.org\",\"@graph\":[{\"@type\":\"Article\",\"@id\":\"https:\\\/\\\/ocoerente.com.br\\\/se\\\/2026\\\/01\\\/16\\\/edital-de-convocacao\\\/#article\",\"isPartOf\":{\"@id\":\"https:\\\/\\\/ocoerente.com.br\\\/se\\\/2026\\\/01\\\/16\\\/edital-de-convocacao\\\/\"},\"author\":{\"name\":\"Reda\u00e7\u00e3o\",\"@id\":\"https:\\\/\\\/ocoerente.com.br\\\/se\\\/#\\\/schema\\\/person\\\/cc6bfd9fbca465e23543b0c963d8d037\"},\"headline\":\"EDITAL DE CONVOCA\u00c7\u00c3O\",\"datePublished\":\"2026-01-16T04:09:57+00:00\",\"dateModified\":\"2026-01-16T04:09:59+00:00\",\"mainEntityOfPage\":{\"@id\":\"https:\\\/\\\/ocoerente.com.br\\\/se\\\/2026\\\/01\\\/16\\\/edital-de-convocacao\\\/\"},\"wordCount\":236,\"publisher\":{\"@id\":\"https:\\\/\\\/ocoerente.com.br\\\/se\\\/#\\\/schema\\\/person\\\/cc6bfd9fbca465e23543b0c963d8d037\"},\"image\":{\"@id\":\"https:\\\/\\\/ocoerente.com.br\\\/se\\\/2026\\\/01\\\/16\\\/edital-de-convocacao\\\/#primaryimage\"},\"thumbnailUrl\":\"https:\\\/\\\/ocoerente.com.br\\\/se\\\/wp-content\\\/uploads\\\/2026\\\/01\\\/CONVOCA.jpg\",\"articleSection\":[\"Destaques\",\"Sergipe\"],\"inLanguage\":\"pt-BR\"},{\"@type\":\"WebPage\",\"@id\":\"https:\\\/\\\/ocoerente.com.br\\\/se\\\/2026\\\/01\\\/16\\\/edital-de-convocacao\\\/\",\"url\":\"https:\\\/\\\/ocoerente.com.br\\\/se\\\/2026\\\/01\\\/16\\\/edital-de-convocacao\\\/\",\"name\":\"EDITAL DE CONVOCA\u00c7\u00c3O - O Coerente\",\"isPartOf\":{\"@id\":\"https:\\\/\\\/ocoerente.com.br\\\/se\\\/#website\"},\"primaryImageOfPage\":{\"@id\":\"https:\\\/\\\/ocoerente.com.br\\\/se\\\/2026\\\/01\\\/16\\\/edital-de-convocacao\\\/#primaryimage\"},\"image\":{\"@id\":\"https:\\\/\\\/ocoerente.com.br\\\/se\\\/2026\\\/01\\\/16\\\/edital-de-convocacao\\\/#primaryimage\"},\"thumbnailUrl\":\"https:\\\/\\\/ocoerente.com.br\\\/se\\\/wp-content\\\/uploads\\\/2026\\\/01\\\/CONVOCA.jpg\",\"datePublished\":\"2026-01-16T04:09:57+00:00\",\"dateModified\":\"2026-01-16T04:09:59+00:00\",\"breadcrumb\":{\"@id\":\"https:\\\/\\\/ocoerente.com.br\\\/se\\\/2026\\\/01\\\/16\\\/edital-de-convocacao\\\/#breadcrumb\"},\"inLanguage\":\"pt-BR\",\"potentialAction\":[{\"@type\":\"ReadAction\",\"target\":[\"https:\\\/\\\/ocoerente.com.br\\\/se\\\/2026\\\/01\\\/16\\\/edital-de-convocacao\\\/\"]}]},{\"@type\":\"ImageObject\",\"inLanguage\":\"pt-BR\",\"@id\":\"https:\\\/\\\/ocoerente.com.br\\\/se\\\/2026\\\/01\\\/16\\\/edital-de-convocacao\\\/#primaryimage\",\"url\":\"https:\\\/\\\/ocoerente.com.br\\\/se\\\/wp-content\\\/uploads\\\/2026\\\/01\\\/CONVOCA.jpg\",\"contentUrl\":\"https:\\\/\\\/ocoerente.com.br\\\/se\\\/wp-content\\\/uploads\\\/2026\\\/01\\\/CONVOCA.jpg\",\"width\":953,\"height\":719},{\"@type\":\"BreadcrumbList\",\"@id\":\"https:\\\/\\\/ocoerente.com.br\\\/se\\\/2026\\\/01\\\/16\\\/edital-de-convocacao\\\/#breadcrumb\",\"itemListElement\":[{\"@type\":\"ListItem\",\"position\":1,\"name\":\"In\u00edcio\",\"item\":\"https:\\\/\\\/ocoerente.com.br\\\/se\\\/\"},{\"@type\":\"ListItem\",\"position\":2,\"name\":\"EDITAL DE CONVOCA\u00c7\u00c3O\"}]},{\"@type\":\"WebSite\",\"@id\":\"https:\\\/\\\/ocoerente.com.br\\\/se\\\/#website\",\"url\":\"https:\\\/\\\/ocoerente.com.br\\\/se\\\/\",\"name\":\"O Coerente\",\"description\":\"\",\"publisher\":{\"@id\":\"https:\\\/\\\/ocoerente.com.br\\\/se\\\/#\\\/schema\\\/person\\\/cc6bfd9fbca465e23543b0c963d8d037\"},\"potentialAction\":[{\"@type\":\"SearchAction\",\"target\":{\"@type\":\"EntryPoint\",\"urlTemplate\":\"https:\\\/\\\/ocoerente.com.br\\\/se\\\/?s={search_term_string}\"},\"query-input\":{\"@type\":\"PropertyValueSpecification\",\"valueRequired\":true,\"valueName\":\"search_term_string\"}}],\"inLanguage\":\"pt-BR\"},{\"@type\":[\"Person\",\"Organization\"],\"@id\":\"https:\\\/\\\/ocoerente.com.br\\\/se\\\/#\\\/schema\\\/person\\\/cc6bfd9fbca465e23543b0c963d8d037\",\"name\":\"Reda\u00e7\u00e3o\",\"image\":{\"@type\":\"ImageObject\",\"inLanguage\":\"pt-BR\",\"@id\":\"https:\\\/\\\/ocoerente.com.br\\\/se\\\/wp-content\\\/uploads\\\/2020\\\/01\\\/ocoerente-1.png\",\"url\":\"https:\\\/\\\/ocoerente.com.br\\\/se\\\/wp-content\\\/uploads\\\/2020\\\/01\\\/ocoerente-1.png\",\"contentUrl\":\"https:\\\/\\\/ocoerente.com.br\\\/se\\\/wp-content\\\/uploads\\\/2020\\\/01\\\/ocoerente-1.png\",\"width\":50,\"height\":50,\"caption\":\"Reda\u00e7\u00e3o\"},\"logo\":{\"@id\":\"https:\\\/\\\/ocoerente.com.br\\\/se\\\/wp-content\\\/uploads\\\/2020\\\/01\\\/ocoerente-1.png\"},\"url\":\"https:\\\/\\\/ocoerente.com.br\\\/se\\\/author\\\/vasticlsales\\\/\"}]}<\/script>\n<!-- \/ Yoast SEO plugin. -->","yoast_head_json":{"title":"EDITAL DE CONVOCA\u00c7\u00c3O - O Coerente","robots":{"index":"index","follow":"follow","max-snippet":"max-snippet:-1","max-image-preview":"max-image-preview:large","max-video-preview":"max-video-preview:-1"},"canonical":"https:\/\/ocoerente.com.br\/se\/2026\/01\/16\/edital-de-convocacao\/","og_locale":"pt_BR","og_type":"article","og_title":"EDITAL DE CONVOCA\u00c7\u00c3O - O Coerente","og_description":"O Diretor Presidente da ASSOCIA\u00c7\u00c3O DE RADIODIFUS\u00c3O COMUNIT\u00c1RIA DO GRAGERU \u2013 R\u00e1dio Jubileu, CNPJ n\u00ba 02.721.148\/0001-40, no uso das atribui\u00e7\u00f5es que lhe s\u00e3o concedidas e, em conformidade com o Estatuto da Associa\u00e7\u00e3o, convoca os associados para Assembleia Geral Extraordin\u00e1ria para participarem das Elei\u00e7\u00f5es da Diretoria Executiva, Conselho Fiscal e Conselho Comunit\u00e1rio para o bi\u00eanio de [&hellip;]","og_url":"https:\/\/ocoerente.com.br\/se\/2026\/01\/16\/edital-de-convocacao\/","og_site_name":"O Coerente","article_published_time":"2026-01-16T04:09:57+00:00","article_modified_time":"2026-01-16T04:09:59+00:00","og_image":[{"width":953,"height":719,"url":"https:\/\/ocoerente.com.br\/se\/wp-content\/uploads\/2026\/01\/CONVOCA.jpg","type":"image\/jpeg"}],"author":"Reda\u00e7\u00e3o","twitter_card":"summary_large_image","twitter_misc":{"Escrito por":"Reda\u00e7\u00e3o","Est. tempo de leitura":"2 minutos"},"schema":{"@context":"https:\/\/schema.org","@graph":[{"@type":"Article","@id":"https:\/\/ocoerente.com.br\/se\/2026\/01\/16\/edital-de-convocacao\/#article","isPartOf":{"@id":"https:\/\/ocoerente.com.br\/se\/2026\/01\/16\/edital-de-convocacao\/"},"author":{"name":"Reda\u00e7\u00e3o","@id":"https:\/\/ocoerente.com.br\/se\/#\/schema\/person\/cc6bfd9fbca465e23543b0c963d8d037"},"headline":"EDITAL DE CONVOCA\u00c7\u00c3O","datePublished":"2026-01-16T04:09:57+00:00","dateModified":"2026-01-16T04:09:59+00:00","mainEntityOfPage":{"@id":"https:\/\/ocoerente.com.br\/se\/2026\/01\/16\/edital-de-convocacao\/"},"wordCount":236,"publisher":{"@id":"https:\/\/ocoerente.com.br\/se\/#\/schema\/person\/cc6bfd9fbca465e23543b0c963d8d037"},"image":{"@id":"https:\/\/ocoerente.com.br\/se\/2026\/01\/16\/edital-de-convocacao\/#primaryimage"},"thumbnailUrl":"https:\/\/ocoerente.com.br\/se\/wp-content\/uploads\/2026\/01\/CONVOCA.jpg","articleSection":["Destaques","Sergipe"],"inLanguage":"pt-BR"},{"@type":"WebPage","@id":"https:\/\/ocoerente.com.br\/se\/2026\/01\/16\/edital-de-convocacao\/","url":"https:\/\/ocoerente.com.br\/se\/2026\/01\/16\/edital-de-convocacao\/","name":"EDITAL DE CONVOCA\u00c7\u00c3O - O Coerente","isPartOf":{"@id":"https:\/\/ocoerente.com.br\/se\/#website"},"primaryImageOfPage":{"@id":"https:\/\/ocoerente.com.br\/se\/2026\/01\/16\/edital-de-convocacao\/#primaryimage"},"image":{"@id":"https:\/\/ocoerente.com.br\/se\/2026\/01\/16\/edital-de-convocacao\/#primaryimage"},"thumbnailUrl":"https:\/\/ocoerente.com.br\/se\/wp-content\/uploads\/2026\/01\/CONVOCA.jpg","datePublished":"2026-01-16T04:09:57+00:00","dateModified":"2026-01-16T04:09:59+00:00","breadcrumb":{"@id":"https:\/\/ocoerente.com.br\/se\/2026\/01\/16\/edital-de-convocacao\/#breadcrumb"},"inLanguage":"pt-BR","potentialAction":[{"@type":"ReadAction","target":["https:\/\/ocoerente.com.br\/se\/2026\/01\/16\/edital-de-convocacao\/"]}]},{"@type":"ImageObject","inLanguage":"pt-BR","@id":"https:\/\/ocoerente.com.br\/se\/2026\/01\/16\/edital-de-convocacao\/#primaryimage","url":"https:\/\/ocoerente.com.br\/se\/wp-content\/uploads\/2026\/01\/CONVOCA.jpg","contentUrl":"https:\/\/ocoerente.com.br\/se\/wp-content\/uploads\/2026\/01\/CONVOCA.jpg","width":953,"height":719},{"@type":"BreadcrumbList","@id":"https:\/\/ocoerente.com.br\/se\/2026\/01\/16\/edital-de-convocacao\/#breadcrumb","itemListElement":[{"@type":"ListItem","position":1,"name":"In\u00edcio","item":"https:\/\/ocoerente.com.br\/se\/"},{"@type":"ListItem","position":2,"name":"EDITAL DE CONVOCA\u00c7\u00c3O"}]},{"@type":"WebSite","@id":"https:\/\/ocoerente.com.br\/se\/#website","url":"https:\/\/ocoerente.com.br\/se\/","name":"O Coerente","description":"","publisher":{"@id":"https:\/\/ocoerente.com.br\/se\/#\/schema\/person\/cc6bfd9fbca465e23543b0c963d8d037"},"potentialAction":[{"@type":"SearchAction","target":{"@type":"EntryPoint","urlTemplate":"https:\/\/ocoerente.com.br\/se\/?s={search_term_string}"},"query-input":{"@type":"PropertyValueSpecification","valueRequired":true,"valueName":"search_term_string"}}],"inLanguage":"pt-BR"},{"@type":["Person","Organization"],"@id":"https:\/\/ocoerente.com.br\/se\/#\/schema\/person\/cc6bfd9fbca465e23543b0c963d8d037","name":"Reda\u00e7\u00e3o","image":{"@type":"ImageObject","inLanguage":"pt-BR","@id":"https:\/\/ocoerente.com.br\/se\/wp-content\/uploads\/2020\/01\/ocoerente-1.png","url":"https:\/\/ocoerente.com.br\/se\/wp-content\/uploads\/2020\/01\/ocoerente-1.png","contentUrl":"https:\/\/ocoerente.com.br\/se\/wp-content\/uploads\/2020\/01\/ocoerente-1.png","width":50,"height":50,"caption":"Reda\u00e7\u00e3o"},"logo":{"@id":"https:\/\/ocoerente.com.br\/se\/wp-content\/uploads\/2020\/01\/ocoerente-1.png"},"url":"https:\/\/ocoerente.com.br\/se\/author\/vasticlsales\/"}]}},"_links":{"self":[{"href":"https:\/\/ocoerente.com.br\/se\/wp-json\/wp\/v2\/posts\/18413","targetHints":{"allow":["GET"]}}],"collection":[{"href":"https:\/\/ocoerente.com.br\/se\/wp-json\/wp\/v2\/posts"}],"about":[{"href":"https:\/\/ocoerente.com.br\/se\/wp-json\/wp\/v2\/types\/post"}],"author":[{"embeddable":true,"href":"https:\/\/ocoerente.com.br\/se\/wp-json\/wp\/v2\/users\/1"}],"replies":[{"embeddable":true,"href":"https:\/\/ocoerente.com.br\/se\/wp-json\/wp\/v2\/comments?post=18413"}],"version-history":[{"count":1,"href":"https:\/\/ocoerente.com.br\/se\/wp-json\/wp\/v2\/posts\/18413\/revisions"}],"predecessor-version":[{"id":18415,"href":"https:\/\/ocoerente.com.br\/se\/wp-json\/wp\/v2\/posts\/18413\/revisions\/18415"}],"wp:featuredmedia":[{"embeddable":true,"href":"https:\/\/ocoerente.com.br\/se\/wp-json\/wp\/v2\/media\/18414"}],"wp:attachment":[{"href":"https:\/\/ocoerente.com.br\/se\/wp-json\/wp\/v2\/media?parent=18413"}],"wp:term":[{"taxonomy":"category","embeddable":true,"href":"https:\/\/ocoerente.com.br\/se\/wp-json\/wp\/v2\/categories?post=18413"},{"taxonomy":"post_tag","embeddable":true,"href":"https:\/\/ocoerente.com.br\/se\/wp-json\/wp\/v2\/tags?post=18413"}],"curies":[{"name":"wp","href":"https:\/\/api.w.org\/{rel}","templated":true}]}}