{"id":18360,"date":"2026-01-12T16:56:57","date_gmt":"2026-01-12T19:56:57","guid":{"rendered":"https:\/\/ocoerente.com.br\/se\/?p=18360"},"modified":"2026-01-12T17:02:06","modified_gmt":"2026-01-12T20:02:06","slug":"alex-melo-participa-do-luau-fju-que-reune-centenas-de-jovens-na-orla-da-atalaia-em-aracaju","status":"publish","type":"post","link":"https:\/\/ocoerente.com.br\/se\/2026\/01\/12\/alex-melo-participa-do-luau-fju-que-reune-centenas-de-jovens-na-orla-da-atalaia-em-aracaju\/","title":{"rendered":"Alex Melo participa do &#8216;Luau FJU&#8217; que re\u00fane centenas de jovens na Orla da Atalaia em Aracaju"},"content":{"rendered":"\n<p>O vereador Alex Melo participou e apoiou mais uma edi\u00e7\u00e3o do \u2018Luau FJU \u2013 Ondas Eternas\u2019 que ocorreu neste domingo, 11 de janeiro, no Estacionamento da Praia do Hawaizinho, na Orla da Atalaia em Aracaju. O evento que \u00e9 realizado pela Igreja Universal do Reino de Deus, reuniu centenas de jovens e contou com a presen\u00e7a de personalidades como o ex-deputado federal, Andr\u00e9 Moura. O governador Fabio Mitidieri foi representado por Maur\u00edcio Pimentel. A a\u00e7\u00e3o tamb\u00e9m contou com a presen\u00e7a do vereador de Nossa Senhora do Socorro, Pastor Everaldo.<\/p>\n\n\n\n<p>Com o tema \u201cOndas Eternas\u201d, o evento prop\u00f5e uma reflex\u00e3o sobre as escolhas feitas ao longo da vida, destacando a import\u00e2ncia de priorizar o que \u00e9 duradouro em meio \u00e0s \u201condas passageiras\u201d do dia a dia. O projeto foi realizado de forma simult\u00e2nea em todos os estados do pa\u00eds. Sob coordena\u00e7\u00e3o do Pastor Felipe, a programa\u00e7\u00e3o de Aracaju contou com apresenta\u00e7\u00f5es musicais, atividades culturais, sorteios e muito mais.<\/p>\n\n\n\n<p>&#8220;O evento \u00e9 grandioso, reuniu uma multid\u00e3o na Orla da Atalaia e estou muito feliz em fazer parte desta experi\u00eancia que impacta profundamente a popula\u00e7\u00e3o. Foi um privil\u00e9gio servir e ver tantas pessoas aproveitando um ambiente saud\u00e1vel, que soma e edifica. \u00c9 um momento \u00fanico, capaz de mudar vidas. Nosso objetivo \u00e9 levar vida. \u00c9 uma celebra\u00e7\u00e3o pelo reconhecimento do trabalho da For\u00e7a Jovem, mas, acima de tudo, uma oportunidade de oferecer f\u00e9 e alegria a todos\u201d, orgulha-se Alex Melo.<\/p>\n\n\n\n<p>Na maioria dos estados brasileiros, o Luau acontece no segundo s\u00e1bado de janeiro, data que celebra o Dia Nacional da For\u00e7a Jovem Universal, institu\u00eddo pela Lei Federal n\u00ba 4.616\/23. O evento ser\u00e1 conduzido pelo respons\u00e1vel da FJU, Celso Junior, que refor\u00e7a o prop\u00f3sito da iniciativa:<\/p>\n\n\n\n<p>Entre os destaques do Luau est\u00e1 o Cantinho do Desabafo do Projeto Help, voltado ao atendimento de jovens que enfrentam depress\u00e3o, crises de ansiedade e outros desafios emocionais. Volunt\u00e1rios que j\u00e1 superaram essas situa\u00e7\u00f5es ofereceram escuta, orienta\u00e7\u00e3o e apoio, promovendo um ambiente seguro e acolhedor. O evento tamb\u00e9m contou com a Expo dos Projetos da FJU, com tendas que apresentam iniciativas nas \u00e1reas de esporte, cultura, m\u00eddia, a\u00e7\u00e3o social e desenvolvimento pessoal. Mais de 17 mil volunt\u00e1rios estar\u00e3o no evento pelo mundo para dar apoio.<\/p>\n","protected":false},"excerpt":{"rendered":"<p>O vereador Alex Melo participou e apoiou mais uma edi\u00e7\u00e3o do \u2018Luau FJU \u2013 Ondas Eternas\u2019 que ocorreu neste domingo, 11 de janeiro, no Estacionamento da Praia do Hawaizinho, na Orla da Atalaia em Aracaju. O evento que \u00e9 realizado pela Igreja Universal do Reino de Deus, reuniu centenas de jovens e contou com a [&hellip;]<\/p>\n","protected":false},"author":4,"featured_media":18361,"comment_status":"closed","ping_status":"closed","sticky":false,"template":"","format":"standard","meta":{"footnotes":""},"categories":[44,43],"tags":[],"class_list":["post-18360","post","type-post","status-publish","format-standard","has-post-thumbnail","hentry","category-politica","category-sergipe"],"yoast_head":"<!-- This site is optimized with the Yoast SEO plugin v27.4 - https:\/\/yoast.com\/product\/yoast-seo-wordpress\/ -->\n<title>Alex Melo participa do &#039;Luau FJU&#039; que re\u00fane centenas de jovens na Orla da Atalaia em Aracaju - O Coerente<\/title>\n<meta name=\"robots\" content=\"index, follow, max-snippet:-1, max-image-preview:large, max-video-preview:-1\" \/>\n<link rel=\"canonical\" href=\"https:\/\/ocoerente.com.br\/se\/2026\/01\/12\/alex-melo-participa-do-luau-fju-que-reune-centenas-de-jovens-na-orla-da-atalaia-em-aracaju\/\" \/>\n<meta property=\"og:locale\" content=\"pt_BR\" \/>\n<meta property=\"og:type\" content=\"article\" \/>\n<meta property=\"og:title\" content=\"Alex Melo participa do &#039;Luau FJU&#039; que re\u00fane centenas de jovens na Orla da Atalaia em Aracaju - O Coerente\" \/>\n<meta property=\"og:description\" content=\"O vereador Alex Melo participou e apoiou mais uma edi\u00e7\u00e3o do \u2018Luau FJU \u2013 Ondas Eternas\u2019 que ocorreu neste domingo, 11 de janeiro, no Estacionamento da Praia do Hawaizinho, na Orla da Atalaia em Aracaju. O evento que \u00e9 realizado pela Igreja Universal do Reino de Deus, reuniu centenas de jovens e contou com a [&hellip;]\" \/>\n<meta property=\"og:url\" content=\"https:\/\/ocoerente.com.br\/se\/2026\/01\/12\/alex-melo-participa-do-luau-fju-que-reune-centenas-de-jovens-na-orla-da-atalaia-em-aracaju\/\" \/>\n<meta property=\"og:site_name\" content=\"O Coerente\" \/>\n<meta property=\"article:published_time\" content=\"2026-01-12T19:56:57+00:00\" \/>\n<meta property=\"article:modified_time\" content=\"2026-01-12T20:02:06+00:00\" \/>\n<meta property=\"og:image\" content=\"https:\/\/ocoerente.com.br\/se\/wp-content\/uploads\/2026\/01\/IMG_1697.jpg\" \/>\n\t<meta property=\"og:image:width\" content=\"1169\" \/>\n\t<meta property=\"og:image:height\" content=\"730\" \/>\n\t<meta property=\"og:image:type\" content=\"image\/jpeg\" \/>\n<meta name=\"author\" content=\"Abrah\u00e3o Crispim Filho\" \/>\n<meta name=\"twitter:card\" content=\"summary_large_image\" \/>\n<meta name=\"twitter:label1\" content=\"Escrito por\" \/>\n\t<meta name=\"twitter:data1\" content=\"Abrah\u00e3o Crispim Filho\" \/>\n\t<meta name=\"twitter:label2\" content=\"Est. tempo de leitura\" \/>\n\t<meta name=\"twitter:data2\" content=\"3 minutos\" \/>\n<script type=\"application\/ld+json\" class=\"yoast-schema-graph\">{\"@context\":\"https:\\\/\\\/schema.org\",\"@graph\":[{\"@type\":\"Article\",\"@id\":\"https:\\\/\\\/ocoerente.com.br\\\/se\\\/2026\\\/01\\\/12\\\/alex-melo-participa-do-luau-fju-que-reune-centenas-de-jovens-na-orla-da-atalaia-em-aracaju\\\/#article\",\"isPartOf\":{\"@id\":\"https:\\\/\\\/ocoerente.com.br\\\/se\\\/2026\\\/01\\\/12\\\/alex-melo-participa-do-luau-fju-que-reune-centenas-de-jovens-na-orla-da-atalaia-em-aracaju\\\/\"},\"author\":{\"name\":\"Abrah\u00e3o Crispim Filho\",\"@id\":\"https:\\\/\\\/ocoerente.com.br\\\/se\\\/#\\\/schema\\\/person\\\/1ed925f7992cb4d6d3b61e3d07b0ae08\"},\"headline\":\"Alex Melo participa do &#8216;Luau FJU&#8217; que re\u00fane centenas de jovens na Orla da Atalaia em Aracaju\",\"datePublished\":\"2026-01-12T19:56:57+00:00\",\"dateModified\":\"2026-01-12T20:02:06+00:00\",\"mainEntityOfPage\":{\"@id\":\"https:\\\/\\\/ocoerente.com.br\\\/se\\\/2026\\\/01\\\/12\\\/alex-melo-participa-do-luau-fju-que-reune-centenas-de-jovens-na-orla-da-atalaia-em-aracaju\\\/\"},\"wordCount\":411,\"publisher\":{\"@id\":\"https:\\\/\\\/ocoerente.com.br\\\/se\\\/#\\\/schema\\\/person\\\/cc6bfd9fbca465e23543b0c963d8d037\"},\"image\":{\"@id\":\"https:\\\/\\\/ocoerente.com.br\\\/se\\\/2026\\\/01\\\/12\\\/alex-melo-participa-do-luau-fju-que-reune-centenas-de-jovens-na-orla-da-atalaia-em-aracaju\\\/#primaryimage\"},\"thumbnailUrl\":\"https:\\\/\\\/ocoerente.com.br\\\/se\\\/wp-content\\\/uploads\\\/2026\\\/01\\\/IMG_1697.jpg\",\"articleSection\":[\"Pol\u00edtica\",\"Sergipe\"],\"inLanguage\":\"pt-BR\"},{\"@type\":\"WebPage\",\"@id\":\"https:\\\/\\\/ocoerente.com.br\\\/se\\\/2026\\\/01\\\/12\\\/alex-melo-participa-do-luau-fju-que-reune-centenas-de-jovens-na-orla-da-atalaia-em-aracaju\\\/\",\"url\":\"https:\\\/\\\/ocoerente.com.br\\\/se\\\/2026\\\/01\\\/12\\\/alex-melo-participa-do-luau-fju-que-reune-centenas-de-jovens-na-orla-da-atalaia-em-aracaju\\\/\",\"name\":\"Alex Melo participa do 'Luau FJU' que re\u00fane centenas de jovens na Orla da Atalaia em Aracaju - O Coerente\",\"isPartOf\":{\"@id\":\"https:\\\/\\\/ocoerente.com.br\\\/se\\\/#website\"},\"primaryImageOfPage\":{\"@id\":\"https:\\\/\\\/ocoerente.com.br\\\/se\\\/2026\\\/01\\\/12\\\/alex-melo-participa-do-luau-fju-que-reune-centenas-de-jovens-na-orla-da-atalaia-em-aracaju\\\/#primaryimage\"},\"image\":{\"@id\":\"https:\\\/\\\/ocoerente.com.br\\\/se\\\/2026\\\/01\\\/12\\\/alex-melo-participa-do-luau-fju-que-reune-centenas-de-jovens-na-orla-da-atalaia-em-aracaju\\\/#primaryimage\"},\"thumbnailUrl\":\"https:\\\/\\\/ocoerente.com.br\\\/se\\\/wp-content\\\/uploads\\\/2026\\\/01\\\/IMG_1697.jpg\",\"datePublished\":\"2026-01-12T19:56:57+00:00\",\"dateModified\":\"2026-01-12T20:02:06+00:00\",\"breadcrumb\":{\"@id\":\"https:\\\/\\\/ocoerente.com.br\\\/se\\\/2026\\\/01\\\/12\\\/alex-melo-participa-do-luau-fju-que-reune-centenas-de-jovens-na-orla-da-atalaia-em-aracaju\\\/#breadcrumb\"},\"inLanguage\":\"pt-BR\",\"potentialAction\":[{\"@type\":\"ReadAction\",\"target\":[\"https:\\\/\\\/ocoerente.com.br\\\/se\\\/2026\\\/01\\\/12\\\/alex-melo-participa-do-luau-fju-que-reune-centenas-de-jovens-na-orla-da-atalaia-em-aracaju\\\/\"]}]},{\"@type\":\"ImageObject\",\"inLanguage\":\"pt-BR\",\"@id\":\"https:\\\/\\\/ocoerente.com.br\\\/se\\\/2026\\\/01\\\/12\\\/alex-melo-participa-do-luau-fju-que-reune-centenas-de-jovens-na-orla-da-atalaia-em-aracaju\\\/#primaryimage\",\"url\":\"https:\\\/\\\/ocoerente.com.br\\\/se\\\/wp-content\\\/uploads\\\/2026\\\/01\\\/IMG_1697.jpg\",\"contentUrl\":\"https:\\\/\\\/ocoerente.com.br\\\/se\\\/wp-content\\\/uploads\\\/2026\\\/01\\\/IMG_1697.jpg\",\"width\":1169,\"height\":730},{\"@type\":\"BreadcrumbList\",\"@id\":\"https:\\\/\\\/ocoerente.com.br\\\/se\\\/2026\\\/01\\\/12\\\/alex-melo-participa-do-luau-fju-que-reune-centenas-de-jovens-na-orla-da-atalaia-em-aracaju\\\/#breadcrumb\",\"itemListElement\":[{\"@type\":\"ListItem\",\"position\":1,\"name\":\"In\u00edcio\",\"item\":\"https:\\\/\\\/ocoerente.com.br\\\/se\\\/\"},{\"@type\":\"ListItem\",\"position\":2,\"name\":\"Alex Melo participa do &#8216;Luau FJU&#8217; que re\u00fane centenas de jovens na Orla da Atalaia em Aracaju\"}]},{\"@type\":\"WebSite\",\"@id\":\"https:\\\/\\\/ocoerente.com.br\\\/se\\\/#website\",\"url\":\"https:\\\/\\\/ocoerente.com.br\\\/se\\\/\",\"name\":\"O Coerente\",\"description\":\"\",\"publisher\":{\"@id\":\"https:\\\/\\\/ocoerente.com.br\\\/se\\\/#\\\/schema\\\/person\\\/cc6bfd9fbca465e23543b0c963d8d037\"},\"potentialAction\":[{\"@type\":\"SearchAction\",\"target\":{\"@type\":\"EntryPoint\",\"urlTemplate\":\"https:\\\/\\\/ocoerente.com.br\\\/se\\\/?s={search_term_string}\"},\"query-input\":{\"@type\":\"PropertyValueSpecification\",\"valueRequired\":true,\"valueName\":\"search_term_string\"}}],\"inLanguage\":\"pt-BR\"},{\"@type\":[\"Person\",\"Organization\"],\"@id\":\"https:\\\/\\\/ocoerente.com.br\\\/se\\\/#\\\/schema\\\/person\\\/cc6bfd9fbca465e23543b0c963d8d037\",\"name\":\"Reda\u00e7\u00e3o\",\"image\":{\"@type\":\"ImageObject\",\"inLanguage\":\"pt-BR\",\"@id\":\"https:\\\/\\\/ocoerente.com.br\\\/se\\\/wp-content\\\/uploads\\\/2020\\\/01\\\/ocoerente-1.png\",\"url\":\"https:\\\/\\\/ocoerente.com.br\\\/se\\\/wp-content\\\/uploads\\\/2020\\\/01\\\/ocoerente-1.png\",\"contentUrl\":\"https:\\\/\\\/ocoerente.com.br\\\/se\\\/wp-content\\\/uploads\\\/2020\\\/01\\\/ocoerente-1.png\",\"width\":50,\"height\":50,\"caption\":\"Reda\u00e7\u00e3o\"},\"logo\":{\"@id\":\"https:\\\/\\\/ocoerente.com.br\\\/se\\\/wp-content\\\/uploads\\\/2020\\\/01\\\/ocoerente-1.png\"}},{\"@type\":\"Person\",\"@id\":\"https:\\\/\\\/ocoerente.com.br\\\/se\\\/#\\\/schema\\\/person\\\/1ed925f7992cb4d6d3b61e3d07b0ae08\",\"name\":\"Abrah\u00e3o Crispim Filho\",\"description\":\"Jornalista p\u00f3s-graduado em Comunica\u00e7\u00e3o.\",\"url\":\"https:\\\/\\\/ocoerente.com.br\\\/se\\\/author\\\/crispimcoerente\\\/\"}]}<\/script>\n<!-- \/ Yoast SEO plugin. -->","yoast_head_json":{"title":"Alex Melo participa do 'Luau FJU' que re\u00fane centenas de jovens na Orla da Atalaia em Aracaju - O Coerente","robots":{"index":"index","follow":"follow","max-snippet":"max-snippet:-1","max-image-preview":"max-image-preview:large","max-video-preview":"max-video-preview:-1"},"canonical":"https:\/\/ocoerente.com.br\/se\/2026\/01\/12\/alex-melo-participa-do-luau-fju-que-reune-centenas-de-jovens-na-orla-da-atalaia-em-aracaju\/","og_locale":"pt_BR","og_type":"article","og_title":"Alex Melo participa do 'Luau FJU' que re\u00fane centenas de jovens na Orla da Atalaia em Aracaju - O Coerente","og_description":"O vereador Alex Melo participou e apoiou mais uma edi\u00e7\u00e3o do \u2018Luau FJU \u2013 Ondas Eternas\u2019 que ocorreu neste domingo, 11 de janeiro, no Estacionamento da Praia do Hawaizinho, na Orla da Atalaia em Aracaju. O evento que \u00e9 realizado pela Igreja Universal do Reino de Deus, reuniu centenas de jovens e contou com a [&hellip;]","og_url":"https:\/\/ocoerente.com.br\/se\/2026\/01\/12\/alex-melo-participa-do-luau-fju-que-reune-centenas-de-jovens-na-orla-da-atalaia-em-aracaju\/","og_site_name":"O Coerente","article_published_time":"2026-01-12T19:56:57+00:00","article_modified_time":"2026-01-12T20:02:06+00:00","og_image":[{"width":1169,"height":730,"url":"https:\/\/ocoerente.com.br\/se\/wp-content\/uploads\/2026\/01\/IMG_1697.jpg","type":"image\/jpeg"}],"author":"Abrah\u00e3o Crispim Filho","twitter_card":"summary_large_image","twitter_misc":{"Escrito por":"Abrah\u00e3o Crispim Filho","Est. tempo de leitura":"3 minutos"},"schema":{"@context":"https:\/\/schema.org","@graph":[{"@type":"Article","@id":"https:\/\/ocoerente.com.br\/se\/2026\/01\/12\/alex-melo-participa-do-luau-fju-que-reune-centenas-de-jovens-na-orla-da-atalaia-em-aracaju\/#article","isPartOf":{"@id":"https:\/\/ocoerente.com.br\/se\/2026\/01\/12\/alex-melo-participa-do-luau-fju-que-reune-centenas-de-jovens-na-orla-da-atalaia-em-aracaju\/"},"author":{"name":"Abrah\u00e3o Crispim Filho","@id":"https:\/\/ocoerente.com.br\/se\/#\/schema\/person\/1ed925f7992cb4d6d3b61e3d07b0ae08"},"headline":"Alex Melo participa do &#8216;Luau FJU&#8217; que re\u00fane centenas de jovens na Orla da Atalaia em Aracaju","datePublished":"2026-01-12T19:56:57+00:00","dateModified":"2026-01-12T20:02:06+00:00","mainEntityOfPage":{"@id":"https:\/\/ocoerente.com.br\/se\/2026\/01\/12\/alex-melo-participa-do-luau-fju-que-reune-centenas-de-jovens-na-orla-da-atalaia-em-aracaju\/"},"wordCount":411,"publisher":{"@id":"https:\/\/ocoerente.com.br\/se\/#\/schema\/person\/cc6bfd9fbca465e23543b0c963d8d037"},"image":{"@id":"https:\/\/ocoerente.com.br\/se\/2026\/01\/12\/alex-melo-participa-do-luau-fju-que-reune-centenas-de-jovens-na-orla-da-atalaia-em-aracaju\/#primaryimage"},"thumbnailUrl":"https:\/\/ocoerente.com.br\/se\/wp-content\/uploads\/2026\/01\/IMG_1697.jpg","articleSection":["Pol\u00edtica","Sergipe"],"inLanguage":"pt-BR"},{"@type":"WebPage","@id":"https:\/\/ocoerente.com.br\/se\/2026\/01\/12\/alex-melo-participa-do-luau-fju-que-reune-centenas-de-jovens-na-orla-da-atalaia-em-aracaju\/","url":"https:\/\/ocoerente.com.br\/se\/2026\/01\/12\/alex-melo-participa-do-luau-fju-que-reune-centenas-de-jovens-na-orla-da-atalaia-em-aracaju\/","name":"Alex Melo participa do 'Luau FJU' que re\u00fane centenas de jovens na Orla da Atalaia em Aracaju - O Coerente","isPartOf":{"@id":"https:\/\/ocoerente.com.br\/se\/#website"},"primaryImageOfPage":{"@id":"https:\/\/ocoerente.com.br\/se\/2026\/01\/12\/alex-melo-participa-do-luau-fju-que-reune-centenas-de-jovens-na-orla-da-atalaia-em-aracaju\/#primaryimage"},"image":{"@id":"https:\/\/ocoerente.com.br\/se\/2026\/01\/12\/alex-melo-participa-do-luau-fju-que-reune-centenas-de-jovens-na-orla-da-atalaia-em-aracaju\/#primaryimage"},"thumbnailUrl":"https:\/\/ocoerente.com.br\/se\/wp-content\/uploads\/2026\/01\/IMG_1697.jpg","datePublished":"2026-01-12T19:56:57+00:00","dateModified":"2026-01-12T20:02:06+00:00","breadcrumb":{"@id":"https:\/\/ocoerente.com.br\/se\/2026\/01\/12\/alex-melo-participa-do-luau-fju-que-reune-centenas-de-jovens-na-orla-da-atalaia-em-aracaju\/#breadcrumb"},"inLanguage":"pt-BR","potentialAction":[{"@type":"ReadAction","target":["https:\/\/ocoerente.com.br\/se\/2026\/01\/12\/alex-melo-participa-do-luau-fju-que-reune-centenas-de-jovens-na-orla-da-atalaia-em-aracaju\/"]}]},{"@type":"ImageObject","inLanguage":"pt-BR","@id":"https:\/\/ocoerente.com.br\/se\/2026\/01\/12\/alex-melo-participa-do-luau-fju-que-reune-centenas-de-jovens-na-orla-da-atalaia-em-aracaju\/#primaryimage","url":"https:\/\/ocoerente.com.br\/se\/wp-content\/uploads\/2026\/01\/IMG_1697.jpg","contentUrl":"https:\/\/ocoerente.com.br\/se\/wp-content\/uploads\/2026\/01\/IMG_1697.jpg","width":1169,"height":730},{"@type":"BreadcrumbList","@id":"https:\/\/ocoerente.com.br\/se\/2026\/01\/12\/alex-melo-participa-do-luau-fju-que-reune-centenas-de-jovens-na-orla-da-atalaia-em-aracaju\/#breadcrumb","itemListElement":[{"@type":"ListItem","position":1,"name":"In\u00edcio","item":"https:\/\/ocoerente.com.br\/se\/"},{"@type":"ListItem","position":2,"name":"Alex Melo participa do &#8216;Luau FJU&#8217; que re\u00fane centenas de jovens na Orla da Atalaia em Aracaju"}]},{"@type":"WebSite","@id":"https:\/\/ocoerente.com.br\/se\/#website","url":"https:\/\/ocoerente.com.br\/se\/","name":"O Coerente","description":"","publisher":{"@id":"https:\/\/ocoerente.com.br\/se\/#\/schema\/person\/cc6bfd9fbca465e23543b0c963d8d037"},"potentialAction":[{"@type":"SearchAction","target":{"@type":"EntryPoint","urlTemplate":"https:\/\/ocoerente.com.br\/se\/?s={search_term_string}"},"query-input":{"@type":"PropertyValueSpecification","valueRequired":true,"valueName":"search_term_string"}}],"inLanguage":"pt-BR"},{"@type":["Person","Organization"],"@id":"https:\/\/ocoerente.com.br\/se\/#\/schema\/person\/cc6bfd9fbca465e23543b0c963d8d037","name":"Reda\u00e7\u00e3o","image":{"@type":"ImageObject","inLanguage":"pt-BR","@id":"https:\/\/ocoerente.com.br\/se\/wp-content\/uploads\/2020\/01\/ocoerente-1.png","url":"https:\/\/ocoerente.com.br\/se\/wp-content\/uploads\/2020\/01\/ocoerente-1.png","contentUrl":"https:\/\/ocoerente.com.br\/se\/wp-content\/uploads\/2020\/01\/ocoerente-1.png","width":50,"height":50,"caption":"Reda\u00e7\u00e3o"},"logo":{"@id":"https:\/\/ocoerente.com.br\/se\/wp-content\/uploads\/2020\/01\/ocoerente-1.png"}},{"@type":"Person","@id":"https:\/\/ocoerente.com.br\/se\/#\/schema\/person\/1ed925f7992cb4d6d3b61e3d07b0ae08","name":"Abrah\u00e3o Crispim Filho","description":"Jornalista p\u00f3s-graduado em Comunica\u00e7\u00e3o.","url":"https:\/\/ocoerente.com.br\/se\/author\/crispimcoerente\/"}]}},"_links":{"self":[{"href":"https:\/\/ocoerente.com.br\/se\/wp-json\/wp\/v2\/posts\/18360","targetHints":{"allow":["GET"]}}],"collection":[{"href":"https:\/\/ocoerente.com.br\/se\/wp-json\/wp\/v2\/posts"}],"about":[{"href":"https:\/\/ocoerente.com.br\/se\/wp-json\/wp\/v2\/types\/post"}],"author":[{"embeddable":true,"href":"https:\/\/ocoerente.com.br\/se\/wp-json\/wp\/v2\/users\/4"}],"replies":[{"embeddable":true,"href":"https:\/\/ocoerente.com.br\/se\/wp-json\/wp\/v2\/comments?post=18360"}],"version-history":[{"count":1,"href":"https:\/\/ocoerente.com.br\/se\/wp-json\/wp\/v2\/posts\/18360\/revisions"}],"predecessor-version":[{"id":18362,"href":"https:\/\/ocoerente.com.br\/se\/wp-json\/wp\/v2\/posts\/18360\/revisions\/18362"}],"wp:featuredmedia":[{"embeddable":true,"href":"https:\/\/ocoerente.com.br\/se\/wp-json\/wp\/v2\/media\/18361"}],"wp:attachment":[{"href":"https:\/\/ocoerente.com.br\/se\/wp-json\/wp\/v2\/media?parent=18360"}],"wp:term":[{"taxonomy":"category","embeddable":true,"href":"https:\/\/ocoerente.com.br\/se\/wp-json\/wp\/v2\/categories?post=18360"},{"taxonomy":"post_tag","embeddable":true,"href":"https:\/\/ocoerente.com.br\/se\/wp-json\/wp\/v2\/tags?post=18360"}],"curies":[{"name":"wp","href":"https:\/\/api.w.org\/{rel}","templated":true}]}}