{"id":17888,"date":"2025-12-06T01:58:14","date_gmt":"2025-12-06T04:58:14","guid":{"rendered":"https:\/\/ocoerente.com.br\/se\/?p=17888"},"modified":"2025-12-06T01:58:16","modified_gmt":"2025-12-06T04:58:16","slug":"cidadania-aracaju-aposta-em-formacao-politica-de-base-e-registra-novas-filiacoes","status":"publish","type":"post","link":"https:\/\/ocoerente.com.br\/se\/2025\/12\/06\/cidadania-aracaju-aposta-em-formacao-politica-de-base-e-registra-novas-filiacoes\/","title":{"rendered":"Cidadania Aracaju aposta em forma\u00e7\u00e3o pol\u00edtica de base e registra novas filia\u00e7\u00f5es"},"content":{"rendered":"\n<p>O Partido Cidadania em Aracaju realizou reuni\u00e3o do Diret\u00f3rio Municipal para discutir o futuro da legenda na capital sergipana e debater temas da pol\u00edtica local e nacional. O encontro, que contou com a participa\u00e7\u00e3o de filiados e interessados, resultou em novas filia\u00e7\u00f5es e refor\u00e7ou o compromisso do partido com a forma\u00e7\u00e3o pol\u00edtica de base.<\/p>\n\n\n\n<p>Segundo a presidente do partido em Aracaju, Cec\u00edlia Marques, as reuni\u00f5es t\u00eam sido realizadas de forma constante como parte de uma estrat\u00e9gia de constru\u00e7\u00e3o coletiva e fortalecimento da base partid\u00e1ria na capital. \u201cFoi uma reuni\u00e3o onde discutimos o futuro do partido aqui de Aracaju, onde debatemos a pol\u00edtica local e tamb\u00e9m nacional, onde algumas pessoas interessadas em se filiar compareceram. Algumas, inclusive, j\u00e1 assinaram a ficha de filia\u00e7\u00e3o\u201d, afirmou Cec\u00edlia Marques.<\/p>\n\n\n\n<p>O encontro teve como foco tr\u00eas eixos principais: planejamento estrat\u00e9gico do partido em Aracaju, di\u00e1logo sobre cen\u00e1rio pol\u00edtico atual e a\u00e7\u00f5es concretas para transforma\u00e7\u00e3o da realidade local. A metodologia adotada pelo diret\u00f3rio municipal segue o lema \u201cPlanejar, dialogar e agir para transformar\u201d, que orienta as atividades do partido na capital.<\/p>\n\n\n\n<p>O delegado Augusto C\u00e9sar, vice-presidente do diret\u00f3rio municipal, refor\u00e7ou o convite para que cidad\u00e3os interessados em pol\u00edtica partid\u00e1ria participem dos encontros. \u201cEsse \u00e9 um tipo de discuss\u00e3o que tem acontecido constantemente. E todos podem fazer parte\u201d, destacou.<\/p>\n\n\n\n<p>A iniciativa do Cidadania Aracaju se insere em um movimento mais amplo de fortalecimento das estruturas partid\u00e1rias de base. O partido aposta na forma\u00e7\u00e3o pol\u00edtica como estrat\u00e9gia de longo prazo para construir lideran\u00e7as e ampliar a participa\u00e7\u00e3o cidad\u00e3 nos processos decis\u00f3rios.<\/p>\n\n\n\n<p>Por Fredson Navarro<br>Foto Drica Alces<\/p>\n","protected":false},"excerpt":{"rendered":"<p>O Partido Cidadania em Aracaju realizou reuni\u00e3o do Diret\u00f3rio Municipal para discutir o futuro da legenda na capital sergipana e debater temas da pol\u00edtica local e nacional. O encontro, que contou com a participa\u00e7\u00e3o de filiados e interessados, resultou em novas filia\u00e7\u00f5es e refor\u00e7ou o compromisso do partido com a forma\u00e7\u00e3o pol\u00edtica de base. Segundo [&hellip;]<\/p>\n","protected":false},"author":1,"featured_media":17889,"comment_status":"closed","ping_status":"closed","sticky":false,"template":"","format":"standard","meta":{"footnotes":""},"categories":[53,44],"tags":[],"class_list":["post-17888","post","type-post","status-publish","format-standard","has-post-thumbnail","hentry","category-destaques","category-politica"],"yoast_head":"<!-- This site is optimized with the Yoast SEO plugin v27.4 - https:\/\/yoast.com\/product\/yoast-seo-wordpress\/ -->\n<title>Cidadania Aracaju aposta em forma\u00e7\u00e3o pol\u00edtica de base e registra novas filia\u00e7\u00f5es - O Coerente<\/title>\n<meta name=\"robots\" content=\"index, follow, max-snippet:-1, max-image-preview:large, max-video-preview:-1\" \/>\n<link rel=\"canonical\" href=\"https:\/\/ocoerente.com.br\/se\/2025\/12\/06\/cidadania-aracaju-aposta-em-formacao-politica-de-base-e-registra-novas-filiacoes\/\" \/>\n<meta property=\"og:locale\" content=\"pt_BR\" \/>\n<meta property=\"og:type\" content=\"article\" \/>\n<meta property=\"og:title\" content=\"Cidadania Aracaju aposta em forma\u00e7\u00e3o pol\u00edtica de base e registra novas filia\u00e7\u00f5es - O Coerente\" \/>\n<meta property=\"og:description\" content=\"O Partido Cidadania em Aracaju realizou reuni\u00e3o do Diret\u00f3rio Municipal para discutir o futuro da legenda na capital sergipana e debater temas da pol\u00edtica local e nacional. O encontro, que contou com a participa\u00e7\u00e3o de filiados e interessados, resultou em novas filia\u00e7\u00f5es e refor\u00e7ou o compromisso do partido com a forma\u00e7\u00e3o pol\u00edtica de base. Segundo [&hellip;]\" \/>\n<meta property=\"og:url\" content=\"https:\/\/ocoerente.com.br\/se\/2025\/12\/06\/cidadania-aracaju-aposta-em-formacao-politica-de-base-e-registra-novas-filiacoes\/\" \/>\n<meta property=\"og:site_name\" content=\"O Coerente\" \/>\n<meta property=\"article:published_time\" content=\"2025-12-06T04:58:14+00:00\" \/>\n<meta property=\"article:modified_time\" content=\"2025-12-06T04:58:16+00:00\" \/>\n<meta property=\"og:image\" content=\"https:\/\/ocoerente.com.br\/se\/wp-content\/uploads\/2025\/12\/41a6-982a-8d8470993271.jpg\" \/>\n\t<meta property=\"og:image:width\" content=\"1280\" \/>\n\t<meta property=\"og:image:height\" content=\"1006\" \/>\n\t<meta property=\"og:image:type\" content=\"image\/jpeg\" \/>\n<meta name=\"author\" content=\"Reda\u00e7\u00e3o\" \/>\n<meta name=\"twitter:card\" content=\"summary_large_image\" \/>\n<meta name=\"twitter:label1\" content=\"Escrito por\" \/>\n\t<meta name=\"twitter:data1\" content=\"Reda\u00e7\u00e3o\" \/>\n\t<meta name=\"twitter:label2\" content=\"Est. tempo de leitura\" \/>\n\t<meta name=\"twitter:data2\" content=\"2 minutos\" \/>\n<script type=\"application\/ld+json\" class=\"yoast-schema-graph\">{\"@context\":\"https:\\\/\\\/schema.org\",\"@graph\":[{\"@type\":\"Article\",\"@id\":\"https:\\\/\\\/ocoerente.com.br\\\/se\\\/2025\\\/12\\\/06\\\/cidadania-aracaju-aposta-em-formacao-politica-de-base-e-registra-novas-filiacoes\\\/#article\",\"isPartOf\":{\"@id\":\"https:\\\/\\\/ocoerente.com.br\\\/se\\\/2025\\\/12\\\/06\\\/cidadania-aracaju-aposta-em-formacao-politica-de-base-e-registra-novas-filiacoes\\\/\"},\"author\":{\"name\":\"Reda\u00e7\u00e3o\",\"@id\":\"https:\\\/\\\/ocoerente.com.br\\\/se\\\/#\\\/schema\\\/person\\\/cc6bfd9fbca465e23543b0c963d8d037\"},\"headline\":\"Cidadania Aracaju aposta em forma\u00e7\u00e3o pol\u00edtica de base e registra novas filia\u00e7\u00f5es\",\"datePublished\":\"2025-12-06T04:58:14+00:00\",\"dateModified\":\"2025-12-06T04:58:16+00:00\",\"mainEntityOfPage\":{\"@id\":\"https:\\\/\\\/ocoerente.com.br\\\/se\\\/2025\\\/12\\\/06\\\/cidadania-aracaju-aposta-em-formacao-politica-de-base-e-registra-novas-filiacoes\\\/\"},\"wordCount\":313,\"publisher\":{\"@id\":\"https:\\\/\\\/ocoerente.com.br\\\/se\\\/#\\\/schema\\\/person\\\/cc6bfd9fbca465e23543b0c963d8d037\"},\"image\":{\"@id\":\"https:\\\/\\\/ocoerente.com.br\\\/se\\\/2025\\\/12\\\/06\\\/cidadania-aracaju-aposta-em-formacao-politica-de-base-e-registra-novas-filiacoes\\\/#primaryimage\"},\"thumbnailUrl\":\"https:\\\/\\\/ocoerente.com.br\\\/se\\\/wp-content\\\/uploads\\\/2025\\\/12\\\/41a6-982a-8d8470993271.jpg\",\"articleSection\":[\"Destaques\",\"Pol\u00edtica\"],\"inLanguage\":\"pt-BR\"},{\"@type\":\"WebPage\",\"@id\":\"https:\\\/\\\/ocoerente.com.br\\\/se\\\/2025\\\/12\\\/06\\\/cidadania-aracaju-aposta-em-formacao-politica-de-base-e-registra-novas-filiacoes\\\/\",\"url\":\"https:\\\/\\\/ocoerente.com.br\\\/se\\\/2025\\\/12\\\/06\\\/cidadania-aracaju-aposta-em-formacao-politica-de-base-e-registra-novas-filiacoes\\\/\",\"name\":\"Cidadania Aracaju aposta em forma\u00e7\u00e3o pol\u00edtica de base e registra novas filia\u00e7\u00f5es - O Coerente\",\"isPartOf\":{\"@id\":\"https:\\\/\\\/ocoerente.com.br\\\/se\\\/#website\"},\"primaryImageOfPage\":{\"@id\":\"https:\\\/\\\/ocoerente.com.br\\\/se\\\/2025\\\/12\\\/06\\\/cidadania-aracaju-aposta-em-formacao-politica-de-base-e-registra-novas-filiacoes\\\/#primaryimage\"},\"image\":{\"@id\":\"https:\\\/\\\/ocoerente.com.br\\\/se\\\/2025\\\/12\\\/06\\\/cidadania-aracaju-aposta-em-formacao-politica-de-base-e-registra-novas-filiacoes\\\/#primaryimage\"},\"thumbnailUrl\":\"https:\\\/\\\/ocoerente.com.br\\\/se\\\/wp-content\\\/uploads\\\/2025\\\/12\\\/41a6-982a-8d8470993271.jpg\",\"datePublished\":\"2025-12-06T04:58:14+00:00\",\"dateModified\":\"2025-12-06T04:58:16+00:00\",\"breadcrumb\":{\"@id\":\"https:\\\/\\\/ocoerente.com.br\\\/se\\\/2025\\\/12\\\/06\\\/cidadania-aracaju-aposta-em-formacao-politica-de-base-e-registra-novas-filiacoes\\\/#breadcrumb\"},\"inLanguage\":\"pt-BR\",\"potentialAction\":[{\"@type\":\"ReadAction\",\"target\":[\"https:\\\/\\\/ocoerente.com.br\\\/se\\\/2025\\\/12\\\/06\\\/cidadania-aracaju-aposta-em-formacao-politica-de-base-e-registra-novas-filiacoes\\\/\"]}]},{\"@type\":\"ImageObject\",\"inLanguage\":\"pt-BR\",\"@id\":\"https:\\\/\\\/ocoerente.com.br\\\/se\\\/2025\\\/12\\\/06\\\/cidadania-aracaju-aposta-em-formacao-politica-de-base-e-registra-novas-filiacoes\\\/#primaryimage\",\"url\":\"https:\\\/\\\/ocoerente.com.br\\\/se\\\/wp-content\\\/uploads\\\/2025\\\/12\\\/41a6-982a-8d8470993271.jpg\",\"contentUrl\":\"https:\\\/\\\/ocoerente.com.br\\\/se\\\/wp-content\\\/uploads\\\/2025\\\/12\\\/41a6-982a-8d8470993271.jpg\",\"width\":1280,\"height\":1006},{\"@type\":\"BreadcrumbList\",\"@id\":\"https:\\\/\\\/ocoerente.com.br\\\/se\\\/2025\\\/12\\\/06\\\/cidadania-aracaju-aposta-em-formacao-politica-de-base-e-registra-novas-filiacoes\\\/#breadcrumb\",\"itemListElement\":[{\"@type\":\"ListItem\",\"position\":1,\"name\":\"In\u00edcio\",\"item\":\"https:\\\/\\\/ocoerente.com.br\\\/se\\\/\"},{\"@type\":\"ListItem\",\"position\":2,\"name\":\"Cidadania Aracaju aposta em forma\u00e7\u00e3o pol\u00edtica de base e registra novas filia\u00e7\u00f5es\"}]},{\"@type\":\"WebSite\",\"@id\":\"https:\\\/\\\/ocoerente.com.br\\\/se\\\/#website\",\"url\":\"https:\\\/\\\/ocoerente.com.br\\\/se\\\/\",\"name\":\"O Coerente\",\"description\":\"\",\"publisher\":{\"@id\":\"https:\\\/\\\/ocoerente.com.br\\\/se\\\/#\\\/schema\\\/person\\\/cc6bfd9fbca465e23543b0c963d8d037\"},\"potentialAction\":[{\"@type\":\"SearchAction\",\"target\":{\"@type\":\"EntryPoint\",\"urlTemplate\":\"https:\\\/\\\/ocoerente.com.br\\\/se\\\/?s={search_term_string}\"},\"query-input\":{\"@type\":\"PropertyValueSpecification\",\"valueRequired\":true,\"valueName\":\"search_term_string\"}}],\"inLanguage\":\"pt-BR\"},{\"@type\":[\"Person\",\"Organization\"],\"@id\":\"https:\\\/\\\/ocoerente.com.br\\\/se\\\/#\\\/schema\\\/person\\\/cc6bfd9fbca465e23543b0c963d8d037\",\"name\":\"Reda\u00e7\u00e3o\",\"image\":{\"@type\":\"ImageObject\",\"inLanguage\":\"pt-BR\",\"@id\":\"https:\\\/\\\/ocoerente.com.br\\\/se\\\/wp-content\\\/uploads\\\/2020\\\/01\\\/ocoerente-1.png\",\"url\":\"https:\\\/\\\/ocoerente.com.br\\\/se\\\/wp-content\\\/uploads\\\/2020\\\/01\\\/ocoerente-1.png\",\"contentUrl\":\"https:\\\/\\\/ocoerente.com.br\\\/se\\\/wp-content\\\/uploads\\\/2020\\\/01\\\/ocoerente-1.png\",\"width\":50,\"height\":50,\"caption\":\"Reda\u00e7\u00e3o\"},\"logo\":{\"@id\":\"https:\\\/\\\/ocoerente.com.br\\\/se\\\/wp-content\\\/uploads\\\/2020\\\/01\\\/ocoerente-1.png\"},\"url\":\"https:\\\/\\\/ocoerente.com.br\\\/se\\\/author\\\/vasticlsales\\\/\"}]}<\/script>\n<!-- \/ Yoast SEO plugin. -->","yoast_head_json":{"title":"Cidadania Aracaju aposta em forma\u00e7\u00e3o pol\u00edtica de base e registra novas filia\u00e7\u00f5es - O Coerente","robots":{"index":"index","follow":"follow","max-snippet":"max-snippet:-1","max-image-preview":"max-image-preview:large","max-video-preview":"max-video-preview:-1"},"canonical":"https:\/\/ocoerente.com.br\/se\/2025\/12\/06\/cidadania-aracaju-aposta-em-formacao-politica-de-base-e-registra-novas-filiacoes\/","og_locale":"pt_BR","og_type":"article","og_title":"Cidadania Aracaju aposta em forma\u00e7\u00e3o pol\u00edtica de base e registra novas filia\u00e7\u00f5es - O Coerente","og_description":"O Partido Cidadania em Aracaju realizou reuni\u00e3o do Diret\u00f3rio Municipal para discutir o futuro da legenda na capital sergipana e debater temas da pol\u00edtica local e nacional. O encontro, que contou com a participa\u00e7\u00e3o de filiados e interessados, resultou em novas filia\u00e7\u00f5es e refor\u00e7ou o compromisso do partido com a forma\u00e7\u00e3o pol\u00edtica de base. Segundo [&hellip;]","og_url":"https:\/\/ocoerente.com.br\/se\/2025\/12\/06\/cidadania-aracaju-aposta-em-formacao-politica-de-base-e-registra-novas-filiacoes\/","og_site_name":"O Coerente","article_published_time":"2025-12-06T04:58:14+00:00","article_modified_time":"2025-12-06T04:58:16+00:00","og_image":[{"width":1280,"height":1006,"url":"https:\/\/ocoerente.com.br\/se\/wp-content\/uploads\/2025\/12\/41a6-982a-8d8470993271.jpg","type":"image\/jpeg"}],"author":"Reda\u00e7\u00e3o","twitter_card":"summary_large_image","twitter_misc":{"Escrito por":"Reda\u00e7\u00e3o","Est. tempo de leitura":"2 minutos"},"schema":{"@context":"https:\/\/schema.org","@graph":[{"@type":"Article","@id":"https:\/\/ocoerente.com.br\/se\/2025\/12\/06\/cidadania-aracaju-aposta-em-formacao-politica-de-base-e-registra-novas-filiacoes\/#article","isPartOf":{"@id":"https:\/\/ocoerente.com.br\/se\/2025\/12\/06\/cidadania-aracaju-aposta-em-formacao-politica-de-base-e-registra-novas-filiacoes\/"},"author":{"name":"Reda\u00e7\u00e3o","@id":"https:\/\/ocoerente.com.br\/se\/#\/schema\/person\/cc6bfd9fbca465e23543b0c963d8d037"},"headline":"Cidadania Aracaju aposta em forma\u00e7\u00e3o pol\u00edtica de base e registra novas filia\u00e7\u00f5es","datePublished":"2025-12-06T04:58:14+00:00","dateModified":"2025-12-06T04:58:16+00:00","mainEntityOfPage":{"@id":"https:\/\/ocoerente.com.br\/se\/2025\/12\/06\/cidadania-aracaju-aposta-em-formacao-politica-de-base-e-registra-novas-filiacoes\/"},"wordCount":313,"publisher":{"@id":"https:\/\/ocoerente.com.br\/se\/#\/schema\/person\/cc6bfd9fbca465e23543b0c963d8d037"},"image":{"@id":"https:\/\/ocoerente.com.br\/se\/2025\/12\/06\/cidadania-aracaju-aposta-em-formacao-politica-de-base-e-registra-novas-filiacoes\/#primaryimage"},"thumbnailUrl":"https:\/\/ocoerente.com.br\/se\/wp-content\/uploads\/2025\/12\/41a6-982a-8d8470993271.jpg","articleSection":["Destaques","Pol\u00edtica"],"inLanguage":"pt-BR"},{"@type":"WebPage","@id":"https:\/\/ocoerente.com.br\/se\/2025\/12\/06\/cidadania-aracaju-aposta-em-formacao-politica-de-base-e-registra-novas-filiacoes\/","url":"https:\/\/ocoerente.com.br\/se\/2025\/12\/06\/cidadania-aracaju-aposta-em-formacao-politica-de-base-e-registra-novas-filiacoes\/","name":"Cidadania Aracaju aposta em forma\u00e7\u00e3o pol\u00edtica de base e registra novas filia\u00e7\u00f5es - O Coerente","isPartOf":{"@id":"https:\/\/ocoerente.com.br\/se\/#website"},"primaryImageOfPage":{"@id":"https:\/\/ocoerente.com.br\/se\/2025\/12\/06\/cidadania-aracaju-aposta-em-formacao-politica-de-base-e-registra-novas-filiacoes\/#primaryimage"},"image":{"@id":"https:\/\/ocoerente.com.br\/se\/2025\/12\/06\/cidadania-aracaju-aposta-em-formacao-politica-de-base-e-registra-novas-filiacoes\/#primaryimage"},"thumbnailUrl":"https:\/\/ocoerente.com.br\/se\/wp-content\/uploads\/2025\/12\/41a6-982a-8d8470993271.jpg","datePublished":"2025-12-06T04:58:14+00:00","dateModified":"2025-12-06T04:58:16+00:00","breadcrumb":{"@id":"https:\/\/ocoerente.com.br\/se\/2025\/12\/06\/cidadania-aracaju-aposta-em-formacao-politica-de-base-e-registra-novas-filiacoes\/#breadcrumb"},"inLanguage":"pt-BR","potentialAction":[{"@type":"ReadAction","target":["https:\/\/ocoerente.com.br\/se\/2025\/12\/06\/cidadania-aracaju-aposta-em-formacao-politica-de-base-e-registra-novas-filiacoes\/"]}]},{"@type":"ImageObject","inLanguage":"pt-BR","@id":"https:\/\/ocoerente.com.br\/se\/2025\/12\/06\/cidadania-aracaju-aposta-em-formacao-politica-de-base-e-registra-novas-filiacoes\/#primaryimage","url":"https:\/\/ocoerente.com.br\/se\/wp-content\/uploads\/2025\/12\/41a6-982a-8d8470993271.jpg","contentUrl":"https:\/\/ocoerente.com.br\/se\/wp-content\/uploads\/2025\/12\/41a6-982a-8d8470993271.jpg","width":1280,"height":1006},{"@type":"BreadcrumbList","@id":"https:\/\/ocoerente.com.br\/se\/2025\/12\/06\/cidadania-aracaju-aposta-em-formacao-politica-de-base-e-registra-novas-filiacoes\/#breadcrumb","itemListElement":[{"@type":"ListItem","position":1,"name":"In\u00edcio","item":"https:\/\/ocoerente.com.br\/se\/"},{"@type":"ListItem","position":2,"name":"Cidadania Aracaju aposta em forma\u00e7\u00e3o pol\u00edtica de base e registra novas filia\u00e7\u00f5es"}]},{"@type":"WebSite","@id":"https:\/\/ocoerente.com.br\/se\/#website","url":"https:\/\/ocoerente.com.br\/se\/","name":"O Coerente","description":"","publisher":{"@id":"https:\/\/ocoerente.com.br\/se\/#\/schema\/person\/cc6bfd9fbca465e23543b0c963d8d037"},"potentialAction":[{"@type":"SearchAction","target":{"@type":"EntryPoint","urlTemplate":"https:\/\/ocoerente.com.br\/se\/?s={search_term_string}"},"query-input":{"@type":"PropertyValueSpecification","valueRequired":true,"valueName":"search_term_string"}}],"inLanguage":"pt-BR"},{"@type":["Person","Organization"],"@id":"https:\/\/ocoerente.com.br\/se\/#\/schema\/person\/cc6bfd9fbca465e23543b0c963d8d037","name":"Reda\u00e7\u00e3o","image":{"@type":"ImageObject","inLanguage":"pt-BR","@id":"https:\/\/ocoerente.com.br\/se\/wp-content\/uploads\/2020\/01\/ocoerente-1.png","url":"https:\/\/ocoerente.com.br\/se\/wp-content\/uploads\/2020\/01\/ocoerente-1.png","contentUrl":"https:\/\/ocoerente.com.br\/se\/wp-content\/uploads\/2020\/01\/ocoerente-1.png","width":50,"height":50,"caption":"Reda\u00e7\u00e3o"},"logo":{"@id":"https:\/\/ocoerente.com.br\/se\/wp-content\/uploads\/2020\/01\/ocoerente-1.png"},"url":"https:\/\/ocoerente.com.br\/se\/author\/vasticlsales\/"}]}},"_links":{"self":[{"href":"https:\/\/ocoerente.com.br\/se\/wp-json\/wp\/v2\/posts\/17888","targetHints":{"allow":["GET"]}}],"collection":[{"href":"https:\/\/ocoerente.com.br\/se\/wp-json\/wp\/v2\/posts"}],"about":[{"href":"https:\/\/ocoerente.com.br\/se\/wp-json\/wp\/v2\/types\/post"}],"author":[{"embeddable":true,"href":"https:\/\/ocoerente.com.br\/se\/wp-json\/wp\/v2\/users\/1"}],"replies":[{"embeddable":true,"href":"https:\/\/ocoerente.com.br\/se\/wp-json\/wp\/v2\/comments?post=17888"}],"version-history":[{"count":1,"href":"https:\/\/ocoerente.com.br\/se\/wp-json\/wp\/v2\/posts\/17888\/revisions"}],"predecessor-version":[{"id":17890,"href":"https:\/\/ocoerente.com.br\/se\/wp-json\/wp\/v2\/posts\/17888\/revisions\/17890"}],"wp:featuredmedia":[{"embeddable":true,"href":"https:\/\/ocoerente.com.br\/se\/wp-json\/wp\/v2\/media\/17889"}],"wp:attachment":[{"href":"https:\/\/ocoerente.com.br\/se\/wp-json\/wp\/v2\/media?parent=17888"}],"wp:term":[{"taxonomy":"category","embeddable":true,"href":"https:\/\/ocoerente.com.br\/se\/wp-json\/wp\/v2\/categories?post=17888"},{"taxonomy":"post_tag","embeddable":true,"href":"https:\/\/ocoerente.com.br\/se\/wp-json\/wp\/v2\/tags?post=17888"}],"curies":[{"name":"wp","href":"https:\/\/api.w.org\/{rel}","templated":true}]}}