{"id":17882,"date":"2025-12-06T01:55:55","date_gmt":"2025-12-06T04:55:55","guid":{"rendered":"https:\/\/ocoerente.com.br\/se\/?p=17882"},"modified":"2025-12-06T01:55:58","modified_gmt":"2025-12-06T04:55:58","slug":"jornalista-e-escritor-fredson-navarro-lanca-livro-o-vagalume-em-belo-horizonte-2","status":"publish","type":"post","link":"https:\/\/ocoerente.com.br\/se\/2025\/12\/06\/jornalista-e-escritor-fredson-navarro-lanca-livro-o-vagalume-em-belo-horizonte-2\/","title":{"rendered":"Jornalista e escritor Fredson Navarro lan\u00e7a livro \u2018O Vagalume\u2019 em Belo Horizonte"},"content":{"rendered":"\n<p>O jornalista e escritor Fredson Navarro fez o lan\u00e7amento do livro &#8216;O Vagalume &#8211; 20 anos de entrevistas e mem\u00f3rias do menino que virou jornalista- na manh\u00e3 desta quarta-feira, 3 de dezembro na Universidade Federal de Minas Gerais. A obra \u00e9 da Editora Dika Publica\u00e7\u00f5es Exclusivas, do Grupo Infographics.<\/p>\n\n\n\n<p>&#8220;Fiquei lisonjeado em faz o lan\u00e7amento desta obra em Minas Gerais e recebeu o carinho do p\u00fablico, a maioria comunicadores que est\u00e3o chegando ao mercado com muita vontade de vencer e conquistar seu espa\u00e7o. Agrade\u00e7o a aten\u00e7\u00e3o de todos&#8221;, comemora o escritor.<\/p>\n\n\n\n<p>O livro foi lan\u00e7ado oficialmente em outubro deste ano no Museu da Gente Sergipana, passou pela Bienal do Livro em Itabaiana e tamb\u00e9m chegou a Itaberaba, na Bahia.<\/p>\n\n\n\n<p>O pref\u00e1cio do livro \u00e9 assinado pelo cantor baiano, Netinho. A obra conta ainda com uma entrevista exclusiva com a diretora de TV, Marlene Mattos.<\/p>\n\n\n\n<p>Sinopse<br>Aos 12 anos, em Itaberaba (BA), Fredson Navarro descobriu que tinha nascido para o jornalismo. Criou seu primeiro jornal, O Vagalume, inspirado nos insetos luminosos que iluminavam a inf\u00e2ncia dele e, desde ent\u00e3o, nunca deixou de observar o mundo com olhos atentos de rep\u00f3rter.<\/p>\n\n\n\n<p>De pequenos jornais escolares e comunit\u00e1rios a entrevistas com artistas consagrados, Fredson segue percorrendo uma trajet\u00f3ria marcada por ousadia, paix\u00e3o e dedica\u00e7\u00e3o. Incentivado desde cedo, trocou a Bahia por Sergipe para cursar Jornalismo em Aracaju, onde construiu uma carreira s\u00f3lida e reconhecida.<\/p>\n\n\n\n<p>Em &#8216;O Vagalume \u2013 20 anos de entrevistas e mem\u00f3rias do menino que virou jornalista&#8217;, o autor re\u00fane hist\u00f3rias inesquec\u00edveis de personalidades que marcam a trajet\u00f3ria dele, revelando bastidores, aprendizados e encontros. Mais que mem\u00f3rias, este livro \u00e9 um convite para acompanhar o brilho de um menino que ousou sonhar \u2014 e fez da palavra o seu farol.<\/p>\n\n\n\n<p>Fredson Navarro: duas d\u00e9cadas dedicadas ao jornalismo<\/p>\n\n\n\n<p>Com uma trajet\u00f3ria marcada por dedica\u00e7\u00e3o, versatilidade e reconhecimento, Fredson Navarro consolidou-se como uma das principais refer\u00eancias do jornalismo em Sergipe. Escritor e jornalista, ele nasceu em Itaberaba, no portal da Chapada Diamantina, na Bahia, mas escolheu Aracaju como morada desde 2001.<\/p>\n\n\n\n<p>Formado em Comunica\u00e7\u00e3o Social com habilita\u00e7\u00e3o em Jornalismo pela Universidade Tiradentes em 2005, ampliou sua forma\u00e7\u00e3o com especializa\u00e7\u00f5es em Gest\u00e3o Integrada da Comunica\u00e7\u00e3o (Unit), M\u00eddias Digitais (USP) e Assessoria de Imprensa (Fanese). A bagagem acad\u00eamica se somou \u00e0 experi\u00eancia pr\u00e1tica adquirida em diferentes meios de comunica\u00e7\u00e3o.<\/p>\n\n\n\n<p>A estreia profissional de Fredson Navarro ocorreu em 2004, na TV Sergipe, afiliada da Rede Globo, como produtor de conte\u00fado do portal Emsergipe.com. Depois, atuou como rep\u00f3rter, coordenador de jornalismo e editor do G1 Sergipe. A carreira inclui passagens por ve\u00edculos nacionais e locais, como UOL, BOL, CBN, Mix FM, R\u00e1dio Jornal, TV C\u00e2mara e TV Cidade.<\/p>\n\n\n\n<p>Atualmente, Navarro exerce a fun\u00e7\u00e3o de editor executivo nos telejornais da TV Atalaia (Record TV), al\u00e9m de ser editor do caderno Olho Vivo do jornal Cinform. Tamb\u00e9m atua na Secretaria da Comunica\u00e7\u00e3o da Prefeitura de Aracaju e \u00e9 CEO da Navarro Comunica\u00e7\u00e3o.<\/p>\n\n\n\n<p>Com 20 anos de carreira, construiu um percurso de sucesso com 40 pr\u00eamios estaduais e nacionais que reconhecem sua atua\u00e7\u00e3o em diferentes \u00e1reas do jornalismo. Em 2020, idealizou e lan\u00e7ou o Pr\u00eamio Olho Vivo, iniciativa que se tornou uma marca no calend\u00e1rio sergipano ao homenagear os profissionais que mais se destacam a cada ano em Sergipe. Em 2016, Navarro foi condecorado com o t\u00edtulo de Cidad\u00e3o Aracajuano e em 2023 recebeu o T\u00edtulo de Cidad\u00e3o Sergipano. Ele tamb\u00e9m est\u00e1 exercendo o terceiro mandato como diretor do Sindicado dos Jornalista de Sergipe.<\/p>\n\n\n\n<p>Por Felipe Martins<br>Foto Divulga\u00e7\u00e3o<\/p>\n","protected":false},"excerpt":{"rendered":"<p>O jornalista e escritor Fredson Navarro fez o lan\u00e7amento do livro &#8216;O Vagalume &#8211; 20 anos de entrevistas e mem\u00f3rias do menino que virou jornalista- na manh\u00e3 desta quarta-feira, 3 de dezembro na Universidade Federal de Minas Gerais. A obra \u00e9 da Editora Dika Publica\u00e7\u00f5es Exclusivas, do Grupo Infographics. &#8220;Fiquei lisonjeado em faz o lan\u00e7amento [&hellip;]<\/p>\n","protected":false},"author":1,"featured_media":17883,"comment_status":"closed","ping_status":"closed","sticky":false,"template":"","format":"standard","meta":{"footnotes":""},"categories":[53,47],"tags":[],"class_list":["post-17882","post","type-post","status-publish","format-standard","has-post-thumbnail","hentry","category-destaques","category-educacao"],"yoast_head":"<!-- This site is optimized with the Yoast SEO plugin v27.4 - https:\/\/yoast.com\/product\/yoast-seo-wordpress\/ -->\n<title>Jornalista e escritor Fredson Navarro lan\u00e7a livro \u2018O Vagalume\u2019 em Belo Horizonte - O Coerente<\/title>\n<meta name=\"robots\" content=\"index, follow, max-snippet:-1, max-image-preview:large, max-video-preview:-1\" \/>\n<link rel=\"canonical\" href=\"https:\/\/ocoerente.com.br\/se\/2025\/12\/06\/jornalista-e-escritor-fredson-navarro-lanca-livro-o-vagalume-em-belo-horizonte-2\/\" \/>\n<meta property=\"og:locale\" content=\"pt_BR\" \/>\n<meta property=\"og:type\" content=\"article\" \/>\n<meta property=\"og:title\" content=\"Jornalista e escritor Fredson Navarro lan\u00e7a livro \u2018O Vagalume\u2019 em Belo Horizonte - O Coerente\" \/>\n<meta property=\"og:description\" content=\"O jornalista e escritor Fredson Navarro fez o lan\u00e7amento do livro &#8216;O Vagalume &#8211; 20 anos de entrevistas e mem\u00f3rias do menino que virou jornalista- na manh\u00e3 desta quarta-feira, 3 de dezembro na Universidade Federal de Minas Gerais. A obra \u00e9 da Editora Dika Publica\u00e7\u00f5es Exclusivas, do Grupo Infographics. &#8220;Fiquei lisonjeado em faz o lan\u00e7amento [&hellip;]\" \/>\n<meta property=\"og:url\" content=\"https:\/\/ocoerente.com.br\/se\/2025\/12\/06\/jornalista-e-escritor-fredson-navarro-lanca-livro-o-vagalume-em-belo-horizonte-2\/\" \/>\n<meta property=\"og:site_name\" content=\"O Coerente\" \/>\n<meta property=\"article:published_time\" content=\"2025-12-06T04:55:55+00:00\" \/>\n<meta property=\"article:modified_time\" content=\"2025-12-06T04:55:58+00:00\" \/>\n<meta property=\"og:image\" content=\"https:\/\/ocoerente.com.br\/se\/wp-content\/uploads\/2025\/12\/4545ghj7rar.jpg\" \/>\n\t<meta property=\"og:image:width\" content=\"1099\" \/>\n\t<meta property=\"og:image:height\" content=\"848\" \/>\n\t<meta property=\"og:image:type\" content=\"image\/jpeg\" \/>\n<meta name=\"author\" content=\"Reda\u00e7\u00e3o\" \/>\n<meta name=\"twitter:card\" content=\"summary_large_image\" \/>\n<meta name=\"twitter:label1\" content=\"Escrito por\" \/>\n\t<meta name=\"twitter:data1\" content=\"Reda\u00e7\u00e3o\" \/>\n\t<meta name=\"twitter:label2\" content=\"Est. tempo de leitura\" \/>\n\t<meta name=\"twitter:data2\" content=\"4 minutos\" \/>\n<script type=\"application\/ld+json\" class=\"yoast-schema-graph\">{\"@context\":\"https:\\\/\\\/schema.org\",\"@graph\":[{\"@type\":\"Article\",\"@id\":\"https:\\\/\\\/ocoerente.com.br\\\/se\\\/2025\\\/12\\\/06\\\/jornalista-e-escritor-fredson-navarro-lanca-livro-o-vagalume-em-belo-horizonte-2\\\/#article\",\"isPartOf\":{\"@id\":\"https:\\\/\\\/ocoerente.com.br\\\/se\\\/2025\\\/12\\\/06\\\/jornalista-e-escritor-fredson-navarro-lanca-livro-o-vagalume-em-belo-horizonte-2\\\/\"},\"author\":{\"name\":\"Reda\u00e7\u00e3o\",\"@id\":\"https:\\\/\\\/ocoerente.com.br\\\/se\\\/#\\\/schema\\\/person\\\/cc6bfd9fbca465e23543b0c963d8d037\"},\"headline\":\"Jornalista e escritor Fredson Navarro lan\u00e7a livro \u2018O Vagalume\u2019 em Belo Horizonte\",\"datePublished\":\"2025-12-06T04:55:55+00:00\",\"dateModified\":\"2025-12-06T04:55:58+00:00\",\"mainEntityOfPage\":{\"@id\":\"https:\\\/\\\/ocoerente.com.br\\\/se\\\/2025\\\/12\\\/06\\\/jornalista-e-escritor-fredson-navarro-lanca-livro-o-vagalume-em-belo-horizonte-2\\\/\"},\"wordCount\":634,\"publisher\":{\"@id\":\"https:\\\/\\\/ocoerente.com.br\\\/se\\\/#\\\/schema\\\/person\\\/cc6bfd9fbca465e23543b0c963d8d037\"},\"image\":{\"@id\":\"https:\\\/\\\/ocoerente.com.br\\\/se\\\/2025\\\/12\\\/06\\\/jornalista-e-escritor-fredson-navarro-lanca-livro-o-vagalume-em-belo-horizonte-2\\\/#primaryimage\"},\"thumbnailUrl\":\"https:\\\/\\\/ocoerente.com.br\\\/se\\\/wp-content\\\/uploads\\\/2025\\\/12\\\/4545ghj7rar.jpg\",\"articleSection\":[\"Destaques\",\"Educa\u00e7\u00e3o\"],\"inLanguage\":\"pt-BR\"},{\"@type\":\"WebPage\",\"@id\":\"https:\\\/\\\/ocoerente.com.br\\\/se\\\/2025\\\/12\\\/06\\\/jornalista-e-escritor-fredson-navarro-lanca-livro-o-vagalume-em-belo-horizonte-2\\\/\",\"url\":\"https:\\\/\\\/ocoerente.com.br\\\/se\\\/2025\\\/12\\\/06\\\/jornalista-e-escritor-fredson-navarro-lanca-livro-o-vagalume-em-belo-horizonte-2\\\/\",\"name\":\"Jornalista e escritor Fredson Navarro lan\u00e7a livro \u2018O Vagalume\u2019 em Belo Horizonte - O Coerente\",\"isPartOf\":{\"@id\":\"https:\\\/\\\/ocoerente.com.br\\\/se\\\/#website\"},\"primaryImageOfPage\":{\"@id\":\"https:\\\/\\\/ocoerente.com.br\\\/se\\\/2025\\\/12\\\/06\\\/jornalista-e-escritor-fredson-navarro-lanca-livro-o-vagalume-em-belo-horizonte-2\\\/#primaryimage\"},\"image\":{\"@id\":\"https:\\\/\\\/ocoerente.com.br\\\/se\\\/2025\\\/12\\\/06\\\/jornalista-e-escritor-fredson-navarro-lanca-livro-o-vagalume-em-belo-horizonte-2\\\/#primaryimage\"},\"thumbnailUrl\":\"https:\\\/\\\/ocoerente.com.br\\\/se\\\/wp-content\\\/uploads\\\/2025\\\/12\\\/4545ghj7rar.jpg\",\"datePublished\":\"2025-12-06T04:55:55+00:00\",\"dateModified\":\"2025-12-06T04:55:58+00:00\",\"breadcrumb\":{\"@id\":\"https:\\\/\\\/ocoerente.com.br\\\/se\\\/2025\\\/12\\\/06\\\/jornalista-e-escritor-fredson-navarro-lanca-livro-o-vagalume-em-belo-horizonte-2\\\/#breadcrumb\"},\"inLanguage\":\"pt-BR\",\"potentialAction\":[{\"@type\":\"ReadAction\",\"target\":[\"https:\\\/\\\/ocoerente.com.br\\\/se\\\/2025\\\/12\\\/06\\\/jornalista-e-escritor-fredson-navarro-lanca-livro-o-vagalume-em-belo-horizonte-2\\\/\"]}]},{\"@type\":\"ImageObject\",\"inLanguage\":\"pt-BR\",\"@id\":\"https:\\\/\\\/ocoerente.com.br\\\/se\\\/2025\\\/12\\\/06\\\/jornalista-e-escritor-fredson-navarro-lanca-livro-o-vagalume-em-belo-horizonte-2\\\/#primaryimage\",\"url\":\"https:\\\/\\\/ocoerente.com.br\\\/se\\\/wp-content\\\/uploads\\\/2025\\\/12\\\/4545ghj7rar.jpg\",\"contentUrl\":\"https:\\\/\\\/ocoerente.com.br\\\/se\\\/wp-content\\\/uploads\\\/2025\\\/12\\\/4545ghj7rar.jpg\",\"width\":1099,\"height\":848},{\"@type\":\"BreadcrumbList\",\"@id\":\"https:\\\/\\\/ocoerente.com.br\\\/se\\\/2025\\\/12\\\/06\\\/jornalista-e-escritor-fredson-navarro-lanca-livro-o-vagalume-em-belo-horizonte-2\\\/#breadcrumb\",\"itemListElement\":[{\"@type\":\"ListItem\",\"position\":1,\"name\":\"In\u00edcio\",\"item\":\"https:\\\/\\\/ocoerente.com.br\\\/se\\\/\"},{\"@type\":\"ListItem\",\"position\":2,\"name\":\"Jornalista e escritor Fredson Navarro lan\u00e7a livro \u2018O Vagalume\u2019 em Belo Horizonte\"}]},{\"@type\":\"WebSite\",\"@id\":\"https:\\\/\\\/ocoerente.com.br\\\/se\\\/#website\",\"url\":\"https:\\\/\\\/ocoerente.com.br\\\/se\\\/\",\"name\":\"O Coerente\",\"description\":\"\",\"publisher\":{\"@id\":\"https:\\\/\\\/ocoerente.com.br\\\/se\\\/#\\\/schema\\\/person\\\/cc6bfd9fbca465e23543b0c963d8d037\"},\"potentialAction\":[{\"@type\":\"SearchAction\",\"target\":{\"@type\":\"EntryPoint\",\"urlTemplate\":\"https:\\\/\\\/ocoerente.com.br\\\/se\\\/?s={search_term_string}\"},\"query-input\":{\"@type\":\"PropertyValueSpecification\",\"valueRequired\":true,\"valueName\":\"search_term_string\"}}],\"inLanguage\":\"pt-BR\"},{\"@type\":[\"Person\",\"Organization\"],\"@id\":\"https:\\\/\\\/ocoerente.com.br\\\/se\\\/#\\\/schema\\\/person\\\/cc6bfd9fbca465e23543b0c963d8d037\",\"name\":\"Reda\u00e7\u00e3o\",\"image\":{\"@type\":\"ImageObject\",\"inLanguage\":\"pt-BR\",\"@id\":\"https:\\\/\\\/ocoerente.com.br\\\/se\\\/wp-content\\\/uploads\\\/2020\\\/01\\\/ocoerente-1.png\",\"url\":\"https:\\\/\\\/ocoerente.com.br\\\/se\\\/wp-content\\\/uploads\\\/2020\\\/01\\\/ocoerente-1.png\",\"contentUrl\":\"https:\\\/\\\/ocoerente.com.br\\\/se\\\/wp-content\\\/uploads\\\/2020\\\/01\\\/ocoerente-1.png\",\"width\":50,\"height\":50,\"caption\":\"Reda\u00e7\u00e3o\"},\"logo\":{\"@id\":\"https:\\\/\\\/ocoerente.com.br\\\/se\\\/wp-content\\\/uploads\\\/2020\\\/01\\\/ocoerente-1.png\"},\"url\":\"https:\\\/\\\/ocoerente.com.br\\\/se\\\/author\\\/vasticlsales\\\/\"}]}<\/script>\n<!-- \/ Yoast SEO plugin. -->","yoast_head_json":{"title":"Jornalista e escritor Fredson Navarro lan\u00e7a livro \u2018O Vagalume\u2019 em Belo Horizonte - O Coerente","robots":{"index":"index","follow":"follow","max-snippet":"max-snippet:-1","max-image-preview":"max-image-preview:large","max-video-preview":"max-video-preview:-1"},"canonical":"https:\/\/ocoerente.com.br\/se\/2025\/12\/06\/jornalista-e-escritor-fredson-navarro-lanca-livro-o-vagalume-em-belo-horizonte-2\/","og_locale":"pt_BR","og_type":"article","og_title":"Jornalista e escritor Fredson Navarro lan\u00e7a livro \u2018O Vagalume\u2019 em Belo Horizonte - O Coerente","og_description":"O jornalista e escritor Fredson Navarro fez o lan\u00e7amento do livro &#8216;O Vagalume &#8211; 20 anos de entrevistas e mem\u00f3rias do menino que virou jornalista- na manh\u00e3 desta quarta-feira, 3 de dezembro na Universidade Federal de Minas Gerais. A obra \u00e9 da Editora Dika Publica\u00e7\u00f5es Exclusivas, do Grupo Infographics. &#8220;Fiquei lisonjeado em faz o lan\u00e7amento [&hellip;]","og_url":"https:\/\/ocoerente.com.br\/se\/2025\/12\/06\/jornalista-e-escritor-fredson-navarro-lanca-livro-o-vagalume-em-belo-horizonte-2\/","og_site_name":"O Coerente","article_published_time":"2025-12-06T04:55:55+00:00","article_modified_time":"2025-12-06T04:55:58+00:00","og_image":[{"width":1099,"height":848,"url":"https:\/\/ocoerente.com.br\/se\/wp-content\/uploads\/2025\/12\/4545ghj7rar.jpg","type":"image\/jpeg"}],"author":"Reda\u00e7\u00e3o","twitter_card":"summary_large_image","twitter_misc":{"Escrito por":"Reda\u00e7\u00e3o","Est. tempo de leitura":"4 minutos"},"schema":{"@context":"https:\/\/schema.org","@graph":[{"@type":"Article","@id":"https:\/\/ocoerente.com.br\/se\/2025\/12\/06\/jornalista-e-escritor-fredson-navarro-lanca-livro-o-vagalume-em-belo-horizonte-2\/#article","isPartOf":{"@id":"https:\/\/ocoerente.com.br\/se\/2025\/12\/06\/jornalista-e-escritor-fredson-navarro-lanca-livro-o-vagalume-em-belo-horizonte-2\/"},"author":{"name":"Reda\u00e7\u00e3o","@id":"https:\/\/ocoerente.com.br\/se\/#\/schema\/person\/cc6bfd9fbca465e23543b0c963d8d037"},"headline":"Jornalista e escritor Fredson Navarro lan\u00e7a livro \u2018O Vagalume\u2019 em Belo Horizonte","datePublished":"2025-12-06T04:55:55+00:00","dateModified":"2025-12-06T04:55:58+00:00","mainEntityOfPage":{"@id":"https:\/\/ocoerente.com.br\/se\/2025\/12\/06\/jornalista-e-escritor-fredson-navarro-lanca-livro-o-vagalume-em-belo-horizonte-2\/"},"wordCount":634,"publisher":{"@id":"https:\/\/ocoerente.com.br\/se\/#\/schema\/person\/cc6bfd9fbca465e23543b0c963d8d037"},"image":{"@id":"https:\/\/ocoerente.com.br\/se\/2025\/12\/06\/jornalista-e-escritor-fredson-navarro-lanca-livro-o-vagalume-em-belo-horizonte-2\/#primaryimage"},"thumbnailUrl":"https:\/\/ocoerente.com.br\/se\/wp-content\/uploads\/2025\/12\/4545ghj7rar.jpg","articleSection":["Destaques","Educa\u00e7\u00e3o"],"inLanguage":"pt-BR"},{"@type":"WebPage","@id":"https:\/\/ocoerente.com.br\/se\/2025\/12\/06\/jornalista-e-escritor-fredson-navarro-lanca-livro-o-vagalume-em-belo-horizonte-2\/","url":"https:\/\/ocoerente.com.br\/se\/2025\/12\/06\/jornalista-e-escritor-fredson-navarro-lanca-livro-o-vagalume-em-belo-horizonte-2\/","name":"Jornalista e escritor Fredson Navarro lan\u00e7a livro \u2018O Vagalume\u2019 em Belo Horizonte - O Coerente","isPartOf":{"@id":"https:\/\/ocoerente.com.br\/se\/#website"},"primaryImageOfPage":{"@id":"https:\/\/ocoerente.com.br\/se\/2025\/12\/06\/jornalista-e-escritor-fredson-navarro-lanca-livro-o-vagalume-em-belo-horizonte-2\/#primaryimage"},"image":{"@id":"https:\/\/ocoerente.com.br\/se\/2025\/12\/06\/jornalista-e-escritor-fredson-navarro-lanca-livro-o-vagalume-em-belo-horizonte-2\/#primaryimage"},"thumbnailUrl":"https:\/\/ocoerente.com.br\/se\/wp-content\/uploads\/2025\/12\/4545ghj7rar.jpg","datePublished":"2025-12-06T04:55:55+00:00","dateModified":"2025-12-06T04:55:58+00:00","breadcrumb":{"@id":"https:\/\/ocoerente.com.br\/se\/2025\/12\/06\/jornalista-e-escritor-fredson-navarro-lanca-livro-o-vagalume-em-belo-horizonte-2\/#breadcrumb"},"inLanguage":"pt-BR","potentialAction":[{"@type":"ReadAction","target":["https:\/\/ocoerente.com.br\/se\/2025\/12\/06\/jornalista-e-escritor-fredson-navarro-lanca-livro-o-vagalume-em-belo-horizonte-2\/"]}]},{"@type":"ImageObject","inLanguage":"pt-BR","@id":"https:\/\/ocoerente.com.br\/se\/2025\/12\/06\/jornalista-e-escritor-fredson-navarro-lanca-livro-o-vagalume-em-belo-horizonte-2\/#primaryimage","url":"https:\/\/ocoerente.com.br\/se\/wp-content\/uploads\/2025\/12\/4545ghj7rar.jpg","contentUrl":"https:\/\/ocoerente.com.br\/se\/wp-content\/uploads\/2025\/12\/4545ghj7rar.jpg","width":1099,"height":848},{"@type":"BreadcrumbList","@id":"https:\/\/ocoerente.com.br\/se\/2025\/12\/06\/jornalista-e-escritor-fredson-navarro-lanca-livro-o-vagalume-em-belo-horizonte-2\/#breadcrumb","itemListElement":[{"@type":"ListItem","position":1,"name":"In\u00edcio","item":"https:\/\/ocoerente.com.br\/se\/"},{"@type":"ListItem","position":2,"name":"Jornalista e escritor Fredson Navarro lan\u00e7a livro \u2018O Vagalume\u2019 em Belo Horizonte"}]},{"@type":"WebSite","@id":"https:\/\/ocoerente.com.br\/se\/#website","url":"https:\/\/ocoerente.com.br\/se\/","name":"O Coerente","description":"","publisher":{"@id":"https:\/\/ocoerente.com.br\/se\/#\/schema\/person\/cc6bfd9fbca465e23543b0c963d8d037"},"potentialAction":[{"@type":"SearchAction","target":{"@type":"EntryPoint","urlTemplate":"https:\/\/ocoerente.com.br\/se\/?s={search_term_string}"},"query-input":{"@type":"PropertyValueSpecification","valueRequired":true,"valueName":"search_term_string"}}],"inLanguage":"pt-BR"},{"@type":["Person","Organization"],"@id":"https:\/\/ocoerente.com.br\/se\/#\/schema\/person\/cc6bfd9fbca465e23543b0c963d8d037","name":"Reda\u00e7\u00e3o","image":{"@type":"ImageObject","inLanguage":"pt-BR","@id":"https:\/\/ocoerente.com.br\/se\/wp-content\/uploads\/2020\/01\/ocoerente-1.png","url":"https:\/\/ocoerente.com.br\/se\/wp-content\/uploads\/2020\/01\/ocoerente-1.png","contentUrl":"https:\/\/ocoerente.com.br\/se\/wp-content\/uploads\/2020\/01\/ocoerente-1.png","width":50,"height":50,"caption":"Reda\u00e7\u00e3o"},"logo":{"@id":"https:\/\/ocoerente.com.br\/se\/wp-content\/uploads\/2020\/01\/ocoerente-1.png"},"url":"https:\/\/ocoerente.com.br\/se\/author\/vasticlsales\/"}]}},"_links":{"self":[{"href":"https:\/\/ocoerente.com.br\/se\/wp-json\/wp\/v2\/posts\/17882","targetHints":{"allow":["GET"]}}],"collection":[{"href":"https:\/\/ocoerente.com.br\/se\/wp-json\/wp\/v2\/posts"}],"about":[{"href":"https:\/\/ocoerente.com.br\/se\/wp-json\/wp\/v2\/types\/post"}],"author":[{"embeddable":true,"href":"https:\/\/ocoerente.com.br\/se\/wp-json\/wp\/v2\/users\/1"}],"replies":[{"embeddable":true,"href":"https:\/\/ocoerente.com.br\/se\/wp-json\/wp\/v2\/comments?post=17882"}],"version-history":[{"count":1,"href":"https:\/\/ocoerente.com.br\/se\/wp-json\/wp\/v2\/posts\/17882\/revisions"}],"predecessor-version":[{"id":17884,"href":"https:\/\/ocoerente.com.br\/se\/wp-json\/wp\/v2\/posts\/17882\/revisions\/17884"}],"wp:featuredmedia":[{"embeddable":true,"href":"https:\/\/ocoerente.com.br\/se\/wp-json\/wp\/v2\/media\/17883"}],"wp:attachment":[{"href":"https:\/\/ocoerente.com.br\/se\/wp-json\/wp\/v2\/media?parent=17882"}],"wp:term":[{"taxonomy":"category","embeddable":true,"href":"https:\/\/ocoerente.com.br\/se\/wp-json\/wp\/v2\/categories?post=17882"},{"taxonomy":"post_tag","embeddable":true,"href":"https:\/\/ocoerente.com.br\/se\/wp-json\/wp\/v2\/tags?post=17882"}],"curies":[{"name":"wp","href":"https:\/\/api.w.org\/{rel}","templated":true}]}}