{"id":17653,"date":"2025-11-20T23:23:47","date_gmt":"2025-11-21T02:23:47","guid":{"rendered":"https:\/\/ocoerente.com.br\/se\/?p=17653"},"modified":"2025-11-20T23:23:48","modified_gmt":"2025-11-21T02:23:48","slug":"advogado-e-escritor-jose-rollemberg-neto-foi-eleito-por-unanimidade","status":"publish","type":"post","link":"https:\/\/ocoerente.com.br\/se\/2025\/11\/20\/advogado-e-escritor-jose-rollemberg-neto-foi-eleito-por-unanimidade\/","title":{"rendered":"Advogado e escritor Jos\u00e9 Rollemberg Neto foi eleito, por unanimidade"},"content":{"rendered":"\n<p>O advogado e escritor Jos\u00e9 Rollemberg Neto foi eleito, por unanimidade (33 votos), pelo Col\u00e9gio Eleitoral da Academia Sergipana de Letras, para ocupar a Cadeira n\u00ba 38, anteriormente ocupada pela professora Carmelita Pinto Fontes, em sess\u00e3o realizada nesta segunda-feira, 17 de novembro.<\/p>\n\n\n\n<p>O processo foi presidido pelo presidente da Comiss\u00e3o Eleitoral, Ant\u00f4nio Porf\u00edrio de Matos Neto. A elei\u00e7\u00e3o de Rollemberg Neto representa o justo reconhecimento a uma trajet\u00f3ria marcada pela s\u00f3lida forma\u00e7\u00e3o jur\u00eddica, vasta cultura human\u00edstica e expressiva contribui\u00e7\u00e3o ao pensamento sergipano. A elei\u00e7\u00e3o do novo acad\u00eamico refor\u00e7a o compromisso da Academia Sergipana de Letras, com 96 anos de tradi\u00e7\u00e3o, de promover a cultura e o saber. Parab\u00e9ns ao novo membro.<\/p>\n\n\n\n<p><\/p>\n","protected":false},"excerpt":{"rendered":"<p>O advogado e escritor Jos\u00e9 Rollemberg Neto foi eleito, por unanimidade (33 votos), pelo Col\u00e9gio Eleitoral da Academia Sergipana de Letras, para ocupar a Cadeira n\u00ba 38, anteriormente ocupada pela professora Carmelita Pinto Fontes, em sess\u00e3o realizada nesta segunda-feira, 17 de novembro. O processo foi presidido pelo presidente da Comiss\u00e3o Eleitoral, Ant\u00f4nio Porf\u00edrio de Matos [&hellip;]<\/p>\n","protected":false},"author":1,"featured_media":17654,"comment_status":"closed","ping_status":"closed","sticky":false,"template":"","format":"standard","meta":{"footnotes":""},"categories":[53,47],"tags":[],"class_list":["post-17653","post","type-post","status-publish","format-standard","has-post-thumbnail","hentry","category-destaques","category-educacao"],"yoast_head":"<!-- This site is optimized with the Yoast SEO plugin v27.5 - https:\/\/yoast.com\/product\/yoast-seo-wordpress\/ -->\n<title>Advogado e escritor Jos\u00e9 Rollemberg Neto foi eleito, por unanimidade - O Coerente<\/title>\n<meta name=\"robots\" content=\"index, follow, max-snippet:-1, max-image-preview:large, max-video-preview:-1\" \/>\n<link rel=\"canonical\" href=\"https:\/\/ocoerente.com.br\/se\/2025\/11\/20\/advogado-e-escritor-jose-rollemberg-neto-foi-eleito-por-unanimidade\/\" \/>\n<meta property=\"og:locale\" content=\"pt_BR\" \/>\n<meta property=\"og:type\" content=\"article\" \/>\n<meta property=\"og:title\" content=\"Advogado e escritor Jos\u00e9 Rollemberg Neto foi eleito, por unanimidade - O Coerente\" \/>\n<meta property=\"og:description\" content=\"O advogado e escritor Jos\u00e9 Rollemberg Neto foi eleito, por unanimidade (33 votos), pelo Col\u00e9gio Eleitoral da Academia Sergipana de Letras, para ocupar a Cadeira n\u00ba 38, anteriormente ocupada pela professora Carmelita Pinto Fontes, em sess\u00e3o realizada nesta segunda-feira, 17 de novembro. O processo foi presidido pelo presidente da Comiss\u00e3o Eleitoral, Ant\u00f4nio Porf\u00edrio de Matos [&hellip;]\" \/>\n<meta property=\"og:url\" content=\"https:\/\/ocoerente.com.br\/se\/2025\/11\/20\/advogado-e-escritor-jose-rollemberg-neto-foi-eleito-por-unanimidade\/\" \/>\n<meta property=\"og:site_name\" content=\"O Coerente\" \/>\n<meta property=\"article:published_time\" content=\"2025-11-21T02:23:47+00:00\" \/>\n<meta property=\"article:modified_time\" content=\"2025-11-21T02:23:48+00:00\" \/>\n<meta property=\"og:image\" content=\"https:\/\/ocoerente.com.br\/se\/wp-content\/uploads\/2025\/11\/12311448rar.jpg\" \/>\n\t<meta property=\"og:image:width\" content=\"1305\" \/>\n\t<meta property=\"og:image:height\" content=\"865\" \/>\n\t<meta property=\"og:image:type\" content=\"image\/jpeg\" \/>\n<meta name=\"author\" content=\"Reda\u00e7\u00e3o\" \/>\n<meta name=\"twitter:card\" content=\"summary_large_image\" \/>\n<meta name=\"twitter:label1\" content=\"Escrito por\" \/>\n\t<meta name=\"twitter:data1\" content=\"Reda\u00e7\u00e3o\" \/>\n\t<meta name=\"twitter:label2\" content=\"Est. tempo de leitura\" \/>\n\t<meta name=\"twitter:data2\" content=\"1 minuto\" \/>\n<script type=\"application\/ld+json\" class=\"yoast-schema-graph\">{\"@context\":\"https:\\\/\\\/schema.org\",\"@graph\":[{\"@type\":\"Article\",\"@id\":\"https:\\\/\\\/ocoerente.com.br\\\/se\\\/2025\\\/11\\\/20\\\/advogado-e-escritor-jose-rollemberg-neto-foi-eleito-por-unanimidade\\\/#article\",\"isPartOf\":{\"@id\":\"https:\\\/\\\/ocoerente.com.br\\\/se\\\/2025\\\/11\\\/20\\\/advogado-e-escritor-jose-rollemberg-neto-foi-eleito-por-unanimidade\\\/\"},\"author\":{\"name\":\"Reda\u00e7\u00e3o\",\"@id\":\"https:\\\/\\\/ocoerente.com.br\\\/se\\\/#\\\/schema\\\/person\\\/cc6bfd9fbca465e23543b0c963d8d037\"},\"headline\":\"Advogado e escritor Jos\u00e9 Rollemberg Neto foi eleito, por unanimidade\",\"datePublished\":\"2025-11-21T02:23:47+00:00\",\"dateModified\":\"2025-11-21T02:23:48+00:00\",\"mainEntityOfPage\":{\"@id\":\"https:\\\/\\\/ocoerente.com.br\\\/se\\\/2025\\\/11\\\/20\\\/advogado-e-escritor-jose-rollemberg-neto-foi-eleito-por-unanimidade\\\/\"},\"wordCount\":134,\"publisher\":{\"@id\":\"https:\\\/\\\/ocoerente.com.br\\\/se\\\/#\\\/schema\\\/person\\\/cc6bfd9fbca465e23543b0c963d8d037\"},\"image\":{\"@id\":\"https:\\\/\\\/ocoerente.com.br\\\/se\\\/2025\\\/11\\\/20\\\/advogado-e-escritor-jose-rollemberg-neto-foi-eleito-por-unanimidade\\\/#primaryimage\"},\"thumbnailUrl\":\"https:\\\/\\\/ocoerente.com.br\\\/se\\\/wp-content\\\/uploads\\\/2025\\\/11\\\/12311448rar.jpg\",\"articleSection\":[\"Destaques\",\"Educa\u00e7\u00e3o\"],\"inLanguage\":\"pt-BR\"},{\"@type\":\"WebPage\",\"@id\":\"https:\\\/\\\/ocoerente.com.br\\\/se\\\/2025\\\/11\\\/20\\\/advogado-e-escritor-jose-rollemberg-neto-foi-eleito-por-unanimidade\\\/\",\"url\":\"https:\\\/\\\/ocoerente.com.br\\\/se\\\/2025\\\/11\\\/20\\\/advogado-e-escritor-jose-rollemberg-neto-foi-eleito-por-unanimidade\\\/\",\"name\":\"Advogado e escritor Jos\u00e9 Rollemberg Neto foi eleito, por unanimidade - O Coerente\",\"isPartOf\":{\"@id\":\"https:\\\/\\\/ocoerente.com.br\\\/se\\\/#website\"},\"primaryImageOfPage\":{\"@id\":\"https:\\\/\\\/ocoerente.com.br\\\/se\\\/2025\\\/11\\\/20\\\/advogado-e-escritor-jose-rollemberg-neto-foi-eleito-por-unanimidade\\\/#primaryimage\"},\"image\":{\"@id\":\"https:\\\/\\\/ocoerente.com.br\\\/se\\\/2025\\\/11\\\/20\\\/advogado-e-escritor-jose-rollemberg-neto-foi-eleito-por-unanimidade\\\/#primaryimage\"},\"thumbnailUrl\":\"https:\\\/\\\/ocoerente.com.br\\\/se\\\/wp-content\\\/uploads\\\/2025\\\/11\\\/12311448rar.jpg\",\"datePublished\":\"2025-11-21T02:23:47+00:00\",\"dateModified\":\"2025-11-21T02:23:48+00:00\",\"breadcrumb\":{\"@id\":\"https:\\\/\\\/ocoerente.com.br\\\/se\\\/2025\\\/11\\\/20\\\/advogado-e-escritor-jose-rollemberg-neto-foi-eleito-por-unanimidade\\\/#breadcrumb\"},\"inLanguage\":\"pt-BR\",\"potentialAction\":[{\"@type\":\"ReadAction\",\"target\":[\"https:\\\/\\\/ocoerente.com.br\\\/se\\\/2025\\\/11\\\/20\\\/advogado-e-escritor-jose-rollemberg-neto-foi-eleito-por-unanimidade\\\/\"]}]},{\"@type\":\"ImageObject\",\"inLanguage\":\"pt-BR\",\"@id\":\"https:\\\/\\\/ocoerente.com.br\\\/se\\\/2025\\\/11\\\/20\\\/advogado-e-escritor-jose-rollemberg-neto-foi-eleito-por-unanimidade\\\/#primaryimage\",\"url\":\"https:\\\/\\\/ocoerente.com.br\\\/se\\\/wp-content\\\/uploads\\\/2025\\\/11\\\/12311448rar.jpg\",\"contentUrl\":\"https:\\\/\\\/ocoerente.com.br\\\/se\\\/wp-content\\\/uploads\\\/2025\\\/11\\\/12311448rar.jpg\",\"width\":1305,\"height\":865},{\"@type\":\"BreadcrumbList\",\"@id\":\"https:\\\/\\\/ocoerente.com.br\\\/se\\\/2025\\\/11\\\/20\\\/advogado-e-escritor-jose-rollemberg-neto-foi-eleito-por-unanimidade\\\/#breadcrumb\",\"itemListElement\":[{\"@type\":\"ListItem\",\"position\":1,\"name\":\"In\u00edcio\",\"item\":\"https:\\\/\\\/ocoerente.com.br\\\/se\\\/\"},{\"@type\":\"ListItem\",\"position\":2,\"name\":\"Advogado e escritor Jos\u00e9 Rollemberg Neto foi eleito, por unanimidade\"}]},{\"@type\":\"WebSite\",\"@id\":\"https:\\\/\\\/ocoerente.com.br\\\/se\\\/#website\",\"url\":\"https:\\\/\\\/ocoerente.com.br\\\/se\\\/\",\"name\":\"O Coerente\",\"description\":\"\",\"publisher\":{\"@id\":\"https:\\\/\\\/ocoerente.com.br\\\/se\\\/#\\\/schema\\\/person\\\/cc6bfd9fbca465e23543b0c963d8d037\"},\"potentialAction\":[{\"@type\":\"SearchAction\",\"target\":{\"@type\":\"EntryPoint\",\"urlTemplate\":\"https:\\\/\\\/ocoerente.com.br\\\/se\\\/?s={search_term_string}\"},\"query-input\":{\"@type\":\"PropertyValueSpecification\",\"valueRequired\":true,\"valueName\":\"search_term_string\"}}],\"inLanguage\":\"pt-BR\"},{\"@type\":[\"Person\",\"Organization\"],\"@id\":\"https:\\\/\\\/ocoerente.com.br\\\/se\\\/#\\\/schema\\\/person\\\/cc6bfd9fbca465e23543b0c963d8d037\",\"name\":\"Reda\u00e7\u00e3o\",\"image\":{\"@type\":\"ImageObject\",\"inLanguage\":\"pt-BR\",\"@id\":\"https:\\\/\\\/ocoerente.com.br\\\/se\\\/wp-content\\\/uploads\\\/2020\\\/01\\\/ocoerente-1.png\",\"url\":\"https:\\\/\\\/ocoerente.com.br\\\/se\\\/wp-content\\\/uploads\\\/2020\\\/01\\\/ocoerente-1.png\",\"contentUrl\":\"https:\\\/\\\/ocoerente.com.br\\\/se\\\/wp-content\\\/uploads\\\/2020\\\/01\\\/ocoerente-1.png\",\"width\":50,\"height\":50,\"caption\":\"Reda\u00e7\u00e3o\"},\"logo\":{\"@id\":\"https:\\\/\\\/ocoerente.com.br\\\/se\\\/wp-content\\\/uploads\\\/2020\\\/01\\\/ocoerente-1.png\"},\"url\":\"https:\\\/\\\/ocoerente.com.br\\\/se\\\/author\\\/vasticlsales\\\/\"}]}<\/script>\n<!-- \/ Yoast SEO plugin. -->","yoast_head_json":{"title":"Advogado e escritor Jos\u00e9 Rollemberg Neto foi eleito, por unanimidade - O Coerente","robots":{"index":"index","follow":"follow","max-snippet":"max-snippet:-1","max-image-preview":"max-image-preview:large","max-video-preview":"max-video-preview:-1"},"canonical":"https:\/\/ocoerente.com.br\/se\/2025\/11\/20\/advogado-e-escritor-jose-rollemberg-neto-foi-eleito-por-unanimidade\/","og_locale":"pt_BR","og_type":"article","og_title":"Advogado e escritor Jos\u00e9 Rollemberg Neto foi eleito, por unanimidade - O Coerente","og_description":"O advogado e escritor Jos\u00e9 Rollemberg Neto foi eleito, por unanimidade (33 votos), pelo Col\u00e9gio Eleitoral da Academia Sergipana de Letras, para ocupar a Cadeira n\u00ba 38, anteriormente ocupada pela professora Carmelita Pinto Fontes, em sess\u00e3o realizada nesta segunda-feira, 17 de novembro. O processo foi presidido pelo presidente da Comiss\u00e3o Eleitoral, Ant\u00f4nio Porf\u00edrio de Matos [&hellip;]","og_url":"https:\/\/ocoerente.com.br\/se\/2025\/11\/20\/advogado-e-escritor-jose-rollemberg-neto-foi-eleito-por-unanimidade\/","og_site_name":"O Coerente","article_published_time":"2025-11-21T02:23:47+00:00","article_modified_time":"2025-11-21T02:23:48+00:00","og_image":[{"width":1305,"height":865,"url":"https:\/\/ocoerente.com.br\/se\/wp-content\/uploads\/2025\/11\/12311448rar.jpg","type":"image\/jpeg"}],"author":"Reda\u00e7\u00e3o","twitter_card":"summary_large_image","twitter_misc":{"Escrito por":"Reda\u00e7\u00e3o","Est. tempo de leitura":"1 minuto"},"schema":{"@context":"https:\/\/schema.org","@graph":[{"@type":"Article","@id":"https:\/\/ocoerente.com.br\/se\/2025\/11\/20\/advogado-e-escritor-jose-rollemberg-neto-foi-eleito-por-unanimidade\/#article","isPartOf":{"@id":"https:\/\/ocoerente.com.br\/se\/2025\/11\/20\/advogado-e-escritor-jose-rollemberg-neto-foi-eleito-por-unanimidade\/"},"author":{"name":"Reda\u00e7\u00e3o","@id":"https:\/\/ocoerente.com.br\/se\/#\/schema\/person\/cc6bfd9fbca465e23543b0c963d8d037"},"headline":"Advogado e escritor Jos\u00e9 Rollemberg Neto foi eleito, por unanimidade","datePublished":"2025-11-21T02:23:47+00:00","dateModified":"2025-11-21T02:23:48+00:00","mainEntityOfPage":{"@id":"https:\/\/ocoerente.com.br\/se\/2025\/11\/20\/advogado-e-escritor-jose-rollemberg-neto-foi-eleito-por-unanimidade\/"},"wordCount":134,"publisher":{"@id":"https:\/\/ocoerente.com.br\/se\/#\/schema\/person\/cc6bfd9fbca465e23543b0c963d8d037"},"image":{"@id":"https:\/\/ocoerente.com.br\/se\/2025\/11\/20\/advogado-e-escritor-jose-rollemberg-neto-foi-eleito-por-unanimidade\/#primaryimage"},"thumbnailUrl":"https:\/\/ocoerente.com.br\/se\/wp-content\/uploads\/2025\/11\/12311448rar.jpg","articleSection":["Destaques","Educa\u00e7\u00e3o"],"inLanguage":"pt-BR"},{"@type":"WebPage","@id":"https:\/\/ocoerente.com.br\/se\/2025\/11\/20\/advogado-e-escritor-jose-rollemberg-neto-foi-eleito-por-unanimidade\/","url":"https:\/\/ocoerente.com.br\/se\/2025\/11\/20\/advogado-e-escritor-jose-rollemberg-neto-foi-eleito-por-unanimidade\/","name":"Advogado e escritor Jos\u00e9 Rollemberg Neto foi eleito, por unanimidade - O Coerente","isPartOf":{"@id":"https:\/\/ocoerente.com.br\/se\/#website"},"primaryImageOfPage":{"@id":"https:\/\/ocoerente.com.br\/se\/2025\/11\/20\/advogado-e-escritor-jose-rollemberg-neto-foi-eleito-por-unanimidade\/#primaryimage"},"image":{"@id":"https:\/\/ocoerente.com.br\/se\/2025\/11\/20\/advogado-e-escritor-jose-rollemberg-neto-foi-eleito-por-unanimidade\/#primaryimage"},"thumbnailUrl":"https:\/\/ocoerente.com.br\/se\/wp-content\/uploads\/2025\/11\/12311448rar.jpg","datePublished":"2025-11-21T02:23:47+00:00","dateModified":"2025-11-21T02:23:48+00:00","breadcrumb":{"@id":"https:\/\/ocoerente.com.br\/se\/2025\/11\/20\/advogado-e-escritor-jose-rollemberg-neto-foi-eleito-por-unanimidade\/#breadcrumb"},"inLanguage":"pt-BR","potentialAction":[{"@type":"ReadAction","target":["https:\/\/ocoerente.com.br\/se\/2025\/11\/20\/advogado-e-escritor-jose-rollemberg-neto-foi-eleito-por-unanimidade\/"]}]},{"@type":"ImageObject","inLanguage":"pt-BR","@id":"https:\/\/ocoerente.com.br\/se\/2025\/11\/20\/advogado-e-escritor-jose-rollemberg-neto-foi-eleito-por-unanimidade\/#primaryimage","url":"https:\/\/ocoerente.com.br\/se\/wp-content\/uploads\/2025\/11\/12311448rar.jpg","contentUrl":"https:\/\/ocoerente.com.br\/se\/wp-content\/uploads\/2025\/11\/12311448rar.jpg","width":1305,"height":865},{"@type":"BreadcrumbList","@id":"https:\/\/ocoerente.com.br\/se\/2025\/11\/20\/advogado-e-escritor-jose-rollemberg-neto-foi-eleito-por-unanimidade\/#breadcrumb","itemListElement":[{"@type":"ListItem","position":1,"name":"In\u00edcio","item":"https:\/\/ocoerente.com.br\/se\/"},{"@type":"ListItem","position":2,"name":"Advogado e escritor Jos\u00e9 Rollemberg Neto foi eleito, por unanimidade"}]},{"@type":"WebSite","@id":"https:\/\/ocoerente.com.br\/se\/#website","url":"https:\/\/ocoerente.com.br\/se\/","name":"O Coerente","description":"","publisher":{"@id":"https:\/\/ocoerente.com.br\/se\/#\/schema\/person\/cc6bfd9fbca465e23543b0c963d8d037"},"potentialAction":[{"@type":"SearchAction","target":{"@type":"EntryPoint","urlTemplate":"https:\/\/ocoerente.com.br\/se\/?s={search_term_string}"},"query-input":{"@type":"PropertyValueSpecification","valueRequired":true,"valueName":"search_term_string"}}],"inLanguage":"pt-BR"},{"@type":["Person","Organization"],"@id":"https:\/\/ocoerente.com.br\/se\/#\/schema\/person\/cc6bfd9fbca465e23543b0c963d8d037","name":"Reda\u00e7\u00e3o","image":{"@type":"ImageObject","inLanguage":"pt-BR","@id":"https:\/\/ocoerente.com.br\/se\/wp-content\/uploads\/2020\/01\/ocoerente-1.png","url":"https:\/\/ocoerente.com.br\/se\/wp-content\/uploads\/2020\/01\/ocoerente-1.png","contentUrl":"https:\/\/ocoerente.com.br\/se\/wp-content\/uploads\/2020\/01\/ocoerente-1.png","width":50,"height":50,"caption":"Reda\u00e7\u00e3o"},"logo":{"@id":"https:\/\/ocoerente.com.br\/se\/wp-content\/uploads\/2020\/01\/ocoerente-1.png"},"url":"https:\/\/ocoerente.com.br\/se\/author\/vasticlsales\/"}]}},"_links":{"self":[{"href":"https:\/\/ocoerente.com.br\/se\/wp-json\/wp\/v2\/posts\/17653","targetHints":{"allow":["GET"]}}],"collection":[{"href":"https:\/\/ocoerente.com.br\/se\/wp-json\/wp\/v2\/posts"}],"about":[{"href":"https:\/\/ocoerente.com.br\/se\/wp-json\/wp\/v2\/types\/post"}],"author":[{"embeddable":true,"href":"https:\/\/ocoerente.com.br\/se\/wp-json\/wp\/v2\/users\/1"}],"replies":[{"embeddable":true,"href":"https:\/\/ocoerente.com.br\/se\/wp-json\/wp\/v2\/comments?post=17653"}],"version-history":[{"count":1,"href":"https:\/\/ocoerente.com.br\/se\/wp-json\/wp\/v2\/posts\/17653\/revisions"}],"predecessor-version":[{"id":17655,"href":"https:\/\/ocoerente.com.br\/se\/wp-json\/wp\/v2\/posts\/17653\/revisions\/17655"}],"wp:featuredmedia":[{"embeddable":true,"href":"https:\/\/ocoerente.com.br\/se\/wp-json\/wp\/v2\/media\/17654"}],"wp:attachment":[{"href":"https:\/\/ocoerente.com.br\/se\/wp-json\/wp\/v2\/media?parent=17653"}],"wp:term":[{"taxonomy":"category","embeddable":true,"href":"https:\/\/ocoerente.com.br\/se\/wp-json\/wp\/v2\/categories?post=17653"},{"taxonomy":"post_tag","embeddable":true,"href":"https:\/\/ocoerente.com.br\/se\/wp-json\/wp\/v2\/tags?post=17653"}],"curies":[{"name":"wp","href":"https:\/\/api.w.org\/{rel}","templated":true}]}}