{"id":17650,"date":"2025-11-20T23:17:21","date_gmt":"2025-11-21T02:17:21","guid":{"rendered":"https:\/\/ocoerente.com.br\/se\/?p=17650"},"modified":"2025-11-20T23:17:22","modified_gmt":"2025-11-21T02:17:22","slug":"hemose-inicia-programacao-da-semana-do-doador-para-incentivar-doacao-de-sangue-em-sergipe","status":"publish","type":"post","link":"https:\/\/ocoerente.com.br\/se\/2025\/11\/20\/hemose-inicia-programacao-da-semana-do-doador-para-incentivar-doacao-de-sangue-em-sergipe\/","title":{"rendered":"Hemose inicia programa\u00e7\u00e3o da \u2018Semana do Doador\u2019 para incentivar doa\u00e7\u00e3o de sangue em Sergipe"},"content":{"rendered":"\n<p><em>Campanha refor\u00e7a a import\u00e2ncia da doa\u00e7\u00e3o regular e promove a\u00e7\u00f5es de mobiliza\u00e7\u00e3o em Aracaju<\/em><\/p>\n\n\n\n<p>O Centro de Hemoterapia de Sergipe (Hemose), unidade gerida pela Funda\u00e7\u00e3o de Sa\u00fade Parreiras Horta (FSPH), inicia nesta quarta-feira, 19, a \u2018Semana do Doador\u2019, em alus\u00e3o ao Dia Nacional do Doador de Sangue, celebrado em 25 de novembro. A a\u00e7\u00e3o tem como foco ampliar a conscientiza\u00e7\u00e3o sobre a import\u00e2ncia da doa\u00e7\u00e3o de sangue para manter os estoques que atendem a rede de sa\u00fade do estado.<\/p>\n\n\n\n<p>De acordo com a superintendente do Hemose, Fernanda Kelly Fraga, a data refor\u00e7a a necessidade de doa\u00e7\u00f5es regulares ao longo do ano. \u201cDoar sangue \u00e9 um ato de solidariedade que pode salvar at\u00e9 quatro vidas. Trabalhamos para fidelizar doadores, porque o sangue n\u00e3o pode ser produzido e \u00e9 essencial para abastecer 37 unidades de sa\u00fade, como hospitais regionais, UPAs e maternidades\u201d, destacou.<\/p>\n\n\n\n<p>Dados do Minist\u00e9rio da Sa\u00fade indicam que entre 85% e 90% da popula\u00e7\u00e3o brasileira possui fator Rh positivo, enquanto apenas 10% a 15% t\u00eam Rh negativo, dificultando a reposi\u00e7\u00e3o regular desse tipo sangu\u00edneo. O grupo O positivo \u00e9 o mais comum, presente em cerca de 36% da popula\u00e7\u00e3o, seguido pelo A positivo, com aproximadamente 34%. J\u00e1 o O negativo representa apenas 9%. No entanto, apenas cerca de 1,6% da popula\u00e7\u00e3o brasileira \u00e9 doadora de sangue, um percentual abaixo do ideal, que varia entre 3% e 4%.<\/p>\n\n\n\n<p><strong>Crit\u00e9rios para doar sangue<\/strong><\/p>\n\n\n\n<p>Para ser um doador de sangue, \u00e9 preciso estar bem de sa\u00fade, sem qualquer sintoma de gripe ou resfriado, ter entre 16 e 69 anos de idade, pesar acima de 50 quilos e apresentar um documento oficial com foto. Menores de 18 anos s\u00f3 podem doar mediante apresenta\u00e7\u00e3o do termo de autoriza\u00e7\u00e3o dos pais ou respons\u00e1vel legal, dispon\u00edvel no site do Hemose. Homens podem doar at\u00e9 quatro vezes ao ano com intervalos m\u00ednimos de 60 dias. J\u00e1 as mulheres podem fazer tr\u00eas doa\u00e7\u00f5es anuais, com intervalos de 90 dias entre cada uma.<\/p>\n\n\n\n<p><strong>Programa\u00e7\u00e3o<\/strong><\/p>\n\n\n\n<p>Nesta quarta-feira, 19, ocorrer\u00e1 uma gincana educacional no Centro de Excel\u00eancia Professor Jo\u00e3o Costa intitulada \u201cVidas em A\u00e7\u00e3o\u201d. Na mesma data, tamb\u00e9m ser\u00e1 realizada uma coleta externa no Tribunal Regional Eleitoral de Sergipe e uma a\u00e7\u00e3o em parceria com o Gacc, no posto de coleta do Shopping Jardins. No dia 21, haver\u00e1 doa\u00e7\u00e3o de sangue no Hemose e, no dia 24, grupos em campanha participar\u00e3o de atividades no Hemose e no posto de coleta instalado no Shopping Jardins. O encerramento da Semana do Doador ser\u00e1 na ter\u00e7a-feira, 25, com homenagens aos doadores e institui\u00e7\u00f5es parceiras, no Hemose.<\/p>\n\n\n\n<p><strong>Dia do Doador<\/strong><\/p>\n\n\n\n<p>O Dia Nacional do Doador Volunt\u00e1rio de Sangue, celebrado em 25 de novembro, foi institu\u00eddo pelo Decreto n\u00ba 53.988, de 30 de junho de 1964. A data homenageia os volunt\u00e1rios e estimula a popula\u00e7\u00e3o a adotar a doa\u00e7\u00e3o de sangue como um gesto cont\u00ednuo de solidariedade.<\/p>\n\n\n\n<p>Governo de Sergipe<\/p>\n","protected":false},"excerpt":{"rendered":"<p>Campanha refor\u00e7a a import\u00e2ncia da doa\u00e7\u00e3o regular e promove a\u00e7\u00f5es de mobiliza\u00e7\u00e3o em Aracaju O Centro de Hemoterapia de Sergipe (Hemose), unidade gerida pela Funda\u00e7\u00e3o de Sa\u00fade Parreiras Horta (FSPH), inicia nesta quarta-feira, 19, a \u2018Semana do Doador\u2019, em alus\u00e3o ao Dia Nacional do Doador de Sangue, celebrado em 25 de novembro. A a\u00e7\u00e3o tem [&hellip;]<\/p>\n","protected":false},"author":1,"featured_media":17651,"comment_status":"closed","ping_status":"closed","sticky":false,"template":"","format":"standard","meta":{"footnotes":""},"categories":[53,54],"tags":[],"class_list":["post-17650","post","type-post","status-publish","format-standard","has-post-thumbnail","hentry","category-destaques","category-saude"],"yoast_head":"<!-- This site is optimized with the Yoast SEO plugin v27.5 - https:\/\/yoast.com\/product\/yoast-seo-wordpress\/ -->\n<title>Hemose inicia programa\u00e7\u00e3o da \u2018Semana do Doador\u2019 para incentivar doa\u00e7\u00e3o de sangue em Sergipe - O Coerente<\/title>\n<meta name=\"robots\" content=\"index, follow, max-snippet:-1, max-image-preview:large, max-video-preview:-1\" \/>\n<link rel=\"canonical\" href=\"https:\/\/ocoerente.com.br\/se\/2025\/11\/20\/hemose-inicia-programacao-da-semana-do-doador-para-incentivar-doacao-de-sangue-em-sergipe\/\" \/>\n<meta property=\"og:locale\" content=\"pt_BR\" \/>\n<meta property=\"og:type\" content=\"article\" \/>\n<meta property=\"og:title\" content=\"Hemose inicia programa\u00e7\u00e3o da \u2018Semana do Doador\u2019 para incentivar doa\u00e7\u00e3o de sangue em Sergipe - O Coerente\" \/>\n<meta property=\"og:description\" content=\"Campanha refor\u00e7a a import\u00e2ncia da doa\u00e7\u00e3o regular e promove a\u00e7\u00f5es de mobiliza\u00e7\u00e3o em Aracaju O Centro de Hemoterapia de Sergipe (Hemose), unidade gerida pela Funda\u00e7\u00e3o de Sa\u00fade Parreiras Horta (FSPH), inicia nesta quarta-feira, 19, a \u2018Semana do Doador\u2019, em alus\u00e3o ao Dia Nacional do Doador de Sangue, celebrado em 25 de novembro. A a\u00e7\u00e3o tem [&hellip;]\" \/>\n<meta property=\"og:url\" content=\"https:\/\/ocoerente.com.br\/se\/2025\/11\/20\/hemose-inicia-programacao-da-semana-do-doador-para-incentivar-doacao-de-sangue-em-sergipe\/\" \/>\n<meta property=\"og:site_name\" content=\"O Coerente\" \/>\n<meta property=\"article:published_time\" content=\"2025-11-21T02:17:21+00:00\" \/>\n<meta property=\"article:modified_time\" content=\"2025-11-21T02:17:22+00:00\" \/>\n<meta property=\"og:image\" content=\"https:\/\/ocoerente.com.br\/se\/wp-content\/uploads\/2025\/11\/5c1791e1089737.jpg\" \/>\n\t<meta property=\"og:image:width\" content=\"1100\" \/>\n\t<meta property=\"og:image:height\" content=\"610\" \/>\n\t<meta property=\"og:image:type\" content=\"image\/jpeg\" \/>\n<meta name=\"author\" content=\"Reda\u00e7\u00e3o\" \/>\n<meta name=\"twitter:card\" content=\"summary_large_image\" \/>\n<meta name=\"twitter:label1\" content=\"Escrito por\" \/>\n\t<meta name=\"twitter:data1\" content=\"Reda\u00e7\u00e3o\" \/>\n\t<meta name=\"twitter:label2\" content=\"Est. tempo de leitura\" \/>\n\t<meta name=\"twitter:data2\" content=\"3 minutos\" \/>\n<script type=\"application\/ld+json\" class=\"yoast-schema-graph\">{\"@context\":\"https:\\\/\\\/schema.org\",\"@graph\":[{\"@type\":\"Article\",\"@id\":\"https:\\\/\\\/ocoerente.com.br\\\/se\\\/2025\\\/11\\\/20\\\/hemose-inicia-programacao-da-semana-do-doador-para-incentivar-doacao-de-sangue-em-sergipe\\\/#article\",\"isPartOf\":{\"@id\":\"https:\\\/\\\/ocoerente.com.br\\\/se\\\/2025\\\/11\\\/20\\\/hemose-inicia-programacao-da-semana-do-doador-para-incentivar-doacao-de-sangue-em-sergipe\\\/\"},\"author\":{\"name\":\"Reda\u00e7\u00e3o\",\"@id\":\"https:\\\/\\\/ocoerente.com.br\\\/se\\\/#\\\/schema\\\/person\\\/cc6bfd9fbca465e23543b0c963d8d037\"},\"headline\":\"Hemose inicia programa\u00e7\u00e3o da \u2018Semana do Doador\u2019 para incentivar doa\u00e7\u00e3o de sangue em Sergipe\",\"datePublished\":\"2025-11-21T02:17:21+00:00\",\"dateModified\":\"2025-11-21T02:17:22+00:00\",\"mainEntityOfPage\":{\"@id\":\"https:\\\/\\\/ocoerente.com.br\\\/se\\\/2025\\\/11\\\/20\\\/hemose-inicia-programacao-da-semana-do-doador-para-incentivar-doacao-de-sangue-em-sergipe\\\/\"},\"wordCount\":507,\"publisher\":{\"@id\":\"https:\\\/\\\/ocoerente.com.br\\\/se\\\/#\\\/schema\\\/person\\\/cc6bfd9fbca465e23543b0c963d8d037\"},\"image\":{\"@id\":\"https:\\\/\\\/ocoerente.com.br\\\/se\\\/2025\\\/11\\\/20\\\/hemose-inicia-programacao-da-semana-do-doador-para-incentivar-doacao-de-sangue-em-sergipe\\\/#primaryimage\"},\"thumbnailUrl\":\"https:\\\/\\\/ocoerente.com.br\\\/se\\\/wp-content\\\/uploads\\\/2025\\\/11\\\/5c1791e1089737.jpg\",\"articleSection\":[\"Destaques\",\"Sa\u00fade\"],\"inLanguage\":\"pt-BR\"},{\"@type\":\"WebPage\",\"@id\":\"https:\\\/\\\/ocoerente.com.br\\\/se\\\/2025\\\/11\\\/20\\\/hemose-inicia-programacao-da-semana-do-doador-para-incentivar-doacao-de-sangue-em-sergipe\\\/\",\"url\":\"https:\\\/\\\/ocoerente.com.br\\\/se\\\/2025\\\/11\\\/20\\\/hemose-inicia-programacao-da-semana-do-doador-para-incentivar-doacao-de-sangue-em-sergipe\\\/\",\"name\":\"Hemose inicia programa\u00e7\u00e3o da \u2018Semana do Doador\u2019 para incentivar doa\u00e7\u00e3o de sangue em Sergipe - O Coerente\",\"isPartOf\":{\"@id\":\"https:\\\/\\\/ocoerente.com.br\\\/se\\\/#website\"},\"primaryImageOfPage\":{\"@id\":\"https:\\\/\\\/ocoerente.com.br\\\/se\\\/2025\\\/11\\\/20\\\/hemose-inicia-programacao-da-semana-do-doador-para-incentivar-doacao-de-sangue-em-sergipe\\\/#primaryimage\"},\"image\":{\"@id\":\"https:\\\/\\\/ocoerente.com.br\\\/se\\\/2025\\\/11\\\/20\\\/hemose-inicia-programacao-da-semana-do-doador-para-incentivar-doacao-de-sangue-em-sergipe\\\/#primaryimage\"},\"thumbnailUrl\":\"https:\\\/\\\/ocoerente.com.br\\\/se\\\/wp-content\\\/uploads\\\/2025\\\/11\\\/5c1791e1089737.jpg\",\"datePublished\":\"2025-11-21T02:17:21+00:00\",\"dateModified\":\"2025-11-21T02:17:22+00:00\",\"breadcrumb\":{\"@id\":\"https:\\\/\\\/ocoerente.com.br\\\/se\\\/2025\\\/11\\\/20\\\/hemose-inicia-programacao-da-semana-do-doador-para-incentivar-doacao-de-sangue-em-sergipe\\\/#breadcrumb\"},\"inLanguage\":\"pt-BR\",\"potentialAction\":[{\"@type\":\"ReadAction\",\"target\":[\"https:\\\/\\\/ocoerente.com.br\\\/se\\\/2025\\\/11\\\/20\\\/hemose-inicia-programacao-da-semana-do-doador-para-incentivar-doacao-de-sangue-em-sergipe\\\/\"]}]},{\"@type\":\"ImageObject\",\"inLanguage\":\"pt-BR\",\"@id\":\"https:\\\/\\\/ocoerente.com.br\\\/se\\\/2025\\\/11\\\/20\\\/hemose-inicia-programacao-da-semana-do-doador-para-incentivar-doacao-de-sangue-em-sergipe\\\/#primaryimage\",\"url\":\"https:\\\/\\\/ocoerente.com.br\\\/se\\\/wp-content\\\/uploads\\\/2025\\\/11\\\/5c1791e1089737.jpg\",\"contentUrl\":\"https:\\\/\\\/ocoerente.com.br\\\/se\\\/wp-content\\\/uploads\\\/2025\\\/11\\\/5c1791e1089737.jpg\",\"width\":1100,\"height\":610,\"caption\":\"Campanha refor\u00e7a a import\u00e2ncia da doa\u00e7\u00e3o regular e promove a\u00e7\u00f5es de mobiliza\u00e7\u00e3o em Aracaju \\\/ Fotos: Ascom FSPH\"},{\"@type\":\"BreadcrumbList\",\"@id\":\"https:\\\/\\\/ocoerente.com.br\\\/se\\\/2025\\\/11\\\/20\\\/hemose-inicia-programacao-da-semana-do-doador-para-incentivar-doacao-de-sangue-em-sergipe\\\/#breadcrumb\",\"itemListElement\":[{\"@type\":\"ListItem\",\"position\":1,\"name\":\"In\u00edcio\",\"item\":\"https:\\\/\\\/ocoerente.com.br\\\/se\\\/\"},{\"@type\":\"ListItem\",\"position\":2,\"name\":\"Hemose inicia programa\u00e7\u00e3o da \u2018Semana do Doador\u2019 para incentivar doa\u00e7\u00e3o de sangue em Sergipe\"}]},{\"@type\":\"WebSite\",\"@id\":\"https:\\\/\\\/ocoerente.com.br\\\/se\\\/#website\",\"url\":\"https:\\\/\\\/ocoerente.com.br\\\/se\\\/\",\"name\":\"O Coerente\",\"description\":\"\",\"publisher\":{\"@id\":\"https:\\\/\\\/ocoerente.com.br\\\/se\\\/#\\\/schema\\\/person\\\/cc6bfd9fbca465e23543b0c963d8d037\"},\"potentialAction\":[{\"@type\":\"SearchAction\",\"target\":{\"@type\":\"EntryPoint\",\"urlTemplate\":\"https:\\\/\\\/ocoerente.com.br\\\/se\\\/?s={search_term_string}\"},\"query-input\":{\"@type\":\"PropertyValueSpecification\",\"valueRequired\":true,\"valueName\":\"search_term_string\"}}],\"inLanguage\":\"pt-BR\"},{\"@type\":[\"Person\",\"Organization\"],\"@id\":\"https:\\\/\\\/ocoerente.com.br\\\/se\\\/#\\\/schema\\\/person\\\/cc6bfd9fbca465e23543b0c963d8d037\",\"name\":\"Reda\u00e7\u00e3o\",\"image\":{\"@type\":\"ImageObject\",\"inLanguage\":\"pt-BR\",\"@id\":\"https:\\\/\\\/ocoerente.com.br\\\/se\\\/wp-content\\\/uploads\\\/2020\\\/01\\\/ocoerente-1.png\",\"url\":\"https:\\\/\\\/ocoerente.com.br\\\/se\\\/wp-content\\\/uploads\\\/2020\\\/01\\\/ocoerente-1.png\",\"contentUrl\":\"https:\\\/\\\/ocoerente.com.br\\\/se\\\/wp-content\\\/uploads\\\/2020\\\/01\\\/ocoerente-1.png\",\"width\":50,\"height\":50,\"caption\":\"Reda\u00e7\u00e3o\"},\"logo\":{\"@id\":\"https:\\\/\\\/ocoerente.com.br\\\/se\\\/wp-content\\\/uploads\\\/2020\\\/01\\\/ocoerente-1.png\"},\"url\":\"https:\\\/\\\/ocoerente.com.br\\\/se\\\/author\\\/vasticlsales\\\/\"}]}<\/script>\n<!-- \/ Yoast SEO plugin. -->","yoast_head_json":{"title":"Hemose inicia programa\u00e7\u00e3o da \u2018Semana do Doador\u2019 para incentivar doa\u00e7\u00e3o de sangue em Sergipe - O Coerente","robots":{"index":"index","follow":"follow","max-snippet":"max-snippet:-1","max-image-preview":"max-image-preview:large","max-video-preview":"max-video-preview:-1"},"canonical":"https:\/\/ocoerente.com.br\/se\/2025\/11\/20\/hemose-inicia-programacao-da-semana-do-doador-para-incentivar-doacao-de-sangue-em-sergipe\/","og_locale":"pt_BR","og_type":"article","og_title":"Hemose inicia programa\u00e7\u00e3o da \u2018Semana do Doador\u2019 para incentivar doa\u00e7\u00e3o de sangue em Sergipe - O Coerente","og_description":"Campanha refor\u00e7a a import\u00e2ncia da doa\u00e7\u00e3o regular e promove a\u00e7\u00f5es de mobiliza\u00e7\u00e3o em Aracaju O Centro de Hemoterapia de Sergipe (Hemose), unidade gerida pela Funda\u00e7\u00e3o de Sa\u00fade Parreiras Horta (FSPH), inicia nesta quarta-feira, 19, a \u2018Semana do Doador\u2019, em alus\u00e3o ao Dia Nacional do Doador de Sangue, celebrado em 25 de novembro. A a\u00e7\u00e3o tem [&hellip;]","og_url":"https:\/\/ocoerente.com.br\/se\/2025\/11\/20\/hemose-inicia-programacao-da-semana-do-doador-para-incentivar-doacao-de-sangue-em-sergipe\/","og_site_name":"O Coerente","article_published_time":"2025-11-21T02:17:21+00:00","article_modified_time":"2025-11-21T02:17:22+00:00","og_image":[{"width":1100,"height":610,"url":"https:\/\/ocoerente.com.br\/se\/wp-content\/uploads\/2025\/11\/5c1791e1089737.jpg","type":"image\/jpeg"}],"author":"Reda\u00e7\u00e3o","twitter_card":"summary_large_image","twitter_misc":{"Escrito por":"Reda\u00e7\u00e3o","Est. tempo de leitura":"3 minutos"},"schema":{"@context":"https:\/\/schema.org","@graph":[{"@type":"Article","@id":"https:\/\/ocoerente.com.br\/se\/2025\/11\/20\/hemose-inicia-programacao-da-semana-do-doador-para-incentivar-doacao-de-sangue-em-sergipe\/#article","isPartOf":{"@id":"https:\/\/ocoerente.com.br\/se\/2025\/11\/20\/hemose-inicia-programacao-da-semana-do-doador-para-incentivar-doacao-de-sangue-em-sergipe\/"},"author":{"name":"Reda\u00e7\u00e3o","@id":"https:\/\/ocoerente.com.br\/se\/#\/schema\/person\/cc6bfd9fbca465e23543b0c963d8d037"},"headline":"Hemose inicia programa\u00e7\u00e3o da \u2018Semana do Doador\u2019 para incentivar doa\u00e7\u00e3o de sangue em Sergipe","datePublished":"2025-11-21T02:17:21+00:00","dateModified":"2025-11-21T02:17:22+00:00","mainEntityOfPage":{"@id":"https:\/\/ocoerente.com.br\/se\/2025\/11\/20\/hemose-inicia-programacao-da-semana-do-doador-para-incentivar-doacao-de-sangue-em-sergipe\/"},"wordCount":507,"publisher":{"@id":"https:\/\/ocoerente.com.br\/se\/#\/schema\/person\/cc6bfd9fbca465e23543b0c963d8d037"},"image":{"@id":"https:\/\/ocoerente.com.br\/se\/2025\/11\/20\/hemose-inicia-programacao-da-semana-do-doador-para-incentivar-doacao-de-sangue-em-sergipe\/#primaryimage"},"thumbnailUrl":"https:\/\/ocoerente.com.br\/se\/wp-content\/uploads\/2025\/11\/5c1791e1089737.jpg","articleSection":["Destaques","Sa\u00fade"],"inLanguage":"pt-BR"},{"@type":"WebPage","@id":"https:\/\/ocoerente.com.br\/se\/2025\/11\/20\/hemose-inicia-programacao-da-semana-do-doador-para-incentivar-doacao-de-sangue-em-sergipe\/","url":"https:\/\/ocoerente.com.br\/se\/2025\/11\/20\/hemose-inicia-programacao-da-semana-do-doador-para-incentivar-doacao-de-sangue-em-sergipe\/","name":"Hemose inicia programa\u00e7\u00e3o da \u2018Semana do Doador\u2019 para incentivar doa\u00e7\u00e3o de sangue em Sergipe - O Coerente","isPartOf":{"@id":"https:\/\/ocoerente.com.br\/se\/#website"},"primaryImageOfPage":{"@id":"https:\/\/ocoerente.com.br\/se\/2025\/11\/20\/hemose-inicia-programacao-da-semana-do-doador-para-incentivar-doacao-de-sangue-em-sergipe\/#primaryimage"},"image":{"@id":"https:\/\/ocoerente.com.br\/se\/2025\/11\/20\/hemose-inicia-programacao-da-semana-do-doador-para-incentivar-doacao-de-sangue-em-sergipe\/#primaryimage"},"thumbnailUrl":"https:\/\/ocoerente.com.br\/se\/wp-content\/uploads\/2025\/11\/5c1791e1089737.jpg","datePublished":"2025-11-21T02:17:21+00:00","dateModified":"2025-11-21T02:17:22+00:00","breadcrumb":{"@id":"https:\/\/ocoerente.com.br\/se\/2025\/11\/20\/hemose-inicia-programacao-da-semana-do-doador-para-incentivar-doacao-de-sangue-em-sergipe\/#breadcrumb"},"inLanguage":"pt-BR","potentialAction":[{"@type":"ReadAction","target":["https:\/\/ocoerente.com.br\/se\/2025\/11\/20\/hemose-inicia-programacao-da-semana-do-doador-para-incentivar-doacao-de-sangue-em-sergipe\/"]}]},{"@type":"ImageObject","inLanguage":"pt-BR","@id":"https:\/\/ocoerente.com.br\/se\/2025\/11\/20\/hemose-inicia-programacao-da-semana-do-doador-para-incentivar-doacao-de-sangue-em-sergipe\/#primaryimage","url":"https:\/\/ocoerente.com.br\/se\/wp-content\/uploads\/2025\/11\/5c1791e1089737.jpg","contentUrl":"https:\/\/ocoerente.com.br\/se\/wp-content\/uploads\/2025\/11\/5c1791e1089737.jpg","width":1100,"height":610,"caption":"Campanha refor\u00e7a a import\u00e2ncia da doa\u00e7\u00e3o regular e promove a\u00e7\u00f5es de mobiliza\u00e7\u00e3o em Aracaju \/ Fotos: Ascom FSPH"},{"@type":"BreadcrumbList","@id":"https:\/\/ocoerente.com.br\/se\/2025\/11\/20\/hemose-inicia-programacao-da-semana-do-doador-para-incentivar-doacao-de-sangue-em-sergipe\/#breadcrumb","itemListElement":[{"@type":"ListItem","position":1,"name":"In\u00edcio","item":"https:\/\/ocoerente.com.br\/se\/"},{"@type":"ListItem","position":2,"name":"Hemose inicia programa\u00e7\u00e3o da \u2018Semana do Doador\u2019 para incentivar doa\u00e7\u00e3o de sangue em Sergipe"}]},{"@type":"WebSite","@id":"https:\/\/ocoerente.com.br\/se\/#website","url":"https:\/\/ocoerente.com.br\/se\/","name":"O Coerente","description":"","publisher":{"@id":"https:\/\/ocoerente.com.br\/se\/#\/schema\/person\/cc6bfd9fbca465e23543b0c963d8d037"},"potentialAction":[{"@type":"SearchAction","target":{"@type":"EntryPoint","urlTemplate":"https:\/\/ocoerente.com.br\/se\/?s={search_term_string}"},"query-input":{"@type":"PropertyValueSpecification","valueRequired":true,"valueName":"search_term_string"}}],"inLanguage":"pt-BR"},{"@type":["Person","Organization"],"@id":"https:\/\/ocoerente.com.br\/se\/#\/schema\/person\/cc6bfd9fbca465e23543b0c963d8d037","name":"Reda\u00e7\u00e3o","image":{"@type":"ImageObject","inLanguage":"pt-BR","@id":"https:\/\/ocoerente.com.br\/se\/wp-content\/uploads\/2020\/01\/ocoerente-1.png","url":"https:\/\/ocoerente.com.br\/se\/wp-content\/uploads\/2020\/01\/ocoerente-1.png","contentUrl":"https:\/\/ocoerente.com.br\/se\/wp-content\/uploads\/2020\/01\/ocoerente-1.png","width":50,"height":50,"caption":"Reda\u00e7\u00e3o"},"logo":{"@id":"https:\/\/ocoerente.com.br\/se\/wp-content\/uploads\/2020\/01\/ocoerente-1.png"},"url":"https:\/\/ocoerente.com.br\/se\/author\/vasticlsales\/"}]}},"_links":{"self":[{"href":"https:\/\/ocoerente.com.br\/se\/wp-json\/wp\/v2\/posts\/17650","targetHints":{"allow":["GET"]}}],"collection":[{"href":"https:\/\/ocoerente.com.br\/se\/wp-json\/wp\/v2\/posts"}],"about":[{"href":"https:\/\/ocoerente.com.br\/se\/wp-json\/wp\/v2\/types\/post"}],"author":[{"embeddable":true,"href":"https:\/\/ocoerente.com.br\/se\/wp-json\/wp\/v2\/users\/1"}],"replies":[{"embeddable":true,"href":"https:\/\/ocoerente.com.br\/se\/wp-json\/wp\/v2\/comments?post=17650"}],"version-history":[{"count":1,"href":"https:\/\/ocoerente.com.br\/se\/wp-json\/wp\/v2\/posts\/17650\/revisions"}],"predecessor-version":[{"id":17652,"href":"https:\/\/ocoerente.com.br\/se\/wp-json\/wp\/v2\/posts\/17650\/revisions\/17652"}],"wp:featuredmedia":[{"embeddable":true,"href":"https:\/\/ocoerente.com.br\/se\/wp-json\/wp\/v2\/media\/17651"}],"wp:attachment":[{"href":"https:\/\/ocoerente.com.br\/se\/wp-json\/wp\/v2\/media?parent=17650"}],"wp:term":[{"taxonomy":"category","embeddable":true,"href":"https:\/\/ocoerente.com.br\/se\/wp-json\/wp\/v2\/categories?post=17650"},{"taxonomy":"post_tag","embeddable":true,"href":"https:\/\/ocoerente.com.br\/se\/wp-json\/wp\/v2\/tags?post=17650"}],"curies":[{"name":"wp","href":"https:\/\/api.w.org\/{rel}","templated":true}]}}