{"id":17647,"date":"2025-11-20T23:15:48","date_gmt":"2025-11-21T02:15:48","guid":{"rendered":"https:\/\/ocoerente.com.br\/se\/?p=17647"},"modified":"2025-11-20T23:15:49","modified_gmt":"2025-11-21T02:15:49","slug":"sergipe-se-destaca-no-chile-ao-apresentar-dados-de-reducao-da-fome-e-estruturacao-da-seguranca-alimentar","status":"publish","type":"post","link":"https:\/\/ocoerente.com.br\/se\/2025\/11\/20\/sergipe-se-destaca-no-chile-ao-apresentar-dados-de-reducao-da-fome-e-estruturacao-da-seguranca-alimentar\/","title":{"rendered":"Sergipe se destaca no Chile ao apresentar dados de redu\u00e7\u00e3o da fome e estrutura\u00e7\u00e3o da seguran\u00e7a alimentar"},"content":{"rendered":"\n<p><em>Estado foi o \u00fanico do Brasil a participar da programa\u00e7\u00e3o cient\u00edfica do Congresso Latino-Americano de Estudos Sociais sobre Alimenta\u00e7\u00e3o<\/em><\/p>\n\n\n\n<p>Sergipe foi o \u00fanico estado brasileiro inclu\u00eddo na programa\u00e7\u00e3o cient\u00edfica do Congresso Latino-Americano de Estudos Sociais sobre Alimenta\u00e7\u00e3o, realizado na Universidade Aut\u00f3noma de Chile, em Santiago. A equipe da Secretaria de Assist\u00eancia Social, Inclus\u00e3o e Cidadania (Seasic) apresentou, em ingl\u00eas, a evolu\u00e7\u00e3o dos indicadores de inseguran\u00e7a alimentar no estado e o conjunto de pol\u00edticas que sustentam os resultados recentes.<\/p>\n\n\n\n<p>Segundo o panorama exposto, Sergipe reduziu a inseguran\u00e7a alimentar grave de 30% em 2021\/2022 para 5,5% em 2023 e 4% em 2024, segundo a Pesquisa Nacional por Amostra de Domic\u00edlios Cont\u00ednua (Pnad) Cont\u00ednua. A queda foi destacada por pesquisadores por superar a m\u00e9dia nacional. O estado tamb\u00e9m atingiu a ades\u00e3o de 100% dos munic\u00edpios ao Sistema de Seguran\u00e7a Alimentar e Nutricional (Sisan), apontado como fator determinante para a coordena\u00e7\u00e3o das a\u00e7\u00f5es.<\/p>\n\n\n\n<p>A comitiva exibiu um v\u00eddeo curto em espanhol, produzido especialmente para o congresso, com imagens de pontos tur\u00edsticos sergipanos. O material funcionou como introdu\u00e7\u00e3o \u00e0 apresenta\u00e7\u00e3o.<\/p>\n\n\n\n<p>A secret\u00e1ria de Estado da Assist\u00eancia Social, Inclus\u00e3o e Cidadania, \u00c9rica Mitidieri, destacou que os resultados s\u00e3o fruto da organiza\u00e7\u00e3o das pol\u00edticas p\u00fablicas estaduais. \u201cOs dados que apresentamos refletem um esfor\u00e7o cont\u00ednuo de organiza\u00e7\u00e3o das pol\u00edticas p\u00fablicas. Reduzir a inseguran\u00e7a alimentar n\u00e3o depende de a\u00e7\u00f5es isoladas, mas de coordena\u00e7\u00e3o e perman\u00eancia. Sergipe avan\u00e7ou porque tratamos esse tema como prioridade de Estado\u201d, afirmou.<\/p>\n\n\n\n<p>A nutricionista J\u00e9ssica Bel\u00e9m apresentou os indicadores do programa Prato do Povo, respons\u00e1vel pela distribui\u00e7\u00e3o di\u00e1ria de refei\u00e7\u00f5es prontas em munic\u00edpios sergipanos.<\/p>\n\n\n\n<p>\u201cA refei\u00e7\u00e3o di\u00e1ria tem impacto imediato na redu\u00e7\u00e3o do risco alimentar. \u00c9 um servi\u00e7o que responde \u00e0 necessidade urgente das fam\u00edlias\u201d, explicou.<\/p>\n\n\n\n<p>O agr\u00f4nomo Luiz Campos detalhou a execu\u00e7\u00e3o do Programa de Aquisi\u00e7\u00e3o de Alimentos (PAA) Federal e as bases do Programa Estadual de Aquisi\u00e7\u00e3o de Alimentos (PEAA), que ser\u00e1 implantado em Sergipe. \u201cAs compras p\u00fablicas estruturam o elo entre quem produz e quem recebe alimento. \u00c9 um mecanismo que organiza a pol\u00edtica e d\u00e1 estabilidade aos resultados\u201d, ressaltou.<\/p>\n\n\n\n<p>Governo de Sergipe<\/p>\n","protected":false},"excerpt":{"rendered":"<p>Estado foi o \u00fanico do Brasil a participar da programa\u00e7\u00e3o cient\u00edfica do Congresso Latino-Americano de Estudos Sociais sobre Alimenta\u00e7\u00e3o Sergipe foi o \u00fanico estado brasileiro inclu\u00eddo na programa\u00e7\u00e3o cient\u00edfica do Congresso Latino-Americano de Estudos Sociais sobre Alimenta\u00e7\u00e3o, realizado na Universidade Aut\u00f3noma de Chile, em Santiago. A equipe da Secretaria de Assist\u00eancia Social, Inclus\u00e3o e Cidadania [&hellip;]<\/p>\n","protected":false},"author":1,"featured_media":17648,"comment_status":"closed","ping_status":"closed","sticky":false,"template":"","format":"standard","meta":{"footnotes":""},"categories":[53,49],"tags":[],"class_list":["post-17647","post","type-post","status-publish","format-standard","has-post-thumbnail","hentry","category-destaques","category-mundo"],"yoast_head":"<!-- This site is optimized with the Yoast SEO plugin v27.5 - https:\/\/yoast.com\/product\/yoast-seo-wordpress\/ -->\n<title>Sergipe se destaca no Chile ao apresentar dados de redu\u00e7\u00e3o da fome e estrutura\u00e7\u00e3o da seguran\u00e7a alimentar - O Coerente<\/title>\n<meta name=\"robots\" content=\"index, follow, max-snippet:-1, max-image-preview:large, max-video-preview:-1\" \/>\n<link rel=\"canonical\" href=\"https:\/\/ocoerente.com.br\/se\/2025\/11\/20\/sergipe-se-destaca-no-chile-ao-apresentar-dados-de-reducao-da-fome-e-estruturacao-da-seguranca-alimentar\/\" \/>\n<meta property=\"og:locale\" content=\"pt_BR\" \/>\n<meta property=\"og:type\" content=\"article\" \/>\n<meta property=\"og:title\" content=\"Sergipe se destaca no Chile ao apresentar dados de redu\u00e7\u00e3o da fome e estrutura\u00e7\u00e3o da seguran\u00e7a alimentar - O Coerente\" \/>\n<meta property=\"og:description\" content=\"Estado foi o \u00fanico do Brasil a participar da programa\u00e7\u00e3o cient\u00edfica do Congresso Latino-Americano de Estudos Sociais sobre Alimenta\u00e7\u00e3o Sergipe foi o \u00fanico estado brasileiro inclu\u00eddo na programa\u00e7\u00e3o cient\u00edfica do Congresso Latino-Americano de Estudos Sociais sobre Alimenta\u00e7\u00e3o, realizado na Universidade Aut\u00f3noma de Chile, em Santiago. A equipe da Secretaria de Assist\u00eancia Social, Inclus\u00e3o e Cidadania [&hellip;]\" \/>\n<meta property=\"og:url\" content=\"https:\/\/ocoerente.com.br\/se\/2025\/11\/20\/sergipe-se-destaca-no-chile-ao-apresentar-dados-de-reducao-da-fome-e-estruturacao-da-seguranca-alimentar\/\" \/>\n<meta property=\"og:site_name\" content=\"O Coerente\" \/>\n<meta property=\"article:published_time\" content=\"2025-11-21T02:15:48+00:00\" \/>\n<meta property=\"article:modified_time\" content=\"2025-11-21T02:15:49+00:00\" \/>\n<meta property=\"og:image\" content=\"https:\/\/ocoerente.com.br\/se\/wp-content\/uploads\/2025\/11\/ace07a2ff6e593.jpeg\" \/>\n\t<meta property=\"og:image:width\" content=\"1100\" \/>\n\t<meta property=\"og:image:height\" content=\"610\" \/>\n\t<meta property=\"og:image:type\" content=\"image\/jpeg\" \/>\n<meta name=\"author\" content=\"Reda\u00e7\u00e3o\" \/>\n<meta name=\"twitter:card\" content=\"summary_large_image\" \/>\n<meta name=\"twitter:label1\" content=\"Escrito por\" \/>\n\t<meta name=\"twitter:data1\" content=\"Reda\u00e7\u00e3o\" \/>\n\t<meta name=\"twitter:label2\" content=\"Est. tempo de leitura\" \/>\n\t<meta name=\"twitter:data2\" content=\"3 minutos\" \/>\n<script type=\"application\/ld+json\" class=\"yoast-schema-graph\">{\"@context\":\"https:\\\/\\\/schema.org\",\"@graph\":[{\"@type\":\"Article\",\"@id\":\"https:\\\/\\\/ocoerente.com.br\\\/se\\\/2025\\\/11\\\/20\\\/sergipe-se-destaca-no-chile-ao-apresentar-dados-de-reducao-da-fome-e-estruturacao-da-seguranca-alimentar\\\/#article\",\"isPartOf\":{\"@id\":\"https:\\\/\\\/ocoerente.com.br\\\/se\\\/2025\\\/11\\\/20\\\/sergipe-se-destaca-no-chile-ao-apresentar-dados-de-reducao-da-fome-e-estruturacao-da-seguranca-alimentar\\\/\"},\"author\":{\"name\":\"Reda\u00e7\u00e3o\",\"@id\":\"https:\\\/\\\/ocoerente.com.br\\\/se\\\/#\\\/schema\\\/person\\\/cc6bfd9fbca465e23543b0c963d8d037\"},\"headline\":\"Sergipe se destaca no Chile ao apresentar dados de redu\u00e7\u00e3o da fome e estrutura\u00e7\u00e3o da seguran\u00e7a alimentar\",\"datePublished\":\"2025-11-21T02:15:48+00:00\",\"dateModified\":\"2025-11-21T02:15:49+00:00\",\"mainEntityOfPage\":{\"@id\":\"https:\\\/\\\/ocoerente.com.br\\\/se\\\/2025\\\/11\\\/20\\\/sergipe-se-destaca-no-chile-ao-apresentar-dados-de-reducao-da-fome-e-estruturacao-da-seguranca-alimentar\\\/\"},\"wordCount\":415,\"publisher\":{\"@id\":\"https:\\\/\\\/ocoerente.com.br\\\/se\\\/#\\\/schema\\\/person\\\/cc6bfd9fbca465e23543b0c963d8d037\"},\"image\":{\"@id\":\"https:\\\/\\\/ocoerente.com.br\\\/se\\\/2025\\\/11\\\/20\\\/sergipe-se-destaca-no-chile-ao-apresentar-dados-de-reducao-da-fome-e-estruturacao-da-seguranca-alimentar\\\/#primaryimage\"},\"thumbnailUrl\":\"https:\\\/\\\/ocoerente.com.br\\\/se\\\/wp-content\\\/uploads\\\/2025\\\/11\\\/ace07a2ff6e593.jpeg\",\"articleSection\":[\"Destaques\",\"Mundo\"],\"inLanguage\":\"pt-BR\"},{\"@type\":\"WebPage\",\"@id\":\"https:\\\/\\\/ocoerente.com.br\\\/se\\\/2025\\\/11\\\/20\\\/sergipe-se-destaca-no-chile-ao-apresentar-dados-de-reducao-da-fome-e-estruturacao-da-seguranca-alimentar\\\/\",\"url\":\"https:\\\/\\\/ocoerente.com.br\\\/se\\\/2025\\\/11\\\/20\\\/sergipe-se-destaca-no-chile-ao-apresentar-dados-de-reducao-da-fome-e-estruturacao-da-seguranca-alimentar\\\/\",\"name\":\"Sergipe se destaca no Chile ao apresentar dados de redu\u00e7\u00e3o da fome e estrutura\u00e7\u00e3o da seguran\u00e7a alimentar - O Coerente\",\"isPartOf\":{\"@id\":\"https:\\\/\\\/ocoerente.com.br\\\/se\\\/#website\"},\"primaryImageOfPage\":{\"@id\":\"https:\\\/\\\/ocoerente.com.br\\\/se\\\/2025\\\/11\\\/20\\\/sergipe-se-destaca-no-chile-ao-apresentar-dados-de-reducao-da-fome-e-estruturacao-da-seguranca-alimentar\\\/#primaryimage\"},\"image\":{\"@id\":\"https:\\\/\\\/ocoerente.com.br\\\/se\\\/2025\\\/11\\\/20\\\/sergipe-se-destaca-no-chile-ao-apresentar-dados-de-reducao-da-fome-e-estruturacao-da-seguranca-alimentar\\\/#primaryimage\"},\"thumbnailUrl\":\"https:\\\/\\\/ocoerente.com.br\\\/se\\\/wp-content\\\/uploads\\\/2025\\\/11\\\/ace07a2ff6e593.jpeg\",\"datePublished\":\"2025-11-21T02:15:48+00:00\",\"dateModified\":\"2025-11-21T02:15:49+00:00\",\"breadcrumb\":{\"@id\":\"https:\\\/\\\/ocoerente.com.br\\\/se\\\/2025\\\/11\\\/20\\\/sergipe-se-destaca-no-chile-ao-apresentar-dados-de-reducao-da-fome-e-estruturacao-da-seguranca-alimentar\\\/#breadcrumb\"},\"inLanguage\":\"pt-BR\",\"potentialAction\":[{\"@type\":\"ReadAction\",\"target\":[\"https:\\\/\\\/ocoerente.com.br\\\/se\\\/2025\\\/11\\\/20\\\/sergipe-se-destaca-no-chile-ao-apresentar-dados-de-reducao-da-fome-e-estruturacao-da-seguranca-alimentar\\\/\"]}]},{\"@type\":\"ImageObject\",\"inLanguage\":\"pt-BR\",\"@id\":\"https:\\\/\\\/ocoerente.com.br\\\/se\\\/2025\\\/11\\\/20\\\/sergipe-se-destaca-no-chile-ao-apresentar-dados-de-reducao-da-fome-e-estruturacao-da-seguranca-alimentar\\\/#primaryimage\",\"url\":\"https:\\\/\\\/ocoerente.com.br\\\/se\\\/wp-content\\\/uploads\\\/2025\\\/11\\\/ace07a2ff6e593.jpeg\",\"contentUrl\":\"https:\\\/\\\/ocoerente.com.br\\\/se\\\/wp-content\\\/uploads\\\/2025\\\/11\\\/ace07a2ff6e593.jpeg\",\"width\":1100,\"height\":610,\"caption\":\"Fotos: Ascom Seasic\"},{\"@type\":\"BreadcrumbList\",\"@id\":\"https:\\\/\\\/ocoerente.com.br\\\/se\\\/2025\\\/11\\\/20\\\/sergipe-se-destaca-no-chile-ao-apresentar-dados-de-reducao-da-fome-e-estruturacao-da-seguranca-alimentar\\\/#breadcrumb\",\"itemListElement\":[{\"@type\":\"ListItem\",\"position\":1,\"name\":\"In\u00edcio\",\"item\":\"https:\\\/\\\/ocoerente.com.br\\\/se\\\/\"},{\"@type\":\"ListItem\",\"position\":2,\"name\":\"Sergipe se destaca no Chile ao apresentar dados de redu\u00e7\u00e3o da fome e estrutura\u00e7\u00e3o da seguran\u00e7a alimentar\"}]},{\"@type\":\"WebSite\",\"@id\":\"https:\\\/\\\/ocoerente.com.br\\\/se\\\/#website\",\"url\":\"https:\\\/\\\/ocoerente.com.br\\\/se\\\/\",\"name\":\"O Coerente\",\"description\":\"\",\"publisher\":{\"@id\":\"https:\\\/\\\/ocoerente.com.br\\\/se\\\/#\\\/schema\\\/person\\\/cc6bfd9fbca465e23543b0c963d8d037\"},\"potentialAction\":[{\"@type\":\"SearchAction\",\"target\":{\"@type\":\"EntryPoint\",\"urlTemplate\":\"https:\\\/\\\/ocoerente.com.br\\\/se\\\/?s={search_term_string}\"},\"query-input\":{\"@type\":\"PropertyValueSpecification\",\"valueRequired\":true,\"valueName\":\"search_term_string\"}}],\"inLanguage\":\"pt-BR\"},{\"@type\":[\"Person\",\"Organization\"],\"@id\":\"https:\\\/\\\/ocoerente.com.br\\\/se\\\/#\\\/schema\\\/person\\\/cc6bfd9fbca465e23543b0c963d8d037\",\"name\":\"Reda\u00e7\u00e3o\",\"image\":{\"@type\":\"ImageObject\",\"inLanguage\":\"pt-BR\",\"@id\":\"https:\\\/\\\/ocoerente.com.br\\\/se\\\/wp-content\\\/uploads\\\/2020\\\/01\\\/ocoerente-1.png\",\"url\":\"https:\\\/\\\/ocoerente.com.br\\\/se\\\/wp-content\\\/uploads\\\/2020\\\/01\\\/ocoerente-1.png\",\"contentUrl\":\"https:\\\/\\\/ocoerente.com.br\\\/se\\\/wp-content\\\/uploads\\\/2020\\\/01\\\/ocoerente-1.png\",\"width\":50,\"height\":50,\"caption\":\"Reda\u00e7\u00e3o\"},\"logo\":{\"@id\":\"https:\\\/\\\/ocoerente.com.br\\\/se\\\/wp-content\\\/uploads\\\/2020\\\/01\\\/ocoerente-1.png\"},\"url\":\"https:\\\/\\\/ocoerente.com.br\\\/se\\\/author\\\/vasticlsales\\\/\"}]}<\/script>\n<!-- \/ Yoast SEO plugin. -->","yoast_head_json":{"title":"Sergipe se destaca no Chile ao apresentar dados de redu\u00e7\u00e3o da fome e estrutura\u00e7\u00e3o da seguran\u00e7a alimentar - O Coerente","robots":{"index":"index","follow":"follow","max-snippet":"max-snippet:-1","max-image-preview":"max-image-preview:large","max-video-preview":"max-video-preview:-1"},"canonical":"https:\/\/ocoerente.com.br\/se\/2025\/11\/20\/sergipe-se-destaca-no-chile-ao-apresentar-dados-de-reducao-da-fome-e-estruturacao-da-seguranca-alimentar\/","og_locale":"pt_BR","og_type":"article","og_title":"Sergipe se destaca no Chile ao apresentar dados de redu\u00e7\u00e3o da fome e estrutura\u00e7\u00e3o da seguran\u00e7a alimentar - O Coerente","og_description":"Estado foi o \u00fanico do Brasil a participar da programa\u00e7\u00e3o cient\u00edfica do Congresso Latino-Americano de Estudos Sociais sobre Alimenta\u00e7\u00e3o Sergipe foi o \u00fanico estado brasileiro inclu\u00eddo na programa\u00e7\u00e3o cient\u00edfica do Congresso Latino-Americano de Estudos Sociais sobre Alimenta\u00e7\u00e3o, realizado na Universidade Aut\u00f3noma de Chile, em Santiago. A equipe da Secretaria de Assist\u00eancia Social, Inclus\u00e3o e Cidadania [&hellip;]","og_url":"https:\/\/ocoerente.com.br\/se\/2025\/11\/20\/sergipe-se-destaca-no-chile-ao-apresentar-dados-de-reducao-da-fome-e-estruturacao-da-seguranca-alimentar\/","og_site_name":"O Coerente","article_published_time":"2025-11-21T02:15:48+00:00","article_modified_time":"2025-11-21T02:15:49+00:00","og_image":[{"width":1100,"height":610,"url":"https:\/\/ocoerente.com.br\/se\/wp-content\/uploads\/2025\/11\/ace07a2ff6e593.jpeg","type":"image\/jpeg"}],"author":"Reda\u00e7\u00e3o","twitter_card":"summary_large_image","twitter_misc":{"Escrito por":"Reda\u00e7\u00e3o","Est. tempo de leitura":"3 minutos"},"schema":{"@context":"https:\/\/schema.org","@graph":[{"@type":"Article","@id":"https:\/\/ocoerente.com.br\/se\/2025\/11\/20\/sergipe-se-destaca-no-chile-ao-apresentar-dados-de-reducao-da-fome-e-estruturacao-da-seguranca-alimentar\/#article","isPartOf":{"@id":"https:\/\/ocoerente.com.br\/se\/2025\/11\/20\/sergipe-se-destaca-no-chile-ao-apresentar-dados-de-reducao-da-fome-e-estruturacao-da-seguranca-alimentar\/"},"author":{"name":"Reda\u00e7\u00e3o","@id":"https:\/\/ocoerente.com.br\/se\/#\/schema\/person\/cc6bfd9fbca465e23543b0c963d8d037"},"headline":"Sergipe se destaca no Chile ao apresentar dados de redu\u00e7\u00e3o da fome e estrutura\u00e7\u00e3o da seguran\u00e7a alimentar","datePublished":"2025-11-21T02:15:48+00:00","dateModified":"2025-11-21T02:15:49+00:00","mainEntityOfPage":{"@id":"https:\/\/ocoerente.com.br\/se\/2025\/11\/20\/sergipe-se-destaca-no-chile-ao-apresentar-dados-de-reducao-da-fome-e-estruturacao-da-seguranca-alimentar\/"},"wordCount":415,"publisher":{"@id":"https:\/\/ocoerente.com.br\/se\/#\/schema\/person\/cc6bfd9fbca465e23543b0c963d8d037"},"image":{"@id":"https:\/\/ocoerente.com.br\/se\/2025\/11\/20\/sergipe-se-destaca-no-chile-ao-apresentar-dados-de-reducao-da-fome-e-estruturacao-da-seguranca-alimentar\/#primaryimage"},"thumbnailUrl":"https:\/\/ocoerente.com.br\/se\/wp-content\/uploads\/2025\/11\/ace07a2ff6e593.jpeg","articleSection":["Destaques","Mundo"],"inLanguage":"pt-BR"},{"@type":"WebPage","@id":"https:\/\/ocoerente.com.br\/se\/2025\/11\/20\/sergipe-se-destaca-no-chile-ao-apresentar-dados-de-reducao-da-fome-e-estruturacao-da-seguranca-alimentar\/","url":"https:\/\/ocoerente.com.br\/se\/2025\/11\/20\/sergipe-se-destaca-no-chile-ao-apresentar-dados-de-reducao-da-fome-e-estruturacao-da-seguranca-alimentar\/","name":"Sergipe se destaca no Chile ao apresentar dados de redu\u00e7\u00e3o da fome e estrutura\u00e7\u00e3o da seguran\u00e7a alimentar - O Coerente","isPartOf":{"@id":"https:\/\/ocoerente.com.br\/se\/#website"},"primaryImageOfPage":{"@id":"https:\/\/ocoerente.com.br\/se\/2025\/11\/20\/sergipe-se-destaca-no-chile-ao-apresentar-dados-de-reducao-da-fome-e-estruturacao-da-seguranca-alimentar\/#primaryimage"},"image":{"@id":"https:\/\/ocoerente.com.br\/se\/2025\/11\/20\/sergipe-se-destaca-no-chile-ao-apresentar-dados-de-reducao-da-fome-e-estruturacao-da-seguranca-alimentar\/#primaryimage"},"thumbnailUrl":"https:\/\/ocoerente.com.br\/se\/wp-content\/uploads\/2025\/11\/ace07a2ff6e593.jpeg","datePublished":"2025-11-21T02:15:48+00:00","dateModified":"2025-11-21T02:15:49+00:00","breadcrumb":{"@id":"https:\/\/ocoerente.com.br\/se\/2025\/11\/20\/sergipe-se-destaca-no-chile-ao-apresentar-dados-de-reducao-da-fome-e-estruturacao-da-seguranca-alimentar\/#breadcrumb"},"inLanguage":"pt-BR","potentialAction":[{"@type":"ReadAction","target":["https:\/\/ocoerente.com.br\/se\/2025\/11\/20\/sergipe-se-destaca-no-chile-ao-apresentar-dados-de-reducao-da-fome-e-estruturacao-da-seguranca-alimentar\/"]}]},{"@type":"ImageObject","inLanguage":"pt-BR","@id":"https:\/\/ocoerente.com.br\/se\/2025\/11\/20\/sergipe-se-destaca-no-chile-ao-apresentar-dados-de-reducao-da-fome-e-estruturacao-da-seguranca-alimentar\/#primaryimage","url":"https:\/\/ocoerente.com.br\/se\/wp-content\/uploads\/2025\/11\/ace07a2ff6e593.jpeg","contentUrl":"https:\/\/ocoerente.com.br\/se\/wp-content\/uploads\/2025\/11\/ace07a2ff6e593.jpeg","width":1100,"height":610,"caption":"Fotos: Ascom Seasic"},{"@type":"BreadcrumbList","@id":"https:\/\/ocoerente.com.br\/se\/2025\/11\/20\/sergipe-se-destaca-no-chile-ao-apresentar-dados-de-reducao-da-fome-e-estruturacao-da-seguranca-alimentar\/#breadcrumb","itemListElement":[{"@type":"ListItem","position":1,"name":"In\u00edcio","item":"https:\/\/ocoerente.com.br\/se\/"},{"@type":"ListItem","position":2,"name":"Sergipe se destaca no Chile ao apresentar dados de redu\u00e7\u00e3o da fome e estrutura\u00e7\u00e3o da seguran\u00e7a alimentar"}]},{"@type":"WebSite","@id":"https:\/\/ocoerente.com.br\/se\/#website","url":"https:\/\/ocoerente.com.br\/se\/","name":"O Coerente","description":"","publisher":{"@id":"https:\/\/ocoerente.com.br\/se\/#\/schema\/person\/cc6bfd9fbca465e23543b0c963d8d037"},"potentialAction":[{"@type":"SearchAction","target":{"@type":"EntryPoint","urlTemplate":"https:\/\/ocoerente.com.br\/se\/?s={search_term_string}"},"query-input":{"@type":"PropertyValueSpecification","valueRequired":true,"valueName":"search_term_string"}}],"inLanguage":"pt-BR"},{"@type":["Person","Organization"],"@id":"https:\/\/ocoerente.com.br\/se\/#\/schema\/person\/cc6bfd9fbca465e23543b0c963d8d037","name":"Reda\u00e7\u00e3o","image":{"@type":"ImageObject","inLanguage":"pt-BR","@id":"https:\/\/ocoerente.com.br\/se\/wp-content\/uploads\/2020\/01\/ocoerente-1.png","url":"https:\/\/ocoerente.com.br\/se\/wp-content\/uploads\/2020\/01\/ocoerente-1.png","contentUrl":"https:\/\/ocoerente.com.br\/se\/wp-content\/uploads\/2020\/01\/ocoerente-1.png","width":50,"height":50,"caption":"Reda\u00e7\u00e3o"},"logo":{"@id":"https:\/\/ocoerente.com.br\/se\/wp-content\/uploads\/2020\/01\/ocoerente-1.png"},"url":"https:\/\/ocoerente.com.br\/se\/author\/vasticlsales\/"}]}},"_links":{"self":[{"href":"https:\/\/ocoerente.com.br\/se\/wp-json\/wp\/v2\/posts\/17647","targetHints":{"allow":["GET"]}}],"collection":[{"href":"https:\/\/ocoerente.com.br\/se\/wp-json\/wp\/v2\/posts"}],"about":[{"href":"https:\/\/ocoerente.com.br\/se\/wp-json\/wp\/v2\/types\/post"}],"author":[{"embeddable":true,"href":"https:\/\/ocoerente.com.br\/se\/wp-json\/wp\/v2\/users\/1"}],"replies":[{"embeddable":true,"href":"https:\/\/ocoerente.com.br\/se\/wp-json\/wp\/v2\/comments?post=17647"}],"version-history":[{"count":1,"href":"https:\/\/ocoerente.com.br\/se\/wp-json\/wp\/v2\/posts\/17647\/revisions"}],"predecessor-version":[{"id":17649,"href":"https:\/\/ocoerente.com.br\/se\/wp-json\/wp\/v2\/posts\/17647\/revisions\/17649"}],"wp:featuredmedia":[{"embeddable":true,"href":"https:\/\/ocoerente.com.br\/se\/wp-json\/wp\/v2\/media\/17648"}],"wp:attachment":[{"href":"https:\/\/ocoerente.com.br\/se\/wp-json\/wp\/v2\/media?parent=17647"}],"wp:term":[{"taxonomy":"category","embeddable":true,"href":"https:\/\/ocoerente.com.br\/se\/wp-json\/wp\/v2\/categories?post=17647"},{"taxonomy":"post_tag","embeddable":true,"href":"https:\/\/ocoerente.com.br\/se\/wp-json\/wp\/v2\/tags?post=17647"}],"curies":[{"name":"wp","href":"https:\/\/api.w.org\/{rel}","templated":true}]}}