{"id":17644,"date":"2025-11-20T23:14:10","date_gmt":"2025-11-21T02:14:10","guid":{"rendered":"https:\/\/ocoerente.com.br\/se\/?p=17644"},"modified":"2025-11-20T23:14:11","modified_gmt":"2025-11-21T02:14:11","slug":"governo-de-sergipe-reforca-acoes-de-enfrentamento-ao-racismo-nas-escolas-da-rede-publica","status":"publish","type":"post","link":"https:\/\/ocoerente.com.br\/se\/2025\/11\/20\/governo-de-sergipe-reforca-acoes-de-enfrentamento-ao-racismo-nas-escolas-da-rede-publica\/","title":{"rendered":"Governo de Sergipe refor\u00e7a a\u00e7\u00f5es de enfrentamento ao racismo nas escolas da rede p\u00fablica"},"content":{"rendered":"\n<p><em>No Dia da Consci\u00eancia Negra, a Seed reafirma o compromisso com a educa\u00e7\u00e3o antirracista e lan\u00e7a o I Semin\u00e1rio Educa\u00e7\u00e3o e Equidade, com a participa\u00e7\u00e3o de 170 escolas da rede; fortalece o \u2018Selo\u2019 e os Protocolos Antirracistas<\/em><\/p>\n\n\n\n<p>O Governo de Sergipe, por meio da Secretaria de Estado da Educa\u00e7\u00e3o (Seed), refor\u00e7a a\u00e7\u00f5es de enfrentamento ao racismo nas escolas p\u00fablicas estaduais, no Dia Nacional da Consci\u00eancia Negra, celebrado nesta quinta-feira, 20. As iniciativas abrangem todo o estado e valorizam o reconhecimento das culturas afro-brasileiras, respeitando as viv\u00eancias negras dos estudantes da rede estadual de ensino.<\/p>\n\n\n\n<p>Quase 80% dos alunos da rede em Sergipe s\u00e3o pardos e pretos, segundo Dados da \u2018Matr\u00edcula Online\u2019, disponibilizados pela Assessoria de Tecnologia (Astin) da Seed. \u00c9 nesse contexto que a\u00e7\u00f5es antirracistas s\u00e3o promovidas na rede, as quais v\u00e3o de acordo com a Lei n\u00b0 10.639\/2003 e o seu complemento, n\u00ba 11.645\/2008. A n\u00edvel federal, elas obrigam todas as escolas a incluir na grade curricular o ensino das hist\u00f3rias origin\u00e1rias e negras, como forma de resgatar, preservar e fortalecer viv\u00eancias que foram suprimidas com o racismo em suas mais diversas formas.<\/p>\n\n\n\n<p><strong>I\u00b0 Semin\u00e1rio Educa\u00e7\u00e3o e Equidade<\/strong><\/p>\n\n\n\n<p>Uma das a\u00e7\u00f5es mais importantes e in\u00e9ditas acontecer\u00e1 no dia 28 de novembro. A Seed, por meio do Departamento de Educa\u00e7\u00e3o (DED) e do Servi\u00e7o de Educa\u00e7\u00e3o do Campo e Diversidade (Secad), promover\u00e1 o I\u00b0 Semin\u00e1rio Educa\u00e7\u00e3o e Equidade: Caminhos para uma Escola Antirracista, no Complexo Cultural Gonzag\u00e3o. O evento ocorrer\u00e1 das 8h \u00e0s 17h e envolver\u00e1 professores e gestores escolares da rede estadual, que far\u00e3o debates sobre a justi\u00e7a e equidades \u00e9tnico-raciais na sociedade.<\/p>\n\n\n\n<p>Na ocasi\u00e3o, as 170 escolas premiadas com o Selo Escola Antirracista Professora Maria Beatriz Nascimento estar\u00e3o presentes. Destas, 10 ser\u00e3o selecionadas para apresentar os seus projetos de combate ao racismo.<\/p>\n\n\n\n<p>O professor de filosofia do Centro de Excel\u00eancia Bar\u00e3o de Mau\u00e1, Victor Wladimir Nascimento, respons\u00e1vel por um dos dez projetos que ser\u00e3o apresentados no semin\u00e1rio, conta que o projeto da escola intitulado \u2018Combate ao Racismo Recreativo\u2019 se iniciou a partir de uma provoca\u00e7\u00e3o entre uma conversa com outros docentes, que o fez perceber a falta de conte\u00fados escolares voltados \u00e0 mitologia e pensamento decolonial de origem africana e ind\u00edgena, em raz\u00e3o da predomin\u00e2ncia europeia. \u201cReconheci essa limita\u00e7\u00e3o e me coloquei a estudar. Em meus estudos, entendi o racismo estrutural n\u00e3o somente na sociedade, como tamb\u00e9m na minha escola\u201d, contou.<\/p>\n\n\n\n<p>Al\u00e9m das apresenta\u00e7\u00f5es, o Semin\u00e1rio lan\u00e7ar\u00e1 o e-book \u2018Pr\u00e1ticas Antirracistas no Cotidiano Escolar\u2019, com projetos e iniciativas desenvolvidos pela rede. Este ser\u00e1 o primeiro semin\u00e1rio do estado na Pol\u00edtica Nacional de Equidade, Educa\u00e7\u00e3o para as Rela\u00e7\u00f5es \u00c9tnico-Raciais e Educa\u00e7\u00e3o Escolar Quilombola (PNEERQ) em que todas as a\u00e7\u00f5es trazidas pelo e-book atendem \u00e0 pol\u00edtica. Al\u00e9m disso, o e-book tamb\u00e9m refor\u00e7a as leis nacionais de educa\u00e7\u00e3o das hist\u00f3rias afro-brasileiras e origin\u00e1rias.<\/p>\n\n\n\n<p><strong>\u2018Selo\u2019 e Protocolo Antirracistas<\/strong><\/p>\n\n\n\n<p>Outra a\u00e7\u00e3o que se destaca \u00e9 o Selo Escola Antirracista Professora Maria Beatriz Nascimento, criado h\u00e1 tr\u00eas anos. O \u2018Selo\u2019 reconhece projetos, iniciativas e atividades das escolas, que inserem valores, historicidades e personalidades negras, fundamentais para a sociedade sergipana e brasileira. S\u00e3o a\u00e7\u00f5es pedag\u00f3gicas realizadas dentro e fora da sala de aula, que integram alunos e comunidade escolar, unidas na educa\u00e7\u00e3o antirracista. Somente em 2024, foram 170 escolas premiadas com o \u2018Selo\u2019. Em 2025, est\u00e3o sendo pleiteadas 255 institui\u00e7\u00f5es de ensino para a contempla\u00e7\u00e3o.<\/p>\n\n\n\n<p>\u201cQuando temos aumento de escolas participantes no processo de entrega do selo com projetos desenvolvidos por professores e de alunos para os alunos, percebemos que estamos no caminho certo. Que cada vez mais consigamos transformar a educa\u00e7\u00e3o na perspectiva mais equ\u00e2nime, diversa e inclusiva. A uni\u00e3o de todos fortalece o enfrentamento na constru\u00e7\u00e3o de a\u00e7\u00f5es s\u00f3lidas\u201d, afirmou o secret\u00e1rio de Estado da Educa\u00e7\u00e3o, Zezinho Sobral.<\/p>\n\n\n\n<p>Para al\u00e9m disso, as escolas da rede estadual t\u00eam o \u2018Protocolo Antirracista\u2019, documento estrat\u00e9gico que busca combater o racismo nas escolas com a\u00e7\u00f5es pedag\u00f3gicas (dispon\u00edvel em www.seed.se.gov.br). O \u2018Protocolo\u2019 fornece orienta\u00e7\u00f5es a professores e equipe diretiva, com a\u00e7\u00f5es educativas a serem tomadas em qualquer caso de preconceito, existente de v\u00e1rias maneiras. Um exemplo \u00e9 o racismo recreativo, um dos mais comuns em escolas, em que h\u00e1 a dissemina\u00e7\u00e3o de gestos racistas em forma de apelidos, piadas e s\u00e1tiras.<\/p>\n\n\n\n<p>A promo\u00e7\u00e3o da equidade racial nas escolas \u00e9 necess\u00e1ria para a educa\u00e7\u00e3o e forma\u00e7\u00e3o dos estudantes. \u00c9 o que afirma a chefe do Secad, Genelu\u00e7a Santana. \u201cTodas essas a\u00e7\u00f5es t\u00eam como objetivo final a redu\u00e7\u00e3o das desigualdades educacionais entre nossos estudantes. S\u00e3o iniciativas de implementa\u00e7\u00e3o de pol\u00edticas e responsabilidades com os alunos, porque se n\u00f3s queremos uma educa\u00e7\u00e3o p\u00fablica de qualidade, n\u00e3o podemos perder de vista a equidade. N\u00e3o temos uma educa\u00e7\u00e3o de qualidade sem a equidade racial\u201d, frisou.<\/p>\n\n\n\n<p><strong>Dia Nacional da Consci\u00eancia Negra<\/strong><\/p>\n\n\n\n<p>Desde 2011, a Lei n\u00b0 12.519 define o dia 20 de novembro como o Dia Nacional da Consci\u00eancia Negra no Brasil. A data foi escolhida em homenagem a Zumbi dos Palmares, l\u00edder quilombola de um dos maiores quilombos do Brasil, o Quilombo dos Palmares. Foi nesse dia em que ele morreu, em defesa do territ\u00f3rio de sua comunidade. Os quilombos eram criados para os escravizados fugirem da viol\u00eancia dos portugueses, que colonizaram o pa\u00eds, apagando muitas hist\u00f3rias e culturas negras e ind\u00edgenas.<\/p>\n\n\n\n<p>Em raz\u00e3o disso, a data busca promover na sociedade reflex\u00f5es e incentivo a a\u00e7\u00f5es antirracistas e de valoriza\u00e7\u00e3o das historicidades pretas. Este \u00e9 o segundo ano em que o Dia da Consci\u00eancia Negra \u00e9 feriado nacional, sancionado pela Lei n\u00b0 14.759, em dezembro de 2023.<\/p>\n\n\n\n<p>Governo de Sergipe<\/p>\n","protected":false},"excerpt":{"rendered":"<p>No Dia da Consci\u00eancia Negra, a Seed reafirma o compromisso com a educa\u00e7\u00e3o antirracista e lan\u00e7a o I Semin\u00e1rio Educa\u00e7\u00e3o e Equidade, com a participa\u00e7\u00e3o de 170 escolas da rede; fortalece o \u2018Selo\u2019 e os Protocolos Antirracistas O Governo de Sergipe, por meio da Secretaria de Estado da Educa\u00e7\u00e3o (Seed), refor\u00e7a a\u00e7\u00f5es de enfrentamento ao [&hellip;]<\/p>\n","protected":false},"author":1,"featured_media":17645,"comment_status":"closed","ping_status":"closed","sticky":false,"template":"","format":"standard","meta":{"footnotes":""},"categories":[53,43],"tags":[],"class_list":["post-17644","post","type-post","status-publish","format-standard","has-post-thumbnail","hentry","category-destaques","category-sergipe"],"yoast_head":"<!-- This site is optimized with the Yoast SEO plugin v27.5 - https:\/\/yoast.com\/product\/yoast-seo-wordpress\/ -->\n<title>Governo de Sergipe refor\u00e7a a\u00e7\u00f5es de enfrentamento ao racismo nas escolas da rede p\u00fablica - O Coerente<\/title>\n<meta name=\"robots\" content=\"index, follow, max-snippet:-1, max-image-preview:large, max-video-preview:-1\" \/>\n<link rel=\"canonical\" href=\"https:\/\/ocoerente.com.br\/se\/2025\/11\/20\/governo-de-sergipe-reforca-acoes-de-enfrentamento-ao-racismo-nas-escolas-da-rede-publica\/\" \/>\n<meta property=\"og:locale\" content=\"pt_BR\" \/>\n<meta property=\"og:type\" content=\"article\" \/>\n<meta property=\"og:title\" content=\"Governo de Sergipe refor\u00e7a a\u00e7\u00f5es de enfrentamento ao racismo nas escolas da rede p\u00fablica - O Coerente\" \/>\n<meta property=\"og:description\" content=\"No Dia da Consci\u00eancia Negra, a Seed reafirma o compromisso com a educa\u00e7\u00e3o antirracista e lan\u00e7a o I Semin\u00e1rio Educa\u00e7\u00e3o e Equidade, com a participa\u00e7\u00e3o de 170 escolas da rede; fortalece o \u2018Selo\u2019 e os Protocolos Antirracistas O Governo de Sergipe, por meio da Secretaria de Estado da Educa\u00e7\u00e3o (Seed), refor\u00e7a a\u00e7\u00f5es de enfrentamento ao [&hellip;]\" \/>\n<meta property=\"og:url\" content=\"https:\/\/ocoerente.com.br\/se\/2025\/11\/20\/governo-de-sergipe-reforca-acoes-de-enfrentamento-ao-racismo-nas-escolas-da-rede-publica\/\" \/>\n<meta property=\"og:site_name\" content=\"O Coerente\" \/>\n<meta property=\"article:published_time\" content=\"2025-11-21T02:14:10+00:00\" \/>\n<meta property=\"article:modified_time\" content=\"2025-11-21T02:14:11+00:00\" \/>\n<meta property=\"og:image\" content=\"https:\/\/ocoerente.com.br\/se\/wp-content\/uploads\/2025\/11\/d81c4e9165c06f.jpg\" \/>\n\t<meta property=\"og:image:width\" content=\"1100\" \/>\n\t<meta property=\"og:image:height\" content=\"610\" \/>\n\t<meta property=\"og:image:type\" content=\"image\/jpeg\" \/>\n<meta name=\"author\" content=\"Reda\u00e7\u00e3o\" \/>\n<meta name=\"twitter:card\" content=\"summary_large_image\" \/>\n<meta name=\"twitter:label1\" content=\"Escrito por\" \/>\n\t<meta name=\"twitter:data1\" content=\"Reda\u00e7\u00e3o\" \/>\n\t<meta name=\"twitter:label2\" content=\"Est. tempo de leitura\" \/>\n\t<meta name=\"twitter:data2\" content=\"6 minutos\" \/>\n<script type=\"application\/ld+json\" class=\"yoast-schema-graph\">{\"@context\":\"https:\\\/\\\/schema.org\",\"@graph\":[{\"@type\":\"Article\",\"@id\":\"https:\\\/\\\/ocoerente.com.br\\\/se\\\/2025\\\/11\\\/20\\\/governo-de-sergipe-reforca-acoes-de-enfrentamento-ao-racismo-nas-escolas-da-rede-publica\\\/#article\",\"isPartOf\":{\"@id\":\"https:\\\/\\\/ocoerente.com.br\\\/se\\\/2025\\\/11\\\/20\\\/governo-de-sergipe-reforca-acoes-de-enfrentamento-ao-racismo-nas-escolas-da-rede-publica\\\/\"},\"author\":{\"name\":\"Reda\u00e7\u00e3o\",\"@id\":\"https:\\\/\\\/ocoerente.com.br\\\/se\\\/#\\\/schema\\\/person\\\/cc6bfd9fbca465e23543b0c963d8d037\"},\"headline\":\"Governo de Sergipe refor\u00e7a a\u00e7\u00f5es de enfrentamento ao racismo nas escolas da rede p\u00fablica\",\"datePublished\":\"2025-11-21T02:14:10+00:00\",\"dateModified\":\"2025-11-21T02:14:11+00:00\",\"mainEntityOfPage\":{\"@id\":\"https:\\\/\\\/ocoerente.com.br\\\/se\\\/2025\\\/11\\\/20\\\/governo-de-sergipe-reforca-acoes-de-enfrentamento-ao-racismo-nas-escolas-da-rede-publica\\\/\"},\"wordCount\":1027,\"publisher\":{\"@id\":\"https:\\\/\\\/ocoerente.com.br\\\/se\\\/#\\\/schema\\\/person\\\/cc6bfd9fbca465e23543b0c963d8d037\"},\"image\":{\"@id\":\"https:\\\/\\\/ocoerente.com.br\\\/se\\\/2025\\\/11\\\/20\\\/governo-de-sergipe-reforca-acoes-de-enfrentamento-ao-racismo-nas-escolas-da-rede-publica\\\/#primaryimage\"},\"thumbnailUrl\":\"https:\\\/\\\/ocoerente.com.br\\\/se\\\/wp-content\\\/uploads\\\/2025\\\/11\\\/d81c4e9165c06f.jpg\",\"articleSection\":[\"Destaques\",\"Sergipe\"],\"inLanguage\":\"pt-BR\"},{\"@type\":\"WebPage\",\"@id\":\"https:\\\/\\\/ocoerente.com.br\\\/se\\\/2025\\\/11\\\/20\\\/governo-de-sergipe-reforca-acoes-de-enfrentamento-ao-racismo-nas-escolas-da-rede-publica\\\/\",\"url\":\"https:\\\/\\\/ocoerente.com.br\\\/se\\\/2025\\\/11\\\/20\\\/governo-de-sergipe-reforca-acoes-de-enfrentamento-ao-racismo-nas-escolas-da-rede-publica\\\/\",\"name\":\"Governo de Sergipe refor\u00e7a a\u00e7\u00f5es de enfrentamento ao racismo nas escolas da rede p\u00fablica - O Coerente\",\"isPartOf\":{\"@id\":\"https:\\\/\\\/ocoerente.com.br\\\/se\\\/#website\"},\"primaryImageOfPage\":{\"@id\":\"https:\\\/\\\/ocoerente.com.br\\\/se\\\/2025\\\/11\\\/20\\\/governo-de-sergipe-reforca-acoes-de-enfrentamento-ao-racismo-nas-escolas-da-rede-publica\\\/#primaryimage\"},\"image\":{\"@id\":\"https:\\\/\\\/ocoerente.com.br\\\/se\\\/2025\\\/11\\\/20\\\/governo-de-sergipe-reforca-acoes-de-enfrentamento-ao-racismo-nas-escolas-da-rede-publica\\\/#primaryimage\"},\"thumbnailUrl\":\"https:\\\/\\\/ocoerente.com.br\\\/se\\\/wp-content\\\/uploads\\\/2025\\\/11\\\/d81c4e9165c06f.jpg\",\"datePublished\":\"2025-11-21T02:14:10+00:00\",\"dateModified\":\"2025-11-21T02:14:11+00:00\",\"breadcrumb\":{\"@id\":\"https:\\\/\\\/ocoerente.com.br\\\/se\\\/2025\\\/11\\\/20\\\/governo-de-sergipe-reforca-acoes-de-enfrentamento-ao-racismo-nas-escolas-da-rede-publica\\\/#breadcrumb\"},\"inLanguage\":\"pt-BR\",\"potentialAction\":[{\"@type\":\"ReadAction\",\"target\":[\"https:\\\/\\\/ocoerente.com.br\\\/se\\\/2025\\\/11\\\/20\\\/governo-de-sergipe-reforca-acoes-de-enfrentamento-ao-racismo-nas-escolas-da-rede-publica\\\/\"]}]},{\"@type\":\"ImageObject\",\"inLanguage\":\"pt-BR\",\"@id\":\"https:\\\/\\\/ocoerente.com.br\\\/se\\\/2025\\\/11\\\/20\\\/governo-de-sergipe-reforca-acoes-de-enfrentamento-ao-racismo-nas-escolas-da-rede-publica\\\/#primaryimage\",\"url\":\"https:\\\/\\\/ocoerente.com.br\\\/se\\\/wp-content\\\/uploads\\\/2025\\\/11\\\/d81c4e9165c06f.jpg\",\"contentUrl\":\"https:\\\/\\\/ocoerente.com.br\\\/se\\\/wp-content\\\/uploads\\\/2025\\\/11\\\/d81c4e9165c06f.jpg\",\"width\":1100,\"height\":610,\"caption\":\"Fotos: Ascom Seed\"},{\"@type\":\"BreadcrumbList\",\"@id\":\"https:\\\/\\\/ocoerente.com.br\\\/se\\\/2025\\\/11\\\/20\\\/governo-de-sergipe-reforca-acoes-de-enfrentamento-ao-racismo-nas-escolas-da-rede-publica\\\/#breadcrumb\",\"itemListElement\":[{\"@type\":\"ListItem\",\"position\":1,\"name\":\"In\u00edcio\",\"item\":\"https:\\\/\\\/ocoerente.com.br\\\/se\\\/\"},{\"@type\":\"ListItem\",\"position\":2,\"name\":\"Governo de Sergipe refor\u00e7a a\u00e7\u00f5es de enfrentamento ao racismo nas escolas da rede p\u00fablica\"}]},{\"@type\":\"WebSite\",\"@id\":\"https:\\\/\\\/ocoerente.com.br\\\/se\\\/#website\",\"url\":\"https:\\\/\\\/ocoerente.com.br\\\/se\\\/\",\"name\":\"O Coerente\",\"description\":\"\",\"publisher\":{\"@id\":\"https:\\\/\\\/ocoerente.com.br\\\/se\\\/#\\\/schema\\\/person\\\/cc6bfd9fbca465e23543b0c963d8d037\"},\"potentialAction\":[{\"@type\":\"SearchAction\",\"target\":{\"@type\":\"EntryPoint\",\"urlTemplate\":\"https:\\\/\\\/ocoerente.com.br\\\/se\\\/?s={search_term_string}\"},\"query-input\":{\"@type\":\"PropertyValueSpecification\",\"valueRequired\":true,\"valueName\":\"search_term_string\"}}],\"inLanguage\":\"pt-BR\"},{\"@type\":[\"Person\",\"Organization\"],\"@id\":\"https:\\\/\\\/ocoerente.com.br\\\/se\\\/#\\\/schema\\\/person\\\/cc6bfd9fbca465e23543b0c963d8d037\",\"name\":\"Reda\u00e7\u00e3o\",\"image\":{\"@type\":\"ImageObject\",\"inLanguage\":\"pt-BR\",\"@id\":\"https:\\\/\\\/ocoerente.com.br\\\/se\\\/wp-content\\\/uploads\\\/2020\\\/01\\\/ocoerente-1.png\",\"url\":\"https:\\\/\\\/ocoerente.com.br\\\/se\\\/wp-content\\\/uploads\\\/2020\\\/01\\\/ocoerente-1.png\",\"contentUrl\":\"https:\\\/\\\/ocoerente.com.br\\\/se\\\/wp-content\\\/uploads\\\/2020\\\/01\\\/ocoerente-1.png\",\"width\":50,\"height\":50,\"caption\":\"Reda\u00e7\u00e3o\"},\"logo\":{\"@id\":\"https:\\\/\\\/ocoerente.com.br\\\/se\\\/wp-content\\\/uploads\\\/2020\\\/01\\\/ocoerente-1.png\"},\"url\":\"https:\\\/\\\/ocoerente.com.br\\\/se\\\/author\\\/vasticlsales\\\/\"}]}<\/script>\n<!-- \/ Yoast SEO plugin. -->","yoast_head_json":{"title":"Governo de Sergipe refor\u00e7a a\u00e7\u00f5es de enfrentamento ao racismo nas escolas da rede p\u00fablica - O Coerente","robots":{"index":"index","follow":"follow","max-snippet":"max-snippet:-1","max-image-preview":"max-image-preview:large","max-video-preview":"max-video-preview:-1"},"canonical":"https:\/\/ocoerente.com.br\/se\/2025\/11\/20\/governo-de-sergipe-reforca-acoes-de-enfrentamento-ao-racismo-nas-escolas-da-rede-publica\/","og_locale":"pt_BR","og_type":"article","og_title":"Governo de Sergipe refor\u00e7a a\u00e7\u00f5es de enfrentamento ao racismo nas escolas da rede p\u00fablica - O Coerente","og_description":"No Dia da Consci\u00eancia Negra, a Seed reafirma o compromisso com a educa\u00e7\u00e3o antirracista e lan\u00e7a o I Semin\u00e1rio Educa\u00e7\u00e3o e Equidade, com a participa\u00e7\u00e3o de 170 escolas da rede; fortalece o \u2018Selo\u2019 e os Protocolos Antirracistas O Governo de Sergipe, por meio da Secretaria de Estado da Educa\u00e7\u00e3o (Seed), refor\u00e7a a\u00e7\u00f5es de enfrentamento ao [&hellip;]","og_url":"https:\/\/ocoerente.com.br\/se\/2025\/11\/20\/governo-de-sergipe-reforca-acoes-de-enfrentamento-ao-racismo-nas-escolas-da-rede-publica\/","og_site_name":"O Coerente","article_published_time":"2025-11-21T02:14:10+00:00","article_modified_time":"2025-11-21T02:14:11+00:00","og_image":[{"width":1100,"height":610,"url":"https:\/\/ocoerente.com.br\/se\/wp-content\/uploads\/2025\/11\/d81c4e9165c06f.jpg","type":"image\/jpeg"}],"author":"Reda\u00e7\u00e3o","twitter_card":"summary_large_image","twitter_misc":{"Escrito por":"Reda\u00e7\u00e3o","Est. tempo de leitura":"6 minutos"},"schema":{"@context":"https:\/\/schema.org","@graph":[{"@type":"Article","@id":"https:\/\/ocoerente.com.br\/se\/2025\/11\/20\/governo-de-sergipe-reforca-acoes-de-enfrentamento-ao-racismo-nas-escolas-da-rede-publica\/#article","isPartOf":{"@id":"https:\/\/ocoerente.com.br\/se\/2025\/11\/20\/governo-de-sergipe-reforca-acoes-de-enfrentamento-ao-racismo-nas-escolas-da-rede-publica\/"},"author":{"name":"Reda\u00e7\u00e3o","@id":"https:\/\/ocoerente.com.br\/se\/#\/schema\/person\/cc6bfd9fbca465e23543b0c963d8d037"},"headline":"Governo de Sergipe refor\u00e7a a\u00e7\u00f5es de enfrentamento ao racismo nas escolas da rede p\u00fablica","datePublished":"2025-11-21T02:14:10+00:00","dateModified":"2025-11-21T02:14:11+00:00","mainEntityOfPage":{"@id":"https:\/\/ocoerente.com.br\/se\/2025\/11\/20\/governo-de-sergipe-reforca-acoes-de-enfrentamento-ao-racismo-nas-escolas-da-rede-publica\/"},"wordCount":1027,"publisher":{"@id":"https:\/\/ocoerente.com.br\/se\/#\/schema\/person\/cc6bfd9fbca465e23543b0c963d8d037"},"image":{"@id":"https:\/\/ocoerente.com.br\/se\/2025\/11\/20\/governo-de-sergipe-reforca-acoes-de-enfrentamento-ao-racismo-nas-escolas-da-rede-publica\/#primaryimage"},"thumbnailUrl":"https:\/\/ocoerente.com.br\/se\/wp-content\/uploads\/2025\/11\/d81c4e9165c06f.jpg","articleSection":["Destaques","Sergipe"],"inLanguage":"pt-BR"},{"@type":"WebPage","@id":"https:\/\/ocoerente.com.br\/se\/2025\/11\/20\/governo-de-sergipe-reforca-acoes-de-enfrentamento-ao-racismo-nas-escolas-da-rede-publica\/","url":"https:\/\/ocoerente.com.br\/se\/2025\/11\/20\/governo-de-sergipe-reforca-acoes-de-enfrentamento-ao-racismo-nas-escolas-da-rede-publica\/","name":"Governo de Sergipe refor\u00e7a a\u00e7\u00f5es de enfrentamento ao racismo nas escolas da rede p\u00fablica - O Coerente","isPartOf":{"@id":"https:\/\/ocoerente.com.br\/se\/#website"},"primaryImageOfPage":{"@id":"https:\/\/ocoerente.com.br\/se\/2025\/11\/20\/governo-de-sergipe-reforca-acoes-de-enfrentamento-ao-racismo-nas-escolas-da-rede-publica\/#primaryimage"},"image":{"@id":"https:\/\/ocoerente.com.br\/se\/2025\/11\/20\/governo-de-sergipe-reforca-acoes-de-enfrentamento-ao-racismo-nas-escolas-da-rede-publica\/#primaryimage"},"thumbnailUrl":"https:\/\/ocoerente.com.br\/se\/wp-content\/uploads\/2025\/11\/d81c4e9165c06f.jpg","datePublished":"2025-11-21T02:14:10+00:00","dateModified":"2025-11-21T02:14:11+00:00","breadcrumb":{"@id":"https:\/\/ocoerente.com.br\/se\/2025\/11\/20\/governo-de-sergipe-reforca-acoes-de-enfrentamento-ao-racismo-nas-escolas-da-rede-publica\/#breadcrumb"},"inLanguage":"pt-BR","potentialAction":[{"@type":"ReadAction","target":["https:\/\/ocoerente.com.br\/se\/2025\/11\/20\/governo-de-sergipe-reforca-acoes-de-enfrentamento-ao-racismo-nas-escolas-da-rede-publica\/"]}]},{"@type":"ImageObject","inLanguage":"pt-BR","@id":"https:\/\/ocoerente.com.br\/se\/2025\/11\/20\/governo-de-sergipe-reforca-acoes-de-enfrentamento-ao-racismo-nas-escolas-da-rede-publica\/#primaryimage","url":"https:\/\/ocoerente.com.br\/se\/wp-content\/uploads\/2025\/11\/d81c4e9165c06f.jpg","contentUrl":"https:\/\/ocoerente.com.br\/se\/wp-content\/uploads\/2025\/11\/d81c4e9165c06f.jpg","width":1100,"height":610,"caption":"Fotos: Ascom Seed"},{"@type":"BreadcrumbList","@id":"https:\/\/ocoerente.com.br\/se\/2025\/11\/20\/governo-de-sergipe-reforca-acoes-de-enfrentamento-ao-racismo-nas-escolas-da-rede-publica\/#breadcrumb","itemListElement":[{"@type":"ListItem","position":1,"name":"In\u00edcio","item":"https:\/\/ocoerente.com.br\/se\/"},{"@type":"ListItem","position":2,"name":"Governo de Sergipe refor\u00e7a a\u00e7\u00f5es de enfrentamento ao racismo nas escolas da rede p\u00fablica"}]},{"@type":"WebSite","@id":"https:\/\/ocoerente.com.br\/se\/#website","url":"https:\/\/ocoerente.com.br\/se\/","name":"O Coerente","description":"","publisher":{"@id":"https:\/\/ocoerente.com.br\/se\/#\/schema\/person\/cc6bfd9fbca465e23543b0c963d8d037"},"potentialAction":[{"@type":"SearchAction","target":{"@type":"EntryPoint","urlTemplate":"https:\/\/ocoerente.com.br\/se\/?s={search_term_string}"},"query-input":{"@type":"PropertyValueSpecification","valueRequired":true,"valueName":"search_term_string"}}],"inLanguage":"pt-BR"},{"@type":["Person","Organization"],"@id":"https:\/\/ocoerente.com.br\/se\/#\/schema\/person\/cc6bfd9fbca465e23543b0c963d8d037","name":"Reda\u00e7\u00e3o","image":{"@type":"ImageObject","inLanguage":"pt-BR","@id":"https:\/\/ocoerente.com.br\/se\/wp-content\/uploads\/2020\/01\/ocoerente-1.png","url":"https:\/\/ocoerente.com.br\/se\/wp-content\/uploads\/2020\/01\/ocoerente-1.png","contentUrl":"https:\/\/ocoerente.com.br\/se\/wp-content\/uploads\/2020\/01\/ocoerente-1.png","width":50,"height":50,"caption":"Reda\u00e7\u00e3o"},"logo":{"@id":"https:\/\/ocoerente.com.br\/se\/wp-content\/uploads\/2020\/01\/ocoerente-1.png"},"url":"https:\/\/ocoerente.com.br\/se\/author\/vasticlsales\/"}]}},"_links":{"self":[{"href":"https:\/\/ocoerente.com.br\/se\/wp-json\/wp\/v2\/posts\/17644","targetHints":{"allow":["GET"]}}],"collection":[{"href":"https:\/\/ocoerente.com.br\/se\/wp-json\/wp\/v2\/posts"}],"about":[{"href":"https:\/\/ocoerente.com.br\/se\/wp-json\/wp\/v2\/types\/post"}],"author":[{"embeddable":true,"href":"https:\/\/ocoerente.com.br\/se\/wp-json\/wp\/v2\/users\/1"}],"replies":[{"embeddable":true,"href":"https:\/\/ocoerente.com.br\/se\/wp-json\/wp\/v2\/comments?post=17644"}],"version-history":[{"count":1,"href":"https:\/\/ocoerente.com.br\/se\/wp-json\/wp\/v2\/posts\/17644\/revisions"}],"predecessor-version":[{"id":17646,"href":"https:\/\/ocoerente.com.br\/se\/wp-json\/wp\/v2\/posts\/17644\/revisions\/17646"}],"wp:featuredmedia":[{"embeddable":true,"href":"https:\/\/ocoerente.com.br\/se\/wp-json\/wp\/v2\/media\/17645"}],"wp:attachment":[{"href":"https:\/\/ocoerente.com.br\/se\/wp-json\/wp\/v2\/media?parent=17644"}],"wp:term":[{"taxonomy":"category","embeddable":true,"href":"https:\/\/ocoerente.com.br\/se\/wp-json\/wp\/v2\/categories?post=17644"},{"taxonomy":"post_tag","embeddable":true,"href":"https:\/\/ocoerente.com.br\/se\/wp-json\/wp\/v2\/tags?post=17644"}],"curies":[{"name":"wp","href":"https:\/\/api.w.org\/{rel}","templated":true}]}}