{"id":17641,"date":"2025-11-20T23:12:19","date_gmt":"2025-11-21T02:12:19","guid":{"rendered":"https:\/\/ocoerente.com.br\/se\/?p=17641"},"modified":"2025-11-20T23:12:20","modified_gmt":"2025-11-21T02:12:20","slug":"governo-do-estado-realiza-entrega-de-epis-e-capacitacao-para-catadores-no-fasc-por-meio-do-coleta-do-bem","status":"publish","type":"post","link":"https:\/\/ocoerente.com.br\/se\/2025\/11\/20\/governo-do-estado-realiza-entrega-de-epis-e-capacitacao-para-catadores-no-fasc-por-meio-do-coleta-do-bem\/","title":{"rendered":"Governo do Estado realiza entrega de EPIs e capacita\u00e7\u00e3o para catadores no Fasc por meio do \u2018Coleta do Bem\u2019"},"content":{"rendered":"\n<p><em>Vinte trabalhadores participaram do evento, realizado nesta quarta<\/em><\/p>\n\n\n\n<p>O Governo de Sergipe, por meio da Secretaria de Estado do Meio Ambiente, Sustentabilidade e A\u00e7\u00f5es Clim\u00e1ticas (Semac), realizou na \u00faltima quarta-feira, 19, a entrega de 20 kits de Equipamentos de Prote\u00e7\u00e3o Individual (EPIs) e materiais de higiene pessoal aos catadores e catadoras que atuar\u00e3o na coleta seletiva durante o Festival de Artes de S\u00e3o Crist\u00f3v\u00e3o (Fasc). O evento acontece entre os dias 20 e 23 de novembro, em S\u00e3o Crist\u00f3v\u00e3o, munic\u00edpio da Grande Aracaju.<\/p>\n\n\n\n<p>A a\u00e7\u00e3o foi realizada em parceria com a Prefeitura Municipal de S\u00e3o Crist\u00f3v\u00e3o, por meio da Secretaria Municipal do Meio Ambiente, e integra as a\u00e7\u00f5es do programa Coleta do Bem. O projeto \u00e9 uma iniciativa da Semac que visa refor\u00e7ar a valoriza\u00e7\u00e3o social dos catadores, fortalecer a coleta seletiva e promover boas pr\u00e1ticas ambientais durante grandes eventos no estado.<\/p>\n\n\n\n<p>Para a secret\u00e1ria de Estado do Meio Ambiente, Sustentabilidade e A\u00e7\u00f5es Clim\u00e1ticas, Deborah Menezes Dias, a\u00e7\u00f5es como essa refletem a prioridade da gest\u00e3o para fortalecer pol\u00edticas p\u00fablicas sustent\u00e1veis, de forma integrada e socialmente justa. \u201cOs catadores desempenham um papel fundamental na cadeia da reciclagem e na redu\u00e7\u00e3o de impactos ambientais, especialmente em eventos de grande porte como o Fasc. Ao oferecer capacita\u00e7\u00e3o e EPIs, garantimos mais dignidade, seguran\u00e7a e reconhecimento para esses profissionais, que s\u00e3o parte essencial da pol\u00edtica ambiental do estado\u201d, destacou.&nbsp;<\/p>\n\n\n\n<p>Durante o ato de entrega dos materiais, o prefeito de S\u00e3o Crist\u00f3v\u00e3o, J\u00falio Nascimento J\u00fanior, ressaltou a parceria com o Governo do Estado, que afirmou considerar fundamental para a realiza\u00e7\u00e3o do festival. \u201cO Governo de Sergipe se faz presente n\u00e3o somente com o apoio financeiro ao Fasc, mas tamb\u00e9m de forma ativa, participando do Fasc Sustent\u00e1vel\u201d, garante.&nbsp;<\/p>\n\n\n\n<p>O kit contempla itens como camisas UV de manga longa, bon\u00e9 \u00e1rabe, botas de couro com solado de borracha, protetor solar, protetor auricular, luvas de malha PU, ecobag, shampoo, condicionador, desodorante, sabonete, escova de dente, creme dental e absorventes.&nbsp;<\/p>\n\n\n\n<p>Al\u00e9m da entrega dos conjuntos, a programa\u00e7\u00e3o incluiu um encontro com os catadores, momento dedicado ao reconhecimento e valoriza\u00e7\u00e3o desses profissionais. Conduzida pela Ger\u00eancia de Res\u00edduos S\u00f3lidos da Semac, a capacita\u00e7\u00e3o abordou temas como seguran\u00e7a no trabalho, uso correto dos EPIs, manejo adequado dos res\u00edduos e sensibiliza\u00e7\u00e3o ambiental, refor\u00e7ando o compromisso com a prote\u00e7\u00e3o da sa\u00fade dos trabalhadores e com a gest\u00e3o ambiental respons\u00e1vel.<\/p>\n\n\n\n<p>Para Diana Ferreira da Silva, que recolhe res\u00edduos recicl\u00e1veis h\u00e1 cinco anos e \u00e9 integrante&nbsp; da Associa\u00e7\u00e3o de Catadores de S\u00e3o Crist\u00f3v\u00e3o, os equipamentos de seguran\u00e7a s\u00e3o fundamentais para a atividade que realiza. \u201cMexemos com materiais cortantes e trabalhamos no sol. As ferramentas&nbsp; v\u00e3o ajudar a nos proteger\u201d, enfatizou. Marivaldo Ara\u00fajo trabalha com reciclagem h\u00e1 dois anos e est\u00e1 animado para atuar pela primeira vez no Fasc. \u201cEste servi\u00e7o \u00e9 um complemento de renda importante para minha fam\u00edlia\u201d, contou.&nbsp;<\/p>\n\n\n\n<p>J\u00e1 a contemplada Fabiana de Santana, catadora h\u00e1 dez meses, lembrou que o projeto Coleta do Bem \u00e9 uma forma de valoriza\u00e7\u00e3o dos profissionais. \u201c\u00c9 um reconhecimento pela nossa contribui\u00e7\u00e3o ao meio ambiente\u201d, afirmou.<\/p>\n\n\n\n<p>Com milhares de visitantes, o Fasc \u00e9 um dos principais eventos culturais de Sergipe e, com o apoio da Semac, refor\u00e7a o compromisso com pr\u00e1ticas sustent\u00e1veis e com a inclus\u00e3o social dos catadores e catadoras que atuam na coleta de res\u00edduos recicl\u00e1veis.<\/p>\n\n\n\n<p><strong>Sobre o Fasc<\/strong><\/p>\n\n\n\n<p>O Festival de Artes de S\u00e3o Crist\u00f3v\u00e3o consolidou-se desde a d\u00e9cada de 1970 como um dos maiores encontros culturais do Nordeste, reunindo artistas locais e de diversas partes do pa\u00eds em m\u00faltiplas linguagens art\u00edsticas. Ap\u00f3s um intervalo em 2005, o evento retornou em 2017, reafirmando o papel de S\u00e3o Crist\u00f3v\u00e3o como um importante polo de produ\u00e7\u00e3o e difus\u00e3o cultural no Brasil.<\/p>\n\n\n\n<p>Com palcos espalhados pelo Centro Hist\u00f3rico e tamb\u00e9m em diferentes bairros, o Fasc oferece uma viv\u00eancia completa, que integra m\u00fasica, teatro, dan\u00e7a, literatura, artes visuais, cinema e outras express\u00f5es, celebrando a riqueza cultural da quarta cidade mais antiga do pa\u00eds.<\/p>\n\n\n\n<p>O Fasc \u00e9 apresentado pelo Minist\u00e9rio da Cultura, com realiza\u00e7\u00e3o da Prefeitura de S\u00e3o Crist\u00f3v\u00e3o, por interm\u00e9dio da Funda\u00e7\u00e3o Municipal do Patrim\u00f4nio e da Cultura Jo\u00e3o Bebe \u00c1gua (Fumpac) e do Encontro Sancristovense de Cultura Popular e Outras Artes (Escoa); Governo do Estado de Sergipe, atrav\u00e9s da Funda\u00e7\u00e3o de Cultura e Arte Aperip\u00ea (Funcap) e Governo do Brasil. O Festival conta ainda com patroc\u00ednio da Celi, Banco do Nordeste, Igu\u00e1 Sergipe, Ecoparque Sergipe e Caixa. O apoio fica por conta da SE \u2013 Sistema Engenharia, Colortex Tintas, Unir Loca\u00e7\u00f5es e Servi\u00e7os e Vit\u00f3ria Transportes.<\/p>\n\n\n\n<p>Governo de Sergipe<\/p>\n","protected":false},"excerpt":{"rendered":"<p>Vinte trabalhadores participaram do evento, realizado nesta quarta O Governo de Sergipe, por meio da Secretaria de Estado do Meio Ambiente, Sustentabilidade e A\u00e7\u00f5es Clim\u00e1ticas (Semac), realizou na \u00faltima quarta-feira, 19, a entrega de 20 kits de Equipamentos de Prote\u00e7\u00e3o Individual (EPIs) e materiais de higiene pessoal aos catadores e catadoras que atuar\u00e3o na coleta [&hellip;]<\/p>\n","protected":false},"author":1,"featured_media":17642,"comment_status":"closed","ping_status":"closed","sticky":false,"template":"","format":"standard","meta":{"footnotes":""},"categories":[53,57],"tags":[],"class_list":["post-17641","post","type-post","status-publish","format-standard","has-post-thumbnail","hentry","category-destaques","category-oportunidades"],"yoast_head":"<!-- This site is optimized with the Yoast SEO plugin v27.4 - https:\/\/yoast.com\/product\/yoast-seo-wordpress\/ -->\n<title>Governo do Estado realiza entrega de EPIs e capacita\u00e7\u00e3o para catadores no Fasc por meio do \u2018Coleta do Bem\u2019 - O Coerente<\/title>\n<meta name=\"robots\" content=\"index, follow, max-snippet:-1, max-image-preview:large, max-video-preview:-1\" \/>\n<link rel=\"canonical\" href=\"https:\/\/ocoerente.com.br\/se\/2025\/11\/20\/governo-do-estado-realiza-entrega-de-epis-e-capacitacao-para-catadores-no-fasc-por-meio-do-coleta-do-bem\/\" \/>\n<meta property=\"og:locale\" content=\"pt_BR\" \/>\n<meta property=\"og:type\" content=\"article\" \/>\n<meta property=\"og:title\" content=\"Governo do Estado realiza entrega de EPIs e capacita\u00e7\u00e3o para catadores no Fasc por meio do \u2018Coleta do Bem\u2019 - O Coerente\" \/>\n<meta property=\"og:description\" content=\"Vinte trabalhadores participaram do evento, realizado nesta quarta O Governo de Sergipe, por meio da Secretaria de Estado do Meio Ambiente, Sustentabilidade e A\u00e7\u00f5es Clim\u00e1ticas (Semac), realizou na \u00faltima quarta-feira, 19, a entrega de 20 kits de Equipamentos de Prote\u00e7\u00e3o Individual (EPIs) e materiais de higiene pessoal aos catadores e catadoras que atuar\u00e3o na coleta [&hellip;]\" \/>\n<meta property=\"og:url\" content=\"https:\/\/ocoerente.com.br\/se\/2025\/11\/20\/governo-do-estado-realiza-entrega-de-epis-e-capacitacao-para-catadores-no-fasc-por-meio-do-coleta-do-bem\/\" \/>\n<meta property=\"og:site_name\" content=\"O Coerente\" \/>\n<meta property=\"article:published_time\" content=\"2025-11-21T02:12:19+00:00\" \/>\n<meta property=\"article:modified_time\" content=\"2025-11-21T02:12:20+00:00\" \/>\n<meta property=\"og:image\" content=\"https:\/\/ocoerente.com.br\/se\/wp-content\/uploads\/2025\/11\/8ee02222d2904.jpeg\" \/>\n\t<meta property=\"og:image:width\" content=\"1100\" \/>\n\t<meta property=\"og:image:height\" content=\"610\" \/>\n\t<meta property=\"og:image:type\" content=\"image\/jpeg\" \/>\n<meta name=\"author\" content=\"Reda\u00e7\u00e3o\" \/>\n<meta name=\"twitter:card\" content=\"summary_large_image\" \/>\n<meta name=\"twitter:label1\" content=\"Escrito por\" \/>\n\t<meta name=\"twitter:data1\" content=\"Reda\u00e7\u00e3o\" \/>\n\t<meta name=\"twitter:label2\" content=\"Est. tempo de leitura\" \/>\n\t<meta name=\"twitter:data2\" content=\"5 minutos\" \/>\n<script type=\"application\/ld+json\" class=\"yoast-schema-graph\">{\"@context\":\"https:\\\/\\\/schema.org\",\"@graph\":[{\"@type\":\"Article\",\"@id\":\"https:\\\/\\\/ocoerente.com.br\\\/se\\\/2025\\\/11\\\/20\\\/governo-do-estado-realiza-entrega-de-epis-e-capacitacao-para-catadores-no-fasc-por-meio-do-coleta-do-bem\\\/#article\",\"isPartOf\":{\"@id\":\"https:\\\/\\\/ocoerente.com.br\\\/se\\\/2025\\\/11\\\/20\\\/governo-do-estado-realiza-entrega-de-epis-e-capacitacao-para-catadores-no-fasc-por-meio-do-coleta-do-bem\\\/\"},\"author\":{\"name\":\"Reda\u00e7\u00e3o\",\"@id\":\"https:\\\/\\\/ocoerente.com.br\\\/se\\\/#\\\/schema\\\/person\\\/cc6bfd9fbca465e23543b0c963d8d037\"},\"headline\":\"Governo do Estado realiza entrega de EPIs e capacita\u00e7\u00e3o para catadores no Fasc por meio do \u2018Coleta do Bem\u2019\",\"datePublished\":\"2025-11-21T02:12:19+00:00\",\"dateModified\":\"2025-11-21T02:12:20+00:00\",\"mainEntityOfPage\":{\"@id\":\"https:\\\/\\\/ocoerente.com.br\\\/se\\\/2025\\\/11\\\/20\\\/governo-do-estado-realiza-entrega-de-epis-e-capacitacao-para-catadores-no-fasc-por-meio-do-coleta-do-bem\\\/\"},\"wordCount\":863,\"publisher\":{\"@id\":\"https:\\\/\\\/ocoerente.com.br\\\/se\\\/#\\\/schema\\\/person\\\/cc6bfd9fbca465e23543b0c963d8d037\"},\"image\":{\"@id\":\"https:\\\/\\\/ocoerente.com.br\\\/se\\\/2025\\\/11\\\/20\\\/governo-do-estado-realiza-entrega-de-epis-e-capacitacao-para-catadores-no-fasc-por-meio-do-coleta-do-bem\\\/#primaryimage\"},\"thumbnailUrl\":\"https:\\\/\\\/ocoerente.com.br\\\/se\\\/wp-content\\\/uploads\\\/2025\\\/11\\\/8ee02222d2904.jpeg\",\"articleSection\":[\"Destaques\",\"Oportunidades\"],\"inLanguage\":\"pt-BR\"},{\"@type\":\"WebPage\",\"@id\":\"https:\\\/\\\/ocoerente.com.br\\\/se\\\/2025\\\/11\\\/20\\\/governo-do-estado-realiza-entrega-de-epis-e-capacitacao-para-catadores-no-fasc-por-meio-do-coleta-do-bem\\\/\",\"url\":\"https:\\\/\\\/ocoerente.com.br\\\/se\\\/2025\\\/11\\\/20\\\/governo-do-estado-realiza-entrega-de-epis-e-capacitacao-para-catadores-no-fasc-por-meio-do-coleta-do-bem\\\/\",\"name\":\"Governo do Estado realiza entrega de EPIs e capacita\u00e7\u00e3o para catadores no Fasc por meio do \u2018Coleta do Bem\u2019 - O Coerente\",\"isPartOf\":{\"@id\":\"https:\\\/\\\/ocoerente.com.br\\\/se\\\/#website\"},\"primaryImageOfPage\":{\"@id\":\"https:\\\/\\\/ocoerente.com.br\\\/se\\\/2025\\\/11\\\/20\\\/governo-do-estado-realiza-entrega-de-epis-e-capacitacao-para-catadores-no-fasc-por-meio-do-coleta-do-bem\\\/#primaryimage\"},\"image\":{\"@id\":\"https:\\\/\\\/ocoerente.com.br\\\/se\\\/2025\\\/11\\\/20\\\/governo-do-estado-realiza-entrega-de-epis-e-capacitacao-para-catadores-no-fasc-por-meio-do-coleta-do-bem\\\/#primaryimage\"},\"thumbnailUrl\":\"https:\\\/\\\/ocoerente.com.br\\\/se\\\/wp-content\\\/uploads\\\/2025\\\/11\\\/8ee02222d2904.jpeg\",\"datePublished\":\"2025-11-21T02:12:19+00:00\",\"dateModified\":\"2025-11-21T02:12:20+00:00\",\"breadcrumb\":{\"@id\":\"https:\\\/\\\/ocoerente.com.br\\\/se\\\/2025\\\/11\\\/20\\\/governo-do-estado-realiza-entrega-de-epis-e-capacitacao-para-catadores-no-fasc-por-meio-do-coleta-do-bem\\\/#breadcrumb\"},\"inLanguage\":\"pt-BR\",\"potentialAction\":[{\"@type\":\"ReadAction\",\"target\":[\"https:\\\/\\\/ocoerente.com.br\\\/se\\\/2025\\\/11\\\/20\\\/governo-do-estado-realiza-entrega-de-epis-e-capacitacao-para-catadores-no-fasc-por-meio-do-coleta-do-bem\\\/\"]}]},{\"@type\":\"ImageObject\",\"inLanguage\":\"pt-BR\",\"@id\":\"https:\\\/\\\/ocoerente.com.br\\\/se\\\/2025\\\/11\\\/20\\\/governo-do-estado-realiza-entrega-de-epis-e-capacitacao-para-catadores-no-fasc-por-meio-do-coleta-do-bem\\\/#primaryimage\",\"url\":\"https:\\\/\\\/ocoerente.com.br\\\/se\\\/wp-content\\\/uploads\\\/2025\\\/11\\\/8ee02222d2904.jpeg\",\"contentUrl\":\"https:\\\/\\\/ocoerente.com.br\\\/se\\\/wp-content\\\/uploads\\\/2025\\\/11\\\/8ee02222d2904.jpeg\",\"width\":1100,\"height\":610,\"caption\":\"Fotos: Ascom\\\/Semac\"},{\"@type\":\"BreadcrumbList\",\"@id\":\"https:\\\/\\\/ocoerente.com.br\\\/se\\\/2025\\\/11\\\/20\\\/governo-do-estado-realiza-entrega-de-epis-e-capacitacao-para-catadores-no-fasc-por-meio-do-coleta-do-bem\\\/#breadcrumb\",\"itemListElement\":[{\"@type\":\"ListItem\",\"position\":1,\"name\":\"In\u00edcio\",\"item\":\"https:\\\/\\\/ocoerente.com.br\\\/se\\\/\"},{\"@type\":\"ListItem\",\"position\":2,\"name\":\"Governo do Estado realiza entrega de EPIs e capacita\u00e7\u00e3o para catadores no Fasc por meio do \u2018Coleta do Bem\u2019\"}]},{\"@type\":\"WebSite\",\"@id\":\"https:\\\/\\\/ocoerente.com.br\\\/se\\\/#website\",\"url\":\"https:\\\/\\\/ocoerente.com.br\\\/se\\\/\",\"name\":\"O Coerente\",\"description\":\"\",\"publisher\":{\"@id\":\"https:\\\/\\\/ocoerente.com.br\\\/se\\\/#\\\/schema\\\/person\\\/cc6bfd9fbca465e23543b0c963d8d037\"},\"potentialAction\":[{\"@type\":\"SearchAction\",\"target\":{\"@type\":\"EntryPoint\",\"urlTemplate\":\"https:\\\/\\\/ocoerente.com.br\\\/se\\\/?s={search_term_string}\"},\"query-input\":{\"@type\":\"PropertyValueSpecification\",\"valueRequired\":true,\"valueName\":\"search_term_string\"}}],\"inLanguage\":\"pt-BR\"},{\"@type\":[\"Person\",\"Organization\"],\"@id\":\"https:\\\/\\\/ocoerente.com.br\\\/se\\\/#\\\/schema\\\/person\\\/cc6bfd9fbca465e23543b0c963d8d037\",\"name\":\"Reda\u00e7\u00e3o\",\"image\":{\"@type\":\"ImageObject\",\"inLanguage\":\"pt-BR\",\"@id\":\"https:\\\/\\\/ocoerente.com.br\\\/se\\\/wp-content\\\/uploads\\\/2020\\\/01\\\/ocoerente-1.png\",\"url\":\"https:\\\/\\\/ocoerente.com.br\\\/se\\\/wp-content\\\/uploads\\\/2020\\\/01\\\/ocoerente-1.png\",\"contentUrl\":\"https:\\\/\\\/ocoerente.com.br\\\/se\\\/wp-content\\\/uploads\\\/2020\\\/01\\\/ocoerente-1.png\",\"width\":50,\"height\":50,\"caption\":\"Reda\u00e7\u00e3o\"},\"logo\":{\"@id\":\"https:\\\/\\\/ocoerente.com.br\\\/se\\\/wp-content\\\/uploads\\\/2020\\\/01\\\/ocoerente-1.png\"},\"url\":\"https:\\\/\\\/ocoerente.com.br\\\/se\\\/author\\\/vasticlsales\\\/\"}]}<\/script>\n<!-- \/ Yoast SEO plugin. -->","yoast_head_json":{"title":"Governo do Estado realiza entrega de EPIs e capacita\u00e7\u00e3o para catadores no Fasc por meio do \u2018Coleta do Bem\u2019 - O Coerente","robots":{"index":"index","follow":"follow","max-snippet":"max-snippet:-1","max-image-preview":"max-image-preview:large","max-video-preview":"max-video-preview:-1"},"canonical":"https:\/\/ocoerente.com.br\/se\/2025\/11\/20\/governo-do-estado-realiza-entrega-de-epis-e-capacitacao-para-catadores-no-fasc-por-meio-do-coleta-do-bem\/","og_locale":"pt_BR","og_type":"article","og_title":"Governo do Estado realiza entrega de EPIs e capacita\u00e7\u00e3o para catadores no Fasc por meio do \u2018Coleta do Bem\u2019 - O Coerente","og_description":"Vinte trabalhadores participaram do evento, realizado nesta quarta O Governo de Sergipe, por meio da Secretaria de Estado do Meio Ambiente, Sustentabilidade e A\u00e7\u00f5es Clim\u00e1ticas (Semac), realizou na \u00faltima quarta-feira, 19, a entrega de 20 kits de Equipamentos de Prote\u00e7\u00e3o Individual (EPIs) e materiais de higiene pessoal aos catadores e catadoras que atuar\u00e3o na coleta [&hellip;]","og_url":"https:\/\/ocoerente.com.br\/se\/2025\/11\/20\/governo-do-estado-realiza-entrega-de-epis-e-capacitacao-para-catadores-no-fasc-por-meio-do-coleta-do-bem\/","og_site_name":"O Coerente","article_published_time":"2025-11-21T02:12:19+00:00","article_modified_time":"2025-11-21T02:12:20+00:00","og_image":[{"width":1100,"height":610,"url":"https:\/\/ocoerente.com.br\/se\/wp-content\/uploads\/2025\/11\/8ee02222d2904.jpeg","type":"image\/jpeg"}],"author":"Reda\u00e7\u00e3o","twitter_card":"summary_large_image","twitter_misc":{"Escrito por":"Reda\u00e7\u00e3o","Est. tempo de leitura":"5 minutos"},"schema":{"@context":"https:\/\/schema.org","@graph":[{"@type":"Article","@id":"https:\/\/ocoerente.com.br\/se\/2025\/11\/20\/governo-do-estado-realiza-entrega-de-epis-e-capacitacao-para-catadores-no-fasc-por-meio-do-coleta-do-bem\/#article","isPartOf":{"@id":"https:\/\/ocoerente.com.br\/se\/2025\/11\/20\/governo-do-estado-realiza-entrega-de-epis-e-capacitacao-para-catadores-no-fasc-por-meio-do-coleta-do-bem\/"},"author":{"name":"Reda\u00e7\u00e3o","@id":"https:\/\/ocoerente.com.br\/se\/#\/schema\/person\/cc6bfd9fbca465e23543b0c963d8d037"},"headline":"Governo do Estado realiza entrega de EPIs e capacita\u00e7\u00e3o para catadores no Fasc por meio do \u2018Coleta do Bem\u2019","datePublished":"2025-11-21T02:12:19+00:00","dateModified":"2025-11-21T02:12:20+00:00","mainEntityOfPage":{"@id":"https:\/\/ocoerente.com.br\/se\/2025\/11\/20\/governo-do-estado-realiza-entrega-de-epis-e-capacitacao-para-catadores-no-fasc-por-meio-do-coleta-do-bem\/"},"wordCount":863,"publisher":{"@id":"https:\/\/ocoerente.com.br\/se\/#\/schema\/person\/cc6bfd9fbca465e23543b0c963d8d037"},"image":{"@id":"https:\/\/ocoerente.com.br\/se\/2025\/11\/20\/governo-do-estado-realiza-entrega-de-epis-e-capacitacao-para-catadores-no-fasc-por-meio-do-coleta-do-bem\/#primaryimage"},"thumbnailUrl":"https:\/\/ocoerente.com.br\/se\/wp-content\/uploads\/2025\/11\/8ee02222d2904.jpeg","articleSection":["Destaques","Oportunidades"],"inLanguage":"pt-BR"},{"@type":"WebPage","@id":"https:\/\/ocoerente.com.br\/se\/2025\/11\/20\/governo-do-estado-realiza-entrega-de-epis-e-capacitacao-para-catadores-no-fasc-por-meio-do-coleta-do-bem\/","url":"https:\/\/ocoerente.com.br\/se\/2025\/11\/20\/governo-do-estado-realiza-entrega-de-epis-e-capacitacao-para-catadores-no-fasc-por-meio-do-coleta-do-bem\/","name":"Governo do Estado realiza entrega de EPIs e capacita\u00e7\u00e3o para catadores no Fasc por meio do \u2018Coleta do Bem\u2019 - O Coerente","isPartOf":{"@id":"https:\/\/ocoerente.com.br\/se\/#website"},"primaryImageOfPage":{"@id":"https:\/\/ocoerente.com.br\/se\/2025\/11\/20\/governo-do-estado-realiza-entrega-de-epis-e-capacitacao-para-catadores-no-fasc-por-meio-do-coleta-do-bem\/#primaryimage"},"image":{"@id":"https:\/\/ocoerente.com.br\/se\/2025\/11\/20\/governo-do-estado-realiza-entrega-de-epis-e-capacitacao-para-catadores-no-fasc-por-meio-do-coleta-do-bem\/#primaryimage"},"thumbnailUrl":"https:\/\/ocoerente.com.br\/se\/wp-content\/uploads\/2025\/11\/8ee02222d2904.jpeg","datePublished":"2025-11-21T02:12:19+00:00","dateModified":"2025-11-21T02:12:20+00:00","breadcrumb":{"@id":"https:\/\/ocoerente.com.br\/se\/2025\/11\/20\/governo-do-estado-realiza-entrega-de-epis-e-capacitacao-para-catadores-no-fasc-por-meio-do-coleta-do-bem\/#breadcrumb"},"inLanguage":"pt-BR","potentialAction":[{"@type":"ReadAction","target":["https:\/\/ocoerente.com.br\/se\/2025\/11\/20\/governo-do-estado-realiza-entrega-de-epis-e-capacitacao-para-catadores-no-fasc-por-meio-do-coleta-do-bem\/"]}]},{"@type":"ImageObject","inLanguage":"pt-BR","@id":"https:\/\/ocoerente.com.br\/se\/2025\/11\/20\/governo-do-estado-realiza-entrega-de-epis-e-capacitacao-para-catadores-no-fasc-por-meio-do-coleta-do-bem\/#primaryimage","url":"https:\/\/ocoerente.com.br\/se\/wp-content\/uploads\/2025\/11\/8ee02222d2904.jpeg","contentUrl":"https:\/\/ocoerente.com.br\/se\/wp-content\/uploads\/2025\/11\/8ee02222d2904.jpeg","width":1100,"height":610,"caption":"Fotos: Ascom\/Semac"},{"@type":"BreadcrumbList","@id":"https:\/\/ocoerente.com.br\/se\/2025\/11\/20\/governo-do-estado-realiza-entrega-de-epis-e-capacitacao-para-catadores-no-fasc-por-meio-do-coleta-do-bem\/#breadcrumb","itemListElement":[{"@type":"ListItem","position":1,"name":"In\u00edcio","item":"https:\/\/ocoerente.com.br\/se\/"},{"@type":"ListItem","position":2,"name":"Governo do Estado realiza entrega de EPIs e capacita\u00e7\u00e3o para catadores no Fasc por meio do \u2018Coleta do Bem\u2019"}]},{"@type":"WebSite","@id":"https:\/\/ocoerente.com.br\/se\/#website","url":"https:\/\/ocoerente.com.br\/se\/","name":"O Coerente","description":"","publisher":{"@id":"https:\/\/ocoerente.com.br\/se\/#\/schema\/person\/cc6bfd9fbca465e23543b0c963d8d037"},"potentialAction":[{"@type":"SearchAction","target":{"@type":"EntryPoint","urlTemplate":"https:\/\/ocoerente.com.br\/se\/?s={search_term_string}"},"query-input":{"@type":"PropertyValueSpecification","valueRequired":true,"valueName":"search_term_string"}}],"inLanguage":"pt-BR"},{"@type":["Person","Organization"],"@id":"https:\/\/ocoerente.com.br\/se\/#\/schema\/person\/cc6bfd9fbca465e23543b0c963d8d037","name":"Reda\u00e7\u00e3o","image":{"@type":"ImageObject","inLanguage":"pt-BR","@id":"https:\/\/ocoerente.com.br\/se\/wp-content\/uploads\/2020\/01\/ocoerente-1.png","url":"https:\/\/ocoerente.com.br\/se\/wp-content\/uploads\/2020\/01\/ocoerente-1.png","contentUrl":"https:\/\/ocoerente.com.br\/se\/wp-content\/uploads\/2020\/01\/ocoerente-1.png","width":50,"height":50,"caption":"Reda\u00e7\u00e3o"},"logo":{"@id":"https:\/\/ocoerente.com.br\/se\/wp-content\/uploads\/2020\/01\/ocoerente-1.png"},"url":"https:\/\/ocoerente.com.br\/se\/author\/vasticlsales\/"}]}},"_links":{"self":[{"href":"https:\/\/ocoerente.com.br\/se\/wp-json\/wp\/v2\/posts\/17641","targetHints":{"allow":["GET"]}}],"collection":[{"href":"https:\/\/ocoerente.com.br\/se\/wp-json\/wp\/v2\/posts"}],"about":[{"href":"https:\/\/ocoerente.com.br\/se\/wp-json\/wp\/v2\/types\/post"}],"author":[{"embeddable":true,"href":"https:\/\/ocoerente.com.br\/se\/wp-json\/wp\/v2\/users\/1"}],"replies":[{"embeddable":true,"href":"https:\/\/ocoerente.com.br\/se\/wp-json\/wp\/v2\/comments?post=17641"}],"version-history":[{"count":1,"href":"https:\/\/ocoerente.com.br\/se\/wp-json\/wp\/v2\/posts\/17641\/revisions"}],"predecessor-version":[{"id":17643,"href":"https:\/\/ocoerente.com.br\/se\/wp-json\/wp\/v2\/posts\/17641\/revisions\/17643"}],"wp:featuredmedia":[{"embeddable":true,"href":"https:\/\/ocoerente.com.br\/se\/wp-json\/wp\/v2\/media\/17642"}],"wp:attachment":[{"href":"https:\/\/ocoerente.com.br\/se\/wp-json\/wp\/v2\/media?parent=17641"}],"wp:term":[{"taxonomy":"category","embeddable":true,"href":"https:\/\/ocoerente.com.br\/se\/wp-json\/wp\/v2\/categories?post=17641"},{"taxonomy":"post_tag","embeddable":true,"href":"https:\/\/ocoerente.com.br\/se\/wp-json\/wp\/v2\/tags?post=17641"}],"curies":[{"name":"wp","href":"https:\/\/api.w.org\/{rel}","templated":true}]}}