{"id":17638,"date":"2025-11-20T23:10:46","date_gmt":"2025-11-21T02:10:46","guid":{"rendered":"https:\/\/ocoerente.com.br\/se\/?p=17638"},"modified":"2025-11-20T23:10:51","modified_gmt":"2025-11-21T02:10:51","slug":"valorizacao-da-cultura-afro-brasileira-marca-abertura-do-fasc-2025-no-dia-da-consciencia-negra","status":"publish","type":"post","link":"https:\/\/ocoerente.com.br\/se\/2025\/11\/20\/valorizacao-da-cultura-afro-brasileira-marca-abertura-do-fasc-2025-no-dia-da-consciencia-negra\/","title":{"rendered":"Valoriza\u00e7\u00e3o da cultura afro-brasileira marca abertura do Fasc 2025 no Dia da Consci\u00eancia Negra"},"content":{"rendered":"\n<p><em>Festival refor\u00e7a representatividade e valoriza express\u00f5es culturais afro-brasileiras na Cidade M\u00e3e de Sergipe<\/em><\/p>\n\n\n\n<p>O Festival de Artes de S\u00e3o Crist\u00f3v\u00e3o (Fasc) abriu oficialmente sua edi\u00e7\u00e3o 2025 nesta quinta-feira, 20 de novembro, Dia da Consci\u00eancia Negra, com uma programa\u00e7\u00e3o totalmente dedicada a artistas pretos e \u00e0s diversas express\u00f5es culturais afro-brasileiras. Promovido pela Prefeitura de S\u00e3o Crist\u00f3v\u00e3o, com co-realiza\u00e7\u00e3o do Governo de Sergipe, o primeiro dia do festival reafirmou o compromisso com a valoriza\u00e7\u00e3o da identidade, da ancestralidade e da pot\u00eancia criativa, que ocupa e transforma os espa\u00e7os hist\u00f3ricos da Cidade M\u00e3e.<\/p>\n\n\n\n<p>Ao longo de todo o dia, a Pra\u00e7a S\u00e3o Francisco, o Centro Hist\u00f3rico e os diversos palcos do festival ganharam vida com ritmos, cores e narrativas que celebram a cultura negra em suas mais diversas express\u00f5es. Dan\u00e7as, cortejos, rodas de samba, poesia, literatura, teatro e manifesta\u00e7\u00f5es de matriz africana marcaram a abertura da programa\u00e7\u00e3o, convidando o p\u00fablico a vivenciar uma experi\u00eancia de celebra\u00e7\u00e3o, reflex\u00e3o e reconhecimento do papel fundamental da popula\u00e7\u00e3o negra na forma\u00e7\u00e3o cultural de Sergipe e do Brasil.<\/p>\n\n\n\n<p>Entre os destaques da programa\u00e7\u00e3o esteve a apresenta\u00e7\u00e3o do Projeto Sambal\u00e1, do terreiro Alarok\u00ea, na Bica dos Pintos, que levou ao Fasc um repert\u00f3rio carregado de ancestralidade, espiritualidade e for\u00e7a coletiva. Para a coordenadora do projeto, Rita Avelar, a abertura do festival foi marcada por emo\u00e7\u00e3o e simbolismo. \u201c\u00c9 uma alegria imensa dar in\u00edcio ao Fasc, especialmente em uma data t\u00e3o simb\u00f3lica e representativa para todos n\u00f3s. A energia do festival est\u00e1 maravilhosa: o p\u00fablico participando, muita gente se divertindo, turistas circulando pela cidade e os moradores recebendo todo mundo com muito carinho\u201d, pontuou.&nbsp;<\/p>\n\n\n\n<p>No Sal\u00e3o de Literatura, os escritores compartilharam suas obras, experi\u00eancias e vis\u00f5es de mundo, ampliando o debate sobre representatividade e a necessidade de incluir mais narrativas negras na produ\u00e7\u00e3o liter\u00e1ria. A escritora e apresentadora Elisama Santos evidenciou&nbsp;a import\u00e2ncia de discutir rela\u00e7\u00f5es saud\u00e1veis e o bem-estar emocional dentro da perspectiva da popula\u00e7\u00e3o negra.<\/p>\n\n\n\n<p>\u201cFalar sobre viol\u00eancia, limites e rela\u00e7\u00f5es saud\u00e1veis tamb\u00e9m \u00e9 revolucion\u00e1rio para n\u00f3s. Passamos tanto tempo aprendendo a sobreviver, que viver com qualidade e construir v\u00ednculos que nos fa\u00e7am bem se torna uma conquista. \u00c9 potente trazer esse debate para um evento como o Fasc, que reafirma nossa exist\u00eancia plena e nossa sa\u00fade emocional\u201d, refletiu Elisama.&nbsp;<\/p>\n\n\n\n<p>Os Cortejos Mestre Nega, Burundanga e P\u00edfano S\u00e3o Jos\u00e9 tamb\u00e9m movimentaram a Pra\u00e7a da Bandeira, levando m\u00fasica, ritmo e ancestralidade \u00e0s ruas. As apresenta\u00e7\u00f5es conduziram o p\u00fablico a reflex\u00f5es sobre mem\u00f3ria, identidade e a for\u00e7a das tradi\u00e7\u00f5es que seguem pulsando no territ\u00f3rio sergipano.<\/p>\n\n\n\n<p>Jos\u00e9 Domingos, de 73 anos, que veio do munic\u00edpio de Cristin\u00e1polis com o grupo P\u00edfano de S\u00e3o Jos\u00e9, falou da emo\u00e7\u00e3o de participar do festival. \u201cPara n\u00f3s, que carregamos a tradi\u00e7\u00e3o do p\u00edfano h\u00e1 tantos anos, \u00e9 uma grande honra tocar em um festival t\u00e3o respeitado. Ver o p\u00fablico vibrando, reconhecendo e valorizando nossa cultura, aquece o cora\u00e7\u00e3o\u201d.<\/p>\n\n\n\n<p>Amanda Castelo, musicista que se apresentou no cortejo do Burundanga, enfatizou a for\u00e7a simb\u00f3lica de participar do festival. \u201c\u00c9 uma emo\u00e7\u00e3o enorme, um sentimento profundo de valoriza\u00e7\u00e3o e pertencimento \u00e0 cultura negra. Tocar aqui refor\u00e7a nossas ra\u00edzes e tudo o que nos conecta a essa hist\u00f3ria. Quero aproveitar cada instante desse festival, que \u00e9 t\u00e3o rico em tradi\u00e7\u00e3o e ancestralidade\u201d.<\/p>\n\n\n\n<p><strong>P\u00fablico aprova<\/strong><\/p>\n\n\n\n<p>O clima de celebra\u00e7\u00e3o tomou conta das ruas, reunindo moradores e turistas que chegaram \u00e0 Cidade M\u00e3e especialmente para acompanhar o festival. Entre orgulho, emo\u00e7\u00e3o e encantamento, os visitantes destacaram a import\u00e2ncia de ver o Fasc reconhecer e valorizar a cultura afro-brasileira, fortalecendo a representatividade e a ocupa\u00e7\u00e3o de espa\u00e7os historicamente simb\u00f3licos.<\/p>\n\n\n\n<p>Verusca Barbosa, que estava acompanhada da filha Duda Barbosa, contou sobre&nbsp;a experi\u00eancia de retornar ao Fasc e a import\u00e2ncia de viver a programa\u00e7\u00e3o no Dia da Consci\u00eancia Negra. \u201cOuvi tantos elogios do Samba da Bica que neste ano vim direto para c\u00e1. A cidade est\u00e1 linda, e ainda celebrando o 20 de Novembro, uma data t\u00e3o significativa. Trouxe minha filha para que ela possa entender, conhecer e participar, porque isso aqui \u00e9 cultura, e a gente precisa fazer parte disso\u201d, afirmou.<\/p>\n\n\n\n<p>O m\u00fasico Jairo Pereira ressaltou&nbsp;a for\u00e7a simb\u00f3lica da abertura do festival e a conex\u00e3o com o 20 de Novembro. \u201cO Fasc \u00e9 energia total! Estar aqui no Dia da Consci\u00eancia Negra torna tudo ainda mais significativo. Este festival celebra a arte, mas tamb\u00e9m reafirma nossas hist\u00f3rias, nossas lutas e a import\u00e2ncia da cultura negra na constru\u00e7\u00e3o do que somos. \u00c9 uma honra enorme fazer parte desse momento.\u201d<\/p>\n\n\n\n<p>As amigas Deise Maria e M\u00f4nica Trindade acompanharam a roda de conversa com escritoras no Sal\u00e3o de Literatura e destacaram a import\u00e2ncia da programa\u00e7\u00e3o. \u201c\u00c9 a minha primeira vez no Fasc e o que mais me chamou aten\u00e7\u00e3o foi a palestra da Elisama. Percebo como o evento \u00e9 diverso, com v\u00e1rias tribos reunidas, e isso \u00e9 muito importante, especialmente quando tratamos de temas como letramento e consci\u00eancia racial\u201d, disse Deise.<\/p>\n\n\n\n<p>J\u00e1 M\u00f4nica comentou sobre&nbsp;a identidade da cidade e como ela se conecta ao festival. \u201cEsse momento est\u00e1 sendo muito ancestral para mim. A cidade j\u00e1 carrega uma riqueza enorme de ancestralidade, e tudo isso se encaixa perfeitamente com esse lindo evento cultural\u201d.<\/p>\n\n\n\n<p>A turista Emilly Matos, de Salvador, destacou o encantamento com a atmosfera do festival. \u201cEstou simplesmente encantada. \u00c9 uma festa linda, de uma riqueza cultural enorme, e estou aproveitando cada momento. S\u00f3 a passagem de som dos cortejos j\u00e1 \u00e9 de arrepiar, imagina o restante da programa\u00e7\u00e3o\u201d.<\/p>\n\n\n\n<p>O curador Vit\u00fa de Souza, que veio de Belo Horizonte especialmente para pesquisar o festival, ressaltou a import\u00e2ncia do encontro para sua trajet\u00f3ria art\u00edstica. \u201cH\u00e1 algum tempo venho procurando um festival de artes negras que realmente ampliasse meu repert\u00f3rio e dialogasse com o que estudo e pesquiso. Aqui encontrei uma pluralidade incr\u00edvel de artistas, experi\u00eancias e narrativas que me atravessam profundamente. \u00c9 inspirador ver tanta pot\u00eancia reunida, tanta hist\u00f3ria sendo celebrada\u201d.<\/p>\n\n\n\n<p><strong>Sobre o Fasc<\/strong><\/p>\n\n\n\n<p>O Festival de Artes de S\u00e3o Crist\u00f3v\u00e3o consolidou-se desde a d\u00e9cada de 1970 como um dos maiores encontros culturais do Nordeste, reunindo artistas locais e de diversas partes do pa\u00eds em m\u00faltiplas linguagens art\u00edsticas. Ap\u00f3s um intervalo em 2005, o evento retornou em 2017, reafirmando o papel de S\u00e3o Crist\u00f3v\u00e3o como um importante polo de produ\u00e7\u00e3o e difus\u00e3o cultural no Brasil.<\/p>\n\n\n\n<p>Com palcos espalhados pelo Centro Hist\u00f3rico e tamb\u00e9m em diferentes bairros, o Fasc oferece uma viv\u00eancia completa, que integra m\u00fasica, teatro, dan\u00e7a, literatura, artes visuais, cinema e outras express\u00f5es, celebrando a riqueza cultural da quarta cidade mais antiga do pa\u00eds.<\/p>\n\n\n\n<p>O Fasc \u00e9 apresentado pelo Minist\u00e9rio da Cultura, com realiza\u00e7\u00e3o da Prefeitura de S\u00e3o Crist\u00f3v\u00e3o, por interm\u00e9dio da Funda\u00e7\u00e3o Municipal do Patrim\u00f4nio e da Cultura Jo\u00e3o Bebe \u00c1gua (Fumpac) e do Encontro Sancristovense de Cultura Popular e Outras Artes (Escoa);&nbsp; Governo do Estado de Sergipe, atrav\u00e9s da Funda\u00e7\u00e3o de Cultura e Arte Aperip\u00ea (Funcap) e Governo do Brasil.&nbsp; O Festival conta ainda com patroc\u00ednio da Celi, Banco do Nordeste, Igu\u00e1 Sergipe, Ecoparque Sergipe e Caixa. O apoio fica por conta da SE \u2013 Sistema Engenharia, Colortex Tintas, Unir Loca\u00e7\u00f5es e Servi\u00e7os e Vit\u00f3ria Transportes.<\/p>\n\n\n\n<p>Governo de Sergipe<\/p>\n","protected":false},"excerpt":{"rendered":"<p>Festival refor\u00e7a representatividade e valoriza express\u00f5es culturais afro-brasileiras na Cidade M\u00e3e de Sergipe O Festival de Artes de S\u00e3o Crist\u00f3v\u00e3o (Fasc) abriu oficialmente sua edi\u00e7\u00e3o 2025 nesta quinta-feira, 20 de novembro, Dia da Consci\u00eancia Negra, com uma programa\u00e7\u00e3o totalmente dedicada a artistas pretos e \u00e0s diversas express\u00f5es culturais afro-brasileiras. Promovido pela Prefeitura de S\u00e3o Crist\u00f3v\u00e3o, [&hellip;]<\/p>\n","protected":false},"author":1,"featured_media":17639,"comment_status":"closed","ping_status":"closed","sticky":false,"template":"","format":"standard","meta":{"footnotes":""},"categories":[53,52],"tags":[],"class_list":["post-17638","post","type-post","status-publish","format-standard","has-post-thumbnail","hentry","category-destaques","category-entretenimento"],"yoast_head":"<!-- This site is optimized with the Yoast SEO plugin v27.4 - https:\/\/yoast.com\/product\/yoast-seo-wordpress\/ -->\n<title>Valoriza\u00e7\u00e3o da cultura afro-brasileira marca abertura do Fasc 2025 no Dia da Consci\u00eancia Negra - O Coerente<\/title>\n<meta name=\"robots\" content=\"index, follow, max-snippet:-1, max-image-preview:large, max-video-preview:-1\" \/>\n<link rel=\"canonical\" href=\"https:\/\/ocoerente.com.br\/se\/2025\/11\/20\/valorizacao-da-cultura-afro-brasileira-marca-abertura-do-fasc-2025-no-dia-da-consciencia-negra\/\" \/>\n<meta property=\"og:locale\" content=\"pt_BR\" \/>\n<meta property=\"og:type\" content=\"article\" \/>\n<meta property=\"og:title\" content=\"Valoriza\u00e7\u00e3o da cultura afro-brasileira marca abertura do Fasc 2025 no Dia da Consci\u00eancia Negra - O Coerente\" \/>\n<meta property=\"og:description\" content=\"Festival refor\u00e7a representatividade e valoriza express\u00f5es culturais afro-brasileiras na Cidade M\u00e3e de Sergipe O Festival de Artes de S\u00e3o Crist\u00f3v\u00e3o (Fasc) abriu oficialmente sua edi\u00e7\u00e3o 2025 nesta quinta-feira, 20 de novembro, Dia da Consci\u00eancia Negra, com uma programa\u00e7\u00e3o totalmente dedicada a artistas pretos e \u00e0s diversas express\u00f5es culturais afro-brasileiras. Promovido pela Prefeitura de S\u00e3o Crist\u00f3v\u00e3o, [&hellip;]\" \/>\n<meta property=\"og:url\" content=\"https:\/\/ocoerente.com.br\/se\/2025\/11\/20\/valorizacao-da-cultura-afro-brasileira-marca-abertura-do-fasc-2025-no-dia-da-consciencia-negra\/\" \/>\n<meta property=\"og:site_name\" content=\"O Coerente\" \/>\n<meta property=\"article:published_time\" content=\"2025-11-21T02:10:46+00:00\" \/>\n<meta property=\"article:modified_time\" content=\"2025-11-21T02:10:51+00:00\" \/>\n<meta property=\"og:image\" content=\"https:\/\/ocoerente.com.br\/se\/wp-content\/uploads\/2025\/11\/2e5ebef7b15da.jpg\" \/>\n\t<meta property=\"og:image:width\" content=\"1100\" \/>\n\t<meta property=\"og:image:height\" content=\"610\" \/>\n\t<meta property=\"og:image:type\" content=\"image\/jpeg\" \/>\n<meta name=\"author\" content=\"Reda\u00e7\u00e3o\" \/>\n<meta name=\"twitter:card\" content=\"summary_large_image\" \/>\n<meta name=\"twitter:label1\" content=\"Escrito por\" \/>\n\t<meta name=\"twitter:data1\" content=\"Reda\u00e7\u00e3o\" \/>\n\t<meta name=\"twitter:label2\" content=\"Est. tempo de leitura\" \/>\n\t<meta name=\"twitter:data2\" content=\"7 minutos\" \/>\n<script type=\"application\/ld+json\" class=\"yoast-schema-graph\">{\"@context\":\"https:\\\/\\\/schema.org\",\"@graph\":[{\"@type\":\"Article\",\"@id\":\"https:\\\/\\\/ocoerente.com.br\\\/se\\\/2025\\\/11\\\/20\\\/valorizacao-da-cultura-afro-brasileira-marca-abertura-do-fasc-2025-no-dia-da-consciencia-negra\\\/#article\",\"isPartOf\":{\"@id\":\"https:\\\/\\\/ocoerente.com.br\\\/se\\\/2025\\\/11\\\/20\\\/valorizacao-da-cultura-afro-brasileira-marca-abertura-do-fasc-2025-no-dia-da-consciencia-negra\\\/\"},\"author\":{\"name\":\"Reda\u00e7\u00e3o\",\"@id\":\"https:\\\/\\\/ocoerente.com.br\\\/se\\\/#\\\/schema\\\/person\\\/cc6bfd9fbca465e23543b0c963d8d037\"},\"headline\":\"Valoriza\u00e7\u00e3o da cultura afro-brasileira marca abertura do Fasc 2025 no Dia da Consci\u00eancia Negra\",\"datePublished\":\"2025-11-21T02:10:46+00:00\",\"dateModified\":\"2025-11-21T02:10:51+00:00\",\"mainEntityOfPage\":{\"@id\":\"https:\\\/\\\/ocoerente.com.br\\\/se\\\/2025\\\/11\\\/20\\\/valorizacao-da-cultura-afro-brasileira-marca-abertura-do-fasc-2025-no-dia-da-consciencia-negra\\\/\"},\"wordCount\":1332,\"publisher\":{\"@id\":\"https:\\\/\\\/ocoerente.com.br\\\/se\\\/#\\\/schema\\\/person\\\/cc6bfd9fbca465e23543b0c963d8d037\"},\"image\":{\"@id\":\"https:\\\/\\\/ocoerente.com.br\\\/se\\\/2025\\\/11\\\/20\\\/valorizacao-da-cultura-afro-brasileira-marca-abertura-do-fasc-2025-no-dia-da-consciencia-negra\\\/#primaryimage\"},\"thumbnailUrl\":\"https:\\\/\\\/ocoerente.com.br\\\/se\\\/wp-content\\\/uploads\\\/2025\\\/11\\\/2e5ebef7b15da.jpg\",\"articleSection\":[\"Destaques\",\"Entretenimento\"],\"inLanguage\":\"pt-BR\"},{\"@type\":\"WebPage\",\"@id\":\"https:\\\/\\\/ocoerente.com.br\\\/se\\\/2025\\\/11\\\/20\\\/valorizacao-da-cultura-afro-brasileira-marca-abertura-do-fasc-2025-no-dia-da-consciencia-negra\\\/\",\"url\":\"https:\\\/\\\/ocoerente.com.br\\\/se\\\/2025\\\/11\\\/20\\\/valorizacao-da-cultura-afro-brasileira-marca-abertura-do-fasc-2025-no-dia-da-consciencia-negra\\\/\",\"name\":\"Valoriza\u00e7\u00e3o da cultura afro-brasileira marca abertura do Fasc 2025 no Dia da Consci\u00eancia Negra - O Coerente\",\"isPartOf\":{\"@id\":\"https:\\\/\\\/ocoerente.com.br\\\/se\\\/#website\"},\"primaryImageOfPage\":{\"@id\":\"https:\\\/\\\/ocoerente.com.br\\\/se\\\/2025\\\/11\\\/20\\\/valorizacao-da-cultura-afro-brasileira-marca-abertura-do-fasc-2025-no-dia-da-consciencia-negra\\\/#primaryimage\"},\"image\":{\"@id\":\"https:\\\/\\\/ocoerente.com.br\\\/se\\\/2025\\\/11\\\/20\\\/valorizacao-da-cultura-afro-brasileira-marca-abertura-do-fasc-2025-no-dia-da-consciencia-negra\\\/#primaryimage\"},\"thumbnailUrl\":\"https:\\\/\\\/ocoerente.com.br\\\/se\\\/wp-content\\\/uploads\\\/2025\\\/11\\\/2e5ebef7b15da.jpg\",\"datePublished\":\"2025-11-21T02:10:46+00:00\",\"dateModified\":\"2025-11-21T02:10:51+00:00\",\"breadcrumb\":{\"@id\":\"https:\\\/\\\/ocoerente.com.br\\\/se\\\/2025\\\/11\\\/20\\\/valorizacao-da-cultura-afro-brasileira-marca-abertura-do-fasc-2025-no-dia-da-consciencia-negra\\\/#breadcrumb\"},\"inLanguage\":\"pt-BR\",\"potentialAction\":[{\"@type\":\"ReadAction\",\"target\":[\"https:\\\/\\\/ocoerente.com.br\\\/se\\\/2025\\\/11\\\/20\\\/valorizacao-da-cultura-afro-brasileira-marca-abertura-do-fasc-2025-no-dia-da-consciencia-negra\\\/\"]}]},{\"@type\":\"ImageObject\",\"inLanguage\":\"pt-BR\",\"@id\":\"https:\\\/\\\/ocoerente.com.br\\\/se\\\/2025\\\/11\\\/20\\\/valorizacao-da-cultura-afro-brasileira-marca-abertura-do-fasc-2025-no-dia-da-consciencia-negra\\\/#primaryimage\",\"url\":\"https:\\\/\\\/ocoerente.com.br\\\/se\\\/wp-content\\\/uploads\\\/2025\\\/11\\\/2e5ebef7b15da.jpg\",\"contentUrl\":\"https:\\\/\\\/ocoerente.com.br\\\/se\\\/wp-content\\\/uploads\\\/2025\\\/11\\\/2e5ebef7b15da.jpg\",\"width\":1100,\"height\":610,\"caption\":\"Fotos: C\u00e9sar de Oliveira\"},{\"@type\":\"BreadcrumbList\",\"@id\":\"https:\\\/\\\/ocoerente.com.br\\\/se\\\/2025\\\/11\\\/20\\\/valorizacao-da-cultura-afro-brasileira-marca-abertura-do-fasc-2025-no-dia-da-consciencia-negra\\\/#breadcrumb\",\"itemListElement\":[{\"@type\":\"ListItem\",\"position\":1,\"name\":\"In\u00edcio\",\"item\":\"https:\\\/\\\/ocoerente.com.br\\\/se\\\/\"},{\"@type\":\"ListItem\",\"position\":2,\"name\":\"Valoriza\u00e7\u00e3o da cultura afro-brasileira marca abertura do Fasc 2025 no Dia da Consci\u00eancia Negra\"}]},{\"@type\":\"WebSite\",\"@id\":\"https:\\\/\\\/ocoerente.com.br\\\/se\\\/#website\",\"url\":\"https:\\\/\\\/ocoerente.com.br\\\/se\\\/\",\"name\":\"O Coerente\",\"description\":\"\",\"publisher\":{\"@id\":\"https:\\\/\\\/ocoerente.com.br\\\/se\\\/#\\\/schema\\\/person\\\/cc6bfd9fbca465e23543b0c963d8d037\"},\"potentialAction\":[{\"@type\":\"SearchAction\",\"target\":{\"@type\":\"EntryPoint\",\"urlTemplate\":\"https:\\\/\\\/ocoerente.com.br\\\/se\\\/?s={search_term_string}\"},\"query-input\":{\"@type\":\"PropertyValueSpecification\",\"valueRequired\":true,\"valueName\":\"search_term_string\"}}],\"inLanguage\":\"pt-BR\"},{\"@type\":[\"Person\",\"Organization\"],\"@id\":\"https:\\\/\\\/ocoerente.com.br\\\/se\\\/#\\\/schema\\\/person\\\/cc6bfd9fbca465e23543b0c963d8d037\",\"name\":\"Reda\u00e7\u00e3o\",\"image\":{\"@type\":\"ImageObject\",\"inLanguage\":\"pt-BR\",\"@id\":\"https:\\\/\\\/ocoerente.com.br\\\/se\\\/wp-content\\\/uploads\\\/2020\\\/01\\\/ocoerente-1.png\",\"url\":\"https:\\\/\\\/ocoerente.com.br\\\/se\\\/wp-content\\\/uploads\\\/2020\\\/01\\\/ocoerente-1.png\",\"contentUrl\":\"https:\\\/\\\/ocoerente.com.br\\\/se\\\/wp-content\\\/uploads\\\/2020\\\/01\\\/ocoerente-1.png\",\"width\":50,\"height\":50,\"caption\":\"Reda\u00e7\u00e3o\"},\"logo\":{\"@id\":\"https:\\\/\\\/ocoerente.com.br\\\/se\\\/wp-content\\\/uploads\\\/2020\\\/01\\\/ocoerente-1.png\"},\"url\":\"https:\\\/\\\/ocoerente.com.br\\\/se\\\/author\\\/vasticlsales\\\/\"}]}<\/script>\n<!-- \/ Yoast SEO plugin. -->","yoast_head_json":{"title":"Valoriza\u00e7\u00e3o da cultura afro-brasileira marca abertura do Fasc 2025 no Dia da Consci\u00eancia Negra - O Coerente","robots":{"index":"index","follow":"follow","max-snippet":"max-snippet:-1","max-image-preview":"max-image-preview:large","max-video-preview":"max-video-preview:-1"},"canonical":"https:\/\/ocoerente.com.br\/se\/2025\/11\/20\/valorizacao-da-cultura-afro-brasileira-marca-abertura-do-fasc-2025-no-dia-da-consciencia-negra\/","og_locale":"pt_BR","og_type":"article","og_title":"Valoriza\u00e7\u00e3o da cultura afro-brasileira marca abertura do Fasc 2025 no Dia da Consci\u00eancia Negra - O Coerente","og_description":"Festival refor\u00e7a representatividade e valoriza express\u00f5es culturais afro-brasileiras na Cidade M\u00e3e de Sergipe O Festival de Artes de S\u00e3o Crist\u00f3v\u00e3o (Fasc) abriu oficialmente sua edi\u00e7\u00e3o 2025 nesta quinta-feira, 20 de novembro, Dia da Consci\u00eancia Negra, com uma programa\u00e7\u00e3o totalmente dedicada a artistas pretos e \u00e0s diversas express\u00f5es culturais afro-brasileiras. Promovido pela Prefeitura de S\u00e3o Crist\u00f3v\u00e3o, [&hellip;]","og_url":"https:\/\/ocoerente.com.br\/se\/2025\/11\/20\/valorizacao-da-cultura-afro-brasileira-marca-abertura-do-fasc-2025-no-dia-da-consciencia-negra\/","og_site_name":"O Coerente","article_published_time":"2025-11-21T02:10:46+00:00","article_modified_time":"2025-11-21T02:10:51+00:00","og_image":[{"width":1100,"height":610,"url":"https:\/\/ocoerente.com.br\/se\/wp-content\/uploads\/2025\/11\/2e5ebef7b15da.jpg","type":"image\/jpeg"}],"author":"Reda\u00e7\u00e3o","twitter_card":"summary_large_image","twitter_misc":{"Escrito por":"Reda\u00e7\u00e3o","Est. tempo de leitura":"7 minutos"},"schema":{"@context":"https:\/\/schema.org","@graph":[{"@type":"Article","@id":"https:\/\/ocoerente.com.br\/se\/2025\/11\/20\/valorizacao-da-cultura-afro-brasileira-marca-abertura-do-fasc-2025-no-dia-da-consciencia-negra\/#article","isPartOf":{"@id":"https:\/\/ocoerente.com.br\/se\/2025\/11\/20\/valorizacao-da-cultura-afro-brasileira-marca-abertura-do-fasc-2025-no-dia-da-consciencia-negra\/"},"author":{"name":"Reda\u00e7\u00e3o","@id":"https:\/\/ocoerente.com.br\/se\/#\/schema\/person\/cc6bfd9fbca465e23543b0c963d8d037"},"headline":"Valoriza\u00e7\u00e3o da cultura afro-brasileira marca abertura do Fasc 2025 no Dia da Consci\u00eancia Negra","datePublished":"2025-11-21T02:10:46+00:00","dateModified":"2025-11-21T02:10:51+00:00","mainEntityOfPage":{"@id":"https:\/\/ocoerente.com.br\/se\/2025\/11\/20\/valorizacao-da-cultura-afro-brasileira-marca-abertura-do-fasc-2025-no-dia-da-consciencia-negra\/"},"wordCount":1332,"publisher":{"@id":"https:\/\/ocoerente.com.br\/se\/#\/schema\/person\/cc6bfd9fbca465e23543b0c963d8d037"},"image":{"@id":"https:\/\/ocoerente.com.br\/se\/2025\/11\/20\/valorizacao-da-cultura-afro-brasileira-marca-abertura-do-fasc-2025-no-dia-da-consciencia-negra\/#primaryimage"},"thumbnailUrl":"https:\/\/ocoerente.com.br\/se\/wp-content\/uploads\/2025\/11\/2e5ebef7b15da.jpg","articleSection":["Destaques","Entretenimento"],"inLanguage":"pt-BR"},{"@type":"WebPage","@id":"https:\/\/ocoerente.com.br\/se\/2025\/11\/20\/valorizacao-da-cultura-afro-brasileira-marca-abertura-do-fasc-2025-no-dia-da-consciencia-negra\/","url":"https:\/\/ocoerente.com.br\/se\/2025\/11\/20\/valorizacao-da-cultura-afro-brasileira-marca-abertura-do-fasc-2025-no-dia-da-consciencia-negra\/","name":"Valoriza\u00e7\u00e3o da cultura afro-brasileira marca abertura do Fasc 2025 no Dia da Consci\u00eancia Negra - O Coerente","isPartOf":{"@id":"https:\/\/ocoerente.com.br\/se\/#website"},"primaryImageOfPage":{"@id":"https:\/\/ocoerente.com.br\/se\/2025\/11\/20\/valorizacao-da-cultura-afro-brasileira-marca-abertura-do-fasc-2025-no-dia-da-consciencia-negra\/#primaryimage"},"image":{"@id":"https:\/\/ocoerente.com.br\/se\/2025\/11\/20\/valorizacao-da-cultura-afro-brasileira-marca-abertura-do-fasc-2025-no-dia-da-consciencia-negra\/#primaryimage"},"thumbnailUrl":"https:\/\/ocoerente.com.br\/se\/wp-content\/uploads\/2025\/11\/2e5ebef7b15da.jpg","datePublished":"2025-11-21T02:10:46+00:00","dateModified":"2025-11-21T02:10:51+00:00","breadcrumb":{"@id":"https:\/\/ocoerente.com.br\/se\/2025\/11\/20\/valorizacao-da-cultura-afro-brasileira-marca-abertura-do-fasc-2025-no-dia-da-consciencia-negra\/#breadcrumb"},"inLanguage":"pt-BR","potentialAction":[{"@type":"ReadAction","target":["https:\/\/ocoerente.com.br\/se\/2025\/11\/20\/valorizacao-da-cultura-afro-brasileira-marca-abertura-do-fasc-2025-no-dia-da-consciencia-negra\/"]}]},{"@type":"ImageObject","inLanguage":"pt-BR","@id":"https:\/\/ocoerente.com.br\/se\/2025\/11\/20\/valorizacao-da-cultura-afro-brasileira-marca-abertura-do-fasc-2025-no-dia-da-consciencia-negra\/#primaryimage","url":"https:\/\/ocoerente.com.br\/se\/wp-content\/uploads\/2025\/11\/2e5ebef7b15da.jpg","contentUrl":"https:\/\/ocoerente.com.br\/se\/wp-content\/uploads\/2025\/11\/2e5ebef7b15da.jpg","width":1100,"height":610,"caption":"Fotos: C\u00e9sar de Oliveira"},{"@type":"BreadcrumbList","@id":"https:\/\/ocoerente.com.br\/se\/2025\/11\/20\/valorizacao-da-cultura-afro-brasileira-marca-abertura-do-fasc-2025-no-dia-da-consciencia-negra\/#breadcrumb","itemListElement":[{"@type":"ListItem","position":1,"name":"In\u00edcio","item":"https:\/\/ocoerente.com.br\/se\/"},{"@type":"ListItem","position":2,"name":"Valoriza\u00e7\u00e3o da cultura afro-brasileira marca abertura do Fasc 2025 no Dia da Consci\u00eancia Negra"}]},{"@type":"WebSite","@id":"https:\/\/ocoerente.com.br\/se\/#website","url":"https:\/\/ocoerente.com.br\/se\/","name":"O Coerente","description":"","publisher":{"@id":"https:\/\/ocoerente.com.br\/se\/#\/schema\/person\/cc6bfd9fbca465e23543b0c963d8d037"},"potentialAction":[{"@type":"SearchAction","target":{"@type":"EntryPoint","urlTemplate":"https:\/\/ocoerente.com.br\/se\/?s={search_term_string}"},"query-input":{"@type":"PropertyValueSpecification","valueRequired":true,"valueName":"search_term_string"}}],"inLanguage":"pt-BR"},{"@type":["Person","Organization"],"@id":"https:\/\/ocoerente.com.br\/se\/#\/schema\/person\/cc6bfd9fbca465e23543b0c963d8d037","name":"Reda\u00e7\u00e3o","image":{"@type":"ImageObject","inLanguage":"pt-BR","@id":"https:\/\/ocoerente.com.br\/se\/wp-content\/uploads\/2020\/01\/ocoerente-1.png","url":"https:\/\/ocoerente.com.br\/se\/wp-content\/uploads\/2020\/01\/ocoerente-1.png","contentUrl":"https:\/\/ocoerente.com.br\/se\/wp-content\/uploads\/2020\/01\/ocoerente-1.png","width":50,"height":50,"caption":"Reda\u00e7\u00e3o"},"logo":{"@id":"https:\/\/ocoerente.com.br\/se\/wp-content\/uploads\/2020\/01\/ocoerente-1.png"},"url":"https:\/\/ocoerente.com.br\/se\/author\/vasticlsales\/"}]}},"_links":{"self":[{"href":"https:\/\/ocoerente.com.br\/se\/wp-json\/wp\/v2\/posts\/17638","targetHints":{"allow":["GET"]}}],"collection":[{"href":"https:\/\/ocoerente.com.br\/se\/wp-json\/wp\/v2\/posts"}],"about":[{"href":"https:\/\/ocoerente.com.br\/se\/wp-json\/wp\/v2\/types\/post"}],"author":[{"embeddable":true,"href":"https:\/\/ocoerente.com.br\/se\/wp-json\/wp\/v2\/users\/1"}],"replies":[{"embeddable":true,"href":"https:\/\/ocoerente.com.br\/se\/wp-json\/wp\/v2\/comments?post=17638"}],"version-history":[{"count":1,"href":"https:\/\/ocoerente.com.br\/se\/wp-json\/wp\/v2\/posts\/17638\/revisions"}],"predecessor-version":[{"id":17640,"href":"https:\/\/ocoerente.com.br\/se\/wp-json\/wp\/v2\/posts\/17638\/revisions\/17640"}],"wp:featuredmedia":[{"embeddable":true,"href":"https:\/\/ocoerente.com.br\/se\/wp-json\/wp\/v2\/media\/17639"}],"wp:attachment":[{"href":"https:\/\/ocoerente.com.br\/se\/wp-json\/wp\/v2\/media?parent=17638"}],"wp:term":[{"taxonomy":"category","embeddable":true,"href":"https:\/\/ocoerente.com.br\/se\/wp-json\/wp\/v2\/categories?post=17638"},{"taxonomy":"post_tag","embeddable":true,"href":"https:\/\/ocoerente.com.br\/se\/wp-json\/wp\/v2\/tags?post=17638"}],"curies":[{"name":"wp","href":"https:\/\/api.w.org\/{rel}","templated":true}]}}