{"id":17633,"date":"2025-11-20T23:05:37","date_gmt":"2025-11-21T02:05:37","guid":{"rendered":"https:\/\/ocoerente.com.br\/se\/?p=17633"},"modified":"2025-11-20T23:06:18","modified_gmt":"2025-11-21T02:06:18","slug":"resultado-preliminar-do-trofeu-ser-crianca-e-divulgado-e-prazo-para-recurso-termina-nesta-terca-feira-18","status":"publish","type":"post","link":"https:\/\/ocoerente.com.br\/se\/2025\/11\/20\/resultado-preliminar-do-trofeu-ser-crianca-e-divulgado-e-prazo-para-recurso-termina-nesta-terca-feira-18\/","title":{"rendered":"Resultado preliminar do Trof\u00e9u Ser Crian\u00e7a \u00e9 divulgado e prazo para recurso termina nesta ter\u00e7a-feira, 18"},"content":{"rendered":"\n<p><em>Iniciativa premia a\u00e7\u00f5es dos munic\u00edpios voltadas \u00e0 primeira inf\u00e2ncia em Sergipe<\/em><\/p>\n\n\n\n<p>O Governo de Sergipe, por meio da Secretaria de Estado da Assist\u00eancia Social, Inclus\u00e3o e Cidadania (Seasic), informa que j\u00e1 est\u00e1 dispon\u00edvel o resultado preliminar do Trof\u00e9u Ser Crian\u00e7a. Ao todo, 32 iniciativas de diferentes munic\u00edpios foram selecionadas nesta etapa, reconhecendo a\u00e7\u00f5es que promovem a garantia de direitos, a prote\u00e7\u00e3o e o desenvolvimento na Primeira Inf\u00e2ncia.<\/p>\n\n\n\n<p>As institui\u00e7\u00f5es ou gestores que desejarem contestar o resultado preliminar t\u00eam at\u00e9 esta ter\u00e7a-feira, 18, para enviar recurso. Os pedidos devem ser enviados exclusivamente para o e-mail oficial do Comit\u00ea de Sele\u00e7\u00e3o: pi.sercrian\u00e7a@seasic.se.gov.br.<\/p>\n\n\n\n<p>\u00c9 obrigat\u00f3rio que o recurso seja acompanhado da documenta\u00e7\u00e3o pertinente e de uma justificativa detalhada para an\u00e1lise. As informa\u00e7\u00f5es est\u00e3o dispon\u00edveis no site&nbsp;<a href=\"http:\/\/O%20Governo%20de%20Sergipe,%20por%20meio%20da%20Secretaria%20de%20Estado%20da%20Assist%C3%AAncia%20Social,%20Inclus%C3%A3o%20e%20Cidadania%20(Seasic),%20informa%20que%20j%C3%A1%20est%C3%A1%20dispon%C3%ADvel%20o%20resultado%20preliminar%20do%20Trof%C3%A9u%20Ser%20Crian%C3%A7a.%20Ao%20todo,%2032%20iniciativas%20de%20diferentes%20munic%C3%ADpios%20foram%20selecionadas%20nesta%20etapa,%20reconhecendo%20a%C3%A7%C3%B5es%20que%20promovem%20a%20garantia%20de%20direitos,%20a%20prote%C3%A7%C3%A3o%20e%20o%20desenvolvimento%20na%20Primeira%20Inf%C3%A2ncia.%20%20As%20institui%C3%A7%C3%B5es%20ou%20gestores%20que%20desejarem%20contestar%20o%20resultado%20preliminar%20t%C3%AAm%20at%C3%A9%20esta%20ter%C3%A7a-feira,%2018,%20para%20enviar%20recurso.%20Os%20pedidos%20devem%20ser%20enviados%20exclusivamente%20para%20o%20e-mail%20oficial%20do%20Comit%C3%AA%20de%20Sele%C3%A7%C3%A3o:%20pi.sercrian%C3%A7a@seasic.se.gov.br.xn--%20%20%20obrigatrio%20que%20o%20recurso%20seja%20acompanhado%20da%20documentao%20pertinente%20e%20de%20uma%20justificativa%20detalhada%20para%20anlise-xcm4rrwmhv1d.xn--%20as%20informaes%20esto%20disponveis%20no%20site%20assistenciasocial-xxf9y5pys.se.gov.xn--br%20e%20o%20resultado%20final%20ser%20divulgado%20aps%20o%20perodo%20de%20anlise%20dos%20recursos-o4h5b81hfr.xn--%20%20o%20trofu%20ser%20criana%20integra%20as%20iniciativas%20do%20governo%20de%20sergipe%20voltadas%20%20valorizao%20de%20prticas%20que%20fortalecem%20polticas%20pblicas%20para%20a%20primeira%20infncia,%20estimulando%20a%20inovao,%20o%20cuidado%20e%20a%20intersetorialidade%20nas%20aes%20destinadas%20s%20crianas%20e%20s%20famlias%20sergipanas-ie1a2jsa5m5ryije10dqcxf9b2a02bs6cef76i93b.\/\">assistenciasocial.se.gov.br<\/a>&nbsp;e o resultado final ser\u00e1 divulgado ap\u00f3s o per\u00edodo de an\u00e1lise dos recursos.<\/p>\n\n\n\n<p>O Trof\u00e9u Ser Crian\u00e7a integra as iniciativas do Governo de Sergipe voltadas \u00e0 valoriza\u00e7\u00e3o de pr\u00e1ticas que fortalecem pol\u00edticas p\u00fablicas para a Primeira Inf\u00e2ncia, estimulando a inova\u00e7\u00e3o, o cuidado e a intersetorialidade nas a\u00e7\u00f5es destinadas \u00e0s crian\u00e7as e \u00e0s fam\u00edlias sergipanas.<\/p>\n\n\n\n<p>Governo de Sergipe<\/p>\n\n\n\n<p><\/p>\n","protected":false},"excerpt":{"rendered":"<p>Iniciativa premia a\u00e7\u00f5es dos munic\u00edpios voltadas \u00e0 primeira inf\u00e2ncia em Sergipe O Governo de Sergipe, por meio da Secretaria de Estado da Assist\u00eancia Social, Inclus\u00e3o e Cidadania (Seasic), informa que j\u00e1 est\u00e1 dispon\u00edvel o resultado preliminar do Trof\u00e9u Ser Crian\u00e7a. Ao todo, 32 iniciativas de diferentes munic\u00edpios foram selecionadas nesta etapa, reconhecendo a\u00e7\u00f5es que promovem [&hellip;]<\/p>\n","protected":false},"author":1,"featured_media":17634,"comment_status":"closed","ping_status":"closed","sticky":false,"template":"","format":"standard","meta":{"footnotes":""},"categories":[53,43],"tags":[],"class_list":["post-17633","post","type-post","status-publish","format-standard","has-post-thumbnail","hentry","category-destaques","category-sergipe"],"yoast_head":"<!-- This site is optimized with the Yoast SEO plugin v27.4 - https:\/\/yoast.com\/product\/yoast-seo-wordpress\/ -->\n<title>Resultado preliminar do Trof\u00e9u Ser Crian\u00e7a \u00e9 divulgado e prazo para recurso termina nesta ter\u00e7a-feira, 18 - O Coerente<\/title>\n<meta name=\"robots\" content=\"index, follow, max-snippet:-1, max-image-preview:large, max-video-preview:-1\" \/>\n<link rel=\"canonical\" href=\"https:\/\/ocoerente.com.br\/se\/2025\/11\/20\/resultado-preliminar-do-trofeu-ser-crianca-e-divulgado-e-prazo-para-recurso-termina-nesta-terca-feira-18\/\" \/>\n<meta property=\"og:locale\" content=\"pt_BR\" \/>\n<meta property=\"og:type\" content=\"article\" \/>\n<meta property=\"og:title\" content=\"Resultado preliminar do Trof\u00e9u Ser Crian\u00e7a \u00e9 divulgado e prazo para recurso termina nesta ter\u00e7a-feira, 18 - O Coerente\" \/>\n<meta property=\"og:description\" content=\"Iniciativa premia a\u00e7\u00f5es dos munic\u00edpios voltadas \u00e0 primeira inf\u00e2ncia em Sergipe O Governo de Sergipe, por meio da Secretaria de Estado da Assist\u00eancia Social, Inclus\u00e3o e Cidadania (Seasic), informa que j\u00e1 est\u00e1 dispon\u00edvel o resultado preliminar do Trof\u00e9u Ser Crian\u00e7a. Ao todo, 32 iniciativas de diferentes munic\u00edpios foram selecionadas nesta etapa, reconhecendo a\u00e7\u00f5es que promovem [&hellip;]\" \/>\n<meta property=\"og:url\" content=\"https:\/\/ocoerente.com.br\/se\/2025\/11\/20\/resultado-preliminar-do-trofeu-ser-crianca-e-divulgado-e-prazo-para-recurso-termina-nesta-terca-feira-18\/\" \/>\n<meta property=\"og:site_name\" content=\"O Coerente\" \/>\n<meta property=\"article:published_time\" content=\"2025-11-21T02:05:37+00:00\" \/>\n<meta property=\"article:modified_time\" content=\"2025-11-21T02:06:18+00:00\" \/>\n<meta property=\"og:image\" content=\"https:\/\/ocoerente.com.br\/se\/wp-content\/uploads\/2025\/11\/4cce1ccdf51c98f0f9.jpg\" \/>\n\t<meta property=\"og:image:width\" content=\"1100\" \/>\n\t<meta property=\"og:image:height\" content=\"610\" \/>\n\t<meta property=\"og:image:type\" content=\"image\/jpeg\" \/>\n<meta name=\"author\" content=\"Reda\u00e7\u00e3o\" \/>\n<meta name=\"twitter:card\" content=\"summary_large_image\" \/>\n<meta name=\"twitter:label1\" content=\"Escrito por\" \/>\n\t<meta name=\"twitter:data1\" content=\"Reda\u00e7\u00e3o\" \/>\n\t<meta name=\"twitter:label2\" content=\"Est. tempo de leitura\" \/>\n\t<meta name=\"twitter:data2\" content=\"2 minutos\" \/>\n<script type=\"application\/ld+json\" class=\"yoast-schema-graph\">{\"@context\":\"https:\\\/\\\/schema.org\",\"@graph\":[{\"@type\":\"Article\",\"@id\":\"https:\\\/\\\/ocoerente.com.br\\\/se\\\/2025\\\/11\\\/20\\\/resultado-preliminar-do-trofeu-ser-crianca-e-divulgado-e-prazo-para-recurso-termina-nesta-terca-feira-18\\\/#article\",\"isPartOf\":{\"@id\":\"https:\\\/\\\/ocoerente.com.br\\\/se\\\/2025\\\/11\\\/20\\\/resultado-preliminar-do-trofeu-ser-crianca-e-divulgado-e-prazo-para-recurso-termina-nesta-terca-feira-18\\\/\"},\"author\":{\"name\":\"Reda\u00e7\u00e3o\",\"@id\":\"https:\\\/\\\/ocoerente.com.br\\\/se\\\/#\\\/schema\\\/person\\\/cc6bfd9fbca465e23543b0c963d8d037\"},\"headline\":\"Resultado preliminar do Trof\u00e9u Ser Crian\u00e7a \u00e9 divulgado e prazo para recurso termina nesta ter\u00e7a-feira, 18\",\"datePublished\":\"2025-11-21T02:05:37+00:00\",\"dateModified\":\"2025-11-21T02:06:18+00:00\",\"mainEntityOfPage\":{\"@id\":\"https:\\\/\\\/ocoerente.com.br\\\/se\\\/2025\\\/11\\\/20\\\/resultado-preliminar-do-trofeu-ser-crianca-e-divulgado-e-prazo-para-recurso-termina-nesta-terca-feira-18\\\/\"},\"wordCount\":240,\"publisher\":{\"@id\":\"https:\\\/\\\/ocoerente.com.br\\\/se\\\/#\\\/schema\\\/person\\\/cc6bfd9fbca465e23543b0c963d8d037\"},\"image\":{\"@id\":\"https:\\\/\\\/ocoerente.com.br\\\/se\\\/2025\\\/11\\\/20\\\/resultado-preliminar-do-trofeu-ser-crianca-e-divulgado-e-prazo-para-recurso-termina-nesta-terca-feira-18\\\/#primaryimage\"},\"thumbnailUrl\":\"https:\\\/\\\/ocoerente.com.br\\\/se\\\/wp-content\\\/uploads\\\/2025\\\/11\\\/4cce1ccdf51c98f0f9.jpg\",\"articleSection\":[\"Destaques\",\"Sergipe\"],\"inLanguage\":\"pt-BR\"},{\"@type\":\"WebPage\",\"@id\":\"https:\\\/\\\/ocoerente.com.br\\\/se\\\/2025\\\/11\\\/20\\\/resultado-preliminar-do-trofeu-ser-crianca-e-divulgado-e-prazo-para-recurso-termina-nesta-terca-feira-18\\\/\",\"url\":\"https:\\\/\\\/ocoerente.com.br\\\/se\\\/2025\\\/11\\\/20\\\/resultado-preliminar-do-trofeu-ser-crianca-e-divulgado-e-prazo-para-recurso-termina-nesta-terca-feira-18\\\/\",\"name\":\"Resultado preliminar do Trof\u00e9u Ser Crian\u00e7a \u00e9 divulgado e prazo para recurso termina nesta ter\u00e7a-feira, 18 - O Coerente\",\"isPartOf\":{\"@id\":\"https:\\\/\\\/ocoerente.com.br\\\/se\\\/#website\"},\"primaryImageOfPage\":{\"@id\":\"https:\\\/\\\/ocoerente.com.br\\\/se\\\/2025\\\/11\\\/20\\\/resultado-preliminar-do-trofeu-ser-crianca-e-divulgado-e-prazo-para-recurso-termina-nesta-terca-feira-18\\\/#primaryimage\"},\"image\":{\"@id\":\"https:\\\/\\\/ocoerente.com.br\\\/se\\\/2025\\\/11\\\/20\\\/resultado-preliminar-do-trofeu-ser-crianca-e-divulgado-e-prazo-para-recurso-termina-nesta-terca-feira-18\\\/#primaryimage\"},\"thumbnailUrl\":\"https:\\\/\\\/ocoerente.com.br\\\/se\\\/wp-content\\\/uploads\\\/2025\\\/11\\\/4cce1ccdf51c98f0f9.jpg\",\"datePublished\":\"2025-11-21T02:05:37+00:00\",\"dateModified\":\"2025-11-21T02:06:18+00:00\",\"breadcrumb\":{\"@id\":\"https:\\\/\\\/ocoerente.com.br\\\/se\\\/2025\\\/11\\\/20\\\/resultado-preliminar-do-trofeu-ser-crianca-e-divulgado-e-prazo-para-recurso-termina-nesta-terca-feira-18\\\/#breadcrumb\"},\"inLanguage\":\"pt-BR\",\"potentialAction\":[{\"@type\":\"ReadAction\",\"target\":[\"https:\\\/\\\/ocoerente.com.br\\\/se\\\/2025\\\/11\\\/20\\\/resultado-preliminar-do-trofeu-ser-crianca-e-divulgado-e-prazo-para-recurso-termina-nesta-terca-feira-18\\\/\"]}]},{\"@type\":\"ImageObject\",\"inLanguage\":\"pt-BR\",\"@id\":\"https:\\\/\\\/ocoerente.com.br\\\/se\\\/2025\\\/11\\\/20\\\/resultado-preliminar-do-trofeu-ser-crianca-e-divulgado-e-prazo-para-recurso-termina-nesta-terca-feira-18\\\/#primaryimage\",\"url\":\"https:\\\/\\\/ocoerente.com.br\\\/se\\\/wp-content\\\/uploads\\\/2025\\\/11\\\/4cce1ccdf51c98f0f9.jpg\",\"contentUrl\":\"https:\\\/\\\/ocoerente.com.br\\\/se\\\/wp-content\\\/uploads\\\/2025\\\/11\\\/4cce1ccdf51c98f0f9.jpg\",\"width\":1100,\"height\":610,\"caption\":\"Trof\u00e9u Ser Crian\u00e7a integra as iniciativas do Governo de Sergipe voltadas \u00e0 valoriza\u00e7\u00e3o de pr\u00e1ticas que fortalecem pol\u00edticas p\u00fablicas para a Primeira Inf\u00e2ncia \\\/ Foto: Reinaldo Moura\"},{\"@type\":\"BreadcrumbList\",\"@id\":\"https:\\\/\\\/ocoerente.com.br\\\/se\\\/2025\\\/11\\\/20\\\/resultado-preliminar-do-trofeu-ser-crianca-e-divulgado-e-prazo-para-recurso-termina-nesta-terca-feira-18\\\/#breadcrumb\",\"itemListElement\":[{\"@type\":\"ListItem\",\"position\":1,\"name\":\"In\u00edcio\",\"item\":\"https:\\\/\\\/ocoerente.com.br\\\/se\\\/\"},{\"@type\":\"ListItem\",\"position\":2,\"name\":\"Resultado preliminar do Trof\u00e9u Ser Crian\u00e7a \u00e9 divulgado e prazo para recurso termina nesta ter\u00e7a-feira, 18\"}]},{\"@type\":\"WebSite\",\"@id\":\"https:\\\/\\\/ocoerente.com.br\\\/se\\\/#website\",\"url\":\"https:\\\/\\\/ocoerente.com.br\\\/se\\\/\",\"name\":\"O Coerente\",\"description\":\"\",\"publisher\":{\"@id\":\"https:\\\/\\\/ocoerente.com.br\\\/se\\\/#\\\/schema\\\/person\\\/cc6bfd9fbca465e23543b0c963d8d037\"},\"potentialAction\":[{\"@type\":\"SearchAction\",\"target\":{\"@type\":\"EntryPoint\",\"urlTemplate\":\"https:\\\/\\\/ocoerente.com.br\\\/se\\\/?s={search_term_string}\"},\"query-input\":{\"@type\":\"PropertyValueSpecification\",\"valueRequired\":true,\"valueName\":\"search_term_string\"}}],\"inLanguage\":\"pt-BR\"},{\"@type\":[\"Person\",\"Organization\"],\"@id\":\"https:\\\/\\\/ocoerente.com.br\\\/se\\\/#\\\/schema\\\/person\\\/cc6bfd9fbca465e23543b0c963d8d037\",\"name\":\"Reda\u00e7\u00e3o\",\"image\":{\"@type\":\"ImageObject\",\"inLanguage\":\"pt-BR\",\"@id\":\"https:\\\/\\\/ocoerente.com.br\\\/se\\\/wp-content\\\/uploads\\\/2020\\\/01\\\/ocoerente-1.png\",\"url\":\"https:\\\/\\\/ocoerente.com.br\\\/se\\\/wp-content\\\/uploads\\\/2020\\\/01\\\/ocoerente-1.png\",\"contentUrl\":\"https:\\\/\\\/ocoerente.com.br\\\/se\\\/wp-content\\\/uploads\\\/2020\\\/01\\\/ocoerente-1.png\",\"width\":50,\"height\":50,\"caption\":\"Reda\u00e7\u00e3o\"},\"logo\":{\"@id\":\"https:\\\/\\\/ocoerente.com.br\\\/se\\\/wp-content\\\/uploads\\\/2020\\\/01\\\/ocoerente-1.png\"},\"url\":\"https:\\\/\\\/ocoerente.com.br\\\/se\\\/author\\\/vasticlsales\\\/\"}]}<\/script>\n<!-- \/ Yoast SEO plugin. -->","yoast_head_json":{"title":"Resultado preliminar do Trof\u00e9u Ser Crian\u00e7a \u00e9 divulgado e prazo para recurso termina nesta ter\u00e7a-feira, 18 - O Coerente","robots":{"index":"index","follow":"follow","max-snippet":"max-snippet:-1","max-image-preview":"max-image-preview:large","max-video-preview":"max-video-preview:-1"},"canonical":"https:\/\/ocoerente.com.br\/se\/2025\/11\/20\/resultado-preliminar-do-trofeu-ser-crianca-e-divulgado-e-prazo-para-recurso-termina-nesta-terca-feira-18\/","og_locale":"pt_BR","og_type":"article","og_title":"Resultado preliminar do Trof\u00e9u Ser Crian\u00e7a \u00e9 divulgado e prazo para recurso termina nesta ter\u00e7a-feira, 18 - O Coerente","og_description":"Iniciativa premia a\u00e7\u00f5es dos munic\u00edpios voltadas \u00e0 primeira inf\u00e2ncia em Sergipe O Governo de Sergipe, por meio da Secretaria de Estado da Assist\u00eancia Social, Inclus\u00e3o e Cidadania (Seasic), informa que j\u00e1 est\u00e1 dispon\u00edvel o resultado preliminar do Trof\u00e9u Ser Crian\u00e7a. Ao todo, 32 iniciativas de diferentes munic\u00edpios foram selecionadas nesta etapa, reconhecendo a\u00e7\u00f5es que promovem [&hellip;]","og_url":"https:\/\/ocoerente.com.br\/se\/2025\/11\/20\/resultado-preliminar-do-trofeu-ser-crianca-e-divulgado-e-prazo-para-recurso-termina-nesta-terca-feira-18\/","og_site_name":"O Coerente","article_published_time":"2025-11-21T02:05:37+00:00","article_modified_time":"2025-11-21T02:06:18+00:00","og_image":[{"width":1100,"height":610,"url":"https:\/\/ocoerente.com.br\/se\/wp-content\/uploads\/2025\/11\/4cce1ccdf51c98f0f9.jpg","type":"image\/jpeg"}],"author":"Reda\u00e7\u00e3o","twitter_card":"summary_large_image","twitter_misc":{"Escrito por":"Reda\u00e7\u00e3o","Est. tempo de leitura":"2 minutos"},"schema":{"@context":"https:\/\/schema.org","@graph":[{"@type":"Article","@id":"https:\/\/ocoerente.com.br\/se\/2025\/11\/20\/resultado-preliminar-do-trofeu-ser-crianca-e-divulgado-e-prazo-para-recurso-termina-nesta-terca-feira-18\/#article","isPartOf":{"@id":"https:\/\/ocoerente.com.br\/se\/2025\/11\/20\/resultado-preliminar-do-trofeu-ser-crianca-e-divulgado-e-prazo-para-recurso-termina-nesta-terca-feira-18\/"},"author":{"name":"Reda\u00e7\u00e3o","@id":"https:\/\/ocoerente.com.br\/se\/#\/schema\/person\/cc6bfd9fbca465e23543b0c963d8d037"},"headline":"Resultado preliminar do Trof\u00e9u Ser Crian\u00e7a \u00e9 divulgado e prazo para recurso termina nesta ter\u00e7a-feira, 18","datePublished":"2025-11-21T02:05:37+00:00","dateModified":"2025-11-21T02:06:18+00:00","mainEntityOfPage":{"@id":"https:\/\/ocoerente.com.br\/se\/2025\/11\/20\/resultado-preliminar-do-trofeu-ser-crianca-e-divulgado-e-prazo-para-recurso-termina-nesta-terca-feira-18\/"},"wordCount":240,"publisher":{"@id":"https:\/\/ocoerente.com.br\/se\/#\/schema\/person\/cc6bfd9fbca465e23543b0c963d8d037"},"image":{"@id":"https:\/\/ocoerente.com.br\/se\/2025\/11\/20\/resultado-preliminar-do-trofeu-ser-crianca-e-divulgado-e-prazo-para-recurso-termina-nesta-terca-feira-18\/#primaryimage"},"thumbnailUrl":"https:\/\/ocoerente.com.br\/se\/wp-content\/uploads\/2025\/11\/4cce1ccdf51c98f0f9.jpg","articleSection":["Destaques","Sergipe"],"inLanguage":"pt-BR"},{"@type":"WebPage","@id":"https:\/\/ocoerente.com.br\/se\/2025\/11\/20\/resultado-preliminar-do-trofeu-ser-crianca-e-divulgado-e-prazo-para-recurso-termina-nesta-terca-feira-18\/","url":"https:\/\/ocoerente.com.br\/se\/2025\/11\/20\/resultado-preliminar-do-trofeu-ser-crianca-e-divulgado-e-prazo-para-recurso-termina-nesta-terca-feira-18\/","name":"Resultado preliminar do Trof\u00e9u Ser Crian\u00e7a \u00e9 divulgado e prazo para recurso termina nesta ter\u00e7a-feira, 18 - O Coerente","isPartOf":{"@id":"https:\/\/ocoerente.com.br\/se\/#website"},"primaryImageOfPage":{"@id":"https:\/\/ocoerente.com.br\/se\/2025\/11\/20\/resultado-preliminar-do-trofeu-ser-crianca-e-divulgado-e-prazo-para-recurso-termina-nesta-terca-feira-18\/#primaryimage"},"image":{"@id":"https:\/\/ocoerente.com.br\/se\/2025\/11\/20\/resultado-preliminar-do-trofeu-ser-crianca-e-divulgado-e-prazo-para-recurso-termina-nesta-terca-feira-18\/#primaryimage"},"thumbnailUrl":"https:\/\/ocoerente.com.br\/se\/wp-content\/uploads\/2025\/11\/4cce1ccdf51c98f0f9.jpg","datePublished":"2025-11-21T02:05:37+00:00","dateModified":"2025-11-21T02:06:18+00:00","breadcrumb":{"@id":"https:\/\/ocoerente.com.br\/se\/2025\/11\/20\/resultado-preliminar-do-trofeu-ser-crianca-e-divulgado-e-prazo-para-recurso-termina-nesta-terca-feira-18\/#breadcrumb"},"inLanguage":"pt-BR","potentialAction":[{"@type":"ReadAction","target":["https:\/\/ocoerente.com.br\/se\/2025\/11\/20\/resultado-preliminar-do-trofeu-ser-crianca-e-divulgado-e-prazo-para-recurso-termina-nesta-terca-feira-18\/"]}]},{"@type":"ImageObject","inLanguage":"pt-BR","@id":"https:\/\/ocoerente.com.br\/se\/2025\/11\/20\/resultado-preliminar-do-trofeu-ser-crianca-e-divulgado-e-prazo-para-recurso-termina-nesta-terca-feira-18\/#primaryimage","url":"https:\/\/ocoerente.com.br\/se\/wp-content\/uploads\/2025\/11\/4cce1ccdf51c98f0f9.jpg","contentUrl":"https:\/\/ocoerente.com.br\/se\/wp-content\/uploads\/2025\/11\/4cce1ccdf51c98f0f9.jpg","width":1100,"height":610,"caption":"Trof\u00e9u Ser Crian\u00e7a integra as iniciativas do Governo de Sergipe voltadas \u00e0 valoriza\u00e7\u00e3o de pr\u00e1ticas que fortalecem pol\u00edticas p\u00fablicas para a Primeira Inf\u00e2ncia \/ Foto: Reinaldo Moura"},{"@type":"BreadcrumbList","@id":"https:\/\/ocoerente.com.br\/se\/2025\/11\/20\/resultado-preliminar-do-trofeu-ser-crianca-e-divulgado-e-prazo-para-recurso-termina-nesta-terca-feira-18\/#breadcrumb","itemListElement":[{"@type":"ListItem","position":1,"name":"In\u00edcio","item":"https:\/\/ocoerente.com.br\/se\/"},{"@type":"ListItem","position":2,"name":"Resultado preliminar do Trof\u00e9u Ser Crian\u00e7a \u00e9 divulgado e prazo para recurso termina nesta ter\u00e7a-feira, 18"}]},{"@type":"WebSite","@id":"https:\/\/ocoerente.com.br\/se\/#website","url":"https:\/\/ocoerente.com.br\/se\/","name":"O Coerente","description":"","publisher":{"@id":"https:\/\/ocoerente.com.br\/se\/#\/schema\/person\/cc6bfd9fbca465e23543b0c963d8d037"},"potentialAction":[{"@type":"SearchAction","target":{"@type":"EntryPoint","urlTemplate":"https:\/\/ocoerente.com.br\/se\/?s={search_term_string}"},"query-input":{"@type":"PropertyValueSpecification","valueRequired":true,"valueName":"search_term_string"}}],"inLanguage":"pt-BR"},{"@type":["Person","Organization"],"@id":"https:\/\/ocoerente.com.br\/se\/#\/schema\/person\/cc6bfd9fbca465e23543b0c963d8d037","name":"Reda\u00e7\u00e3o","image":{"@type":"ImageObject","inLanguage":"pt-BR","@id":"https:\/\/ocoerente.com.br\/se\/wp-content\/uploads\/2020\/01\/ocoerente-1.png","url":"https:\/\/ocoerente.com.br\/se\/wp-content\/uploads\/2020\/01\/ocoerente-1.png","contentUrl":"https:\/\/ocoerente.com.br\/se\/wp-content\/uploads\/2020\/01\/ocoerente-1.png","width":50,"height":50,"caption":"Reda\u00e7\u00e3o"},"logo":{"@id":"https:\/\/ocoerente.com.br\/se\/wp-content\/uploads\/2020\/01\/ocoerente-1.png"},"url":"https:\/\/ocoerente.com.br\/se\/author\/vasticlsales\/"}]}},"_links":{"self":[{"href":"https:\/\/ocoerente.com.br\/se\/wp-json\/wp\/v2\/posts\/17633","targetHints":{"allow":["GET"]}}],"collection":[{"href":"https:\/\/ocoerente.com.br\/se\/wp-json\/wp\/v2\/posts"}],"about":[{"href":"https:\/\/ocoerente.com.br\/se\/wp-json\/wp\/v2\/types\/post"}],"author":[{"embeddable":true,"href":"https:\/\/ocoerente.com.br\/se\/wp-json\/wp\/v2\/users\/1"}],"replies":[{"embeddable":true,"href":"https:\/\/ocoerente.com.br\/se\/wp-json\/wp\/v2\/comments?post=17633"}],"version-history":[{"count":2,"href":"https:\/\/ocoerente.com.br\/se\/wp-json\/wp\/v2\/posts\/17633\/revisions"}],"predecessor-version":[{"id":17637,"href":"https:\/\/ocoerente.com.br\/se\/wp-json\/wp\/v2\/posts\/17633\/revisions\/17637"}],"wp:featuredmedia":[{"embeddable":true,"href":"https:\/\/ocoerente.com.br\/se\/wp-json\/wp\/v2\/media\/17634"}],"wp:attachment":[{"href":"https:\/\/ocoerente.com.br\/se\/wp-json\/wp\/v2\/media?parent=17633"}],"wp:term":[{"taxonomy":"category","embeddable":true,"href":"https:\/\/ocoerente.com.br\/se\/wp-json\/wp\/v2\/categories?post=17633"},{"taxonomy":"post_tag","embeddable":true,"href":"https:\/\/ocoerente.com.br\/se\/wp-json\/wp\/v2\/tags?post=17633"}],"curies":[{"name":"wp","href":"https:\/\/api.w.org\/{rel}","templated":true}]}}