{"id":17630,"date":"2025-11-20T23:03:35","date_gmt":"2025-11-21T02:03:35","guid":{"rendered":"https:\/\/ocoerente.com.br\/se\/?p=17630"},"modified":"2025-11-20T23:03:36","modified_gmt":"2025-11-21T02:03:36","slug":"governo-de-sergipe-inaugura-novas-quadras-poliesportivas-e-reformas-de-escolas-estaduais-em-nossa-senhora-do-socorro","status":"publish","type":"post","link":"https:\/\/ocoerente.com.br\/se\/2025\/11\/20\/governo-de-sergipe-inaugura-novas-quadras-poliesportivas-e-reformas-de-escolas-estaduais-em-nossa-senhora-do-socorro\/","title":{"rendered":"Governo de Sergipe inaugura novas quadras poliesportivas e reformas de escolas estaduais em Nossa Senhora do Socorro"},"content":{"rendered":"\n<p><em>Gest\u00e3o estadual j\u00e1 contabiliza 83 obras conclu\u00eddas para a educa\u00e7\u00e3o em dois anos e onze meses, fortalecendo a infraestrutura escolar e ampliando os espa\u00e7os de aprendizagem e conviv\u00eancia para estudantes<\/em><\/p>\n\n\n\n<p>Com o compromisso de fortalecer a infraestrutura escolar e ampliar os espa\u00e7os de aprendizagem e conviv\u00eancia para estudantes da rede p\u00fablica estadual de ensino, o governador F\u00e1bio Mitidieri inaugurou, nesta ter\u00e7a-feira, 17, duas importantes obras em Nossa Senhora do Socorro, munic\u00edpio da Grande Aracaju. A primeira inaugura\u00e7\u00e3o foi a quadra de esportes coberta, com vesti\u00e1rios, do Col\u00e9gio Estadual Professor Jos\u00e9 Barreto Fontes, no conjunto Fernando Collor. J\u00e1 no conjunto Jardim, foi entregue a reforma da quadra e a constru\u00e7\u00e3o de vesti\u00e1rios, al\u00e9m da climatiza\u00e7\u00e3o da Escola Estadual Professora J\u00falia Teles.<\/p>\n\n\n\n<p>Com essas duas entregas, a gest\u00e3o contabiliza 83 obras conclu\u00eddas para a educa\u00e7\u00e3o em dois anos e onze meses, refor\u00e7ando o compromisso do Governo de Sergipe de elevar a qualidade dos ambientes escolares. Durante a entrega da reforma do Col\u00e9gio Estadual Professor Jos\u00e9 Barreto Fontes, o governador destacou a relev\u00e2ncia da obra para a comunidade escolar. Ele lembrou que a \u00faltima reforma da unidade havia ocorrido h\u00e1 17 anos e ressaltou que a iniciativa representa mais do que infraestrutura: significa dignidade, acolhimento e novas oportunidades para os estudantes.<\/p>\n\n\n\n<p>\u201cS\u00e3o duas entregas aqui, em Socorro, para a Educa\u00e7\u00e3o. Ao todo j\u00e1 s\u00e3o 83\u00aa obras, mostrando que o avan\u00e7o e os investimentos que a gente tem feito t\u00eam dado resultado. A alegria dos alunos mostra isso, porque aqui \u00e9 muito mais do que uma quadra; \u00e9 quadra, vesti\u00e1rio, todas as salas climatizadas. \u00c9 um investimento de R$ 2,7 milh\u00f5es na reforma desta escola, mantendo a m\u00e9dia de uma escola entregue a cada 12 dias. J\u00e1 estamos chegando aos dois anos e onze meses de gest\u00e3o e, gra\u00e7as a Deus, podemos continuar nessa mesma pegada, investindo ainda mais na educa\u00e7\u00e3o tanto na capital quanto no interior\u201d, afirmou o governador, ao destacar que, neste ano, essa j\u00e1 \u00e9 a quinta escola reformada entregue em Nossa Senhora do Socorro.&nbsp;<\/p>\n\n\n\n<p>A unidade, vinculada \u00e0 Diretoria Regional de Educa\u00e7\u00e3o da Grande Aracaju (DRE 8), atende turmas do Ensino Fundamental Anos Finais, Ensino M\u00e9dio Regular e do Programa de Enfrentamento \u00e0 Distor\u00e7\u00e3o Idade-S\u00e9rie (Prosic). A obra recebeu investimento de R$ 2.701.156,34, incluindo constru\u00e7\u00e3o de vesti\u00e1rios masculinos, femininos e acess\u00edveis, climatiza\u00e7\u00e3o, moderniza\u00e7\u00e3o da quadra e instala\u00e7\u00e3o de novos equipamentos esportivos.<\/p>\n\n\n\n<p>O secret\u00e1rio de Estado da Educa\u00e7\u00e3o, Zezinho Sobral, refor\u00e7ou a import\u00e2ncia das entregas. &nbsp;\u201cToda a escola aqui, no Jos\u00e9 &nbsp;Barreto Fontes, no Fernando Collor, conta com a estrutura que temos nessa unidade \u00e9 igual, sen\u00e3o melhor, do que qualquer outra do Estado de Sergipe e do Brasil. Al\u00e9m da quadra e dos vesti\u00e1rios, a escola foi totalmente reformada, do muro \u00e0s salas de aula, todas climatizadas. \u00c9 um investimento significativo para a comunidade do Fernando Collor. S\u00e3o mais de 700 alunos do Ensino M\u00e9dio. \u00c9 uma escola que tem avan\u00e7ado, que tem participa\u00e7\u00e3o ativa da comunidade. Sobre a Escola J\u00falia Teles, &nbsp;\u00e9 outra obra importante, no Conjunto Jardim. Estamos ampliando ainda o Frei Inoc\u00eancio e trabalhando na recupera\u00e7\u00e3o de outras unidades e o servi\u00e7o n\u00e3o para\u201d, contou.<\/p>\n\n\n\n<p>A diretora da unidade escolar, Susyane Chagas Santos, celebrou a conquista. \u201cA mudan\u00e7a de vida que eles t\u00eam agora, com todo o projeto e os programas que o governo nos oferece, faz toda a diferen\u00e7a no sistema educacional. Impacta direta e positivamente no processo de ensino e aprendizagem, no conforto, na capacidade de aprender, nas condi\u00e7\u00f5es de vida deles e na vontade de estar na escola. Hoje eles t\u00eam tablets, climatiza\u00e7\u00e3o, uma quadra de esportes que acolhe e incentiva. O esporte \u00e9 fundamental para a sa\u00fade dos alunos, para o desenvolvimento educacional e para a nova expectativa de vida deles. Com certeza, \u00e9 uma mudan\u00e7a total na vida desses estudantes e da comunidade do Fernando Collor\u201d, comemorou.&nbsp;<\/p>\n\n\n\n<p>A aluna Ingride Adacia, do 2\u00ba ano, destacou a import\u00e2ncia das melhorias. \u201cEsta quadra \u00e9 mais que concreto. Ela \u00e9 reflexo dos nossos esfor\u00e7os, da nossa paci\u00eancia e, acima de tudo, do nosso amor por esta hist\u00f3ria. Hoje, vivemos o sonho, e \u00e9 apenas o come\u00e7o de muitas coisas\u201d, agradeceu.<\/p>\n\n\n\n<p>O prefeito de Nossa Senhora do Socorro, Samuel Carvalho, destacou o impacto das melhorias para a educa\u00e7\u00e3o de Nossa Senhora do Socorro. \u201c\u00c9 no olhar de cada jovem que a gente percebe a esperan\u00e7a por um futuro melhor. N\u00e3o tenho d\u00favida nenhuma que o Barret\u00e3o no pr\u00f3ximo ano estar\u00e1 na Escola Nota 10. Parab\u00e9ns, governador, por cuidar de Socorro\u201d, disse o prefeito que ainda evnidenciou outras a\u00e7\u00f5es realizada pelo Estado no munic\u00edpio, a exemplo da duplica\u00e7\u00e3o da ponte do Conjunto Jo\u00e3o Alves, urbaniza\u00e7\u00e3o do Guajar\u00e1 entre outras.&nbsp;<\/p>\n\n\n\n<p><strong>Escola Estadual Professora J\u00falia Teles<\/strong><\/p>\n\n\n\n<p>A Escola Estadual Professora J\u00falia Teles, tamb\u00e9m integrante da DRE 8, recebeu investimento de R$ 2.909.226,05 para reforma da quadra, constru\u00e7\u00e3o de vesti\u00e1rios, climatiza\u00e7\u00e3o de salas e moderniza\u00e7\u00e3o completa da infraestrutura interna e externa. A unidade \u00e9 considerada estrat\u00e9gica para a aprendizagem no Conjunto Jardim.<\/p>\n\n\n\n<p>O chefe do Executivo estadual tamb\u00e9m comentou sobre a entrega. \u201c\u00c9 a 83\u00aa escola que a gente entrega reformada na nossa gest\u00e3o. Uma escola nova, praticamente totalmente ampliada e reformada. S\u00f3 de escolas climatizadas, n\u00f3s estamos chegando agora a 230. Quando n\u00f3s chegamos ao governo eram 36. Hoje n\u00f3s temos 229 escolas climatizadas. \u00c9 um n\u00famero muito expressivo que &nbsp;mostra nosso compromisso com a educa\u00e7\u00e3o p\u00fablica de qualidade\u201d, concluiu o governador.&nbsp;<\/p>\n\n\n\n<p>A diretora Rosenilde Santos celebrou o novo momento da unidade. \u201cEsse \u00e9 o momento de celebrar a vit\u00f3ria da educa\u00e7\u00e3o. Hoje, a Escola J\u00falia Teles \u00e9 um projeto de vida da nossa comunidade. N\u00f3s resgatamos dignidade e principalmente o sonho dessa garotada\u201d, celebrou.<\/p>\n\n\n\n<p>O aluno Kauan dos Santos, monitor da escola, tamb\u00e9m registrou sua gratid\u00e3o. \u201cN\u00e3o estamos apenas inaugurando melhorias, estamos celebrando um avan\u00e7o real na qualidade de nossa educa\u00e7\u00e3o. Estudar em um ambiente confort\u00e1vel faz diferen\u00e7a, melhora o rendimento e mostra que nosso aprendizado est\u00e1 sendo levado a s\u00e9rio. Que esta inaugura\u00e7\u00e3o marque o in\u00edcio de uma etapa mais forte, mais humana e mais promissora para todos n\u00f3s\u201d, afirmou.<\/p>\n\n\n\n<p><strong>Investimentos<\/strong><\/p>\n\n\n\n<p>Entre 2023 e 2025, o Governo de Sergipe j\u00e1 entregou 83 obras educacionais, sendo 50 quadras poliesportivas e 33 escolas reformadas, com investimentos superiores a R$ 187 milh\u00f5es. Al\u00e9m disso, mais de 227 escolas j\u00e1 foram climatizadas, totalizando 4.627 aparelhos instalados, em um investimento superior a R$ 141 milh\u00f5es.<\/p>\n\n\n\n<p>Governo de Sergipe<\/p>\n","protected":false},"excerpt":{"rendered":"<p>Gest\u00e3o estadual j\u00e1 contabiliza 83 obras conclu\u00eddas para a educa\u00e7\u00e3o em dois anos e onze meses, fortalecendo a infraestrutura escolar e ampliando os espa\u00e7os de aprendizagem e conviv\u00eancia para estudantes Com o compromisso de fortalecer a infraestrutura escolar e ampliar os espa\u00e7os de aprendizagem e conviv\u00eancia para estudantes da rede p\u00fablica estadual de ensino, o [&hellip;]<\/p>\n","protected":false},"author":1,"featured_media":17631,"comment_status":"closed","ping_status":"closed","sticky":false,"template":"","format":"standard","meta":{"footnotes":""},"categories":[53,47],"tags":[],"class_list":["post-17630","post","type-post","status-publish","format-standard","has-post-thumbnail","hentry","category-destaques","category-educacao"],"yoast_head":"<!-- This site is optimized with the Yoast SEO plugin v27.4 - https:\/\/yoast.com\/product\/yoast-seo-wordpress\/ -->\n<title>Governo de Sergipe inaugura novas quadras poliesportivas e reformas de escolas estaduais em Nossa Senhora do Socorro - O Coerente<\/title>\n<meta name=\"robots\" content=\"index, follow, max-snippet:-1, max-image-preview:large, max-video-preview:-1\" \/>\n<link rel=\"canonical\" href=\"https:\/\/ocoerente.com.br\/se\/2025\/11\/20\/governo-de-sergipe-inaugura-novas-quadras-poliesportivas-e-reformas-de-escolas-estaduais-em-nossa-senhora-do-socorro\/\" \/>\n<meta property=\"og:locale\" content=\"pt_BR\" \/>\n<meta property=\"og:type\" content=\"article\" \/>\n<meta property=\"og:title\" content=\"Governo de Sergipe inaugura novas quadras poliesportivas e reformas de escolas estaduais em Nossa Senhora do Socorro - O Coerente\" \/>\n<meta property=\"og:description\" content=\"Gest\u00e3o estadual j\u00e1 contabiliza 83 obras conclu\u00eddas para a educa\u00e7\u00e3o em dois anos e onze meses, fortalecendo a infraestrutura escolar e ampliando os espa\u00e7os de aprendizagem e conviv\u00eancia para estudantes Com o compromisso de fortalecer a infraestrutura escolar e ampliar os espa\u00e7os de aprendizagem e conviv\u00eancia para estudantes da rede p\u00fablica estadual de ensino, o [&hellip;]\" \/>\n<meta property=\"og:url\" content=\"https:\/\/ocoerente.com.br\/se\/2025\/11\/20\/governo-de-sergipe-inaugura-novas-quadras-poliesportivas-e-reformas-de-escolas-estaduais-em-nossa-senhora-do-socorro\/\" \/>\n<meta property=\"og:site_name\" content=\"O Coerente\" \/>\n<meta property=\"article:published_time\" content=\"2025-11-21T02:03:35+00:00\" \/>\n<meta property=\"article:modified_time\" content=\"2025-11-21T02:03:36+00:00\" \/>\n<meta property=\"og:image\" content=\"https:\/\/ocoerente.com.br\/se\/wp-content\/uploads\/2025\/11\/dbafc79b364f6ce.jpg\" \/>\n\t<meta property=\"og:image:width\" content=\"1100\" \/>\n\t<meta property=\"og:image:height\" content=\"610\" \/>\n\t<meta property=\"og:image:type\" content=\"image\/jpeg\" \/>\n<meta name=\"author\" content=\"Reda\u00e7\u00e3o\" \/>\n<meta name=\"twitter:card\" content=\"summary_large_image\" \/>\n<meta name=\"twitter:label1\" content=\"Escrito por\" \/>\n\t<meta name=\"twitter:data1\" content=\"Reda\u00e7\u00e3o\" \/>\n\t<meta name=\"twitter:label2\" content=\"Est. tempo de leitura\" \/>\n\t<meta name=\"twitter:data2\" content=\"7 minutos\" \/>\n<script type=\"application\/ld+json\" class=\"yoast-schema-graph\">{\"@context\":\"https:\\\/\\\/schema.org\",\"@graph\":[{\"@type\":\"Article\",\"@id\":\"https:\\\/\\\/ocoerente.com.br\\\/se\\\/2025\\\/11\\\/20\\\/governo-de-sergipe-inaugura-novas-quadras-poliesportivas-e-reformas-de-escolas-estaduais-em-nossa-senhora-do-socorro\\\/#article\",\"isPartOf\":{\"@id\":\"https:\\\/\\\/ocoerente.com.br\\\/se\\\/2025\\\/11\\\/20\\\/governo-de-sergipe-inaugura-novas-quadras-poliesportivas-e-reformas-de-escolas-estaduais-em-nossa-senhora-do-socorro\\\/\"},\"author\":{\"name\":\"Reda\u00e7\u00e3o\",\"@id\":\"https:\\\/\\\/ocoerente.com.br\\\/se\\\/#\\\/schema\\\/person\\\/cc6bfd9fbca465e23543b0c963d8d037\"},\"headline\":\"Governo de Sergipe inaugura novas quadras poliesportivas e reformas de escolas estaduais em Nossa Senhora do Socorro\",\"datePublished\":\"2025-11-21T02:03:35+00:00\",\"dateModified\":\"2025-11-21T02:03:36+00:00\",\"mainEntityOfPage\":{\"@id\":\"https:\\\/\\\/ocoerente.com.br\\\/se\\\/2025\\\/11\\\/20\\\/governo-de-sergipe-inaugura-novas-quadras-poliesportivas-e-reformas-de-escolas-estaduais-em-nossa-senhora-do-socorro\\\/\"},\"wordCount\":1154,\"publisher\":{\"@id\":\"https:\\\/\\\/ocoerente.com.br\\\/se\\\/#\\\/schema\\\/person\\\/cc6bfd9fbca465e23543b0c963d8d037\"},\"image\":{\"@id\":\"https:\\\/\\\/ocoerente.com.br\\\/se\\\/2025\\\/11\\\/20\\\/governo-de-sergipe-inaugura-novas-quadras-poliesportivas-e-reformas-de-escolas-estaduais-em-nossa-senhora-do-socorro\\\/#primaryimage\"},\"thumbnailUrl\":\"https:\\\/\\\/ocoerente.com.br\\\/se\\\/wp-content\\\/uploads\\\/2025\\\/11\\\/dbafc79b364f6ce.jpg\",\"articleSection\":[\"Destaques\",\"Educa\u00e7\u00e3o\"],\"inLanguage\":\"pt-BR\"},{\"@type\":\"WebPage\",\"@id\":\"https:\\\/\\\/ocoerente.com.br\\\/se\\\/2025\\\/11\\\/20\\\/governo-de-sergipe-inaugura-novas-quadras-poliesportivas-e-reformas-de-escolas-estaduais-em-nossa-senhora-do-socorro\\\/\",\"url\":\"https:\\\/\\\/ocoerente.com.br\\\/se\\\/2025\\\/11\\\/20\\\/governo-de-sergipe-inaugura-novas-quadras-poliesportivas-e-reformas-de-escolas-estaduais-em-nossa-senhora-do-socorro\\\/\",\"name\":\"Governo de Sergipe inaugura novas quadras poliesportivas e reformas de escolas estaduais em Nossa Senhora do Socorro - O Coerente\",\"isPartOf\":{\"@id\":\"https:\\\/\\\/ocoerente.com.br\\\/se\\\/#website\"},\"primaryImageOfPage\":{\"@id\":\"https:\\\/\\\/ocoerente.com.br\\\/se\\\/2025\\\/11\\\/20\\\/governo-de-sergipe-inaugura-novas-quadras-poliesportivas-e-reformas-de-escolas-estaduais-em-nossa-senhora-do-socorro\\\/#primaryimage\"},\"image\":{\"@id\":\"https:\\\/\\\/ocoerente.com.br\\\/se\\\/2025\\\/11\\\/20\\\/governo-de-sergipe-inaugura-novas-quadras-poliesportivas-e-reformas-de-escolas-estaduais-em-nossa-senhora-do-socorro\\\/#primaryimage\"},\"thumbnailUrl\":\"https:\\\/\\\/ocoerente.com.br\\\/se\\\/wp-content\\\/uploads\\\/2025\\\/11\\\/dbafc79b364f6ce.jpg\",\"datePublished\":\"2025-11-21T02:03:35+00:00\",\"dateModified\":\"2025-11-21T02:03:36+00:00\",\"breadcrumb\":{\"@id\":\"https:\\\/\\\/ocoerente.com.br\\\/se\\\/2025\\\/11\\\/20\\\/governo-de-sergipe-inaugura-novas-quadras-poliesportivas-e-reformas-de-escolas-estaduais-em-nossa-senhora-do-socorro\\\/#breadcrumb\"},\"inLanguage\":\"pt-BR\",\"potentialAction\":[{\"@type\":\"ReadAction\",\"target\":[\"https:\\\/\\\/ocoerente.com.br\\\/se\\\/2025\\\/11\\\/20\\\/governo-de-sergipe-inaugura-novas-quadras-poliesportivas-e-reformas-de-escolas-estaduais-em-nossa-senhora-do-socorro\\\/\"]}]},{\"@type\":\"ImageObject\",\"inLanguage\":\"pt-BR\",\"@id\":\"https:\\\/\\\/ocoerente.com.br\\\/se\\\/2025\\\/11\\\/20\\\/governo-de-sergipe-inaugura-novas-quadras-poliesportivas-e-reformas-de-escolas-estaduais-em-nossa-senhora-do-socorro\\\/#primaryimage\",\"url\":\"https:\\\/\\\/ocoerente.com.br\\\/se\\\/wp-content\\\/uploads\\\/2025\\\/11\\\/dbafc79b364f6ce.jpg\",\"contentUrl\":\"https:\\\/\\\/ocoerente.com.br\\\/se\\\/wp-content\\\/uploads\\\/2025\\\/11\\\/dbafc79b364f6ce.jpg\",\"width\":1100,\"height\":610,\"caption\":\"Gest\u00e3o contabiliza 83 obras conclu\u00eddas para a educa\u00e7\u00e3o em dois anos e onze meses, refor\u00e7ando compromisso do Governo do Estado com desenvolvimento da educa\u00e7\u00e3o \\\/ Fotos: Reinaldo Moura e C\u00e9sar de Oliveira\"},{\"@type\":\"BreadcrumbList\",\"@id\":\"https:\\\/\\\/ocoerente.com.br\\\/se\\\/2025\\\/11\\\/20\\\/governo-de-sergipe-inaugura-novas-quadras-poliesportivas-e-reformas-de-escolas-estaduais-em-nossa-senhora-do-socorro\\\/#breadcrumb\",\"itemListElement\":[{\"@type\":\"ListItem\",\"position\":1,\"name\":\"In\u00edcio\",\"item\":\"https:\\\/\\\/ocoerente.com.br\\\/se\\\/\"},{\"@type\":\"ListItem\",\"position\":2,\"name\":\"Governo de Sergipe inaugura novas quadras poliesportivas e reformas de escolas estaduais em Nossa Senhora do Socorro\"}]},{\"@type\":\"WebSite\",\"@id\":\"https:\\\/\\\/ocoerente.com.br\\\/se\\\/#website\",\"url\":\"https:\\\/\\\/ocoerente.com.br\\\/se\\\/\",\"name\":\"O Coerente\",\"description\":\"\",\"publisher\":{\"@id\":\"https:\\\/\\\/ocoerente.com.br\\\/se\\\/#\\\/schema\\\/person\\\/cc6bfd9fbca465e23543b0c963d8d037\"},\"potentialAction\":[{\"@type\":\"SearchAction\",\"target\":{\"@type\":\"EntryPoint\",\"urlTemplate\":\"https:\\\/\\\/ocoerente.com.br\\\/se\\\/?s={search_term_string}\"},\"query-input\":{\"@type\":\"PropertyValueSpecification\",\"valueRequired\":true,\"valueName\":\"search_term_string\"}}],\"inLanguage\":\"pt-BR\"},{\"@type\":[\"Person\",\"Organization\"],\"@id\":\"https:\\\/\\\/ocoerente.com.br\\\/se\\\/#\\\/schema\\\/person\\\/cc6bfd9fbca465e23543b0c963d8d037\",\"name\":\"Reda\u00e7\u00e3o\",\"image\":{\"@type\":\"ImageObject\",\"inLanguage\":\"pt-BR\",\"@id\":\"https:\\\/\\\/ocoerente.com.br\\\/se\\\/wp-content\\\/uploads\\\/2020\\\/01\\\/ocoerente-1.png\",\"url\":\"https:\\\/\\\/ocoerente.com.br\\\/se\\\/wp-content\\\/uploads\\\/2020\\\/01\\\/ocoerente-1.png\",\"contentUrl\":\"https:\\\/\\\/ocoerente.com.br\\\/se\\\/wp-content\\\/uploads\\\/2020\\\/01\\\/ocoerente-1.png\",\"width\":50,\"height\":50,\"caption\":\"Reda\u00e7\u00e3o\"},\"logo\":{\"@id\":\"https:\\\/\\\/ocoerente.com.br\\\/se\\\/wp-content\\\/uploads\\\/2020\\\/01\\\/ocoerente-1.png\"},\"url\":\"https:\\\/\\\/ocoerente.com.br\\\/se\\\/author\\\/vasticlsales\\\/\"}]}<\/script>\n<!-- \/ Yoast SEO plugin. -->","yoast_head_json":{"title":"Governo de Sergipe inaugura novas quadras poliesportivas e reformas de escolas estaduais em Nossa Senhora do Socorro - O Coerente","robots":{"index":"index","follow":"follow","max-snippet":"max-snippet:-1","max-image-preview":"max-image-preview:large","max-video-preview":"max-video-preview:-1"},"canonical":"https:\/\/ocoerente.com.br\/se\/2025\/11\/20\/governo-de-sergipe-inaugura-novas-quadras-poliesportivas-e-reformas-de-escolas-estaduais-em-nossa-senhora-do-socorro\/","og_locale":"pt_BR","og_type":"article","og_title":"Governo de Sergipe inaugura novas quadras poliesportivas e reformas de escolas estaduais em Nossa Senhora do Socorro - O Coerente","og_description":"Gest\u00e3o estadual j\u00e1 contabiliza 83 obras conclu\u00eddas para a educa\u00e7\u00e3o em dois anos e onze meses, fortalecendo a infraestrutura escolar e ampliando os espa\u00e7os de aprendizagem e conviv\u00eancia para estudantes Com o compromisso de fortalecer a infraestrutura escolar e ampliar os espa\u00e7os de aprendizagem e conviv\u00eancia para estudantes da rede p\u00fablica estadual de ensino, o [&hellip;]","og_url":"https:\/\/ocoerente.com.br\/se\/2025\/11\/20\/governo-de-sergipe-inaugura-novas-quadras-poliesportivas-e-reformas-de-escolas-estaduais-em-nossa-senhora-do-socorro\/","og_site_name":"O Coerente","article_published_time":"2025-11-21T02:03:35+00:00","article_modified_time":"2025-11-21T02:03:36+00:00","og_image":[{"width":1100,"height":610,"url":"https:\/\/ocoerente.com.br\/se\/wp-content\/uploads\/2025\/11\/dbafc79b364f6ce.jpg","type":"image\/jpeg"}],"author":"Reda\u00e7\u00e3o","twitter_card":"summary_large_image","twitter_misc":{"Escrito por":"Reda\u00e7\u00e3o","Est. tempo de leitura":"7 minutos"},"schema":{"@context":"https:\/\/schema.org","@graph":[{"@type":"Article","@id":"https:\/\/ocoerente.com.br\/se\/2025\/11\/20\/governo-de-sergipe-inaugura-novas-quadras-poliesportivas-e-reformas-de-escolas-estaduais-em-nossa-senhora-do-socorro\/#article","isPartOf":{"@id":"https:\/\/ocoerente.com.br\/se\/2025\/11\/20\/governo-de-sergipe-inaugura-novas-quadras-poliesportivas-e-reformas-de-escolas-estaduais-em-nossa-senhora-do-socorro\/"},"author":{"name":"Reda\u00e7\u00e3o","@id":"https:\/\/ocoerente.com.br\/se\/#\/schema\/person\/cc6bfd9fbca465e23543b0c963d8d037"},"headline":"Governo de Sergipe inaugura novas quadras poliesportivas e reformas de escolas estaduais em Nossa Senhora do Socorro","datePublished":"2025-11-21T02:03:35+00:00","dateModified":"2025-11-21T02:03:36+00:00","mainEntityOfPage":{"@id":"https:\/\/ocoerente.com.br\/se\/2025\/11\/20\/governo-de-sergipe-inaugura-novas-quadras-poliesportivas-e-reformas-de-escolas-estaduais-em-nossa-senhora-do-socorro\/"},"wordCount":1154,"publisher":{"@id":"https:\/\/ocoerente.com.br\/se\/#\/schema\/person\/cc6bfd9fbca465e23543b0c963d8d037"},"image":{"@id":"https:\/\/ocoerente.com.br\/se\/2025\/11\/20\/governo-de-sergipe-inaugura-novas-quadras-poliesportivas-e-reformas-de-escolas-estaduais-em-nossa-senhora-do-socorro\/#primaryimage"},"thumbnailUrl":"https:\/\/ocoerente.com.br\/se\/wp-content\/uploads\/2025\/11\/dbafc79b364f6ce.jpg","articleSection":["Destaques","Educa\u00e7\u00e3o"],"inLanguage":"pt-BR"},{"@type":"WebPage","@id":"https:\/\/ocoerente.com.br\/se\/2025\/11\/20\/governo-de-sergipe-inaugura-novas-quadras-poliesportivas-e-reformas-de-escolas-estaduais-em-nossa-senhora-do-socorro\/","url":"https:\/\/ocoerente.com.br\/se\/2025\/11\/20\/governo-de-sergipe-inaugura-novas-quadras-poliesportivas-e-reformas-de-escolas-estaduais-em-nossa-senhora-do-socorro\/","name":"Governo de Sergipe inaugura novas quadras poliesportivas e reformas de escolas estaduais em Nossa Senhora do Socorro - O Coerente","isPartOf":{"@id":"https:\/\/ocoerente.com.br\/se\/#website"},"primaryImageOfPage":{"@id":"https:\/\/ocoerente.com.br\/se\/2025\/11\/20\/governo-de-sergipe-inaugura-novas-quadras-poliesportivas-e-reformas-de-escolas-estaduais-em-nossa-senhora-do-socorro\/#primaryimage"},"image":{"@id":"https:\/\/ocoerente.com.br\/se\/2025\/11\/20\/governo-de-sergipe-inaugura-novas-quadras-poliesportivas-e-reformas-de-escolas-estaduais-em-nossa-senhora-do-socorro\/#primaryimage"},"thumbnailUrl":"https:\/\/ocoerente.com.br\/se\/wp-content\/uploads\/2025\/11\/dbafc79b364f6ce.jpg","datePublished":"2025-11-21T02:03:35+00:00","dateModified":"2025-11-21T02:03:36+00:00","breadcrumb":{"@id":"https:\/\/ocoerente.com.br\/se\/2025\/11\/20\/governo-de-sergipe-inaugura-novas-quadras-poliesportivas-e-reformas-de-escolas-estaduais-em-nossa-senhora-do-socorro\/#breadcrumb"},"inLanguage":"pt-BR","potentialAction":[{"@type":"ReadAction","target":["https:\/\/ocoerente.com.br\/se\/2025\/11\/20\/governo-de-sergipe-inaugura-novas-quadras-poliesportivas-e-reformas-de-escolas-estaduais-em-nossa-senhora-do-socorro\/"]}]},{"@type":"ImageObject","inLanguage":"pt-BR","@id":"https:\/\/ocoerente.com.br\/se\/2025\/11\/20\/governo-de-sergipe-inaugura-novas-quadras-poliesportivas-e-reformas-de-escolas-estaduais-em-nossa-senhora-do-socorro\/#primaryimage","url":"https:\/\/ocoerente.com.br\/se\/wp-content\/uploads\/2025\/11\/dbafc79b364f6ce.jpg","contentUrl":"https:\/\/ocoerente.com.br\/se\/wp-content\/uploads\/2025\/11\/dbafc79b364f6ce.jpg","width":1100,"height":610,"caption":"Gest\u00e3o contabiliza 83 obras conclu\u00eddas para a educa\u00e7\u00e3o em dois anos e onze meses, refor\u00e7ando compromisso do Governo do Estado com desenvolvimento da educa\u00e7\u00e3o \/ Fotos: Reinaldo Moura e C\u00e9sar de Oliveira"},{"@type":"BreadcrumbList","@id":"https:\/\/ocoerente.com.br\/se\/2025\/11\/20\/governo-de-sergipe-inaugura-novas-quadras-poliesportivas-e-reformas-de-escolas-estaduais-em-nossa-senhora-do-socorro\/#breadcrumb","itemListElement":[{"@type":"ListItem","position":1,"name":"In\u00edcio","item":"https:\/\/ocoerente.com.br\/se\/"},{"@type":"ListItem","position":2,"name":"Governo de Sergipe inaugura novas quadras poliesportivas e reformas de escolas estaduais em Nossa Senhora do Socorro"}]},{"@type":"WebSite","@id":"https:\/\/ocoerente.com.br\/se\/#website","url":"https:\/\/ocoerente.com.br\/se\/","name":"O Coerente","description":"","publisher":{"@id":"https:\/\/ocoerente.com.br\/se\/#\/schema\/person\/cc6bfd9fbca465e23543b0c963d8d037"},"potentialAction":[{"@type":"SearchAction","target":{"@type":"EntryPoint","urlTemplate":"https:\/\/ocoerente.com.br\/se\/?s={search_term_string}"},"query-input":{"@type":"PropertyValueSpecification","valueRequired":true,"valueName":"search_term_string"}}],"inLanguage":"pt-BR"},{"@type":["Person","Organization"],"@id":"https:\/\/ocoerente.com.br\/se\/#\/schema\/person\/cc6bfd9fbca465e23543b0c963d8d037","name":"Reda\u00e7\u00e3o","image":{"@type":"ImageObject","inLanguage":"pt-BR","@id":"https:\/\/ocoerente.com.br\/se\/wp-content\/uploads\/2020\/01\/ocoerente-1.png","url":"https:\/\/ocoerente.com.br\/se\/wp-content\/uploads\/2020\/01\/ocoerente-1.png","contentUrl":"https:\/\/ocoerente.com.br\/se\/wp-content\/uploads\/2020\/01\/ocoerente-1.png","width":50,"height":50,"caption":"Reda\u00e7\u00e3o"},"logo":{"@id":"https:\/\/ocoerente.com.br\/se\/wp-content\/uploads\/2020\/01\/ocoerente-1.png"},"url":"https:\/\/ocoerente.com.br\/se\/author\/vasticlsales\/"}]}},"_links":{"self":[{"href":"https:\/\/ocoerente.com.br\/se\/wp-json\/wp\/v2\/posts\/17630","targetHints":{"allow":["GET"]}}],"collection":[{"href":"https:\/\/ocoerente.com.br\/se\/wp-json\/wp\/v2\/posts"}],"about":[{"href":"https:\/\/ocoerente.com.br\/se\/wp-json\/wp\/v2\/types\/post"}],"author":[{"embeddable":true,"href":"https:\/\/ocoerente.com.br\/se\/wp-json\/wp\/v2\/users\/1"}],"replies":[{"embeddable":true,"href":"https:\/\/ocoerente.com.br\/se\/wp-json\/wp\/v2\/comments?post=17630"}],"version-history":[{"count":1,"href":"https:\/\/ocoerente.com.br\/se\/wp-json\/wp\/v2\/posts\/17630\/revisions"}],"predecessor-version":[{"id":17632,"href":"https:\/\/ocoerente.com.br\/se\/wp-json\/wp\/v2\/posts\/17630\/revisions\/17632"}],"wp:featuredmedia":[{"embeddable":true,"href":"https:\/\/ocoerente.com.br\/se\/wp-json\/wp\/v2\/media\/17631"}],"wp:attachment":[{"href":"https:\/\/ocoerente.com.br\/se\/wp-json\/wp\/v2\/media?parent=17630"}],"wp:term":[{"taxonomy":"category","embeddable":true,"href":"https:\/\/ocoerente.com.br\/se\/wp-json\/wp\/v2\/categories?post=17630"},{"taxonomy":"post_tag","embeddable":true,"href":"https:\/\/ocoerente.com.br\/se\/wp-json\/wp\/v2\/tags?post=17630"}],"curies":[{"name":"wp","href":"https:\/\/api.w.org\/{rel}","templated":true}]}}