{"id":17627,"date":"2025-11-20T23:01:55","date_gmt":"2025-11-21T02:01:55","guid":{"rendered":"https:\/\/ocoerente.com.br\/se\/?p=17627"},"modified":"2025-11-20T23:01:56","modified_gmt":"2025-11-21T02:01:56","slug":"governador-fabio-mitidieri-empossa-os-primeiros-servidores-concursados-da-agrese","status":"publish","type":"post","link":"https:\/\/ocoerente.com.br\/se\/2025\/11\/20\/governador-fabio-mitidieri-empossa-os-primeiros-servidores-concursados-da-agrese\/","title":{"rendered":"Governador F\u00e1bio Mitidieri empossa os primeiros servidores concursados da Agrese"},"content":{"rendered":"\n<p><em>Ao todo, foram ofertadas seis vagas, sendo um para analista administrativo e financeiro e cinco para analista de regula\u00e7\u00e3o<\/em><\/p>\n\n\n\n<p>O governador F\u00e1bio Mitidieri deu posse, na manh\u00e3 desta ter\u00e7a-feira, 18, no Pal\u00e1cio dos Despachos, aos novos servidores aprovados no primeiro concurso p\u00fablico da Ag\u00eancia Reguladora de Servi\u00e7os P\u00fablicos do Estado de Sergipe (Agrese). O certame, conduzido pela Secretaria de Estado da Administra\u00e7\u00e3o (Sead) e organizado pelo Instituto Brasileiro de Gest\u00e3o e Pesquisa (IBGP Concursos), marcou um momento hist\u00f3rico para a ag\u00eancia, que passa a contar, pela primeira vez, com seu quadro efetivo.<\/p>\n\n\n\n<p>Ao todo, foram ofertadas seis vagas para analista administrativo e financeiro e analista de regula\u00e7\u00e3o. Uma vaga foi destinada ao cargo de analista administrativo e financeiro, voltada para graduados em Administra\u00e7\u00e3o, Ci\u00eancias Cont\u00e1beis, Ci\u00eancias Econ\u00f4micas ou Direito. As outras cinco vagas contemplaram as \u00e1reas de Engenharia Ambiental\/Sanit\u00e1ria, Engenharia Civil, Engenharia de Petr\u00f3leo e G\u00e1s, Engenharia El\u00e9trica e Engenharia Qu\u00edmica.<br><br>Foram empossados: Dann Davila Levita \u2013 analista administrativo e financeiro; Ketlyn de Jesus Feitosa \u2013 analista de regula\u00e7\u00e3o (Engenharia Ambiental\/Sanit\u00e1ria); &nbsp;Lana La\u00eds Pereira da Cruz \u2013 analista de regula\u00e7\u00e3o (Engenharia Civil); Rinaldo Danillo dos Santos \u2013 analista de regula\u00e7\u00e3o (Engenharia de Petr\u00f3leo e G\u00e1s); Michael Douglas Araujo dos Santos \u2013 analista de regula\u00e7\u00e3o (Engenharia El\u00e9trica).<\/p>\n\n\n\n<p>Durante o ato, o governador destacou o fortalecimento da Agrese e o compromisso do Estado com a valoriza\u00e7\u00e3o t\u00e9cnica da autarquia. Segundo ele, a chegada dos novos servidores representa um avan\u00e7o importante para a qualidade regulat\u00f3ria em Sergipe. \u201cTemos muito orgulho do trabalho que \u00e9 feito por Hamilton e toda a equipe. A Agrese \u00e9 uma institui\u00e7\u00e3o que buscamos prestigiar desde o in\u00edcio da gest\u00e3o, garantindo autonomia e capacidade t\u00e9cnica. \u00c9 uma ag\u00eancia sem interfer\u00eancia pol\u00edtica, composta por profissionais altamente capacitados. Voc\u00eas chegam para somar, sendo proativos e atuantes, ajudando o Estado a crescer. Cada servidor aqui \u00e9 parte fundamental dessa engrenagem que movimenta Sergipe\u201d, afirmou.<\/p>\n\n\n\n<p>O presidente da Agrese, Luiz Hamilton Santana de Oliveira, ressaltou o impacto da posse no fortalecimento institucional da ag\u00eancia e agradeceu o apoio do Governo do Estado. \u201cAgrade\u00e7o profundamente ao governador por este gesto com o \u00f3rg\u00e3o regulador. O governador tem proporcionado todas as condi\u00e7\u00f5es necess\u00e1rias para que a Agrese desempenhe seu papel: desde a lei que valorizou os sal\u00e1rios, passando pela inaugura\u00e7\u00e3o de um pr\u00e9dio confort\u00e1vel, at\u00e9 este momento t\u00e3o esperado da posse dos novos servidores. Eles representam a mem\u00f3ria, a solidez e a robustez dos atos regulat\u00f3rios da ag\u00eancia. Hoje, somos refer\u00eancia nacional em g\u00e1s canalizado e energia, e isso se deve ao ambiente t\u00e9cnico e saud\u00e1vel que constru\u00edmos\u201d, destacou.<\/p>\n\n\n\n<p>A secret\u00e1ria de Estado da Administra\u00e7\u00e3o, Lucivanda Nunes, tamb\u00e9m participou da cerim\u00f4nia e falou sobre o andamento da agenda de concursos p\u00fablicos do Governo de Sergipe. \u201cHoje, nomeamos cinco novos procuradores que entram em exerc\u00edcio ainda em dezembro. Tamb\u00e9m demos posse aos primeiros servidores concursados da Agrese, um marco para a ag\u00eancia reguladora. Al\u00e9m disso, estamos homologando mais um concurso, o de orientador social da Funda\u00e7\u00e3o Renascer, com previs\u00e3o de convoca\u00e7\u00f5es ainda este ano ou in\u00edcio do pr\u00f3ximo. Seguimos avan\u00e7ando, tamb\u00e9m, nos concursos de socioeducador, Seasic, Sefaz, Sa\u00fade, PM e Magist\u00e9rio, al\u00e9m das nomea\u00e7\u00f5es de concursos j\u00e1 homologados. \u00c9 uma agenda robusta que refor\u00e7a os servi\u00e7os p\u00fablicos e gera oportunidades para os sergipanos\u201d, explicou.<\/p>\n\n\n\n<p><strong>Novos servidores&nbsp;<\/strong><\/p>\n\n\n\n<p>Para Dann Davila Levita, aprovado para analista administrativo e financeiro, a posse representa a realiza\u00e7\u00e3o de um sonho. \u201c\u00c9 uma honra integrar o quadro de servidores do Estado de Sergipe. A expectativa \u00e9 contribuir com o desenvolvimento do nosso estado e dar o melhor de mim nesse novo ciclo. Fiz o concurso ano passado, esperei ansioso pela nomea\u00e7\u00e3o e hoje estou muito feliz\u201d, afirmou.<\/p>\n\n\n\n<p>J\u00e1 Ketlyn de Jesus Feitosa, analista de regula\u00e7\u00e3o na \u00e1rea de Engenharia Ambiental, destacou a import\u00e2ncia da oportunidade. \u201cEstou muito feliz e realizada. Estudo para concursos h\u00e1 dois anos e conquistar esse cargo aqui em Sergipe, onde me formei, \u00e9 um sonho. Quero contribuir para oferecer um servi\u00e7o p\u00fablico de qualidade e respons\u00e1vel para a popula\u00e7\u00e3o\u201d, frisou.<\/p>\n\n\n\n<p><strong>Sobre a Agrese<\/strong><\/p>\n\n\n\n<p>A Ag\u00eancia Reguladora de Servi\u00e7os P\u00fablicos do Estado de Sergipe (Agrese) \u00e9 uma autarquia especial vinculada \u00e0 Secretaria de Estado da Casa Civil (Secc). Possui autonomia t\u00e9cnica, funcional, decis\u00f3ria, administrativa e financeira, com sede em Aracaju. Atua na regula\u00e7\u00e3o e fiscaliza\u00e7\u00e3o de servi\u00e7os p\u00fablicos concedidos, garantindo equil\u00edbrio contratual, qualidade na presta\u00e7\u00e3o dos servi\u00e7os e modicidade tarif\u00e1ria.<\/p>\n\n\n\n<p><strong>Outros concursos<\/strong><\/p>\n\n\n\n<p>O Governo do Estado mant\u00e9m uma ampla agenda de concursos p\u00fablicos em andamento. Na Seasic, 90 nomea\u00e7\u00f5es j\u00e1 foram realizadas, enquanto o concurso para Gestor Governamental (EPPGG) segue para a fase final. Na Sa\u00fade, o concurso da SES ofertou 878 vagas e, na Sefaz, o certame est\u00e1 em fase de recursos e an\u00e1lise das provas. Na Funda\u00e7\u00e3o Renascer, os concursos para Agente Socioeducativo e Orientador Social avan\u00e7am. Tamb\u00e9m seguem em andamento os concursos da Pol\u00edcia Militar e do Magist\u00e9rio. Paralelamente, continuam ocorrendo nomea\u00e7\u00f5es de aprovados em concursos j\u00e1 homologados, como os da Sead, Adema, Agrese, SSP e Emdagro. J\u00e1 o concurso do DER, autorizado em setembro de 2025, conta com comiss\u00e3o formada e avan\u00e7a na elabora\u00e7\u00e3o do edital.<\/p>\n\n\n\n<p>Governo de Sergipe<\/p>\n","protected":false},"excerpt":{"rendered":"<p>Ao todo, foram ofertadas seis vagas, sendo um para analista administrativo e financeiro e cinco para analista de regula\u00e7\u00e3o O governador F\u00e1bio Mitidieri deu posse, na manh\u00e3 desta ter\u00e7a-feira, 18, no Pal\u00e1cio dos Despachos, aos novos servidores aprovados no primeiro concurso p\u00fablico da Ag\u00eancia Reguladora de Servi\u00e7os P\u00fablicos do Estado de Sergipe (Agrese). O certame, [&hellip;]<\/p>\n","protected":false},"author":1,"featured_media":17628,"comment_status":"closed","ping_status":"closed","sticky":false,"template":"","format":"standard","meta":{"footnotes":""},"categories":[53,43],"tags":[],"class_list":["post-17627","post","type-post","status-publish","format-standard","has-post-thumbnail","hentry","category-destaques","category-sergipe"],"yoast_head":"<!-- This site is optimized with the Yoast SEO plugin v27.4 - https:\/\/yoast.com\/product\/yoast-seo-wordpress\/ -->\n<title>Governador F\u00e1bio Mitidieri empossa os primeiros servidores concursados da Agrese - O Coerente<\/title>\n<meta name=\"robots\" content=\"index, follow, max-snippet:-1, max-image-preview:large, max-video-preview:-1\" \/>\n<link rel=\"canonical\" href=\"https:\/\/ocoerente.com.br\/se\/2025\/11\/20\/governador-fabio-mitidieri-empossa-os-primeiros-servidores-concursados-da-agrese\/\" \/>\n<meta property=\"og:locale\" content=\"pt_BR\" \/>\n<meta property=\"og:type\" content=\"article\" \/>\n<meta property=\"og:title\" content=\"Governador F\u00e1bio Mitidieri empossa os primeiros servidores concursados da Agrese - O Coerente\" \/>\n<meta property=\"og:description\" content=\"Ao todo, foram ofertadas seis vagas, sendo um para analista administrativo e financeiro e cinco para analista de regula\u00e7\u00e3o O governador F\u00e1bio Mitidieri deu posse, na manh\u00e3 desta ter\u00e7a-feira, 18, no Pal\u00e1cio dos Despachos, aos novos servidores aprovados no primeiro concurso p\u00fablico da Ag\u00eancia Reguladora de Servi\u00e7os P\u00fablicos do Estado de Sergipe (Agrese). O certame, [&hellip;]\" \/>\n<meta property=\"og:url\" content=\"https:\/\/ocoerente.com.br\/se\/2025\/11\/20\/governador-fabio-mitidieri-empossa-os-primeiros-servidores-concursados-da-agrese\/\" \/>\n<meta property=\"og:site_name\" content=\"O Coerente\" \/>\n<meta property=\"article:published_time\" content=\"2025-11-21T02:01:55+00:00\" \/>\n<meta property=\"article:modified_time\" content=\"2025-11-21T02:01:56+00:00\" \/>\n<meta property=\"og:image\" content=\"https:\/\/ocoerente.com.br\/se\/wp-content\/uploads\/2025\/11\/48a542a722b3c.jpg\" \/>\n\t<meta property=\"og:image:width\" content=\"1100\" \/>\n\t<meta property=\"og:image:height\" content=\"610\" \/>\n\t<meta property=\"og:image:type\" content=\"image\/jpeg\" \/>\n<meta name=\"author\" content=\"Reda\u00e7\u00e3o\" \/>\n<meta name=\"twitter:card\" content=\"summary_large_image\" \/>\n<meta name=\"twitter:label1\" content=\"Escrito por\" \/>\n\t<meta name=\"twitter:data1\" content=\"Reda\u00e7\u00e3o\" \/>\n\t<meta name=\"twitter:label2\" content=\"Est. tempo de leitura\" \/>\n\t<meta name=\"twitter:data2\" content=\"5 minutos\" \/>\n<script type=\"application\/ld+json\" class=\"yoast-schema-graph\">{\"@context\":\"https:\\\/\\\/schema.org\",\"@graph\":[{\"@type\":\"Article\",\"@id\":\"https:\\\/\\\/ocoerente.com.br\\\/se\\\/2025\\\/11\\\/20\\\/governador-fabio-mitidieri-empossa-os-primeiros-servidores-concursados-da-agrese\\\/#article\",\"isPartOf\":{\"@id\":\"https:\\\/\\\/ocoerente.com.br\\\/se\\\/2025\\\/11\\\/20\\\/governador-fabio-mitidieri-empossa-os-primeiros-servidores-concursados-da-agrese\\\/\"},\"author\":{\"name\":\"Reda\u00e7\u00e3o\",\"@id\":\"https:\\\/\\\/ocoerente.com.br\\\/se\\\/#\\\/schema\\\/person\\\/cc6bfd9fbca465e23543b0c963d8d037\"},\"headline\":\"Governador F\u00e1bio Mitidieri empossa os primeiros servidores concursados da Agrese\",\"datePublished\":\"2025-11-21T02:01:55+00:00\",\"dateModified\":\"2025-11-21T02:01:56+00:00\",\"mainEntityOfPage\":{\"@id\":\"https:\\\/\\\/ocoerente.com.br\\\/se\\\/2025\\\/11\\\/20\\\/governador-fabio-mitidieri-empossa-os-primeiros-servidores-concursados-da-agrese\\\/\"},\"wordCount\":959,\"publisher\":{\"@id\":\"https:\\\/\\\/ocoerente.com.br\\\/se\\\/#\\\/schema\\\/person\\\/cc6bfd9fbca465e23543b0c963d8d037\"},\"image\":{\"@id\":\"https:\\\/\\\/ocoerente.com.br\\\/se\\\/2025\\\/11\\\/20\\\/governador-fabio-mitidieri-empossa-os-primeiros-servidores-concursados-da-agrese\\\/#primaryimage\"},\"thumbnailUrl\":\"https:\\\/\\\/ocoerente.com.br\\\/se\\\/wp-content\\\/uploads\\\/2025\\\/11\\\/48a542a722b3c.jpg\",\"articleSection\":[\"Destaques\",\"Sergipe\"],\"inLanguage\":\"pt-BR\"},{\"@type\":\"WebPage\",\"@id\":\"https:\\\/\\\/ocoerente.com.br\\\/se\\\/2025\\\/11\\\/20\\\/governador-fabio-mitidieri-empossa-os-primeiros-servidores-concursados-da-agrese\\\/\",\"url\":\"https:\\\/\\\/ocoerente.com.br\\\/se\\\/2025\\\/11\\\/20\\\/governador-fabio-mitidieri-empossa-os-primeiros-servidores-concursados-da-agrese\\\/\",\"name\":\"Governador F\u00e1bio Mitidieri empossa os primeiros servidores concursados da Agrese - O Coerente\",\"isPartOf\":{\"@id\":\"https:\\\/\\\/ocoerente.com.br\\\/se\\\/#website\"},\"primaryImageOfPage\":{\"@id\":\"https:\\\/\\\/ocoerente.com.br\\\/se\\\/2025\\\/11\\\/20\\\/governador-fabio-mitidieri-empossa-os-primeiros-servidores-concursados-da-agrese\\\/#primaryimage\"},\"image\":{\"@id\":\"https:\\\/\\\/ocoerente.com.br\\\/se\\\/2025\\\/11\\\/20\\\/governador-fabio-mitidieri-empossa-os-primeiros-servidores-concursados-da-agrese\\\/#primaryimage\"},\"thumbnailUrl\":\"https:\\\/\\\/ocoerente.com.br\\\/se\\\/wp-content\\\/uploads\\\/2025\\\/11\\\/48a542a722b3c.jpg\",\"datePublished\":\"2025-11-21T02:01:55+00:00\",\"dateModified\":\"2025-11-21T02:01:56+00:00\",\"breadcrumb\":{\"@id\":\"https:\\\/\\\/ocoerente.com.br\\\/se\\\/2025\\\/11\\\/20\\\/governador-fabio-mitidieri-empossa-os-primeiros-servidores-concursados-da-agrese\\\/#breadcrumb\"},\"inLanguage\":\"pt-BR\",\"potentialAction\":[{\"@type\":\"ReadAction\",\"target\":[\"https:\\\/\\\/ocoerente.com.br\\\/se\\\/2025\\\/11\\\/20\\\/governador-fabio-mitidieri-empossa-os-primeiros-servidores-concursados-da-agrese\\\/\"]}]},{\"@type\":\"ImageObject\",\"inLanguage\":\"pt-BR\",\"@id\":\"https:\\\/\\\/ocoerente.com.br\\\/se\\\/2025\\\/11\\\/20\\\/governador-fabio-mitidieri-empossa-os-primeiros-servidores-concursados-da-agrese\\\/#primaryimage\",\"url\":\"https:\\\/\\\/ocoerente.com.br\\\/se\\\/wp-content\\\/uploads\\\/2025\\\/11\\\/48a542a722b3c.jpg\",\"contentUrl\":\"https:\\\/\\\/ocoerente.com.br\\\/se\\\/wp-content\\\/uploads\\\/2025\\\/11\\\/48a542a722b3c.jpg\",\"width\":1100,\"height\":610},{\"@type\":\"BreadcrumbList\",\"@id\":\"https:\\\/\\\/ocoerente.com.br\\\/se\\\/2025\\\/11\\\/20\\\/governador-fabio-mitidieri-empossa-os-primeiros-servidores-concursados-da-agrese\\\/#breadcrumb\",\"itemListElement\":[{\"@type\":\"ListItem\",\"position\":1,\"name\":\"In\u00edcio\",\"item\":\"https:\\\/\\\/ocoerente.com.br\\\/se\\\/\"},{\"@type\":\"ListItem\",\"position\":2,\"name\":\"Governador F\u00e1bio Mitidieri empossa os primeiros servidores concursados da Agrese\"}]},{\"@type\":\"WebSite\",\"@id\":\"https:\\\/\\\/ocoerente.com.br\\\/se\\\/#website\",\"url\":\"https:\\\/\\\/ocoerente.com.br\\\/se\\\/\",\"name\":\"O Coerente\",\"description\":\"\",\"publisher\":{\"@id\":\"https:\\\/\\\/ocoerente.com.br\\\/se\\\/#\\\/schema\\\/person\\\/cc6bfd9fbca465e23543b0c963d8d037\"},\"potentialAction\":[{\"@type\":\"SearchAction\",\"target\":{\"@type\":\"EntryPoint\",\"urlTemplate\":\"https:\\\/\\\/ocoerente.com.br\\\/se\\\/?s={search_term_string}\"},\"query-input\":{\"@type\":\"PropertyValueSpecification\",\"valueRequired\":true,\"valueName\":\"search_term_string\"}}],\"inLanguage\":\"pt-BR\"},{\"@type\":[\"Person\",\"Organization\"],\"@id\":\"https:\\\/\\\/ocoerente.com.br\\\/se\\\/#\\\/schema\\\/person\\\/cc6bfd9fbca465e23543b0c963d8d037\",\"name\":\"Reda\u00e7\u00e3o\",\"image\":{\"@type\":\"ImageObject\",\"inLanguage\":\"pt-BR\",\"@id\":\"https:\\\/\\\/ocoerente.com.br\\\/se\\\/wp-content\\\/uploads\\\/2020\\\/01\\\/ocoerente-1.png\",\"url\":\"https:\\\/\\\/ocoerente.com.br\\\/se\\\/wp-content\\\/uploads\\\/2020\\\/01\\\/ocoerente-1.png\",\"contentUrl\":\"https:\\\/\\\/ocoerente.com.br\\\/se\\\/wp-content\\\/uploads\\\/2020\\\/01\\\/ocoerente-1.png\",\"width\":50,\"height\":50,\"caption\":\"Reda\u00e7\u00e3o\"},\"logo\":{\"@id\":\"https:\\\/\\\/ocoerente.com.br\\\/se\\\/wp-content\\\/uploads\\\/2020\\\/01\\\/ocoerente-1.png\"},\"url\":\"https:\\\/\\\/ocoerente.com.br\\\/se\\\/author\\\/vasticlsales\\\/\"}]}<\/script>\n<!-- \/ Yoast SEO plugin. -->","yoast_head_json":{"title":"Governador F\u00e1bio Mitidieri empossa os primeiros servidores concursados da Agrese - O Coerente","robots":{"index":"index","follow":"follow","max-snippet":"max-snippet:-1","max-image-preview":"max-image-preview:large","max-video-preview":"max-video-preview:-1"},"canonical":"https:\/\/ocoerente.com.br\/se\/2025\/11\/20\/governador-fabio-mitidieri-empossa-os-primeiros-servidores-concursados-da-agrese\/","og_locale":"pt_BR","og_type":"article","og_title":"Governador F\u00e1bio Mitidieri empossa os primeiros servidores concursados da Agrese - O Coerente","og_description":"Ao todo, foram ofertadas seis vagas, sendo um para analista administrativo e financeiro e cinco para analista de regula\u00e7\u00e3o O governador F\u00e1bio Mitidieri deu posse, na manh\u00e3 desta ter\u00e7a-feira, 18, no Pal\u00e1cio dos Despachos, aos novos servidores aprovados no primeiro concurso p\u00fablico da Ag\u00eancia Reguladora de Servi\u00e7os P\u00fablicos do Estado de Sergipe (Agrese). O certame, [&hellip;]","og_url":"https:\/\/ocoerente.com.br\/se\/2025\/11\/20\/governador-fabio-mitidieri-empossa-os-primeiros-servidores-concursados-da-agrese\/","og_site_name":"O Coerente","article_published_time":"2025-11-21T02:01:55+00:00","article_modified_time":"2025-11-21T02:01:56+00:00","og_image":[{"width":1100,"height":610,"url":"https:\/\/ocoerente.com.br\/se\/wp-content\/uploads\/2025\/11\/48a542a722b3c.jpg","type":"image\/jpeg"}],"author":"Reda\u00e7\u00e3o","twitter_card":"summary_large_image","twitter_misc":{"Escrito por":"Reda\u00e7\u00e3o","Est. tempo de leitura":"5 minutos"},"schema":{"@context":"https:\/\/schema.org","@graph":[{"@type":"Article","@id":"https:\/\/ocoerente.com.br\/se\/2025\/11\/20\/governador-fabio-mitidieri-empossa-os-primeiros-servidores-concursados-da-agrese\/#article","isPartOf":{"@id":"https:\/\/ocoerente.com.br\/se\/2025\/11\/20\/governador-fabio-mitidieri-empossa-os-primeiros-servidores-concursados-da-agrese\/"},"author":{"name":"Reda\u00e7\u00e3o","@id":"https:\/\/ocoerente.com.br\/se\/#\/schema\/person\/cc6bfd9fbca465e23543b0c963d8d037"},"headline":"Governador F\u00e1bio Mitidieri empossa os primeiros servidores concursados da Agrese","datePublished":"2025-11-21T02:01:55+00:00","dateModified":"2025-11-21T02:01:56+00:00","mainEntityOfPage":{"@id":"https:\/\/ocoerente.com.br\/se\/2025\/11\/20\/governador-fabio-mitidieri-empossa-os-primeiros-servidores-concursados-da-agrese\/"},"wordCount":959,"publisher":{"@id":"https:\/\/ocoerente.com.br\/se\/#\/schema\/person\/cc6bfd9fbca465e23543b0c963d8d037"},"image":{"@id":"https:\/\/ocoerente.com.br\/se\/2025\/11\/20\/governador-fabio-mitidieri-empossa-os-primeiros-servidores-concursados-da-agrese\/#primaryimage"},"thumbnailUrl":"https:\/\/ocoerente.com.br\/se\/wp-content\/uploads\/2025\/11\/48a542a722b3c.jpg","articleSection":["Destaques","Sergipe"],"inLanguage":"pt-BR"},{"@type":"WebPage","@id":"https:\/\/ocoerente.com.br\/se\/2025\/11\/20\/governador-fabio-mitidieri-empossa-os-primeiros-servidores-concursados-da-agrese\/","url":"https:\/\/ocoerente.com.br\/se\/2025\/11\/20\/governador-fabio-mitidieri-empossa-os-primeiros-servidores-concursados-da-agrese\/","name":"Governador F\u00e1bio Mitidieri empossa os primeiros servidores concursados da Agrese - O Coerente","isPartOf":{"@id":"https:\/\/ocoerente.com.br\/se\/#website"},"primaryImageOfPage":{"@id":"https:\/\/ocoerente.com.br\/se\/2025\/11\/20\/governador-fabio-mitidieri-empossa-os-primeiros-servidores-concursados-da-agrese\/#primaryimage"},"image":{"@id":"https:\/\/ocoerente.com.br\/se\/2025\/11\/20\/governador-fabio-mitidieri-empossa-os-primeiros-servidores-concursados-da-agrese\/#primaryimage"},"thumbnailUrl":"https:\/\/ocoerente.com.br\/se\/wp-content\/uploads\/2025\/11\/48a542a722b3c.jpg","datePublished":"2025-11-21T02:01:55+00:00","dateModified":"2025-11-21T02:01:56+00:00","breadcrumb":{"@id":"https:\/\/ocoerente.com.br\/se\/2025\/11\/20\/governador-fabio-mitidieri-empossa-os-primeiros-servidores-concursados-da-agrese\/#breadcrumb"},"inLanguage":"pt-BR","potentialAction":[{"@type":"ReadAction","target":["https:\/\/ocoerente.com.br\/se\/2025\/11\/20\/governador-fabio-mitidieri-empossa-os-primeiros-servidores-concursados-da-agrese\/"]}]},{"@type":"ImageObject","inLanguage":"pt-BR","@id":"https:\/\/ocoerente.com.br\/se\/2025\/11\/20\/governador-fabio-mitidieri-empossa-os-primeiros-servidores-concursados-da-agrese\/#primaryimage","url":"https:\/\/ocoerente.com.br\/se\/wp-content\/uploads\/2025\/11\/48a542a722b3c.jpg","contentUrl":"https:\/\/ocoerente.com.br\/se\/wp-content\/uploads\/2025\/11\/48a542a722b3c.jpg","width":1100,"height":610},{"@type":"BreadcrumbList","@id":"https:\/\/ocoerente.com.br\/se\/2025\/11\/20\/governador-fabio-mitidieri-empossa-os-primeiros-servidores-concursados-da-agrese\/#breadcrumb","itemListElement":[{"@type":"ListItem","position":1,"name":"In\u00edcio","item":"https:\/\/ocoerente.com.br\/se\/"},{"@type":"ListItem","position":2,"name":"Governador F\u00e1bio Mitidieri empossa os primeiros servidores concursados da Agrese"}]},{"@type":"WebSite","@id":"https:\/\/ocoerente.com.br\/se\/#website","url":"https:\/\/ocoerente.com.br\/se\/","name":"O Coerente","description":"","publisher":{"@id":"https:\/\/ocoerente.com.br\/se\/#\/schema\/person\/cc6bfd9fbca465e23543b0c963d8d037"},"potentialAction":[{"@type":"SearchAction","target":{"@type":"EntryPoint","urlTemplate":"https:\/\/ocoerente.com.br\/se\/?s={search_term_string}"},"query-input":{"@type":"PropertyValueSpecification","valueRequired":true,"valueName":"search_term_string"}}],"inLanguage":"pt-BR"},{"@type":["Person","Organization"],"@id":"https:\/\/ocoerente.com.br\/se\/#\/schema\/person\/cc6bfd9fbca465e23543b0c963d8d037","name":"Reda\u00e7\u00e3o","image":{"@type":"ImageObject","inLanguage":"pt-BR","@id":"https:\/\/ocoerente.com.br\/se\/wp-content\/uploads\/2020\/01\/ocoerente-1.png","url":"https:\/\/ocoerente.com.br\/se\/wp-content\/uploads\/2020\/01\/ocoerente-1.png","contentUrl":"https:\/\/ocoerente.com.br\/se\/wp-content\/uploads\/2020\/01\/ocoerente-1.png","width":50,"height":50,"caption":"Reda\u00e7\u00e3o"},"logo":{"@id":"https:\/\/ocoerente.com.br\/se\/wp-content\/uploads\/2020\/01\/ocoerente-1.png"},"url":"https:\/\/ocoerente.com.br\/se\/author\/vasticlsales\/"}]}},"_links":{"self":[{"href":"https:\/\/ocoerente.com.br\/se\/wp-json\/wp\/v2\/posts\/17627","targetHints":{"allow":["GET"]}}],"collection":[{"href":"https:\/\/ocoerente.com.br\/se\/wp-json\/wp\/v2\/posts"}],"about":[{"href":"https:\/\/ocoerente.com.br\/se\/wp-json\/wp\/v2\/types\/post"}],"author":[{"embeddable":true,"href":"https:\/\/ocoerente.com.br\/se\/wp-json\/wp\/v2\/users\/1"}],"replies":[{"embeddable":true,"href":"https:\/\/ocoerente.com.br\/se\/wp-json\/wp\/v2\/comments?post=17627"}],"version-history":[{"count":1,"href":"https:\/\/ocoerente.com.br\/se\/wp-json\/wp\/v2\/posts\/17627\/revisions"}],"predecessor-version":[{"id":17629,"href":"https:\/\/ocoerente.com.br\/se\/wp-json\/wp\/v2\/posts\/17627\/revisions\/17629"}],"wp:featuredmedia":[{"embeddable":true,"href":"https:\/\/ocoerente.com.br\/se\/wp-json\/wp\/v2\/media\/17628"}],"wp:attachment":[{"href":"https:\/\/ocoerente.com.br\/se\/wp-json\/wp\/v2\/media?parent=17627"}],"wp:term":[{"taxonomy":"category","embeddable":true,"href":"https:\/\/ocoerente.com.br\/se\/wp-json\/wp\/v2\/categories?post=17627"},{"taxonomy":"post_tag","embeddable":true,"href":"https:\/\/ocoerente.com.br\/se\/wp-json\/wp\/v2\/tags?post=17627"}],"curies":[{"name":"wp","href":"https:\/\/api.w.org\/{rel}","templated":true}]}}