{"id":17624,"date":"2025-11-20T22:59:36","date_gmt":"2025-11-21T01:59:36","guid":{"rendered":"https:\/\/ocoerente.com.br\/se\/?p=17624"},"modified":"2025-11-20T22:59:37","modified_gmt":"2025-11-21T01:59:37","slug":"andre-moura-evita-responder-acusacoes-de-travancas-e-acusa-oposicao-de-promover-ataques-politico-eleitorais","status":"publish","type":"post","link":"https:\/\/ocoerente.com.br\/se\/2025\/11\/20\/andre-moura-evita-responder-acusacoes-de-travancas-e-acusa-oposicao-de-promover-ataques-politico-eleitorais\/","title":{"rendered":"Andr\u00e9 Moura evita responder acusa\u00e7\u00f5es de Travancas e acusa oposi\u00e7\u00e3o de promover ataques pol\u00edtico-eleitorais"},"content":{"rendered":"\n<p>A pr\u00e9-campanha ao Senado por Sergipe envolvendo o ex-deputado federal e atual secret\u00e1rio de Governo do Rio de Janeiro, Andr\u00e9 Moura (Uni\u00e3o Brasil), ganhou novos contornos ap\u00f3s acusa\u00e7\u00f5es e trocas de farpas no cen\u00e1rio pol\u00edtico fluminense.<\/p>\n\n\n\n<p>A situa\u00e7\u00e3o se intensificou depois que o assessor da Casa Civil do governo do Rio, Victor Travancas, encaminhou ao governador Cl\u00e1udio Castro (PL) um of\u00edcio pedindo sua pr\u00f3pria exonera\u00e7\u00e3o. No documento, Travancas expressa insatisfa\u00e7\u00e3o com a perman\u00eancia de Moura no comando da Secretaria de Governo.<\/p>\n\n\n\n<p>Apesar das cr\u00edticas diretas feitas pelo assessor, Andr\u00e9 Moura preferiu n\u00e3o responder especificamente \u00e0s acusa\u00e7\u00f5es de Travancas, limitando-se a tratar o epis\u00f3dio como parte de um conjunto maior de ataques pol\u00edtico-eleitorais.<\/p>\n\n\n\n<p>Em nota enviada ao&nbsp;<strong>Hora News<\/strong>&nbsp;pela sua assessoria de imprensa, Moura classificou a repercuss\u00e3o negativa em torno de seu nome como uma ofensiva previs\u00edvel de advers\u00e1rios incomodados com sua posi\u00e7\u00e3o nas pesquisas.<\/p>\n\n\n\n<p>Para o pr\u00e9-candidato, as den\u00fancias que ressurgiram recentemente n\u00e3o passam de tentativas de desgastar sua imagem num momento em que sua campanha ganha tra\u00e7\u00e3o.<\/p>\n\n\n\n<p>\u201cAtaques contra mim, por aqueles que n\u00e3o t\u00eam o que mostrar, j\u00e1 eram esperados\u201d, afirmou, sugerindo que a falta de resultados concretos por parte de seus concorrentes tem motivado investidas de car\u00e1ter pol\u00edtico.<\/p>\n\n\n\n<p>Moura ressalta que, mesmo diante do aumento das cr\u00edticas \u2013 tanto no Rio quanto em Sergipe -, sua atua\u00e7\u00e3o permanece focada em propostas.<\/p>\n\n\n\n<p>\u201cEsse tipo de atitude reprov\u00e1vel n\u00e3o me tira o foco e muito menos a determina\u00e7\u00e3o de continuar construindo uma pr\u00e9-candidatura \u00e0 altura do que o povo de Sergipe merece e precisa, lastreada por uma pol\u00edtica que entrega resultados concretos de melhoria na vida das pessoas\u201d, declarou.<\/p>\n\n\n\n<p>Segundo ele, j\u00e1 h\u00e1 clareza sobre a origem dos ataques que v\u00eam sendo divulgados, mas o secret\u00e1rio afirma n\u00e3o ter inten\u00e7\u00e3o de prolongar debates que considera infundados. Moura disse que n\u00e3o pretende se deter em \u201cmeras ila\u00e7\u00f5es difamat\u00f3rias\u201d e lembrou que havia antecipado que esse tipo de comportamento poderia surgir, \u201cmas n\u00e3o esperava que fosse t\u00e3o cedo\u201d.<\/p>\n\n\n\n<p>Ele refor\u00e7ou ainda que tomar\u00e1 medidas judiciais caso sejam detectados crimes de inj\u00faria, cal\u00fania ou difama\u00e7\u00e3o.<\/p>\n\n\n\n<p><br>Por Reda\u00e7\u00e3o<br>Foto: Ag\u00eancia C\u00e2mara<\/p>\n\n\n\n<p><a href=\"https:\/\/horanews.net\/andre-moura-evita-responder-acusacoes-de-travancas-e-acusa-oposicao-de-promover-ataques-politico-eleitorais\/\">HORANEWS<\/a><\/p>\n\n\n\n<p><\/p>\n","protected":false},"excerpt":{"rendered":"<p>A pr\u00e9-campanha ao Senado por Sergipe envolvendo o ex-deputado federal e atual secret\u00e1rio de Governo do Rio de Janeiro, Andr\u00e9 Moura (Uni\u00e3o Brasil), ganhou novos contornos ap\u00f3s acusa\u00e7\u00f5es e trocas de farpas no cen\u00e1rio pol\u00edtico fluminense. A situa\u00e7\u00e3o se intensificou depois que o assessor da Casa Civil do governo do Rio, Victor Travancas, encaminhou ao [&hellip;]<\/p>\n","protected":false},"author":1,"featured_media":17625,"comment_status":"closed","ping_status":"closed","sticky":false,"template":"","format":"standard","meta":{"footnotes":""},"categories":[53,44],"tags":[],"class_list":["post-17624","post","type-post","status-publish","format-standard","has-post-thumbnail","hentry","category-destaques","category-politica"],"yoast_head":"<!-- This site is optimized with the Yoast SEO plugin v27.4 - https:\/\/yoast.com\/product\/yoast-seo-wordpress\/ -->\n<title>Andr\u00e9 Moura evita responder acusa\u00e7\u00f5es de Travancas e acusa oposi\u00e7\u00e3o de promover ataques pol\u00edtico-eleitorais - O Coerente<\/title>\n<meta name=\"robots\" content=\"index, follow, max-snippet:-1, max-image-preview:large, max-video-preview:-1\" \/>\n<link rel=\"canonical\" href=\"https:\/\/ocoerente.com.br\/se\/2025\/11\/20\/andre-moura-evita-responder-acusacoes-de-travancas-e-acusa-oposicao-de-promover-ataques-politico-eleitorais\/\" \/>\n<meta property=\"og:locale\" content=\"pt_BR\" \/>\n<meta property=\"og:type\" content=\"article\" \/>\n<meta property=\"og:title\" content=\"Andr\u00e9 Moura evita responder acusa\u00e7\u00f5es de Travancas e acusa oposi\u00e7\u00e3o de promover ataques pol\u00edtico-eleitorais - O Coerente\" \/>\n<meta property=\"og:description\" content=\"A pr\u00e9-campanha ao Senado por Sergipe envolvendo o ex-deputado federal e atual secret\u00e1rio de Governo do Rio de Janeiro, Andr\u00e9 Moura (Uni\u00e3o Brasil), ganhou novos contornos ap\u00f3s acusa\u00e7\u00f5es e trocas de farpas no cen\u00e1rio pol\u00edtico fluminense. A situa\u00e7\u00e3o se intensificou depois que o assessor da Casa Civil do governo do Rio, Victor Travancas, encaminhou ao [&hellip;]\" \/>\n<meta property=\"og:url\" content=\"https:\/\/ocoerente.com.br\/se\/2025\/11\/20\/andre-moura-evita-responder-acusacoes-de-travancas-e-acusa-oposicao-de-promover-ataques-politico-eleitorais\/\" \/>\n<meta property=\"og:site_name\" content=\"O Coerente\" \/>\n<meta property=\"article:published_time\" content=\"2025-11-21T01:59:36+00:00\" \/>\n<meta property=\"article:modified_time\" content=\"2025-11-21T01:59:37+00:00\" \/>\n<meta property=\"og:image\" content=\"https:\/\/ocoerente.com.br\/se\/wp-content\/uploads\/2025\/11\/as684796705574.jpg\" \/>\n\t<meta property=\"og:image:width\" content=\"600\" \/>\n\t<meta property=\"og:image:height\" content=\"460\" \/>\n\t<meta property=\"og:image:type\" content=\"image\/jpeg\" \/>\n<meta name=\"author\" content=\"Reda\u00e7\u00e3o\" \/>\n<meta name=\"twitter:card\" content=\"summary_large_image\" \/>\n<meta name=\"twitter:label1\" content=\"Escrito por\" \/>\n\t<meta name=\"twitter:data1\" content=\"Reda\u00e7\u00e3o\" \/>\n\t<meta name=\"twitter:label2\" content=\"Est. tempo de leitura\" \/>\n\t<meta name=\"twitter:data2\" content=\"3 minutos\" \/>\n<script type=\"application\/ld+json\" class=\"yoast-schema-graph\">{\"@context\":\"https:\\\/\\\/schema.org\",\"@graph\":[{\"@type\":\"Article\",\"@id\":\"https:\\\/\\\/ocoerente.com.br\\\/se\\\/2025\\\/11\\\/20\\\/andre-moura-evita-responder-acusacoes-de-travancas-e-acusa-oposicao-de-promover-ataques-politico-eleitorais\\\/#article\",\"isPartOf\":{\"@id\":\"https:\\\/\\\/ocoerente.com.br\\\/se\\\/2025\\\/11\\\/20\\\/andre-moura-evita-responder-acusacoes-de-travancas-e-acusa-oposicao-de-promover-ataques-politico-eleitorais\\\/\"},\"author\":{\"name\":\"Reda\u00e7\u00e3o\",\"@id\":\"https:\\\/\\\/ocoerente.com.br\\\/se\\\/#\\\/schema\\\/person\\\/cc6bfd9fbca465e23543b0c963d8d037\"},\"headline\":\"Andr\u00e9 Moura evita responder acusa\u00e7\u00f5es de Travancas e acusa oposi\u00e7\u00e3o de promover ataques pol\u00edtico-eleitorais\",\"datePublished\":\"2025-11-21T01:59:36+00:00\",\"dateModified\":\"2025-11-21T01:59:37+00:00\",\"mainEntityOfPage\":{\"@id\":\"https:\\\/\\\/ocoerente.com.br\\\/se\\\/2025\\\/11\\\/20\\\/andre-moura-evita-responder-acusacoes-de-travancas-e-acusa-oposicao-de-promover-ataques-politico-eleitorais\\\/\"},\"wordCount\":420,\"publisher\":{\"@id\":\"https:\\\/\\\/ocoerente.com.br\\\/se\\\/#\\\/schema\\\/person\\\/cc6bfd9fbca465e23543b0c963d8d037\"},\"image\":{\"@id\":\"https:\\\/\\\/ocoerente.com.br\\\/se\\\/2025\\\/11\\\/20\\\/andre-moura-evita-responder-acusacoes-de-travancas-e-acusa-oposicao-de-promover-ataques-politico-eleitorais\\\/#primaryimage\"},\"thumbnailUrl\":\"https:\\\/\\\/ocoerente.com.br\\\/se\\\/wp-content\\\/uploads\\\/2025\\\/11\\\/as684796705574.jpg\",\"articleSection\":[\"Destaques\",\"Pol\u00edtica\"],\"inLanguage\":\"pt-BR\"},{\"@type\":\"WebPage\",\"@id\":\"https:\\\/\\\/ocoerente.com.br\\\/se\\\/2025\\\/11\\\/20\\\/andre-moura-evita-responder-acusacoes-de-travancas-e-acusa-oposicao-de-promover-ataques-politico-eleitorais\\\/\",\"url\":\"https:\\\/\\\/ocoerente.com.br\\\/se\\\/2025\\\/11\\\/20\\\/andre-moura-evita-responder-acusacoes-de-travancas-e-acusa-oposicao-de-promover-ataques-politico-eleitorais\\\/\",\"name\":\"Andr\u00e9 Moura evita responder acusa\u00e7\u00f5es de Travancas e acusa oposi\u00e7\u00e3o de promover ataques pol\u00edtico-eleitorais - O Coerente\",\"isPartOf\":{\"@id\":\"https:\\\/\\\/ocoerente.com.br\\\/se\\\/#website\"},\"primaryImageOfPage\":{\"@id\":\"https:\\\/\\\/ocoerente.com.br\\\/se\\\/2025\\\/11\\\/20\\\/andre-moura-evita-responder-acusacoes-de-travancas-e-acusa-oposicao-de-promover-ataques-politico-eleitorais\\\/#primaryimage\"},\"image\":{\"@id\":\"https:\\\/\\\/ocoerente.com.br\\\/se\\\/2025\\\/11\\\/20\\\/andre-moura-evita-responder-acusacoes-de-travancas-e-acusa-oposicao-de-promover-ataques-politico-eleitorais\\\/#primaryimage\"},\"thumbnailUrl\":\"https:\\\/\\\/ocoerente.com.br\\\/se\\\/wp-content\\\/uploads\\\/2025\\\/11\\\/as684796705574.jpg\",\"datePublished\":\"2025-11-21T01:59:36+00:00\",\"dateModified\":\"2025-11-21T01:59:37+00:00\",\"breadcrumb\":{\"@id\":\"https:\\\/\\\/ocoerente.com.br\\\/se\\\/2025\\\/11\\\/20\\\/andre-moura-evita-responder-acusacoes-de-travancas-e-acusa-oposicao-de-promover-ataques-politico-eleitorais\\\/#breadcrumb\"},\"inLanguage\":\"pt-BR\",\"potentialAction\":[{\"@type\":\"ReadAction\",\"target\":[\"https:\\\/\\\/ocoerente.com.br\\\/se\\\/2025\\\/11\\\/20\\\/andre-moura-evita-responder-acusacoes-de-travancas-e-acusa-oposicao-de-promover-ataques-politico-eleitorais\\\/\"]}]},{\"@type\":\"ImageObject\",\"inLanguage\":\"pt-BR\",\"@id\":\"https:\\\/\\\/ocoerente.com.br\\\/se\\\/2025\\\/11\\\/20\\\/andre-moura-evita-responder-acusacoes-de-travancas-e-acusa-oposicao-de-promover-ataques-politico-eleitorais\\\/#primaryimage\",\"url\":\"https:\\\/\\\/ocoerente.com.br\\\/se\\\/wp-content\\\/uploads\\\/2025\\\/11\\\/as684796705574.jpg\",\"contentUrl\":\"https:\\\/\\\/ocoerente.com.br\\\/se\\\/wp-content\\\/uploads\\\/2025\\\/11\\\/as684796705574.jpg\",\"width\":600,\"height\":460},{\"@type\":\"BreadcrumbList\",\"@id\":\"https:\\\/\\\/ocoerente.com.br\\\/se\\\/2025\\\/11\\\/20\\\/andre-moura-evita-responder-acusacoes-de-travancas-e-acusa-oposicao-de-promover-ataques-politico-eleitorais\\\/#breadcrumb\",\"itemListElement\":[{\"@type\":\"ListItem\",\"position\":1,\"name\":\"In\u00edcio\",\"item\":\"https:\\\/\\\/ocoerente.com.br\\\/se\\\/\"},{\"@type\":\"ListItem\",\"position\":2,\"name\":\"Andr\u00e9 Moura evita responder acusa\u00e7\u00f5es de Travancas e acusa oposi\u00e7\u00e3o de promover ataques pol\u00edtico-eleitorais\"}]},{\"@type\":\"WebSite\",\"@id\":\"https:\\\/\\\/ocoerente.com.br\\\/se\\\/#website\",\"url\":\"https:\\\/\\\/ocoerente.com.br\\\/se\\\/\",\"name\":\"O Coerente\",\"description\":\"\",\"publisher\":{\"@id\":\"https:\\\/\\\/ocoerente.com.br\\\/se\\\/#\\\/schema\\\/person\\\/cc6bfd9fbca465e23543b0c963d8d037\"},\"potentialAction\":[{\"@type\":\"SearchAction\",\"target\":{\"@type\":\"EntryPoint\",\"urlTemplate\":\"https:\\\/\\\/ocoerente.com.br\\\/se\\\/?s={search_term_string}\"},\"query-input\":{\"@type\":\"PropertyValueSpecification\",\"valueRequired\":true,\"valueName\":\"search_term_string\"}}],\"inLanguage\":\"pt-BR\"},{\"@type\":[\"Person\",\"Organization\"],\"@id\":\"https:\\\/\\\/ocoerente.com.br\\\/se\\\/#\\\/schema\\\/person\\\/cc6bfd9fbca465e23543b0c963d8d037\",\"name\":\"Reda\u00e7\u00e3o\",\"image\":{\"@type\":\"ImageObject\",\"inLanguage\":\"pt-BR\",\"@id\":\"https:\\\/\\\/ocoerente.com.br\\\/se\\\/wp-content\\\/uploads\\\/2020\\\/01\\\/ocoerente-1.png\",\"url\":\"https:\\\/\\\/ocoerente.com.br\\\/se\\\/wp-content\\\/uploads\\\/2020\\\/01\\\/ocoerente-1.png\",\"contentUrl\":\"https:\\\/\\\/ocoerente.com.br\\\/se\\\/wp-content\\\/uploads\\\/2020\\\/01\\\/ocoerente-1.png\",\"width\":50,\"height\":50,\"caption\":\"Reda\u00e7\u00e3o\"},\"logo\":{\"@id\":\"https:\\\/\\\/ocoerente.com.br\\\/se\\\/wp-content\\\/uploads\\\/2020\\\/01\\\/ocoerente-1.png\"},\"url\":\"https:\\\/\\\/ocoerente.com.br\\\/se\\\/author\\\/vasticlsales\\\/\"}]}<\/script>\n<!-- \/ Yoast SEO plugin. -->","yoast_head_json":{"title":"Andr\u00e9 Moura evita responder acusa\u00e7\u00f5es de Travancas e acusa oposi\u00e7\u00e3o de promover ataques pol\u00edtico-eleitorais - O Coerente","robots":{"index":"index","follow":"follow","max-snippet":"max-snippet:-1","max-image-preview":"max-image-preview:large","max-video-preview":"max-video-preview:-1"},"canonical":"https:\/\/ocoerente.com.br\/se\/2025\/11\/20\/andre-moura-evita-responder-acusacoes-de-travancas-e-acusa-oposicao-de-promover-ataques-politico-eleitorais\/","og_locale":"pt_BR","og_type":"article","og_title":"Andr\u00e9 Moura evita responder acusa\u00e7\u00f5es de Travancas e acusa oposi\u00e7\u00e3o de promover ataques pol\u00edtico-eleitorais - O Coerente","og_description":"A pr\u00e9-campanha ao Senado por Sergipe envolvendo o ex-deputado federal e atual secret\u00e1rio de Governo do Rio de Janeiro, Andr\u00e9 Moura (Uni\u00e3o Brasil), ganhou novos contornos ap\u00f3s acusa\u00e7\u00f5es e trocas de farpas no cen\u00e1rio pol\u00edtico fluminense. A situa\u00e7\u00e3o se intensificou depois que o assessor da Casa Civil do governo do Rio, Victor Travancas, encaminhou ao [&hellip;]","og_url":"https:\/\/ocoerente.com.br\/se\/2025\/11\/20\/andre-moura-evita-responder-acusacoes-de-travancas-e-acusa-oposicao-de-promover-ataques-politico-eleitorais\/","og_site_name":"O Coerente","article_published_time":"2025-11-21T01:59:36+00:00","article_modified_time":"2025-11-21T01:59:37+00:00","og_image":[{"width":600,"height":460,"url":"https:\/\/ocoerente.com.br\/se\/wp-content\/uploads\/2025\/11\/as684796705574.jpg","type":"image\/jpeg"}],"author":"Reda\u00e7\u00e3o","twitter_card":"summary_large_image","twitter_misc":{"Escrito por":"Reda\u00e7\u00e3o","Est. tempo de leitura":"3 minutos"},"schema":{"@context":"https:\/\/schema.org","@graph":[{"@type":"Article","@id":"https:\/\/ocoerente.com.br\/se\/2025\/11\/20\/andre-moura-evita-responder-acusacoes-de-travancas-e-acusa-oposicao-de-promover-ataques-politico-eleitorais\/#article","isPartOf":{"@id":"https:\/\/ocoerente.com.br\/se\/2025\/11\/20\/andre-moura-evita-responder-acusacoes-de-travancas-e-acusa-oposicao-de-promover-ataques-politico-eleitorais\/"},"author":{"name":"Reda\u00e7\u00e3o","@id":"https:\/\/ocoerente.com.br\/se\/#\/schema\/person\/cc6bfd9fbca465e23543b0c963d8d037"},"headline":"Andr\u00e9 Moura evita responder acusa\u00e7\u00f5es de Travancas e acusa oposi\u00e7\u00e3o de promover ataques pol\u00edtico-eleitorais","datePublished":"2025-11-21T01:59:36+00:00","dateModified":"2025-11-21T01:59:37+00:00","mainEntityOfPage":{"@id":"https:\/\/ocoerente.com.br\/se\/2025\/11\/20\/andre-moura-evita-responder-acusacoes-de-travancas-e-acusa-oposicao-de-promover-ataques-politico-eleitorais\/"},"wordCount":420,"publisher":{"@id":"https:\/\/ocoerente.com.br\/se\/#\/schema\/person\/cc6bfd9fbca465e23543b0c963d8d037"},"image":{"@id":"https:\/\/ocoerente.com.br\/se\/2025\/11\/20\/andre-moura-evita-responder-acusacoes-de-travancas-e-acusa-oposicao-de-promover-ataques-politico-eleitorais\/#primaryimage"},"thumbnailUrl":"https:\/\/ocoerente.com.br\/se\/wp-content\/uploads\/2025\/11\/as684796705574.jpg","articleSection":["Destaques","Pol\u00edtica"],"inLanguage":"pt-BR"},{"@type":"WebPage","@id":"https:\/\/ocoerente.com.br\/se\/2025\/11\/20\/andre-moura-evita-responder-acusacoes-de-travancas-e-acusa-oposicao-de-promover-ataques-politico-eleitorais\/","url":"https:\/\/ocoerente.com.br\/se\/2025\/11\/20\/andre-moura-evita-responder-acusacoes-de-travancas-e-acusa-oposicao-de-promover-ataques-politico-eleitorais\/","name":"Andr\u00e9 Moura evita responder acusa\u00e7\u00f5es de Travancas e acusa oposi\u00e7\u00e3o de promover ataques pol\u00edtico-eleitorais - O Coerente","isPartOf":{"@id":"https:\/\/ocoerente.com.br\/se\/#website"},"primaryImageOfPage":{"@id":"https:\/\/ocoerente.com.br\/se\/2025\/11\/20\/andre-moura-evita-responder-acusacoes-de-travancas-e-acusa-oposicao-de-promover-ataques-politico-eleitorais\/#primaryimage"},"image":{"@id":"https:\/\/ocoerente.com.br\/se\/2025\/11\/20\/andre-moura-evita-responder-acusacoes-de-travancas-e-acusa-oposicao-de-promover-ataques-politico-eleitorais\/#primaryimage"},"thumbnailUrl":"https:\/\/ocoerente.com.br\/se\/wp-content\/uploads\/2025\/11\/as684796705574.jpg","datePublished":"2025-11-21T01:59:36+00:00","dateModified":"2025-11-21T01:59:37+00:00","breadcrumb":{"@id":"https:\/\/ocoerente.com.br\/se\/2025\/11\/20\/andre-moura-evita-responder-acusacoes-de-travancas-e-acusa-oposicao-de-promover-ataques-politico-eleitorais\/#breadcrumb"},"inLanguage":"pt-BR","potentialAction":[{"@type":"ReadAction","target":["https:\/\/ocoerente.com.br\/se\/2025\/11\/20\/andre-moura-evita-responder-acusacoes-de-travancas-e-acusa-oposicao-de-promover-ataques-politico-eleitorais\/"]}]},{"@type":"ImageObject","inLanguage":"pt-BR","@id":"https:\/\/ocoerente.com.br\/se\/2025\/11\/20\/andre-moura-evita-responder-acusacoes-de-travancas-e-acusa-oposicao-de-promover-ataques-politico-eleitorais\/#primaryimage","url":"https:\/\/ocoerente.com.br\/se\/wp-content\/uploads\/2025\/11\/as684796705574.jpg","contentUrl":"https:\/\/ocoerente.com.br\/se\/wp-content\/uploads\/2025\/11\/as684796705574.jpg","width":600,"height":460},{"@type":"BreadcrumbList","@id":"https:\/\/ocoerente.com.br\/se\/2025\/11\/20\/andre-moura-evita-responder-acusacoes-de-travancas-e-acusa-oposicao-de-promover-ataques-politico-eleitorais\/#breadcrumb","itemListElement":[{"@type":"ListItem","position":1,"name":"In\u00edcio","item":"https:\/\/ocoerente.com.br\/se\/"},{"@type":"ListItem","position":2,"name":"Andr\u00e9 Moura evita responder acusa\u00e7\u00f5es de Travancas e acusa oposi\u00e7\u00e3o de promover ataques pol\u00edtico-eleitorais"}]},{"@type":"WebSite","@id":"https:\/\/ocoerente.com.br\/se\/#website","url":"https:\/\/ocoerente.com.br\/se\/","name":"O Coerente","description":"","publisher":{"@id":"https:\/\/ocoerente.com.br\/se\/#\/schema\/person\/cc6bfd9fbca465e23543b0c963d8d037"},"potentialAction":[{"@type":"SearchAction","target":{"@type":"EntryPoint","urlTemplate":"https:\/\/ocoerente.com.br\/se\/?s={search_term_string}"},"query-input":{"@type":"PropertyValueSpecification","valueRequired":true,"valueName":"search_term_string"}}],"inLanguage":"pt-BR"},{"@type":["Person","Organization"],"@id":"https:\/\/ocoerente.com.br\/se\/#\/schema\/person\/cc6bfd9fbca465e23543b0c963d8d037","name":"Reda\u00e7\u00e3o","image":{"@type":"ImageObject","inLanguage":"pt-BR","@id":"https:\/\/ocoerente.com.br\/se\/wp-content\/uploads\/2020\/01\/ocoerente-1.png","url":"https:\/\/ocoerente.com.br\/se\/wp-content\/uploads\/2020\/01\/ocoerente-1.png","contentUrl":"https:\/\/ocoerente.com.br\/se\/wp-content\/uploads\/2020\/01\/ocoerente-1.png","width":50,"height":50,"caption":"Reda\u00e7\u00e3o"},"logo":{"@id":"https:\/\/ocoerente.com.br\/se\/wp-content\/uploads\/2020\/01\/ocoerente-1.png"},"url":"https:\/\/ocoerente.com.br\/se\/author\/vasticlsales\/"}]}},"_links":{"self":[{"href":"https:\/\/ocoerente.com.br\/se\/wp-json\/wp\/v2\/posts\/17624","targetHints":{"allow":["GET"]}}],"collection":[{"href":"https:\/\/ocoerente.com.br\/se\/wp-json\/wp\/v2\/posts"}],"about":[{"href":"https:\/\/ocoerente.com.br\/se\/wp-json\/wp\/v2\/types\/post"}],"author":[{"embeddable":true,"href":"https:\/\/ocoerente.com.br\/se\/wp-json\/wp\/v2\/users\/1"}],"replies":[{"embeddable":true,"href":"https:\/\/ocoerente.com.br\/se\/wp-json\/wp\/v2\/comments?post=17624"}],"version-history":[{"count":1,"href":"https:\/\/ocoerente.com.br\/se\/wp-json\/wp\/v2\/posts\/17624\/revisions"}],"predecessor-version":[{"id":17626,"href":"https:\/\/ocoerente.com.br\/se\/wp-json\/wp\/v2\/posts\/17624\/revisions\/17626"}],"wp:featuredmedia":[{"embeddable":true,"href":"https:\/\/ocoerente.com.br\/se\/wp-json\/wp\/v2\/media\/17625"}],"wp:attachment":[{"href":"https:\/\/ocoerente.com.br\/se\/wp-json\/wp\/v2\/media?parent=17624"}],"wp:term":[{"taxonomy":"category","embeddable":true,"href":"https:\/\/ocoerente.com.br\/se\/wp-json\/wp\/v2\/categories?post=17624"},{"taxonomy":"post_tag","embeddable":true,"href":"https:\/\/ocoerente.com.br\/se\/wp-json\/wp\/v2\/tags?post=17624"}],"curies":[{"name":"wp","href":"https:\/\/api.w.org\/{rel}","templated":true}]}}