{"id":16881,"date":"2025-10-02T02:41:31","date_gmt":"2025-10-02T05:41:31","guid":{"rendered":"https:\/\/ocoerente.com.br\/se\/?p=16881"},"modified":"2025-10-02T02:41:33","modified_gmt":"2025-10-02T05:41:33","slug":"sergipe-atinge-novo-recorde-historico-com-estoque-de-mais-de-351-mil-empregos-formais-em-agosto","status":"publish","type":"post","link":"https:\/\/ocoerente.com.br\/se\/2025\/10\/02\/sergipe-atinge-novo-recorde-historico-com-estoque-de-mais-de-351-mil-empregos-formais-em-agosto\/","title":{"rendered":"Sergipe atinge novo recorde hist\u00f3rico com estoque de mais de 351 mil empregos formais em agosto"},"content":{"rendered":"\n<p><em>Incentivado por pol\u00edticas p\u00fablicas de qualifica\u00e7\u00e3o profissional e intermedia\u00e7\u00e3o de m\u00e3o de obra, estado supera m\u00e9dia nacional e conquista destaque entre os seis que mais cresceram no pa\u00eds nos \u00faltimos 12 meses<\/em><\/p>\n\n\n\n<p>Sergipe alcan\u00e7ou novo recorde hist\u00f3rico na gera\u00e7\u00e3o de emprego em agosto de 2025. Segundo dados do Cadastro Geral de Empregados e Desempregados (Caged) divulgados nesta segunda-feira, 29, e analisados pelo Observat\u00f3rio do Trabalho, vinculado \u00e0 Secretaria de Estado do Trabalho, Emprego e Empreendedorismo (Seteem), Sergipe superou mais uma vez o recorde de trabalhadores com carteira assinada e registrou o maior estoque de cargos formais da s\u00e9rie hist\u00f3rica, totalizando 351.367 postos de trabalho.<br>&nbsp;<br>Em agosto, Sergipe registrou um saldo positivo de 2.330 novos empregos formais. Considerando os \u00faltimos 12 meses (setembro de 2024 a agosto de 2025), o estado apresentou crescimento acima da m\u00e9dia nacional (3,04%), com varia\u00e7\u00e3o equivalente a 4,47%. Sergipe ocupa a 6\u00aa posi\u00e7\u00e3o no ranking nacional e 3\u00aa posi\u00e7\u00e3o no ranking regional.<\/p>\n\n\n\n<p>Para o secret\u00e1rio da Seteem, Jorge Teles, os bons resultados s\u00e3o fruto do investimento cont\u00ednuo na gera\u00e7\u00e3o de emprego e renda. \u201cEsses s\u00e3o fruto de uma pol\u00edtica de desenvolvimento coordenada pelo governador F\u00e1bio Mitidieri, que alia investimento p\u00fablico, atra\u00e7\u00e3o de novos neg\u00f3cios e valoriza\u00e7\u00e3o da m\u00e3o de obra sergipana. O governo tem apostado na qualifica\u00e7\u00e3o profissional, na aproxima\u00e7\u00e3o entre trabalhadores e empresas por meio da plataforma GO Sergipe, e no apoio a setores estrat\u00e9gicos como ind\u00fastria, com\u00e9rcio, turismo e constru\u00e7\u00e3o. Essa combina\u00e7\u00e3o tem garantido que o crescimento econ\u00f4mico se traduza efetivamente em mais empregos e renda para a nossa popula\u00e7\u00e3o\u201d, enfatizou.<\/p>\n\n\n\n<p>Ainda sobre o saldo positivo de agosto, a gera\u00e7\u00e3o de oportunidades foi alavancada, principalmente, pelo setor de Servi\u00e7os, que concentrou o maior saldo de empregos com 945 postos de trabalho; seguido pela Constru\u00e7\u00e3o Civil, que registrou 706 postos; Com\u00e9rcio, com 501 postos; e &nbsp;Ind\u00fastria com 190 postos. No acumulado de 2025, o estado j\u00e1 soma 8.711 novos postos de trabalho; e, nos \u00faltimos 12 meses, o saldo positivo chega a 15.043 empregos.<br>&nbsp;<br>\u201c\u00c9 um marco que mostra a for\u00e7a da nossa economia e, sobretudo, a confian\u00e7a do setor produtivo. Outro ponto importante \u00e9 a diversifica\u00e7\u00e3o: os servi\u00e7os continuam liderando, mas tivemos crescimento expressivo tamb\u00e9m na constru\u00e7\u00e3o civil, no com\u00e9rcio e na ind\u00fastria, demonstrando que o dinamismo do emprego est\u00e1 se espalhando por diferentes \u00e1reas da economia sergipana\u201d, ressaltou Teles.<\/p>\n\n\n\n<p>Governo de Sergipe<\/p>\n","protected":false},"excerpt":{"rendered":"<p>Incentivado por pol\u00edticas p\u00fablicas de qualifica\u00e7\u00e3o profissional e intermedia\u00e7\u00e3o de m\u00e3o de obra, estado supera m\u00e9dia nacional e conquista destaque entre os seis que mais cresceram no pa\u00eds nos \u00faltimos 12 meses Sergipe alcan\u00e7ou novo recorde hist\u00f3rico na gera\u00e7\u00e3o de emprego em agosto de 2025. Segundo dados do Cadastro Geral de Empregados e Desempregados (Caged) [&hellip;]<\/p>\n","protected":false},"author":1,"featured_media":16882,"comment_status":"closed","ping_status":"closed","sticky":false,"template":"","format":"standard","meta":{"footnotes":""},"categories":[53,57],"tags":[],"class_list":["post-16881","post","type-post","status-publish","format-standard","has-post-thumbnail","hentry","category-destaques","category-oportunidades"],"yoast_head":"<!-- This site is optimized with the Yoast SEO plugin v27.4 - https:\/\/yoast.com\/product\/yoast-seo-wordpress\/ -->\n<title>Sergipe atinge novo recorde hist\u00f3rico com estoque de mais de 351 mil empregos formais em agosto - O Coerente<\/title>\n<meta name=\"robots\" content=\"index, follow, max-snippet:-1, max-image-preview:large, max-video-preview:-1\" \/>\n<link rel=\"canonical\" href=\"https:\/\/ocoerente.com.br\/se\/2025\/10\/02\/sergipe-atinge-novo-recorde-historico-com-estoque-de-mais-de-351-mil-empregos-formais-em-agosto\/\" \/>\n<meta property=\"og:locale\" content=\"pt_BR\" \/>\n<meta property=\"og:type\" content=\"article\" \/>\n<meta property=\"og:title\" content=\"Sergipe atinge novo recorde hist\u00f3rico com estoque de mais de 351 mil empregos formais em agosto - O Coerente\" \/>\n<meta property=\"og:description\" content=\"Incentivado por pol\u00edticas p\u00fablicas de qualifica\u00e7\u00e3o profissional e intermedia\u00e7\u00e3o de m\u00e3o de obra, estado supera m\u00e9dia nacional e conquista destaque entre os seis que mais cresceram no pa\u00eds nos \u00faltimos 12 meses Sergipe alcan\u00e7ou novo recorde hist\u00f3rico na gera\u00e7\u00e3o de emprego em agosto de 2025. Segundo dados do Cadastro Geral de Empregados e Desempregados (Caged) [&hellip;]\" \/>\n<meta property=\"og:url\" content=\"https:\/\/ocoerente.com.br\/se\/2025\/10\/02\/sergipe-atinge-novo-recorde-historico-com-estoque-de-mais-de-351-mil-empregos-formais-em-agosto\/\" \/>\n<meta property=\"og:site_name\" content=\"O Coerente\" \/>\n<meta property=\"article:published_time\" content=\"2025-10-02T05:41:31+00:00\" \/>\n<meta property=\"article:modified_time\" content=\"2025-10-02T05:41:33+00:00\" \/>\n<meta property=\"og:image\" content=\"https:\/\/ocoerente.com.br\/se\/wp-content\/uploads\/2025\/10\/baebaf119ab49.jpg\" \/>\n\t<meta property=\"og:image:width\" content=\"1100\" \/>\n\t<meta property=\"og:image:height\" content=\"610\" \/>\n\t<meta property=\"og:image:type\" content=\"image\/jpeg\" \/>\n<meta name=\"author\" content=\"Reda\u00e7\u00e3o\" \/>\n<meta name=\"twitter:card\" content=\"summary_large_image\" \/>\n<meta name=\"twitter:label1\" content=\"Escrito por\" \/>\n\t<meta name=\"twitter:data1\" content=\"Reda\u00e7\u00e3o\" \/>\n\t<meta name=\"twitter:label2\" content=\"Est. tempo de leitura\" \/>\n\t<meta name=\"twitter:data2\" content=\"3 minutos\" \/>\n<script type=\"application\/ld+json\" class=\"yoast-schema-graph\">{\"@context\":\"https:\\\/\\\/schema.org\",\"@graph\":[{\"@type\":\"Article\",\"@id\":\"https:\\\/\\\/ocoerente.com.br\\\/se\\\/2025\\\/10\\\/02\\\/sergipe-atinge-novo-recorde-historico-com-estoque-de-mais-de-351-mil-empregos-formais-em-agosto\\\/#article\",\"isPartOf\":{\"@id\":\"https:\\\/\\\/ocoerente.com.br\\\/se\\\/2025\\\/10\\\/02\\\/sergipe-atinge-novo-recorde-historico-com-estoque-de-mais-de-351-mil-empregos-formais-em-agosto\\\/\"},\"author\":{\"name\":\"Reda\u00e7\u00e3o\",\"@id\":\"https:\\\/\\\/ocoerente.com.br\\\/se\\\/#\\\/schema\\\/person\\\/cc6bfd9fbca465e23543b0c963d8d037\"},\"headline\":\"Sergipe atinge novo recorde hist\u00f3rico com estoque de mais de 351 mil empregos formais em agosto\",\"datePublished\":\"2025-10-02T05:41:31+00:00\",\"dateModified\":\"2025-10-02T05:41:33+00:00\",\"mainEntityOfPage\":{\"@id\":\"https:\\\/\\\/ocoerente.com.br\\\/se\\\/2025\\\/10\\\/02\\\/sergipe-atinge-novo-recorde-historico-com-estoque-de-mais-de-351-mil-empregos-formais-em-agosto\\\/\"},\"wordCount\":436,\"publisher\":{\"@id\":\"https:\\\/\\\/ocoerente.com.br\\\/se\\\/#\\\/schema\\\/person\\\/cc6bfd9fbca465e23543b0c963d8d037\"},\"image\":{\"@id\":\"https:\\\/\\\/ocoerente.com.br\\\/se\\\/2025\\\/10\\\/02\\\/sergipe-atinge-novo-recorde-historico-com-estoque-de-mais-de-351-mil-empregos-formais-em-agosto\\\/#primaryimage\"},\"thumbnailUrl\":\"https:\\\/\\\/ocoerente.com.br\\\/se\\\/wp-content\\\/uploads\\\/2025\\\/10\\\/baebaf119ab49.jpg\",\"articleSection\":[\"Destaques\",\"Oportunidades\"],\"inLanguage\":\"pt-BR\"},{\"@type\":\"WebPage\",\"@id\":\"https:\\\/\\\/ocoerente.com.br\\\/se\\\/2025\\\/10\\\/02\\\/sergipe-atinge-novo-recorde-historico-com-estoque-de-mais-de-351-mil-empregos-formais-em-agosto\\\/\",\"url\":\"https:\\\/\\\/ocoerente.com.br\\\/se\\\/2025\\\/10\\\/02\\\/sergipe-atinge-novo-recorde-historico-com-estoque-de-mais-de-351-mil-empregos-formais-em-agosto\\\/\",\"name\":\"Sergipe atinge novo recorde hist\u00f3rico com estoque de mais de 351 mil empregos formais em agosto - O Coerente\",\"isPartOf\":{\"@id\":\"https:\\\/\\\/ocoerente.com.br\\\/se\\\/#website\"},\"primaryImageOfPage\":{\"@id\":\"https:\\\/\\\/ocoerente.com.br\\\/se\\\/2025\\\/10\\\/02\\\/sergipe-atinge-novo-recorde-historico-com-estoque-de-mais-de-351-mil-empregos-formais-em-agosto\\\/#primaryimage\"},\"image\":{\"@id\":\"https:\\\/\\\/ocoerente.com.br\\\/se\\\/2025\\\/10\\\/02\\\/sergipe-atinge-novo-recorde-historico-com-estoque-de-mais-de-351-mil-empregos-formais-em-agosto\\\/#primaryimage\"},\"thumbnailUrl\":\"https:\\\/\\\/ocoerente.com.br\\\/se\\\/wp-content\\\/uploads\\\/2025\\\/10\\\/baebaf119ab49.jpg\",\"datePublished\":\"2025-10-02T05:41:31+00:00\",\"dateModified\":\"2025-10-02T05:41:33+00:00\",\"breadcrumb\":{\"@id\":\"https:\\\/\\\/ocoerente.com.br\\\/se\\\/2025\\\/10\\\/02\\\/sergipe-atinge-novo-recorde-historico-com-estoque-de-mais-de-351-mil-empregos-formais-em-agosto\\\/#breadcrumb\"},\"inLanguage\":\"pt-BR\",\"potentialAction\":[{\"@type\":\"ReadAction\",\"target\":[\"https:\\\/\\\/ocoerente.com.br\\\/se\\\/2025\\\/10\\\/02\\\/sergipe-atinge-novo-recorde-historico-com-estoque-de-mais-de-351-mil-empregos-formais-em-agosto\\\/\"]}]},{\"@type\":\"ImageObject\",\"inLanguage\":\"pt-BR\",\"@id\":\"https:\\\/\\\/ocoerente.com.br\\\/se\\\/2025\\\/10\\\/02\\\/sergipe-atinge-novo-recorde-historico-com-estoque-de-mais-de-351-mil-empregos-formais-em-agosto\\\/#primaryimage\",\"url\":\"https:\\\/\\\/ocoerente.com.br\\\/se\\\/wp-content\\\/uploads\\\/2025\\\/10\\\/baebaf119ab49.jpg\",\"contentUrl\":\"https:\\\/\\\/ocoerente.com.br\\\/se\\\/wp-content\\\/uploads\\\/2025\\\/10\\\/baebaf119ab49.jpg\",\"width\":1100,\"height\":610,\"caption\":\"N\u00fameros s\u00e3o reflexo da efetividade de pol\u00edticas p\u00fablicas que ampliam renda, geram oportunidades e atraem investimentos a Sergipe \\\/ Foto: Igor Matias\"},{\"@type\":\"BreadcrumbList\",\"@id\":\"https:\\\/\\\/ocoerente.com.br\\\/se\\\/2025\\\/10\\\/02\\\/sergipe-atinge-novo-recorde-historico-com-estoque-de-mais-de-351-mil-empregos-formais-em-agosto\\\/#breadcrumb\",\"itemListElement\":[{\"@type\":\"ListItem\",\"position\":1,\"name\":\"In\u00edcio\",\"item\":\"https:\\\/\\\/ocoerente.com.br\\\/se\\\/\"},{\"@type\":\"ListItem\",\"position\":2,\"name\":\"Sergipe atinge novo recorde hist\u00f3rico com estoque de mais de 351 mil empregos formais em agosto\"}]},{\"@type\":\"WebSite\",\"@id\":\"https:\\\/\\\/ocoerente.com.br\\\/se\\\/#website\",\"url\":\"https:\\\/\\\/ocoerente.com.br\\\/se\\\/\",\"name\":\"O Coerente\",\"description\":\"\",\"publisher\":{\"@id\":\"https:\\\/\\\/ocoerente.com.br\\\/se\\\/#\\\/schema\\\/person\\\/cc6bfd9fbca465e23543b0c963d8d037\"},\"potentialAction\":[{\"@type\":\"SearchAction\",\"target\":{\"@type\":\"EntryPoint\",\"urlTemplate\":\"https:\\\/\\\/ocoerente.com.br\\\/se\\\/?s={search_term_string}\"},\"query-input\":{\"@type\":\"PropertyValueSpecification\",\"valueRequired\":true,\"valueName\":\"search_term_string\"}}],\"inLanguage\":\"pt-BR\"},{\"@type\":[\"Person\",\"Organization\"],\"@id\":\"https:\\\/\\\/ocoerente.com.br\\\/se\\\/#\\\/schema\\\/person\\\/cc6bfd9fbca465e23543b0c963d8d037\",\"name\":\"Reda\u00e7\u00e3o\",\"image\":{\"@type\":\"ImageObject\",\"inLanguage\":\"pt-BR\",\"@id\":\"https:\\\/\\\/ocoerente.com.br\\\/se\\\/wp-content\\\/uploads\\\/2020\\\/01\\\/ocoerente-1.png\",\"url\":\"https:\\\/\\\/ocoerente.com.br\\\/se\\\/wp-content\\\/uploads\\\/2020\\\/01\\\/ocoerente-1.png\",\"contentUrl\":\"https:\\\/\\\/ocoerente.com.br\\\/se\\\/wp-content\\\/uploads\\\/2020\\\/01\\\/ocoerente-1.png\",\"width\":50,\"height\":50,\"caption\":\"Reda\u00e7\u00e3o\"},\"logo\":{\"@id\":\"https:\\\/\\\/ocoerente.com.br\\\/se\\\/wp-content\\\/uploads\\\/2020\\\/01\\\/ocoerente-1.png\"},\"url\":\"https:\\\/\\\/ocoerente.com.br\\\/se\\\/author\\\/vasticlsales\\\/\"}]}<\/script>\n<!-- \/ Yoast SEO plugin. -->","yoast_head_json":{"title":"Sergipe atinge novo recorde hist\u00f3rico com estoque de mais de 351 mil empregos formais em agosto - O Coerente","robots":{"index":"index","follow":"follow","max-snippet":"max-snippet:-1","max-image-preview":"max-image-preview:large","max-video-preview":"max-video-preview:-1"},"canonical":"https:\/\/ocoerente.com.br\/se\/2025\/10\/02\/sergipe-atinge-novo-recorde-historico-com-estoque-de-mais-de-351-mil-empregos-formais-em-agosto\/","og_locale":"pt_BR","og_type":"article","og_title":"Sergipe atinge novo recorde hist\u00f3rico com estoque de mais de 351 mil empregos formais em agosto - O Coerente","og_description":"Incentivado por pol\u00edticas p\u00fablicas de qualifica\u00e7\u00e3o profissional e intermedia\u00e7\u00e3o de m\u00e3o de obra, estado supera m\u00e9dia nacional e conquista destaque entre os seis que mais cresceram no pa\u00eds nos \u00faltimos 12 meses Sergipe alcan\u00e7ou novo recorde hist\u00f3rico na gera\u00e7\u00e3o de emprego em agosto de 2025. Segundo dados do Cadastro Geral de Empregados e Desempregados (Caged) [&hellip;]","og_url":"https:\/\/ocoerente.com.br\/se\/2025\/10\/02\/sergipe-atinge-novo-recorde-historico-com-estoque-de-mais-de-351-mil-empregos-formais-em-agosto\/","og_site_name":"O Coerente","article_published_time":"2025-10-02T05:41:31+00:00","article_modified_time":"2025-10-02T05:41:33+00:00","og_image":[{"width":1100,"height":610,"url":"https:\/\/ocoerente.com.br\/se\/wp-content\/uploads\/2025\/10\/baebaf119ab49.jpg","type":"image\/jpeg"}],"author":"Reda\u00e7\u00e3o","twitter_card":"summary_large_image","twitter_misc":{"Escrito por":"Reda\u00e7\u00e3o","Est. tempo de leitura":"3 minutos"},"schema":{"@context":"https:\/\/schema.org","@graph":[{"@type":"Article","@id":"https:\/\/ocoerente.com.br\/se\/2025\/10\/02\/sergipe-atinge-novo-recorde-historico-com-estoque-de-mais-de-351-mil-empregos-formais-em-agosto\/#article","isPartOf":{"@id":"https:\/\/ocoerente.com.br\/se\/2025\/10\/02\/sergipe-atinge-novo-recorde-historico-com-estoque-de-mais-de-351-mil-empregos-formais-em-agosto\/"},"author":{"name":"Reda\u00e7\u00e3o","@id":"https:\/\/ocoerente.com.br\/se\/#\/schema\/person\/cc6bfd9fbca465e23543b0c963d8d037"},"headline":"Sergipe atinge novo recorde hist\u00f3rico com estoque de mais de 351 mil empregos formais em agosto","datePublished":"2025-10-02T05:41:31+00:00","dateModified":"2025-10-02T05:41:33+00:00","mainEntityOfPage":{"@id":"https:\/\/ocoerente.com.br\/se\/2025\/10\/02\/sergipe-atinge-novo-recorde-historico-com-estoque-de-mais-de-351-mil-empregos-formais-em-agosto\/"},"wordCount":436,"publisher":{"@id":"https:\/\/ocoerente.com.br\/se\/#\/schema\/person\/cc6bfd9fbca465e23543b0c963d8d037"},"image":{"@id":"https:\/\/ocoerente.com.br\/se\/2025\/10\/02\/sergipe-atinge-novo-recorde-historico-com-estoque-de-mais-de-351-mil-empregos-formais-em-agosto\/#primaryimage"},"thumbnailUrl":"https:\/\/ocoerente.com.br\/se\/wp-content\/uploads\/2025\/10\/baebaf119ab49.jpg","articleSection":["Destaques","Oportunidades"],"inLanguage":"pt-BR"},{"@type":"WebPage","@id":"https:\/\/ocoerente.com.br\/se\/2025\/10\/02\/sergipe-atinge-novo-recorde-historico-com-estoque-de-mais-de-351-mil-empregos-formais-em-agosto\/","url":"https:\/\/ocoerente.com.br\/se\/2025\/10\/02\/sergipe-atinge-novo-recorde-historico-com-estoque-de-mais-de-351-mil-empregos-formais-em-agosto\/","name":"Sergipe atinge novo recorde hist\u00f3rico com estoque de mais de 351 mil empregos formais em agosto - O Coerente","isPartOf":{"@id":"https:\/\/ocoerente.com.br\/se\/#website"},"primaryImageOfPage":{"@id":"https:\/\/ocoerente.com.br\/se\/2025\/10\/02\/sergipe-atinge-novo-recorde-historico-com-estoque-de-mais-de-351-mil-empregos-formais-em-agosto\/#primaryimage"},"image":{"@id":"https:\/\/ocoerente.com.br\/se\/2025\/10\/02\/sergipe-atinge-novo-recorde-historico-com-estoque-de-mais-de-351-mil-empregos-formais-em-agosto\/#primaryimage"},"thumbnailUrl":"https:\/\/ocoerente.com.br\/se\/wp-content\/uploads\/2025\/10\/baebaf119ab49.jpg","datePublished":"2025-10-02T05:41:31+00:00","dateModified":"2025-10-02T05:41:33+00:00","breadcrumb":{"@id":"https:\/\/ocoerente.com.br\/se\/2025\/10\/02\/sergipe-atinge-novo-recorde-historico-com-estoque-de-mais-de-351-mil-empregos-formais-em-agosto\/#breadcrumb"},"inLanguage":"pt-BR","potentialAction":[{"@type":"ReadAction","target":["https:\/\/ocoerente.com.br\/se\/2025\/10\/02\/sergipe-atinge-novo-recorde-historico-com-estoque-de-mais-de-351-mil-empregos-formais-em-agosto\/"]}]},{"@type":"ImageObject","inLanguage":"pt-BR","@id":"https:\/\/ocoerente.com.br\/se\/2025\/10\/02\/sergipe-atinge-novo-recorde-historico-com-estoque-de-mais-de-351-mil-empregos-formais-em-agosto\/#primaryimage","url":"https:\/\/ocoerente.com.br\/se\/wp-content\/uploads\/2025\/10\/baebaf119ab49.jpg","contentUrl":"https:\/\/ocoerente.com.br\/se\/wp-content\/uploads\/2025\/10\/baebaf119ab49.jpg","width":1100,"height":610,"caption":"N\u00fameros s\u00e3o reflexo da efetividade de pol\u00edticas p\u00fablicas que ampliam renda, geram oportunidades e atraem investimentos a Sergipe \/ Foto: Igor Matias"},{"@type":"BreadcrumbList","@id":"https:\/\/ocoerente.com.br\/se\/2025\/10\/02\/sergipe-atinge-novo-recorde-historico-com-estoque-de-mais-de-351-mil-empregos-formais-em-agosto\/#breadcrumb","itemListElement":[{"@type":"ListItem","position":1,"name":"In\u00edcio","item":"https:\/\/ocoerente.com.br\/se\/"},{"@type":"ListItem","position":2,"name":"Sergipe atinge novo recorde hist\u00f3rico com estoque de mais de 351 mil empregos formais em agosto"}]},{"@type":"WebSite","@id":"https:\/\/ocoerente.com.br\/se\/#website","url":"https:\/\/ocoerente.com.br\/se\/","name":"O Coerente","description":"","publisher":{"@id":"https:\/\/ocoerente.com.br\/se\/#\/schema\/person\/cc6bfd9fbca465e23543b0c963d8d037"},"potentialAction":[{"@type":"SearchAction","target":{"@type":"EntryPoint","urlTemplate":"https:\/\/ocoerente.com.br\/se\/?s={search_term_string}"},"query-input":{"@type":"PropertyValueSpecification","valueRequired":true,"valueName":"search_term_string"}}],"inLanguage":"pt-BR"},{"@type":["Person","Organization"],"@id":"https:\/\/ocoerente.com.br\/se\/#\/schema\/person\/cc6bfd9fbca465e23543b0c963d8d037","name":"Reda\u00e7\u00e3o","image":{"@type":"ImageObject","inLanguage":"pt-BR","@id":"https:\/\/ocoerente.com.br\/se\/wp-content\/uploads\/2020\/01\/ocoerente-1.png","url":"https:\/\/ocoerente.com.br\/se\/wp-content\/uploads\/2020\/01\/ocoerente-1.png","contentUrl":"https:\/\/ocoerente.com.br\/se\/wp-content\/uploads\/2020\/01\/ocoerente-1.png","width":50,"height":50,"caption":"Reda\u00e7\u00e3o"},"logo":{"@id":"https:\/\/ocoerente.com.br\/se\/wp-content\/uploads\/2020\/01\/ocoerente-1.png"},"url":"https:\/\/ocoerente.com.br\/se\/author\/vasticlsales\/"}]}},"_links":{"self":[{"href":"https:\/\/ocoerente.com.br\/se\/wp-json\/wp\/v2\/posts\/16881","targetHints":{"allow":["GET"]}}],"collection":[{"href":"https:\/\/ocoerente.com.br\/se\/wp-json\/wp\/v2\/posts"}],"about":[{"href":"https:\/\/ocoerente.com.br\/se\/wp-json\/wp\/v2\/types\/post"}],"author":[{"embeddable":true,"href":"https:\/\/ocoerente.com.br\/se\/wp-json\/wp\/v2\/users\/1"}],"replies":[{"embeddable":true,"href":"https:\/\/ocoerente.com.br\/se\/wp-json\/wp\/v2\/comments?post=16881"}],"version-history":[{"count":1,"href":"https:\/\/ocoerente.com.br\/se\/wp-json\/wp\/v2\/posts\/16881\/revisions"}],"predecessor-version":[{"id":16883,"href":"https:\/\/ocoerente.com.br\/se\/wp-json\/wp\/v2\/posts\/16881\/revisions\/16883"}],"wp:featuredmedia":[{"embeddable":true,"href":"https:\/\/ocoerente.com.br\/se\/wp-json\/wp\/v2\/media\/16882"}],"wp:attachment":[{"href":"https:\/\/ocoerente.com.br\/se\/wp-json\/wp\/v2\/media?parent=16881"}],"wp:term":[{"taxonomy":"category","embeddable":true,"href":"https:\/\/ocoerente.com.br\/se\/wp-json\/wp\/v2\/categories?post=16881"},{"taxonomy":"post_tag","embeddable":true,"href":"https:\/\/ocoerente.com.br\/se\/wp-json\/wp\/v2\/tags?post=16881"}],"curies":[{"name":"wp","href":"https:\/\/api.w.org\/{rel}","templated":true}]}}