{"id":16564,"date":"2025-09-16T17:09:13","date_gmt":"2025-09-16T20:09:13","guid":{"rendered":"https:\/\/ocoerente.com.br\/se\/?p=16564"},"modified":"2025-09-16T17:09:17","modified_gmt":"2025-09-16T20:09:17","slug":"rompimento-de-adutora-mergulha-aracaju-em-crise-de-abastecimento-prefeitura-notifica-igua-e-agrese","status":"publish","type":"post","link":"https:\/\/ocoerente.com.br\/se\/2025\/09\/16\/rompimento-de-adutora-mergulha-aracaju-em-crise-de-abastecimento-prefeitura-notifica-igua-e-agrese\/","title":{"rendered":"Rompimento de adutora mergulha Aracaju em crise de abastecimento; prefeitura notifica Igu\u00e1 e Agrese"},"content":{"rendered":"\n<p>Um rompimento na adutora respons\u00e1vel pelo abastecimento de Aracaju deixou 42 bairros da capital sergipana sem \u00e1gua desde a noite da \u00faltima sexta-feira (12). Sem previs\u00e3o para a normaliza\u00e7\u00e3o do servi\u00e7o, a Prefeitura de Aracaju anunciou neste s\u00e1bado (13) que cobrou da Igu\u00e1 Saneamento um plano emergencial e medidas concretas para reduzir os impactos do desabastecimento.<\/p>\n\n\n\n<p>Segundo a administra\u00e7\u00e3o municipal, a concession\u00e1ria dever\u00e1 apresentar, com urg\u00eancia, um cronograma de execu\u00e7\u00e3o das obras de reparo, al\u00e9m de alternativas imediatas, como carros-pipa e pontos de distribui\u00e7\u00e3o de \u00e1gua. A prioridade, de acordo com a Prefeitura, deve ser o atendimento a hospitais, unidades de sa\u00fade, abrigos e servi\u00e7os essenciais.<\/p>\n\n\n\n<p>\u201c\u00c9 fundamental que a popula\u00e7\u00e3o seja informada em tempo real, com canais de comunica\u00e7\u00e3o claros e atualiza\u00e7\u00f5es constantes sobre a recupera\u00e7\u00e3o do servi\u00e7o\u201d, refor\u00e7ou a gest\u00e3o municipal, em nota.<\/p>\n\n\n\n<p>A Prefeitura tamb\u00e9m acionou a Ag\u00eancia Reguladora de Servi\u00e7os P\u00fablicos do Estado de Sergipe (Agrese), respons\u00e1vel pela fiscaliza\u00e7\u00e3o do contrato de concess\u00e3o, pedindo que acompanhe o caso de perto e exija da empresa o cumprimento de suas obriga\u00e7\u00f5es.<\/p>\n\n\n\n<p>O prolongamento do desabastecimento preocupa n\u00e3o apenas os moradores, mas tamb\u00e9m a economia local. Setores como hot\u00e9is, bares e restaurantes t\u00eam registrado dificuldades para manter suas atividades dentro dos padr\u00f5es de qualidade e seguran\u00e7a exigidos.<\/p>\n\n\n\n<p>Enquanto aguardam o restabelecimento, fam\u00edlias de diferentes regi\u00f5es da capital seguem em busca de alternativas para garantir \u00e1gua em casa \u2014 um recurso essencial que, por ora, virou artigo de sobreviv\u00eancia.<\/p>\n\n\n\n<p><br>Por Reda\u00e7\u00e3o<br>Foto: M\u00e1rio Sousa\/ASN<\/p>\n\n\n\n<p><a href=\"https:\/\/horanews.net\/rompimento-de-adutora-mergulha-aracaju-em-crise-de-abastecimento-prefeitura-notifica-igua-e-agrese\/\">HORANEWS<\/a><\/p>\n","protected":false},"excerpt":{"rendered":"<p>Um rompimento na adutora respons\u00e1vel pelo abastecimento de Aracaju deixou 42 bairros da capital sergipana sem \u00e1gua desde a noite da \u00faltima sexta-feira (12). Sem previs\u00e3o para a normaliza\u00e7\u00e3o do servi\u00e7o, a Prefeitura de Aracaju anunciou neste s\u00e1bado (13) que cobrou da Igu\u00e1 Saneamento um plano emergencial e medidas concretas para reduzir os impactos do [&hellip;]<\/p>\n","protected":false},"author":1,"featured_media":16565,"comment_status":"closed","ping_status":"closed","sticky":false,"template":"","format":"standard","meta":{"footnotes":""},"categories":[53,43],"tags":[],"class_list":["post-16564","post","type-post","status-publish","format-standard","has-post-thumbnail","hentry","category-destaques","category-sergipe"],"yoast_head":"<!-- This site is optimized with the Yoast SEO plugin v27.4 - https:\/\/yoast.com\/product\/yoast-seo-wordpress\/ -->\n<title>Rompimento de adutora mergulha Aracaju em crise de abastecimento; prefeitura notifica Igu\u00e1 e Agrese - O Coerente<\/title>\n<meta name=\"robots\" content=\"index, follow, max-snippet:-1, max-image-preview:large, max-video-preview:-1\" \/>\n<link rel=\"canonical\" href=\"https:\/\/ocoerente.com.br\/se\/2025\/09\/16\/rompimento-de-adutora-mergulha-aracaju-em-crise-de-abastecimento-prefeitura-notifica-igua-e-agrese\/\" \/>\n<meta property=\"og:locale\" content=\"pt_BR\" \/>\n<meta property=\"og:type\" content=\"article\" \/>\n<meta property=\"og:title\" content=\"Rompimento de adutora mergulha Aracaju em crise de abastecimento; prefeitura notifica Igu\u00e1 e Agrese - O Coerente\" \/>\n<meta property=\"og:description\" content=\"Um rompimento na adutora respons\u00e1vel pelo abastecimento de Aracaju deixou 42 bairros da capital sergipana sem \u00e1gua desde a noite da \u00faltima sexta-feira (12). Sem previs\u00e3o para a normaliza\u00e7\u00e3o do servi\u00e7o, a Prefeitura de Aracaju anunciou neste s\u00e1bado (13) que cobrou da Igu\u00e1 Saneamento um plano emergencial e medidas concretas para reduzir os impactos do [&hellip;]\" \/>\n<meta property=\"og:url\" content=\"https:\/\/ocoerente.com.br\/se\/2025\/09\/16\/rompimento-de-adutora-mergulha-aracaju-em-crise-de-abastecimento-prefeitura-notifica-igua-e-agrese\/\" \/>\n<meta property=\"og:site_name\" content=\"O Coerente\" \/>\n<meta property=\"article:published_time\" content=\"2025-09-16T20:09:13+00:00\" \/>\n<meta property=\"article:modified_time\" content=\"2025-09-16T20:09:17+00:00\" \/>\n<meta property=\"og:image\" content=\"https:\/\/ocoerente.com.br\/se\/wp-content\/uploads\/2025\/09\/17543833413.jpg\" \/>\n\t<meta property=\"og:image:width\" content=\"600\" \/>\n\t<meta property=\"og:image:height\" content=\"400\" \/>\n\t<meta property=\"og:image:type\" content=\"image\/jpeg\" \/>\n<meta name=\"author\" content=\"Reda\u00e7\u00e3o\" \/>\n<meta name=\"twitter:card\" content=\"summary_large_image\" \/>\n<meta name=\"twitter:label1\" content=\"Escrito por\" \/>\n\t<meta name=\"twitter:data1\" content=\"Reda\u00e7\u00e3o\" \/>\n\t<meta name=\"twitter:label2\" content=\"Est. tempo de leitura\" \/>\n\t<meta name=\"twitter:data2\" content=\"2 minutos\" \/>\n<script type=\"application\/ld+json\" class=\"yoast-schema-graph\">{\"@context\":\"https:\\\/\\\/schema.org\",\"@graph\":[{\"@type\":\"Article\",\"@id\":\"https:\\\/\\\/ocoerente.com.br\\\/se\\\/2025\\\/09\\\/16\\\/rompimento-de-adutora-mergulha-aracaju-em-crise-de-abastecimento-prefeitura-notifica-igua-e-agrese\\\/#article\",\"isPartOf\":{\"@id\":\"https:\\\/\\\/ocoerente.com.br\\\/se\\\/2025\\\/09\\\/16\\\/rompimento-de-adutora-mergulha-aracaju-em-crise-de-abastecimento-prefeitura-notifica-igua-e-agrese\\\/\"},\"author\":{\"name\":\"Reda\u00e7\u00e3o\",\"@id\":\"https:\\\/\\\/ocoerente.com.br\\\/se\\\/#\\\/schema\\\/person\\\/cc6bfd9fbca465e23543b0c963d8d037\"},\"headline\":\"Rompimento de adutora mergulha Aracaju em crise de abastecimento; prefeitura notifica Igu\u00e1 e Agrese\",\"datePublished\":\"2025-09-16T20:09:13+00:00\",\"dateModified\":\"2025-09-16T20:09:17+00:00\",\"mainEntityOfPage\":{\"@id\":\"https:\\\/\\\/ocoerente.com.br\\\/se\\\/2025\\\/09\\\/16\\\/rompimento-de-adutora-mergulha-aracaju-em-crise-de-abastecimento-prefeitura-notifica-igua-e-agrese\\\/\"},\"wordCount\":293,\"publisher\":{\"@id\":\"https:\\\/\\\/ocoerente.com.br\\\/se\\\/#\\\/schema\\\/person\\\/cc6bfd9fbca465e23543b0c963d8d037\"},\"image\":{\"@id\":\"https:\\\/\\\/ocoerente.com.br\\\/se\\\/2025\\\/09\\\/16\\\/rompimento-de-adutora-mergulha-aracaju-em-crise-de-abastecimento-prefeitura-notifica-igua-e-agrese\\\/#primaryimage\"},\"thumbnailUrl\":\"https:\\\/\\\/ocoerente.com.br\\\/se\\\/wp-content\\\/uploads\\\/2025\\\/09\\\/17543833413.jpg\",\"articleSection\":[\"Destaques\",\"Sergipe\"],\"inLanguage\":\"pt-BR\"},{\"@type\":\"WebPage\",\"@id\":\"https:\\\/\\\/ocoerente.com.br\\\/se\\\/2025\\\/09\\\/16\\\/rompimento-de-adutora-mergulha-aracaju-em-crise-de-abastecimento-prefeitura-notifica-igua-e-agrese\\\/\",\"url\":\"https:\\\/\\\/ocoerente.com.br\\\/se\\\/2025\\\/09\\\/16\\\/rompimento-de-adutora-mergulha-aracaju-em-crise-de-abastecimento-prefeitura-notifica-igua-e-agrese\\\/\",\"name\":\"Rompimento de adutora mergulha Aracaju em crise de abastecimento; prefeitura notifica Igu\u00e1 e Agrese - O Coerente\",\"isPartOf\":{\"@id\":\"https:\\\/\\\/ocoerente.com.br\\\/se\\\/#website\"},\"primaryImageOfPage\":{\"@id\":\"https:\\\/\\\/ocoerente.com.br\\\/se\\\/2025\\\/09\\\/16\\\/rompimento-de-adutora-mergulha-aracaju-em-crise-de-abastecimento-prefeitura-notifica-igua-e-agrese\\\/#primaryimage\"},\"image\":{\"@id\":\"https:\\\/\\\/ocoerente.com.br\\\/se\\\/2025\\\/09\\\/16\\\/rompimento-de-adutora-mergulha-aracaju-em-crise-de-abastecimento-prefeitura-notifica-igua-e-agrese\\\/#primaryimage\"},\"thumbnailUrl\":\"https:\\\/\\\/ocoerente.com.br\\\/se\\\/wp-content\\\/uploads\\\/2025\\\/09\\\/17543833413.jpg\",\"datePublished\":\"2025-09-16T20:09:13+00:00\",\"dateModified\":\"2025-09-16T20:09:17+00:00\",\"breadcrumb\":{\"@id\":\"https:\\\/\\\/ocoerente.com.br\\\/se\\\/2025\\\/09\\\/16\\\/rompimento-de-adutora-mergulha-aracaju-em-crise-de-abastecimento-prefeitura-notifica-igua-e-agrese\\\/#breadcrumb\"},\"inLanguage\":\"pt-BR\",\"potentialAction\":[{\"@type\":\"ReadAction\",\"target\":[\"https:\\\/\\\/ocoerente.com.br\\\/se\\\/2025\\\/09\\\/16\\\/rompimento-de-adutora-mergulha-aracaju-em-crise-de-abastecimento-prefeitura-notifica-igua-e-agrese\\\/\"]}]},{\"@type\":\"ImageObject\",\"inLanguage\":\"pt-BR\",\"@id\":\"https:\\\/\\\/ocoerente.com.br\\\/se\\\/2025\\\/09\\\/16\\\/rompimento-de-adutora-mergulha-aracaju-em-crise-de-abastecimento-prefeitura-notifica-igua-e-agrese\\\/#primaryimage\",\"url\":\"https:\\\/\\\/ocoerente.com.br\\\/se\\\/wp-content\\\/uploads\\\/2025\\\/09\\\/17543833413.jpg\",\"contentUrl\":\"https:\\\/\\\/ocoerente.com.br\\\/se\\\/wp-content\\\/uploads\\\/2025\\\/09\\\/17543833413.jpg\",\"width\":600,\"height\":400},{\"@type\":\"BreadcrumbList\",\"@id\":\"https:\\\/\\\/ocoerente.com.br\\\/se\\\/2025\\\/09\\\/16\\\/rompimento-de-adutora-mergulha-aracaju-em-crise-de-abastecimento-prefeitura-notifica-igua-e-agrese\\\/#breadcrumb\",\"itemListElement\":[{\"@type\":\"ListItem\",\"position\":1,\"name\":\"In\u00edcio\",\"item\":\"https:\\\/\\\/ocoerente.com.br\\\/se\\\/\"},{\"@type\":\"ListItem\",\"position\":2,\"name\":\"Rompimento de adutora mergulha Aracaju em crise de abastecimento; prefeitura notifica Igu\u00e1 e Agrese\"}]},{\"@type\":\"WebSite\",\"@id\":\"https:\\\/\\\/ocoerente.com.br\\\/se\\\/#website\",\"url\":\"https:\\\/\\\/ocoerente.com.br\\\/se\\\/\",\"name\":\"O Coerente\",\"description\":\"\",\"publisher\":{\"@id\":\"https:\\\/\\\/ocoerente.com.br\\\/se\\\/#\\\/schema\\\/person\\\/cc6bfd9fbca465e23543b0c963d8d037\"},\"potentialAction\":[{\"@type\":\"SearchAction\",\"target\":{\"@type\":\"EntryPoint\",\"urlTemplate\":\"https:\\\/\\\/ocoerente.com.br\\\/se\\\/?s={search_term_string}\"},\"query-input\":{\"@type\":\"PropertyValueSpecification\",\"valueRequired\":true,\"valueName\":\"search_term_string\"}}],\"inLanguage\":\"pt-BR\"},{\"@type\":[\"Person\",\"Organization\"],\"@id\":\"https:\\\/\\\/ocoerente.com.br\\\/se\\\/#\\\/schema\\\/person\\\/cc6bfd9fbca465e23543b0c963d8d037\",\"name\":\"Reda\u00e7\u00e3o\",\"image\":{\"@type\":\"ImageObject\",\"inLanguage\":\"pt-BR\",\"@id\":\"https:\\\/\\\/ocoerente.com.br\\\/se\\\/wp-content\\\/uploads\\\/2020\\\/01\\\/ocoerente-1.png\",\"url\":\"https:\\\/\\\/ocoerente.com.br\\\/se\\\/wp-content\\\/uploads\\\/2020\\\/01\\\/ocoerente-1.png\",\"contentUrl\":\"https:\\\/\\\/ocoerente.com.br\\\/se\\\/wp-content\\\/uploads\\\/2020\\\/01\\\/ocoerente-1.png\",\"width\":50,\"height\":50,\"caption\":\"Reda\u00e7\u00e3o\"},\"logo\":{\"@id\":\"https:\\\/\\\/ocoerente.com.br\\\/se\\\/wp-content\\\/uploads\\\/2020\\\/01\\\/ocoerente-1.png\"},\"url\":\"https:\\\/\\\/ocoerente.com.br\\\/se\\\/author\\\/vasticlsales\\\/\"}]}<\/script>\n<!-- \/ Yoast SEO plugin. -->","yoast_head_json":{"title":"Rompimento de adutora mergulha Aracaju em crise de abastecimento; prefeitura notifica Igu\u00e1 e Agrese - O Coerente","robots":{"index":"index","follow":"follow","max-snippet":"max-snippet:-1","max-image-preview":"max-image-preview:large","max-video-preview":"max-video-preview:-1"},"canonical":"https:\/\/ocoerente.com.br\/se\/2025\/09\/16\/rompimento-de-adutora-mergulha-aracaju-em-crise-de-abastecimento-prefeitura-notifica-igua-e-agrese\/","og_locale":"pt_BR","og_type":"article","og_title":"Rompimento de adutora mergulha Aracaju em crise de abastecimento; prefeitura notifica Igu\u00e1 e Agrese - O Coerente","og_description":"Um rompimento na adutora respons\u00e1vel pelo abastecimento de Aracaju deixou 42 bairros da capital sergipana sem \u00e1gua desde a noite da \u00faltima sexta-feira (12). Sem previs\u00e3o para a normaliza\u00e7\u00e3o do servi\u00e7o, a Prefeitura de Aracaju anunciou neste s\u00e1bado (13) que cobrou da Igu\u00e1 Saneamento um plano emergencial e medidas concretas para reduzir os impactos do [&hellip;]","og_url":"https:\/\/ocoerente.com.br\/se\/2025\/09\/16\/rompimento-de-adutora-mergulha-aracaju-em-crise-de-abastecimento-prefeitura-notifica-igua-e-agrese\/","og_site_name":"O Coerente","article_published_time":"2025-09-16T20:09:13+00:00","article_modified_time":"2025-09-16T20:09:17+00:00","og_image":[{"width":600,"height":400,"url":"https:\/\/ocoerente.com.br\/se\/wp-content\/uploads\/2025\/09\/17543833413.jpg","type":"image\/jpeg"}],"author":"Reda\u00e7\u00e3o","twitter_card":"summary_large_image","twitter_misc":{"Escrito por":"Reda\u00e7\u00e3o","Est. tempo de leitura":"2 minutos"},"schema":{"@context":"https:\/\/schema.org","@graph":[{"@type":"Article","@id":"https:\/\/ocoerente.com.br\/se\/2025\/09\/16\/rompimento-de-adutora-mergulha-aracaju-em-crise-de-abastecimento-prefeitura-notifica-igua-e-agrese\/#article","isPartOf":{"@id":"https:\/\/ocoerente.com.br\/se\/2025\/09\/16\/rompimento-de-adutora-mergulha-aracaju-em-crise-de-abastecimento-prefeitura-notifica-igua-e-agrese\/"},"author":{"name":"Reda\u00e7\u00e3o","@id":"https:\/\/ocoerente.com.br\/se\/#\/schema\/person\/cc6bfd9fbca465e23543b0c963d8d037"},"headline":"Rompimento de adutora mergulha Aracaju em crise de abastecimento; prefeitura notifica Igu\u00e1 e Agrese","datePublished":"2025-09-16T20:09:13+00:00","dateModified":"2025-09-16T20:09:17+00:00","mainEntityOfPage":{"@id":"https:\/\/ocoerente.com.br\/se\/2025\/09\/16\/rompimento-de-adutora-mergulha-aracaju-em-crise-de-abastecimento-prefeitura-notifica-igua-e-agrese\/"},"wordCount":293,"publisher":{"@id":"https:\/\/ocoerente.com.br\/se\/#\/schema\/person\/cc6bfd9fbca465e23543b0c963d8d037"},"image":{"@id":"https:\/\/ocoerente.com.br\/se\/2025\/09\/16\/rompimento-de-adutora-mergulha-aracaju-em-crise-de-abastecimento-prefeitura-notifica-igua-e-agrese\/#primaryimage"},"thumbnailUrl":"https:\/\/ocoerente.com.br\/se\/wp-content\/uploads\/2025\/09\/17543833413.jpg","articleSection":["Destaques","Sergipe"],"inLanguage":"pt-BR"},{"@type":"WebPage","@id":"https:\/\/ocoerente.com.br\/se\/2025\/09\/16\/rompimento-de-adutora-mergulha-aracaju-em-crise-de-abastecimento-prefeitura-notifica-igua-e-agrese\/","url":"https:\/\/ocoerente.com.br\/se\/2025\/09\/16\/rompimento-de-adutora-mergulha-aracaju-em-crise-de-abastecimento-prefeitura-notifica-igua-e-agrese\/","name":"Rompimento de adutora mergulha Aracaju em crise de abastecimento; prefeitura notifica Igu\u00e1 e Agrese - O Coerente","isPartOf":{"@id":"https:\/\/ocoerente.com.br\/se\/#website"},"primaryImageOfPage":{"@id":"https:\/\/ocoerente.com.br\/se\/2025\/09\/16\/rompimento-de-adutora-mergulha-aracaju-em-crise-de-abastecimento-prefeitura-notifica-igua-e-agrese\/#primaryimage"},"image":{"@id":"https:\/\/ocoerente.com.br\/se\/2025\/09\/16\/rompimento-de-adutora-mergulha-aracaju-em-crise-de-abastecimento-prefeitura-notifica-igua-e-agrese\/#primaryimage"},"thumbnailUrl":"https:\/\/ocoerente.com.br\/se\/wp-content\/uploads\/2025\/09\/17543833413.jpg","datePublished":"2025-09-16T20:09:13+00:00","dateModified":"2025-09-16T20:09:17+00:00","breadcrumb":{"@id":"https:\/\/ocoerente.com.br\/se\/2025\/09\/16\/rompimento-de-adutora-mergulha-aracaju-em-crise-de-abastecimento-prefeitura-notifica-igua-e-agrese\/#breadcrumb"},"inLanguage":"pt-BR","potentialAction":[{"@type":"ReadAction","target":["https:\/\/ocoerente.com.br\/se\/2025\/09\/16\/rompimento-de-adutora-mergulha-aracaju-em-crise-de-abastecimento-prefeitura-notifica-igua-e-agrese\/"]}]},{"@type":"ImageObject","inLanguage":"pt-BR","@id":"https:\/\/ocoerente.com.br\/se\/2025\/09\/16\/rompimento-de-adutora-mergulha-aracaju-em-crise-de-abastecimento-prefeitura-notifica-igua-e-agrese\/#primaryimage","url":"https:\/\/ocoerente.com.br\/se\/wp-content\/uploads\/2025\/09\/17543833413.jpg","contentUrl":"https:\/\/ocoerente.com.br\/se\/wp-content\/uploads\/2025\/09\/17543833413.jpg","width":600,"height":400},{"@type":"BreadcrumbList","@id":"https:\/\/ocoerente.com.br\/se\/2025\/09\/16\/rompimento-de-adutora-mergulha-aracaju-em-crise-de-abastecimento-prefeitura-notifica-igua-e-agrese\/#breadcrumb","itemListElement":[{"@type":"ListItem","position":1,"name":"In\u00edcio","item":"https:\/\/ocoerente.com.br\/se\/"},{"@type":"ListItem","position":2,"name":"Rompimento de adutora mergulha Aracaju em crise de abastecimento; prefeitura notifica Igu\u00e1 e Agrese"}]},{"@type":"WebSite","@id":"https:\/\/ocoerente.com.br\/se\/#website","url":"https:\/\/ocoerente.com.br\/se\/","name":"O Coerente","description":"","publisher":{"@id":"https:\/\/ocoerente.com.br\/se\/#\/schema\/person\/cc6bfd9fbca465e23543b0c963d8d037"},"potentialAction":[{"@type":"SearchAction","target":{"@type":"EntryPoint","urlTemplate":"https:\/\/ocoerente.com.br\/se\/?s={search_term_string}"},"query-input":{"@type":"PropertyValueSpecification","valueRequired":true,"valueName":"search_term_string"}}],"inLanguage":"pt-BR"},{"@type":["Person","Organization"],"@id":"https:\/\/ocoerente.com.br\/se\/#\/schema\/person\/cc6bfd9fbca465e23543b0c963d8d037","name":"Reda\u00e7\u00e3o","image":{"@type":"ImageObject","inLanguage":"pt-BR","@id":"https:\/\/ocoerente.com.br\/se\/wp-content\/uploads\/2020\/01\/ocoerente-1.png","url":"https:\/\/ocoerente.com.br\/se\/wp-content\/uploads\/2020\/01\/ocoerente-1.png","contentUrl":"https:\/\/ocoerente.com.br\/se\/wp-content\/uploads\/2020\/01\/ocoerente-1.png","width":50,"height":50,"caption":"Reda\u00e7\u00e3o"},"logo":{"@id":"https:\/\/ocoerente.com.br\/se\/wp-content\/uploads\/2020\/01\/ocoerente-1.png"},"url":"https:\/\/ocoerente.com.br\/se\/author\/vasticlsales\/"}]}},"_links":{"self":[{"href":"https:\/\/ocoerente.com.br\/se\/wp-json\/wp\/v2\/posts\/16564","targetHints":{"allow":["GET"]}}],"collection":[{"href":"https:\/\/ocoerente.com.br\/se\/wp-json\/wp\/v2\/posts"}],"about":[{"href":"https:\/\/ocoerente.com.br\/se\/wp-json\/wp\/v2\/types\/post"}],"author":[{"embeddable":true,"href":"https:\/\/ocoerente.com.br\/se\/wp-json\/wp\/v2\/users\/1"}],"replies":[{"embeddable":true,"href":"https:\/\/ocoerente.com.br\/se\/wp-json\/wp\/v2\/comments?post=16564"}],"version-history":[{"count":1,"href":"https:\/\/ocoerente.com.br\/se\/wp-json\/wp\/v2\/posts\/16564\/revisions"}],"predecessor-version":[{"id":16566,"href":"https:\/\/ocoerente.com.br\/se\/wp-json\/wp\/v2\/posts\/16564\/revisions\/16566"}],"wp:featuredmedia":[{"embeddable":true,"href":"https:\/\/ocoerente.com.br\/se\/wp-json\/wp\/v2\/media\/16565"}],"wp:attachment":[{"href":"https:\/\/ocoerente.com.br\/se\/wp-json\/wp\/v2\/media?parent=16564"}],"wp:term":[{"taxonomy":"category","embeddable":true,"href":"https:\/\/ocoerente.com.br\/se\/wp-json\/wp\/v2\/categories?post=16564"},{"taxonomy":"post_tag","embeddable":true,"href":"https:\/\/ocoerente.com.br\/se\/wp-json\/wp\/v2\/tags?post=16564"}],"curies":[{"name":"wp","href":"https:\/\/api.w.org\/{rel}","templated":true}]}}