{"id":1543,"date":"2020-09-06T21:43:49","date_gmt":"2020-09-07T00:43:49","guid":{"rendered":"https:\/\/ocoerente.com.br\/se\/?p=1543"},"modified":"2020-09-06T21:43:50","modified_gmt":"2020-09-07T00:43:50","slug":"sindiprev-ajuiza-acao-civil-publica-em-defesa-da-vida","status":"publish","type":"post","link":"https:\/\/ocoerente.com.br\/se\/2020\/09\/06\/sindiprev-ajuiza-acao-civil-publica-em-defesa-da-vida\/","title":{"rendered":"SINDIPREV AJU\u00cdZA A\u00c7\u00c3O CIVIL P\u00daBLICA EM DEFESA DA VIDA"},"content":{"rendered":"\n<p><em>Todos contra o COVID &#8211; 19<\/em><\/p>\n\n\n\n<p>O sentimento da falta de reconhecimento e respeito aos servidores do INSS, ganhou eco com a publica\u00e7\u00e3o da PORTARIA N\u00ba 874\/PRES\/INSS, DE 28 DE AGOSTO DE 2020 que alterou a Portaria n\u00ba 866\/PRES\/INSS, de 24 de agosto de 2020, indo de encontro ao que prega a OMS e orienta\u00e7\u00f5es sanit\u00e1rias em defesa da vida e retorno gradual.<\/p>\n\n\n\n<p>O SINDIPREV SERGIPE, representante legal dos servidores da base do INSS ao fazer o levantamento do preju\u00edzo causado pela respectiva Portaria, obteve a informa\u00e7\u00e3o e 17 (dezessete) filiados foram prejudicados pela publica\u00e7\u00e3o da Portaria que exp\u00f4s os servidores que coabitavam com pessoas maiores de 60 (sessenta) anos, dentre outros casos.<\/p>\n\n\n\n<p>\u201cDesrespeito\u201d!<\/p>\n\n\n\n<p>Este \u00e9 o sentimento da grande maioria dos servidores do INSS filiados ao SINDIPREV.<\/p>\n\n\n\n<p>Tendo em vista o ataque sofrido, o SINDIPREV SERGIPE, atrav\u00e9s do assessor jur\u00eddico LUCAS RIOS,&nbsp;ajuizou a A\u00c7\u00c3O CIVIL P\u00daBLICA, N\u00ba&nbsp;0803933-79.2020.4.05.8500&nbsp;em defesa dos 17 (dezessete) filiados e filiadas prejudicados(as).<\/p>\n\n\n\n<p><em>Por: Marcos Jefferson (DRT\/SE 376)<\/em><\/p>\n\n\n\n<p><strong>O SINDIPREV SERGIPE N\u00c3O PARA E N\u00c3O FOGE \u00c0 LUTA<\/strong><\/p>\n\n\n\n<p>Gest\u00e3o 2020\/2024<\/p>\n\n\n\n<p>Coordenador Geral: Joaquim Antonio<\/p>\n\n\n\n<p>SINDIPREV<\/p>\n","protected":false},"excerpt":{"rendered":"<p>Todos contra o COVID &#8211; 19 O sentimento da falta de reconhecimento e respeito aos servidores do INSS, ganhou eco com a publica\u00e7\u00e3o da PORTARIA N\u00ba 874\/PRES\/INSS, DE 28 DE AGOSTO DE 2020 que alterou a Portaria n\u00ba 866\/PRES\/INSS, de 24 de agosto de 2020, indo de encontro ao que prega a OMS e orienta\u00e7\u00f5es [&hellip;]<\/p>\n","protected":false},"author":1,"featured_media":1544,"comment_status":"closed","ping_status":"closed","sticky":false,"template":"","format":"standard","meta":{"footnotes":""},"categories":[53,54],"tags":[],"class_list":["post-1543","post","type-post","status-publish","format-standard","has-post-thumbnail","hentry","category-destaques","category-saude"],"yoast_head":"<!-- This site is optimized with the Yoast SEO plugin v27.4 - https:\/\/yoast.com\/product\/yoast-seo-wordpress\/ -->\n<title>SINDIPREV AJU\u00cdZA A\u00c7\u00c3O CIVIL P\u00daBLICA EM DEFESA DA VIDA - O Coerente<\/title>\n<meta name=\"robots\" content=\"index, follow, max-snippet:-1, max-image-preview:large, max-video-preview:-1\" \/>\n<link rel=\"canonical\" href=\"https:\/\/ocoerente.com.br\/se\/2020\/09\/06\/sindiprev-ajuiza-acao-civil-publica-em-defesa-da-vida\/\" \/>\n<meta property=\"og:locale\" content=\"pt_BR\" \/>\n<meta property=\"og:type\" content=\"article\" \/>\n<meta property=\"og:title\" content=\"SINDIPREV AJU\u00cdZA A\u00c7\u00c3O CIVIL P\u00daBLICA EM DEFESA DA VIDA - O Coerente\" \/>\n<meta property=\"og:description\" content=\"Todos contra o COVID &#8211; 19 O sentimento da falta de reconhecimento e respeito aos servidores do INSS, ganhou eco com a publica\u00e7\u00e3o da PORTARIA N\u00ba 874\/PRES\/INSS, DE 28 DE AGOSTO DE 2020 que alterou a Portaria n\u00ba 866\/PRES\/INSS, de 24 de agosto de 2020, indo de encontro ao que prega a OMS e orienta\u00e7\u00f5es [&hellip;]\" \/>\n<meta property=\"og:url\" content=\"https:\/\/ocoerente.com.br\/se\/2020\/09\/06\/sindiprev-ajuiza-acao-civil-publica-em-defesa-da-vida\/\" \/>\n<meta property=\"og:site_name\" content=\"O Coerente\" \/>\n<meta property=\"article:published_time\" content=\"2020-09-07T00:43:49+00:00\" \/>\n<meta property=\"article:modified_time\" content=\"2020-09-07T00:43:50+00:00\" \/>\n<meta property=\"og:image\" content=\"https:\/\/ocoerente.com.br\/se\/wp-content\/uploads\/2020\/09\/sindprev___.jpg\" \/>\n\t<meta property=\"og:image:width\" content=\"720\" \/>\n\t<meta property=\"og:image:height\" content=\"540\" \/>\n\t<meta property=\"og:image:type\" content=\"image\/jpeg\" \/>\n<meta name=\"author\" content=\"Reda\u00e7\u00e3o\" \/>\n<meta name=\"twitter:card\" content=\"summary_large_image\" \/>\n<meta name=\"twitter:label1\" content=\"Escrito por\" \/>\n\t<meta name=\"twitter:data1\" content=\"Reda\u00e7\u00e3o\" \/>\n\t<meta name=\"twitter:label2\" content=\"Est. tempo de leitura\" \/>\n\t<meta name=\"twitter:data2\" content=\"1 minuto\" \/>\n<script type=\"application\/ld+json\" class=\"yoast-schema-graph\">{\"@context\":\"https:\\\/\\\/schema.org\",\"@graph\":[{\"@type\":\"Article\",\"@id\":\"https:\\\/\\\/ocoerente.com.br\\\/se\\\/2020\\\/09\\\/06\\\/sindiprev-ajuiza-acao-civil-publica-em-defesa-da-vida\\\/#article\",\"isPartOf\":{\"@id\":\"https:\\\/\\\/ocoerente.com.br\\\/se\\\/2020\\\/09\\\/06\\\/sindiprev-ajuiza-acao-civil-publica-em-defesa-da-vida\\\/\"},\"author\":{\"name\":\"Reda\u00e7\u00e3o\",\"@id\":\"https:\\\/\\\/ocoerente.com.br\\\/se\\\/#\\\/schema\\\/person\\\/cc6bfd9fbca465e23543b0c963d8d037\"},\"headline\":\"SINDIPREV AJU\u00cdZA A\u00c7\u00c3O CIVIL P\u00daBLICA EM DEFESA DA VIDA\",\"datePublished\":\"2020-09-07T00:43:49+00:00\",\"dateModified\":\"2020-09-07T00:43:50+00:00\",\"mainEntityOfPage\":{\"@id\":\"https:\\\/\\\/ocoerente.com.br\\\/se\\\/2020\\\/09\\\/06\\\/sindiprev-ajuiza-acao-civil-publica-em-defesa-da-vida\\\/\"},\"wordCount\":202,\"publisher\":{\"@id\":\"https:\\\/\\\/ocoerente.com.br\\\/se\\\/#\\\/schema\\\/person\\\/cc6bfd9fbca465e23543b0c963d8d037\"},\"image\":{\"@id\":\"https:\\\/\\\/ocoerente.com.br\\\/se\\\/2020\\\/09\\\/06\\\/sindiprev-ajuiza-acao-civil-publica-em-defesa-da-vida\\\/#primaryimage\"},\"thumbnailUrl\":\"https:\\\/\\\/ocoerente.com.br\\\/se\\\/wp-content\\\/uploads\\\/2020\\\/09\\\/sindprev___.jpg\",\"articleSection\":[\"Destaques\",\"Sa\u00fade\"],\"inLanguage\":\"pt-BR\"},{\"@type\":\"WebPage\",\"@id\":\"https:\\\/\\\/ocoerente.com.br\\\/se\\\/2020\\\/09\\\/06\\\/sindiprev-ajuiza-acao-civil-publica-em-defesa-da-vida\\\/\",\"url\":\"https:\\\/\\\/ocoerente.com.br\\\/se\\\/2020\\\/09\\\/06\\\/sindiprev-ajuiza-acao-civil-publica-em-defesa-da-vida\\\/\",\"name\":\"SINDIPREV AJU\u00cdZA A\u00c7\u00c3O CIVIL P\u00daBLICA EM DEFESA DA VIDA - O Coerente\",\"isPartOf\":{\"@id\":\"https:\\\/\\\/ocoerente.com.br\\\/se\\\/#website\"},\"primaryImageOfPage\":{\"@id\":\"https:\\\/\\\/ocoerente.com.br\\\/se\\\/2020\\\/09\\\/06\\\/sindiprev-ajuiza-acao-civil-publica-em-defesa-da-vida\\\/#primaryimage\"},\"image\":{\"@id\":\"https:\\\/\\\/ocoerente.com.br\\\/se\\\/2020\\\/09\\\/06\\\/sindiprev-ajuiza-acao-civil-publica-em-defesa-da-vida\\\/#primaryimage\"},\"thumbnailUrl\":\"https:\\\/\\\/ocoerente.com.br\\\/se\\\/wp-content\\\/uploads\\\/2020\\\/09\\\/sindprev___.jpg\",\"datePublished\":\"2020-09-07T00:43:49+00:00\",\"dateModified\":\"2020-09-07T00:43:50+00:00\",\"breadcrumb\":{\"@id\":\"https:\\\/\\\/ocoerente.com.br\\\/se\\\/2020\\\/09\\\/06\\\/sindiprev-ajuiza-acao-civil-publica-em-defesa-da-vida\\\/#breadcrumb\"},\"inLanguage\":\"pt-BR\",\"potentialAction\":[{\"@type\":\"ReadAction\",\"target\":[\"https:\\\/\\\/ocoerente.com.br\\\/se\\\/2020\\\/09\\\/06\\\/sindiprev-ajuiza-acao-civil-publica-em-defesa-da-vida\\\/\"]}]},{\"@type\":\"ImageObject\",\"inLanguage\":\"pt-BR\",\"@id\":\"https:\\\/\\\/ocoerente.com.br\\\/se\\\/2020\\\/09\\\/06\\\/sindiprev-ajuiza-acao-civil-publica-em-defesa-da-vida\\\/#primaryimage\",\"url\":\"https:\\\/\\\/ocoerente.com.br\\\/se\\\/wp-content\\\/uploads\\\/2020\\\/09\\\/sindprev___.jpg\",\"contentUrl\":\"https:\\\/\\\/ocoerente.com.br\\\/se\\\/wp-content\\\/uploads\\\/2020\\\/09\\\/sindprev___.jpg\",\"width\":720,\"height\":540},{\"@type\":\"BreadcrumbList\",\"@id\":\"https:\\\/\\\/ocoerente.com.br\\\/se\\\/2020\\\/09\\\/06\\\/sindiprev-ajuiza-acao-civil-publica-em-defesa-da-vida\\\/#breadcrumb\",\"itemListElement\":[{\"@type\":\"ListItem\",\"position\":1,\"name\":\"In\u00edcio\",\"item\":\"https:\\\/\\\/ocoerente.com.br\\\/se\\\/\"},{\"@type\":\"ListItem\",\"position\":2,\"name\":\"SINDIPREV AJU\u00cdZA A\u00c7\u00c3O CIVIL P\u00daBLICA EM DEFESA DA VIDA\"}]},{\"@type\":\"WebSite\",\"@id\":\"https:\\\/\\\/ocoerente.com.br\\\/se\\\/#website\",\"url\":\"https:\\\/\\\/ocoerente.com.br\\\/se\\\/\",\"name\":\"O Coerente\",\"description\":\"\",\"publisher\":{\"@id\":\"https:\\\/\\\/ocoerente.com.br\\\/se\\\/#\\\/schema\\\/person\\\/cc6bfd9fbca465e23543b0c963d8d037\"},\"potentialAction\":[{\"@type\":\"SearchAction\",\"target\":{\"@type\":\"EntryPoint\",\"urlTemplate\":\"https:\\\/\\\/ocoerente.com.br\\\/se\\\/?s={search_term_string}\"},\"query-input\":{\"@type\":\"PropertyValueSpecification\",\"valueRequired\":true,\"valueName\":\"search_term_string\"}}],\"inLanguage\":\"pt-BR\"},{\"@type\":[\"Person\",\"Organization\"],\"@id\":\"https:\\\/\\\/ocoerente.com.br\\\/se\\\/#\\\/schema\\\/person\\\/cc6bfd9fbca465e23543b0c963d8d037\",\"name\":\"Reda\u00e7\u00e3o\",\"image\":{\"@type\":\"ImageObject\",\"inLanguage\":\"pt-BR\",\"@id\":\"https:\\\/\\\/ocoerente.com.br\\\/se\\\/wp-content\\\/uploads\\\/2020\\\/01\\\/ocoerente-1.png\",\"url\":\"https:\\\/\\\/ocoerente.com.br\\\/se\\\/wp-content\\\/uploads\\\/2020\\\/01\\\/ocoerente-1.png\",\"contentUrl\":\"https:\\\/\\\/ocoerente.com.br\\\/se\\\/wp-content\\\/uploads\\\/2020\\\/01\\\/ocoerente-1.png\",\"width\":50,\"height\":50,\"caption\":\"Reda\u00e7\u00e3o\"},\"logo\":{\"@id\":\"https:\\\/\\\/ocoerente.com.br\\\/se\\\/wp-content\\\/uploads\\\/2020\\\/01\\\/ocoerente-1.png\"},\"url\":\"https:\\\/\\\/ocoerente.com.br\\\/se\\\/author\\\/vasticlsales\\\/\"}]}<\/script>\n<!-- \/ Yoast SEO plugin. -->","yoast_head_json":{"title":"SINDIPREV AJU\u00cdZA A\u00c7\u00c3O CIVIL P\u00daBLICA EM DEFESA DA VIDA - O Coerente","robots":{"index":"index","follow":"follow","max-snippet":"max-snippet:-1","max-image-preview":"max-image-preview:large","max-video-preview":"max-video-preview:-1"},"canonical":"https:\/\/ocoerente.com.br\/se\/2020\/09\/06\/sindiprev-ajuiza-acao-civil-publica-em-defesa-da-vida\/","og_locale":"pt_BR","og_type":"article","og_title":"SINDIPREV AJU\u00cdZA A\u00c7\u00c3O CIVIL P\u00daBLICA EM DEFESA DA VIDA - O Coerente","og_description":"Todos contra o COVID &#8211; 19 O sentimento da falta de reconhecimento e respeito aos servidores do INSS, ganhou eco com a publica\u00e7\u00e3o da PORTARIA N\u00ba 874\/PRES\/INSS, DE 28 DE AGOSTO DE 2020 que alterou a Portaria n\u00ba 866\/PRES\/INSS, de 24 de agosto de 2020, indo de encontro ao que prega a OMS e orienta\u00e7\u00f5es [&hellip;]","og_url":"https:\/\/ocoerente.com.br\/se\/2020\/09\/06\/sindiprev-ajuiza-acao-civil-publica-em-defesa-da-vida\/","og_site_name":"O Coerente","article_published_time":"2020-09-07T00:43:49+00:00","article_modified_time":"2020-09-07T00:43:50+00:00","og_image":[{"width":720,"height":540,"url":"https:\/\/ocoerente.com.br\/se\/wp-content\/uploads\/2020\/09\/sindprev___.jpg","type":"image\/jpeg"}],"author":"Reda\u00e7\u00e3o","twitter_card":"summary_large_image","twitter_misc":{"Escrito por":"Reda\u00e7\u00e3o","Est. tempo de leitura":"1 minuto"},"schema":{"@context":"https:\/\/schema.org","@graph":[{"@type":"Article","@id":"https:\/\/ocoerente.com.br\/se\/2020\/09\/06\/sindiprev-ajuiza-acao-civil-publica-em-defesa-da-vida\/#article","isPartOf":{"@id":"https:\/\/ocoerente.com.br\/se\/2020\/09\/06\/sindiprev-ajuiza-acao-civil-publica-em-defesa-da-vida\/"},"author":{"name":"Reda\u00e7\u00e3o","@id":"https:\/\/ocoerente.com.br\/se\/#\/schema\/person\/cc6bfd9fbca465e23543b0c963d8d037"},"headline":"SINDIPREV AJU\u00cdZA A\u00c7\u00c3O CIVIL P\u00daBLICA EM DEFESA DA VIDA","datePublished":"2020-09-07T00:43:49+00:00","dateModified":"2020-09-07T00:43:50+00:00","mainEntityOfPage":{"@id":"https:\/\/ocoerente.com.br\/se\/2020\/09\/06\/sindiprev-ajuiza-acao-civil-publica-em-defesa-da-vida\/"},"wordCount":202,"publisher":{"@id":"https:\/\/ocoerente.com.br\/se\/#\/schema\/person\/cc6bfd9fbca465e23543b0c963d8d037"},"image":{"@id":"https:\/\/ocoerente.com.br\/se\/2020\/09\/06\/sindiprev-ajuiza-acao-civil-publica-em-defesa-da-vida\/#primaryimage"},"thumbnailUrl":"https:\/\/ocoerente.com.br\/se\/wp-content\/uploads\/2020\/09\/sindprev___.jpg","articleSection":["Destaques","Sa\u00fade"],"inLanguage":"pt-BR"},{"@type":"WebPage","@id":"https:\/\/ocoerente.com.br\/se\/2020\/09\/06\/sindiprev-ajuiza-acao-civil-publica-em-defesa-da-vida\/","url":"https:\/\/ocoerente.com.br\/se\/2020\/09\/06\/sindiprev-ajuiza-acao-civil-publica-em-defesa-da-vida\/","name":"SINDIPREV AJU\u00cdZA A\u00c7\u00c3O CIVIL P\u00daBLICA EM DEFESA DA VIDA - O Coerente","isPartOf":{"@id":"https:\/\/ocoerente.com.br\/se\/#website"},"primaryImageOfPage":{"@id":"https:\/\/ocoerente.com.br\/se\/2020\/09\/06\/sindiprev-ajuiza-acao-civil-publica-em-defesa-da-vida\/#primaryimage"},"image":{"@id":"https:\/\/ocoerente.com.br\/se\/2020\/09\/06\/sindiprev-ajuiza-acao-civil-publica-em-defesa-da-vida\/#primaryimage"},"thumbnailUrl":"https:\/\/ocoerente.com.br\/se\/wp-content\/uploads\/2020\/09\/sindprev___.jpg","datePublished":"2020-09-07T00:43:49+00:00","dateModified":"2020-09-07T00:43:50+00:00","breadcrumb":{"@id":"https:\/\/ocoerente.com.br\/se\/2020\/09\/06\/sindiprev-ajuiza-acao-civil-publica-em-defesa-da-vida\/#breadcrumb"},"inLanguage":"pt-BR","potentialAction":[{"@type":"ReadAction","target":["https:\/\/ocoerente.com.br\/se\/2020\/09\/06\/sindiprev-ajuiza-acao-civil-publica-em-defesa-da-vida\/"]}]},{"@type":"ImageObject","inLanguage":"pt-BR","@id":"https:\/\/ocoerente.com.br\/se\/2020\/09\/06\/sindiprev-ajuiza-acao-civil-publica-em-defesa-da-vida\/#primaryimage","url":"https:\/\/ocoerente.com.br\/se\/wp-content\/uploads\/2020\/09\/sindprev___.jpg","contentUrl":"https:\/\/ocoerente.com.br\/se\/wp-content\/uploads\/2020\/09\/sindprev___.jpg","width":720,"height":540},{"@type":"BreadcrumbList","@id":"https:\/\/ocoerente.com.br\/se\/2020\/09\/06\/sindiprev-ajuiza-acao-civil-publica-em-defesa-da-vida\/#breadcrumb","itemListElement":[{"@type":"ListItem","position":1,"name":"In\u00edcio","item":"https:\/\/ocoerente.com.br\/se\/"},{"@type":"ListItem","position":2,"name":"SINDIPREV AJU\u00cdZA A\u00c7\u00c3O CIVIL P\u00daBLICA EM DEFESA DA VIDA"}]},{"@type":"WebSite","@id":"https:\/\/ocoerente.com.br\/se\/#website","url":"https:\/\/ocoerente.com.br\/se\/","name":"O Coerente","description":"","publisher":{"@id":"https:\/\/ocoerente.com.br\/se\/#\/schema\/person\/cc6bfd9fbca465e23543b0c963d8d037"},"potentialAction":[{"@type":"SearchAction","target":{"@type":"EntryPoint","urlTemplate":"https:\/\/ocoerente.com.br\/se\/?s={search_term_string}"},"query-input":{"@type":"PropertyValueSpecification","valueRequired":true,"valueName":"search_term_string"}}],"inLanguage":"pt-BR"},{"@type":["Person","Organization"],"@id":"https:\/\/ocoerente.com.br\/se\/#\/schema\/person\/cc6bfd9fbca465e23543b0c963d8d037","name":"Reda\u00e7\u00e3o","image":{"@type":"ImageObject","inLanguage":"pt-BR","@id":"https:\/\/ocoerente.com.br\/se\/wp-content\/uploads\/2020\/01\/ocoerente-1.png","url":"https:\/\/ocoerente.com.br\/se\/wp-content\/uploads\/2020\/01\/ocoerente-1.png","contentUrl":"https:\/\/ocoerente.com.br\/se\/wp-content\/uploads\/2020\/01\/ocoerente-1.png","width":50,"height":50,"caption":"Reda\u00e7\u00e3o"},"logo":{"@id":"https:\/\/ocoerente.com.br\/se\/wp-content\/uploads\/2020\/01\/ocoerente-1.png"},"url":"https:\/\/ocoerente.com.br\/se\/author\/vasticlsales\/"}]}},"_links":{"self":[{"href":"https:\/\/ocoerente.com.br\/se\/wp-json\/wp\/v2\/posts\/1543","targetHints":{"allow":["GET"]}}],"collection":[{"href":"https:\/\/ocoerente.com.br\/se\/wp-json\/wp\/v2\/posts"}],"about":[{"href":"https:\/\/ocoerente.com.br\/se\/wp-json\/wp\/v2\/types\/post"}],"author":[{"embeddable":true,"href":"https:\/\/ocoerente.com.br\/se\/wp-json\/wp\/v2\/users\/1"}],"replies":[{"embeddable":true,"href":"https:\/\/ocoerente.com.br\/se\/wp-json\/wp\/v2\/comments?post=1543"}],"version-history":[{"count":1,"href":"https:\/\/ocoerente.com.br\/se\/wp-json\/wp\/v2\/posts\/1543\/revisions"}],"predecessor-version":[{"id":1545,"href":"https:\/\/ocoerente.com.br\/se\/wp-json\/wp\/v2\/posts\/1543\/revisions\/1545"}],"wp:featuredmedia":[{"embeddable":true,"href":"https:\/\/ocoerente.com.br\/se\/wp-json\/wp\/v2\/media\/1544"}],"wp:attachment":[{"href":"https:\/\/ocoerente.com.br\/se\/wp-json\/wp\/v2\/media?parent=1543"}],"wp:term":[{"taxonomy":"category","embeddable":true,"href":"https:\/\/ocoerente.com.br\/se\/wp-json\/wp\/v2\/categories?post=1543"},{"taxonomy":"post_tag","embeddable":true,"href":"https:\/\/ocoerente.com.br\/se\/wp-json\/wp\/v2\/tags?post=1543"}],"curies":[{"name":"wp","href":"https:\/\/api.w.org\/{rel}","templated":true}]}}