{"id":1538,"date":"2020-09-04T15:52:09","date_gmt":"2020-09-04T18:52:09","guid":{"rendered":"https:\/\/ocoerente.com.br\/se\/?p=1538"},"modified":"2020-09-04T15:52:11","modified_gmt":"2020-09-04T18:52:11","slug":"ricardo-de-lima-do-conal-e-o-mais-novo-cidadao-aracajuano","status":"publish","type":"post","link":"https:\/\/ocoerente.com.br\/se\/2020\/09\/04\/ricardo-de-lima-do-conal-e-o-mais-novo-cidadao-aracajuano\/","title":{"rendered":"Ricardo de Lima do Conal \u00e9 o mais novo cidad\u00e3o aracajuano"},"content":{"rendered":"\n<p>Na tarde da ter\u00e7a-feira, 6, a C\u00e2mara Municipal de Aracaju (CMA) concedeu o t\u00edtulo de Cidadania Aracajuana ao paraibano Ant\u00f4nio Ricardo de Lima, presidente do Conselho Nacional do Laicato do Brasil \u2013 Conal \u2013 na Arquidiocese de Aracaju. O t\u00edtulo foi de iniciativa do vereador Iran Barbosa (PT). Al\u00e9m de familiares e amigos do homenageado, diversas autoridades religiosas, pol\u00edticas e da sociedade civil prestigiaram a solenidade, entre as quais, Dom Jo\u00e3o Jos\u00e9 Costa, arcebispo metropolitano de Aracaju; Carlos Augusto Alc\u00e2ntara Machado, corregedor-geral do Minist\u00e9rio P\u00fablico de Sergipe; S\u00e9rgio Barreto Morais, da Defensoria P\u00fablica de Sergipe; e Henri Clay Andrade, presidente da OAB\/SE.<\/p>\n\n\n\n<p>\u201cSem d\u00favida, a qualidade das representa\u00e7\u00f5es presentes no plen\u00e1rio desta CMA demonstra o carinho que todos t\u00eam pelo nosso Ricardo do Conal e tamb\u00e9m a grandeza deste mais novo cidad\u00e3o aracajuano\u201d, disse Iran Barbosa.<\/p>\n\n\n\n<p>Ao justificar as raz\u00f5es que o levaram a apresentar o Projeto de Decreto Legislativo concedendo o t\u00edtulo de Cidadania Aracajuana a Ricardo Lima, o vereador Iran Barbosa fez quest\u00e3o de abrir um par\u00eantese para resgatar um dos momentos de sua vida em que a presen\u00e7a do leigo e do Conal foram determinantes.&nbsp;\u201cQuando eu estava \u00e0 frente da dire\u00e7\u00e3o do Sintese, num momento de muita dificuldade que o magist\u00e9rio sergipano enfrentava, lutando pela aprova\u00e7\u00e3o do nosso Plano de Carreira e Remunera\u00e7\u00e3o, e essa luta findou num movimento paredista que se alongou bastante, exigindo muito enfrentamento e onde tivemos cortes de sal\u00e1rios, voc\u00ea, Ricardo, representando o Conal, naquele momento duro, teve um papel destacado, intermediando o contato com a Igreja e ajudando nas negocia\u00e7\u00f5es com o Governo do Estado. Na sua pessoa, ali me senti acolhido e ali nos aproximamos mais\u201d, contou Iran.<\/p>\n\n\n\n<p>Portanto, fico muito feliz de ter sido o autor da propositura que lhe concede o t\u00edtulo de cidad\u00e3o aracajuano. Ali\u00e1s, voc\u00ea \u00e9 o homenageado, mas esta homenagem \u00e9 estendida a todos os aracajuanos, que passam a contar com voc\u00ea como um conterr\u00e2neo. Por toda a sua contribui\u00e7\u00e3o \u00e0 nossa cidade, para todos n\u00f3s, \u00e9 uma imensa satisfa\u00e7\u00e3o t\u00ea-lo como irm\u00e3o\u201d, enfatizou.<\/p>\n\n\n\n<p><strong>Exemplo de vida e de luta<\/strong><\/p>\n\n\n\n<p>O mais novo cidad\u00e3o aracajuano, visivelmente emocionado, agradeceu pela concess\u00e3o do t\u00edtulo de Cidadania Aracajuana e n\u00e3o escondeu a felicidade por ter recebido a honraria. Em seu discurso, fez um relato emocionante da inf\u00e2ncia dif\u00edcil nos canaviais da zona rural de Campina Grande (PB), em meio \u00e0 pobreza e \u00e0 completa falta de perspectivas para a fam\u00edlia. Terceiro de uma fam\u00edlia de 17 irm\u00e3os, Ricardo Lima fez quest\u00e3o de detalhar o passado de extrema necessidade, vivendo numa casa de palha at\u00e9 os pais e demais irm\u00e3os n\u00e3o terem mais condi\u00e7\u00f5es de sobreviv\u00eancia e seguirem para a cidade, deixando o menino, com apenas 5 anos, com a av\u00f3.&nbsp;\u201cNesse per\u00edodo, al\u00e9m da fome, peguei todas as doen\u00e7as que voc\u00eas puderem imaginar. Sou um sobrevivente\u201d, afirmou, deixando todos os presentes emocionados.<\/p>\n\n\n\n<p>Aos 9 anos, a fam\u00edlia mudou-se para a capital, Jo\u00e3o Pessoa, e, aos 13, Ricardo come\u00e7ou a trabalhar como dom\u00e9stico em uma resid\u00eancia, aonde ficou at\u00e9 os 17 e onde foi, pela primeira vez, alfabetizado por uma das filhas do casal que o acolheu. Depois, trabalhou em um armaz\u00e9m, fazendo &#8216;carregos&#8217; e, finalmente, aos 18 anos, passou a trabalhar como servente em um banco.&nbsp;\u201cFoi ent\u00e3o que disse para mim mesmo: daqui s\u00f3 saio como gerente. Comecei a estudar muito e tive 18 promo\u00e7\u00f5es, chegando \u00e0 ger\u00eancia\u201d, lembrou.<\/p>\n\n\n\n<p>E foi como gerente-geral do Banco Am\u00e9rica do Sul que Ricardo Lima chegou a Aracaju, em 24 de Julho de 1983, onde atuou por 24 anos, depois passando pelos bancos Rural e Mercantil do Brasil, onde permaneceu at\u00e9 2013, sempre com a mesma fun\u00e7\u00e3o de ger\u00eancia.<\/p>\n\n\n\n<p>E nesses quase 34 anos em Aracaju, mesmo com a vida profissional muito ativa, Ricardo Lima encontrou tempo para se aproximar e participar de v\u00e1rios movimentos da Igreja Cat\u00f3lica, assumindo a presid\u00eancia do Conal por tr\u00eas mandatos sucessivos, al\u00e9m da dire\u00e7\u00e3o da Associa\u00e7\u00e3o de Dirigentes Crist\u00e3os de Empresas de Sergipe, onde permanece at\u00e9 hoje.<\/p>\n\n\n\n<p>\u00c0 frente do Conal, Lima participou de muitas a\u00e7\u00f5es populares: contra a Alca, em defesa do Rio S\u00e3o Francisco, na coleta de assinaturas para aprova\u00e7\u00e3o das leis de iniciativa popular de Combate \u00e0 Corrup\u00e7\u00e3o Eleitoral e Contra a Compra de Votos (Ficha Limpa), pela Reforma Pol\u00edtica, al\u00e9m da participa\u00e7\u00e3o em todas as edi\u00e7\u00f5es do Grito dos Exclu\u00eddos, entre muitas outras atividades.&nbsp;\u201cE isto \u00e9 um pouco da minha vida. Estou muito feliz, por mim e por todos voc\u00eas. S\u00f3 tenho que agradecer por este t\u00edtulo\u201d, concluiu.<\/p>\n\n\n\n<p>Para o arcebispo metropolitano de Aracaju, Dom Jo\u00e3o Jos\u00e9 Costa, o t\u00edtulo \u00e9 mais que justo, em fun\u00e7\u00e3o das tantas contribui\u00e7\u00f5es e servi\u00e7os prestados por Ricardo Lima \u00e0 cidade e ao povo de Aracaju.\u00a0\u201cMesmo sendo paraibano, Ricardo sempre se identificou muito com o povo sergipano e aracajuano. \u00c9 um crist\u00e3o muito aut\u00eantico, comprometido com um mundo novo e que v\u00ea Cristo em cada irm\u00e3o, principalmente naquele irm\u00e3o abandonado e sofrido, al\u00e9m de ser algu\u00e9m que tem um di\u00e1logo muito grande com os movimentos sociais, com as autoridades pol\u00edticas e tamb\u00e9m com as outras religi\u00f5es. S\u00f3 temos que agradecer ao vereador Iran Barbosa pela iniciativa desse t\u00edtulo a Ricardo Lima\u201d, disse Dom Jo\u00e3o.<\/p>\n\n\n\n<p>aracaju.se.leg.br<a href=\"\"><\/a><\/p>\n","protected":false},"excerpt":{"rendered":"<p>Na tarde da ter\u00e7a-feira, 6, a C\u00e2mara Municipal de Aracaju (CMA) concedeu o t\u00edtulo de Cidadania Aracajuana ao paraibano Ant\u00f4nio Ricardo de Lima, presidente do Conselho Nacional do Laicato do Brasil \u2013 Conal \u2013 na Arquidiocese de Aracaju. O t\u00edtulo foi de iniciativa do vereador Iran Barbosa (PT). Al\u00e9m de familiares e amigos do homenageado, [&hellip;]<\/p>\n","protected":false},"author":1,"featured_media":1540,"comment_status":"closed","ping_status":"closed","sticky":false,"template":"","format":"standard","meta":{"footnotes":""},"categories":[53,43],"tags":[],"class_list":["post-1538","post","type-post","status-publish","format-standard","has-post-thumbnail","hentry","category-destaques","category-sergipe"],"yoast_head":"<!-- This site is optimized with the Yoast SEO plugin v27.4 - https:\/\/yoast.com\/product\/yoast-seo-wordpress\/ -->\n<title>Ricardo de Lima do Conal \u00e9 o mais novo cidad\u00e3o aracajuano - O Coerente<\/title>\n<meta name=\"robots\" content=\"index, follow, max-snippet:-1, max-image-preview:large, max-video-preview:-1\" \/>\n<link rel=\"canonical\" href=\"https:\/\/ocoerente.com.br\/se\/2020\/09\/04\/ricardo-de-lima-do-conal-e-o-mais-novo-cidadao-aracajuano\/\" \/>\n<meta property=\"og:locale\" content=\"pt_BR\" \/>\n<meta property=\"og:type\" content=\"article\" \/>\n<meta property=\"og:title\" content=\"Ricardo de Lima do Conal \u00e9 o mais novo cidad\u00e3o aracajuano - O Coerente\" \/>\n<meta property=\"og:description\" content=\"Na tarde da ter\u00e7a-feira, 6, a C\u00e2mara Municipal de Aracaju (CMA) concedeu o t\u00edtulo de Cidadania Aracajuana ao paraibano Ant\u00f4nio Ricardo de Lima, presidente do Conselho Nacional do Laicato do Brasil \u2013 Conal \u2013 na Arquidiocese de Aracaju. O t\u00edtulo foi de iniciativa do vereador Iran Barbosa (PT). Al\u00e9m de familiares e amigos do homenageado, [&hellip;]\" \/>\n<meta property=\"og:url\" content=\"https:\/\/ocoerente.com.br\/se\/2020\/09\/04\/ricardo-de-lima-do-conal-e-o-mais-novo-cidadao-aracajuano\/\" \/>\n<meta property=\"og:site_name\" content=\"O Coerente\" \/>\n<meta property=\"article:published_time\" content=\"2020-09-04T18:52:09+00:00\" \/>\n<meta property=\"article:modified_time\" content=\"2020-09-04T18:52:11+00:00\" \/>\n<meta property=\"og:image\" content=\"https:\/\/ocoerente.com.br\/se\/wp-content\/uploads\/2020\/09\/Ricardoooo.jpg\" \/>\n\t<meta property=\"og:image:width\" content=\"960\" \/>\n\t<meta property=\"og:image:height\" content=\"640\" \/>\n\t<meta property=\"og:image:type\" content=\"image\/jpeg\" \/>\n<meta name=\"author\" content=\"Reda\u00e7\u00e3o\" \/>\n<meta name=\"twitter:card\" content=\"summary_large_image\" \/>\n<meta name=\"twitter:label1\" content=\"Escrito por\" \/>\n\t<meta name=\"twitter:data1\" content=\"Reda\u00e7\u00e3o\" \/>\n\t<meta name=\"twitter:label2\" content=\"Est. tempo de leitura\" \/>\n\t<meta name=\"twitter:data2\" content=\"5 minutos\" \/>\n<script type=\"application\/ld+json\" class=\"yoast-schema-graph\">{\"@context\":\"https:\\\/\\\/schema.org\",\"@graph\":[{\"@type\":\"Article\",\"@id\":\"https:\\\/\\\/ocoerente.com.br\\\/se\\\/2020\\\/09\\\/04\\\/ricardo-de-lima-do-conal-e-o-mais-novo-cidadao-aracajuano\\\/#article\",\"isPartOf\":{\"@id\":\"https:\\\/\\\/ocoerente.com.br\\\/se\\\/2020\\\/09\\\/04\\\/ricardo-de-lima-do-conal-e-o-mais-novo-cidadao-aracajuano\\\/\"},\"author\":{\"name\":\"Reda\u00e7\u00e3o\",\"@id\":\"https:\\\/\\\/ocoerente.com.br\\\/se\\\/#\\\/schema\\\/person\\\/cc6bfd9fbca465e23543b0c963d8d037\"},\"headline\":\"Ricardo de Lima do Conal \u00e9 o mais novo cidad\u00e3o aracajuano\",\"datePublished\":\"2020-09-04T18:52:09+00:00\",\"dateModified\":\"2020-09-04T18:52:11+00:00\",\"mainEntityOfPage\":{\"@id\":\"https:\\\/\\\/ocoerente.com.br\\\/se\\\/2020\\\/09\\\/04\\\/ricardo-de-lima-do-conal-e-o-mais-novo-cidadao-aracajuano\\\/\"},\"wordCount\":957,\"publisher\":{\"@id\":\"https:\\\/\\\/ocoerente.com.br\\\/se\\\/#\\\/schema\\\/person\\\/cc6bfd9fbca465e23543b0c963d8d037\"},\"image\":{\"@id\":\"https:\\\/\\\/ocoerente.com.br\\\/se\\\/2020\\\/09\\\/04\\\/ricardo-de-lima-do-conal-e-o-mais-novo-cidadao-aracajuano\\\/#primaryimage\"},\"thumbnailUrl\":\"https:\\\/\\\/ocoerente.com.br\\\/se\\\/wp-content\\\/uploads\\\/2020\\\/09\\\/Ricardoooo.jpg\",\"articleSection\":[\"Destaques\",\"Sergipe\"],\"inLanguage\":\"pt-BR\"},{\"@type\":\"WebPage\",\"@id\":\"https:\\\/\\\/ocoerente.com.br\\\/se\\\/2020\\\/09\\\/04\\\/ricardo-de-lima-do-conal-e-o-mais-novo-cidadao-aracajuano\\\/\",\"url\":\"https:\\\/\\\/ocoerente.com.br\\\/se\\\/2020\\\/09\\\/04\\\/ricardo-de-lima-do-conal-e-o-mais-novo-cidadao-aracajuano\\\/\",\"name\":\"Ricardo de Lima do Conal \u00e9 o mais novo cidad\u00e3o aracajuano - O Coerente\",\"isPartOf\":{\"@id\":\"https:\\\/\\\/ocoerente.com.br\\\/se\\\/#website\"},\"primaryImageOfPage\":{\"@id\":\"https:\\\/\\\/ocoerente.com.br\\\/se\\\/2020\\\/09\\\/04\\\/ricardo-de-lima-do-conal-e-o-mais-novo-cidadao-aracajuano\\\/#primaryimage\"},\"image\":{\"@id\":\"https:\\\/\\\/ocoerente.com.br\\\/se\\\/2020\\\/09\\\/04\\\/ricardo-de-lima-do-conal-e-o-mais-novo-cidadao-aracajuano\\\/#primaryimage\"},\"thumbnailUrl\":\"https:\\\/\\\/ocoerente.com.br\\\/se\\\/wp-content\\\/uploads\\\/2020\\\/09\\\/Ricardoooo.jpg\",\"datePublished\":\"2020-09-04T18:52:09+00:00\",\"dateModified\":\"2020-09-04T18:52:11+00:00\",\"breadcrumb\":{\"@id\":\"https:\\\/\\\/ocoerente.com.br\\\/se\\\/2020\\\/09\\\/04\\\/ricardo-de-lima-do-conal-e-o-mais-novo-cidadao-aracajuano\\\/#breadcrumb\"},\"inLanguage\":\"pt-BR\",\"potentialAction\":[{\"@type\":\"ReadAction\",\"target\":[\"https:\\\/\\\/ocoerente.com.br\\\/se\\\/2020\\\/09\\\/04\\\/ricardo-de-lima-do-conal-e-o-mais-novo-cidadao-aracajuano\\\/\"]}]},{\"@type\":\"ImageObject\",\"inLanguage\":\"pt-BR\",\"@id\":\"https:\\\/\\\/ocoerente.com.br\\\/se\\\/2020\\\/09\\\/04\\\/ricardo-de-lima-do-conal-e-o-mais-novo-cidadao-aracajuano\\\/#primaryimage\",\"url\":\"https:\\\/\\\/ocoerente.com.br\\\/se\\\/wp-content\\\/uploads\\\/2020\\\/09\\\/Ricardoooo.jpg\",\"contentUrl\":\"https:\\\/\\\/ocoerente.com.br\\\/se\\\/wp-content\\\/uploads\\\/2020\\\/09\\\/Ricardoooo.jpg\",\"width\":960,\"height\":640},{\"@type\":\"BreadcrumbList\",\"@id\":\"https:\\\/\\\/ocoerente.com.br\\\/se\\\/2020\\\/09\\\/04\\\/ricardo-de-lima-do-conal-e-o-mais-novo-cidadao-aracajuano\\\/#breadcrumb\",\"itemListElement\":[{\"@type\":\"ListItem\",\"position\":1,\"name\":\"In\u00edcio\",\"item\":\"https:\\\/\\\/ocoerente.com.br\\\/se\\\/\"},{\"@type\":\"ListItem\",\"position\":2,\"name\":\"Ricardo de Lima do Conal \u00e9 o mais novo cidad\u00e3o aracajuano\"}]},{\"@type\":\"WebSite\",\"@id\":\"https:\\\/\\\/ocoerente.com.br\\\/se\\\/#website\",\"url\":\"https:\\\/\\\/ocoerente.com.br\\\/se\\\/\",\"name\":\"O Coerente\",\"description\":\"\",\"publisher\":{\"@id\":\"https:\\\/\\\/ocoerente.com.br\\\/se\\\/#\\\/schema\\\/person\\\/cc6bfd9fbca465e23543b0c963d8d037\"},\"potentialAction\":[{\"@type\":\"SearchAction\",\"target\":{\"@type\":\"EntryPoint\",\"urlTemplate\":\"https:\\\/\\\/ocoerente.com.br\\\/se\\\/?s={search_term_string}\"},\"query-input\":{\"@type\":\"PropertyValueSpecification\",\"valueRequired\":true,\"valueName\":\"search_term_string\"}}],\"inLanguage\":\"pt-BR\"},{\"@type\":[\"Person\",\"Organization\"],\"@id\":\"https:\\\/\\\/ocoerente.com.br\\\/se\\\/#\\\/schema\\\/person\\\/cc6bfd9fbca465e23543b0c963d8d037\",\"name\":\"Reda\u00e7\u00e3o\",\"image\":{\"@type\":\"ImageObject\",\"inLanguage\":\"pt-BR\",\"@id\":\"https:\\\/\\\/ocoerente.com.br\\\/se\\\/wp-content\\\/uploads\\\/2020\\\/01\\\/ocoerente-1.png\",\"url\":\"https:\\\/\\\/ocoerente.com.br\\\/se\\\/wp-content\\\/uploads\\\/2020\\\/01\\\/ocoerente-1.png\",\"contentUrl\":\"https:\\\/\\\/ocoerente.com.br\\\/se\\\/wp-content\\\/uploads\\\/2020\\\/01\\\/ocoerente-1.png\",\"width\":50,\"height\":50,\"caption\":\"Reda\u00e7\u00e3o\"},\"logo\":{\"@id\":\"https:\\\/\\\/ocoerente.com.br\\\/se\\\/wp-content\\\/uploads\\\/2020\\\/01\\\/ocoerente-1.png\"},\"url\":\"https:\\\/\\\/ocoerente.com.br\\\/se\\\/author\\\/vasticlsales\\\/\"}]}<\/script>\n<!-- \/ Yoast SEO plugin. -->","yoast_head_json":{"title":"Ricardo de Lima do Conal \u00e9 o mais novo cidad\u00e3o aracajuano - O Coerente","robots":{"index":"index","follow":"follow","max-snippet":"max-snippet:-1","max-image-preview":"max-image-preview:large","max-video-preview":"max-video-preview:-1"},"canonical":"https:\/\/ocoerente.com.br\/se\/2020\/09\/04\/ricardo-de-lima-do-conal-e-o-mais-novo-cidadao-aracajuano\/","og_locale":"pt_BR","og_type":"article","og_title":"Ricardo de Lima do Conal \u00e9 o mais novo cidad\u00e3o aracajuano - O Coerente","og_description":"Na tarde da ter\u00e7a-feira, 6, a C\u00e2mara Municipal de Aracaju (CMA) concedeu o t\u00edtulo de Cidadania Aracajuana ao paraibano Ant\u00f4nio Ricardo de Lima, presidente do Conselho Nacional do Laicato do Brasil \u2013 Conal \u2013 na Arquidiocese de Aracaju. O t\u00edtulo foi de iniciativa do vereador Iran Barbosa (PT). Al\u00e9m de familiares e amigos do homenageado, [&hellip;]","og_url":"https:\/\/ocoerente.com.br\/se\/2020\/09\/04\/ricardo-de-lima-do-conal-e-o-mais-novo-cidadao-aracajuano\/","og_site_name":"O Coerente","article_published_time":"2020-09-04T18:52:09+00:00","article_modified_time":"2020-09-04T18:52:11+00:00","og_image":[{"width":960,"height":640,"url":"https:\/\/ocoerente.com.br\/se\/wp-content\/uploads\/2020\/09\/Ricardoooo.jpg","type":"image\/jpeg"}],"author":"Reda\u00e7\u00e3o","twitter_card":"summary_large_image","twitter_misc":{"Escrito por":"Reda\u00e7\u00e3o","Est. tempo de leitura":"5 minutos"},"schema":{"@context":"https:\/\/schema.org","@graph":[{"@type":"Article","@id":"https:\/\/ocoerente.com.br\/se\/2020\/09\/04\/ricardo-de-lima-do-conal-e-o-mais-novo-cidadao-aracajuano\/#article","isPartOf":{"@id":"https:\/\/ocoerente.com.br\/se\/2020\/09\/04\/ricardo-de-lima-do-conal-e-o-mais-novo-cidadao-aracajuano\/"},"author":{"name":"Reda\u00e7\u00e3o","@id":"https:\/\/ocoerente.com.br\/se\/#\/schema\/person\/cc6bfd9fbca465e23543b0c963d8d037"},"headline":"Ricardo de Lima do Conal \u00e9 o mais novo cidad\u00e3o aracajuano","datePublished":"2020-09-04T18:52:09+00:00","dateModified":"2020-09-04T18:52:11+00:00","mainEntityOfPage":{"@id":"https:\/\/ocoerente.com.br\/se\/2020\/09\/04\/ricardo-de-lima-do-conal-e-o-mais-novo-cidadao-aracajuano\/"},"wordCount":957,"publisher":{"@id":"https:\/\/ocoerente.com.br\/se\/#\/schema\/person\/cc6bfd9fbca465e23543b0c963d8d037"},"image":{"@id":"https:\/\/ocoerente.com.br\/se\/2020\/09\/04\/ricardo-de-lima-do-conal-e-o-mais-novo-cidadao-aracajuano\/#primaryimage"},"thumbnailUrl":"https:\/\/ocoerente.com.br\/se\/wp-content\/uploads\/2020\/09\/Ricardoooo.jpg","articleSection":["Destaques","Sergipe"],"inLanguage":"pt-BR"},{"@type":"WebPage","@id":"https:\/\/ocoerente.com.br\/se\/2020\/09\/04\/ricardo-de-lima-do-conal-e-o-mais-novo-cidadao-aracajuano\/","url":"https:\/\/ocoerente.com.br\/se\/2020\/09\/04\/ricardo-de-lima-do-conal-e-o-mais-novo-cidadao-aracajuano\/","name":"Ricardo de Lima do Conal \u00e9 o mais novo cidad\u00e3o aracajuano - O Coerente","isPartOf":{"@id":"https:\/\/ocoerente.com.br\/se\/#website"},"primaryImageOfPage":{"@id":"https:\/\/ocoerente.com.br\/se\/2020\/09\/04\/ricardo-de-lima-do-conal-e-o-mais-novo-cidadao-aracajuano\/#primaryimage"},"image":{"@id":"https:\/\/ocoerente.com.br\/se\/2020\/09\/04\/ricardo-de-lima-do-conal-e-o-mais-novo-cidadao-aracajuano\/#primaryimage"},"thumbnailUrl":"https:\/\/ocoerente.com.br\/se\/wp-content\/uploads\/2020\/09\/Ricardoooo.jpg","datePublished":"2020-09-04T18:52:09+00:00","dateModified":"2020-09-04T18:52:11+00:00","breadcrumb":{"@id":"https:\/\/ocoerente.com.br\/se\/2020\/09\/04\/ricardo-de-lima-do-conal-e-o-mais-novo-cidadao-aracajuano\/#breadcrumb"},"inLanguage":"pt-BR","potentialAction":[{"@type":"ReadAction","target":["https:\/\/ocoerente.com.br\/se\/2020\/09\/04\/ricardo-de-lima-do-conal-e-o-mais-novo-cidadao-aracajuano\/"]}]},{"@type":"ImageObject","inLanguage":"pt-BR","@id":"https:\/\/ocoerente.com.br\/se\/2020\/09\/04\/ricardo-de-lima-do-conal-e-o-mais-novo-cidadao-aracajuano\/#primaryimage","url":"https:\/\/ocoerente.com.br\/se\/wp-content\/uploads\/2020\/09\/Ricardoooo.jpg","contentUrl":"https:\/\/ocoerente.com.br\/se\/wp-content\/uploads\/2020\/09\/Ricardoooo.jpg","width":960,"height":640},{"@type":"BreadcrumbList","@id":"https:\/\/ocoerente.com.br\/se\/2020\/09\/04\/ricardo-de-lima-do-conal-e-o-mais-novo-cidadao-aracajuano\/#breadcrumb","itemListElement":[{"@type":"ListItem","position":1,"name":"In\u00edcio","item":"https:\/\/ocoerente.com.br\/se\/"},{"@type":"ListItem","position":2,"name":"Ricardo de Lima do Conal \u00e9 o mais novo cidad\u00e3o aracajuano"}]},{"@type":"WebSite","@id":"https:\/\/ocoerente.com.br\/se\/#website","url":"https:\/\/ocoerente.com.br\/se\/","name":"O Coerente","description":"","publisher":{"@id":"https:\/\/ocoerente.com.br\/se\/#\/schema\/person\/cc6bfd9fbca465e23543b0c963d8d037"},"potentialAction":[{"@type":"SearchAction","target":{"@type":"EntryPoint","urlTemplate":"https:\/\/ocoerente.com.br\/se\/?s={search_term_string}"},"query-input":{"@type":"PropertyValueSpecification","valueRequired":true,"valueName":"search_term_string"}}],"inLanguage":"pt-BR"},{"@type":["Person","Organization"],"@id":"https:\/\/ocoerente.com.br\/se\/#\/schema\/person\/cc6bfd9fbca465e23543b0c963d8d037","name":"Reda\u00e7\u00e3o","image":{"@type":"ImageObject","inLanguage":"pt-BR","@id":"https:\/\/ocoerente.com.br\/se\/wp-content\/uploads\/2020\/01\/ocoerente-1.png","url":"https:\/\/ocoerente.com.br\/se\/wp-content\/uploads\/2020\/01\/ocoerente-1.png","contentUrl":"https:\/\/ocoerente.com.br\/se\/wp-content\/uploads\/2020\/01\/ocoerente-1.png","width":50,"height":50,"caption":"Reda\u00e7\u00e3o"},"logo":{"@id":"https:\/\/ocoerente.com.br\/se\/wp-content\/uploads\/2020\/01\/ocoerente-1.png"},"url":"https:\/\/ocoerente.com.br\/se\/author\/vasticlsales\/"}]}},"_links":{"self":[{"href":"https:\/\/ocoerente.com.br\/se\/wp-json\/wp\/v2\/posts\/1538","targetHints":{"allow":["GET"]}}],"collection":[{"href":"https:\/\/ocoerente.com.br\/se\/wp-json\/wp\/v2\/posts"}],"about":[{"href":"https:\/\/ocoerente.com.br\/se\/wp-json\/wp\/v2\/types\/post"}],"author":[{"embeddable":true,"href":"https:\/\/ocoerente.com.br\/se\/wp-json\/wp\/v2\/users\/1"}],"replies":[{"embeddable":true,"href":"https:\/\/ocoerente.com.br\/se\/wp-json\/wp\/v2\/comments?post=1538"}],"version-history":[{"count":1,"href":"https:\/\/ocoerente.com.br\/se\/wp-json\/wp\/v2\/posts\/1538\/revisions"}],"predecessor-version":[{"id":1541,"href":"https:\/\/ocoerente.com.br\/se\/wp-json\/wp\/v2\/posts\/1538\/revisions\/1541"}],"wp:featuredmedia":[{"embeddable":true,"href":"https:\/\/ocoerente.com.br\/se\/wp-json\/wp\/v2\/media\/1540"}],"wp:attachment":[{"href":"https:\/\/ocoerente.com.br\/se\/wp-json\/wp\/v2\/media?parent=1538"}],"wp:term":[{"taxonomy":"category","embeddable":true,"href":"https:\/\/ocoerente.com.br\/se\/wp-json\/wp\/v2\/categories?post=1538"},{"taxonomy":"post_tag","embeddable":true,"href":"https:\/\/ocoerente.com.br\/se\/wp-json\/wp\/v2\/tags?post=1538"}],"curies":[{"name":"wp","href":"https:\/\/api.w.org\/{rel}","templated":true}]}}