{"id":1535,"date":"2020-09-04T00:41:02","date_gmt":"2020-09-04T03:41:02","guid":{"rendered":"https:\/\/ocoerente.com.br\/se\/?p=1535"},"modified":"2020-09-04T00:41:04","modified_gmt":"2020-09-04T03:41:04","slug":"stf-devolve-combate-ao-desmatamento-da-amazonia-ao-ibama","status":"publish","type":"post","link":"https:\/\/ocoerente.com.br\/se\/2020\/09\/04\/stf-devolve-combate-ao-desmatamento-da-amazonia-ao-ibama\/","title":{"rendered":"STF devolve combate ao desmatamento da Amaz\u00f4nia ao Ibama"},"content":{"rendered":"\n<p>A ministra C\u00e1rmen L\u00facia, do Supremo Tribunal Federal (STF), acatou a Argui\u00e7\u00e3o de Descumprimento de Preceito Fundamental impetrada pelo Partido Verde (PV) contra o decreto presidencial 10.341\/2020 e a portaria 1.804\/ 2020, do Minist\u00e9rio da Defesa, que transferiram para as For\u00e7as Armadas o combate ao desmatamento e \u00e0s queimadas na Amaz\u00f4nia Legal. Com a decis\u00e3o, a Presid\u00eancia da Rep\u00fablica ter\u00e1 que devolver as fun\u00e7\u00f5es aos \u00f3rg\u00e3os competentes, o Ibama e o Minist\u00e9rio do Meio Ambiente.<\/p>\n\n\n\n<p>Para o presidente do PV, Jos\u00e9 Luiz Penna, foi um absurdo \u201ctransferir os cuidados da floresta para os militares, que podem ter boa vontade, mas n\u00e3o det\u00eam o conhecimento e a experi\u00eancia que o Ibama, o Inpe e os t\u00e9cnicos do Minist\u00e9rio do Meio Ambiente acumulam h\u00e1 anos. O resultado de mais esta trapalhada do Bolsonaro \u00e9 o grande n\u00famero de queimadas que estamos tendo este ano e o aumento da \u00e1rea devastada. O que est\u00e1 acontecendo no Pantanal \u00e9 crime\u201d, afirmou Penna.<\/p>\n\n\n\n<p>A a\u00e7\u00e3o afirma que sem hist\u00f3rico de atua\u00e7\u00e3o no combate ao desmatamento ilegal e dos focos de inc\u00eandio, por se tratar de fun\u00e7\u00f5es estranhas ao rol de compet\u00eancias, a a\u00e7\u00f5es as For\u00e7as Armadas apresentam pouca efetividade; ao mesmo tempo em que os n\u00fameros relativos \u00e0 destrui\u00e7\u00e3o da Amaz\u00f4nia Legal continuam a aumentar, sinalizando mais um ano de retrocesso na preserva\u00e7\u00e3o do bioma Amaz\u00f4nia.<\/p>\n\n\n\n<p>Carmem L\u00facia determinou que a Presid\u00eancia da Rep\u00fablica tem um prazo de cinco dias para devolver as compet\u00eancias e para que o Ibama retome os trabalhos. Segundo Vera Mota, a advogada do PV, respons\u00e1vel pela a\u00e7\u00e3o, \u201ca retomada dos trabalhos pelo Ibama deve ser imediata, n\u00e3o podendo o governo deixar de atuar no combate \u00e0s queimadas e ao desmatamento\u201d.<\/p>\n","protected":false},"excerpt":{"rendered":"<p>A ministra C\u00e1rmen L\u00facia, do Supremo Tribunal Federal (STF), acatou a Argui\u00e7\u00e3o de Descumprimento de Preceito Fundamental impetrada pelo Partido Verde (PV) contra o decreto presidencial 10.341\/2020 e a portaria 1.804\/ 2020, do Minist\u00e9rio da Defesa, que transferiram para as For\u00e7as Armadas o combate ao desmatamento e \u00e0s queimadas na Amaz\u00f4nia Legal. Com a decis\u00e3o, [&hellip;]<\/p>\n","protected":false},"author":1,"featured_media":1536,"comment_status":"closed","ping_status":"closed","sticky":false,"template":"","format":"standard","meta":{"footnotes":""},"categories":[48,53],"tags":[],"class_list":["post-1535","post","type-post","status-publish","format-standard","has-post-thumbnail","hentry","category-brasil","category-destaques"],"yoast_head":"<!-- This site is optimized with the Yoast SEO plugin v27.4 - https:\/\/yoast.com\/product\/yoast-seo-wordpress\/ -->\n<title>STF devolve combate ao desmatamento da Amaz\u00f4nia ao Ibama - O Coerente<\/title>\n<meta name=\"robots\" content=\"index, follow, max-snippet:-1, max-image-preview:large, max-video-preview:-1\" \/>\n<link rel=\"canonical\" href=\"https:\/\/ocoerente.com.br\/se\/2020\/09\/04\/stf-devolve-combate-ao-desmatamento-da-amazonia-ao-ibama\/\" \/>\n<meta property=\"og:locale\" content=\"pt_BR\" \/>\n<meta property=\"og:type\" content=\"article\" \/>\n<meta property=\"og:title\" content=\"STF devolve combate ao desmatamento da Amaz\u00f4nia ao Ibama - O Coerente\" \/>\n<meta property=\"og:description\" content=\"A ministra C\u00e1rmen L\u00facia, do Supremo Tribunal Federal (STF), acatou a Argui\u00e7\u00e3o de Descumprimento de Preceito Fundamental impetrada pelo Partido Verde (PV) contra o decreto presidencial 10.341\/2020 e a portaria 1.804\/ 2020, do Minist\u00e9rio da Defesa, que transferiram para as For\u00e7as Armadas o combate ao desmatamento e \u00e0s queimadas na Amaz\u00f4nia Legal. Com a decis\u00e3o, [&hellip;]\" \/>\n<meta property=\"og:url\" content=\"https:\/\/ocoerente.com.br\/se\/2020\/09\/04\/stf-devolve-combate-ao-desmatamento-da-amazonia-ao-ibama\/\" \/>\n<meta property=\"og:site_name\" content=\"O Coerente\" \/>\n<meta property=\"article:published_time\" content=\"2020-09-04T03:41:02+00:00\" \/>\n<meta property=\"article:modified_time\" content=\"2020-09-04T03:41:04+00:00\" \/>\n<meta property=\"og:image\" content=\"https:\/\/ocoerente.com.br\/se\/wp-content\/uploads\/2020\/09\/desmatamento.jpg\" \/>\n\t<meta property=\"og:image:width\" content=\"1024\" \/>\n\t<meta property=\"og:image:height\" content=\"683\" \/>\n\t<meta property=\"og:image:type\" content=\"image\/jpeg\" \/>\n<meta name=\"author\" content=\"Reda\u00e7\u00e3o\" \/>\n<meta name=\"twitter:card\" content=\"summary_large_image\" \/>\n<meta name=\"twitter:label1\" content=\"Escrito por\" \/>\n\t<meta name=\"twitter:data1\" content=\"Reda\u00e7\u00e3o\" \/>\n\t<meta name=\"twitter:label2\" content=\"Est. tempo de leitura\" \/>\n\t<meta name=\"twitter:data2\" content=\"2 minutos\" \/>\n<script type=\"application\/ld+json\" class=\"yoast-schema-graph\">{\"@context\":\"https:\\\/\\\/schema.org\",\"@graph\":[{\"@type\":\"Article\",\"@id\":\"https:\\\/\\\/ocoerente.com.br\\\/se\\\/2020\\\/09\\\/04\\\/stf-devolve-combate-ao-desmatamento-da-amazonia-ao-ibama\\\/#article\",\"isPartOf\":{\"@id\":\"https:\\\/\\\/ocoerente.com.br\\\/se\\\/2020\\\/09\\\/04\\\/stf-devolve-combate-ao-desmatamento-da-amazonia-ao-ibama\\\/\"},\"author\":{\"name\":\"Reda\u00e7\u00e3o\",\"@id\":\"https:\\\/\\\/ocoerente.com.br\\\/se\\\/#\\\/schema\\\/person\\\/cc6bfd9fbca465e23543b0c963d8d037\"},\"headline\":\"STF devolve combate ao desmatamento da Amaz\u00f4nia ao Ibama\",\"datePublished\":\"2020-09-04T03:41:02+00:00\",\"dateModified\":\"2020-09-04T03:41:04+00:00\",\"mainEntityOfPage\":{\"@id\":\"https:\\\/\\\/ocoerente.com.br\\\/se\\\/2020\\\/09\\\/04\\\/stf-devolve-combate-ao-desmatamento-da-amazonia-ao-ibama\\\/\"},\"wordCount\":322,\"publisher\":{\"@id\":\"https:\\\/\\\/ocoerente.com.br\\\/se\\\/#\\\/schema\\\/person\\\/cc6bfd9fbca465e23543b0c963d8d037\"},\"image\":{\"@id\":\"https:\\\/\\\/ocoerente.com.br\\\/se\\\/2020\\\/09\\\/04\\\/stf-devolve-combate-ao-desmatamento-da-amazonia-ao-ibama\\\/#primaryimage\"},\"thumbnailUrl\":\"https:\\\/\\\/ocoerente.com.br\\\/se\\\/wp-content\\\/uploads\\\/2020\\\/09\\\/desmatamento.jpg\",\"articleSection\":[\"Brasil\",\"Destaques\"],\"inLanguage\":\"pt-BR\"},{\"@type\":\"WebPage\",\"@id\":\"https:\\\/\\\/ocoerente.com.br\\\/se\\\/2020\\\/09\\\/04\\\/stf-devolve-combate-ao-desmatamento-da-amazonia-ao-ibama\\\/\",\"url\":\"https:\\\/\\\/ocoerente.com.br\\\/se\\\/2020\\\/09\\\/04\\\/stf-devolve-combate-ao-desmatamento-da-amazonia-ao-ibama\\\/\",\"name\":\"STF devolve combate ao desmatamento da Amaz\u00f4nia ao Ibama - O Coerente\",\"isPartOf\":{\"@id\":\"https:\\\/\\\/ocoerente.com.br\\\/se\\\/#website\"},\"primaryImageOfPage\":{\"@id\":\"https:\\\/\\\/ocoerente.com.br\\\/se\\\/2020\\\/09\\\/04\\\/stf-devolve-combate-ao-desmatamento-da-amazonia-ao-ibama\\\/#primaryimage\"},\"image\":{\"@id\":\"https:\\\/\\\/ocoerente.com.br\\\/se\\\/2020\\\/09\\\/04\\\/stf-devolve-combate-ao-desmatamento-da-amazonia-ao-ibama\\\/#primaryimage\"},\"thumbnailUrl\":\"https:\\\/\\\/ocoerente.com.br\\\/se\\\/wp-content\\\/uploads\\\/2020\\\/09\\\/desmatamento.jpg\",\"datePublished\":\"2020-09-04T03:41:02+00:00\",\"dateModified\":\"2020-09-04T03:41:04+00:00\",\"breadcrumb\":{\"@id\":\"https:\\\/\\\/ocoerente.com.br\\\/se\\\/2020\\\/09\\\/04\\\/stf-devolve-combate-ao-desmatamento-da-amazonia-ao-ibama\\\/#breadcrumb\"},\"inLanguage\":\"pt-BR\",\"potentialAction\":[{\"@type\":\"ReadAction\",\"target\":[\"https:\\\/\\\/ocoerente.com.br\\\/se\\\/2020\\\/09\\\/04\\\/stf-devolve-combate-ao-desmatamento-da-amazonia-ao-ibama\\\/\"]}]},{\"@type\":\"ImageObject\",\"inLanguage\":\"pt-BR\",\"@id\":\"https:\\\/\\\/ocoerente.com.br\\\/se\\\/2020\\\/09\\\/04\\\/stf-devolve-combate-ao-desmatamento-da-amazonia-ao-ibama\\\/#primaryimage\",\"url\":\"https:\\\/\\\/ocoerente.com.br\\\/se\\\/wp-content\\\/uploads\\\/2020\\\/09\\\/desmatamento.jpg\",\"contentUrl\":\"https:\\\/\\\/ocoerente.com.br\\\/se\\\/wp-content\\\/uploads\\\/2020\\\/09\\\/desmatamento.jpg\",\"width\":1024,\"height\":683},{\"@type\":\"BreadcrumbList\",\"@id\":\"https:\\\/\\\/ocoerente.com.br\\\/se\\\/2020\\\/09\\\/04\\\/stf-devolve-combate-ao-desmatamento-da-amazonia-ao-ibama\\\/#breadcrumb\",\"itemListElement\":[{\"@type\":\"ListItem\",\"position\":1,\"name\":\"In\u00edcio\",\"item\":\"https:\\\/\\\/ocoerente.com.br\\\/se\\\/\"},{\"@type\":\"ListItem\",\"position\":2,\"name\":\"STF devolve combate ao desmatamento da Amaz\u00f4nia ao Ibama\"}]},{\"@type\":\"WebSite\",\"@id\":\"https:\\\/\\\/ocoerente.com.br\\\/se\\\/#website\",\"url\":\"https:\\\/\\\/ocoerente.com.br\\\/se\\\/\",\"name\":\"O Coerente\",\"description\":\"\",\"publisher\":{\"@id\":\"https:\\\/\\\/ocoerente.com.br\\\/se\\\/#\\\/schema\\\/person\\\/cc6bfd9fbca465e23543b0c963d8d037\"},\"potentialAction\":[{\"@type\":\"SearchAction\",\"target\":{\"@type\":\"EntryPoint\",\"urlTemplate\":\"https:\\\/\\\/ocoerente.com.br\\\/se\\\/?s={search_term_string}\"},\"query-input\":{\"@type\":\"PropertyValueSpecification\",\"valueRequired\":true,\"valueName\":\"search_term_string\"}}],\"inLanguage\":\"pt-BR\"},{\"@type\":[\"Person\",\"Organization\"],\"@id\":\"https:\\\/\\\/ocoerente.com.br\\\/se\\\/#\\\/schema\\\/person\\\/cc6bfd9fbca465e23543b0c963d8d037\",\"name\":\"Reda\u00e7\u00e3o\",\"image\":{\"@type\":\"ImageObject\",\"inLanguage\":\"pt-BR\",\"@id\":\"https:\\\/\\\/ocoerente.com.br\\\/se\\\/wp-content\\\/uploads\\\/2020\\\/01\\\/ocoerente-1.png\",\"url\":\"https:\\\/\\\/ocoerente.com.br\\\/se\\\/wp-content\\\/uploads\\\/2020\\\/01\\\/ocoerente-1.png\",\"contentUrl\":\"https:\\\/\\\/ocoerente.com.br\\\/se\\\/wp-content\\\/uploads\\\/2020\\\/01\\\/ocoerente-1.png\",\"width\":50,\"height\":50,\"caption\":\"Reda\u00e7\u00e3o\"},\"logo\":{\"@id\":\"https:\\\/\\\/ocoerente.com.br\\\/se\\\/wp-content\\\/uploads\\\/2020\\\/01\\\/ocoerente-1.png\"},\"url\":\"https:\\\/\\\/ocoerente.com.br\\\/se\\\/author\\\/vasticlsales\\\/\"}]}<\/script>\n<!-- \/ Yoast SEO plugin. -->","yoast_head_json":{"title":"STF devolve combate ao desmatamento da Amaz\u00f4nia ao Ibama - O Coerente","robots":{"index":"index","follow":"follow","max-snippet":"max-snippet:-1","max-image-preview":"max-image-preview:large","max-video-preview":"max-video-preview:-1"},"canonical":"https:\/\/ocoerente.com.br\/se\/2020\/09\/04\/stf-devolve-combate-ao-desmatamento-da-amazonia-ao-ibama\/","og_locale":"pt_BR","og_type":"article","og_title":"STF devolve combate ao desmatamento da Amaz\u00f4nia ao Ibama - O Coerente","og_description":"A ministra C\u00e1rmen L\u00facia, do Supremo Tribunal Federal (STF), acatou a Argui\u00e7\u00e3o de Descumprimento de Preceito Fundamental impetrada pelo Partido Verde (PV) contra o decreto presidencial 10.341\/2020 e a portaria 1.804\/ 2020, do Minist\u00e9rio da Defesa, que transferiram para as For\u00e7as Armadas o combate ao desmatamento e \u00e0s queimadas na Amaz\u00f4nia Legal. Com a decis\u00e3o, [&hellip;]","og_url":"https:\/\/ocoerente.com.br\/se\/2020\/09\/04\/stf-devolve-combate-ao-desmatamento-da-amazonia-ao-ibama\/","og_site_name":"O Coerente","article_published_time":"2020-09-04T03:41:02+00:00","article_modified_time":"2020-09-04T03:41:04+00:00","og_image":[{"width":1024,"height":683,"url":"https:\/\/ocoerente.com.br\/se\/wp-content\/uploads\/2020\/09\/desmatamento.jpg","type":"image\/jpeg"}],"author":"Reda\u00e7\u00e3o","twitter_card":"summary_large_image","twitter_misc":{"Escrito por":"Reda\u00e7\u00e3o","Est. tempo de leitura":"2 minutos"},"schema":{"@context":"https:\/\/schema.org","@graph":[{"@type":"Article","@id":"https:\/\/ocoerente.com.br\/se\/2020\/09\/04\/stf-devolve-combate-ao-desmatamento-da-amazonia-ao-ibama\/#article","isPartOf":{"@id":"https:\/\/ocoerente.com.br\/se\/2020\/09\/04\/stf-devolve-combate-ao-desmatamento-da-amazonia-ao-ibama\/"},"author":{"name":"Reda\u00e7\u00e3o","@id":"https:\/\/ocoerente.com.br\/se\/#\/schema\/person\/cc6bfd9fbca465e23543b0c963d8d037"},"headline":"STF devolve combate ao desmatamento da Amaz\u00f4nia ao Ibama","datePublished":"2020-09-04T03:41:02+00:00","dateModified":"2020-09-04T03:41:04+00:00","mainEntityOfPage":{"@id":"https:\/\/ocoerente.com.br\/se\/2020\/09\/04\/stf-devolve-combate-ao-desmatamento-da-amazonia-ao-ibama\/"},"wordCount":322,"publisher":{"@id":"https:\/\/ocoerente.com.br\/se\/#\/schema\/person\/cc6bfd9fbca465e23543b0c963d8d037"},"image":{"@id":"https:\/\/ocoerente.com.br\/se\/2020\/09\/04\/stf-devolve-combate-ao-desmatamento-da-amazonia-ao-ibama\/#primaryimage"},"thumbnailUrl":"https:\/\/ocoerente.com.br\/se\/wp-content\/uploads\/2020\/09\/desmatamento.jpg","articleSection":["Brasil","Destaques"],"inLanguage":"pt-BR"},{"@type":"WebPage","@id":"https:\/\/ocoerente.com.br\/se\/2020\/09\/04\/stf-devolve-combate-ao-desmatamento-da-amazonia-ao-ibama\/","url":"https:\/\/ocoerente.com.br\/se\/2020\/09\/04\/stf-devolve-combate-ao-desmatamento-da-amazonia-ao-ibama\/","name":"STF devolve combate ao desmatamento da Amaz\u00f4nia ao Ibama - O Coerente","isPartOf":{"@id":"https:\/\/ocoerente.com.br\/se\/#website"},"primaryImageOfPage":{"@id":"https:\/\/ocoerente.com.br\/se\/2020\/09\/04\/stf-devolve-combate-ao-desmatamento-da-amazonia-ao-ibama\/#primaryimage"},"image":{"@id":"https:\/\/ocoerente.com.br\/se\/2020\/09\/04\/stf-devolve-combate-ao-desmatamento-da-amazonia-ao-ibama\/#primaryimage"},"thumbnailUrl":"https:\/\/ocoerente.com.br\/se\/wp-content\/uploads\/2020\/09\/desmatamento.jpg","datePublished":"2020-09-04T03:41:02+00:00","dateModified":"2020-09-04T03:41:04+00:00","breadcrumb":{"@id":"https:\/\/ocoerente.com.br\/se\/2020\/09\/04\/stf-devolve-combate-ao-desmatamento-da-amazonia-ao-ibama\/#breadcrumb"},"inLanguage":"pt-BR","potentialAction":[{"@type":"ReadAction","target":["https:\/\/ocoerente.com.br\/se\/2020\/09\/04\/stf-devolve-combate-ao-desmatamento-da-amazonia-ao-ibama\/"]}]},{"@type":"ImageObject","inLanguage":"pt-BR","@id":"https:\/\/ocoerente.com.br\/se\/2020\/09\/04\/stf-devolve-combate-ao-desmatamento-da-amazonia-ao-ibama\/#primaryimage","url":"https:\/\/ocoerente.com.br\/se\/wp-content\/uploads\/2020\/09\/desmatamento.jpg","contentUrl":"https:\/\/ocoerente.com.br\/se\/wp-content\/uploads\/2020\/09\/desmatamento.jpg","width":1024,"height":683},{"@type":"BreadcrumbList","@id":"https:\/\/ocoerente.com.br\/se\/2020\/09\/04\/stf-devolve-combate-ao-desmatamento-da-amazonia-ao-ibama\/#breadcrumb","itemListElement":[{"@type":"ListItem","position":1,"name":"In\u00edcio","item":"https:\/\/ocoerente.com.br\/se\/"},{"@type":"ListItem","position":2,"name":"STF devolve combate ao desmatamento da Amaz\u00f4nia ao Ibama"}]},{"@type":"WebSite","@id":"https:\/\/ocoerente.com.br\/se\/#website","url":"https:\/\/ocoerente.com.br\/se\/","name":"O Coerente","description":"","publisher":{"@id":"https:\/\/ocoerente.com.br\/se\/#\/schema\/person\/cc6bfd9fbca465e23543b0c963d8d037"},"potentialAction":[{"@type":"SearchAction","target":{"@type":"EntryPoint","urlTemplate":"https:\/\/ocoerente.com.br\/se\/?s={search_term_string}"},"query-input":{"@type":"PropertyValueSpecification","valueRequired":true,"valueName":"search_term_string"}}],"inLanguage":"pt-BR"},{"@type":["Person","Organization"],"@id":"https:\/\/ocoerente.com.br\/se\/#\/schema\/person\/cc6bfd9fbca465e23543b0c963d8d037","name":"Reda\u00e7\u00e3o","image":{"@type":"ImageObject","inLanguage":"pt-BR","@id":"https:\/\/ocoerente.com.br\/se\/wp-content\/uploads\/2020\/01\/ocoerente-1.png","url":"https:\/\/ocoerente.com.br\/se\/wp-content\/uploads\/2020\/01\/ocoerente-1.png","contentUrl":"https:\/\/ocoerente.com.br\/se\/wp-content\/uploads\/2020\/01\/ocoerente-1.png","width":50,"height":50,"caption":"Reda\u00e7\u00e3o"},"logo":{"@id":"https:\/\/ocoerente.com.br\/se\/wp-content\/uploads\/2020\/01\/ocoerente-1.png"},"url":"https:\/\/ocoerente.com.br\/se\/author\/vasticlsales\/"}]}},"_links":{"self":[{"href":"https:\/\/ocoerente.com.br\/se\/wp-json\/wp\/v2\/posts\/1535","targetHints":{"allow":["GET"]}}],"collection":[{"href":"https:\/\/ocoerente.com.br\/se\/wp-json\/wp\/v2\/posts"}],"about":[{"href":"https:\/\/ocoerente.com.br\/se\/wp-json\/wp\/v2\/types\/post"}],"author":[{"embeddable":true,"href":"https:\/\/ocoerente.com.br\/se\/wp-json\/wp\/v2\/users\/1"}],"replies":[{"embeddable":true,"href":"https:\/\/ocoerente.com.br\/se\/wp-json\/wp\/v2\/comments?post=1535"}],"version-history":[{"count":1,"href":"https:\/\/ocoerente.com.br\/se\/wp-json\/wp\/v2\/posts\/1535\/revisions"}],"predecessor-version":[{"id":1537,"href":"https:\/\/ocoerente.com.br\/se\/wp-json\/wp\/v2\/posts\/1535\/revisions\/1537"}],"wp:featuredmedia":[{"embeddable":true,"href":"https:\/\/ocoerente.com.br\/se\/wp-json\/wp\/v2\/media\/1536"}],"wp:attachment":[{"href":"https:\/\/ocoerente.com.br\/se\/wp-json\/wp\/v2\/media?parent=1535"}],"wp:term":[{"taxonomy":"category","embeddable":true,"href":"https:\/\/ocoerente.com.br\/se\/wp-json\/wp\/v2\/categories?post=1535"},{"taxonomy":"post_tag","embeddable":true,"href":"https:\/\/ocoerente.com.br\/se\/wp-json\/wp\/v2\/tags?post=1535"}],"curies":[{"name":"wp","href":"https:\/\/api.w.org\/{rel}","templated":true}]}}