{"id":1372,"date":"2020-08-07T04:35:22","date_gmt":"2020-08-07T07:35:22","guid":{"rendered":"https:\/\/ocoerente.com.br\/se\/?p=1372"},"modified":"2020-08-07T04:35:22","modified_gmt":"2020-08-07T07:35:22","slug":"hospital-de-campanha-tem-288-recuperados-e-24-internados","status":"publish","type":"post","link":"https:\/\/ocoerente.com.br\/se\/2020\/08\/07\/hospital-de-campanha-tem-288-recuperados-e-24-internados\/","title":{"rendered":"Hospital de Campanha tem 288 recuperados e 24 internados"},"content":{"rendered":"<div>O atendimento no Hospital de Campanha (HCamp) Cleovans\u00f3stenes Pereira Aguiar, principal unidade de tratamento da covid-19 no munic\u00edpio de Aracaju, foi respons\u00e1vel pela recupera\u00e7\u00e3o de 288 dos 403 aracajuanos que necessitaram de internamento por conta da doen\u00e7a.<\/div>\n<div><\/div>\n<div>No boletim atualizado na tarde desta quinta-feira, 06, do total de pacientes que deram entrada no hospital provis\u00f3rio 24 est\u00e3o internados; 63 foram encaminhados para Unidades de Tratamento Intensivo (UTI) e 28 foram a \u00f3bito.<\/div>\n<div><\/div>\n<div>Entre os pacientes que receberam alta est\u00e3o cidad\u00e3os com idades entre 17 e 94 anos que chegaram ao HCamp tanto por meio das unidades de refer\u00eancia para s\u00edndromes gripais quanto dos hospitais Nestor Piva e Fernando Franco.<\/div>\n<div><\/div>\n<div>Com capacidade para 152 leitos, dos quais 60 j\u00e1 est\u00e3o ativos, o HCamp tem sido fundamental para atender a demanda por ocupa\u00e7\u00e3o de leitos municipais e evitar o colapso da rede de sa\u00fade da capital.<\/div>\n<div><\/div>\n<div>AAN<\/div>\n","protected":false},"excerpt":{"rendered":"<p>O atendimento no Hospital de Campanha (HCamp) Cleovans\u00f3stenes Pereira Aguiar, principal unidade de tratamento da covid-19 no munic\u00edpio de Aracaju, foi respons\u00e1vel pela recupera\u00e7\u00e3o de 288 dos 403 aracajuanos que necessitaram de internamento por conta da doen\u00e7a. No boletim atualizado na tarde desta quinta-feira, 06, do total de pacientes que deram entrada no hospital provis\u00f3rio [&hellip;]<\/p>\n","protected":false},"author":1,"featured_media":1373,"comment_status":"closed","ping_status":"closed","sticky":false,"template":"","format":"standard","meta":{"footnotes":""},"categories":[53,54],"tags":[],"class_list":["post-1372","post","type-post","status-publish","format-standard","has-post-thumbnail","hentry","category-destaques","category-saude"],"yoast_head":"<!-- This site is optimized with the Yoast SEO plugin v27.4 - https:\/\/yoast.com\/product\/yoast-seo-wordpress\/ -->\n<title>Hospital de Campanha tem 288 recuperados e 24 internados - O Coerente<\/title>\n<meta name=\"robots\" content=\"index, follow, max-snippet:-1, max-image-preview:large, max-video-preview:-1\" \/>\n<link rel=\"canonical\" href=\"https:\/\/ocoerente.com.br\/se\/2020\/08\/07\/hospital-de-campanha-tem-288-recuperados-e-24-internados\/\" \/>\n<meta property=\"og:locale\" content=\"pt_BR\" \/>\n<meta property=\"og:type\" content=\"article\" \/>\n<meta property=\"og:title\" content=\"Hospital de Campanha tem 288 recuperados e 24 internados - O Coerente\" \/>\n<meta property=\"og:description\" content=\"O atendimento no Hospital de Campanha (HCamp) Cleovans\u00f3stenes Pereira Aguiar, principal unidade de tratamento da covid-19 no munic\u00edpio de Aracaju, foi respons\u00e1vel pela recupera\u00e7\u00e3o de 288 dos 403 aracajuanos que necessitaram de internamento por conta da doen\u00e7a. No boletim atualizado na tarde desta quinta-feira, 06, do total de pacientes que deram entrada no hospital provis\u00f3rio [&hellip;]\" \/>\n<meta property=\"og:url\" content=\"https:\/\/ocoerente.com.br\/se\/2020\/08\/07\/hospital-de-campanha-tem-288-recuperados-e-24-internados\/\" \/>\n<meta property=\"og:site_name\" content=\"O Coerente\" \/>\n<meta property=\"article:published_time\" content=\"2020-08-07T07:35:22+00:00\" \/>\n<meta property=\"og:image\" content=\"https:\/\/ocoerente.com.br\/se\/wp-content\/uploads\/2020\/08\/andre_moreira.jpg\" \/>\n\t<meta property=\"og:image:width\" content=\"1280\" \/>\n\t<meta property=\"og:image:height\" content=\"853\" \/>\n\t<meta property=\"og:image:type\" content=\"image\/jpeg\" \/>\n<meta name=\"author\" content=\"Reda\u00e7\u00e3o\" \/>\n<meta name=\"twitter:card\" content=\"summary_large_image\" \/>\n<meta name=\"twitter:label1\" content=\"Escrito por\" \/>\n\t<meta name=\"twitter:data1\" content=\"Reda\u00e7\u00e3o\" \/>\n\t<meta name=\"twitter:label2\" content=\"Est. tempo de leitura\" \/>\n\t<meta name=\"twitter:data2\" content=\"1 minuto\" \/>\n<script type=\"application\/ld+json\" class=\"yoast-schema-graph\">{\"@context\":\"https:\\\/\\\/schema.org\",\"@graph\":[{\"@type\":\"Article\",\"@id\":\"https:\\\/\\\/ocoerente.com.br\\\/se\\\/2020\\\/08\\\/07\\\/hospital-de-campanha-tem-288-recuperados-e-24-internados\\\/#article\",\"isPartOf\":{\"@id\":\"https:\\\/\\\/ocoerente.com.br\\\/se\\\/2020\\\/08\\\/07\\\/hospital-de-campanha-tem-288-recuperados-e-24-internados\\\/\"},\"author\":{\"name\":\"Reda\u00e7\u00e3o\",\"@id\":\"https:\\\/\\\/ocoerente.com.br\\\/se\\\/#\\\/schema\\\/person\\\/cc6bfd9fbca465e23543b0c963d8d037\"},\"headline\":\"Hospital de Campanha tem 288 recuperados e 24 internados\",\"datePublished\":\"2020-08-07T07:35:22+00:00\",\"mainEntityOfPage\":{\"@id\":\"https:\\\/\\\/ocoerente.com.br\\\/se\\\/2020\\\/08\\\/07\\\/hospital-de-campanha-tem-288-recuperados-e-24-internados\\\/\"},\"wordCount\":156,\"publisher\":{\"@id\":\"https:\\\/\\\/ocoerente.com.br\\\/se\\\/#\\\/schema\\\/person\\\/cc6bfd9fbca465e23543b0c963d8d037\"},\"image\":{\"@id\":\"https:\\\/\\\/ocoerente.com.br\\\/se\\\/2020\\\/08\\\/07\\\/hospital-de-campanha-tem-288-recuperados-e-24-internados\\\/#primaryimage\"},\"thumbnailUrl\":\"https:\\\/\\\/ocoerente.com.br\\\/se\\\/wp-content\\\/uploads\\\/2020\\\/08\\\/andre_moreira.jpg\",\"articleSection\":[\"Destaques\",\"Sa\u00fade\"],\"inLanguage\":\"pt-BR\"},{\"@type\":\"WebPage\",\"@id\":\"https:\\\/\\\/ocoerente.com.br\\\/se\\\/2020\\\/08\\\/07\\\/hospital-de-campanha-tem-288-recuperados-e-24-internados\\\/\",\"url\":\"https:\\\/\\\/ocoerente.com.br\\\/se\\\/2020\\\/08\\\/07\\\/hospital-de-campanha-tem-288-recuperados-e-24-internados\\\/\",\"name\":\"Hospital de Campanha tem 288 recuperados e 24 internados - O Coerente\",\"isPartOf\":{\"@id\":\"https:\\\/\\\/ocoerente.com.br\\\/se\\\/#website\"},\"primaryImageOfPage\":{\"@id\":\"https:\\\/\\\/ocoerente.com.br\\\/se\\\/2020\\\/08\\\/07\\\/hospital-de-campanha-tem-288-recuperados-e-24-internados\\\/#primaryimage\"},\"image\":{\"@id\":\"https:\\\/\\\/ocoerente.com.br\\\/se\\\/2020\\\/08\\\/07\\\/hospital-de-campanha-tem-288-recuperados-e-24-internados\\\/#primaryimage\"},\"thumbnailUrl\":\"https:\\\/\\\/ocoerente.com.br\\\/se\\\/wp-content\\\/uploads\\\/2020\\\/08\\\/andre_moreira.jpg\",\"datePublished\":\"2020-08-07T07:35:22+00:00\",\"breadcrumb\":{\"@id\":\"https:\\\/\\\/ocoerente.com.br\\\/se\\\/2020\\\/08\\\/07\\\/hospital-de-campanha-tem-288-recuperados-e-24-internados\\\/#breadcrumb\"},\"inLanguage\":\"pt-BR\",\"potentialAction\":[{\"@type\":\"ReadAction\",\"target\":[\"https:\\\/\\\/ocoerente.com.br\\\/se\\\/2020\\\/08\\\/07\\\/hospital-de-campanha-tem-288-recuperados-e-24-internados\\\/\"]}]},{\"@type\":\"ImageObject\",\"inLanguage\":\"pt-BR\",\"@id\":\"https:\\\/\\\/ocoerente.com.br\\\/se\\\/2020\\\/08\\\/07\\\/hospital-de-campanha-tem-288-recuperados-e-24-internados\\\/#primaryimage\",\"url\":\"https:\\\/\\\/ocoerente.com.br\\\/se\\\/wp-content\\\/uploads\\\/2020\\\/08\\\/andre_moreira.jpg\",\"contentUrl\":\"https:\\\/\\\/ocoerente.com.br\\\/se\\\/wp-content\\\/uploads\\\/2020\\\/08\\\/andre_moreira.jpg\",\"width\":1280,\"height\":853},{\"@type\":\"BreadcrumbList\",\"@id\":\"https:\\\/\\\/ocoerente.com.br\\\/se\\\/2020\\\/08\\\/07\\\/hospital-de-campanha-tem-288-recuperados-e-24-internados\\\/#breadcrumb\",\"itemListElement\":[{\"@type\":\"ListItem\",\"position\":1,\"name\":\"In\u00edcio\",\"item\":\"https:\\\/\\\/ocoerente.com.br\\\/se\\\/\"},{\"@type\":\"ListItem\",\"position\":2,\"name\":\"Hospital de Campanha tem 288 recuperados e 24 internados\"}]},{\"@type\":\"WebSite\",\"@id\":\"https:\\\/\\\/ocoerente.com.br\\\/se\\\/#website\",\"url\":\"https:\\\/\\\/ocoerente.com.br\\\/se\\\/\",\"name\":\"O Coerente\",\"description\":\"\",\"publisher\":{\"@id\":\"https:\\\/\\\/ocoerente.com.br\\\/se\\\/#\\\/schema\\\/person\\\/cc6bfd9fbca465e23543b0c963d8d037\"},\"potentialAction\":[{\"@type\":\"SearchAction\",\"target\":{\"@type\":\"EntryPoint\",\"urlTemplate\":\"https:\\\/\\\/ocoerente.com.br\\\/se\\\/?s={search_term_string}\"},\"query-input\":{\"@type\":\"PropertyValueSpecification\",\"valueRequired\":true,\"valueName\":\"search_term_string\"}}],\"inLanguage\":\"pt-BR\"},{\"@type\":[\"Person\",\"Organization\"],\"@id\":\"https:\\\/\\\/ocoerente.com.br\\\/se\\\/#\\\/schema\\\/person\\\/cc6bfd9fbca465e23543b0c963d8d037\",\"name\":\"Reda\u00e7\u00e3o\",\"image\":{\"@type\":\"ImageObject\",\"inLanguage\":\"pt-BR\",\"@id\":\"https:\\\/\\\/ocoerente.com.br\\\/se\\\/wp-content\\\/uploads\\\/2020\\\/01\\\/ocoerente-1.png\",\"url\":\"https:\\\/\\\/ocoerente.com.br\\\/se\\\/wp-content\\\/uploads\\\/2020\\\/01\\\/ocoerente-1.png\",\"contentUrl\":\"https:\\\/\\\/ocoerente.com.br\\\/se\\\/wp-content\\\/uploads\\\/2020\\\/01\\\/ocoerente-1.png\",\"width\":50,\"height\":50,\"caption\":\"Reda\u00e7\u00e3o\"},\"logo\":{\"@id\":\"https:\\\/\\\/ocoerente.com.br\\\/se\\\/wp-content\\\/uploads\\\/2020\\\/01\\\/ocoerente-1.png\"},\"url\":\"https:\\\/\\\/ocoerente.com.br\\\/se\\\/author\\\/vasticlsales\\\/\"}]}<\/script>\n<!-- \/ Yoast SEO plugin. -->","yoast_head_json":{"title":"Hospital de Campanha tem 288 recuperados e 24 internados - O Coerente","robots":{"index":"index","follow":"follow","max-snippet":"max-snippet:-1","max-image-preview":"max-image-preview:large","max-video-preview":"max-video-preview:-1"},"canonical":"https:\/\/ocoerente.com.br\/se\/2020\/08\/07\/hospital-de-campanha-tem-288-recuperados-e-24-internados\/","og_locale":"pt_BR","og_type":"article","og_title":"Hospital de Campanha tem 288 recuperados e 24 internados - O Coerente","og_description":"O atendimento no Hospital de Campanha (HCamp) Cleovans\u00f3stenes Pereira Aguiar, principal unidade de tratamento da covid-19 no munic\u00edpio de Aracaju, foi respons\u00e1vel pela recupera\u00e7\u00e3o de 288 dos 403 aracajuanos que necessitaram de internamento por conta da doen\u00e7a. No boletim atualizado na tarde desta quinta-feira, 06, do total de pacientes que deram entrada no hospital provis\u00f3rio [&hellip;]","og_url":"https:\/\/ocoerente.com.br\/se\/2020\/08\/07\/hospital-de-campanha-tem-288-recuperados-e-24-internados\/","og_site_name":"O Coerente","article_published_time":"2020-08-07T07:35:22+00:00","og_image":[{"width":1280,"height":853,"url":"https:\/\/ocoerente.com.br\/se\/wp-content\/uploads\/2020\/08\/andre_moreira.jpg","type":"image\/jpeg"}],"author":"Reda\u00e7\u00e3o","twitter_card":"summary_large_image","twitter_misc":{"Escrito por":"Reda\u00e7\u00e3o","Est. tempo de leitura":"1 minuto"},"schema":{"@context":"https:\/\/schema.org","@graph":[{"@type":"Article","@id":"https:\/\/ocoerente.com.br\/se\/2020\/08\/07\/hospital-de-campanha-tem-288-recuperados-e-24-internados\/#article","isPartOf":{"@id":"https:\/\/ocoerente.com.br\/se\/2020\/08\/07\/hospital-de-campanha-tem-288-recuperados-e-24-internados\/"},"author":{"name":"Reda\u00e7\u00e3o","@id":"https:\/\/ocoerente.com.br\/se\/#\/schema\/person\/cc6bfd9fbca465e23543b0c963d8d037"},"headline":"Hospital de Campanha tem 288 recuperados e 24 internados","datePublished":"2020-08-07T07:35:22+00:00","mainEntityOfPage":{"@id":"https:\/\/ocoerente.com.br\/se\/2020\/08\/07\/hospital-de-campanha-tem-288-recuperados-e-24-internados\/"},"wordCount":156,"publisher":{"@id":"https:\/\/ocoerente.com.br\/se\/#\/schema\/person\/cc6bfd9fbca465e23543b0c963d8d037"},"image":{"@id":"https:\/\/ocoerente.com.br\/se\/2020\/08\/07\/hospital-de-campanha-tem-288-recuperados-e-24-internados\/#primaryimage"},"thumbnailUrl":"https:\/\/ocoerente.com.br\/se\/wp-content\/uploads\/2020\/08\/andre_moreira.jpg","articleSection":["Destaques","Sa\u00fade"],"inLanguage":"pt-BR"},{"@type":"WebPage","@id":"https:\/\/ocoerente.com.br\/se\/2020\/08\/07\/hospital-de-campanha-tem-288-recuperados-e-24-internados\/","url":"https:\/\/ocoerente.com.br\/se\/2020\/08\/07\/hospital-de-campanha-tem-288-recuperados-e-24-internados\/","name":"Hospital de Campanha tem 288 recuperados e 24 internados - O Coerente","isPartOf":{"@id":"https:\/\/ocoerente.com.br\/se\/#website"},"primaryImageOfPage":{"@id":"https:\/\/ocoerente.com.br\/se\/2020\/08\/07\/hospital-de-campanha-tem-288-recuperados-e-24-internados\/#primaryimage"},"image":{"@id":"https:\/\/ocoerente.com.br\/se\/2020\/08\/07\/hospital-de-campanha-tem-288-recuperados-e-24-internados\/#primaryimage"},"thumbnailUrl":"https:\/\/ocoerente.com.br\/se\/wp-content\/uploads\/2020\/08\/andre_moreira.jpg","datePublished":"2020-08-07T07:35:22+00:00","breadcrumb":{"@id":"https:\/\/ocoerente.com.br\/se\/2020\/08\/07\/hospital-de-campanha-tem-288-recuperados-e-24-internados\/#breadcrumb"},"inLanguage":"pt-BR","potentialAction":[{"@type":"ReadAction","target":["https:\/\/ocoerente.com.br\/se\/2020\/08\/07\/hospital-de-campanha-tem-288-recuperados-e-24-internados\/"]}]},{"@type":"ImageObject","inLanguage":"pt-BR","@id":"https:\/\/ocoerente.com.br\/se\/2020\/08\/07\/hospital-de-campanha-tem-288-recuperados-e-24-internados\/#primaryimage","url":"https:\/\/ocoerente.com.br\/se\/wp-content\/uploads\/2020\/08\/andre_moreira.jpg","contentUrl":"https:\/\/ocoerente.com.br\/se\/wp-content\/uploads\/2020\/08\/andre_moreira.jpg","width":1280,"height":853},{"@type":"BreadcrumbList","@id":"https:\/\/ocoerente.com.br\/se\/2020\/08\/07\/hospital-de-campanha-tem-288-recuperados-e-24-internados\/#breadcrumb","itemListElement":[{"@type":"ListItem","position":1,"name":"In\u00edcio","item":"https:\/\/ocoerente.com.br\/se\/"},{"@type":"ListItem","position":2,"name":"Hospital de Campanha tem 288 recuperados e 24 internados"}]},{"@type":"WebSite","@id":"https:\/\/ocoerente.com.br\/se\/#website","url":"https:\/\/ocoerente.com.br\/se\/","name":"O Coerente","description":"","publisher":{"@id":"https:\/\/ocoerente.com.br\/se\/#\/schema\/person\/cc6bfd9fbca465e23543b0c963d8d037"},"potentialAction":[{"@type":"SearchAction","target":{"@type":"EntryPoint","urlTemplate":"https:\/\/ocoerente.com.br\/se\/?s={search_term_string}"},"query-input":{"@type":"PropertyValueSpecification","valueRequired":true,"valueName":"search_term_string"}}],"inLanguage":"pt-BR"},{"@type":["Person","Organization"],"@id":"https:\/\/ocoerente.com.br\/se\/#\/schema\/person\/cc6bfd9fbca465e23543b0c963d8d037","name":"Reda\u00e7\u00e3o","image":{"@type":"ImageObject","inLanguage":"pt-BR","@id":"https:\/\/ocoerente.com.br\/se\/wp-content\/uploads\/2020\/01\/ocoerente-1.png","url":"https:\/\/ocoerente.com.br\/se\/wp-content\/uploads\/2020\/01\/ocoerente-1.png","contentUrl":"https:\/\/ocoerente.com.br\/se\/wp-content\/uploads\/2020\/01\/ocoerente-1.png","width":50,"height":50,"caption":"Reda\u00e7\u00e3o"},"logo":{"@id":"https:\/\/ocoerente.com.br\/se\/wp-content\/uploads\/2020\/01\/ocoerente-1.png"},"url":"https:\/\/ocoerente.com.br\/se\/author\/vasticlsales\/"}]}},"_links":{"self":[{"href":"https:\/\/ocoerente.com.br\/se\/wp-json\/wp\/v2\/posts\/1372","targetHints":{"allow":["GET"]}}],"collection":[{"href":"https:\/\/ocoerente.com.br\/se\/wp-json\/wp\/v2\/posts"}],"about":[{"href":"https:\/\/ocoerente.com.br\/se\/wp-json\/wp\/v2\/types\/post"}],"author":[{"embeddable":true,"href":"https:\/\/ocoerente.com.br\/se\/wp-json\/wp\/v2\/users\/1"}],"replies":[{"embeddable":true,"href":"https:\/\/ocoerente.com.br\/se\/wp-json\/wp\/v2\/comments?post=1372"}],"version-history":[{"count":1,"href":"https:\/\/ocoerente.com.br\/se\/wp-json\/wp\/v2\/posts\/1372\/revisions"}],"predecessor-version":[{"id":1374,"href":"https:\/\/ocoerente.com.br\/se\/wp-json\/wp\/v2\/posts\/1372\/revisions\/1374"}],"wp:featuredmedia":[{"embeddable":true,"href":"https:\/\/ocoerente.com.br\/se\/wp-json\/wp\/v2\/media\/1373"}],"wp:attachment":[{"href":"https:\/\/ocoerente.com.br\/se\/wp-json\/wp\/v2\/media?parent=1372"}],"wp:term":[{"taxonomy":"category","embeddable":true,"href":"https:\/\/ocoerente.com.br\/se\/wp-json\/wp\/v2\/categories?post=1372"},{"taxonomy":"post_tag","embeddable":true,"href":"https:\/\/ocoerente.com.br\/se\/wp-json\/wp\/v2\/tags?post=1372"}],"curies":[{"name":"wp","href":"https:\/\/api.w.org\/{rel}","templated":true}]}}