{"id":1369,"date":"2020-08-07T04:34:01","date_gmt":"2020-08-07T07:34:01","guid":{"rendered":"https:\/\/ocoerente.com.br\/se\/?p=1369"},"modified":"2020-08-07T04:34:01","modified_gmt":"2020-08-07T07:34:01","slug":"acompanhado-do-governador-e-do-arcebispo-de-aracaju-prefeito-visita-mangabeiras","status":"publish","type":"post","link":"https:\/\/ocoerente.com.br\/se\/2020\/08\/07\/acompanhado-do-governador-e-do-arcebispo-de-aracaju-prefeito-visita-mangabeiras\/","title":{"rendered":"Acompanhado do governador e do arcebispo de Aracaju, prefeito visita Mangabeiras"},"content":{"rendered":"<p>O prefeito Edvaldo Nogueira realizou uma visita, na manh\u00e3 desta quinta-feira, 6, ao terreno onde ser\u00e1 erguido o Residencial Mangabeiras Santa Dulce dos Pobres, no bairro 17 de Mar\u00e7o. Acompanhado do governador Belivaldo Chagas, do arcebispo metropolitano de Aracaju, Dom Jo\u00e3o Jos\u00e9 Costa, da superintendente da Secretaria de Patrim\u00f4nio da Uni\u00e3o (SPU), Jovanka Leal e do ex-governador Jackson Barreto, o prefeito apresentou o projeto de constru\u00e7\u00e3o das 1.102 casas, de uma nova avenida e do Parque Ambiental das Mangabeiras. No m\u00eas passado, mais de 1 mil fam\u00edlias que ocupavam a \u00e1rea foram realocadas, de seus barracos, para casas alugadas pela prefeitura.<\/p>\n<p>\u201cEsta obra \u00e9 um sonho se tornando realidade. Estou muito feliz em retornar a esta localidade\u00a0 e j\u00e1 n\u00e3o encontrar mais as pessoas morando em situa\u00e7\u00e3o degradante. Fiz quest\u00e3o de vir acompanhado do governador Belivaldo Chagas, do arcebispo de Aracaju, da professora Jovanka e do ex-governador Jackson Barreto para mostrar o qu\u00e3o grandioso \u00e9 este projeto. Retiramos daqui mais de 1 mil fam\u00edlias, que agora est\u00e3o morando em casas alugadas pela Prefeitura, um investimento que somar\u00e1 R$ 7 milh\u00f5es em dois anos em aluguel social. Neste per\u00edodo, ser\u00e3o constru\u00eddas as 1.102 casas pr\u00f3prias destas pessoas\u201d, afirmou o prefeito.<\/p>\n<p>Edvaldo tamb\u00e9m destacou a import\u00e2ncia do Parque Ambiental das Mangabeiras, uma iniciativa que demonstra o compromisso socioambiental da administra\u00e7\u00e3o municipal. \u201cA implanta\u00e7\u00e3o da \u00e1rea ambiental das mangabeiras \u00e9 parte importante do nosso projeto. Al\u00e9m da constru\u00e7\u00e3o de moradias para as pessoas que moravam aqui, tamb\u00e9m tem esta a\u00e7\u00e3o ambiental muito relevante. N\u00f3s vamos preservar e criar o Parque Ambiental das Mangabeiras e vamos manter uma maneira de vida tradicional, que \u00e9 o cultivo das mangabeiras\u201d, disse.<\/p>\n<p>Todos os presentes se mostraram muito impressionados com a grandiosidade do projeto e de seu impacto positivo na vida de milhares de aracajuanos. O arcebispo Dom Jo\u00e3o Jos\u00e9 Costa avaliou que \u201c\u00e9 um projeto social de import\u00e2ncia inquestion\u00e1vel\u201d. \u201cRetira pessoas que moravam em situa\u00e7\u00e3o de miserabilidade e as coloca em casas alugadas pela prefeitura, enquanto elas aguardam a constru\u00e7\u00e3o de suas resid\u00eancias.\u00c9 um lindo projeto\u201d, declarou.<\/p>\n<p>A superintendente da SPU, Jovanka Leal, tamb\u00e9m se disse muito feliz e emocionada, uma vez que o \u00f3rg\u00e3o teve papel fundamental no processo, na transfer\u00eancia do terreno da Uni\u00e3o para a Prefeitura de Aracaju. \u201cFoi muita luta, mas a gente v\u00ea agora o projeto caminhando e em breve as fam\u00edlias que antes moravam em situa\u00e7\u00e3o t\u00e3o dif\u00edcil receber\u00e3o suas casas\u201d, destacou.<\/p>\n<p>Ap\u00f3s a inspe\u00e7\u00e3o na \u00e1rea, o prefeito, o arcebispo e a superintendente da SPU ainda visitaram dois ex-moradores das Mangabeiras, que agora est\u00e3o residindo em casas alugadas pela prefeitura. O desempregado Jos\u00e9 de Lira, que, durante cinco anos, morou num barraco, agora reside numa casa alugada no bairro 17 de Mar\u00e7o. \u201cFoi muita luta, muito dif\u00edcil o tempo que passamos ali, mas agora tudo est\u00e1 melhor\u201d, disse. Da mesma forma, Suyanne Teles expressou sua felicidade. \u201cEra cobra entrando dentro de casa, com chuva perd\u00edamos tudo, e agora estou segura nesta casa com meu marido e filho\u201d, declarou ela, que mora agora numa casa alugada no loteamento Marivan.<\/p>\n<p>O projeto<\/p>\n<p>Com um investimento de R$ 124 milh\u00f5es, a Prefeitura de Aracaju construir\u00e1 um complexo habitacional onde antes existia a Ocupa\u00e7\u00e3o das Mangabeiras. No m\u00eas passado, a gest\u00e3o municipal realocou mais de 1 mil fam\u00edlias que residiram por mais de cinco anos na Ocupa\u00e7\u00e3o das Mangabeiras. Estas pessoas foram levadas para casas alugadas pela Prefeitura e l\u00e1 permanecer\u00e3o enquanto as obras forem realizadas.<\/p>\n<p>Ap\u00f3s a limpeza do terreno, que est\u00e1 ocorrendo desde a semana passada, ser\u00e3o executadas tr\u00eas etapas do projeto. H\u00e1 a obra da avenida setor Sul da localidade, h\u00e1 projeto como um todo, que engloba toda a parte de infraestrutura, como \u00e1gua, drenagem, pavimenta\u00e7\u00e3o, energia el\u00e9trica e a constru\u00e7\u00e3o propriamente dita das casas. E a terceira etapa \u00e9 a implanta\u00e7\u00e3o da \u00e1rea ambiental das mangabeiras.<\/p>\n<p>&nbsp;<\/p>\n<p>AAN<\/p>\n","protected":false},"excerpt":{"rendered":"<p>O prefeito Edvaldo Nogueira realizou uma visita, na manh\u00e3 desta quinta-feira, 6, ao terreno onde ser\u00e1 erguido o Residencial Mangabeiras Santa Dulce dos Pobres, no bairro 17 de Mar\u00e7o. Acompanhado do governador Belivaldo Chagas, do arcebispo metropolitano de Aracaju, Dom Jo\u00e3o Jos\u00e9 Costa, da superintendente da Secretaria de Patrim\u00f4nio da Uni\u00e3o (SPU), Jovanka Leal e [&hellip;]<\/p>\n","protected":false},"author":1,"featured_media":1370,"comment_status":"closed","ping_status":"closed","sticky":false,"template":"","format":"standard","meta":{"footnotes":""},"categories":[53,43],"tags":[],"class_list":["post-1369","post","type-post","status-publish","format-standard","has-post-thumbnail","hentry","category-destaques","category-sergipe"],"yoast_head":"<!-- This site is optimized with the Yoast SEO plugin v27.4 - https:\/\/yoast.com\/product\/yoast-seo-wordpress\/ -->\n<title>Acompanhado do governador e do arcebispo de Aracaju, prefeito visita Mangabeiras - O Coerente<\/title>\n<meta name=\"robots\" content=\"index, follow, max-snippet:-1, max-image-preview:large, max-video-preview:-1\" \/>\n<link rel=\"canonical\" href=\"https:\/\/ocoerente.com.br\/se\/2020\/08\/07\/acompanhado-do-governador-e-do-arcebispo-de-aracaju-prefeito-visita-mangabeiras\/\" \/>\n<meta property=\"og:locale\" content=\"pt_BR\" \/>\n<meta property=\"og:type\" content=\"article\" \/>\n<meta property=\"og:title\" content=\"Acompanhado do governador e do arcebispo de Aracaju, prefeito visita Mangabeiras - O Coerente\" \/>\n<meta property=\"og:description\" content=\"O prefeito Edvaldo Nogueira realizou uma visita, na manh\u00e3 desta quinta-feira, 6, ao terreno onde ser\u00e1 erguido o Residencial Mangabeiras Santa Dulce dos Pobres, no bairro 17 de Mar\u00e7o. Acompanhado do governador Belivaldo Chagas, do arcebispo metropolitano de Aracaju, Dom Jo\u00e3o Jos\u00e9 Costa, da superintendente da Secretaria de Patrim\u00f4nio da Uni\u00e3o (SPU), Jovanka Leal e [&hellip;]\" \/>\n<meta property=\"og:url\" content=\"https:\/\/ocoerente.com.br\/se\/2020\/08\/07\/acompanhado-do-governador-e-do-arcebispo-de-aracaju-prefeito-visita-mangabeiras\/\" \/>\n<meta property=\"og:site_name\" content=\"O Coerente\" \/>\n<meta property=\"article:published_time\" content=\"2020-08-07T07:34:01+00:00\" \/>\n<meta property=\"og:image\" content=\"https:\/\/ocoerente.com.br\/se\/wp-content\/uploads\/2020\/08\/prefeitoEd-scaled.jpg\" \/>\n\t<meta property=\"og:image:width\" content=\"2560\" \/>\n\t<meta property=\"og:image:height\" content=\"2024\" \/>\n\t<meta property=\"og:image:type\" content=\"image\/jpeg\" \/>\n<meta name=\"author\" content=\"Reda\u00e7\u00e3o\" \/>\n<meta name=\"twitter:card\" content=\"summary_large_image\" \/>\n<meta name=\"twitter:label1\" content=\"Escrito por\" \/>\n\t<meta name=\"twitter:data1\" content=\"Reda\u00e7\u00e3o\" \/>\n\t<meta name=\"twitter:label2\" content=\"Est. tempo de leitura\" \/>\n\t<meta name=\"twitter:data2\" content=\"3 minutos\" \/>\n<script type=\"application\/ld+json\" class=\"yoast-schema-graph\">{\"@context\":\"https:\\\/\\\/schema.org\",\"@graph\":[{\"@type\":\"Article\",\"@id\":\"https:\\\/\\\/ocoerente.com.br\\\/se\\\/2020\\\/08\\\/07\\\/acompanhado-do-governador-e-do-arcebispo-de-aracaju-prefeito-visita-mangabeiras\\\/#article\",\"isPartOf\":{\"@id\":\"https:\\\/\\\/ocoerente.com.br\\\/se\\\/2020\\\/08\\\/07\\\/acompanhado-do-governador-e-do-arcebispo-de-aracaju-prefeito-visita-mangabeiras\\\/\"},\"author\":{\"name\":\"Reda\u00e7\u00e3o\",\"@id\":\"https:\\\/\\\/ocoerente.com.br\\\/se\\\/#\\\/schema\\\/person\\\/cc6bfd9fbca465e23543b0c963d8d037\"},\"headline\":\"Acompanhado do governador e do arcebispo de Aracaju, prefeito visita Mangabeiras\",\"datePublished\":\"2020-08-07T07:34:01+00:00\",\"mainEntityOfPage\":{\"@id\":\"https:\\\/\\\/ocoerente.com.br\\\/se\\\/2020\\\/08\\\/07\\\/acompanhado-do-governador-e-do-arcebispo-de-aracaju-prefeito-visita-mangabeiras\\\/\"},\"wordCount\":696,\"publisher\":{\"@id\":\"https:\\\/\\\/ocoerente.com.br\\\/se\\\/#\\\/schema\\\/person\\\/cc6bfd9fbca465e23543b0c963d8d037\"},\"image\":{\"@id\":\"https:\\\/\\\/ocoerente.com.br\\\/se\\\/2020\\\/08\\\/07\\\/acompanhado-do-governador-e-do-arcebispo-de-aracaju-prefeito-visita-mangabeiras\\\/#primaryimage\"},\"thumbnailUrl\":\"https:\\\/\\\/ocoerente.com.br\\\/se\\\/wp-content\\\/uploads\\\/2020\\\/08\\\/prefeitoEd-scaled.jpg\",\"articleSection\":[\"Destaques\",\"Sergipe\"],\"inLanguage\":\"pt-BR\"},{\"@type\":\"WebPage\",\"@id\":\"https:\\\/\\\/ocoerente.com.br\\\/se\\\/2020\\\/08\\\/07\\\/acompanhado-do-governador-e-do-arcebispo-de-aracaju-prefeito-visita-mangabeiras\\\/\",\"url\":\"https:\\\/\\\/ocoerente.com.br\\\/se\\\/2020\\\/08\\\/07\\\/acompanhado-do-governador-e-do-arcebispo-de-aracaju-prefeito-visita-mangabeiras\\\/\",\"name\":\"Acompanhado do governador e do arcebispo de Aracaju, prefeito visita Mangabeiras - O Coerente\",\"isPartOf\":{\"@id\":\"https:\\\/\\\/ocoerente.com.br\\\/se\\\/#website\"},\"primaryImageOfPage\":{\"@id\":\"https:\\\/\\\/ocoerente.com.br\\\/se\\\/2020\\\/08\\\/07\\\/acompanhado-do-governador-e-do-arcebispo-de-aracaju-prefeito-visita-mangabeiras\\\/#primaryimage\"},\"image\":{\"@id\":\"https:\\\/\\\/ocoerente.com.br\\\/se\\\/2020\\\/08\\\/07\\\/acompanhado-do-governador-e-do-arcebispo-de-aracaju-prefeito-visita-mangabeiras\\\/#primaryimage\"},\"thumbnailUrl\":\"https:\\\/\\\/ocoerente.com.br\\\/se\\\/wp-content\\\/uploads\\\/2020\\\/08\\\/prefeitoEd-scaled.jpg\",\"datePublished\":\"2020-08-07T07:34:01+00:00\",\"breadcrumb\":{\"@id\":\"https:\\\/\\\/ocoerente.com.br\\\/se\\\/2020\\\/08\\\/07\\\/acompanhado-do-governador-e-do-arcebispo-de-aracaju-prefeito-visita-mangabeiras\\\/#breadcrumb\"},\"inLanguage\":\"pt-BR\",\"potentialAction\":[{\"@type\":\"ReadAction\",\"target\":[\"https:\\\/\\\/ocoerente.com.br\\\/se\\\/2020\\\/08\\\/07\\\/acompanhado-do-governador-e-do-arcebispo-de-aracaju-prefeito-visita-mangabeiras\\\/\"]}]},{\"@type\":\"ImageObject\",\"inLanguage\":\"pt-BR\",\"@id\":\"https:\\\/\\\/ocoerente.com.br\\\/se\\\/2020\\\/08\\\/07\\\/acompanhado-do-governador-e-do-arcebispo-de-aracaju-prefeito-visita-mangabeiras\\\/#primaryimage\",\"url\":\"https:\\\/\\\/ocoerente.com.br\\\/se\\\/wp-content\\\/uploads\\\/2020\\\/08\\\/prefeitoEd-scaled.jpg\",\"contentUrl\":\"https:\\\/\\\/ocoerente.com.br\\\/se\\\/wp-content\\\/uploads\\\/2020\\\/08\\\/prefeitoEd-scaled.jpg\",\"width\":2560,\"height\":2024},{\"@type\":\"BreadcrumbList\",\"@id\":\"https:\\\/\\\/ocoerente.com.br\\\/se\\\/2020\\\/08\\\/07\\\/acompanhado-do-governador-e-do-arcebispo-de-aracaju-prefeito-visita-mangabeiras\\\/#breadcrumb\",\"itemListElement\":[{\"@type\":\"ListItem\",\"position\":1,\"name\":\"In\u00edcio\",\"item\":\"https:\\\/\\\/ocoerente.com.br\\\/se\\\/\"},{\"@type\":\"ListItem\",\"position\":2,\"name\":\"Acompanhado do governador e do arcebispo de Aracaju, prefeito visita Mangabeiras\"}]},{\"@type\":\"WebSite\",\"@id\":\"https:\\\/\\\/ocoerente.com.br\\\/se\\\/#website\",\"url\":\"https:\\\/\\\/ocoerente.com.br\\\/se\\\/\",\"name\":\"O Coerente\",\"description\":\"\",\"publisher\":{\"@id\":\"https:\\\/\\\/ocoerente.com.br\\\/se\\\/#\\\/schema\\\/person\\\/cc6bfd9fbca465e23543b0c963d8d037\"},\"potentialAction\":[{\"@type\":\"SearchAction\",\"target\":{\"@type\":\"EntryPoint\",\"urlTemplate\":\"https:\\\/\\\/ocoerente.com.br\\\/se\\\/?s={search_term_string}\"},\"query-input\":{\"@type\":\"PropertyValueSpecification\",\"valueRequired\":true,\"valueName\":\"search_term_string\"}}],\"inLanguage\":\"pt-BR\"},{\"@type\":[\"Person\",\"Organization\"],\"@id\":\"https:\\\/\\\/ocoerente.com.br\\\/se\\\/#\\\/schema\\\/person\\\/cc6bfd9fbca465e23543b0c963d8d037\",\"name\":\"Reda\u00e7\u00e3o\",\"image\":{\"@type\":\"ImageObject\",\"inLanguage\":\"pt-BR\",\"@id\":\"https:\\\/\\\/ocoerente.com.br\\\/se\\\/wp-content\\\/uploads\\\/2020\\\/01\\\/ocoerente-1.png\",\"url\":\"https:\\\/\\\/ocoerente.com.br\\\/se\\\/wp-content\\\/uploads\\\/2020\\\/01\\\/ocoerente-1.png\",\"contentUrl\":\"https:\\\/\\\/ocoerente.com.br\\\/se\\\/wp-content\\\/uploads\\\/2020\\\/01\\\/ocoerente-1.png\",\"width\":50,\"height\":50,\"caption\":\"Reda\u00e7\u00e3o\"},\"logo\":{\"@id\":\"https:\\\/\\\/ocoerente.com.br\\\/se\\\/wp-content\\\/uploads\\\/2020\\\/01\\\/ocoerente-1.png\"},\"url\":\"https:\\\/\\\/ocoerente.com.br\\\/se\\\/author\\\/vasticlsales\\\/\"}]}<\/script>\n<!-- \/ Yoast SEO plugin. -->","yoast_head_json":{"title":"Acompanhado do governador e do arcebispo de Aracaju, prefeito visita Mangabeiras - O Coerente","robots":{"index":"index","follow":"follow","max-snippet":"max-snippet:-1","max-image-preview":"max-image-preview:large","max-video-preview":"max-video-preview:-1"},"canonical":"https:\/\/ocoerente.com.br\/se\/2020\/08\/07\/acompanhado-do-governador-e-do-arcebispo-de-aracaju-prefeito-visita-mangabeiras\/","og_locale":"pt_BR","og_type":"article","og_title":"Acompanhado do governador e do arcebispo de Aracaju, prefeito visita Mangabeiras - O Coerente","og_description":"O prefeito Edvaldo Nogueira realizou uma visita, na manh\u00e3 desta quinta-feira, 6, ao terreno onde ser\u00e1 erguido o Residencial Mangabeiras Santa Dulce dos Pobres, no bairro 17 de Mar\u00e7o. Acompanhado do governador Belivaldo Chagas, do arcebispo metropolitano de Aracaju, Dom Jo\u00e3o Jos\u00e9 Costa, da superintendente da Secretaria de Patrim\u00f4nio da Uni\u00e3o (SPU), Jovanka Leal e [&hellip;]","og_url":"https:\/\/ocoerente.com.br\/se\/2020\/08\/07\/acompanhado-do-governador-e-do-arcebispo-de-aracaju-prefeito-visita-mangabeiras\/","og_site_name":"O Coerente","article_published_time":"2020-08-07T07:34:01+00:00","og_image":[{"width":2560,"height":2024,"url":"https:\/\/ocoerente.com.br\/se\/wp-content\/uploads\/2020\/08\/prefeitoEd-scaled.jpg","type":"image\/jpeg"}],"author":"Reda\u00e7\u00e3o","twitter_card":"summary_large_image","twitter_misc":{"Escrito por":"Reda\u00e7\u00e3o","Est. tempo de leitura":"3 minutos"},"schema":{"@context":"https:\/\/schema.org","@graph":[{"@type":"Article","@id":"https:\/\/ocoerente.com.br\/se\/2020\/08\/07\/acompanhado-do-governador-e-do-arcebispo-de-aracaju-prefeito-visita-mangabeiras\/#article","isPartOf":{"@id":"https:\/\/ocoerente.com.br\/se\/2020\/08\/07\/acompanhado-do-governador-e-do-arcebispo-de-aracaju-prefeito-visita-mangabeiras\/"},"author":{"name":"Reda\u00e7\u00e3o","@id":"https:\/\/ocoerente.com.br\/se\/#\/schema\/person\/cc6bfd9fbca465e23543b0c963d8d037"},"headline":"Acompanhado do governador e do arcebispo de Aracaju, prefeito visita Mangabeiras","datePublished":"2020-08-07T07:34:01+00:00","mainEntityOfPage":{"@id":"https:\/\/ocoerente.com.br\/se\/2020\/08\/07\/acompanhado-do-governador-e-do-arcebispo-de-aracaju-prefeito-visita-mangabeiras\/"},"wordCount":696,"publisher":{"@id":"https:\/\/ocoerente.com.br\/se\/#\/schema\/person\/cc6bfd9fbca465e23543b0c963d8d037"},"image":{"@id":"https:\/\/ocoerente.com.br\/se\/2020\/08\/07\/acompanhado-do-governador-e-do-arcebispo-de-aracaju-prefeito-visita-mangabeiras\/#primaryimage"},"thumbnailUrl":"https:\/\/ocoerente.com.br\/se\/wp-content\/uploads\/2020\/08\/prefeitoEd-scaled.jpg","articleSection":["Destaques","Sergipe"],"inLanguage":"pt-BR"},{"@type":"WebPage","@id":"https:\/\/ocoerente.com.br\/se\/2020\/08\/07\/acompanhado-do-governador-e-do-arcebispo-de-aracaju-prefeito-visita-mangabeiras\/","url":"https:\/\/ocoerente.com.br\/se\/2020\/08\/07\/acompanhado-do-governador-e-do-arcebispo-de-aracaju-prefeito-visita-mangabeiras\/","name":"Acompanhado do governador e do arcebispo de Aracaju, prefeito visita Mangabeiras - O Coerente","isPartOf":{"@id":"https:\/\/ocoerente.com.br\/se\/#website"},"primaryImageOfPage":{"@id":"https:\/\/ocoerente.com.br\/se\/2020\/08\/07\/acompanhado-do-governador-e-do-arcebispo-de-aracaju-prefeito-visita-mangabeiras\/#primaryimage"},"image":{"@id":"https:\/\/ocoerente.com.br\/se\/2020\/08\/07\/acompanhado-do-governador-e-do-arcebispo-de-aracaju-prefeito-visita-mangabeiras\/#primaryimage"},"thumbnailUrl":"https:\/\/ocoerente.com.br\/se\/wp-content\/uploads\/2020\/08\/prefeitoEd-scaled.jpg","datePublished":"2020-08-07T07:34:01+00:00","breadcrumb":{"@id":"https:\/\/ocoerente.com.br\/se\/2020\/08\/07\/acompanhado-do-governador-e-do-arcebispo-de-aracaju-prefeito-visita-mangabeiras\/#breadcrumb"},"inLanguage":"pt-BR","potentialAction":[{"@type":"ReadAction","target":["https:\/\/ocoerente.com.br\/se\/2020\/08\/07\/acompanhado-do-governador-e-do-arcebispo-de-aracaju-prefeito-visita-mangabeiras\/"]}]},{"@type":"ImageObject","inLanguage":"pt-BR","@id":"https:\/\/ocoerente.com.br\/se\/2020\/08\/07\/acompanhado-do-governador-e-do-arcebispo-de-aracaju-prefeito-visita-mangabeiras\/#primaryimage","url":"https:\/\/ocoerente.com.br\/se\/wp-content\/uploads\/2020\/08\/prefeitoEd-scaled.jpg","contentUrl":"https:\/\/ocoerente.com.br\/se\/wp-content\/uploads\/2020\/08\/prefeitoEd-scaled.jpg","width":2560,"height":2024},{"@type":"BreadcrumbList","@id":"https:\/\/ocoerente.com.br\/se\/2020\/08\/07\/acompanhado-do-governador-e-do-arcebispo-de-aracaju-prefeito-visita-mangabeiras\/#breadcrumb","itemListElement":[{"@type":"ListItem","position":1,"name":"In\u00edcio","item":"https:\/\/ocoerente.com.br\/se\/"},{"@type":"ListItem","position":2,"name":"Acompanhado do governador e do arcebispo de Aracaju, prefeito visita Mangabeiras"}]},{"@type":"WebSite","@id":"https:\/\/ocoerente.com.br\/se\/#website","url":"https:\/\/ocoerente.com.br\/se\/","name":"O Coerente","description":"","publisher":{"@id":"https:\/\/ocoerente.com.br\/se\/#\/schema\/person\/cc6bfd9fbca465e23543b0c963d8d037"},"potentialAction":[{"@type":"SearchAction","target":{"@type":"EntryPoint","urlTemplate":"https:\/\/ocoerente.com.br\/se\/?s={search_term_string}"},"query-input":{"@type":"PropertyValueSpecification","valueRequired":true,"valueName":"search_term_string"}}],"inLanguage":"pt-BR"},{"@type":["Person","Organization"],"@id":"https:\/\/ocoerente.com.br\/se\/#\/schema\/person\/cc6bfd9fbca465e23543b0c963d8d037","name":"Reda\u00e7\u00e3o","image":{"@type":"ImageObject","inLanguage":"pt-BR","@id":"https:\/\/ocoerente.com.br\/se\/wp-content\/uploads\/2020\/01\/ocoerente-1.png","url":"https:\/\/ocoerente.com.br\/se\/wp-content\/uploads\/2020\/01\/ocoerente-1.png","contentUrl":"https:\/\/ocoerente.com.br\/se\/wp-content\/uploads\/2020\/01\/ocoerente-1.png","width":50,"height":50,"caption":"Reda\u00e7\u00e3o"},"logo":{"@id":"https:\/\/ocoerente.com.br\/se\/wp-content\/uploads\/2020\/01\/ocoerente-1.png"},"url":"https:\/\/ocoerente.com.br\/se\/author\/vasticlsales\/"}]}},"_links":{"self":[{"href":"https:\/\/ocoerente.com.br\/se\/wp-json\/wp\/v2\/posts\/1369","targetHints":{"allow":["GET"]}}],"collection":[{"href":"https:\/\/ocoerente.com.br\/se\/wp-json\/wp\/v2\/posts"}],"about":[{"href":"https:\/\/ocoerente.com.br\/se\/wp-json\/wp\/v2\/types\/post"}],"author":[{"embeddable":true,"href":"https:\/\/ocoerente.com.br\/se\/wp-json\/wp\/v2\/users\/1"}],"replies":[{"embeddable":true,"href":"https:\/\/ocoerente.com.br\/se\/wp-json\/wp\/v2\/comments?post=1369"}],"version-history":[{"count":1,"href":"https:\/\/ocoerente.com.br\/se\/wp-json\/wp\/v2\/posts\/1369\/revisions"}],"predecessor-version":[{"id":1371,"href":"https:\/\/ocoerente.com.br\/se\/wp-json\/wp\/v2\/posts\/1369\/revisions\/1371"}],"wp:featuredmedia":[{"embeddable":true,"href":"https:\/\/ocoerente.com.br\/se\/wp-json\/wp\/v2\/media\/1370"}],"wp:attachment":[{"href":"https:\/\/ocoerente.com.br\/se\/wp-json\/wp\/v2\/media?parent=1369"}],"wp:term":[{"taxonomy":"category","embeddable":true,"href":"https:\/\/ocoerente.com.br\/se\/wp-json\/wp\/v2\/categories?post=1369"},{"taxonomy":"post_tag","embeddable":true,"href":"https:\/\/ocoerente.com.br\/se\/wp-json\/wp\/v2\/tags?post=1369"}],"curies":[{"name":"wp","href":"https:\/\/api.w.org\/{rel}","templated":true}]}}