{"id":1366,"date":"2020-08-07T04:31:50","date_gmt":"2020-08-07T07:31:50","guid":{"rendered":"https:\/\/ocoerente.com.br\/se\/?p=1366"},"modified":"2020-08-07T04:31:50","modified_gmt":"2020-08-07T07:31:50","slug":"deputada-estadual-maisa-mitidieri-psd-comemora-14-anos-da-lei-maria-da-penha","status":"publish","type":"post","link":"https:\/\/ocoerente.com.br\/se\/2020\/08\/07\/deputada-estadual-maisa-mitidieri-psd-comemora-14-anos-da-lei-maria-da-penha\/","title":{"rendered":"Deputada Estadual Maisa Mitidieri (PSD) comemora 14 anos da Lei Maria da Penha"},"content":{"rendered":"<p>Sete de agosto de 2006, foi a data que marcou um divisor de \u00e1guas no combate \u00e0 viol\u00eancia contra mulher no Brasil. A institui\u00e7\u00e3o da Lei n\u00ba 11.340, mais conhecida como Lei Maria da Penha, criada com o intuito de impedir e combater a viol\u00eancia dom\u00e9stica familiar contra a mulher, este ano completa 14 anos e em comemora\u00e7\u00e3o a deputada estadual e presidente da Frente Parlamentar em Defesa das Mulheres da Assembleia Legislativa de Sergipe (Alese), Maisa Mitidieri (PSD) protocolou a Mo\u00e7\u00e3o de Aplauso, n\u00ba46\/2020 que parabeniza a Rede de Apoio de Prote\u00e7\u00e3o e Defesa da Mulher.<\/p>\n<p>A Mo\u00e7\u00e3o ser\u00e1 encaminhada \u00e0 Presidente do Conselho Estadual de Direito da Mulher, \u00c9rika Leite Santana, estendendo-se a toda Rede, em reconhecimento ao trabalho desenvolvido no combate a viol\u00eancia praticada contra as mulheres. \u201c\u00c9 muito importante destacar e parabenizar todos aqueles que est\u00e3o diariamente lutando para que os direitos das mulheres sejam preservados. Toda rede tem uma dedica\u00e7\u00e3o \u00edmpar e isso faz toda diferen\u00e7a\u201d, diz a Maisa.<\/p>\n<p>De acordo com a pesquisa \u201cViol\u00eancia Contra as Mulheres\u201d, do F\u00f3rum Brasileiro de Seguran\u00e7a P\u00fablica, o local mais perigoso para a mulher \u00e9 dentro de suas pr\u00f3prias casas. J\u00e1 que, segundo o estudo, 76% das agress\u00f5es s\u00e3o cometidas por homens conhecidos como namorado, c\u00f4njuge, companheiro, ex ou at\u00e9 vizinhos. Dados que chamam muito aten\u00e7\u00e3o, como explica a deputada. \u201cHoje, uma mulher se sentir mais segura na rua do que dentro da sua resid\u00eancia \u00e9 algo muito alarmante e chega a ser surreal. O nosso lar deveria ser um local de sossego e seguran\u00e7a, mas infelizmente a realidade diz o contr\u00e1rio\u201d, destaca.<\/p>\n<p>Dados da Coordenadoria de Estat\u00edstica e An\u00e1lise Criminal (CEACrim), \u00f3rg\u00e3o da Secretaria de Estado da Seguran\u00e7a P\u00fablica (SSP\/SE), mostra que entre janeiro e maio deste ano houve uma queda de 29,9% no n\u00famero de boletins de ocorr\u00eancia denunciando les\u00e3o corporal no \u00e2mbito dom\u00e9stico. Em contrapartida a esses n\u00fameros, os dados divulgados pelo F\u00f3rum Brasileiro de Seguran\u00e7a P\u00fablica mostra um crescimento de 22,2% no n\u00famero de feminic\u00eddios no pa\u00eds.<\/p>\n<p>Outra quest\u00e3o que chama a aten\u00e7\u00e3o no levantamento, trata do aumento no n\u00famero de den\u00fancias. Apenas em abril o crescimento foi de 37,6%, per\u00edodo em que todos os estados j\u00e1 adotaram medidas de distanciamento social. \u201cEmbora j\u00e1 tenhamos avan\u00e7ado bastante ainda teremos um longo caminho a ser trilhado dentro dessa luta em defesa da mulher\u201d, conclui a deputada.<\/p>\n<p>Denuncie!<br \/>\nO Departamento de Atendimento a Grupos Vulner\u00e1veis (DAGV) funciona em regime plantonista, atendendo a qualquer hora do dia ou da noite, desde outubro de 2018, e conta com uma unidade especializada para o atendimento de mulheres v\u00edtimas de qualquer tipo de viol\u00eancia em raz\u00e3o de g\u00eanero, a Delegacia Especial de Atendimento \u00e0 Mulher (DEAM). Qualquer ato que configure crime contra a mulher, pode ser denunciado pelo disque den\u00fancia: 181, a liga\u00e7\u00e3o \u00e9 gratuita e sigilosa.<\/p>\n","protected":false},"excerpt":{"rendered":"<p>Sete de agosto de 2006, foi a data que marcou um divisor de \u00e1guas no combate \u00e0 viol\u00eancia contra mulher no Brasil. A institui\u00e7\u00e3o da Lei n\u00ba 11.340, mais conhecida como Lei Maria da Penha, criada com o intuito de impedir e combater a viol\u00eancia dom\u00e9stica familiar contra a mulher, este ano completa 14 anos [&hellip;]<\/p>\n","protected":false},"author":1,"featured_media":1367,"comment_status":"closed","ping_status":"closed","sticky":false,"template":"","format":"standard","meta":{"footnotes":""},"categories":[53,44],"tags":[],"class_list":["post-1366","post","type-post","status-publish","format-standard","has-post-thumbnail","hentry","category-destaques","category-politica"],"yoast_head":"<!-- This site is optimized with the Yoast SEO plugin v27.4 - https:\/\/yoast.com\/product\/yoast-seo-wordpress\/ -->\n<title>Deputada Estadual Maisa Mitidieri (PSD) comemora 14 anos da Lei Maria da Penha - O Coerente<\/title>\n<meta name=\"robots\" content=\"index, follow, max-snippet:-1, max-image-preview:large, max-video-preview:-1\" \/>\n<link rel=\"canonical\" href=\"https:\/\/ocoerente.com.br\/se\/2020\/08\/07\/deputada-estadual-maisa-mitidieri-psd-comemora-14-anos-da-lei-maria-da-penha\/\" \/>\n<meta property=\"og:locale\" content=\"pt_BR\" \/>\n<meta property=\"og:type\" content=\"article\" \/>\n<meta property=\"og:title\" content=\"Deputada Estadual Maisa Mitidieri (PSD) comemora 14 anos da Lei Maria da Penha - O Coerente\" \/>\n<meta property=\"og:description\" content=\"Sete de agosto de 2006, foi a data que marcou um divisor de \u00e1guas no combate \u00e0 viol\u00eancia contra mulher no Brasil. A institui\u00e7\u00e3o da Lei n\u00ba 11.340, mais conhecida como Lei Maria da Penha, criada com o intuito de impedir e combater a viol\u00eancia dom\u00e9stica familiar contra a mulher, este ano completa 14 anos [&hellip;]\" \/>\n<meta property=\"og:url\" content=\"https:\/\/ocoerente.com.br\/se\/2020\/08\/07\/deputada-estadual-maisa-mitidieri-psd-comemora-14-anos-da-lei-maria-da-penha\/\" \/>\n<meta property=\"og:site_name\" content=\"O Coerente\" \/>\n<meta property=\"article:published_time\" content=\"2020-08-07T07:31:50+00:00\" \/>\n<meta property=\"og:image\" content=\"https:\/\/ocoerente.com.br\/se\/wp-content\/uploads\/2020\/08\/maisa_miti.jpg\" \/>\n\t<meta property=\"og:image:width\" content=\"952\" \/>\n\t<meta property=\"og:image:height\" content=\"725\" \/>\n\t<meta property=\"og:image:type\" content=\"image\/jpeg\" \/>\n<meta name=\"author\" content=\"Reda\u00e7\u00e3o\" \/>\n<meta name=\"twitter:card\" content=\"summary_large_image\" \/>\n<meta name=\"twitter:label1\" content=\"Escrito por\" \/>\n\t<meta name=\"twitter:data1\" content=\"Reda\u00e7\u00e3o\" \/>\n\t<meta name=\"twitter:label2\" content=\"Est. tempo de leitura\" \/>\n\t<meta name=\"twitter:data2\" content=\"3 minutos\" \/>\n<script type=\"application\/ld+json\" class=\"yoast-schema-graph\">{\"@context\":\"https:\\\/\\\/schema.org\",\"@graph\":[{\"@type\":\"Article\",\"@id\":\"https:\\\/\\\/ocoerente.com.br\\\/se\\\/2020\\\/08\\\/07\\\/deputada-estadual-maisa-mitidieri-psd-comemora-14-anos-da-lei-maria-da-penha\\\/#article\",\"isPartOf\":{\"@id\":\"https:\\\/\\\/ocoerente.com.br\\\/se\\\/2020\\\/08\\\/07\\\/deputada-estadual-maisa-mitidieri-psd-comemora-14-anos-da-lei-maria-da-penha\\\/\"},\"author\":{\"name\":\"Reda\u00e7\u00e3o\",\"@id\":\"https:\\\/\\\/ocoerente.com.br\\\/se\\\/#\\\/schema\\\/person\\\/cc6bfd9fbca465e23543b0c963d8d037\"},\"headline\":\"Deputada Estadual Maisa Mitidieri (PSD) comemora 14 anos da Lei Maria da Penha\",\"datePublished\":\"2020-08-07T07:31:50+00:00\",\"mainEntityOfPage\":{\"@id\":\"https:\\\/\\\/ocoerente.com.br\\\/se\\\/2020\\\/08\\\/07\\\/deputada-estadual-maisa-mitidieri-psd-comemora-14-anos-da-lei-maria-da-penha\\\/\"},\"wordCount\":517,\"publisher\":{\"@id\":\"https:\\\/\\\/ocoerente.com.br\\\/se\\\/#\\\/schema\\\/person\\\/cc6bfd9fbca465e23543b0c963d8d037\"},\"image\":{\"@id\":\"https:\\\/\\\/ocoerente.com.br\\\/se\\\/2020\\\/08\\\/07\\\/deputada-estadual-maisa-mitidieri-psd-comemora-14-anos-da-lei-maria-da-penha\\\/#primaryimage\"},\"thumbnailUrl\":\"https:\\\/\\\/ocoerente.com.br\\\/se\\\/wp-content\\\/uploads\\\/2020\\\/08\\\/maisa_miti.jpg\",\"articleSection\":[\"Destaques\",\"Pol\u00edtica\"],\"inLanguage\":\"pt-BR\"},{\"@type\":\"WebPage\",\"@id\":\"https:\\\/\\\/ocoerente.com.br\\\/se\\\/2020\\\/08\\\/07\\\/deputada-estadual-maisa-mitidieri-psd-comemora-14-anos-da-lei-maria-da-penha\\\/\",\"url\":\"https:\\\/\\\/ocoerente.com.br\\\/se\\\/2020\\\/08\\\/07\\\/deputada-estadual-maisa-mitidieri-psd-comemora-14-anos-da-lei-maria-da-penha\\\/\",\"name\":\"Deputada Estadual Maisa Mitidieri (PSD) comemora 14 anos da Lei Maria da Penha - O Coerente\",\"isPartOf\":{\"@id\":\"https:\\\/\\\/ocoerente.com.br\\\/se\\\/#website\"},\"primaryImageOfPage\":{\"@id\":\"https:\\\/\\\/ocoerente.com.br\\\/se\\\/2020\\\/08\\\/07\\\/deputada-estadual-maisa-mitidieri-psd-comemora-14-anos-da-lei-maria-da-penha\\\/#primaryimage\"},\"image\":{\"@id\":\"https:\\\/\\\/ocoerente.com.br\\\/se\\\/2020\\\/08\\\/07\\\/deputada-estadual-maisa-mitidieri-psd-comemora-14-anos-da-lei-maria-da-penha\\\/#primaryimage\"},\"thumbnailUrl\":\"https:\\\/\\\/ocoerente.com.br\\\/se\\\/wp-content\\\/uploads\\\/2020\\\/08\\\/maisa_miti.jpg\",\"datePublished\":\"2020-08-07T07:31:50+00:00\",\"breadcrumb\":{\"@id\":\"https:\\\/\\\/ocoerente.com.br\\\/se\\\/2020\\\/08\\\/07\\\/deputada-estadual-maisa-mitidieri-psd-comemora-14-anos-da-lei-maria-da-penha\\\/#breadcrumb\"},\"inLanguage\":\"pt-BR\",\"potentialAction\":[{\"@type\":\"ReadAction\",\"target\":[\"https:\\\/\\\/ocoerente.com.br\\\/se\\\/2020\\\/08\\\/07\\\/deputada-estadual-maisa-mitidieri-psd-comemora-14-anos-da-lei-maria-da-penha\\\/\"]}]},{\"@type\":\"ImageObject\",\"inLanguage\":\"pt-BR\",\"@id\":\"https:\\\/\\\/ocoerente.com.br\\\/se\\\/2020\\\/08\\\/07\\\/deputada-estadual-maisa-mitidieri-psd-comemora-14-anos-da-lei-maria-da-penha\\\/#primaryimage\",\"url\":\"https:\\\/\\\/ocoerente.com.br\\\/se\\\/wp-content\\\/uploads\\\/2020\\\/08\\\/maisa_miti.jpg\",\"contentUrl\":\"https:\\\/\\\/ocoerente.com.br\\\/se\\\/wp-content\\\/uploads\\\/2020\\\/08\\\/maisa_miti.jpg\",\"width\":952,\"height\":725},{\"@type\":\"BreadcrumbList\",\"@id\":\"https:\\\/\\\/ocoerente.com.br\\\/se\\\/2020\\\/08\\\/07\\\/deputada-estadual-maisa-mitidieri-psd-comemora-14-anos-da-lei-maria-da-penha\\\/#breadcrumb\",\"itemListElement\":[{\"@type\":\"ListItem\",\"position\":1,\"name\":\"In\u00edcio\",\"item\":\"https:\\\/\\\/ocoerente.com.br\\\/se\\\/\"},{\"@type\":\"ListItem\",\"position\":2,\"name\":\"Deputada Estadual Maisa Mitidieri (PSD) comemora 14 anos da Lei Maria da Penha\"}]},{\"@type\":\"WebSite\",\"@id\":\"https:\\\/\\\/ocoerente.com.br\\\/se\\\/#website\",\"url\":\"https:\\\/\\\/ocoerente.com.br\\\/se\\\/\",\"name\":\"O Coerente\",\"description\":\"\",\"publisher\":{\"@id\":\"https:\\\/\\\/ocoerente.com.br\\\/se\\\/#\\\/schema\\\/person\\\/cc6bfd9fbca465e23543b0c963d8d037\"},\"potentialAction\":[{\"@type\":\"SearchAction\",\"target\":{\"@type\":\"EntryPoint\",\"urlTemplate\":\"https:\\\/\\\/ocoerente.com.br\\\/se\\\/?s={search_term_string}\"},\"query-input\":{\"@type\":\"PropertyValueSpecification\",\"valueRequired\":true,\"valueName\":\"search_term_string\"}}],\"inLanguage\":\"pt-BR\"},{\"@type\":[\"Person\",\"Organization\"],\"@id\":\"https:\\\/\\\/ocoerente.com.br\\\/se\\\/#\\\/schema\\\/person\\\/cc6bfd9fbca465e23543b0c963d8d037\",\"name\":\"Reda\u00e7\u00e3o\",\"image\":{\"@type\":\"ImageObject\",\"inLanguage\":\"pt-BR\",\"@id\":\"https:\\\/\\\/ocoerente.com.br\\\/se\\\/wp-content\\\/uploads\\\/2020\\\/01\\\/ocoerente-1.png\",\"url\":\"https:\\\/\\\/ocoerente.com.br\\\/se\\\/wp-content\\\/uploads\\\/2020\\\/01\\\/ocoerente-1.png\",\"contentUrl\":\"https:\\\/\\\/ocoerente.com.br\\\/se\\\/wp-content\\\/uploads\\\/2020\\\/01\\\/ocoerente-1.png\",\"width\":50,\"height\":50,\"caption\":\"Reda\u00e7\u00e3o\"},\"logo\":{\"@id\":\"https:\\\/\\\/ocoerente.com.br\\\/se\\\/wp-content\\\/uploads\\\/2020\\\/01\\\/ocoerente-1.png\"},\"url\":\"https:\\\/\\\/ocoerente.com.br\\\/se\\\/author\\\/vasticlsales\\\/\"}]}<\/script>\n<!-- \/ Yoast SEO plugin. -->","yoast_head_json":{"title":"Deputada Estadual Maisa Mitidieri (PSD) comemora 14 anos da Lei Maria da Penha - O Coerente","robots":{"index":"index","follow":"follow","max-snippet":"max-snippet:-1","max-image-preview":"max-image-preview:large","max-video-preview":"max-video-preview:-1"},"canonical":"https:\/\/ocoerente.com.br\/se\/2020\/08\/07\/deputada-estadual-maisa-mitidieri-psd-comemora-14-anos-da-lei-maria-da-penha\/","og_locale":"pt_BR","og_type":"article","og_title":"Deputada Estadual Maisa Mitidieri (PSD) comemora 14 anos da Lei Maria da Penha - O Coerente","og_description":"Sete de agosto de 2006, foi a data que marcou um divisor de \u00e1guas no combate \u00e0 viol\u00eancia contra mulher no Brasil. A institui\u00e7\u00e3o da Lei n\u00ba 11.340, mais conhecida como Lei Maria da Penha, criada com o intuito de impedir e combater a viol\u00eancia dom\u00e9stica familiar contra a mulher, este ano completa 14 anos [&hellip;]","og_url":"https:\/\/ocoerente.com.br\/se\/2020\/08\/07\/deputada-estadual-maisa-mitidieri-psd-comemora-14-anos-da-lei-maria-da-penha\/","og_site_name":"O Coerente","article_published_time":"2020-08-07T07:31:50+00:00","og_image":[{"width":952,"height":725,"url":"https:\/\/ocoerente.com.br\/se\/wp-content\/uploads\/2020\/08\/maisa_miti.jpg","type":"image\/jpeg"}],"author":"Reda\u00e7\u00e3o","twitter_card":"summary_large_image","twitter_misc":{"Escrito por":"Reda\u00e7\u00e3o","Est. tempo de leitura":"3 minutos"},"schema":{"@context":"https:\/\/schema.org","@graph":[{"@type":"Article","@id":"https:\/\/ocoerente.com.br\/se\/2020\/08\/07\/deputada-estadual-maisa-mitidieri-psd-comemora-14-anos-da-lei-maria-da-penha\/#article","isPartOf":{"@id":"https:\/\/ocoerente.com.br\/se\/2020\/08\/07\/deputada-estadual-maisa-mitidieri-psd-comemora-14-anos-da-lei-maria-da-penha\/"},"author":{"name":"Reda\u00e7\u00e3o","@id":"https:\/\/ocoerente.com.br\/se\/#\/schema\/person\/cc6bfd9fbca465e23543b0c963d8d037"},"headline":"Deputada Estadual Maisa Mitidieri (PSD) comemora 14 anos da Lei Maria da Penha","datePublished":"2020-08-07T07:31:50+00:00","mainEntityOfPage":{"@id":"https:\/\/ocoerente.com.br\/se\/2020\/08\/07\/deputada-estadual-maisa-mitidieri-psd-comemora-14-anos-da-lei-maria-da-penha\/"},"wordCount":517,"publisher":{"@id":"https:\/\/ocoerente.com.br\/se\/#\/schema\/person\/cc6bfd9fbca465e23543b0c963d8d037"},"image":{"@id":"https:\/\/ocoerente.com.br\/se\/2020\/08\/07\/deputada-estadual-maisa-mitidieri-psd-comemora-14-anos-da-lei-maria-da-penha\/#primaryimage"},"thumbnailUrl":"https:\/\/ocoerente.com.br\/se\/wp-content\/uploads\/2020\/08\/maisa_miti.jpg","articleSection":["Destaques","Pol\u00edtica"],"inLanguage":"pt-BR"},{"@type":"WebPage","@id":"https:\/\/ocoerente.com.br\/se\/2020\/08\/07\/deputada-estadual-maisa-mitidieri-psd-comemora-14-anos-da-lei-maria-da-penha\/","url":"https:\/\/ocoerente.com.br\/se\/2020\/08\/07\/deputada-estadual-maisa-mitidieri-psd-comemora-14-anos-da-lei-maria-da-penha\/","name":"Deputada Estadual Maisa Mitidieri (PSD) comemora 14 anos da Lei Maria da Penha - O Coerente","isPartOf":{"@id":"https:\/\/ocoerente.com.br\/se\/#website"},"primaryImageOfPage":{"@id":"https:\/\/ocoerente.com.br\/se\/2020\/08\/07\/deputada-estadual-maisa-mitidieri-psd-comemora-14-anos-da-lei-maria-da-penha\/#primaryimage"},"image":{"@id":"https:\/\/ocoerente.com.br\/se\/2020\/08\/07\/deputada-estadual-maisa-mitidieri-psd-comemora-14-anos-da-lei-maria-da-penha\/#primaryimage"},"thumbnailUrl":"https:\/\/ocoerente.com.br\/se\/wp-content\/uploads\/2020\/08\/maisa_miti.jpg","datePublished":"2020-08-07T07:31:50+00:00","breadcrumb":{"@id":"https:\/\/ocoerente.com.br\/se\/2020\/08\/07\/deputada-estadual-maisa-mitidieri-psd-comemora-14-anos-da-lei-maria-da-penha\/#breadcrumb"},"inLanguage":"pt-BR","potentialAction":[{"@type":"ReadAction","target":["https:\/\/ocoerente.com.br\/se\/2020\/08\/07\/deputada-estadual-maisa-mitidieri-psd-comemora-14-anos-da-lei-maria-da-penha\/"]}]},{"@type":"ImageObject","inLanguage":"pt-BR","@id":"https:\/\/ocoerente.com.br\/se\/2020\/08\/07\/deputada-estadual-maisa-mitidieri-psd-comemora-14-anos-da-lei-maria-da-penha\/#primaryimage","url":"https:\/\/ocoerente.com.br\/se\/wp-content\/uploads\/2020\/08\/maisa_miti.jpg","contentUrl":"https:\/\/ocoerente.com.br\/se\/wp-content\/uploads\/2020\/08\/maisa_miti.jpg","width":952,"height":725},{"@type":"BreadcrumbList","@id":"https:\/\/ocoerente.com.br\/se\/2020\/08\/07\/deputada-estadual-maisa-mitidieri-psd-comemora-14-anos-da-lei-maria-da-penha\/#breadcrumb","itemListElement":[{"@type":"ListItem","position":1,"name":"In\u00edcio","item":"https:\/\/ocoerente.com.br\/se\/"},{"@type":"ListItem","position":2,"name":"Deputada Estadual Maisa Mitidieri (PSD) comemora 14 anos da Lei Maria da Penha"}]},{"@type":"WebSite","@id":"https:\/\/ocoerente.com.br\/se\/#website","url":"https:\/\/ocoerente.com.br\/se\/","name":"O Coerente","description":"","publisher":{"@id":"https:\/\/ocoerente.com.br\/se\/#\/schema\/person\/cc6bfd9fbca465e23543b0c963d8d037"},"potentialAction":[{"@type":"SearchAction","target":{"@type":"EntryPoint","urlTemplate":"https:\/\/ocoerente.com.br\/se\/?s={search_term_string}"},"query-input":{"@type":"PropertyValueSpecification","valueRequired":true,"valueName":"search_term_string"}}],"inLanguage":"pt-BR"},{"@type":["Person","Organization"],"@id":"https:\/\/ocoerente.com.br\/se\/#\/schema\/person\/cc6bfd9fbca465e23543b0c963d8d037","name":"Reda\u00e7\u00e3o","image":{"@type":"ImageObject","inLanguage":"pt-BR","@id":"https:\/\/ocoerente.com.br\/se\/wp-content\/uploads\/2020\/01\/ocoerente-1.png","url":"https:\/\/ocoerente.com.br\/se\/wp-content\/uploads\/2020\/01\/ocoerente-1.png","contentUrl":"https:\/\/ocoerente.com.br\/se\/wp-content\/uploads\/2020\/01\/ocoerente-1.png","width":50,"height":50,"caption":"Reda\u00e7\u00e3o"},"logo":{"@id":"https:\/\/ocoerente.com.br\/se\/wp-content\/uploads\/2020\/01\/ocoerente-1.png"},"url":"https:\/\/ocoerente.com.br\/se\/author\/vasticlsales\/"}]}},"_links":{"self":[{"href":"https:\/\/ocoerente.com.br\/se\/wp-json\/wp\/v2\/posts\/1366","targetHints":{"allow":["GET"]}}],"collection":[{"href":"https:\/\/ocoerente.com.br\/se\/wp-json\/wp\/v2\/posts"}],"about":[{"href":"https:\/\/ocoerente.com.br\/se\/wp-json\/wp\/v2\/types\/post"}],"author":[{"embeddable":true,"href":"https:\/\/ocoerente.com.br\/se\/wp-json\/wp\/v2\/users\/1"}],"replies":[{"embeddable":true,"href":"https:\/\/ocoerente.com.br\/se\/wp-json\/wp\/v2\/comments?post=1366"}],"version-history":[{"count":1,"href":"https:\/\/ocoerente.com.br\/se\/wp-json\/wp\/v2\/posts\/1366\/revisions"}],"predecessor-version":[{"id":1368,"href":"https:\/\/ocoerente.com.br\/se\/wp-json\/wp\/v2\/posts\/1366\/revisions\/1368"}],"wp:featuredmedia":[{"embeddable":true,"href":"https:\/\/ocoerente.com.br\/se\/wp-json\/wp\/v2\/media\/1367"}],"wp:attachment":[{"href":"https:\/\/ocoerente.com.br\/se\/wp-json\/wp\/v2\/media?parent=1366"}],"wp:term":[{"taxonomy":"category","embeddable":true,"href":"https:\/\/ocoerente.com.br\/se\/wp-json\/wp\/v2\/categories?post=1366"},{"taxonomy":"post_tag","embeddable":true,"href":"https:\/\/ocoerente.com.br\/se\/wp-json\/wp\/v2\/tags?post=1366"}],"curies":[{"name":"wp","href":"https:\/\/api.w.org\/{rel}","templated":true}]}}