{"id":1363,"date":"2020-08-05T12:34:43","date_gmt":"2020-08-05T15:34:43","guid":{"rendered":"https:\/\/ocoerente.com.br\/se\/?p=1363"},"modified":"2020-08-05T12:34:43","modified_gmt":"2020-08-05T15:34:43","slug":"deputada-maisa-mitidieri-continua-trabalhando-muito-na-alese","status":"publish","type":"post","link":"https:\/\/ocoerente.com.br\/se\/2020\/08\/05\/deputada-maisa-mitidieri-continua-trabalhando-muito-na-alese\/","title":{"rendered":"Deputada Maisa Mitidieri, continua trabalhando muito na Alese"},"content":{"rendered":"<p>A deputada Estadual Maisa Mitidieri continua trabalhando firme dentro da Alese, mesmo nesse momento de Pandemia. E j\u00e1 est\u00e1 planejando no seu gabinete, entre outras a\u00e7\u00f5es, o Setembro Amarelo.<\/p>\n<p>Maisa Mitidieri, aproveita para se solidarizar com as fam\u00edlias que perderam seus entes queridos para a Covid-19. Ela lamenta que esse V\u00edrus \u00e9 invis\u00edvel e muito perigoso.<\/p>\n<p>Al\u00e9m da A\u00e7\u00e3o do Setembro Amarelo, a deputada Maisa, tem feitos reuni\u00f5es virtuais com lideran\u00e7as da sua base pol\u00edtica do interior de Sergipe. Articulando as pr\u00e9 candidaturas dos vereadores e vices prefeitos de v\u00e1rios munic\u00edpios do nosso Estado.<\/p>\n<p>Durante o m\u00eas da Campanha costuma-se iluminar locais p\u00fablicos com a Cor amarela. Setembro amarelo \u00e9 uma Campanha de preven\u00e7\u00e3o ao Suic\u00eddio, iniciada em 2015. O m\u00eas de Setembro foi escolhido para a Campanha, porque desde 2003, o dia 10 de Setembro \u00e9 o dia Mundial de preven\u00e7\u00e3o do Suic\u00eddio.<\/p>\n<p>Ela alerta a popula\u00e7\u00e3o que, quem pode ficar em casa fique. E quem n\u00e3o puder, sai com m\u00e1scara e utilize \u00e1lcool gel constantemente e lave as m\u00e3os tamb\u00e9m.<\/p>\n","protected":false},"excerpt":{"rendered":"<p>A deputada Estadual Maisa Mitidieri continua trabalhando firme dentro da Alese, mesmo nesse momento de Pandemia. E j\u00e1 est\u00e1 planejando no seu gabinete, entre outras a\u00e7\u00f5es, o Setembro Amarelo. Maisa Mitidieri, aproveita para se solidarizar com as fam\u00edlias que perderam seus entes queridos para a Covid-19. Ela lamenta que esse V\u00edrus \u00e9 invis\u00edvel e muito [&hellip;]<\/p>\n","protected":false},"author":1,"featured_media":1364,"comment_status":"closed","ping_status":"closed","sticky":false,"template":"","format":"standard","meta":{"footnotes":""},"categories":[53,44],"tags":[],"class_list":["post-1363","post","type-post","status-publish","format-standard","has-post-thumbnail","hentry","category-destaques","category-politica"],"yoast_head":"<!-- This site is optimized with the Yoast SEO plugin v27.4 - https:\/\/yoast.com\/product\/yoast-seo-wordpress\/ -->\n<title>Deputada Maisa Mitidieri, continua trabalhando muito na Alese - O Coerente<\/title>\n<meta name=\"robots\" content=\"index, follow, max-snippet:-1, max-image-preview:large, max-video-preview:-1\" \/>\n<link rel=\"canonical\" href=\"https:\/\/ocoerente.com.br\/se\/2020\/08\/05\/deputada-maisa-mitidieri-continua-trabalhando-muito-na-alese\/\" \/>\n<meta property=\"og:locale\" content=\"pt_BR\" \/>\n<meta property=\"og:type\" content=\"article\" \/>\n<meta property=\"og:title\" content=\"Deputada Maisa Mitidieri, continua trabalhando muito na Alese - O Coerente\" \/>\n<meta property=\"og:description\" content=\"A deputada Estadual Maisa Mitidieri continua trabalhando firme dentro da Alese, mesmo nesse momento de Pandemia. E j\u00e1 est\u00e1 planejando no seu gabinete, entre outras a\u00e7\u00f5es, o Setembro Amarelo. Maisa Mitidieri, aproveita para se solidarizar com as fam\u00edlias que perderam seus entes queridos para a Covid-19. Ela lamenta que esse V\u00edrus \u00e9 invis\u00edvel e muito [&hellip;]\" \/>\n<meta property=\"og:url\" content=\"https:\/\/ocoerente.com.br\/se\/2020\/08\/05\/deputada-maisa-mitidieri-continua-trabalhando-muito-na-alese\/\" \/>\n<meta property=\"og:site_name\" content=\"O Coerente\" \/>\n<meta property=\"article:published_time\" content=\"2020-08-05T15:34:43+00:00\" \/>\n<meta property=\"og:image\" content=\"https:\/\/ocoerente.com.br\/se\/wp-content\/uploads\/2020\/08\/DSC_0327-scaled.jpg\" \/>\n\t<meta property=\"og:image:width\" content=\"2560\" \/>\n\t<meta property=\"og:image:height\" content=\"1711\" \/>\n\t<meta property=\"og:image:type\" content=\"image\/jpeg\" \/>\n<meta name=\"author\" content=\"Reda\u00e7\u00e3o\" \/>\n<meta name=\"twitter:card\" content=\"summary_large_image\" \/>\n<meta name=\"twitter:label1\" content=\"Escrito por\" \/>\n\t<meta name=\"twitter:data1\" content=\"Reda\u00e7\u00e3o\" \/>\n\t<meta name=\"twitter:label2\" content=\"Est. tempo de leitura\" \/>\n\t<meta name=\"twitter:data2\" content=\"1 minuto\" \/>\n<script type=\"application\/ld+json\" class=\"yoast-schema-graph\">{\"@context\":\"https:\\\/\\\/schema.org\",\"@graph\":[{\"@type\":\"Article\",\"@id\":\"https:\\\/\\\/ocoerente.com.br\\\/se\\\/2020\\\/08\\\/05\\\/deputada-maisa-mitidieri-continua-trabalhando-muito-na-alese\\\/#article\",\"isPartOf\":{\"@id\":\"https:\\\/\\\/ocoerente.com.br\\\/se\\\/2020\\\/08\\\/05\\\/deputada-maisa-mitidieri-continua-trabalhando-muito-na-alese\\\/\"},\"author\":{\"name\":\"Reda\u00e7\u00e3o\",\"@id\":\"https:\\\/\\\/ocoerente.com.br\\\/se\\\/#\\\/schema\\\/person\\\/cc6bfd9fbca465e23543b0c963d8d037\"},\"headline\":\"Deputada Maisa Mitidieri, continua trabalhando muito na Alese\",\"datePublished\":\"2020-08-05T15:34:43+00:00\",\"mainEntityOfPage\":{\"@id\":\"https:\\\/\\\/ocoerente.com.br\\\/se\\\/2020\\\/08\\\/05\\\/deputada-maisa-mitidieri-continua-trabalhando-muito-na-alese\\\/\"},\"wordCount\":197,\"publisher\":{\"@id\":\"https:\\\/\\\/ocoerente.com.br\\\/se\\\/#\\\/schema\\\/person\\\/cc6bfd9fbca465e23543b0c963d8d037\"},\"image\":{\"@id\":\"https:\\\/\\\/ocoerente.com.br\\\/se\\\/2020\\\/08\\\/05\\\/deputada-maisa-mitidieri-continua-trabalhando-muito-na-alese\\\/#primaryimage\"},\"thumbnailUrl\":\"https:\\\/\\\/ocoerente.com.br\\\/se\\\/wp-content\\\/uploads\\\/2020\\\/08\\\/DSC_0327-scaled.jpg\",\"articleSection\":[\"Destaques\",\"Pol\u00edtica\"],\"inLanguage\":\"pt-BR\"},{\"@type\":\"WebPage\",\"@id\":\"https:\\\/\\\/ocoerente.com.br\\\/se\\\/2020\\\/08\\\/05\\\/deputada-maisa-mitidieri-continua-trabalhando-muito-na-alese\\\/\",\"url\":\"https:\\\/\\\/ocoerente.com.br\\\/se\\\/2020\\\/08\\\/05\\\/deputada-maisa-mitidieri-continua-trabalhando-muito-na-alese\\\/\",\"name\":\"Deputada Maisa Mitidieri, continua trabalhando muito na Alese - O Coerente\",\"isPartOf\":{\"@id\":\"https:\\\/\\\/ocoerente.com.br\\\/se\\\/#website\"},\"primaryImageOfPage\":{\"@id\":\"https:\\\/\\\/ocoerente.com.br\\\/se\\\/2020\\\/08\\\/05\\\/deputada-maisa-mitidieri-continua-trabalhando-muito-na-alese\\\/#primaryimage\"},\"image\":{\"@id\":\"https:\\\/\\\/ocoerente.com.br\\\/se\\\/2020\\\/08\\\/05\\\/deputada-maisa-mitidieri-continua-trabalhando-muito-na-alese\\\/#primaryimage\"},\"thumbnailUrl\":\"https:\\\/\\\/ocoerente.com.br\\\/se\\\/wp-content\\\/uploads\\\/2020\\\/08\\\/DSC_0327-scaled.jpg\",\"datePublished\":\"2020-08-05T15:34:43+00:00\",\"breadcrumb\":{\"@id\":\"https:\\\/\\\/ocoerente.com.br\\\/se\\\/2020\\\/08\\\/05\\\/deputada-maisa-mitidieri-continua-trabalhando-muito-na-alese\\\/#breadcrumb\"},\"inLanguage\":\"pt-BR\",\"potentialAction\":[{\"@type\":\"ReadAction\",\"target\":[\"https:\\\/\\\/ocoerente.com.br\\\/se\\\/2020\\\/08\\\/05\\\/deputada-maisa-mitidieri-continua-trabalhando-muito-na-alese\\\/\"]}]},{\"@type\":\"ImageObject\",\"inLanguage\":\"pt-BR\",\"@id\":\"https:\\\/\\\/ocoerente.com.br\\\/se\\\/2020\\\/08\\\/05\\\/deputada-maisa-mitidieri-continua-trabalhando-muito-na-alese\\\/#primaryimage\",\"url\":\"https:\\\/\\\/ocoerente.com.br\\\/se\\\/wp-content\\\/uploads\\\/2020\\\/08\\\/DSC_0327-scaled.jpg\",\"contentUrl\":\"https:\\\/\\\/ocoerente.com.br\\\/se\\\/wp-content\\\/uploads\\\/2020\\\/08\\\/DSC_0327-scaled.jpg\",\"width\":2560,\"height\":1711},{\"@type\":\"BreadcrumbList\",\"@id\":\"https:\\\/\\\/ocoerente.com.br\\\/se\\\/2020\\\/08\\\/05\\\/deputada-maisa-mitidieri-continua-trabalhando-muito-na-alese\\\/#breadcrumb\",\"itemListElement\":[{\"@type\":\"ListItem\",\"position\":1,\"name\":\"In\u00edcio\",\"item\":\"https:\\\/\\\/ocoerente.com.br\\\/se\\\/\"},{\"@type\":\"ListItem\",\"position\":2,\"name\":\"Deputada Maisa Mitidieri, continua trabalhando muito na Alese\"}]},{\"@type\":\"WebSite\",\"@id\":\"https:\\\/\\\/ocoerente.com.br\\\/se\\\/#website\",\"url\":\"https:\\\/\\\/ocoerente.com.br\\\/se\\\/\",\"name\":\"O Coerente\",\"description\":\"\",\"publisher\":{\"@id\":\"https:\\\/\\\/ocoerente.com.br\\\/se\\\/#\\\/schema\\\/person\\\/cc6bfd9fbca465e23543b0c963d8d037\"},\"potentialAction\":[{\"@type\":\"SearchAction\",\"target\":{\"@type\":\"EntryPoint\",\"urlTemplate\":\"https:\\\/\\\/ocoerente.com.br\\\/se\\\/?s={search_term_string}\"},\"query-input\":{\"@type\":\"PropertyValueSpecification\",\"valueRequired\":true,\"valueName\":\"search_term_string\"}}],\"inLanguage\":\"pt-BR\"},{\"@type\":[\"Person\",\"Organization\"],\"@id\":\"https:\\\/\\\/ocoerente.com.br\\\/se\\\/#\\\/schema\\\/person\\\/cc6bfd9fbca465e23543b0c963d8d037\",\"name\":\"Reda\u00e7\u00e3o\",\"image\":{\"@type\":\"ImageObject\",\"inLanguage\":\"pt-BR\",\"@id\":\"https:\\\/\\\/ocoerente.com.br\\\/se\\\/wp-content\\\/uploads\\\/2020\\\/01\\\/ocoerente-1.png\",\"url\":\"https:\\\/\\\/ocoerente.com.br\\\/se\\\/wp-content\\\/uploads\\\/2020\\\/01\\\/ocoerente-1.png\",\"contentUrl\":\"https:\\\/\\\/ocoerente.com.br\\\/se\\\/wp-content\\\/uploads\\\/2020\\\/01\\\/ocoerente-1.png\",\"width\":50,\"height\":50,\"caption\":\"Reda\u00e7\u00e3o\"},\"logo\":{\"@id\":\"https:\\\/\\\/ocoerente.com.br\\\/se\\\/wp-content\\\/uploads\\\/2020\\\/01\\\/ocoerente-1.png\"},\"url\":\"https:\\\/\\\/ocoerente.com.br\\\/se\\\/author\\\/vasticlsales\\\/\"}]}<\/script>\n<!-- \/ Yoast SEO plugin. -->","yoast_head_json":{"title":"Deputada Maisa Mitidieri, continua trabalhando muito na Alese - O Coerente","robots":{"index":"index","follow":"follow","max-snippet":"max-snippet:-1","max-image-preview":"max-image-preview:large","max-video-preview":"max-video-preview:-1"},"canonical":"https:\/\/ocoerente.com.br\/se\/2020\/08\/05\/deputada-maisa-mitidieri-continua-trabalhando-muito-na-alese\/","og_locale":"pt_BR","og_type":"article","og_title":"Deputada Maisa Mitidieri, continua trabalhando muito na Alese - O Coerente","og_description":"A deputada Estadual Maisa Mitidieri continua trabalhando firme dentro da Alese, mesmo nesse momento de Pandemia. E j\u00e1 est\u00e1 planejando no seu gabinete, entre outras a\u00e7\u00f5es, o Setembro Amarelo. Maisa Mitidieri, aproveita para se solidarizar com as fam\u00edlias que perderam seus entes queridos para a Covid-19. Ela lamenta que esse V\u00edrus \u00e9 invis\u00edvel e muito [&hellip;]","og_url":"https:\/\/ocoerente.com.br\/se\/2020\/08\/05\/deputada-maisa-mitidieri-continua-trabalhando-muito-na-alese\/","og_site_name":"O Coerente","article_published_time":"2020-08-05T15:34:43+00:00","og_image":[{"width":2560,"height":1711,"url":"https:\/\/ocoerente.com.br\/se\/wp-content\/uploads\/2020\/08\/DSC_0327-scaled.jpg","type":"image\/jpeg"}],"author":"Reda\u00e7\u00e3o","twitter_card":"summary_large_image","twitter_misc":{"Escrito por":"Reda\u00e7\u00e3o","Est. tempo de leitura":"1 minuto"},"schema":{"@context":"https:\/\/schema.org","@graph":[{"@type":"Article","@id":"https:\/\/ocoerente.com.br\/se\/2020\/08\/05\/deputada-maisa-mitidieri-continua-trabalhando-muito-na-alese\/#article","isPartOf":{"@id":"https:\/\/ocoerente.com.br\/se\/2020\/08\/05\/deputada-maisa-mitidieri-continua-trabalhando-muito-na-alese\/"},"author":{"name":"Reda\u00e7\u00e3o","@id":"https:\/\/ocoerente.com.br\/se\/#\/schema\/person\/cc6bfd9fbca465e23543b0c963d8d037"},"headline":"Deputada Maisa Mitidieri, continua trabalhando muito na Alese","datePublished":"2020-08-05T15:34:43+00:00","mainEntityOfPage":{"@id":"https:\/\/ocoerente.com.br\/se\/2020\/08\/05\/deputada-maisa-mitidieri-continua-trabalhando-muito-na-alese\/"},"wordCount":197,"publisher":{"@id":"https:\/\/ocoerente.com.br\/se\/#\/schema\/person\/cc6bfd9fbca465e23543b0c963d8d037"},"image":{"@id":"https:\/\/ocoerente.com.br\/se\/2020\/08\/05\/deputada-maisa-mitidieri-continua-trabalhando-muito-na-alese\/#primaryimage"},"thumbnailUrl":"https:\/\/ocoerente.com.br\/se\/wp-content\/uploads\/2020\/08\/DSC_0327-scaled.jpg","articleSection":["Destaques","Pol\u00edtica"],"inLanguage":"pt-BR"},{"@type":"WebPage","@id":"https:\/\/ocoerente.com.br\/se\/2020\/08\/05\/deputada-maisa-mitidieri-continua-trabalhando-muito-na-alese\/","url":"https:\/\/ocoerente.com.br\/se\/2020\/08\/05\/deputada-maisa-mitidieri-continua-trabalhando-muito-na-alese\/","name":"Deputada Maisa Mitidieri, continua trabalhando muito na Alese - O Coerente","isPartOf":{"@id":"https:\/\/ocoerente.com.br\/se\/#website"},"primaryImageOfPage":{"@id":"https:\/\/ocoerente.com.br\/se\/2020\/08\/05\/deputada-maisa-mitidieri-continua-trabalhando-muito-na-alese\/#primaryimage"},"image":{"@id":"https:\/\/ocoerente.com.br\/se\/2020\/08\/05\/deputada-maisa-mitidieri-continua-trabalhando-muito-na-alese\/#primaryimage"},"thumbnailUrl":"https:\/\/ocoerente.com.br\/se\/wp-content\/uploads\/2020\/08\/DSC_0327-scaled.jpg","datePublished":"2020-08-05T15:34:43+00:00","breadcrumb":{"@id":"https:\/\/ocoerente.com.br\/se\/2020\/08\/05\/deputada-maisa-mitidieri-continua-trabalhando-muito-na-alese\/#breadcrumb"},"inLanguage":"pt-BR","potentialAction":[{"@type":"ReadAction","target":["https:\/\/ocoerente.com.br\/se\/2020\/08\/05\/deputada-maisa-mitidieri-continua-trabalhando-muito-na-alese\/"]}]},{"@type":"ImageObject","inLanguage":"pt-BR","@id":"https:\/\/ocoerente.com.br\/se\/2020\/08\/05\/deputada-maisa-mitidieri-continua-trabalhando-muito-na-alese\/#primaryimage","url":"https:\/\/ocoerente.com.br\/se\/wp-content\/uploads\/2020\/08\/DSC_0327-scaled.jpg","contentUrl":"https:\/\/ocoerente.com.br\/se\/wp-content\/uploads\/2020\/08\/DSC_0327-scaled.jpg","width":2560,"height":1711},{"@type":"BreadcrumbList","@id":"https:\/\/ocoerente.com.br\/se\/2020\/08\/05\/deputada-maisa-mitidieri-continua-trabalhando-muito-na-alese\/#breadcrumb","itemListElement":[{"@type":"ListItem","position":1,"name":"In\u00edcio","item":"https:\/\/ocoerente.com.br\/se\/"},{"@type":"ListItem","position":2,"name":"Deputada Maisa Mitidieri, continua trabalhando muito na Alese"}]},{"@type":"WebSite","@id":"https:\/\/ocoerente.com.br\/se\/#website","url":"https:\/\/ocoerente.com.br\/se\/","name":"O Coerente","description":"","publisher":{"@id":"https:\/\/ocoerente.com.br\/se\/#\/schema\/person\/cc6bfd9fbca465e23543b0c963d8d037"},"potentialAction":[{"@type":"SearchAction","target":{"@type":"EntryPoint","urlTemplate":"https:\/\/ocoerente.com.br\/se\/?s={search_term_string}"},"query-input":{"@type":"PropertyValueSpecification","valueRequired":true,"valueName":"search_term_string"}}],"inLanguage":"pt-BR"},{"@type":["Person","Organization"],"@id":"https:\/\/ocoerente.com.br\/se\/#\/schema\/person\/cc6bfd9fbca465e23543b0c963d8d037","name":"Reda\u00e7\u00e3o","image":{"@type":"ImageObject","inLanguage":"pt-BR","@id":"https:\/\/ocoerente.com.br\/se\/wp-content\/uploads\/2020\/01\/ocoerente-1.png","url":"https:\/\/ocoerente.com.br\/se\/wp-content\/uploads\/2020\/01\/ocoerente-1.png","contentUrl":"https:\/\/ocoerente.com.br\/se\/wp-content\/uploads\/2020\/01\/ocoerente-1.png","width":50,"height":50,"caption":"Reda\u00e7\u00e3o"},"logo":{"@id":"https:\/\/ocoerente.com.br\/se\/wp-content\/uploads\/2020\/01\/ocoerente-1.png"},"url":"https:\/\/ocoerente.com.br\/se\/author\/vasticlsales\/"}]}},"_links":{"self":[{"href":"https:\/\/ocoerente.com.br\/se\/wp-json\/wp\/v2\/posts\/1363","targetHints":{"allow":["GET"]}}],"collection":[{"href":"https:\/\/ocoerente.com.br\/se\/wp-json\/wp\/v2\/posts"}],"about":[{"href":"https:\/\/ocoerente.com.br\/se\/wp-json\/wp\/v2\/types\/post"}],"author":[{"embeddable":true,"href":"https:\/\/ocoerente.com.br\/se\/wp-json\/wp\/v2\/users\/1"}],"replies":[{"embeddable":true,"href":"https:\/\/ocoerente.com.br\/se\/wp-json\/wp\/v2\/comments?post=1363"}],"version-history":[{"count":1,"href":"https:\/\/ocoerente.com.br\/se\/wp-json\/wp\/v2\/posts\/1363\/revisions"}],"predecessor-version":[{"id":1365,"href":"https:\/\/ocoerente.com.br\/se\/wp-json\/wp\/v2\/posts\/1363\/revisions\/1365"}],"wp:featuredmedia":[{"embeddable":true,"href":"https:\/\/ocoerente.com.br\/se\/wp-json\/wp\/v2\/media\/1364"}],"wp:attachment":[{"href":"https:\/\/ocoerente.com.br\/se\/wp-json\/wp\/v2\/media?parent=1363"}],"wp:term":[{"taxonomy":"category","embeddable":true,"href":"https:\/\/ocoerente.com.br\/se\/wp-json\/wp\/v2\/categories?post=1363"},{"taxonomy":"post_tag","embeddable":true,"href":"https:\/\/ocoerente.com.br\/se\/wp-json\/wp\/v2\/tags?post=1363"}],"curies":[{"name":"wp","href":"https:\/\/api.w.org\/{rel}","templated":true}]}}