{"id":1356,"date":"2020-07-25T16:45:31","date_gmt":"2020-07-25T19:45:31","guid":{"rendered":"https:\/\/ocoerente.com.br\/se\/?p=1356"},"modified":"2020-07-25T16:48:24","modified_gmt":"2020-07-25T19:48:24","slug":"presidente-da-federacao-sergipana-de-futebol-fala-sobre-a-retomada-do-campeonato-sergipano","status":"publish","type":"post","link":"https:\/\/ocoerente.com.br\/se\/2020\/07\/25\/presidente-da-federacao-sergipana-de-futebol-fala-sobre-a-retomada-do-campeonato-sergipano\/","title":{"rendered":"Presidente da Federa\u00e7\u00e3o Sergipana de Futebol fala sobre a retomada do campeonato Sergipano"},"content":{"rendered":"<p>Presidente da Federa\u00e7\u00e3o Sergipana de Futebol, Milton Dantas concedeu entrevista hoje na Jubileu FM ao Jornalista M\u00e1rcio prata e radialista Alex Azevedo. Miltinho falou da retomada do campeonato sergipano e da brilhante classifica\u00e7\u00e3o do drag\u00e3o do bairro industrial na copa do Nordeste.<\/p>\n<p>O presidente destacou que todos os protocolos a n\u00edvel nacional dos campeonatos regionais, ser\u00e3o tamb\u00e9m seguidos em Sergipe, pela Federa\u00e7\u00e3o Sergipana de Futebol.<\/p>\n<p>Sobre a medida tomada pela Federa\u00e7\u00e3o Sergipana com rela\u00e7\u00e3o aos dois times que foram rebaixados esse ano.Presidente declarou que convocou os clubes e por unanimidade todos decidiram que a Federa\u00e7\u00e3o est\u00e1 correta e pensando no campeonato de 2021.<\/p>\n<p>Perguntado por Alex Azevedo sobre a sa\u00fade financeira da FSF? Miltinho informou que a Federa\u00e7\u00e3o passa pela mesma situa\u00e7\u00e3o de v\u00e1rias empresas do nosso Estado que vive momentos dif\u00edceis referentes a Pandemia mundial.<\/p>\n<p>No final da entrevista Miltinho desabafou com rela\u00e7\u00e3o as pessoas que vivem criando fatos inexistentes,na tentativa de descredenciar o seu trabalho.Que \u00e9 o trabalho hoje reconhecido em todo Brasil, inclusive na Federa\u00e7\u00e3o Brasileira de Futebol.O presidente declarou ainda os esfor\u00e7os que a Federa\u00e7\u00e3o Sergipana tem feito para arrecadar dinheiro pra honrar os compromissos assumidos,haja vista que os patrocinadores deixaram de ajudar,desde o in\u00edcio da Pandemia em Sergipe.<\/p>\n","protected":false},"excerpt":{"rendered":"<p>Presidente da Federa\u00e7\u00e3o Sergipana de Futebol, Milton Dantas concedeu entrevista hoje na Jubileu FM ao Jornalista M\u00e1rcio prata e radialista Alex Azevedo. Miltinho falou da retomada do campeonato sergipano e da brilhante classifica\u00e7\u00e3o do drag\u00e3o do bairro industrial na copa do Nordeste. O presidente destacou que todos os protocolos a n\u00edvel nacional dos campeonatos regionais, [&hellip;]<\/p>\n","protected":false},"author":1,"featured_media":1357,"comment_status":"closed","ping_status":"closed","sticky":false,"template":"","format":"standard","meta":{"footnotes":""},"categories":[53,46],"tags":[],"class_list":["post-1356","post","type-post","status-publish","format-standard","has-post-thumbnail","hentry","category-destaques","category-esporte"],"yoast_head":"<!-- This site is optimized with the Yoast SEO plugin v27.4 - https:\/\/yoast.com\/product\/yoast-seo-wordpress\/ -->\n<title>Presidente da Federa\u00e7\u00e3o Sergipana de Futebol fala sobre a retomada do campeonato Sergipano - O Coerente<\/title>\n<meta name=\"robots\" content=\"index, follow, max-snippet:-1, max-image-preview:large, max-video-preview:-1\" \/>\n<link rel=\"canonical\" href=\"https:\/\/ocoerente.com.br\/se\/2020\/07\/25\/presidente-da-federacao-sergipana-de-futebol-fala-sobre-a-retomada-do-campeonato-sergipano\/\" \/>\n<meta property=\"og:locale\" content=\"pt_BR\" \/>\n<meta property=\"og:type\" content=\"article\" \/>\n<meta property=\"og:title\" content=\"Presidente da Federa\u00e7\u00e3o Sergipana de Futebol fala sobre a retomada do campeonato Sergipano - O Coerente\" \/>\n<meta property=\"og:description\" content=\"Presidente da Federa\u00e7\u00e3o Sergipana de Futebol, Milton Dantas concedeu entrevista hoje na Jubileu FM ao Jornalista M\u00e1rcio prata e radialista Alex Azevedo. Miltinho falou da retomada do campeonato sergipano e da brilhante classifica\u00e7\u00e3o do drag\u00e3o do bairro industrial na copa do Nordeste. O presidente destacou que todos os protocolos a n\u00edvel nacional dos campeonatos regionais, [&hellip;]\" \/>\n<meta property=\"og:url\" content=\"https:\/\/ocoerente.com.br\/se\/2020\/07\/25\/presidente-da-federacao-sergipana-de-futebol-fala-sobre-a-retomada-do-campeonato-sergipano\/\" \/>\n<meta property=\"og:site_name\" content=\"O Coerente\" \/>\n<meta property=\"article:published_time\" content=\"2020-07-25T19:45:31+00:00\" \/>\n<meta property=\"article:modified_time\" content=\"2020-07-25T19:48:24+00:00\" \/>\n<meta property=\"og:image\" content=\"https:\/\/ocoerente.com.br\/se\/wp-content\/uploads\/2020\/07\/Milton_Dantas.jpg\" \/>\n\t<meta property=\"og:image:width\" content=\"640\" \/>\n\t<meta property=\"og:image:height\" content=\"356\" \/>\n\t<meta property=\"og:image:type\" content=\"image\/jpeg\" \/>\n<meta name=\"author\" content=\"Reda\u00e7\u00e3o\" \/>\n<meta name=\"twitter:card\" content=\"summary_large_image\" \/>\n<meta name=\"twitter:label1\" content=\"Escrito por\" \/>\n\t<meta name=\"twitter:data1\" content=\"Reda\u00e7\u00e3o\" \/>\n\t<meta name=\"twitter:label2\" content=\"Est. tempo de leitura\" \/>\n\t<meta name=\"twitter:data2\" content=\"1 minuto\" \/>\n<script type=\"application\/ld+json\" class=\"yoast-schema-graph\">{\"@context\":\"https:\\\/\\\/schema.org\",\"@graph\":[{\"@type\":\"Article\",\"@id\":\"https:\\\/\\\/ocoerente.com.br\\\/se\\\/2020\\\/07\\\/25\\\/presidente-da-federacao-sergipana-de-futebol-fala-sobre-a-retomada-do-campeonato-sergipano\\\/#article\",\"isPartOf\":{\"@id\":\"https:\\\/\\\/ocoerente.com.br\\\/se\\\/2020\\\/07\\\/25\\\/presidente-da-federacao-sergipana-de-futebol-fala-sobre-a-retomada-do-campeonato-sergipano\\\/\"},\"author\":{\"name\":\"Reda\u00e7\u00e3o\",\"@id\":\"https:\\\/\\\/ocoerente.com.br\\\/se\\\/#\\\/schema\\\/person\\\/cc6bfd9fbca465e23543b0c963d8d037\"},\"headline\":\"Presidente da Federa\u00e7\u00e3o Sergipana de Futebol fala sobre a retomada do campeonato Sergipano\",\"datePublished\":\"2020-07-25T19:45:31+00:00\",\"dateModified\":\"2020-07-25T19:48:24+00:00\",\"mainEntityOfPage\":{\"@id\":\"https:\\\/\\\/ocoerente.com.br\\\/se\\\/2020\\\/07\\\/25\\\/presidente-da-federacao-sergipana-de-futebol-fala-sobre-a-retomada-do-campeonato-sergipano\\\/\"},\"wordCount\":242,\"publisher\":{\"@id\":\"https:\\\/\\\/ocoerente.com.br\\\/se\\\/#\\\/schema\\\/person\\\/cc6bfd9fbca465e23543b0c963d8d037\"},\"image\":{\"@id\":\"https:\\\/\\\/ocoerente.com.br\\\/se\\\/2020\\\/07\\\/25\\\/presidente-da-federacao-sergipana-de-futebol-fala-sobre-a-retomada-do-campeonato-sergipano\\\/#primaryimage\"},\"thumbnailUrl\":\"https:\\\/\\\/ocoerente.com.br\\\/se\\\/wp-content\\\/uploads\\\/2020\\\/07\\\/Milton_Dantas.jpg\",\"articleSection\":[\"Destaques\",\"Esporte\"],\"inLanguage\":\"pt-BR\"},{\"@type\":\"WebPage\",\"@id\":\"https:\\\/\\\/ocoerente.com.br\\\/se\\\/2020\\\/07\\\/25\\\/presidente-da-federacao-sergipana-de-futebol-fala-sobre-a-retomada-do-campeonato-sergipano\\\/\",\"url\":\"https:\\\/\\\/ocoerente.com.br\\\/se\\\/2020\\\/07\\\/25\\\/presidente-da-federacao-sergipana-de-futebol-fala-sobre-a-retomada-do-campeonato-sergipano\\\/\",\"name\":\"Presidente da Federa\u00e7\u00e3o Sergipana de Futebol fala sobre a retomada do campeonato Sergipano - O Coerente\",\"isPartOf\":{\"@id\":\"https:\\\/\\\/ocoerente.com.br\\\/se\\\/#website\"},\"primaryImageOfPage\":{\"@id\":\"https:\\\/\\\/ocoerente.com.br\\\/se\\\/2020\\\/07\\\/25\\\/presidente-da-federacao-sergipana-de-futebol-fala-sobre-a-retomada-do-campeonato-sergipano\\\/#primaryimage\"},\"image\":{\"@id\":\"https:\\\/\\\/ocoerente.com.br\\\/se\\\/2020\\\/07\\\/25\\\/presidente-da-federacao-sergipana-de-futebol-fala-sobre-a-retomada-do-campeonato-sergipano\\\/#primaryimage\"},\"thumbnailUrl\":\"https:\\\/\\\/ocoerente.com.br\\\/se\\\/wp-content\\\/uploads\\\/2020\\\/07\\\/Milton_Dantas.jpg\",\"datePublished\":\"2020-07-25T19:45:31+00:00\",\"dateModified\":\"2020-07-25T19:48:24+00:00\",\"breadcrumb\":{\"@id\":\"https:\\\/\\\/ocoerente.com.br\\\/se\\\/2020\\\/07\\\/25\\\/presidente-da-federacao-sergipana-de-futebol-fala-sobre-a-retomada-do-campeonato-sergipano\\\/#breadcrumb\"},\"inLanguage\":\"pt-BR\",\"potentialAction\":[{\"@type\":\"ReadAction\",\"target\":[\"https:\\\/\\\/ocoerente.com.br\\\/se\\\/2020\\\/07\\\/25\\\/presidente-da-federacao-sergipana-de-futebol-fala-sobre-a-retomada-do-campeonato-sergipano\\\/\"]}]},{\"@type\":\"ImageObject\",\"inLanguage\":\"pt-BR\",\"@id\":\"https:\\\/\\\/ocoerente.com.br\\\/se\\\/2020\\\/07\\\/25\\\/presidente-da-federacao-sergipana-de-futebol-fala-sobre-a-retomada-do-campeonato-sergipano\\\/#primaryimage\",\"url\":\"https:\\\/\\\/ocoerente.com.br\\\/se\\\/wp-content\\\/uploads\\\/2020\\\/07\\\/Milton_Dantas.jpg\",\"contentUrl\":\"https:\\\/\\\/ocoerente.com.br\\\/se\\\/wp-content\\\/uploads\\\/2020\\\/07\\\/Milton_Dantas.jpg\",\"width\":640,\"height\":356},{\"@type\":\"BreadcrumbList\",\"@id\":\"https:\\\/\\\/ocoerente.com.br\\\/se\\\/2020\\\/07\\\/25\\\/presidente-da-federacao-sergipana-de-futebol-fala-sobre-a-retomada-do-campeonato-sergipano\\\/#breadcrumb\",\"itemListElement\":[{\"@type\":\"ListItem\",\"position\":1,\"name\":\"In\u00edcio\",\"item\":\"https:\\\/\\\/ocoerente.com.br\\\/se\\\/\"},{\"@type\":\"ListItem\",\"position\":2,\"name\":\"Presidente da Federa\u00e7\u00e3o Sergipana de Futebol fala sobre a retomada do campeonato Sergipano\"}]},{\"@type\":\"WebSite\",\"@id\":\"https:\\\/\\\/ocoerente.com.br\\\/se\\\/#website\",\"url\":\"https:\\\/\\\/ocoerente.com.br\\\/se\\\/\",\"name\":\"O Coerente\",\"description\":\"\",\"publisher\":{\"@id\":\"https:\\\/\\\/ocoerente.com.br\\\/se\\\/#\\\/schema\\\/person\\\/cc6bfd9fbca465e23543b0c963d8d037\"},\"potentialAction\":[{\"@type\":\"SearchAction\",\"target\":{\"@type\":\"EntryPoint\",\"urlTemplate\":\"https:\\\/\\\/ocoerente.com.br\\\/se\\\/?s={search_term_string}\"},\"query-input\":{\"@type\":\"PropertyValueSpecification\",\"valueRequired\":true,\"valueName\":\"search_term_string\"}}],\"inLanguage\":\"pt-BR\"},{\"@type\":[\"Person\",\"Organization\"],\"@id\":\"https:\\\/\\\/ocoerente.com.br\\\/se\\\/#\\\/schema\\\/person\\\/cc6bfd9fbca465e23543b0c963d8d037\",\"name\":\"Reda\u00e7\u00e3o\",\"image\":{\"@type\":\"ImageObject\",\"inLanguage\":\"pt-BR\",\"@id\":\"https:\\\/\\\/ocoerente.com.br\\\/se\\\/wp-content\\\/uploads\\\/2020\\\/01\\\/ocoerente-1.png\",\"url\":\"https:\\\/\\\/ocoerente.com.br\\\/se\\\/wp-content\\\/uploads\\\/2020\\\/01\\\/ocoerente-1.png\",\"contentUrl\":\"https:\\\/\\\/ocoerente.com.br\\\/se\\\/wp-content\\\/uploads\\\/2020\\\/01\\\/ocoerente-1.png\",\"width\":50,\"height\":50,\"caption\":\"Reda\u00e7\u00e3o\"},\"logo\":{\"@id\":\"https:\\\/\\\/ocoerente.com.br\\\/se\\\/wp-content\\\/uploads\\\/2020\\\/01\\\/ocoerente-1.png\"},\"url\":\"https:\\\/\\\/ocoerente.com.br\\\/se\\\/author\\\/vasticlsales\\\/\"}]}<\/script>\n<!-- \/ Yoast SEO plugin. -->","yoast_head_json":{"title":"Presidente da Federa\u00e7\u00e3o Sergipana de Futebol fala sobre a retomada do campeonato Sergipano - O Coerente","robots":{"index":"index","follow":"follow","max-snippet":"max-snippet:-1","max-image-preview":"max-image-preview:large","max-video-preview":"max-video-preview:-1"},"canonical":"https:\/\/ocoerente.com.br\/se\/2020\/07\/25\/presidente-da-federacao-sergipana-de-futebol-fala-sobre-a-retomada-do-campeonato-sergipano\/","og_locale":"pt_BR","og_type":"article","og_title":"Presidente da Federa\u00e7\u00e3o Sergipana de Futebol fala sobre a retomada do campeonato Sergipano - O Coerente","og_description":"Presidente da Federa\u00e7\u00e3o Sergipana de Futebol, Milton Dantas concedeu entrevista hoje na Jubileu FM ao Jornalista M\u00e1rcio prata e radialista Alex Azevedo. Miltinho falou da retomada do campeonato sergipano e da brilhante classifica\u00e7\u00e3o do drag\u00e3o do bairro industrial na copa do Nordeste. O presidente destacou que todos os protocolos a n\u00edvel nacional dos campeonatos regionais, [&hellip;]","og_url":"https:\/\/ocoerente.com.br\/se\/2020\/07\/25\/presidente-da-federacao-sergipana-de-futebol-fala-sobre-a-retomada-do-campeonato-sergipano\/","og_site_name":"O Coerente","article_published_time":"2020-07-25T19:45:31+00:00","article_modified_time":"2020-07-25T19:48:24+00:00","og_image":[{"width":640,"height":356,"url":"https:\/\/ocoerente.com.br\/se\/wp-content\/uploads\/2020\/07\/Milton_Dantas.jpg","type":"image\/jpeg"}],"author":"Reda\u00e7\u00e3o","twitter_card":"summary_large_image","twitter_misc":{"Escrito por":"Reda\u00e7\u00e3o","Est. tempo de leitura":"1 minuto"},"schema":{"@context":"https:\/\/schema.org","@graph":[{"@type":"Article","@id":"https:\/\/ocoerente.com.br\/se\/2020\/07\/25\/presidente-da-federacao-sergipana-de-futebol-fala-sobre-a-retomada-do-campeonato-sergipano\/#article","isPartOf":{"@id":"https:\/\/ocoerente.com.br\/se\/2020\/07\/25\/presidente-da-federacao-sergipana-de-futebol-fala-sobre-a-retomada-do-campeonato-sergipano\/"},"author":{"name":"Reda\u00e7\u00e3o","@id":"https:\/\/ocoerente.com.br\/se\/#\/schema\/person\/cc6bfd9fbca465e23543b0c963d8d037"},"headline":"Presidente da Federa\u00e7\u00e3o Sergipana de Futebol fala sobre a retomada do campeonato Sergipano","datePublished":"2020-07-25T19:45:31+00:00","dateModified":"2020-07-25T19:48:24+00:00","mainEntityOfPage":{"@id":"https:\/\/ocoerente.com.br\/se\/2020\/07\/25\/presidente-da-federacao-sergipana-de-futebol-fala-sobre-a-retomada-do-campeonato-sergipano\/"},"wordCount":242,"publisher":{"@id":"https:\/\/ocoerente.com.br\/se\/#\/schema\/person\/cc6bfd9fbca465e23543b0c963d8d037"},"image":{"@id":"https:\/\/ocoerente.com.br\/se\/2020\/07\/25\/presidente-da-federacao-sergipana-de-futebol-fala-sobre-a-retomada-do-campeonato-sergipano\/#primaryimage"},"thumbnailUrl":"https:\/\/ocoerente.com.br\/se\/wp-content\/uploads\/2020\/07\/Milton_Dantas.jpg","articleSection":["Destaques","Esporte"],"inLanguage":"pt-BR"},{"@type":"WebPage","@id":"https:\/\/ocoerente.com.br\/se\/2020\/07\/25\/presidente-da-federacao-sergipana-de-futebol-fala-sobre-a-retomada-do-campeonato-sergipano\/","url":"https:\/\/ocoerente.com.br\/se\/2020\/07\/25\/presidente-da-federacao-sergipana-de-futebol-fala-sobre-a-retomada-do-campeonato-sergipano\/","name":"Presidente da Federa\u00e7\u00e3o Sergipana de Futebol fala sobre a retomada do campeonato Sergipano - O Coerente","isPartOf":{"@id":"https:\/\/ocoerente.com.br\/se\/#website"},"primaryImageOfPage":{"@id":"https:\/\/ocoerente.com.br\/se\/2020\/07\/25\/presidente-da-federacao-sergipana-de-futebol-fala-sobre-a-retomada-do-campeonato-sergipano\/#primaryimage"},"image":{"@id":"https:\/\/ocoerente.com.br\/se\/2020\/07\/25\/presidente-da-federacao-sergipana-de-futebol-fala-sobre-a-retomada-do-campeonato-sergipano\/#primaryimage"},"thumbnailUrl":"https:\/\/ocoerente.com.br\/se\/wp-content\/uploads\/2020\/07\/Milton_Dantas.jpg","datePublished":"2020-07-25T19:45:31+00:00","dateModified":"2020-07-25T19:48:24+00:00","breadcrumb":{"@id":"https:\/\/ocoerente.com.br\/se\/2020\/07\/25\/presidente-da-federacao-sergipana-de-futebol-fala-sobre-a-retomada-do-campeonato-sergipano\/#breadcrumb"},"inLanguage":"pt-BR","potentialAction":[{"@type":"ReadAction","target":["https:\/\/ocoerente.com.br\/se\/2020\/07\/25\/presidente-da-federacao-sergipana-de-futebol-fala-sobre-a-retomada-do-campeonato-sergipano\/"]}]},{"@type":"ImageObject","inLanguage":"pt-BR","@id":"https:\/\/ocoerente.com.br\/se\/2020\/07\/25\/presidente-da-federacao-sergipana-de-futebol-fala-sobre-a-retomada-do-campeonato-sergipano\/#primaryimage","url":"https:\/\/ocoerente.com.br\/se\/wp-content\/uploads\/2020\/07\/Milton_Dantas.jpg","contentUrl":"https:\/\/ocoerente.com.br\/se\/wp-content\/uploads\/2020\/07\/Milton_Dantas.jpg","width":640,"height":356},{"@type":"BreadcrumbList","@id":"https:\/\/ocoerente.com.br\/se\/2020\/07\/25\/presidente-da-federacao-sergipana-de-futebol-fala-sobre-a-retomada-do-campeonato-sergipano\/#breadcrumb","itemListElement":[{"@type":"ListItem","position":1,"name":"In\u00edcio","item":"https:\/\/ocoerente.com.br\/se\/"},{"@type":"ListItem","position":2,"name":"Presidente da Federa\u00e7\u00e3o Sergipana de Futebol fala sobre a retomada do campeonato Sergipano"}]},{"@type":"WebSite","@id":"https:\/\/ocoerente.com.br\/se\/#website","url":"https:\/\/ocoerente.com.br\/se\/","name":"O Coerente","description":"","publisher":{"@id":"https:\/\/ocoerente.com.br\/se\/#\/schema\/person\/cc6bfd9fbca465e23543b0c963d8d037"},"potentialAction":[{"@type":"SearchAction","target":{"@type":"EntryPoint","urlTemplate":"https:\/\/ocoerente.com.br\/se\/?s={search_term_string}"},"query-input":{"@type":"PropertyValueSpecification","valueRequired":true,"valueName":"search_term_string"}}],"inLanguage":"pt-BR"},{"@type":["Person","Organization"],"@id":"https:\/\/ocoerente.com.br\/se\/#\/schema\/person\/cc6bfd9fbca465e23543b0c963d8d037","name":"Reda\u00e7\u00e3o","image":{"@type":"ImageObject","inLanguage":"pt-BR","@id":"https:\/\/ocoerente.com.br\/se\/wp-content\/uploads\/2020\/01\/ocoerente-1.png","url":"https:\/\/ocoerente.com.br\/se\/wp-content\/uploads\/2020\/01\/ocoerente-1.png","contentUrl":"https:\/\/ocoerente.com.br\/se\/wp-content\/uploads\/2020\/01\/ocoerente-1.png","width":50,"height":50,"caption":"Reda\u00e7\u00e3o"},"logo":{"@id":"https:\/\/ocoerente.com.br\/se\/wp-content\/uploads\/2020\/01\/ocoerente-1.png"},"url":"https:\/\/ocoerente.com.br\/se\/author\/vasticlsales\/"}]}},"_links":{"self":[{"href":"https:\/\/ocoerente.com.br\/se\/wp-json\/wp\/v2\/posts\/1356","targetHints":{"allow":["GET"]}}],"collection":[{"href":"https:\/\/ocoerente.com.br\/se\/wp-json\/wp\/v2\/posts"}],"about":[{"href":"https:\/\/ocoerente.com.br\/se\/wp-json\/wp\/v2\/types\/post"}],"author":[{"embeddable":true,"href":"https:\/\/ocoerente.com.br\/se\/wp-json\/wp\/v2\/users\/1"}],"replies":[{"embeddable":true,"href":"https:\/\/ocoerente.com.br\/se\/wp-json\/wp\/v2\/comments?post=1356"}],"version-history":[{"count":2,"href":"https:\/\/ocoerente.com.br\/se\/wp-json\/wp\/v2\/posts\/1356\/revisions"}],"predecessor-version":[{"id":1359,"href":"https:\/\/ocoerente.com.br\/se\/wp-json\/wp\/v2\/posts\/1356\/revisions\/1359"}],"wp:featuredmedia":[{"embeddable":true,"href":"https:\/\/ocoerente.com.br\/se\/wp-json\/wp\/v2\/media\/1357"}],"wp:attachment":[{"href":"https:\/\/ocoerente.com.br\/se\/wp-json\/wp\/v2\/media?parent=1356"}],"wp:term":[{"taxonomy":"category","embeddable":true,"href":"https:\/\/ocoerente.com.br\/se\/wp-json\/wp\/v2\/categories?post=1356"},{"taxonomy":"post_tag","embeddable":true,"href":"https:\/\/ocoerente.com.br\/se\/wp-json\/wp\/v2\/tags?post=1356"}],"curies":[{"name":"wp","href":"https:\/\/api.w.org\/{rel}","templated":true}]}}