{"id":1298,"date":"2020-07-01T23:57:47","date_gmt":"2020-07-02T02:57:47","guid":{"rendered":"http:\/\/ocoerente.com.br\/se\/?p=1298"},"modified":"2020-07-01T23:58:32","modified_gmt":"2020-07-02T02:58:32","slug":"professor-bittencourt-faz-visita-as-obras-do-predio-da-camara-municipal-de-aracaju","status":"publish","type":"post","link":"https:\/\/ocoerente.com.br\/se\/2020\/07\/01\/professor-bittencourt-faz-visita-as-obras-do-predio-da-camara-municipal-de-aracaju\/","title":{"rendered":"Professor Bittencourt faz visita \u00e0s obras do pr\u00e9dio da C\u00e2mara Municipal de Aracaju"},"content":{"rendered":"<p>Por David Rodrigues, Assessoria Parlamentar<br \/>\nFotos: C\u00e9sar Oliveira<\/p>\n<p>Na manh\u00e3 desta quarta-feira, 01, o vereador Professor Bittencourt (PCdoB) acompanhou juntamente com outros parlamentares, o andamento das obras no pr\u00e9dio da C\u00e2mara Municipal de Aracaju. A convite do presidente da Casa, Nitinho Vitale (PSD), Bittencourt conversou com os engenheiros e com o arquiteto da obra e vistoriou todas as depend\u00eancias do pr\u00e9dio.<\/p>\n<p>Na ocasi\u00e3o, o parlamentar elogiou o andamento da obra e parabenizou o presidente da Casa Legislativa, Nitinho Vitale, pela transpar\u00eancia na gest\u00e3o. \u201cParabenizo o presidente, Nitinho, pela execu\u00e7\u00e3o desse servi\u00e7o t\u00e3o necess\u00e1rio, pelo cuidado e austeridade no custo dos recursos. Esta obra \u00e9 muito necess\u00e1ria, por se tratar de um pr\u00e9dio hist\u00f3rico da cidade de Aracaju, que est\u00e1 sendo reformado e preservada a sua integridade arquitet\u00f4nica, a sua fachada e dando melhor funcionalidade com toda a acessibilidade para servidores, vereadores e para o p\u00fablico que possa visitar a C\u00e2mara de Vereadores de Aracaju\u201d, pontuou o parlamentar.<\/p>\n<p>\u201cPortanto, tor\u00e7o para que muito em breve o pr\u00e9dio esteja completamente reformado para que possa ser mais um cart\u00e3o postal da cidade de Aracaju e sirva bem a popula\u00e7\u00e3o\u201d, explicou o vereador.<\/p>\n<p>Mais Informa\u00e7\u00f5es:<br \/>\nDavid Rodrigues<br \/>\nAssessoria de Imprensa<br \/>\n79 9 9840-1833<\/p>\n","protected":false},"excerpt":{"rendered":"<p>Por David Rodrigues, Assessoria Parlamentar Fotos: C\u00e9sar Oliveira Na manh\u00e3 desta quarta-feira, 01, o vereador Professor Bittencourt (PCdoB) acompanhou juntamente com outros parlamentares, o andamento das obras no pr\u00e9dio da C\u00e2mara Municipal de Aracaju. A convite do presidente da Casa, Nitinho Vitale (PSD), Bittencourt conversou com os engenheiros e com o arquiteto da obra e [&hellip;]<\/p>\n","protected":false},"author":1,"featured_media":1299,"comment_status":"closed","ping_status":"closed","sticky":false,"template":"","format":"standard","meta":{"footnotes":""},"categories":[53,44],"tags":[],"class_list":["post-1298","post","type-post","status-publish","format-standard","has-post-thumbnail","hentry","category-destaques","category-politica"],"yoast_head":"<!-- This site is optimized with the Yoast SEO plugin v27.5 - https:\/\/yoast.com\/product\/yoast-seo-wordpress\/ -->\n<title>Professor Bittencourt faz visita \u00e0s obras do pr\u00e9dio da C\u00e2mara Municipal de Aracaju - O Coerente<\/title>\n<meta name=\"robots\" content=\"index, follow, max-snippet:-1, max-image-preview:large, max-video-preview:-1\" \/>\n<link rel=\"canonical\" href=\"https:\/\/ocoerente.com.br\/se\/2020\/07\/01\/professor-bittencourt-faz-visita-as-obras-do-predio-da-camara-municipal-de-aracaju\/\" \/>\n<meta property=\"og:locale\" content=\"pt_BR\" \/>\n<meta property=\"og:type\" content=\"article\" \/>\n<meta property=\"og:title\" content=\"Professor Bittencourt faz visita \u00e0s obras do pr\u00e9dio da C\u00e2mara Municipal de Aracaju - O Coerente\" \/>\n<meta property=\"og:description\" content=\"Por David Rodrigues, Assessoria Parlamentar Fotos: C\u00e9sar Oliveira Na manh\u00e3 desta quarta-feira, 01, o vereador Professor Bittencourt (PCdoB) acompanhou juntamente com outros parlamentares, o andamento das obras no pr\u00e9dio da C\u00e2mara Municipal de Aracaju. A convite do presidente da Casa, Nitinho Vitale (PSD), Bittencourt conversou com os engenheiros e com o arquiteto da obra e [&hellip;]\" \/>\n<meta property=\"og:url\" content=\"https:\/\/ocoerente.com.br\/se\/2020\/07\/01\/professor-bittencourt-faz-visita-as-obras-do-predio-da-camara-municipal-de-aracaju\/\" \/>\n<meta property=\"og:site_name\" content=\"O Coerente\" \/>\n<meta property=\"article:published_time\" content=\"2020-07-02T02:57:47+00:00\" \/>\n<meta property=\"article:modified_time\" content=\"2020-07-02T02:58:32+00:00\" \/>\n<meta property=\"og:image\" content=\"https:\/\/ocoerente.com.br\/se\/wp-content\/uploads\/2020\/07\/profB.jpg\" \/>\n\t<meta property=\"og:image:width\" content=\"800\" \/>\n\t<meta property=\"og:image:height\" content=\"533\" \/>\n\t<meta property=\"og:image:type\" content=\"image\/jpeg\" \/>\n<meta name=\"author\" content=\"Reda\u00e7\u00e3o\" \/>\n<meta name=\"twitter:card\" content=\"summary_large_image\" \/>\n<meta name=\"twitter:label1\" content=\"Escrito por\" \/>\n\t<meta name=\"twitter:data1\" content=\"Reda\u00e7\u00e3o\" \/>\n\t<meta name=\"twitter:label2\" content=\"Est. tempo de leitura\" \/>\n\t<meta name=\"twitter:data2\" content=\"1 minuto\" \/>\n<script type=\"application\/ld+json\" class=\"yoast-schema-graph\">{\"@context\":\"https:\\\/\\\/schema.org\",\"@graph\":[{\"@type\":\"Article\",\"@id\":\"https:\\\/\\\/ocoerente.com.br\\\/se\\\/2020\\\/07\\\/01\\\/professor-bittencourt-faz-visita-as-obras-do-predio-da-camara-municipal-de-aracaju\\\/#article\",\"isPartOf\":{\"@id\":\"https:\\\/\\\/ocoerente.com.br\\\/se\\\/2020\\\/07\\\/01\\\/professor-bittencourt-faz-visita-as-obras-do-predio-da-camara-municipal-de-aracaju\\\/\"},\"author\":{\"name\":\"Reda\u00e7\u00e3o\",\"@id\":\"https:\\\/\\\/ocoerente.com.br\\\/se\\\/#\\\/schema\\\/person\\\/cc6bfd9fbca465e23543b0c963d8d037\"},\"headline\":\"Professor Bittencourt faz visita \u00e0s obras do pr\u00e9dio da C\u00e2mara Municipal de Aracaju\",\"datePublished\":\"2020-07-02T02:57:47+00:00\",\"dateModified\":\"2020-07-02T02:58:32+00:00\",\"mainEntityOfPage\":{\"@id\":\"https:\\\/\\\/ocoerente.com.br\\\/se\\\/2020\\\/07\\\/01\\\/professor-bittencourt-faz-visita-as-obras-do-predio-da-camara-municipal-de-aracaju\\\/\"},\"wordCount\":233,\"publisher\":{\"@id\":\"https:\\\/\\\/ocoerente.com.br\\\/se\\\/#\\\/schema\\\/person\\\/cc6bfd9fbca465e23543b0c963d8d037\"},\"image\":{\"@id\":\"https:\\\/\\\/ocoerente.com.br\\\/se\\\/2020\\\/07\\\/01\\\/professor-bittencourt-faz-visita-as-obras-do-predio-da-camara-municipal-de-aracaju\\\/#primaryimage\"},\"thumbnailUrl\":\"https:\\\/\\\/ocoerente.com.br\\\/se\\\/wp-content\\\/uploads\\\/2020\\\/07\\\/profB.jpg\",\"articleSection\":[\"Destaques\",\"Pol\u00edtica\"],\"inLanguage\":\"pt-BR\"},{\"@type\":\"WebPage\",\"@id\":\"https:\\\/\\\/ocoerente.com.br\\\/se\\\/2020\\\/07\\\/01\\\/professor-bittencourt-faz-visita-as-obras-do-predio-da-camara-municipal-de-aracaju\\\/\",\"url\":\"https:\\\/\\\/ocoerente.com.br\\\/se\\\/2020\\\/07\\\/01\\\/professor-bittencourt-faz-visita-as-obras-do-predio-da-camara-municipal-de-aracaju\\\/\",\"name\":\"Professor Bittencourt faz visita \u00e0s obras do pr\u00e9dio da C\u00e2mara Municipal de Aracaju - O Coerente\",\"isPartOf\":{\"@id\":\"https:\\\/\\\/ocoerente.com.br\\\/se\\\/#website\"},\"primaryImageOfPage\":{\"@id\":\"https:\\\/\\\/ocoerente.com.br\\\/se\\\/2020\\\/07\\\/01\\\/professor-bittencourt-faz-visita-as-obras-do-predio-da-camara-municipal-de-aracaju\\\/#primaryimage\"},\"image\":{\"@id\":\"https:\\\/\\\/ocoerente.com.br\\\/se\\\/2020\\\/07\\\/01\\\/professor-bittencourt-faz-visita-as-obras-do-predio-da-camara-municipal-de-aracaju\\\/#primaryimage\"},\"thumbnailUrl\":\"https:\\\/\\\/ocoerente.com.br\\\/se\\\/wp-content\\\/uploads\\\/2020\\\/07\\\/profB.jpg\",\"datePublished\":\"2020-07-02T02:57:47+00:00\",\"dateModified\":\"2020-07-02T02:58:32+00:00\",\"breadcrumb\":{\"@id\":\"https:\\\/\\\/ocoerente.com.br\\\/se\\\/2020\\\/07\\\/01\\\/professor-bittencourt-faz-visita-as-obras-do-predio-da-camara-municipal-de-aracaju\\\/#breadcrumb\"},\"inLanguage\":\"pt-BR\",\"potentialAction\":[{\"@type\":\"ReadAction\",\"target\":[\"https:\\\/\\\/ocoerente.com.br\\\/se\\\/2020\\\/07\\\/01\\\/professor-bittencourt-faz-visita-as-obras-do-predio-da-camara-municipal-de-aracaju\\\/\"]}]},{\"@type\":\"ImageObject\",\"inLanguage\":\"pt-BR\",\"@id\":\"https:\\\/\\\/ocoerente.com.br\\\/se\\\/2020\\\/07\\\/01\\\/professor-bittencourt-faz-visita-as-obras-do-predio-da-camara-municipal-de-aracaju\\\/#primaryimage\",\"url\":\"https:\\\/\\\/ocoerente.com.br\\\/se\\\/wp-content\\\/uploads\\\/2020\\\/07\\\/profB.jpg\",\"contentUrl\":\"https:\\\/\\\/ocoerente.com.br\\\/se\\\/wp-content\\\/uploads\\\/2020\\\/07\\\/profB.jpg\",\"width\":800,\"height\":533},{\"@type\":\"BreadcrumbList\",\"@id\":\"https:\\\/\\\/ocoerente.com.br\\\/se\\\/2020\\\/07\\\/01\\\/professor-bittencourt-faz-visita-as-obras-do-predio-da-camara-municipal-de-aracaju\\\/#breadcrumb\",\"itemListElement\":[{\"@type\":\"ListItem\",\"position\":1,\"name\":\"In\u00edcio\",\"item\":\"https:\\\/\\\/ocoerente.com.br\\\/se\\\/\"},{\"@type\":\"ListItem\",\"position\":2,\"name\":\"Professor Bittencourt faz visita \u00e0s obras do pr\u00e9dio da C\u00e2mara Municipal de Aracaju\"}]},{\"@type\":\"WebSite\",\"@id\":\"https:\\\/\\\/ocoerente.com.br\\\/se\\\/#website\",\"url\":\"https:\\\/\\\/ocoerente.com.br\\\/se\\\/\",\"name\":\"O Coerente\",\"description\":\"\",\"publisher\":{\"@id\":\"https:\\\/\\\/ocoerente.com.br\\\/se\\\/#\\\/schema\\\/person\\\/cc6bfd9fbca465e23543b0c963d8d037\"},\"potentialAction\":[{\"@type\":\"SearchAction\",\"target\":{\"@type\":\"EntryPoint\",\"urlTemplate\":\"https:\\\/\\\/ocoerente.com.br\\\/se\\\/?s={search_term_string}\"},\"query-input\":{\"@type\":\"PropertyValueSpecification\",\"valueRequired\":true,\"valueName\":\"search_term_string\"}}],\"inLanguage\":\"pt-BR\"},{\"@type\":[\"Person\",\"Organization\"],\"@id\":\"https:\\\/\\\/ocoerente.com.br\\\/se\\\/#\\\/schema\\\/person\\\/cc6bfd9fbca465e23543b0c963d8d037\",\"name\":\"Reda\u00e7\u00e3o\",\"image\":{\"@type\":\"ImageObject\",\"inLanguage\":\"pt-BR\",\"@id\":\"https:\\\/\\\/ocoerente.com.br\\\/se\\\/wp-content\\\/uploads\\\/2020\\\/01\\\/ocoerente-1.png\",\"url\":\"https:\\\/\\\/ocoerente.com.br\\\/se\\\/wp-content\\\/uploads\\\/2020\\\/01\\\/ocoerente-1.png\",\"contentUrl\":\"https:\\\/\\\/ocoerente.com.br\\\/se\\\/wp-content\\\/uploads\\\/2020\\\/01\\\/ocoerente-1.png\",\"width\":50,\"height\":50,\"caption\":\"Reda\u00e7\u00e3o\"},\"logo\":{\"@id\":\"https:\\\/\\\/ocoerente.com.br\\\/se\\\/wp-content\\\/uploads\\\/2020\\\/01\\\/ocoerente-1.png\"},\"url\":\"https:\\\/\\\/ocoerente.com.br\\\/se\\\/author\\\/vasticlsales\\\/\"}]}<\/script>\n<!-- \/ Yoast SEO plugin. -->","yoast_head_json":{"title":"Professor Bittencourt faz visita \u00e0s obras do pr\u00e9dio da C\u00e2mara Municipal de Aracaju - O Coerente","robots":{"index":"index","follow":"follow","max-snippet":"max-snippet:-1","max-image-preview":"max-image-preview:large","max-video-preview":"max-video-preview:-1"},"canonical":"https:\/\/ocoerente.com.br\/se\/2020\/07\/01\/professor-bittencourt-faz-visita-as-obras-do-predio-da-camara-municipal-de-aracaju\/","og_locale":"pt_BR","og_type":"article","og_title":"Professor Bittencourt faz visita \u00e0s obras do pr\u00e9dio da C\u00e2mara Municipal de Aracaju - O Coerente","og_description":"Por David Rodrigues, Assessoria Parlamentar Fotos: C\u00e9sar Oliveira Na manh\u00e3 desta quarta-feira, 01, o vereador Professor Bittencourt (PCdoB) acompanhou juntamente com outros parlamentares, o andamento das obras no pr\u00e9dio da C\u00e2mara Municipal de Aracaju. A convite do presidente da Casa, Nitinho Vitale (PSD), Bittencourt conversou com os engenheiros e com o arquiteto da obra e [&hellip;]","og_url":"https:\/\/ocoerente.com.br\/se\/2020\/07\/01\/professor-bittencourt-faz-visita-as-obras-do-predio-da-camara-municipal-de-aracaju\/","og_site_name":"O Coerente","article_published_time":"2020-07-02T02:57:47+00:00","article_modified_time":"2020-07-02T02:58:32+00:00","og_image":[{"width":800,"height":533,"url":"https:\/\/ocoerente.com.br\/se\/wp-content\/uploads\/2020\/07\/profB.jpg","type":"image\/jpeg"}],"author":"Reda\u00e7\u00e3o","twitter_card":"summary_large_image","twitter_misc":{"Escrito por":"Reda\u00e7\u00e3o","Est. tempo de leitura":"1 minuto"},"schema":{"@context":"https:\/\/schema.org","@graph":[{"@type":"Article","@id":"https:\/\/ocoerente.com.br\/se\/2020\/07\/01\/professor-bittencourt-faz-visita-as-obras-do-predio-da-camara-municipal-de-aracaju\/#article","isPartOf":{"@id":"https:\/\/ocoerente.com.br\/se\/2020\/07\/01\/professor-bittencourt-faz-visita-as-obras-do-predio-da-camara-municipal-de-aracaju\/"},"author":{"name":"Reda\u00e7\u00e3o","@id":"https:\/\/ocoerente.com.br\/se\/#\/schema\/person\/cc6bfd9fbca465e23543b0c963d8d037"},"headline":"Professor Bittencourt faz visita \u00e0s obras do pr\u00e9dio da C\u00e2mara Municipal de Aracaju","datePublished":"2020-07-02T02:57:47+00:00","dateModified":"2020-07-02T02:58:32+00:00","mainEntityOfPage":{"@id":"https:\/\/ocoerente.com.br\/se\/2020\/07\/01\/professor-bittencourt-faz-visita-as-obras-do-predio-da-camara-municipal-de-aracaju\/"},"wordCount":233,"publisher":{"@id":"https:\/\/ocoerente.com.br\/se\/#\/schema\/person\/cc6bfd9fbca465e23543b0c963d8d037"},"image":{"@id":"https:\/\/ocoerente.com.br\/se\/2020\/07\/01\/professor-bittencourt-faz-visita-as-obras-do-predio-da-camara-municipal-de-aracaju\/#primaryimage"},"thumbnailUrl":"https:\/\/ocoerente.com.br\/se\/wp-content\/uploads\/2020\/07\/profB.jpg","articleSection":["Destaques","Pol\u00edtica"],"inLanguage":"pt-BR"},{"@type":"WebPage","@id":"https:\/\/ocoerente.com.br\/se\/2020\/07\/01\/professor-bittencourt-faz-visita-as-obras-do-predio-da-camara-municipal-de-aracaju\/","url":"https:\/\/ocoerente.com.br\/se\/2020\/07\/01\/professor-bittencourt-faz-visita-as-obras-do-predio-da-camara-municipal-de-aracaju\/","name":"Professor Bittencourt faz visita \u00e0s obras do pr\u00e9dio da C\u00e2mara Municipal de Aracaju - O Coerente","isPartOf":{"@id":"https:\/\/ocoerente.com.br\/se\/#website"},"primaryImageOfPage":{"@id":"https:\/\/ocoerente.com.br\/se\/2020\/07\/01\/professor-bittencourt-faz-visita-as-obras-do-predio-da-camara-municipal-de-aracaju\/#primaryimage"},"image":{"@id":"https:\/\/ocoerente.com.br\/se\/2020\/07\/01\/professor-bittencourt-faz-visita-as-obras-do-predio-da-camara-municipal-de-aracaju\/#primaryimage"},"thumbnailUrl":"https:\/\/ocoerente.com.br\/se\/wp-content\/uploads\/2020\/07\/profB.jpg","datePublished":"2020-07-02T02:57:47+00:00","dateModified":"2020-07-02T02:58:32+00:00","breadcrumb":{"@id":"https:\/\/ocoerente.com.br\/se\/2020\/07\/01\/professor-bittencourt-faz-visita-as-obras-do-predio-da-camara-municipal-de-aracaju\/#breadcrumb"},"inLanguage":"pt-BR","potentialAction":[{"@type":"ReadAction","target":["https:\/\/ocoerente.com.br\/se\/2020\/07\/01\/professor-bittencourt-faz-visita-as-obras-do-predio-da-camara-municipal-de-aracaju\/"]}]},{"@type":"ImageObject","inLanguage":"pt-BR","@id":"https:\/\/ocoerente.com.br\/se\/2020\/07\/01\/professor-bittencourt-faz-visita-as-obras-do-predio-da-camara-municipal-de-aracaju\/#primaryimage","url":"https:\/\/ocoerente.com.br\/se\/wp-content\/uploads\/2020\/07\/profB.jpg","contentUrl":"https:\/\/ocoerente.com.br\/se\/wp-content\/uploads\/2020\/07\/profB.jpg","width":800,"height":533},{"@type":"BreadcrumbList","@id":"https:\/\/ocoerente.com.br\/se\/2020\/07\/01\/professor-bittencourt-faz-visita-as-obras-do-predio-da-camara-municipal-de-aracaju\/#breadcrumb","itemListElement":[{"@type":"ListItem","position":1,"name":"In\u00edcio","item":"https:\/\/ocoerente.com.br\/se\/"},{"@type":"ListItem","position":2,"name":"Professor Bittencourt faz visita \u00e0s obras do pr\u00e9dio da C\u00e2mara Municipal de Aracaju"}]},{"@type":"WebSite","@id":"https:\/\/ocoerente.com.br\/se\/#website","url":"https:\/\/ocoerente.com.br\/se\/","name":"O Coerente","description":"","publisher":{"@id":"https:\/\/ocoerente.com.br\/se\/#\/schema\/person\/cc6bfd9fbca465e23543b0c963d8d037"},"potentialAction":[{"@type":"SearchAction","target":{"@type":"EntryPoint","urlTemplate":"https:\/\/ocoerente.com.br\/se\/?s={search_term_string}"},"query-input":{"@type":"PropertyValueSpecification","valueRequired":true,"valueName":"search_term_string"}}],"inLanguage":"pt-BR"},{"@type":["Person","Organization"],"@id":"https:\/\/ocoerente.com.br\/se\/#\/schema\/person\/cc6bfd9fbca465e23543b0c963d8d037","name":"Reda\u00e7\u00e3o","image":{"@type":"ImageObject","inLanguage":"pt-BR","@id":"https:\/\/ocoerente.com.br\/se\/wp-content\/uploads\/2020\/01\/ocoerente-1.png","url":"https:\/\/ocoerente.com.br\/se\/wp-content\/uploads\/2020\/01\/ocoerente-1.png","contentUrl":"https:\/\/ocoerente.com.br\/se\/wp-content\/uploads\/2020\/01\/ocoerente-1.png","width":50,"height":50,"caption":"Reda\u00e7\u00e3o"},"logo":{"@id":"https:\/\/ocoerente.com.br\/se\/wp-content\/uploads\/2020\/01\/ocoerente-1.png"},"url":"https:\/\/ocoerente.com.br\/se\/author\/vasticlsales\/"}]}},"_links":{"self":[{"href":"https:\/\/ocoerente.com.br\/se\/wp-json\/wp\/v2\/posts\/1298","targetHints":{"allow":["GET"]}}],"collection":[{"href":"https:\/\/ocoerente.com.br\/se\/wp-json\/wp\/v2\/posts"}],"about":[{"href":"https:\/\/ocoerente.com.br\/se\/wp-json\/wp\/v2\/types\/post"}],"author":[{"embeddable":true,"href":"https:\/\/ocoerente.com.br\/se\/wp-json\/wp\/v2\/users\/1"}],"replies":[{"embeddable":true,"href":"https:\/\/ocoerente.com.br\/se\/wp-json\/wp\/v2\/comments?post=1298"}],"version-history":[{"count":1,"href":"https:\/\/ocoerente.com.br\/se\/wp-json\/wp\/v2\/posts\/1298\/revisions"}],"predecessor-version":[{"id":1300,"href":"https:\/\/ocoerente.com.br\/se\/wp-json\/wp\/v2\/posts\/1298\/revisions\/1300"}],"wp:featuredmedia":[{"embeddable":true,"href":"https:\/\/ocoerente.com.br\/se\/wp-json\/wp\/v2\/media\/1299"}],"wp:attachment":[{"href":"https:\/\/ocoerente.com.br\/se\/wp-json\/wp\/v2\/media?parent=1298"}],"wp:term":[{"taxonomy":"category","embeddable":true,"href":"https:\/\/ocoerente.com.br\/se\/wp-json\/wp\/v2\/categories?post=1298"},{"taxonomy":"post_tag","embeddable":true,"href":"https:\/\/ocoerente.com.br\/se\/wp-json\/wp\/v2\/tags?post=1298"}],"curies":[{"name":"wp","href":"https:\/\/api.w.org\/{rel}","templated":true}]}}