{"id":1295,"date":"2020-07-01T23:56:14","date_gmt":"2020-07-02T02:56:14","guid":{"rendered":"http:\/\/ocoerente.com.br\/se\/?p=1295"},"modified":"2020-07-01T23:56:14","modified_gmt":"2020-07-02T02:56:14","slug":"cdl-abertura-do-comercio-ja-reflete-nas-consultas-ao-spc","status":"publish","type":"post","link":"https:\/\/ocoerente.com.br\/se\/2020\/07\/01\/cdl-abertura-do-comercio-ja-reflete-nas-consultas-ao-spc\/","title":{"rendered":"CDL: Abertura do com\u00e9rcio j\u00e1 reflete nas consultas ao SPC"},"content":{"rendered":"<p>Se as consultas ao banco de dados do Servi\u00e7o de Prote\u00e7\u00e3o ao Cr\u00e9dito (SPC), controlado em Aracaju pela CDL, ca\u00edram 26% em rela\u00e7\u00e3o a junho de 2019 com junho de 2020, o mesmo j\u00e1 n\u00e3o se pode dizer no comparativo de maio deste ano com junho de 2020, face \u00e0 pandemia do COVID-19.<\/p>\n<p>Dados do SPC da CDL Aracaju mostram que de maio a junho deste ano, as consultas cresceram 16,7%, o que representou, segundo o presidente da entidade, Brenno Barreto, \u201calgo em torno de duas mil consultas no per\u00edodo de 30 dias\u201d.<\/p>\n<p>Para ele, isso j\u00e1 \u00e9 o retrato da abertura das atividades do com\u00e9rcio, que foram autorizados h\u00e1 15 dias e essa semana, refletindo diretamente nas consultas dos lojistas e associados ao banco de dados do SPC Brasil.<\/p>\n<p>Presencial \u2013 Em raz\u00e3o da abertura de alguns segmentos de com\u00e9rcio e servi\u00e7os, como \u00e9 o caso da CDL, livrarias, papelarias, concession\u00e1rias de autom\u00f3veis e outros, tamb\u00e9m a entidade abriu suas portas ao p\u00fablico para as consultas presenciais a partir desta segunda-feira, 29.<\/p>\n<p>\u201cEstamos rigorosamente seguindo as regras de distanciamento social e cuidados com a preven\u00e7\u00e3o, mas tamb\u00e9m as consultas no balc\u00e3o, em nossa sede, j\u00e1 registraram uma m\u00e9dia di\u00e1ria de 68 ao dia\u201d, destacou.<\/p>\n<p>As consultas das pessoas continuam podendo ser feita tamb\u00e9m pela internet, sem ser presencial, no site do SPC, janela SPC Consumidor, ou na sede da CDL, rua Santa Luzia, 571, bairro S\u00e3o Jos\u00e9.<\/p>\n<p>&nbsp;<\/p>\n<p>&nbsp;<\/p>\n","protected":false},"excerpt":{"rendered":"<p>Se as consultas ao banco de dados do Servi\u00e7o de Prote\u00e7\u00e3o ao Cr\u00e9dito (SPC), controlado em Aracaju pela CDL, ca\u00edram 26% em rela\u00e7\u00e3o a junho de 2019 com junho de 2020, o mesmo j\u00e1 n\u00e3o se pode dizer no comparativo de maio deste ano com junho de 2020, face \u00e0 pandemia do COVID-19. Dados do [&hellip;]<\/p>\n","protected":false},"author":1,"featured_media":1296,"comment_status":"closed","ping_status":"closed","sticky":false,"template":"","format":"standard","meta":{"footnotes":""},"categories":[53,43],"tags":[],"class_list":["post-1295","post","type-post","status-publish","format-standard","has-post-thumbnail","hentry","category-destaques","category-sergipe"],"yoast_head":"<!-- This site is optimized with the Yoast SEO plugin v27.5 - https:\/\/yoast.com\/product\/yoast-seo-wordpress\/ -->\n<title>CDL: Abertura do com\u00e9rcio j\u00e1 reflete nas consultas ao SPC - O Coerente<\/title>\n<meta name=\"robots\" content=\"index, follow, max-snippet:-1, max-image-preview:large, max-video-preview:-1\" \/>\n<link rel=\"canonical\" href=\"https:\/\/ocoerente.com.br\/se\/2020\/07\/01\/cdl-abertura-do-comercio-ja-reflete-nas-consultas-ao-spc\/\" \/>\n<meta property=\"og:locale\" content=\"pt_BR\" \/>\n<meta property=\"og:type\" content=\"article\" \/>\n<meta property=\"og:title\" content=\"CDL: Abertura do com\u00e9rcio j\u00e1 reflete nas consultas ao SPC - O Coerente\" \/>\n<meta property=\"og:description\" content=\"Se as consultas ao banco de dados do Servi\u00e7o de Prote\u00e7\u00e3o ao Cr\u00e9dito (SPC), controlado em Aracaju pela CDL, ca\u00edram 26% em rela\u00e7\u00e3o a junho de 2019 com junho de 2020, o mesmo j\u00e1 n\u00e3o se pode dizer no comparativo de maio deste ano com junho de 2020, face \u00e0 pandemia do COVID-19. Dados do [&hellip;]\" \/>\n<meta property=\"og:url\" content=\"https:\/\/ocoerente.com.br\/se\/2020\/07\/01\/cdl-abertura-do-comercio-ja-reflete-nas-consultas-ao-spc\/\" \/>\n<meta property=\"og:site_name\" content=\"O Coerente\" \/>\n<meta property=\"article:published_time\" content=\"2020-07-02T02:56:14+00:00\" \/>\n<meta property=\"og:image\" content=\"https:\/\/ocoerente.com.br\/se\/wp-content\/uploads\/2020\/07\/55040.jpg\" \/>\n\t<meta property=\"og:image:width\" content=\"500\" \/>\n\t<meta property=\"og:image:height\" content=\"332\" \/>\n\t<meta property=\"og:image:type\" content=\"image\/jpeg\" \/>\n<meta name=\"author\" content=\"Reda\u00e7\u00e3o\" \/>\n<meta name=\"twitter:card\" content=\"summary_large_image\" \/>\n<meta name=\"twitter:label1\" content=\"Escrito por\" \/>\n\t<meta name=\"twitter:data1\" content=\"Reda\u00e7\u00e3o\" \/>\n\t<meta name=\"twitter:label2\" content=\"Est. tempo de leitura\" \/>\n\t<meta name=\"twitter:data2\" content=\"1 minuto\" \/>\n<script type=\"application\/ld+json\" class=\"yoast-schema-graph\">{\"@context\":\"https:\\\/\\\/schema.org\",\"@graph\":[{\"@type\":\"Article\",\"@id\":\"https:\\\/\\\/ocoerente.com.br\\\/se\\\/2020\\\/07\\\/01\\\/cdl-abertura-do-comercio-ja-reflete-nas-consultas-ao-spc\\\/#article\",\"isPartOf\":{\"@id\":\"https:\\\/\\\/ocoerente.com.br\\\/se\\\/2020\\\/07\\\/01\\\/cdl-abertura-do-comercio-ja-reflete-nas-consultas-ao-spc\\\/\"},\"author\":{\"name\":\"Reda\u00e7\u00e3o\",\"@id\":\"https:\\\/\\\/ocoerente.com.br\\\/se\\\/#\\\/schema\\\/person\\\/cc6bfd9fbca465e23543b0c963d8d037\"},\"headline\":\"CDL: Abertura do com\u00e9rcio j\u00e1 reflete nas consultas ao SPC\",\"datePublished\":\"2020-07-02T02:56:14+00:00\",\"mainEntityOfPage\":{\"@id\":\"https:\\\/\\\/ocoerente.com.br\\\/se\\\/2020\\\/07\\\/01\\\/cdl-abertura-do-comercio-ja-reflete-nas-consultas-ao-spc\\\/\"},\"wordCount\":259,\"publisher\":{\"@id\":\"https:\\\/\\\/ocoerente.com.br\\\/se\\\/#\\\/schema\\\/person\\\/cc6bfd9fbca465e23543b0c963d8d037\"},\"image\":{\"@id\":\"https:\\\/\\\/ocoerente.com.br\\\/se\\\/2020\\\/07\\\/01\\\/cdl-abertura-do-comercio-ja-reflete-nas-consultas-ao-spc\\\/#primaryimage\"},\"thumbnailUrl\":\"https:\\\/\\\/ocoerente.com.br\\\/se\\\/wp-content\\\/uploads\\\/2020\\\/07\\\/55040.jpg\",\"articleSection\":[\"Destaques\",\"Sergipe\"],\"inLanguage\":\"pt-BR\"},{\"@type\":\"WebPage\",\"@id\":\"https:\\\/\\\/ocoerente.com.br\\\/se\\\/2020\\\/07\\\/01\\\/cdl-abertura-do-comercio-ja-reflete-nas-consultas-ao-spc\\\/\",\"url\":\"https:\\\/\\\/ocoerente.com.br\\\/se\\\/2020\\\/07\\\/01\\\/cdl-abertura-do-comercio-ja-reflete-nas-consultas-ao-spc\\\/\",\"name\":\"CDL: Abertura do com\u00e9rcio j\u00e1 reflete nas consultas ao SPC - O Coerente\",\"isPartOf\":{\"@id\":\"https:\\\/\\\/ocoerente.com.br\\\/se\\\/#website\"},\"primaryImageOfPage\":{\"@id\":\"https:\\\/\\\/ocoerente.com.br\\\/se\\\/2020\\\/07\\\/01\\\/cdl-abertura-do-comercio-ja-reflete-nas-consultas-ao-spc\\\/#primaryimage\"},\"image\":{\"@id\":\"https:\\\/\\\/ocoerente.com.br\\\/se\\\/2020\\\/07\\\/01\\\/cdl-abertura-do-comercio-ja-reflete-nas-consultas-ao-spc\\\/#primaryimage\"},\"thumbnailUrl\":\"https:\\\/\\\/ocoerente.com.br\\\/se\\\/wp-content\\\/uploads\\\/2020\\\/07\\\/55040.jpg\",\"datePublished\":\"2020-07-02T02:56:14+00:00\",\"breadcrumb\":{\"@id\":\"https:\\\/\\\/ocoerente.com.br\\\/se\\\/2020\\\/07\\\/01\\\/cdl-abertura-do-comercio-ja-reflete-nas-consultas-ao-spc\\\/#breadcrumb\"},\"inLanguage\":\"pt-BR\",\"potentialAction\":[{\"@type\":\"ReadAction\",\"target\":[\"https:\\\/\\\/ocoerente.com.br\\\/se\\\/2020\\\/07\\\/01\\\/cdl-abertura-do-comercio-ja-reflete-nas-consultas-ao-spc\\\/\"]}]},{\"@type\":\"ImageObject\",\"inLanguage\":\"pt-BR\",\"@id\":\"https:\\\/\\\/ocoerente.com.br\\\/se\\\/2020\\\/07\\\/01\\\/cdl-abertura-do-comercio-ja-reflete-nas-consultas-ao-spc\\\/#primaryimage\",\"url\":\"https:\\\/\\\/ocoerente.com.br\\\/se\\\/wp-content\\\/uploads\\\/2020\\\/07\\\/55040.jpg\",\"contentUrl\":\"https:\\\/\\\/ocoerente.com.br\\\/se\\\/wp-content\\\/uploads\\\/2020\\\/07\\\/55040.jpg\",\"width\":500,\"height\":332},{\"@type\":\"BreadcrumbList\",\"@id\":\"https:\\\/\\\/ocoerente.com.br\\\/se\\\/2020\\\/07\\\/01\\\/cdl-abertura-do-comercio-ja-reflete-nas-consultas-ao-spc\\\/#breadcrumb\",\"itemListElement\":[{\"@type\":\"ListItem\",\"position\":1,\"name\":\"In\u00edcio\",\"item\":\"https:\\\/\\\/ocoerente.com.br\\\/se\\\/\"},{\"@type\":\"ListItem\",\"position\":2,\"name\":\"CDL: Abertura do com\u00e9rcio j\u00e1 reflete nas consultas ao SPC\"}]},{\"@type\":\"WebSite\",\"@id\":\"https:\\\/\\\/ocoerente.com.br\\\/se\\\/#website\",\"url\":\"https:\\\/\\\/ocoerente.com.br\\\/se\\\/\",\"name\":\"O Coerente\",\"description\":\"\",\"publisher\":{\"@id\":\"https:\\\/\\\/ocoerente.com.br\\\/se\\\/#\\\/schema\\\/person\\\/cc6bfd9fbca465e23543b0c963d8d037\"},\"potentialAction\":[{\"@type\":\"SearchAction\",\"target\":{\"@type\":\"EntryPoint\",\"urlTemplate\":\"https:\\\/\\\/ocoerente.com.br\\\/se\\\/?s={search_term_string}\"},\"query-input\":{\"@type\":\"PropertyValueSpecification\",\"valueRequired\":true,\"valueName\":\"search_term_string\"}}],\"inLanguage\":\"pt-BR\"},{\"@type\":[\"Person\",\"Organization\"],\"@id\":\"https:\\\/\\\/ocoerente.com.br\\\/se\\\/#\\\/schema\\\/person\\\/cc6bfd9fbca465e23543b0c963d8d037\",\"name\":\"Reda\u00e7\u00e3o\",\"image\":{\"@type\":\"ImageObject\",\"inLanguage\":\"pt-BR\",\"@id\":\"https:\\\/\\\/ocoerente.com.br\\\/se\\\/wp-content\\\/uploads\\\/2020\\\/01\\\/ocoerente-1.png\",\"url\":\"https:\\\/\\\/ocoerente.com.br\\\/se\\\/wp-content\\\/uploads\\\/2020\\\/01\\\/ocoerente-1.png\",\"contentUrl\":\"https:\\\/\\\/ocoerente.com.br\\\/se\\\/wp-content\\\/uploads\\\/2020\\\/01\\\/ocoerente-1.png\",\"width\":50,\"height\":50,\"caption\":\"Reda\u00e7\u00e3o\"},\"logo\":{\"@id\":\"https:\\\/\\\/ocoerente.com.br\\\/se\\\/wp-content\\\/uploads\\\/2020\\\/01\\\/ocoerente-1.png\"},\"url\":\"https:\\\/\\\/ocoerente.com.br\\\/se\\\/author\\\/vasticlsales\\\/\"}]}<\/script>\n<!-- \/ Yoast SEO plugin. -->","yoast_head_json":{"title":"CDL: Abertura do com\u00e9rcio j\u00e1 reflete nas consultas ao SPC - O Coerente","robots":{"index":"index","follow":"follow","max-snippet":"max-snippet:-1","max-image-preview":"max-image-preview:large","max-video-preview":"max-video-preview:-1"},"canonical":"https:\/\/ocoerente.com.br\/se\/2020\/07\/01\/cdl-abertura-do-comercio-ja-reflete-nas-consultas-ao-spc\/","og_locale":"pt_BR","og_type":"article","og_title":"CDL: Abertura do com\u00e9rcio j\u00e1 reflete nas consultas ao SPC - O Coerente","og_description":"Se as consultas ao banco de dados do Servi\u00e7o de Prote\u00e7\u00e3o ao Cr\u00e9dito (SPC), controlado em Aracaju pela CDL, ca\u00edram 26% em rela\u00e7\u00e3o a junho de 2019 com junho de 2020, o mesmo j\u00e1 n\u00e3o se pode dizer no comparativo de maio deste ano com junho de 2020, face \u00e0 pandemia do COVID-19. Dados do [&hellip;]","og_url":"https:\/\/ocoerente.com.br\/se\/2020\/07\/01\/cdl-abertura-do-comercio-ja-reflete-nas-consultas-ao-spc\/","og_site_name":"O Coerente","article_published_time":"2020-07-02T02:56:14+00:00","og_image":[{"width":500,"height":332,"url":"https:\/\/ocoerente.com.br\/se\/wp-content\/uploads\/2020\/07\/55040.jpg","type":"image\/jpeg"}],"author":"Reda\u00e7\u00e3o","twitter_card":"summary_large_image","twitter_misc":{"Escrito por":"Reda\u00e7\u00e3o","Est. tempo de leitura":"1 minuto"},"schema":{"@context":"https:\/\/schema.org","@graph":[{"@type":"Article","@id":"https:\/\/ocoerente.com.br\/se\/2020\/07\/01\/cdl-abertura-do-comercio-ja-reflete-nas-consultas-ao-spc\/#article","isPartOf":{"@id":"https:\/\/ocoerente.com.br\/se\/2020\/07\/01\/cdl-abertura-do-comercio-ja-reflete-nas-consultas-ao-spc\/"},"author":{"name":"Reda\u00e7\u00e3o","@id":"https:\/\/ocoerente.com.br\/se\/#\/schema\/person\/cc6bfd9fbca465e23543b0c963d8d037"},"headline":"CDL: Abertura do com\u00e9rcio j\u00e1 reflete nas consultas ao SPC","datePublished":"2020-07-02T02:56:14+00:00","mainEntityOfPage":{"@id":"https:\/\/ocoerente.com.br\/se\/2020\/07\/01\/cdl-abertura-do-comercio-ja-reflete-nas-consultas-ao-spc\/"},"wordCount":259,"publisher":{"@id":"https:\/\/ocoerente.com.br\/se\/#\/schema\/person\/cc6bfd9fbca465e23543b0c963d8d037"},"image":{"@id":"https:\/\/ocoerente.com.br\/se\/2020\/07\/01\/cdl-abertura-do-comercio-ja-reflete-nas-consultas-ao-spc\/#primaryimage"},"thumbnailUrl":"https:\/\/ocoerente.com.br\/se\/wp-content\/uploads\/2020\/07\/55040.jpg","articleSection":["Destaques","Sergipe"],"inLanguage":"pt-BR"},{"@type":"WebPage","@id":"https:\/\/ocoerente.com.br\/se\/2020\/07\/01\/cdl-abertura-do-comercio-ja-reflete-nas-consultas-ao-spc\/","url":"https:\/\/ocoerente.com.br\/se\/2020\/07\/01\/cdl-abertura-do-comercio-ja-reflete-nas-consultas-ao-spc\/","name":"CDL: Abertura do com\u00e9rcio j\u00e1 reflete nas consultas ao SPC - O Coerente","isPartOf":{"@id":"https:\/\/ocoerente.com.br\/se\/#website"},"primaryImageOfPage":{"@id":"https:\/\/ocoerente.com.br\/se\/2020\/07\/01\/cdl-abertura-do-comercio-ja-reflete-nas-consultas-ao-spc\/#primaryimage"},"image":{"@id":"https:\/\/ocoerente.com.br\/se\/2020\/07\/01\/cdl-abertura-do-comercio-ja-reflete-nas-consultas-ao-spc\/#primaryimage"},"thumbnailUrl":"https:\/\/ocoerente.com.br\/se\/wp-content\/uploads\/2020\/07\/55040.jpg","datePublished":"2020-07-02T02:56:14+00:00","breadcrumb":{"@id":"https:\/\/ocoerente.com.br\/se\/2020\/07\/01\/cdl-abertura-do-comercio-ja-reflete-nas-consultas-ao-spc\/#breadcrumb"},"inLanguage":"pt-BR","potentialAction":[{"@type":"ReadAction","target":["https:\/\/ocoerente.com.br\/se\/2020\/07\/01\/cdl-abertura-do-comercio-ja-reflete-nas-consultas-ao-spc\/"]}]},{"@type":"ImageObject","inLanguage":"pt-BR","@id":"https:\/\/ocoerente.com.br\/se\/2020\/07\/01\/cdl-abertura-do-comercio-ja-reflete-nas-consultas-ao-spc\/#primaryimage","url":"https:\/\/ocoerente.com.br\/se\/wp-content\/uploads\/2020\/07\/55040.jpg","contentUrl":"https:\/\/ocoerente.com.br\/se\/wp-content\/uploads\/2020\/07\/55040.jpg","width":500,"height":332},{"@type":"BreadcrumbList","@id":"https:\/\/ocoerente.com.br\/se\/2020\/07\/01\/cdl-abertura-do-comercio-ja-reflete-nas-consultas-ao-spc\/#breadcrumb","itemListElement":[{"@type":"ListItem","position":1,"name":"In\u00edcio","item":"https:\/\/ocoerente.com.br\/se\/"},{"@type":"ListItem","position":2,"name":"CDL: Abertura do com\u00e9rcio j\u00e1 reflete nas consultas ao SPC"}]},{"@type":"WebSite","@id":"https:\/\/ocoerente.com.br\/se\/#website","url":"https:\/\/ocoerente.com.br\/se\/","name":"O Coerente","description":"","publisher":{"@id":"https:\/\/ocoerente.com.br\/se\/#\/schema\/person\/cc6bfd9fbca465e23543b0c963d8d037"},"potentialAction":[{"@type":"SearchAction","target":{"@type":"EntryPoint","urlTemplate":"https:\/\/ocoerente.com.br\/se\/?s={search_term_string}"},"query-input":{"@type":"PropertyValueSpecification","valueRequired":true,"valueName":"search_term_string"}}],"inLanguage":"pt-BR"},{"@type":["Person","Organization"],"@id":"https:\/\/ocoerente.com.br\/se\/#\/schema\/person\/cc6bfd9fbca465e23543b0c963d8d037","name":"Reda\u00e7\u00e3o","image":{"@type":"ImageObject","inLanguage":"pt-BR","@id":"https:\/\/ocoerente.com.br\/se\/wp-content\/uploads\/2020\/01\/ocoerente-1.png","url":"https:\/\/ocoerente.com.br\/se\/wp-content\/uploads\/2020\/01\/ocoerente-1.png","contentUrl":"https:\/\/ocoerente.com.br\/se\/wp-content\/uploads\/2020\/01\/ocoerente-1.png","width":50,"height":50,"caption":"Reda\u00e7\u00e3o"},"logo":{"@id":"https:\/\/ocoerente.com.br\/se\/wp-content\/uploads\/2020\/01\/ocoerente-1.png"},"url":"https:\/\/ocoerente.com.br\/se\/author\/vasticlsales\/"}]}},"_links":{"self":[{"href":"https:\/\/ocoerente.com.br\/se\/wp-json\/wp\/v2\/posts\/1295","targetHints":{"allow":["GET"]}}],"collection":[{"href":"https:\/\/ocoerente.com.br\/se\/wp-json\/wp\/v2\/posts"}],"about":[{"href":"https:\/\/ocoerente.com.br\/se\/wp-json\/wp\/v2\/types\/post"}],"author":[{"embeddable":true,"href":"https:\/\/ocoerente.com.br\/se\/wp-json\/wp\/v2\/users\/1"}],"replies":[{"embeddable":true,"href":"https:\/\/ocoerente.com.br\/se\/wp-json\/wp\/v2\/comments?post=1295"}],"version-history":[{"count":1,"href":"https:\/\/ocoerente.com.br\/se\/wp-json\/wp\/v2\/posts\/1295\/revisions"}],"predecessor-version":[{"id":1297,"href":"https:\/\/ocoerente.com.br\/se\/wp-json\/wp\/v2\/posts\/1295\/revisions\/1297"}],"wp:featuredmedia":[{"embeddable":true,"href":"https:\/\/ocoerente.com.br\/se\/wp-json\/wp\/v2\/media\/1296"}],"wp:attachment":[{"href":"https:\/\/ocoerente.com.br\/se\/wp-json\/wp\/v2\/media?parent=1295"}],"wp:term":[{"taxonomy":"category","embeddable":true,"href":"https:\/\/ocoerente.com.br\/se\/wp-json\/wp\/v2\/categories?post=1295"},{"taxonomy":"post_tag","embeddable":true,"href":"https:\/\/ocoerente.com.br\/se\/wp-json\/wp\/v2\/tags?post=1295"}],"curies":[{"name":"wp","href":"https:\/\/api.w.org\/{rel}","templated":true}]}}