{"id":1293,"date":"2020-06-30T01:17:45","date_gmt":"2020-06-30T04:17:45","guid":{"rendered":"http:\/\/ocoerente.com.br\/se\/?p=1293"},"modified":"2020-06-30T01:17:45","modified_gmt":"2020-06-30T04:17:45","slug":"prefeitura-inicia-plantao-social","status":"publish","type":"post","link":"https:\/\/ocoerente.com.br\/se\/2020\/06\/30\/prefeitura-inicia-plantao-social\/","title":{"rendered":"Prefeitura inicia Plant\u00e3o Social"},"content":{"rendered":"<p>A Prefeitura de Aracaju, por meio da Secretaria Municipal da Assist\u00eancia Social, dar\u00e1 in\u00edcio nesta, ter\u00e7a-feira, 30, \u00e0s 8h, a mais uma etapa do cronograma de execu\u00e7\u00e3o do Plano Social de Realoca\u00e7\u00e3o das Fam\u00edlias benefici\u00e1rias do Pr\u00f3-Moradia, instaladas na Ocupa\u00e7\u00e3o das Mangabeiras, situado no bairro 17 de Mar\u00e7o.<\/p>\n<p>Ser\u00e3o entregues os contratos de alugu\u00e9is e assinados pelas fam\u00edlias os termos de ades\u00e3o ao programa. Os atendimentos acontecer\u00e3o no Centro de Artes e Esportes Unificados (CEU), no Centro de Refer\u00eancia da Assist\u00eancia Social (Cras) Maria Din\u00e1, no 17 de Mar\u00e7o, bairro onde est\u00e1 localizada a ocupa\u00e7\u00e3o.<\/p>\n<p>Preocupada com a pandemia da Covid-19, a gest\u00e3o municipal dividiu os atendimentos por \u00e1reas a fim de evitar aglomera\u00e7\u00f5es. Desta forma, ser\u00e3o atendidos, neste primeiro dia, os moradores da \u00e1rea C (100 pela manh\u00e3 e 50 no per\u00edodo da tarde). A for\u00e7a-tarefa acontecer\u00e1 at\u00e9 o dia 10 de julho e contar\u00e1 com cerca de 20 assistentes sociais, entre outros t\u00e9cnicos de apoio.<\/p>\n<p>As senhas ser\u00e3o distribu\u00eddas a partir das 7h30. O hor\u00e1rio de atendimento acontece de 8h30 \u00e0s 12h30 e de 13h30 \u00e0s 16h.<\/p>\n<p>A OBRA<\/p>\n<p>Mais de 800 fam\u00edlias instaladas na Ocupa\u00e7\u00e3o das Mangabeiras, a maior da capital sergipana, localizada no bairro 17 de Mar\u00e7o, h\u00e1 quase seis anos, ser\u00e3o beneficiadas com o projeto. Desde 2017, a atual gest\u00e3o da Prefeitura de Aracaju vem trabalhando para garantir moradia digna \u00e0 popula\u00e7\u00e3o que reside na localidade. Para isso, elaborou e viabilizou recursos para construir, na \u00e1rea da ocupa\u00e7\u00e3o, um residencial com 1.102 casas, que ser\u00e1 denominado Irm\u00e3 Dulce dos Pobres.<br \/>\nO projeto foi aprovado pela C\u00e2mara de Aracaju por unanimidade. \u00c9 uma obra grandiosa, de mobilidade, infraestrutura, mas sobretudo, \u00e9 uma obra social, que vai trazer dignidade a 836 fam\u00edlias das Mangabeiras e mais 266 que recebem o aux\u00edlio moradia h\u00e1 mais tempo.<\/p>\n<p>O conv\u00eanio para o empr\u00e9stimo foi autorizado pela Secretaria do Tesouro Nacional (STN), \u00f3rg\u00e3o ligado ao Minist\u00e9rio da Economia, em 20 de junho de 2019. A Prefeitura de Aracaju foi autorizada pela STN a contratar a opera\u00e7\u00e3o de cr\u00e9dito na modalidade sem garantia da Uni\u00e3o, valendo-se como garantia dos cr\u00e9ditos provenientes das receitas tribut\u00e1rias. A cess\u00e3o do terreno, pela Uni\u00e3o, fez parte de um trabalho conjunto entre Prefeitura e a SPU em Sergipe.<br \/>\nEm abril de 2019, a Prefeitura de Aracaju, atrav\u00e9s da Secretaria Municipal da Assist\u00eancia Social, realizou o cadastramento de 836 fam\u00edlias que residem na Ocupa\u00e7\u00e3o, al\u00e9m de 266 que recebem aux\u00edlio-moradia h\u00e1 mais tempo. O cadastro teve como objetivo reconhecer o territ\u00f3rio e identificar as fam\u00edlias encontradas na \u00e1rea.<br \/>\nA a\u00e7\u00e3o, que contou com o apoio das secretarias do Planejamento, Or\u00e7amento e Gest\u00e3o e da Defesa Social e Cidadania, envolveu quase 180 profissionais em uma verdadeira for\u00e7a-tarefa. Ao todo, foram cadastradas 1.656 pessoas, entre eles, 495 crian\u00e7as (29, 89%), 164 adolescentes (10%), 55 idosos (3,32%) 45 pessoas com defici\u00eancia (2,71%), 897 adultos (54, 16%).<\/p>\n<p>O prazo para a conclus\u00e3o da obra \u00e9 de dois anos. Durante esse per\u00edodo, as fam\u00edlias v\u00e3o ser beneficiadas com o Aluguel Social para que possam permanecer em suas novas resid\u00eancias tempor\u00e1rias, onde permanecer\u00e3o, durante dois anos, at\u00e9 a constru\u00e7\u00e3o das casas e o reassentamento das Mangabeiras. A gest\u00e3o ir\u00e1 investir mensalmente cerca de R$ 240 mil no aluguel de casas para estas fam\u00edlias, um investimento de mais R$ 7 milh\u00f5es.<br \/>\nAp\u00f3s o processo de constru\u00e7\u00e3o das casas, ser\u00e1 desenvolvido um trabalho de acompanhamento social com as fam\u00edlias. Ao longo dos dois anos, ser\u00e3o desenvolvidas uma s\u00e9rie de a\u00e7\u00f5es para o fortalecimento da comunidade, por meio de um trabalho t\u00e9cnico social, onde ser\u00e1 estimulada a educa\u00e7\u00e3o patrimonial para que elas, ao serem reassentadas, consigam ter o bom conv\u00edvio, preservando o novo espa\u00e7o de moradia.<\/p>\n<p>Tamb\u00e9m ser\u00e3o desenvolvidas a\u00e7\u00f5es de educa\u00e7\u00e3o ambiental, pois no espa\u00e7o, h\u00e1 uma reserva de mangabeiras que requer a devida preserva\u00e7\u00e3o para garantir sustentabilidade \u00e0s fam\u00edlias. Nas Mangabeiras, h\u00e1 um grande grupo de pessoas que trabalham com reciclagem de materiais, por isso, tamb\u00e9m ser\u00e3o proporcionadas atividades de gera\u00e7\u00e3o de renda. Ap\u00f3s o retorno das fam\u00edlias, agora ao novo residencial Irm\u00e3 Dulce dos Pobres, esses moradores tamb\u00e9m ser\u00e3o acompanhados por seis meses para que possa ser analisada a conviv\u00eancia entre eles e quais resultados ser\u00e3o obtidos com as a\u00e7\u00f5es de preserva\u00e7\u00e3o ambiental e patrimonial.<\/p>\n<p>Pr\u00f3ximos passos<\/p>\n<p>O prazo para a loca\u00e7\u00e3o das casas iniciou no dia 15 de junho, e encerra no pr\u00f3ximo dia 6 de julho. J\u00e1 a organiza\u00e7\u00e3o dos endere\u00e7os para a transfer\u00eancia das fam\u00edlias, ser\u00e1 de 13 a 17 de julho. Na fase seguinte, haver\u00e1 a remo\u00e7\u00e3o dos barracos e transfer\u00eancia dos moradores, por \u00e1reas, de 20 a 24 de julho. Ap\u00f3s a realoca\u00e7\u00e3o das fam\u00edlias, as moradias impr\u00f3prias ser\u00e3o demolidas. Depois, ser\u00e1 feita a limpeza do terreno, estrutura\u00e7\u00e3o do local, como drenagem, esgotamento sanit\u00e1rio e constru\u00e7\u00e3o das novas resid\u00eancias.<\/p>\n","protected":false},"excerpt":{"rendered":"<p>A Prefeitura de Aracaju, por meio da Secretaria Municipal da Assist\u00eancia Social, dar\u00e1 in\u00edcio nesta, ter\u00e7a-feira, 30, \u00e0s 8h, a mais uma etapa do cronograma de execu\u00e7\u00e3o do Plano Social de Realoca\u00e7\u00e3o das Fam\u00edlias benefici\u00e1rias do Pr\u00f3-Moradia, instaladas na Ocupa\u00e7\u00e3o das Mangabeiras, situado no bairro 17 de Mar\u00e7o. Ser\u00e3o entregues os contratos de alugu\u00e9is e [&hellip;]<\/p>\n","protected":false},"author":1,"featured_media":1292,"comment_status":"closed","ping_status":"closed","sticky":false,"template":"","format":"standard","meta":{"footnotes":""},"categories":[53,43],"tags":[],"class_list":["post-1293","post","type-post","status-publish","format-standard","has-post-thumbnail","hentry","category-destaques","category-sergipe"],"yoast_head":"<!-- This site is optimized with the Yoast SEO plugin v27.4 - https:\/\/yoast.com\/product\/yoast-seo-wordpress\/ -->\n<title>Prefeitura inicia Plant\u00e3o Social - O Coerente<\/title>\n<meta name=\"robots\" content=\"index, follow, max-snippet:-1, max-image-preview:large, max-video-preview:-1\" \/>\n<link rel=\"canonical\" href=\"https:\/\/ocoerente.com.br\/se\/2020\/06\/30\/prefeitura-inicia-plantao-social\/\" \/>\n<meta property=\"og:locale\" content=\"pt_BR\" \/>\n<meta property=\"og:type\" content=\"article\" \/>\n<meta property=\"og:title\" content=\"Prefeitura inicia Plant\u00e3o Social - O Coerente\" \/>\n<meta property=\"og:description\" content=\"A Prefeitura de Aracaju, por meio da Secretaria Municipal da Assist\u00eancia Social, dar\u00e1 in\u00edcio nesta, ter\u00e7a-feira, 30, \u00e0s 8h, a mais uma etapa do cronograma de execu\u00e7\u00e3o do Plano Social de Realoca\u00e7\u00e3o das Fam\u00edlias benefici\u00e1rias do Pr\u00f3-Moradia, instaladas na Ocupa\u00e7\u00e3o das Mangabeiras, situado no bairro 17 de Mar\u00e7o. Ser\u00e3o entregues os contratos de alugu\u00e9is e [&hellip;]\" \/>\n<meta property=\"og:url\" content=\"https:\/\/ocoerente.com.br\/se\/2020\/06\/30\/prefeitura-inicia-plantao-social\/\" \/>\n<meta property=\"og:site_name\" content=\"O Coerente\" \/>\n<meta property=\"article:published_time\" content=\"2020-06-30T04:17:45+00:00\" \/>\n<meta property=\"og:image\" content=\"https:\/\/ocoerente.com.br\/se\/wp-content\/uploads\/2020\/06\/mangabeiras-1.jpg\" \/>\n\t<meta property=\"og:image:width\" content=\"1500\" \/>\n\t<meta property=\"og:image:height\" content=\"1000\" \/>\n\t<meta property=\"og:image:type\" content=\"image\/jpeg\" \/>\n<meta name=\"author\" content=\"Reda\u00e7\u00e3o\" \/>\n<meta name=\"twitter:card\" content=\"summary_large_image\" \/>\n<meta name=\"twitter:label1\" content=\"Escrito por\" \/>\n\t<meta name=\"twitter:data1\" content=\"Reda\u00e7\u00e3o\" \/>\n\t<meta name=\"twitter:label2\" content=\"Est. tempo de leitura\" \/>\n\t<meta name=\"twitter:data2\" content=\"4 minutos\" \/>\n<script type=\"application\/ld+json\" class=\"yoast-schema-graph\">{\"@context\":\"https:\\\/\\\/schema.org\",\"@graph\":[{\"@type\":\"Article\",\"@id\":\"https:\\\/\\\/ocoerente.com.br\\\/se\\\/2020\\\/06\\\/30\\\/prefeitura-inicia-plantao-social\\\/#article\",\"isPartOf\":{\"@id\":\"https:\\\/\\\/ocoerente.com.br\\\/se\\\/2020\\\/06\\\/30\\\/prefeitura-inicia-plantao-social\\\/\"},\"author\":{\"name\":\"Reda\u00e7\u00e3o\",\"@id\":\"https:\\\/\\\/ocoerente.com.br\\\/se\\\/#\\\/schema\\\/person\\\/cc6bfd9fbca465e23543b0c963d8d037\"},\"headline\":\"Prefeitura inicia Plant\u00e3o Social\",\"datePublished\":\"2020-06-30T04:17:45+00:00\",\"mainEntityOfPage\":{\"@id\":\"https:\\\/\\\/ocoerente.com.br\\\/se\\\/2020\\\/06\\\/30\\\/prefeitura-inicia-plantao-social\\\/\"},\"wordCount\":871,\"publisher\":{\"@id\":\"https:\\\/\\\/ocoerente.com.br\\\/se\\\/#\\\/schema\\\/person\\\/cc6bfd9fbca465e23543b0c963d8d037\"},\"image\":{\"@id\":\"https:\\\/\\\/ocoerente.com.br\\\/se\\\/2020\\\/06\\\/30\\\/prefeitura-inicia-plantao-social\\\/#primaryimage\"},\"thumbnailUrl\":\"https:\\\/\\\/ocoerente.com.br\\\/se\\\/wp-content\\\/uploads\\\/2020\\\/06\\\/mangabeiras-1.jpg\",\"articleSection\":[\"Destaques\",\"Sergipe\"],\"inLanguage\":\"pt-BR\"},{\"@type\":\"WebPage\",\"@id\":\"https:\\\/\\\/ocoerente.com.br\\\/se\\\/2020\\\/06\\\/30\\\/prefeitura-inicia-plantao-social\\\/\",\"url\":\"https:\\\/\\\/ocoerente.com.br\\\/se\\\/2020\\\/06\\\/30\\\/prefeitura-inicia-plantao-social\\\/\",\"name\":\"Prefeitura inicia Plant\u00e3o Social - O Coerente\",\"isPartOf\":{\"@id\":\"https:\\\/\\\/ocoerente.com.br\\\/se\\\/#website\"},\"primaryImageOfPage\":{\"@id\":\"https:\\\/\\\/ocoerente.com.br\\\/se\\\/2020\\\/06\\\/30\\\/prefeitura-inicia-plantao-social\\\/#primaryimage\"},\"image\":{\"@id\":\"https:\\\/\\\/ocoerente.com.br\\\/se\\\/2020\\\/06\\\/30\\\/prefeitura-inicia-plantao-social\\\/#primaryimage\"},\"thumbnailUrl\":\"https:\\\/\\\/ocoerente.com.br\\\/se\\\/wp-content\\\/uploads\\\/2020\\\/06\\\/mangabeiras-1.jpg\",\"datePublished\":\"2020-06-30T04:17:45+00:00\",\"breadcrumb\":{\"@id\":\"https:\\\/\\\/ocoerente.com.br\\\/se\\\/2020\\\/06\\\/30\\\/prefeitura-inicia-plantao-social\\\/#breadcrumb\"},\"inLanguage\":\"pt-BR\",\"potentialAction\":[{\"@type\":\"ReadAction\",\"target\":[\"https:\\\/\\\/ocoerente.com.br\\\/se\\\/2020\\\/06\\\/30\\\/prefeitura-inicia-plantao-social\\\/\"]}]},{\"@type\":\"ImageObject\",\"inLanguage\":\"pt-BR\",\"@id\":\"https:\\\/\\\/ocoerente.com.br\\\/se\\\/2020\\\/06\\\/30\\\/prefeitura-inicia-plantao-social\\\/#primaryimage\",\"url\":\"https:\\\/\\\/ocoerente.com.br\\\/se\\\/wp-content\\\/uploads\\\/2020\\\/06\\\/mangabeiras-1.jpg\",\"contentUrl\":\"https:\\\/\\\/ocoerente.com.br\\\/se\\\/wp-content\\\/uploads\\\/2020\\\/06\\\/mangabeiras-1.jpg\",\"width\":1500,\"height\":1000},{\"@type\":\"BreadcrumbList\",\"@id\":\"https:\\\/\\\/ocoerente.com.br\\\/se\\\/2020\\\/06\\\/30\\\/prefeitura-inicia-plantao-social\\\/#breadcrumb\",\"itemListElement\":[{\"@type\":\"ListItem\",\"position\":1,\"name\":\"In\u00edcio\",\"item\":\"https:\\\/\\\/ocoerente.com.br\\\/se\\\/\"},{\"@type\":\"ListItem\",\"position\":2,\"name\":\"Prefeitura inicia Plant\u00e3o Social\"}]},{\"@type\":\"WebSite\",\"@id\":\"https:\\\/\\\/ocoerente.com.br\\\/se\\\/#website\",\"url\":\"https:\\\/\\\/ocoerente.com.br\\\/se\\\/\",\"name\":\"O Coerente\",\"description\":\"\",\"publisher\":{\"@id\":\"https:\\\/\\\/ocoerente.com.br\\\/se\\\/#\\\/schema\\\/person\\\/cc6bfd9fbca465e23543b0c963d8d037\"},\"potentialAction\":[{\"@type\":\"SearchAction\",\"target\":{\"@type\":\"EntryPoint\",\"urlTemplate\":\"https:\\\/\\\/ocoerente.com.br\\\/se\\\/?s={search_term_string}\"},\"query-input\":{\"@type\":\"PropertyValueSpecification\",\"valueRequired\":true,\"valueName\":\"search_term_string\"}}],\"inLanguage\":\"pt-BR\"},{\"@type\":[\"Person\",\"Organization\"],\"@id\":\"https:\\\/\\\/ocoerente.com.br\\\/se\\\/#\\\/schema\\\/person\\\/cc6bfd9fbca465e23543b0c963d8d037\",\"name\":\"Reda\u00e7\u00e3o\",\"image\":{\"@type\":\"ImageObject\",\"inLanguage\":\"pt-BR\",\"@id\":\"https:\\\/\\\/ocoerente.com.br\\\/se\\\/wp-content\\\/uploads\\\/2020\\\/01\\\/ocoerente-1.png\",\"url\":\"https:\\\/\\\/ocoerente.com.br\\\/se\\\/wp-content\\\/uploads\\\/2020\\\/01\\\/ocoerente-1.png\",\"contentUrl\":\"https:\\\/\\\/ocoerente.com.br\\\/se\\\/wp-content\\\/uploads\\\/2020\\\/01\\\/ocoerente-1.png\",\"width\":50,\"height\":50,\"caption\":\"Reda\u00e7\u00e3o\"},\"logo\":{\"@id\":\"https:\\\/\\\/ocoerente.com.br\\\/se\\\/wp-content\\\/uploads\\\/2020\\\/01\\\/ocoerente-1.png\"},\"url\":\"https:\\\/\\\/ocoerente.com.br\\\/se\\\/author\\\/vasticlsales\\\/\"}]}<\/script>\n<!-- \/ Yoast SEO plugin. -->","yoast_head_json":{"title":"Prefeitura inicia Plant\u00e3o Social - O Coerente","robots":{"index":"index","follow":"follow","max-snippet":"max-snippet:-1","max-image-preview":"max-image-preview:large","max-video-preview":"max-video-preview:-1"},"canonical":"https:\/\/ocoerente.com.br\/se\/2020\/06\/30\/prefeitura-inicia-plantao-social\/","og_locale":"pt_BR","og_type":"article","og_title":"Prefeitura inicia Plant\u00e3o Social - O Coerente","og_description":"A Prefeitura de Aracaju, por meio da Secretaria Municipal da Assist\u00eancia Social, dar\u00e1 in\u00edcio nesta, ter\u00e7a-feira, 30, \u00e0s 8h, a mais uma etapa do cronograma de execu\u00e7\u00e3o do Plano Social de Realoca\u00e7\u00e3o das Fam\u00edlias benefici\u00e1rias do Pr\u00f3-Moradia, instaladas na Ocupa\u00e7\u00e3o das Mangabeiras, situado no bairro 17 de Mar\u00e7o. Ser\u00e3o entregues os contratos de alugu\u00e9is e [&hellip;]","og_url":"https:\/\/ocoerente.com.br\/se\/2020\/06\/30\/prefeitura-inicia-plantao-social\/","og_site_name":"O Coerente","article_published_time":"2020-06-30T04:17:45+00:00","og_image":[{"width":1500,"height":1000,"url":"https:\/\/ocoerente.com.br\/se\/wp-content\/uploads\/2020\/06\/mangabeiras-1.jpg","type":"image\/jpeg"}],"author":"Reda\u00e7\u00e3o","twitter_card":"summary_large_image","twitter_misc":{"Escrito por":"Reda\u00e7\u00e3o","Est. tempo de leitura":"4 minutos"},"schema":{"@context":"https:\/\/schema.org","@graph":[{"@type":"Article","@id":"https:\/\/ocoerente.com.br\/se\/2020\/06\/30\/prefeitura-inicia-plantao-social\/#article","isPartOf":{"@id":"https:\/\/ocoerente.com.br\/se\/2020\/06\/30\/prefeitura-inicia-plantao-social\/"},"author":{"name":"Reda\u00e7\u00e3o","@id":"https:\/\/ocoerente.com.br\/se\/#\/schema\/person\/cc6bfd9fbca465e23543b0c963d8d037"},"headline":"Prefeitura inicia Plant\u00e3o Social","datePublished":"2020-06-30T04:17:45+00:00","mainEntityOfPage":{"@id":"https:\/\/ocoerente.com.br\/se\/2020\/06\/30\/prefeitura-inicia-plantao-social\/"},"wordCount":871,"publisher":{"@id":"https:\/\/ocoerente.com.br\/se\/#\/schema\/person\/cc6bfd9fbca465e23543b0c963d8d037"},"image":{"@id":"https:\/\/ocoerente.com.br\/se\/2020\/06\/30\/prefeitura-inicia-plantao-social\/#primaryimage"},"thumbnailUrl":"https:\/\/ocoerente.com.br\/se\/wp-content\/uploads\/2020\/06\/mangabeiras-1.jpg","articleSection":["Destaques","Sergipe"],"inLanguage":"pt-BR"},{"@type":"WebPage","@id":"https:\/\/ocoerente.com.br\/se\/2020\/06\/30\/prefeitura-inicia-plantao-social\/","url":"https:\/\/ocoerente.com.br\/se\/2020\/06\/30\/prefeitura-inicia-plantao-social\/","name":"Prefeitura inicia Plant\u00e3o Social - O Coerente","isPartOf":{"@id":"https:\/\/ocoerente.com.br\/se\/#website"},"primaryImageOfPage":{"@id":"https:\/\/ocoerente.com.br\/se\/2020\/06\/30\/prefeitura-inicia-plantao-social\/#primaryimage"},"image":{"@id":"https:\/\/ocoerente.com.br\/se\/2020\/06\/30\/prefeitura-inicia-plantao-social\/#primaryimage"},"thumbnailUrl":"https:\/\/ocoerente.com.br\/se\/wp-content\/uploads\/2020\/06\/mangabeiras-1.jpg","datePublished":"2020-06-30T04:17:45+00:00","breadcrumb":{"@id":"https:\/\/ocoerente.com.br\/se\/2020\/06\/30\/prefeitura-inicia-plantao-social\/#breadcrumb"},"inLanguage":"pt-BR","potentialAction":[{"@type":"ReadAction","target":["https:\/\/ocoerente.com.br\/se\/2020\/06\/30\/prefeitura-inicia-plantao-social\/"]}]},{"@type":"ImageObject","inLanguage":"pt-BR","@id":"https:\/\/ocoerente.com.br\/se\/2020\/06\/30\/prefeitura-inicia-plantao-social\/#primaryimage","url":"https:\/\/ocoerente.com.br\/se\/wp-content\/uploads\/2020\/06\/mangabeiras-1.jpg","contentUrl":"https:\/\/ocoerente.com.br\/se\/wp-content\/uploads\/2020\/06\/mangabeiras-1.jpg","width":1500,"height":1000},{"@type":"BreadcrumbList","@id":"https:\/\/ocoerente.com.br\/se\/2020\/06\/30\/prefeitura-inicia-plantao-social\/#breadcrumb","itemListElement":[{"@type":"ListItem","position":1,"name":"In\u00edcio","item":"https:\/\/ocoerente.com.br\/se\/"},{"@type":"ListItem","position":2,"name":"Prefeitura inicia Plant\u00e3o Social"}]},{"@type":"WebSite","@id":"https:\/\/ocoerente.com.br\/se\/#website","url":"https:\/\/ocoerente.com.br\/se\/","name":"O Coerente","description":"","publisher":{"@id":"https:\/\/ocoerente.com.br\/se\/#\/schema\/person\/cc6bfd9fbca465e23543b0c963d8d037"},"potentialAction":[{"@type":"SearchAction","target":{"@type":"EntryPoint","urlTemplate":"https:\/\/ocoerente.com.br\/se\/?s={search_term_string}"},"query-input":{"@type":"PropertyValueSpecification","valueRequired":true,"valueName":"search_term_string"}}],"inLanguage":"pt-BR"},{"@type":["Person","Organization"],"@id":"https:\/\/ocoerente.com.br\/se\/#\/schema\/person\/cc6bfd9fbca465e23543b0c963d8d037","name":"Reda\u00e7\u00e3o","image":{"@type":"ImageObject","inLanguage":"pt-BR","@id":"https:\/\/ocoerente.com.br\/se\/wp-content\/uploads\/2020\/01\/ocoerente-1.png","url":"https:\/\/ocoerente.com.br\/se\/wp-content\/uploads\/2020\/01\/ocoerente-1.png","contentUrl":"https:\/\/ocoerente.com.br\/se\/wp-content\/uploads\/2020\/01\/ocoerente-1.png","width":50,"height":50,"caption":"Reda\u00e7\u00e3o"},"logo":{"@id":"https:\/\/ocoerente.com.br\/se\/wp-content\/uploads\/2020\/01\/ocoerente-1.png"},"url":"https:\/\/ocoerente.com.br\/se\/author\/vasticlsales\/"}]}},"_links":{"self":[{"href":"https:\/\/ocoerente.com.br\/se\/wp-json\/wp\/v2\/posts\/1293","targetHints":{"allow":["GET"]}}],"collection":[{"href":"https:\/\/ocoerente.com.br\/se\/wp-json\/wp\/v2\/posts"}],"about":[{"href":"https:\/\/ocoerente.com.br\/se\/wp-json\/wp\/v2\/types\/post"}],"author":[{"embeddable":true,"href":"https:\/\/ocoerente.com.br\/se\/wp-json\/wp\/v2\/users\/1"}],"replies":[{"embeddable":true,"href":"https:\/\/ocoerente.com.br\/se\/wp-json\/wp\/v2\/comments?post=1293"}],"version-history":[{"count":1,"href":"https:\/\/ocoerente.com.br\/se\/wp-json\/wp\/v2\/posts\/1293\/revisions"}],"predecessor-version":[{"id":1294,"href":"https:\/\/ocoerente.com.br\/se\/wp-json\/wp\/v2\/posts\/1293\/revisions\/1294"}],"wp:featuredmedia":[{"embeddable":true,"href":"https:\/\/ocoerente.com.br\/se\/wp-json\/wp\/v2\/media\/1292"}],"wp:attachment":[{"href":"https:\/\/ocoerente.com.br\/se\/wp-json\/wp\/v2\/media?parent=1293"}],"wp:term":[{"taxonomy":"category","embeddable":true,"href":"https:\/\/ocoerente.com.br\/se\/wp-json\/wp\/v2\/categories?post=1293"},{"taxonomy":"post_tag","embeddable":true,"href":"https:\/\/ocoerente.com.br\/se\/wp-json\/wp\/v2\/tags?post=1293"}],"curies":[{"name":"wp","href":"https:\/\/api.w.org\/{rel}","templated":true}]}}