{"id":1271,"date":"2020-06-25T02:11:16","date_gmt":"2020-06-25T05:11:16","guid":{"rendered":"http:\/\/ocoerente.com.br\/se\/?p=1271"},"modified":"2020-06-25T02:11:16","modified_gmt":"2020-06-25T05:11:16","slug":"prefeitura-retoma-aulas-online-do-programa-academia-da-cidade-no-dia-1o","status":"publish","type":"post","link":"https:\/\/ocoerente.com.br\/se\/2020\/06\/25\/prefeitura-retoma-aulas-online-do-programa-academia-da-cidade-no-dia-1o\/","title":{"rendered":"Prefeitura retoma aulas online do Programa Academia da Cidade no dia 1\u00ba"},"content":{"rendered":"<div>O Programa Academia da Cidade (PAC), desenvolvido pela Prefeitura de Aracaju, por meio da Secretaria Municipal da Sa\u00fade (SMS), retomar\u00e1 as\u00a0<a href=\"https:\/\/www.aracaju.se.gov.br\/noticias\/86076\">atividades online<\/a>\u00a0na pr\u00f3xima quarta-feira, 1\u00b0 de julho. As aulas ser\u00e3o ministradas pelos profissionais de Educa\u00e7\u00e3o F\u00edsica do PAC e transmitidas, ao vivo, pela p\u00e1gina oficial da SMS no Instagram (@saudearacaju) \u00e0s segundas e quartas, \u00e0s 9h, e ter\u00e7as e quintas, \u00e0s 16 h.<\/div>\n<div><\/div>\n<div>Segundo a coordenadora do Programa Academia da Cidade, Maria Rita Braga, o objetivo \u00e9 estimular a atividade f\u00edsica durante o per\u00edodo de distanciamento social, em raz\u00e3o da pandemia do novo coronav\u00edrus.<\/div>\n<div><\/div>\n<div>\u201cAs primeiras lives foram um sucesso entre os usu\u00e1rios. A aceita\u00e7\u00e3o do p\u00fablico que frequentava as aulas presenciais foi bastante positiva. Recebi prints dos usu\u00e1rios elogiando nossos exerc\u00edcios e dizendo que amaram a novidade\u201d, conta a coordenadora.<\/div>\n<div><\/div>\n<div>Os exerc\u00edcios de alongamento funcional, dan\u00e7a e gin\u00e1stica aer\u00f3bica foram escolhidos por serem simples e n\u00e3o necessitarem de equipamento. \u201cO sedentarismo leva \u00e0 obesidade e as pessoas com sobrepeso e doen\u00e7as cr\u00f4nicas, como diabetes, s\u00e3o mais suscept\u00edveis ao coronav\u00edrus, por isso precisamos nos movimentar\u201d, explica Rita.<\/div>\n<div><\/div>\n<div><img loading=\"lazy\" decoding=\"async\" class=\"alignnone  wp-image-1273\" src=\"http:\/\/ocoerente.com.br\/se\/wp-content\/uploads\/2020\/06\/materia_academia_i.jpg\" alt=\"\" width=\"471\" height=\"310\" srcset=\"https:\/\/ocoerente.com.br\/se\/wp-content\/uploads\/2020\/06\/materia_academia_i.jpg 750w, https:\/\/ocoerente.com.br\/se\/wp-content\/uploads\/2020\/06\/materia_academia_i-300x198.jpg 300w\" sizes=\"auto, (max-width: 471px) 100vw, 471px\" \/><\/div>\n<div>Para o professor de Educa\u00e7\u00e3o F\u00edsica Robson Fraga, nas primeiras lives, os usu\u00e1rios participaram massivamente. \u201cNada mais justo que retomarmos com as lives, j\u00e1 que o Programa possui muitos adeptos. Al\u00e9m disso, nesse momento de distanciamento social, \u00e9 muito importante incentivar as pessoas a se exercitarem para aumentar o condicionamento f\u00edsico\u201d, ressaltou.<\/div>\n<div><\/div>\n<div>PAC<\/div>\n<div><a href=\"https:\/\/www.aracaju.se.gov.br\/noticias\/85910\">O Programa Academia da Cidade completou 16 anos de exist\u00eancia e est\u00e1 presente em 27 bairros de Aracaju<\/a>, proporcionando atividades f\u00edsicas \u00e0 popula\u00e7\u00e3o, supervisionadas por profissionais e requalificando os espa\u00e7os p\u00fablicos da cidade.<\/div>\n<div><\/div>\n<div><img loading=\"lazy\" decoding=\"async\" class=\"alignnone  wp-image-1274\" src=\"http:\/\/ocoerente.com.br\/se\/wp-content\/uploads\/2020\/06\/materia_academia_ii.jpg\" alt=\"\" width=\"250\" height=\"334\" srcset=\"https:\/\/ocoerente.com.br\/se\/wp-content\/uploads\/2020\/06\/materia_academia_ii.jpg 960w, https:\/\/ocoerente.com.br\/se\/wp-content\/uploads\/2020\/06\/materia_academia_ii-225x300.jpg 225w, https:\/\/ocoerente.com.br\/se\/wp-content\/uploads\/2020\/06\/materia_academia_ii-768x1024.jpg 768w, https:\/\/ocoerente.com.br\/se\/wp-content\/uploads\/2020\/06\/materia_academia_ii-750x1000.jpg 750w\" sizes=\"auto, (max-width: 250px) 100vw, 250px\" \/><img loading=\"lazy\" decoding=\"async\" class=\"alignnone  wp-image-1272\" src=\"http:\/\/ocoerente.com.br\/se\/wp-content\/uploads\/2020\/06\/materia_academia.jpg\" alt=\"\" width=\"250\" height=\"333\" srcset=\"https:\/\/ocoerente.com.br\/se\/wp-content\/uploads\/2020\/06\/materia_academia.jpg 960w, https:\/\/ocoerente.com.br\/se\/wp-content\/uploads\/2020\/06\/materia_academia-225x300.jpg 225w, https:\/\/ocoerente.com.br\/se\/wp-content\/uploads\/2020\/06\/materia_academia-768x1024.jpg 768w, https:\/\/ocoerente.com.br\/se\/wp-content\/uploads\/2020\/06\/materia_academia-750x1000.jpg 750w\" sizes=\"auto, (max-width: 250px) 100vw, 250px\" \/><\/div>\n<div><\/div>\n<div>aracaju.se.gov.br<\/div>\n","protected":false},"excerpt":{"rendered":"<p>O Programa Academia da Cidade (PAC), desenvolvido pela Prefeitura de Aracaju, por meio da Secretaria Municipal da Sa\u00fade (SMS), retomar\u00e1 as\u00a0atividades online\u00a0na pr\u00f3xima quarta-feira, 1\u00b0 de julho. As aulas ser\u00e3o ministradas pelos profissionais de Educa\u00e7\u00e3o F\u00edsica do PAC e transmitidas, ao vivo, pela p\u00e1gina oficial da SMS no Instagram (@saudearacaju) \u00e0s segundas e quartas, \u00e0s [&hellip;]<\/p>\n","protected":false},"author":1,"featured_media":1272,"comment_status":"closed","ping_status":"closed","sticky":false,"template":"","format":"standard","meta":{"footnotes":""},"categories":[53,54],"tags":[],"class_list":["post-1271","post","type-post","status-publish","format-standard","has-post-thumbnail","hentry","category-destaques","category-saude"],"yoast_head":"<!-- This site is optimized with the Yoast SEO plugin v27.4 - https:\/\/yoast.com\/product\/yoast-seo-wordpress\/ -->\n<title>Prefeitura retoma aulas online do Programa Academia da Cidade no dia 1\u00ba - O Coerente<\/title>\n<meta name=\"robots\" content=\"index, follow, max-snippet:-1, max-image-preview:large, max-video-preview:-1\" \/>\n<link rel=\"canonical\" href=\"https:\/\/ocoerente.com.br\/se\/2020\/06\/25\/prefeitura-retoma-aulas-online-do-programa-academia-da-cidade-no-dia-1o\/\" \/>\n<meta property=\"og:locale\" content=\"pt_BR\" \/>\n<meta property=\"og:type\" content=\"article\" \/>\n<meta property=\"og:title\" content=\"Prefeitura retoma aulas online do Programa Academia da Cidade no dia 1\u00ba - O Coerente\" \/>\n<meta property=\"og:description\" content=\"O Programa Academia da Cidade (PAC), desenvolvido pela Prefeitura de Aracaju, por meio da Secretaria Municipal da Sa\u00fade (SMS), retomar\u00e1 as\u00a0atividades online\u00a0na pr\u00f3xima quarta-feira, 1\u00b0 de julho. As aulas ser\u00e3o ministradas pelos profissionais de Educa\u00e7\u00e3o F\u00edsica do PAC e transmitidas, ao vivo, pela p\u00e1gina oficial da SMS no Instagram (@saudearacaju) \u00e0s segundas e quartas, \u00e0s [&hellip;]\" \/>\n<meta property=\"og:url\" content=\"https:\/\/ocoerente.com.br\/se\/2020\/06\/25\/prefeitura-retoma-aulas-online-do-programa-academia-da-cidade-no-dia-1o\/\" \/>\n<meta property=\"og:site_name\" content=\"O Coerente\" \/>\n<meta property=\"article:published_time\" content=\"2020-06-25T05:11:16+00:00\" \/>\n<meta property=\"og:image\" content=\"https:\/\/ocoerente.com.br\/se\/wp-content\/uploads\/2020\/06\/materia_academia.jpg\" \/>\n\t<meta property=\"og:image:width\" content=\"960\" \/>\n\t<meta property=\"og:image:height\" content=\"1280\" \/>\n\t<meta property=\"og:image:type\" content=\"image\/jpeg\" \/>\n<meta name=\"author\" content=\"Reda\u00e7\u00e3o\" \/>\n<meta name=\"twitter:card\" content=\"summary_large_image\" \/>\n<meta name=\"twitter:label1\" content=\"Escrito por\" \/>\n\t<meta name=\"twitter:data1\" content=\"Reda\u00e7\u00e3o\" \/>\n\t<meta name=\"twitter:label2\" content=\"Est. tempo de leitura\" \/>\n\t<meta name=\"twitter:data2\" content=\"1 minuto\" \/>\n<script type=\"application\/ld+json\" class=\"yoast-schema-graph\">{\"@context\":\"https:\\\/\\\/schema.org\",\"@graph\":[{\"@type\":\"Article\",\"@id\":\"https:\\\/\\\/ocoerente.com.br\\\/se\\\/2020\\\/06\\\/25\\\/prefeitura-retoma-aulas-online-do-programa-academia-da-cidade-no-dia-1o\\\/#article\",\"isPartOf\":{\"@id\":\"https:\\\/\\\/ocoerente.com.br\\\/se\\\/2020\\\/06\\\/25\\\/prefeitura-retoma-aulas-online-do-programa-academia-da-cidade-no-dia-1o\\\/\"},\"author\":{\"name\":\"Reda\u00e7\u00e3o\",\"@id\":\"https:\\\/\\\/ocoerente.com.br\\\/se\\\/#\\\/schema\\\/person\\\/cc6bfd9fbca465e23543b0c963d8d037\"},\"headline\":\"Prefeitura retoma aulas online do Programa Academia da Cidade no dia 1\u00ba\",\"datePublished\":\"2020-06-25T05:11:16+00:00\",\"mainEntityOfPage\":{\"@id\":\"https:\\\/\\\/ocoerente.com.br\\\/se\\\/2020\\\/06\\\/25\\\/prefeitura-retoma-aulas-online-do-programa-academia-da-cidade-no-dia-1o\\\/\"},\"wordCount\":308,\"publisher\":{\"@id\":\"https:\\\/\\\/ocoerente.com.br\\\/se\\\/#\\\/schema\\\/person\\\/cc6bfd9fbca465e23543b0c963d8d037\"},\"image\":{\"@id\":\"https:\\\/\\\/ocoerente.com.br\\\/se\\\/2020\\\/06\\\/25\\\/prefeitura-retoma-aulas-online-do-programa-academia-da-cidade-no-dia-1o\\\/#primaryimage\"},\"thumbnailUrl\":\"https:\\\/\\\/ocoerente.com.br\\\/se\\\/wp-content\\\/uploads\\\/2020\\\/06\\\/materia_academia.jpg\",\"articleSection\":[\"Destaques\",\"Sa\u00fade\"],\"inLanguage\":\"pt-BR\"},{\"@type\":\"WebPage\",\"@id\":\"https:\\\/\\\/ocoerente.com.br\\\/se\\\/2020\\\/06\\\/25\\\/prefeitura-retoma-aulas-online-do-programa-academia-da-cidade-no-dia-1o\\\/\",\"url\":\"https:\\\/\\\/ocoerente.com.br\\\/se\\\/2020\\\/06\\\/25\\\/prefeitura-retoma-aulas-online-do-programa-academia-da-cidade-no-dia-1o\\\/\",\"name\":\"Prefeitura retoma aulas online do Programa Academia da Cidade no dia 1\u00ba - O Coerente\",\"isPartOf\":{\"@id\":\"https:\\\/\\\/ocoerente.com.br\\\/se\\\/#website\"},\"primaryImageOfPage\":{\"@id\":\"https:\\\/\\\/ocoerente.com.br\\\/se\\\/2020\\\/06\\\/25\\\/prefeitura-retoma-aulas-online-do-programa-academia-da-cidade-no-dia-1o\\\/#primaryimage\"},\"image\":{\"@id\":\"https:\\\/\\\/ocoerente.com.br\\\/se\\\/2020\\\/06\\\/25\\\/prefeitura-retoma-aulas-online-do-programa-academia-da-cidade-no-dia-1o\\\/#primaryimage\"},\"thumbnailUrl\":\"https:\\\/\\\/ocoerente.com.br\\\/se\\\/wp-content\\\/uploads\\\/2020\\\/06\\\/materia_academia.jpg\",\"datePublished\":\"2020-06-25T05:11:16+00:00\",\"breadcrumb\":{\"@id\":\"https:\\\/\\\/ocoerente.com.br\\\/se\\\/2020\\\/06\\\/25\\\/prefeitura-retoma-aulas-online-do-programa-academia-da-cidade-no-dia-1o\\\/#breadcrumb\"},\"inLanguage\":\"pt-BR\",\"potentialAction\":[{\"@type\":\"ReadAction\",\"target\":[\"https:\\\/\\\/ocoerente.com.br\\\/se\\\/2020\\\/06\\\/25\\\/prefeitura-retoma-aulas-online-do-programa-academia-da-cidade-no-dia-1o\\\/\"]}]},{\"@type\":\"ImageObject\",\"inLanguage\":\"pt-BR\",\"@id\":\"https:\\\/\\\/ocoerente.com.br\\\/se\\\/2020\\\/06\\\/25\\\/prefeitura-retoma-aulas-online-do-programa-academia-da-cidade-no-dia-1o\\\/#primaryimage\",\"url\":\"https:\\\/\\\/ocoerente.com.br\\\/se\\\/wp-content\\\/uploads\\\/2020\\\/06\\\/materia_academia.jpg\",\"contentUrl\":\"https:\\\/\\\/ocoerente.com.br\\\/se\\\/wp-content\\\/uploads\\\/2020\\\/06\\\/materia_academia.jpg\",\"width\":960,\"height\":1280},{\"@type\":\"BreadcrumbList\",\"@id\":\"https:\\\/\\\/ocoerente.com.br\\\/se\\\/2020\\\/06\\\/25\\\/prefeitura-retoma-aulas-online-do-programa-academia-da-cidade-no-dia-1o\\\/#breadcrumb\",\"itemListElement\":[{\"@type\":\"ListItem\",\"position\":1,\"name\":\"In\u00edcio\",\"item\":\"https:\\\/\\\/ocoerente.com.br\\\/se\\\/\"},{\"@type\":\"ListItem\",\"position\":2,\"name\":\"Prefeitura retoma aulas online do Programa Academia da Cidade no dia 1\u00ba\"}]},{\"@type\":\"WebSite\",\"@id\":\"https:\\\/\\\/ocoerente.com.br\\\/se\\\/#website\",\"url\":\"https:\\\/\\\/ocoerente.com.br\\\/se\\\/\",\"name\":\"O Coerente\",\"description\":\"\",\"publisher\":{\"@id\":\"https:\\\/\\\/ocoerente.com.br\\\/se\\\/#\\\/schema\\\/person\\\/cc6bfd9fbca465e23543b0c963d8d037\"},\"potentialAction\":[{\"@type\":\"SearchAction\",\"target\":{\"@type\":\"EntryPoint\",\"urlTemplate\":\"https:\\\/\\\/ocoerente.com.br\\\/se\\\/?s={search_term_string}\"},\"query-input\":{\"@type\":\"PropertyValueSpecification\",\"valueRequired\":true,\"valueName\":\"search_term_string\"}}],\"inLanguage\":\"pt-BR\"},{\"@type\":[\"Person\",\"Organization\"],\"@id\":\"https:\\\/\\\/ocoerente.com.br\\\/se\\\/#\\\/schema\\\/person\\\/cc6bfd9fbca465e23543b0c963d8d037\",\"name\":\"Reda\u00e7\u00e3o\",\"image\":{\"@type\":\"ImageObject\",\"inLanguage\":\"pt-BR\",\"@id\":\"https:\\\/\\\/ocoerente.com.br\\\/se\\\/wp-content\\\/uploads\\\/2020\\\/01\\\/ocoerente-1.png\",\"url\":\"https:\\\/\\\/ocoerente.com.br\\\/se\\\/wp-content\\\/uploads\\\/2020\\\/01\\\/ocoerente-1.png\",\"contentUrl\":\"https:\\\/\\\/ocoerente.com.br\\\/se\\\/wp-content\\\/uploads\\\/2020\\\/01\\\/ocoerente-1.png\",\"width\":50,\"height\":50,\"caption\":\"Reda\u00e7\u00e3o\"},\"logo\":{\"@id\":\"https:\\\/\\\/ocoerente.com.br\\\/se\\\/wp-content\\\/uploads\\\/2020\\\/01\\\/ocoerente-1.png\"},\"url\":\"https:\\\/\\\/ocoerente.com.br\\\/se\\\/author\\\/vasticlsales\\\/\"}]}<\/script>\n<!-- \/ Yoast SEO plugin. -->","yoast_head_json":{"title":"Prefeitura retoma aulas online do Programa Academia da Cidade no dia 1\u00ba - O Coerente","robots":{"index":"index","follow":"follow","max-snippet":"max-snippet:-1","max-image-preview":"max-image-preview:large","max-video-preview":"max-video-preview:-1"},"canonical":"https:\/\/ocoerente.com.br\/se\/2020\/06\/25\/prefeitura-retoma-aulas-online-do-programa-academia-da-cidade-no-dia-1o\/","og_locale":"pt_BR","og_type":"article","og_title":"Prefeitura retoma aulas online do Programa Academia da Cidade no dia 1\u00ba - O Coerente","og_description":"O Programa Academia da Cidade (PAC), desenvolvido pela Prefeitura de Aracaju, por meio da Secretaria Municipal da Sa\u00fade (SMS), retomar\u00e1 as\u00a0atividades online\u00a0na pr\u00f3xima quarta-feira, 1\u00b0 de julho. As aulas ser\u00e3o ministradas pelos profissionais de Educa\u00e7\u00e3o F\u00edsica do PAC e transmitidas, ao vivo, pela p\u00e1gina oficial da SMS no Instagram (@saudearacaju) \u00e0s segundas e quartas, \u00e0s [&hellip;]","og_url":"https:\/\/ocoerente.com.br\/se\/2020\/06\/25\/prefeitura-retoma-aulas-online-do-programa-academia-da-cidade-no-dia-1o\/","og_site_name":"O Coerente","article_published_time":"2020-06-25T05:11:16+00:00","og_image":[{"width":960,"height":1280,"url":"https:\/\/ocoerente.com.br\/se\/wp-content\/uploads\/2020\/06\/materia_academia.jpg","type":"image\/jpeg"}],"author":"Reda\u00e7\u00e3o","twitter_card":"summary_large_image","twitter_misc":{"Escrito por":"Reda\u00e7\u00e3o","Est. tempo de leitura":"1 minuto"},"schema":{"@context":"https:\/\/schema.org","@graph":[{"@type":"Article","@id":"https:\/\/ocoerente.com.br\/se\/2020\/06\/25\/prefeitura-retoma-aulas-online-do-programa-academia-da-cidade-no-dia-1o\/#article","isPartOf":{"@id":"https:\/\/ocoerente.com.br\/se\/2020\/06\/25\/prefeitura-retoma-aulas-online-do-programa-academia-da-cidade-no-dia-1o\/"},"author":{"name":"Reda\u00e7\u00e3o","@id":"https:\/\/ocoerente.com.br\/se\/#\/schema\/person\/cc6bfd9fbca465e23543b0c963d8d037"},"headline":"Prefeitura retoma aulas online do Programa Academia da Cidade no dia 1\u00ba","datePublished":"2020-06-25T05:11:16+00:00","mainEntityOfPage":{"@id":"https:\/\/ocoerente.com.br\/se\/2020\/06\/25\/prefeitura-retoma-aulas-online-do-programa-academia-da-cidade-no-dia-1o\/"},"wordCount":308,"publisher":{"@id":"https:\/\/ocoerente.com.br\/se\/#\/schema\/person\/cc6bfd9fbca465e23543b0c963d8d037"},"image":{"@id":"https:\/\/ocoerente.com.br\/se\/2020\/06\/25\/prefeitura-retoma-aulas-online-do-programa-academia-da-cidade-no-dia-1o\/#primaryimage"},"thumbnailUrl":"https:\/\/ocoerente.com.br\/se\/wp-content\/uploads\/2020\/06\/materia_academia.jpg","articleSection":["Destaques","Sa\u00fade"],"inLanguage":"pt-BR"},{"@type":"WebPage","@id":"https:\/\/ocoerente.com.br\/se\/2020\/06\/25\/prefeitura-retoma-aulas-online-do-programa-academia-da-cidade-no-dia-1o\/","url":"https:\/\/ocoerente.com.br\/se\/2020\/06\/25\/prefeitura-retoma-aulas-online-do-programa-academia-da-cidade-no-dia-1o\/","name":"Prefeitura retoma aulas online do Programa Academia da Cidade no dia 1\u00ba - O Coerente","isPartOf":{"@id":"https:\/\/ocoerente.com.br\/se\/#website"},"primaryImageOfPage":{"@id":"https:\/\/ocoerente.com.br\/se\/2020\/06\/25\/prefeitura-retoma-aulas-online-do-programa-academia-da-cidade-no-dia-1o\/#primaryimage"},"image":{"@id":"https:\/\/ocoerente.com.br\/se\/2020\/06\/25\/prefeitura-retoma-aulas-online-do-programa-academia-da-cidade-no-dia-1o\/#primaryimage"},"thumbnailUrl":"https:\/\/ocoerente.com.br\/se\/wp-content\/uploads\/2020\/06\/materia_academia.jpg","datePublished":"2020-06-25T05:11:16+00:00","breadcrumb":{"@id":"https:\/\/ocoerente.com.br\/se\/2020\/06\/25\/prefeitura-retoma-aulas-online-do-programa-academia-da-cidade-no-dia-1o\/#breadcrumb"},"inLanguage":"pt-BR","potentialAction":[{"@type":"ReadAction","target":["https:\/\/ocoerente.com.br\/se\/2020\/06\/25\/prefeitura-retoma-aulas-online-do-programa-academia-da-cidade-no-dia-1o\/"]}]},{"@type":"ImageObject","inLanguage":"pt-BR","@id":"https:\/\/ocoerente.com.br\/se\/2020\/06\/25\/prefeitura-retoma-aulas-online-do-programa-academia-da-cidade-no-dia-1o\/#primaryimage","url":"https:\/\/ocoerente.com.br\/se\/wp-content\/uploads\/2020\/06\/materia_academia.jpg","contentUrl":"https:\/\/ocoerente.com.br\/se\/wp-content\/uploads\/2020\/06\/materia_academia.jpg","width":960,"height":1280},{"@type":"BreadcrumbList","@id":"https:\/\/ocoerente.com.br\/se\/2020\/06\/25\/prefeitura-retoma-aulas-online-do-programa-academia-da-cidade-no-dia-1o\/#breadcrumb","itemListElement":[{"@type":"ListItem","position":1,"name":"In\u00edcio","item":"https:\/\/ocoerente.com.br\/se\/"},{"@type":"ListItem","position":2,"name":"Prefeitura retoma aulas online do Programa Academia da Cidade no dia 1\u00ba"}]},{"@type":"WebSite","@id":"https:\/\/ocoerente.com.br\/se\/#website","url":"https:\/\/ocoerente.com.br\/se\/","name":"O Coerente","description":"","publisher":{"@id":"https:\/\/ocoerente.com.br\/se\/#\/schema\/person\/cc6bfd9fbca465e23543b0c963d8d037"},"potentialAction":[{"@type":"SearchAction","target":{"@type":"EntryPoint","urlTemplate":"https:\/\/ocoerente.com.br\/se\/?s={search_term_string}"},"query-input":{"@type":"PropertyValueSpecification","valueRequired":true,"valueName":"search_term_string"}}],"inLanguage":"pt-BR"},{"@type":["Person","Organization"],"@id":"https:\/\/ocoerente.com.br\/se\/#\/schema\/person\/cc6bfd9fbca465e23543b0c963d8d037","name":"Reda\u00e7\u00e3o","image":{"@type":"ImageObject","inLanguage":"pt-BR","@id":"https:\/\/ocoerente.com.br\/se\/wp-content\/uploads\/2020\/01\/ocoerente-1.png","url":"https:\/\/ocoerente.com.br\/se\/wp-content\/uploads\/2020\/01\/ocoerente-1.png","contentUrl":"https:\/\/ocoerente.com.br\/se\/wp-content\/uploads\/2020\/01\/ocoerente-1.png","width":50,"height":50,"caption":"Reda\u00e7\u00e3o"},"logo":{"@id":"https:\/\/ocoerente.com.br\/se\/wp-content\/uploads\/2020\/01\/ocoerente-1.png"},"url":"https:\/\/ocoerente.com.br\/se\/author\/vasticlsales\/"}]}},"_links":{"self":[{"href":"https:\/\/ocoerente.com.br\/se\/wp-json\/wp\/v2\/posts\/1271","targetHints":{"allow":["GET"]}}],"collection":[{"href":"https:\/\/ocoerente.com.br\/se\/wp-json\/wp\/v2\/posts"}],"about":[{"href":"https:\/\/ocoerente.com.br\/se\/wp-json\/wp\/v2\/types\/post"}],"author":[{"embeddable":true,"href":"https:\/\/ocoerente.com.br\/se\/wp-json\/wp\/v2\/users\/1"}],"replies":[{"embeddable":true,"href":"https:\/\/ocoerente.com.br\/se\/wp-json\/wp\/v2\/comments?post=1271"}],"version-history":[{"count":1,"href":"https:\/\/ocoerente.com.br\/se\/wp-json\/wp\/v2\/posts\/1271\/revisions"}],"predecessor-version":[{"id":1275,"href":"https:\/\/ocoerente.com.br\/se\/wp-json\/wp\/v2\/posts\/1271\/revisions\/1275"}],"wp:featuredmedia":[{"embeddable":true,"href":"https:\/\/ocoerente.com.br\/se\/wp-json\/wp\/v2\/media\/1272"}],"wp:attachment":[{"href":"https:\/\/ocoerente.com.br\/se\/wp-json\/wp\/v2\/media?parent=1271"}],"wp:term":[{"taxonomy":"category","embeddable":true,"href":"https:\/\/ocoerente.com.br\/se\/wp-json\/wp\/v2\/categories?post=1271"},{"taxonomy":"post_tag","embeddable":true,"href":"https:\/\/ocoerente.com.br\/se\/wp-json\/wp\/v2\/tags?post=1271"}],"curies":[{"name":"wp","href":"https:\/\/api.w.org\/{rel}","templated":true}]}}