{"id":1267,"date":"2020-06-25T02:07:37","date_gmt":"2020-06-25T05:07:37","guid":{"rendered":"http:\/\/ocoerente.com.br\/se\/?p=1267"},"modified":"2020-06-25T02:07:37","modified_gmt":"2020-06-25T05:07:37","slug":"recapeamento-asfaltico-vias-em-obras-continuam-com-interdicoes-nesta-quinta-25","status":"publish","type":"post","link":"https:\/\/ocoerente.com.br\/se\/2020\/06\/25\/recapeamento-asfaltico-vias-em-obras-continuam-com-interdicoes-nesta-quinta-25\/","title":{"rendered":"Recapeamento asf\u00e1ltico: vias em obras continuam com interdi\u00e7\u00f5es nesta quinta, 25"},"content":{"rendered":"<p>A Prefeitura de Aracaju informa que o tr\u00e2nsito das avenidas Hermes Fontes, Ad\u00e9lia Franco, Jos\u00e9 Carlos Silva e Coelho e Campos continua com interdi\u00e7\u00f5es nesta quinta-feira, dia 25.<\/p>\n<p>Para garantir a mobilidade dessas avenidas em obras, agentes da Superintend\u00eancia Municipal de Transportes e Tr\u00e2nsito (SMTT) estar\u00e3o nos locais com maior fluxo de ve\u00edculos.<\/p>\n<p>Corredor Hermes Fontes<br \/>\nNa avenida Jos\u00e9 Carlos Silva, no trecho localizado entre a ponte do bairro S\u00e3o Conrado e o cruzamento com a rua Jo\u00e3o Batista Machado um bin\u00e1rio est\u00e1 montado no sentido Norte (Santa Maria\/Centro) da via para a circula\u00e7\u00e3o dos ve\u00edculos. No sentido Sul (Centro\/Santa Maria) est\u00e1 concentrada a obra.<\/p>\n<p>Assim, a partir da ponte do S\u00e3o Conrado, o condutor que segue pelo sentido Sul (Centro\/Santa Maria) da avenida Jos\u00e9 Carlos Silva dever\u00e1 acessar o sentido contr\u00e1rio da via (Santa Maria\/Centro), que estar\u00e1 com sentido duplo de circula\u00e7\u00e3o at\u00e9 o t\u00e9rmino do servi\u00e7o nesse trecho. Ap\u00f3s o cruzamento com a rua Jo\u00e3o Batista Machado, o condutor dever\u00e1 retornar para a sua pista de origem.<\/p>\n<p>J\u00e1 o condutor que segue pela avenida Jos\u00e9 Carlos Silva no sentido Norte dever\u00e1 ficar atento ao estreitamento de pista a partir do cruzamento com a rua Jo\u00e3o Batista Machado.<\/p>\n<p>Na mesma avenida, h\u00e1 outro bin\u00e1rio no trecho compreendido entre o Terminal DIA e o cruzamento com a rua I. A obra est\u00e1 concentrada no sentido Sul (Centro\/Santa Maria) da via e o sentido contr\u00e1rio (Santa Maria Centro) est\u00e1 com sistema de bin\u00e1rio at\u00e9 a conclus\u00e3o do servi\u00e7o.<\/p>\n<p>Na avenida Hermes Fontes, a obra de infraestrutura do corredor segue concentrada no sentido Sul (Centro\/Orlando Dantas), no trecho entre o cruzamento com rua Ministro Nelson Hungria e o viaduto da avenida Gon\u00e7alo Rollemberg Leite; um bin\u00e1rio est\u00e1 formado no sentido Norte (Orlando Dantas\/Centro) para a circula\u00e7\u00e3o dos ve\u00edculos. No trecho seguinte, entre o viaduto e o cruzamento com a rua Euclides Paes Mendon\u00e7a, a obra continua no no sentido Sul (Centro\/Orlando Dantas) e no sentido Norte est\u00e1 montado o bin\u00e1rio.<\/p>\n<p>J\u00e1 na avenida Ad\u00e9lia Franco, o sentido Sul (Centro\/Orlando Dantas) est\u00e1 em meia pista no trecho entre o cruzamento com a avenida Marieta Leite e o viaduto Carvalho D\u00e9da, por isso, o condutor que est\u00e1 na avenida Marieta Leite e deseja convergir \u00e0 direita na Ad\u00e9lia Franco n\u00e3o poder\u00e1 faz\u00ea-lo. O condutor ter\u00e1 a op\u00e7\u00e3o de convergir \u00e0 esquerda na Ad\u00e9lia Franco e pegar o retorno no sentido Sul da avenida.<\/p>\n<p>Rua Ribeir\u00f3polis<br \/>\nO tr\u00e2nsito da rua Ribeir\u00f3polis est\u00e1 interrompido desde o cruzamento da avenida Gon\u00e7alo Prado Rollemberg com a Bar\u00e3o de Maruim, onde os condutores est\u00e3o convergindo \u00e0 direita. A partir desse cruzamento, \u00e9 permitido apenas a circula\u00e7\u00e3o dos moradores da regi\u00e3o. O acesso ao supermercado localizado na avenida pode ser feito pela rua Riachuelo, sendo liberada, apenas nesse per\u00edodo, a contra m\u00e3o de dire\u00e7\u00e3o na Gon\u00e7alo Prado Rollemberg.<\/p>\n<p>Corredor Augusto Franco<br \/>\nA obra deste corredor segue concentrada na recomposi\u00e7\u00e3o do meio-fio da avenida Augusto Franco, no trecho entre o cruzamento com a avenida Gon\u00e7alo Rollemberg Leite e Edelzio Vieira de Melo (Explos\u00e3o), e na constru\u00e7\u00e3o de uma nova ciclovia no canteiro central da avenida Gasoduto, no Orlando Dantas.<\/p>\n<p>Coelho e Campos<br \/>\nNesta avenida, est\u00e1 sendo feito o servi\u00e7o de recapeamento do trecho entre a Pra\u00e7a Hilton Lopes e a avenida Dr. Carlos Firpo. Tr\u00e2nsito em meia pista.<\/p>\n<p><img loading=\"lazy\" decoding=\"async\" class=\"alignnone  wp-image-1268\" src=\"http:\/\/ocoerente.com.br\/se\/wp-content\/uploads\/2020\/06\/Recape.jpg\" alt=\"\" width=\"493\" height=\"492\" srcset=\"https:\/\/ocoerente.com.br\/se\/wp-content\/uploads\/2020\/06\/Recape.jpg 1280w, https:\/\/ocoerente.com.br\/se\/wp-content\/uploads\/2020\/06\/Recape-300x300.jpg 300w, https:\/\/ocoerente.com.br\/se\/wp-content\/uploads\/2020\/06\/Recape-1024x1024.jpg 1024w, https:\/\/ocoerente.com.br\/se\/wp-content\/uploads\/2020\/06\/Recape-150x150.jpg 150w, https:\/\/ocoerente.com.br\/se\/wp-content\/uploads\/2020\/06\/Recape-768x767.jpg 768w, https:\/\/ocoerente.com.br\/se\/wp-content\/uploads\/2020\/06\/Recape-75x75.jpg 75w, https:\/\/ocoerente.com.br\/se\/wp-content\/uploads\/2020\/06\/Recape-750x749.jpg 750w, https:\/\/ocoerente.com.br\/se\/wp-content\/uploads\/2020\/06\/Recape-1140x1139.jpg 1140w\" sizes=\"auto, (max-width: 493px) 100vw, 493px\" \/><\/p>\n<p>aracaju.se.gov.br<\/p>\n<p>&nbsp;<\/p>\n","protected":false},"excerpt":{"rendered":"<p>A Prefeitura de Aracaju informa que o tr\u00e2nsito das avenidas Hermes Fontes, Ad\u00e9lia Franco, Jos\u00e9 Carlos Silva e Coelho e Campos continua com interdi\u00e7\u00f5es nesta quinta-feira, dia 25. Para garantir a mobilidade dessas avenidas em obras, agentes da Superintend\u00eancia Municipal de Transportes e Tr\u00e2nsito (SMTT) estar\u00e3o nos locais com maior fluxo de ve\u00edculos. Corredor Hermes [&hellip;]<\/p>\n","protected":false},"author":1,"featured_media":1268,"comment_status":"closed","ping_status":"closed","sticky":false,"template":"","format":"standard","meta":{"footnotes":""},"categories":[53,43],"tags":[],"class_list":["post-1267","post","type-post","status-publish","format-standard","has-post-thumbnail","hentry","category-destaques","category-sergipe"],"yoast_head":"<!-- This site is optimized with the Yoast SEO plugin v27.4 - https:\/\/yoast.com\/product\/yoast-seo-wordpress\/ -->\n<title>Recapeamento asf\u00e1ltico: vias em obras continuam com interdi\u00e7\u00f5es nesta quinta, 25 - O Coerente<\/title>\n<meta name=\"robots\" content=\"index, follow, max-snippet:-1, max-image-preview:large, max-video-preview:-1\" \/>\n<link rel=\"canonical\" href=\"https:\/\/ocoerente.com.br\/se\/2020\/06\/25\/recapeamento-asfaltico-vias-em-obras-continuam-com-interdicoes-nesta-quinta-25\/\" \/>\n<meta property=\"og:locale\" content=\"pt_BR\" \/>\n<meta property=\"og:type\" content=\"article\" \/>\n<meta property=\"og:title\" content=\"Recapeamento asf\u00e1ltico: vias em obras continuam com interdi\u00e7\u00f5es nesta quinta, 25 - O Coerente\" \/>\n<meta property=\"og:description\" content=\"A Prefeitura de Aracaju informa que o tr\u00e2nsito das avenidas Hermes Fontes, Ad\u00e9lia Franco, Jos\u00e9 Carlos Silva e Coelho e Campos continua com interdi\u00e7\u00f5es nesta quinta-feira, dia 25. Para garantir a mobilidade dessas avenidas em obras, agentes da Superintend\u00eancia Municipal de Transportes e Tr\u00e2nsito (SMTT) estar\u00e3o nos locais com maior fluxo de ve\u00edculos. Corredor Hermes [&hellip;]\" \/>\n<meta property=\"og:url\" content=\"https:\/\/ocoerente.com.br\/se\/2020\/06\/25\/recapeamento-asfaltico-vias-em-obras-continuam-com-interdicoes-nesta-quinta-25\/\" \/>\n<meta property=\"og:site_name\" content=\"O Coerente\" \/>\n<meta property=\"article:published_time\" content=\"2020-06-25T05:07:37+00:00\" \/>\n<meta property=\"og:image\" content=\"https:\/\/ocoerente.com.br\/se\/wp-content\/uploads\/2020\/06\/Recape.jpg\" \/>\n\t<meta property=\"og:image:width\" content=\"1280\" \/>\n\t<meta property=\"og:image:height\" content=\"1279\" \/>\n\t<meta property=\"og:image:type\" content=\"image\/jpeg\" \/>\n<meta name=\"author\" content=\"Reda\u00e7\u00e3o\" \/>\n<meta name=\"twitter:card\" content=\"summary_large_image\" \/>\n<meta name=\"twitter:label1\" content=\"Escrito por\" \/>\n\t<meta name=\"twitter:data1\" content=\"Reda\u00e7\u00e3o\" \/>\n\t<meta name=\"twitter:label2\" content=\"Est. tempo de leitura\" \/>\n\t<meta name=\"twitter:data2\" content=\"3 minutos\" \/>\n<script type=\"application\/ld+json\" class=\"yoast-schema-graph\">{\"@context\":\"https:\\\/\\\/schema.org\",\"@graph\":[{\"@type\":\"Article\",\"@id\":\"https:\\\/\\\/ocoerente.com.br\\\/se\\\/2020\\\/06\\\/25\\\/recapeamento-asfaltico-vias-em-obras-continuam-com-interdicoes-nesta-quinta-25\\\/#article\",\"isPartOf\":{\"@id\":\"https:\\\/\\\/ocoerente.com.br\\\/se\\\/2020\\\/06\\\/25\\\/recapeamento-asfaltico-vias-em-obras-continuam-com-interdicoes-nesta-quinta-25\\\/\"},\"author\":{\"name\":\"Reda\u00e7\u00e3o\",\"@id\":\"https:\\\/\\\/ocoerente.com.br\\\/se\\\/#\\\/schema\\\/person\\\/cc6bfd9fbca465e23543b0c963d8d037\"},\"headline\":\"Recapeamento asf\u00e1ltico: vias em obras continuam com interdi\u00e7\u00f5es nesta quinta, 25\",\"datePublished\":\"2020-06-25T05:07:37+00:00\",\"mainEntityOfPage\":{\"@id\":\"https:\\\/\\\/ocoerente.com.br\\\/se\\\/2020\\\/06\\\/25\\\/recapeamento-asfaltico-vias-em-obras-continuam-com-interdicoes-nesta-quinta-25\\\/\"},\"wordCount\":625,\"publisher\":{\"@id\":\"https:\\\/\\\/ocoerente.com.br\\\/se\\\/#\\\/schema\\\/person\\\/cc6bfd9fbca465e23543b0c963d8d037\"},\"image\":{\"@id\":\"https:\\\/\\\/ocoerente.com.br\\\/se\\\/2020\\\/06\\\/25\\\/recapeamento-asfaltico-vias-em-obras-continuam-com-interdicoes-nesta-quinta-25\\\/#primaryimage\"},\"thumbnailUrl\":\"https:\\\/\\\/ocoerente.com.br\\\/se\\\/wp-content\\\/uploads\\\/2020\\\/06\\\/Recape.jpg\",\"articleSection\":[\"Destaques\",\"Sergipe\"],\"inLanguage\":\"pt-BR\"},{\"@type\":\"WebPage\",\"@id\":\"https:\\\/\\\/ocoerente.com.br\\\/se\\\/2020\\\/06\\\/25\\\/recapeamento-asfaltico-vias-em-obras-continuam-com-interdicoes-nesta-quinta-25\\\/\",\"url\":\"https:\\\/\\\/ocoerente.com.br\\\/se\\\/2020\\\/06\\\/25\\\/recapeamento-asfaltico-vias-em-obras-continuam-com-interdicoes-nesta-quinta-25\\\/\",\"name\":\"Recapeamento asf\u00e1ltico: vias em obras continuam com interdi\u00e7\u00f5es nesta quinta, 25 - O Coerente\",\"isPartOf\":{\"@id\":\"https:\\\/\\\/ocoerente.com.br\\\/se\\\/#website\"},\"primaryImageOfPage\":{\"@id\":\"https:\\\/\\\/ocoerente.com.br\\\/se\\\/2020\\\/06\\\/25\\\/recapeamento-asfaltico-vias-em-obras-continuam-com-interdicoes-nesta-quinta-25\\\/#primaryimage\"},\"image\":{\"@id\":\"https:\\\/\\\/ocoerente.com.br\\\/se\\\/2020\\\/06\\\/25\\\/recapeamento-asfaltico-vias-em-obras-continuam-com-interdicoes-nesta-quinta-25\\\/#primaryimage\"},\"thumbnailUrl\":\"https:\\\/\\\/ocoerente.com.br\\\/se\\\/wp-content\\\/uploads\\\/2020\\\/06\\\/Recape.jpg\",\"datePublished\":\"2020-06-25T05:07:37+00:00\",\"breadcrumb\":{\"@id\":\"https:\\\/\\\/ocoerente.com.br\\\/se\\\/2020\\\/06\\\/25\\\/recapeamento-asfaltico-vias-em-obras-continuam-com-interdicoes-nesta-quinta-25\\\/#breadcrumb\"},\"inLanguage\":\"pt-BR\",\"potentialAction\":[{\"@type\":\"ReadAction\",\"target\":[\"https:\\\/\\\/ocoerente.com.br\\\/se\\\/2020\\\/06\\\/25\\\/recapeamento-asfaltico-vias-em-obras-continuam-com-interdicoes-nesta-quinta-25\\\/\"]}]},{\"@type\":\"ImageObject\",\"inLanguage\":\"pt-BR\",\"@id\":\"https:\\\/\\\/ocoerente.com.br\\\/se\\\/2020\\\/06\\\/25\\\/recapeamento-asfaltico-vias-em-obras-continuam-com-interdicoes-nesta-quinta-25\\\/#primaryimage\",\"url\":\"https:\\\/\\\/ocoerente.com.br\\\/se\\\/wp-content\\\/uploads\\\/2020\\\/06\\\/Recape.jpg\",\"contentUrl\":\"https:\\\/\\\/ocoerente.com.br\\\/se\\\/wp-content\\\/uploads\\\/2020\\\/06\\\/Recape.jpg\",\"width\":1280,\"height\":1279},{\"@type\":\"BreadcrumbList\",\"@id\":\"https:\\\/\\\/ocoerente.com.br\\\/se\\\/2020\\\/06\\\/25\\\/recapeamento-asfaltico-vias-em-obras-continuam-com-interdicoes-nesta-quinta-25\\\/#breadcrumb\",\"itemListElement\":[{\"@type\":\"ListItem\",\"position\":1,\"name\":\"In\u00edcio\",\"item\":\"https:\\\/\\\/ocoerente.com.br\\\/se\\\/\"},{\"@type\":\"ListItem\",\"position\":2,\"name\":\"Recapeamento asf\u00e1ltico: vias em obras continuam com interdi\u00e7\u00f5es nesta quinta, 25\"}]},{\"@type\":\"WebSite\",\"@id\":\"https:\\\/\\\/ocoerente.com.br\\\/se\\\/#website\",\"url\":\"https:\\\/\\\/ocoerente.com.br\\\/se\\\/\",\"name\":\"O Coerente\",\"description\":\"\",\"publisher\":{\"@id\":\"https:\\\/\\\/ocoerente.com.br\\\/se\\\/#\\\/schema\\\/person\\\/cc6bfd9fbca465e23543b0c963d8d037\"},\"potentialAction\":[{\"@type\":\"SearchAction\",\"target\":{\"@type\":\"EntryPoint\",\"urlTemplate\":\"https:\\\/\\\/ocoerente.com.br\\\/se\\\/?s={search_term_string}\"},\"query-input\":{\"@type\":\"PropertyValueSpecification\",\"valueRequired\":true,\"valueName\":\"search_term_string\"}}],\"inLanguage\":\"pt-BR\"},{\"@type\":[\"Person\",\"Organization\"],\"@id\":\"https:\\\/\\\/ocoerente.com.br\\\/se\\\/#\\\/schema\\\/person\\\/cc6bfd9fbca465e23543b0c963d8d037\",\"name\":\"Reda\u00e7\u00e3o\",\"image\":{\"@type\":\"ImageObject\",\"inLanguage\":\"pt-BR\",\"@id\":\"https:\\\/\\\/ocoerente.com.br\\\/se\\\/wp-content\\\/uploads\\\/2020\\\/01\\\/ocoerente-1.png\",\"url\":\"https:\\\/\\\/ocoerente.com.br\\\/se\\\/wp-content\\\/uploads\\\/2020\\\/01\\\/ocoerente-1.png\",\"contentUrl\":\"https:\\\/\\\/ocoerente.com.br\\\/se\\\/wp-content\\\/uploads\\\/2020\\\/01\\\/ocoerente-1.png\",\"width\":50,\"height\":50,\"caption\":\"Reda\u00e7\u00e3o\"},\"logo\":{\"@id\":\"https:\\\/\\\/ocoerente.com.br\\\/se\\\/wp-content\\\/uploads\\\/2020\\\/01\\\/ocoerente-1.png\"},\"url\":\"https:\\\/\\\/ocoerente.com.br\\\/se\\\/author\\\/vasticlsales\\\/\"}]}<\/script>\n<!-- \/ Yoast SEO plugin. -->","yoast_head_json":{"title":"Recapeamento asf\u00e1ltico: vias em obras continuam com interdi\u00e7\u00f5es nesta quinta, 25 - O Coerente","robots":{"index":"index","follow":"follow","max-snippet":"max-snippet:-1","max-image-preview":"max-image-preview:large","max-video-preview":"max-video-preview:-1"},"canonical":"https:\/\/ocoerente.com.br\/se\/2020\/06\/25\/recapeamento-asfaltico-vias-em-obras-continuam-com-interdicoes-nesta-quinta-25\/","og_locale":"pt_BR","og_type":"article","og_title":"Recapeamento asf\u00e1ltico: vias em obras continuam com interdi\u00e7\u00f5es nesta quinta, 25 - O Coerente","og_description":"A Prefeitura de Aracaju informa que o tr\u00e2nsito das avenidas Hermes Fontes, Ad\u00e9lia Franco, Jos\u00e9 Carlos Silva e Coelho e Campos continua com interdi\u00e7\u00f5es nesta quinta-feira, dia 25. Para garantir a mobilidade dessas avenidas em obras, agentes da Superintend\u00eancia Municipal de Transportes e Tr\u00e2nsito (SMTT) estar\u00e3o nos locais com maior fluxo de ve\u00edculos. Corredor Hermes [&hellip;]","og_url":"https:\/\/ocoerente.com.br\/se\/2020\/06\/25\/recapeamento-asfaltico-vias-em-obras-continuam-com-interdicoes-nesta-quinta-25\/","og_site_name":"O Coerente","article_published_time":"2020-06-25T05:07:37+00:00","og_image":[{"width":1280,"height":1279,"url":"https:\/\/ocoerente.com.br\/se\/wp-content\/uploads\/2020\/06\/Recape.jpg","type":"image\/jpeg"}],"author":"Reda\u00e7\u00e3o","twitter_card":"summary_large_image","twitter_misc":{"Escrito por":"Reda\u00e7\u00e3o","Est. tempo de leitura":"3 minutos"},"schema":{"@context":"https:\/\/schema.org","@graph":[{"@type":"Article","@id":"https:\/\/ocoerente.com.br\/se\/2020\/06\/25\/recapeamento-asfaltico-vias-em-obras-continuam-com-interdicoes-nesta-quinta-25\/#article","isPartOf":{"@id":"https:\/\/ocoerente.com.br\/se\/2020\/06\/25\/recapeamento-asfaltico-vias-em-obras-continuam-com-interdicoes-nesta-quinta-25\/"},"author":{"name":"Reda\u00e7\u00e3o","@id":"https:\/\/ocoerente.com.br\/se\/#\/schema\/person\/cc6bfd9fbca465e23543b0c963d8d037"},"headline":"Recapeamento asf\u00e1ltico: vias em obras continuam com interdi\u00e7\u00f5es nesta quinta, 25","datePublished":"2020-06-25T05:07:37+00:00","mainEntityOfPage":{"@id":"https:\/\/ocoerente.com.br\/se\/2020\/06\/25\/recapeamento-asfaltico-vias-em-obras-continuam-com-interdicoes-nesta-quinta-25\/"},"wordCount":625,"publisher":{"@id":"https:\/\/ocoerente.com.br\/se\/#\/schema\/person\/cc6bfd9fbca465e23543b0c963d8d037"},"image":{"@id":"https:\/\/ocoerente.com.br\/se\/2020\/06\/25\/recapeamento-asfaltico-vias-em-obras-continuam-com-interdicoes-nesta-quinta-25\/#primaryimage"},"thumbnailUrl":"https:\/\/ocoerente.com.br\/se\/wp-content\/uploads\/2020\/06\/Recape.jpg","articleSection":["Destaques","Sergipe"],"inLanguage":"pt-BR"},{"@type":"WebPage","@id":"https:\/\/ocoerente.com.br\/se\/2020\/06\/25\/recapeamento-asfaltico-vias-em-obras-continuam-com-interdicoes-nesta-quinta-25\/","url":"https:\/\/ocoerente.com.br\/se\/2020\/06\/25\/recapeamento-asfaltico-vias-em-obras-continuam-com-interdicoes-nesta-quinta-25\/","name":"Recapeamento asf\u00e1ltico: vias em obras continuam com interdi\u00e7\u00f5es nesta quinta, 25 - O Coerente","isPartOf":{"@id":"https:\/\/ocoerente.com.br\/se\/#website"},"primaryImageOfPage":{"@id":"https:\/\/ocoerente.com.br\/se\/2020\/06\/25\/recapeamento-asfaltico-vias-em-obras-continuam-com-interdicoes-nesta-quinta-25\/#primaryimage"},"image":{"@id":"https:\/\/ocoerente.com.br\/se\/2020\/06\/25\/recapeamento-asfaltico-vias-em-obras-continuam-com-interdicoes-nesta-quinta-25\/#primaryimage"},"thumbnailUrl":"https:\/\/ocoerente.com.br\/se\/wp-content\/uploads\/2020\/06\/Recape.jpg","datePublished":"2020-06-25T05:07:37+00:00","breadcrumb":{"@id":"https:\/\/ocoerente.com.br\/se\/2020\/06\/25\/recapeamento-asfaltico-vias-em-obras-continuam-com-interdicoes-nesta-quinta-25\/#breadcrumb"},"inLanguage":"pt-BR","potentialAction":[{"@type":"ReadAction","target":["https:\/\/ocoerente.com.br\/se\/2020\/06\/25\/recapeamento-asfaltico-vias-em-obras-continuam-com-interdicoes-nesta-quinta-25\/"]}]},{"@type":"ImageObject","inLanguage":"pt-BR","@id":"https:\/\/ocoerente.com.br\/se\/2020\/06\/25\/recapeamento-asfaltico-vias-em-obras-continuam-com-interdicoes-nesta-quinta-25\/#primaryimage","url":"https:\/\/ocoerente.com.br\/se\/wp-content\/uploads\/2020\/06\/Recape.jpg","contentUrl":"https:\/\/ocoerente.com.br\/se\/wp-content\/uploads\/2020\/06\/Recape.jpg","width":1280,"height":1279},{"@type":"BreadcrumbList","@id":"https:\/\/ocoerente.com.br\/se\/2020\/06\/25\/recapeamento-asfaltico-vias-em-obras-continuam-com-interdicoes-nesta-quinta-25\/#breadcrumb","itemListElement":[{"@type":"ListItem","position":1,"name":"In\u00edcio","item":"https:\/\/ocoerente.com.br\/se\/"},{"@type":"ListItem","position":2,"name":"Recapeamento asf\u00e1ltico: vias em obras continuam com interdi\u00e7\u00f5es nesta quinta, 25"}]},{"@type":"WebSite","@id":"https:\/\/ocoerente.com.br\/se\/#website","url":"https:\/\/ocoerente.com.br\/se\/","name":"O Coerente","description":"","publisher":{"@id":"https:\/\/ocoerente.com.br\/se\/#\/schema\/person\/cc6bfd9fbca465e23543b0c963d8d037"},"potentialAction":[{"@type":"SearchAction","target":{"@type":"EntryPoint","urlTemplate":"https:\/\/ocoerente.com.br\/se\/?s={search_term_string}"},"query-input":{"@type":"PropertyValueSpecification","valueRequired":true,"valueName":"search_term_string"}}],"inLanguage":"pt-BR"},{"@type":["Person","Organization"],"@id":"https:\/\/ocoerente.com.br\/se\/#\/schema\/person\/cc6bfd9fbca465e23543b0c963d8d037","name":"Reda\u00e7\u00e3o","image":{"@type":"ImageObject","inLanguage":"pt-BR","@id":"https:\/\/ocoerente.com.br\/se\/wp-content\/uploads\/2020\/01\/ocoerente-1.png","url":"https:\/\/ocoerente.com.br\/se\/wp-content\/uploads\/2020\/01\/ocoerente-1.png","contentUrl":"https:\/\/ocoerente.com.br\/se\/wp-content\/uploads\/2020\/01\/ocoerente-1.png","width":50,"height":50,"caption":"Reda\u00e7\u00e3o"},"logo":{"@id":"https:\/\/ocoerente.com.br\/se\/wp-content\/uploads\/2020\/01\/ocoerente-1.png"},"url":"https:\/\/ocoerente.com.br\/se\/author\/vasticlsales\/"}]}},"_links":{"self":[{"href":"https:\/\/ocoerente.com.br\/se\/wp-json\/wp\/v2\/posts\/1267","targetHints":{"allow":["GET"]}}],"collection":[{"href":"https:\/\/ocoerente.com.br\/se\/wp-json\/wp\/v2\/posts"}],"about":[{"href":"https:\/\/ocoerente.com.br\/se\/wp-json\/wp\/v2\/types\/post"}],"author":[{"embeddable":true,"href":"https:\/\/ocoerente.com.br\/se\/wp-json\/wp\/v2\/users\/1"}],"replies":[{"embeddable":true,"href":"https:\/\/ocoerente.com.br\/se\/wp-json\/wp\/v2\/comments?post=1267"}],"version-history":[{"count":1,"href":"https:\/\/ocoerente.com.br\/se\/wp-json\/wp\/v2\/posts\/1267\/revisions"}],"predecessor-version":[{"id":1270,"href":"https:\/\/ocoerente.com.br\/se\/wp-json\/wp\/v2\/posts\/1267\/revisions\/1270"}],"wp:featuredmedia":[{"embeddable":true,"href":"https:\/\/ocoerente.com.br\/se\/wp-json\/wp\/v2\/media\/1268"}],"wp:attachment":[{"href":"https:\/\/ocoerente.com.br\/se\/wp-json\/wp\/v2\/media?parent=1267"}],"wp:term":[{"taxonomy":"category","embeddable":true,"href":"https:\/\/ocoerente.com.br\/se\/wp-json\/wp\/v2\/categories?post=1267"},{"taxonomy":"post_tag","embeddable":true,"href":"https:\/\/ocoerente.com.br\/se\/wp-json\/wp\/v2\/tags?post=1267"}],"curies":[{"name":"wp","href":"https:\/\/api.w.org\/{rel}","templated":true}]}}