{"id":1264,"date":"2020-06-25T02:05:12","date_gmt":"2020-06-25T05:05:12","guid":{"rendered":"http:\/\/ocoerente.com.br\/se\/?p=1264"},"modified":"2020-06-25T02:05:12","modified_gmt":"2020-06-25T05:05:12","slug":"prefeitura-amplia-canal-de-agendamento-de-consultas-para-hipertensos-e-diabeticos","status":"publish","type":"post","link":"https:\/\/ocoerente.com.br\/se\/2020\/06\/25\/prefeitura-amplia-canal-de-agendamento-de-consultas-para-hipertensos-e-diabeticos\/","title":{"rendered":"Prefeitura amplia canal de agendamento de consultas para hipertensos e diab\u00e9ticos"},"content":{"rendered":"<div>Com o bom desempenho do\u00a0<a href=\"https:\/\/www.aracaju.se.gov.br\/noticias\/86726\">canal de agendamento para as gestantes<\/a>, a Prefeitura de Aracaju, por meio da Secretaria Municipal da Sa\u00fade (SMS), resolveu ampliar, tamb\u00e9m, o canal de agendamento de consultas para os hipertensos e diab\u00e9ticos. Em raz\u00e3o da pandemia do novo coronav\u00edrus, as marca\u00e7\u00f5es ser\u00e3o feitas por agendamento via telefone, a partir da pr\u00f3xima segunda-feira, 29.<\/div>\n<div><\/div>\n<div>As consultas podem ser agendadas pelo n\u00famero 0800 729 3534, digitando a op\u00e7\u00e3o 4, de segunda a sexta-feira, das 8 \u00e0s 17 horas. A liga\u00e7\u00e3o ser\u00e1 direcionada para t\u00e9cnicas do Programa Sa\u00fade do Adulto e de doen\u00e7as cr\u00f4nicas n\u00e3o transmiss\u00edveis, as quais agendar\u00e3o as consultas nas Unidades B\u00e1sicas de Sa\u00fade (UBS).<\/div>\n<div><\/div>\n<div>De acordo com a coordenadora da \u00c1rea Program\u00e1tica e Estrat\u00e9gica da Aten\u00e7\u00e3o Prim\u00e1ria \u00e0 Sa\u00fade da SMS, Kamila Fialho, o objetivo \u00e9 evitar aglomera\u00e7\u00f5es nas Unidades e preservar a sa\u00fade das pessoas.<\/div>\n<div><\/div>\n<div>\u201cPara evitar exposi\u00e7\u00e3o dos hipertensos, diab\u00e9ticos e idoso \u00e0 covid-19, adotamos essa medida de agendamento. Refor\u00e7amos que as pessoas desse grupo s\u00f3 saiam de casa em extrema necessidade. O agendamento por telefone vem ampliar o canal de atendimento\u201d, explica.<\/div>\n<div><\/div>\n<div>Orienta\u00e7\u00f5es<\/div>\n<div>Ap\u00f3s o agendamento, o usu\u00e1rio deve cumprir as recomenda\u00e7\u00f5es de seguran\u00e7a sanit\u00e1ria para a consulta, como uso de m\u00e1scara, de \u00e1lcool em gel e respeitar o distanciamento social.<\/div>\n<div><\/div>\n<div>\u201cQuando o usu\u00e1rio manifestar sintomas suspeitos de s\u00edndromes respirat\u00f3rias, deve ser avaliado pela equipe m\u00e9dica nas unidades de refer\u00eancia, que s\u00e3o as UBS Augusto Franco, Geraldo Magela, Ministro Costa Cavalcante, Fernando Sampaio, C\u00e2ndida Alves, Eunice Barbosa, Jos\u00e9 Machado de Souza, On\u00e9simo Pinto\u201d, enfatizou.<\/div>\n<div><\/div>\n<div><img loading=\"lazy\" decoding=\"async\" class=\"alignnone  wp-image-1265\" src=\"http:\/\/ocoerente.com.br\/se\/wp-content\/uploads\/2020\/06\/indice.jpg\" alt=\"\" width=\"538\" height=\"538\" srcset=\"https:\/\/ocoerente.com.br\/se\/wp-content\/uploads\/2020\/06\/indice.jpg 1080w, https:\/\/ocoerente.com.br\/se\/wp-content\/uploads\/2020\/06\/indice-300x300.jpg 300w, https:\/\/ocoerente.com.br\/se\/wp-content\/uploads\/2020\/06\/indice-1024x1024.jpg 1024w, https:\/\/ocoerente.com.br\/se\/wp-content\/uploads\/2020\/06\/indice-150x150.jpg 150w, https:\/\/ocoerente.com.br\/se\/wp-content\/uploads\/2020\/06\/indice-768x768.jpg 768w, https:\/\/ocoerente.com.br\/se\/wp-content\/uploads\/2020\/06\/indice-75x75.jpg 75w, https:\/\/ocoerente.com.br\/se\/wp-content\/uploads\/2020\/06\/indice-750x750.jpg 750w\" sizes=\"auto, (max-width: 538px) 100vw, 538px\" \/><\/div>\n<div><\/div>\n<div>aracaju.se.gov.br<\/div>\n<div><\/div>\n","protected":false},"excerpt":{"rendered":"<p>Com o bom desempenho do\u00a0canal de agendamento para as gestantes, a Prefeitura de Aracaju, por meio da Secretaria Municipal da Sa\u00fade (SMS), resolveu ampliar, tamb\u00e9m, o canal de agendamento de consultas para os hipertensos e diab\u00e9ticos. Em raz\u00e3o da pandemia do novo coronav\u00edrus, as marca\u00e7\u00f5es ser\u00e3o feitas por agendamento via telefone, a partir da pr\u00f3xima [&hellip;]<\/p>\n","protected":false},"author":1,"featured_media":1265,"comment_status":"closed","ping_status":"closed","sticky":false,"template":"","format":"standard","meta":{"footnotes":""},"categories":[53,43],"tags":[],"class_list":["post-1264","post","type-post","status-publish","format-standard","has-post-thumbnail","hentry","category-destaques","category-sergipe"],"yoast_head":"<!-- This site is optimized with the Yoast SEO plugin v27.4 - https:\/\/yoast.com\/product\/yoast-seo-wordpress\/ -->\n<title>Prefeitura amplia canal de agendamento de consultas para hipertensos e diab\u00e9ticos - O Coerente<\/title>\n<meta name=\"robots\" content=\"index, follow, max-snippet:-1, max-image-preview:large, max-video-preview:-1\" \/>\n<link rel=\"canonical\" href=\"https:\/\/ocoerente.com.br\/se\/2020\/06\/25\/prefeitura-amplia-canal-de-agendamento-de-consultas-para-hipertensos-e-diabeticos\/\" \/>\n<meta property=\"og:locale\" content=\"pt_BR\" \/>\n<meta property=\"og:type\" content=\"article\" \/>\n<meta property=\"og:title\" content=\"Prefeitura amplia canal de agendamento de consultas para hipertensos e diab\u00e9ticos - O Coerente\" \/>\n<meta property=\"og:description\" content=\"Com o bom desempenho do\u00a0canal de agendamento para as gestantes, a Prefeitura de Aracaju, por meio da Secretaria Municipal da Sa\u00fade (SMS), resolveu ampliar, tamb\u00e9m, o canal de agendamento de consultas para os hipertensos e diab\u00e9ticos. Em raz\u00e3o da pandemia do novo coronav\u00edrus, as marca\u00e7\u00f5es ser\u00e3o feitas por agendamento via telefone, a partir da pr\u00f3xima [&hellip;]\" \/>\n<meta property=\"og:url\" content=\"https:\/\/ocoerente.com.br\/se\/2020\/06\/25\/prefeitura-amplia-canal-de-agendamento-de-consultas-para-hipertensos-e-diabeticos\/\" \/>\n<meta property=\"og:site_name\" content=\"O Coerente\" \/>\n<meta property=\"article:published_time\" content=\"2020-06-25T05:05:12+00:00\" \/>\n<meta property=\"og:image\" content=\"https:\/\/ocoerente.com.br\/se\/wp-content\/uploads\/2020\/06\/indice.jpg\" \/>\n\t<meta property=\"og:image:width\" content=\"1080\" \/>\n\t<meta property=\"og:image:height\" content=\"1080\" \/>\n\t<meta property=\"og:image:type\" content=\"image\/jpeg\" \/>\n<meta name=\"author\" content=\"Reda\u00e7\u00e3o\" \/>\n<meta name=\"twitter:card\" content=\"summary_large_image\" \/>\n<meta name=\"twitter:label1\" content=\"Escrito por\" \/>\n\t<meta name=\"twitter:data1\" content=\"Reda\u00e7\u00e3o\" \/>\n\t<meta name=\"twitter:label2\" content=\"Est. tempo de leitura\" \/>\n\t<meta name=\"twitter:data2\" content=\"1 minuto\" \/>\n<script type=\"application\/ld+json\" class=\"yoast-schema-graph\">{\"@context\":\"https:\\\/\\\/schema.org\",\"@graph\":[{\"@type\":\"Article\",\"@id\":\"https:\\\/\\\/ocoerente.com.br\\\/se\\\/2020\\\/06\\\/25\\\/prefeitura-amplia-canal-de-agendamento-de-consultas-para-hipertensos-e-diabeticos\\\/#article\",\"isPartOf\":{\"@id\":\"https:\\\/\\\/ocoerente.com.br\\\/se\\\/2020\\\/06\\\/25\\\/prefeitura-amplia-canal-de-agendamento-de-consultas-para-hipertensos-e-diabeticos\\\/\"},\"author\":{\"name\":\"Reda\u00e7\u00e3o\",\"@id\":\"https:\\\/\\\/ocoerente.com.br\\\/se\\\/#\\\/schema\\\/person\\\/cc6bfd9fbca465e23543b0c963d8d037\"},\"headline\":\"Prefeitura amplia canal de agendamento de consultas para hipertensos e diab\u00e9ticos\",\"datePublished\":\"2020-06-25T05:05:12+00:00\",\"mainEntityOfPage\":{\"@id\":\"https:\\\/\\\/ocoerente.com.br\\\/se\\\/2020\\\/06\\\/25\\\/prefeitura-amplia-canal-de-agendamento-de-consultas-para-hipertensos-e-diabeticos\\\/\"},\"wordCount\":303,\"publisher\":{\"@id\":\"https:\\\/\\\/ocoerente.com.br\\\/se\\\/#\\\/schema\\\/person\\\/cc6bfd9fbca465e23543b0c963d8d037\"},\"image\":{\"@id\":\"https:\\\/\\\/ocoerente.com.br\\\/se\\\/2020\\\/06\\\/25\\\/prefeitura-amplia-canal-de-agendamento-de-consultas-para-hipertensos-e-diabeticos\\\/#primaryimage\"},\"thumbnailUrl\":\"https:\\\/\\\/ocoerente.com.br\\\/se\\\/wp-content\\\/uploads\\\/2020\\\/06\\\/indice.jpg\",\"articleSection\":[\"Destaques\",\"Sergipe\"],\"inLanguage\":\"pt-BR\"},{\"@type\":\"WebPage\",\"@id\":\"https:\\\/\\\/ocoerente.com.br\\\/se\\\/2020\\\/06\\\/25\\\/prefeitura-amplia-canal-de-agendamento-de-consultas-para-hipertensos-e-diabeticos\\\/\",\"url\":\"https:\\\/\\\/ocoerente.com.br\\\/se\\\/2020\\\/06\\\/25\\\/prefeitura-amplia-canal-de-agendamento-de-consultas-para-hipertensos-e-diabeticos\\\/\",\"name\":\"Prefeitura amplia canal de agendamento de consultas para hipertensos e diab\u00e9ticos - O Coerente\",\"isPartOf\":{\"@id\":\"https:\\\/\\\/ocoerente.com.br\\\/se\\\/#website\"},\"primaryImageOfPage\":{\"@id\":\"https:\\\/\\\/ocoerente.com.br\\\/se\\\/2020\\\/06\\\/25\\\/prefeitura-amplia-canal-de-agendamento-de-consultas-para-hipertensos-e-diabeticos\\\/#primaryimage\"},\"image\":{\"@id\":\"https:\\\/\\\/ocoerente.com.br\\\/se\\\/2020\\\/06\\\/25\\\/prefeitura-amplia-canal-de-agendamento-de-consultas-para-hipertensos-e-diabeticos\\\/#primaryimage\"},\"thumbnailUrl\":\"https:\\\/\\\/ocoerente.com.br\\\/se\\\/wp-content\\\/uploads\\\/2020\\\/06\\\/indice.jpg\",\"datePublished\":\"2020-06-25T05:05:12+00:00\",\"breadcrumb\":{\"@id\":\"https:\\\/\\\/ocoerente.com.br\\\/se\\\/2020\\\/06\\\/25\\\/prefeitura-amplia-canal-de-agendamento-de-consultas-para-hipertensos-e-diabeticos\\\/#breadcrumb\"},\"inLanguage\":\"pt-BR\",\"potentialAction\":[{\"@type\":\"ReadAction\",\"target\":[\"https:\\\/\\\/ocoerente.com.br\\\/se\\\/2020\\\/06\\\/25\\\/prefeitura-amplia-canal-de-agendamento-de-consultas-para-hipertensos-e-diabeticos\\\/\"]}]},{\"@type\":\"ImageObject\",\"inLanguage\":\"pt-BR\",\"@id\":\"https:\\\/\\\/ocoerente.com.br\\\/se\\\/2020\\\/06\\\/25\\\/prefeitura-amplia-canal-de-agendamento-de-consultas-para-hipertensos-e-diabeticos\\\/#primaryimage\",\"url\":\"https:\\\/\\\/ocoerente.com.br\\\/se\\\/wp-content\\\/uploads\\\/2020\\\/06\\\/indice.jpg\",\"contentUrl\":\"https:\\\/\\\/ocoerente.com.br\\\/se\\\/wp-content\\\/uploads\\\/2020\\\/06\\\/indice.jpg\",\"width\":1080,\"height\":1080},{\"@type\":\"BreadcrumbList\",\"@id\":\"https:\\\/\\\/ocoerente.com.br\\\/se\\\/2020\\\/06\\\/25\\\/prefeitura-amplia-canal-de-agendamento-de-consultas-para-hipertensos-e-diabeticos\\\/#breadcrumb\",\"itemListElement\":[{\"@type\":\"ListItem\",\"position\":1,\"name\":\"In\u00edcio\",\"item\":\"https:\\\/\\\/ocoerente.com.br\\\/se\\\/\"},{\"@type\":\"ListItem\",\"position\":2,\"name\":\"Prefeitura amplia canal de agendamento de consultas para hipertensos e diab\u00e9ticos\"}]},{\"@type\":\"WebSite\",\"@id\":\"https:\\\/\\\/ocoerente.com.br\\\/se\\\/#website\",\"url\":\"https:\\\/\\\/ocoerente.com.br\\\/se\\\/\",\"name\":\"O Coerente\",\"description\":\"\",\"publisher\":{\"@id\":\"https:\\\/\\\/ocoerente.com.br\\\/se\\\/#\\\/schema\\\/person\\\/cc6bfd9fbca465e23543b0c963d8d037\"},\"potentialAction\":[{\"@type\":\"SearchAction\",\"target\":{\"@type\":\"EntryPoint\",\"urlTemplate\":\"https:\\\/\\\/ocoerente.com.br\\\/se\\\/?s={search_term_string}\"},\"query-input\":{\"@type\":\"PropertyValueSpecification\",\"valueRequired\":true,\"valueName\":\"search_term_string\"}}],\"inLanguage\":\"pt-BR\"},{\"@type\":[\"Person\",\"Organization\"],\"@id\":\"https:\\\/\\\/ocoerente.com.br\\\/se\\\/#\\\/schema\\\/person\\\/cc6bfd9fbca465e23543b0c963d8d037\",\"name\":\"Reda\u00e7\u00e3o\",\"image\":{\"@type\":\"ImageObject\",\"inLanguage\":\"pt-BR\",\"@id\":\"https:\\\/\\\/ocoerente.com.br\\\/se\\\/wp-content\\\/uploads\\\/2020\\\/01\\\/ocoerente-1.png\",\"url\":\"https:\\\/\\\/ocoerente.com.br\\\/se\\\/wp-content\\\/uploads\\\/2020\\\/01\\\/ocoerente-1.png\",\"contentUrl\":\"https:\\\/\\\/ocoerente.com.br\\\/se\\\/wp-content\\\/uploads\\\/2020\\\/01\\\/ocoerente-1.png\",\"width\":50,\"height\":50,\"caption\":\"Reda\u00e7\u00e3o\"},\"logo\":{\"@id\":\"https:\\\/\\\/ocoerente.com.br\\\/se\\\/wp-content\\\/uploads\\\/2020\\\/01\\\/ocoerente-1.png\"},\"url\":\"https:\\\/\\\/ocoerente.com.br\\\/se\\\/author\\\/vasticlsales\\\/\"}]}<\/script>\n<!-- \/ Yoast SEO plugin. -->","yoast_head_json":{"title":"Prefeitura amplia canal de agendamento de consultas para hipertensos e diab\u00e9ticos - O Coerente","robots":{"index":"index","follow":"follow","max-snippet":"max-snippet:-1","max-image-preview":"max-image-preview:large","max-video-preview":"max-video-preview:-1"},"canonical":"https:\/\/ocoerente.com.br\/se\/2020\/06\/25\/prefeitura-amplia-canal-de-agendamento-de-consultas-para-hipertensos-e-diabeticos\/","og_locale":"pt_BR","og_type":"article","og_title":"Prefeitura amplia canal de agendamento de consultas para hipertensos e diab\u00e9ticos - O Coerente","og_description":"Com o bom desempenho do\u00a0canal de agendamento para as gestantes, a Prefeitura de Aracaju, por meio da Secretaria Municipal da Sa\u00fade (SMS), resolveu ampliar, tamb\u00e9m, o canal de agendamento de consultas para os hipertensos e diab\u00e9ticos. Em raz\u00e3o da pandemia do novo coronav\u00edrus, as marca\u00e7\u00f5es ser\u00e3o feitas por agendamento via telefone, a partir da pr\u00f3xima [&hellip;]","og_url":"https:\/\/ocoerente.com.br\/se\/2020\/06\/25\/prefeitura-amplia-canal-de-agendamento-de-consultas-para-hipertensos-e-diabeticos\/","og_site_name":"O Coerente","article_published_time":"2020-06-25T05:05:12+00:00","og_image":[{"width":1080,"height":1080,"url":"https:\/\/ocoerente.com.br\/se\/wp-content\/uploads\/2020\/06\/indice.jpg","type":"image\/jpeg"}],"author":"Reda\u00e7\u00e3o","twitter_card":"summary_large_image","twitter_misc":{"Escrito por":"Reda\u00e7\u00e3o","Est. tempo de leitura":"1 minuto"},"schema":{"@context":"https:\/\/schema.org","@graph":[{"@type":"Article","@id":"https:\/\/ocoerente.com.br\/se\/2020\/06\/25\/prefeitura-amplia-canal-de-agendamento-de-consultas-para-hipertensos-e-diabeticos\/#article","isPartOf":{"@id":"https:\/\/ocoerente.com.br\/se\/2020\/06\/25\/prefeitura-amplia-canal-de-agendamento-de-consultas-para-hipertensos-e-diabeticos\/"},"author":{"name":"Reda\u00e7\u00e3o","@id":"https:\/\/ocoerente.com.br\/se\/#\/schema\/person\/cc6bfd9fbca465e23543b0c963d8d037"},"headline":"Prefeitura amplia canal de agendamento de consultas para hipertensos e diab\u00e9ticos","datePublished":"2020-06-25T05:05:12+00:00","mainEntityOfPage":{"@id":"https:\/\/ocoerente.com.br\/se\/2020\/06\/25\/prefeitura-amplia-canal-de-agendamento-de-consultas-para-hipertensos-e-diabeticos\/"},"wordCount":303,"publisher":{"@id":"https:\/\/ocoerente.com.br\/se\/#\/schema\/person\/cc6bfd9fbca465e23543b0c963d8d037"},"image":{"@id":"https:\/\/ocoerente.com.br\/se\/2020\/06\/25\/prefeitura-amplia-canal-de-agendamento-de-consultas-para-hipertensos-e-diabeticos\/#primaryimage"},"thumbnailUrl":"https:\/\/ocoerente.com.br\/se\/wp-content\/uploads\/2020\/06\/indice.jpg","articleSection":["Destaques","Sergipe"],"inLanguage":"pt-BR"},{"@type":"WebPage","@id":"https:\/\/ocoerente.com.br\/se\/2020\/06\/25\/prefeitura-amplia-canal-de-agendamento-de-consultas-para-hipertensos-e-diabeticos\/","url":"https:\/\/ocoerente.com.br\/se\/2020\/06\/25\/prefeitura-amplia-canal-de-agendamento-de-consultas-para-hipertensos-e-diabeticos\/","name":"Prefeitura amplia canal de agendamento de consultas para hipertensos e diab\u00e9ticos - O Coerente","isPartOf":{"@id":"https:\/\/ocoerente.com.br\/se\/#website"},"primaryImageOfPage":{"@id":"https:\/\/ocoerente.com.br\/se\/2020\/06\/25\/prefeitura-amplia-canal-de-agendamento-de-consultas-para-hipertensos-e-diabeticos\/#primaryimage"},"image":{"@id":"https:\/\/ocoerente.com.br\/se\/2020\/06\/25\/prefeitura-amplia-canal-de-agendamento-de-consultas-para-hipertensos-e-diabeticos\/#primaryimage"},"thumbnailUrl":"https:\/\/ocoerente.com.br\/se\/wp-content\/uploads\/2020\/06\/indice.jpg","datePublished":"2020-06-25T05:05:12+00:00","breadcrumb":{"@id":"https:\/\/ocoerente.com.br\/se\/2020\/06\/25\/prefeitura-amplia-canal-de-agendamento-de-consultas-para-hipertensos-e-diabeticos\/#breadcrumb"},"inLanguage":"pt-BR","potentialAction":[{"@type":"ReadAction","target":["https:\/\/ocoerente.com.br\/se\/2020\/06\/25\/prefeitura-amplia-canal-de-agendamento-de-consultas-para-hipertensos-e-diabeticos\/"]}]},{"@type":"ImageObject","inLanguage":"pt-BR","@id":"https:\/\/ocoerente.com.br\/se\/2020\/06\/25\/prefeitura-amplia-canal-de-agendamento-de-consultas-para-hipertensos-e-diabeticos\/#primaryimage","url":"https:\/\/ocoerente.com.br\/se\/wp-content\/uploads\/2020\/06\/indice.jpg","contentUrl":"https:\/\/ocoerente.com.br\/se\/wp-content\/uploads\/2020\/06\/indice.jpg","width":1080,"height":1080},{"@type":"BreadcrumbList","@id":"https:\/\/ocoerente.com.br\/se\/2020\/06\/25\/prefeitura-amplia-canal-de-agendamento-de-consultas-para-hipertensos-e-diabeticos\/#breadcrumb","itemListElement":[{"@type":"ListItem","position":1,"name":"In\u00edcio","item":"https:\/\/ocoerente.com.br\/se\/"},{"@type":"ListItem","position":2,"name":"Prefeitura amplia canal de agendamento de consultas para hipertensos e diab\u00e9ticos"}]},{"@type":"WebSite","@id":"https:\/\/ocoerente.com.br\/se\/#website","url":"https:\/\/ocoerente.com.br\/se\/","name":"O Coerente","description":"","publisher":{"@id":"https:\/\/ocoerente.com.br\/se\/#\/schema\/person\/cc6bfd9fbca465e23543b0c963d8d037"},"potentialAction":[{"@type":"SearchAction","target":{"@type":"EntryPoint","urlTemplate":"https:\/\/ocoerente.com.br\/se\/?s={search_term_string}"},"query-input":{"@type":"PropertyValueSpecification","valueRequired":true,"valueName":"search_term_string"}}],"inLanguage":"pt-BR"},{"@type":["Person","Organization"],"@id":"https:\/\/ocoerente.com.br\/se\/#\/schema\/person\/cc6bfd9fbca465e23543b0c963d8d037","name":"Reda\u00e7\u00e3o","image":{"@type":"ImageObject","inLanguage":"pt-BR","@id":"https:\/\/ocoerente.com.br\/se\/wp-content\/uploads\/2020\/01\/ocoerente-1.png","url":"https:\/\/ocoerente.com.br\/se\/wp-content\/uploads\/2020\/01\/ocoerente-1.png","contentUrl":"https:\/\/ocoerente.com.br\/se\/wp-content\/uploads\/2020\/01\/ocoerente-1.png","width":50,"height":50,"caption":"Reda\u00e7\u00e3o"},"logo":{"@id":"https:\/\/ocoerente.com.br\/se\/wp-content\/uploads\/2020\/01\/ocoerente-1.png"},"url":"https:\/\/ocoerente.com.br\/se\/author\/vasticlsales\/"}]}},"_links":{"self":[{"href":"https:\/\/ocoerente.com.br\/se\/wp-json\/wp\/v2\/posts\/1264","targetHints":{"allow":["GET"]}}],"collection":[{"href":"https:\/\/ocoerente.com.br\/se\/wp-json\/wp\/v2\/posts"}],"about":[{"href":"https:\/\/ocoerente.com.br\/se\/wp-json\/wp\/v2\/types\/post"}],"author":[{"embeddable":true,"href":"https:\/\/ocoerente.com.br\/se\/wp-json\/wp\/v2\/users\/1"}],"replies":[{"embeddable":true,"href":"https:\/\/ocoerente.com.br\/se\/wp-json\/wp\/v2\/comments?post=1264"}],"version-history":[{"count":1,"href":"https:\/\/ocoerente.com.br\/se\/wp-json\/wp\/v2\/posts\/1264\/revisions"}],"predecessor-version":[{"id":1266,"href":"https:\/\/ocoerente.com.br\/se\/wp-json\/wp\/v2\/posts\/1264\/revisions\/1266"}],"wp:featuredmedia":[{"embeddable":true,"href":"https:\/\/ocoerente.com.br\/se\/wp-json\/wp\/v2\/media\/1265"}],"wp:attachment":[{"href":"https:\/\/ocoerente.com.br\/se\/wp-json\/wp\/v2\/media?parent=1264"}],"wp:term":[{"taxonomy":"category","embeddable":true,"href":"https:\/\/ocoerente.com.br\/se\/wp-json\/wp\/v2\/categories?post=1264"},{"taxonomy":"post_tag","embeddable":true,"href":"https:\/\/ocoerente.com.br\/se\/wp-json\/wp\/v2\/tags?post=1264"}],"curies":[{"name":"wp","href":"https:\/\/api.w.org\/{rel}","templated":true}]}}