{"id":1261,"date":"2020-06-25T02:03:18","date_gmt":"2020-06-25T05:03:18","guid":{"rendered":"http:\/\/ocoerente.com.br\/se\/?p=1261"},"modified":"2020-06-25T02:03:18","modified_gmt":"2020-06-25T05:03:18","slug":"com-inicio-da-reforma-da-ubs-lauro-dantas-usuarios-serao-atendidos-na-ubs-jose-calumby","status":"publish","type":"post","link":"https:\/\/ocoerente.com.br\/se\/2020\/06\/25\/com-inicio-da-reforma-da-ubs-lauro-dantas-usuarios-serao-atendidos-na-ubs-jose-calumby\/","title":{"rendered":"Com in\u00edcio da reforma da UBS Lauro Dantas, usu\u00e1rios ser\u00e3o atendidos na UBS Jos\u00e9 Calumby"},"content":{"rendered":"<div>Em continuidade ao cronograma de reformas e revitaliza\u00e7\u00f5es das Unidades B\u00e1sicas de Sa\u00fade da capital, a Prefeitura de Aracaju, por meio da Secretaria Municipal da Sa\u00fade, iniciou as obras de reforma na UBS Lauro Dantas, localizada no bairro Bugio. Sendo assim, para n\u00e3o deixar os usu\u00e1rios dessa unidade sem a assist\u00eancia devida, o acesso aos servi\u00e7os de sa\u00fade ofertados por esta unidade, a partir desta sexta-feira, dia 26, se dar\u00e1 na UBS Jos\u00e9 Calumby Filho, no Jardim Centen\u00e1rio.<\/div>\n<div><\/div>\n<div>Conforme a assessora t\u00e9cnica da Rede de Aten\u00e7\u00e3o Prim\u00e1ria (REAP), Juss\u00e2nima Oliveira, o fluxo ficou definido para garantir a assist\u00eancia aos usu\u00e1rios. \u201cAs equipes das duas unidades est\u00e3o divididas, levando em considera\u00e7\u00e3o o novo hor\u00e1rio de funcionamento da unidade, que \u00e9 das 7h \u00e0s 19h. Portanto, conseguimos montar um fluxo que atenda com tranquilidade os usu\u00e1rios que buscarem por qualquer servi\u00e7o\u201d, explica.<\/div>\n<div><\/div>\n<div>Com a reloca\u00e7\u00e3o dos servidores para a UBS Jos\u00e9 Calumby, al\u00e9m das equipes m\u00e9dicas e demais profissionais de sa\u00fade das duas unidades, que cumprir\u00e3o escala, na recep\u00e7\u00e3o ficar\u00e3o dois profissionais, sendo um de cada unidade. Al\u00e9m disso, um profissional terceirizado ser\u00e1 respons\u00e1vel por contatar os usu\u00e1rios que possuem consultas e\/ou exames agendados.<\/div>\n<div><\/div>\n<div>UBS Lauro Dantas<\/div>\n<div>Entre as principais modifica\u00e7\u00f5es na reforma, al\u00e9m da revis\u00e3o de telhado, pintura e parte el\u00e9trica, a unidade tamb\u00e9m receber\u00e1 a individualiza\u00e7\u00e3o dos consult\u00f3rios odontol\u00f3gicos; a cria\u00e7\u00e3o da sala de observa\u00e7\u00e3o com banheiro adaptado \u00e0s normas t\u00e9cnicas de acessibilidade; e o envidra\u00e7amento da recep\u00e7\u00e3o com vidro temperado.<\/div>\n<div><\/div>\n<div>Tamb\u00e9m ser\u00e1 reformada a sala de ginecologia para constru\u00e7\u00e3o de banheiro adaptado, conforme a RDC 50. O acesso \u00e0 farm\u00e1cia tamb\u00e9m ser\u00e1 modificado com passador para cadeirante, al\u00e9m de amplia\u00e7\u00e3o de ambientes de uso restrito dos servidores como a DML e a copa. Todas as adequa\u00e7\u00f5es necess\u00e1rias para garantir a acessibilidade aos usu\u00e1rios, a exemplo de rampas, corrim\u00e3o, ser\u00e3o realizadas de acordo com o que prev\u00ea a NBR 5090.<\/div>\n<div><\/div>\n<div>aracaju.se.gov.br<\/div>\n","protected":false},"excerpt":{"rendered":"<p>Em continuidade ao cronograma de reformas e revitaliza\u00e7\u00f5es das Unidades B\u00e1sicas de Sa\u00fade da capital, a Prefeitura de Aracaju, por meio da Secretaria Municipal da Sa\u00fade, iniciou as obras de reforma na UBS Lauro Dantas, localizada no bairro Bugio. Sendo assim, para n\u00e3o deixar os usu\u00e1rios dessa unidade sem a assist\u00eancia devida, o acesso aos [&hellip;]<\/p>\n","protected":false},"author":1,"featured_media":1262,"comment_status":"closed","ping_status":"closed","sticky":false,"template":"","format":"standard","meta":{"footnotes":""},"categories":[53,43],"tags":[],"class_list":["post-1261","post","type-post","status-publish","format-standard","has-post-thumbnail","hentry","category-destaques","category-sergipe"],"yoast_head":"<!-- This site is optimized with the Yoast SEO plugin v27.4 - https:\/\/yoast.com\/product\/yoast-seo-wordpress\/ -->\n<title>Com in\u00edcio da reforma da UBS Lauro Dantas, usu\u00e1rios ser\u00e3o atendidos na UBS Jos\u00e9 Calumby - O Coerente<\/title>\n<meta name=\"robots\" content=\"index, follow, max-snippet:-1, max-image-preview:large, max-video-preview:-1\" \/>\n<link rel=\"canonical\" href=\"https:\/\/ocoerente.com.br\/se\/2020\/06\/25\/com-inicio-da-reforma-da-ubs-lauro-dantas-usuarios-serao-atendidos-na-ubs-jose-calumby\/\" \/>\n<meta property=\"og:locale\" content=\"pt_BR\" \/>\n<meta property=\"og:type\" content=\"article\" \/>\n<meta property=\"og:title\" content=\"Com in\u00edcio da reforma da UBS Lauro Dantas, usu\u00e1rios ser\u00e3o atendidos na UBS Jos\u00e9 Calumby - O Coerente\" \/>\n<meta property=\"og:description\" content=\"Em continuidade ao cronograma de reformas e revitaliza\u00e7\u00f5es das Unidades B\u00e1sicas de Sa\u00fade da capital, a Prefeitura de Aracaju, por meio da Secretaria Municipal da Sa\u00fade, iniciou as obras de reforma na UBS Lauro Dantas, localizada no bairro Bugio. Sendo assim, para n\u00e3o deixar os usu\u00e1rios dessa unidade sem a assist\u00eancia devida, o acesso aos [&hellip;]\" \/>\n<meta property=\"og:url\" content=\"https:\/\/ocoerente.com.br\/se\/2020\/06\/25\/com-inicio-da-reforma-da-ubs-lauro-dantas-usuarios-serao-atendidos-na-ubs-jose-calumby\/\" \/>\n<meta property=\"og:site_name\" content=\"O Coerente\" \/>\n<meta property=\"article:published_time\" content=\"2020-06-25T05:03:18+00:00\" \/>\n<meta property=\"og:image\" content=\"https:\/\/ocoerente.com.br\/se\/wp-content\/uploads\/2020\/06\/reforma1.jpg\" \/>\n\t<meta property=\"og:image:width\" content=\"1600\" \/>\n\t<meta property=\"og:image:height\" content=\"777\" \/>\n\t<meta property=\"og:image:type\" content=\"image\/jpeg\" \/>\n<meta name=\"author\" content=\"Reda\u00e7\u00e3o\" \/>\n<meta name=\"twitter:card\" content=\"summary_large_image\" \/>\n<meta name=\"twitter:label1\" content=\"Escrito por\" \/>\n\t<meta name=\"twitter:data1\" content=\"Reda\u00e7\u00e3o\" \/>\n\t<meta name=\"twitter:label2\" content=\"Est. tempo de leitura\" \/>\n\t<meta name=\"twitter:data2\" content=\"2 minutos\" \/>\n<script type=\"application\/ld+json\" class=\"yoast-schema-graph\">{\"@context\":\"https:\\\/\\\/schema.org\",\"@graph\":[{\"@type\":\"Article\",\"@id\":\"https:\\\/\\\/ocoerente.com.br\\\/se\\\/2020\\\/06\\\/25\\\/com-inicio-da-reforma-da-ubs-lauro-dantas-usuarios-serao-atendidos-na-ubs-jose-calumby\\\/#article\",\"isPartOf\":{\"@id\":\"https:\\\/\\\/ocoerente.com.br\\\/se\\\/2020\\\/06\\\/25\\\/com-inicio-da-reforma-da-ubs-lauro-dantas-usuarios-serao-atendidos-na-ubs-jose-calumby\\\/\"},\"author\":{\"name\":\"Reda\u00e7\u00e3o\",\"@id\":\"https:\\\/\\\/ocoerente.com.br\\\/se\\\/#\\\/schema\\\/person\\\/cc6bfd9fbca465e23543b0c963d8d037\"},\"headline\":\"Com in\u00edcio da reforma da UBS Lauro Dantas, usu\u00e1rios ser\u00e3o atendidos na UBS Jos\u00e9 Calumby\",\"datePublished\":\"2020-06-25T05:03:18+00:00\",\"mainEntityOfPage\":{\"@id\":\"https:\\\/\\\/ocoerente.com.br\\\/se\\\/2020\\\/06\\\/25\\\/com-inicio-da-reforma-da-ubs-lauro-dantas-usuarios-serao-atendidos-na-ubs-jose-calumby\\\/\"},\"wordCount\":383,\"publisher\":{\"@id\":\"https:\\\/\\\/ocoerente.com.br\\\/se\\\/#\\\/schema\\\/person\\\/cc6bfd9fbca465e23543b0c963d8d037\"},\"image\":{\"@id\":\"https:\\\/\\\/ocoerente.com.br\\\/se\\\/2020\\\/06\\\/25\\\/com-inicio-da-reforma-da-ubs-lauro-dantas-usuarios-serao-atendidos-na-ubs-jose-calumby\\\/#primaryimage\"},\"thumbnailUrl\":\"https:\\\/\\\/ocoerente.com.br\\\/se\\\/wp-content\\\/uploads\\\/2020\\\/06\\\/reforma1.jpg\",\"articleSection\":[\"Destaques\",\"Sergipe\"],\"inLanguage\":\"pt-BR\"},{\"@type\":\"WebPage\",\"@id\":\"https:\\\/\\\/ocoerente.com.br\\\/se\\\/2020\\\/06\\\/25\\\/com-inicio-da-reforma-da-ubs-lauro-dantas-usuarios-serao-atendidos-na-ubs-jose-calumby\\\/\",\"url\":\"https:\\\/\\\/ocoerente.com.br\\\/se\\\/2020\\\/06\\\/25\\\/com-inicio-da-reforma-da-ubs-lauro-dantas-usuarios-serao-atendidos-na-ubs-jose-calumby\\\/\",\"name\":\"Com in\u00edcio da reforma da UBS Lauro Dantas, usu\u00e1rios ser\u00e3o atendidos na UBS Jos\u00e9 Calumby - O Coerente\",\"isPartOf\":{\"@id\":\"https:\\\/\\\/ocoerente.com.br\\\/se\\\/#website\"},\"primaryImageOfPage\":{\"@id\":\"https:\\\/\\\/ocoerente.com.br\\\/se\\\/2020\\\/06\\\/25\\\/com-inicio-da-reforma-da-ubs-lauro-dantas-usuarios-serao-atendidos-na-ubs-jose-calumby\\\/#primaryimage\"},\"image\":{\"@id\":\"https:\\\/\\\/ocoerente.com.br\\\/se\\\/2020\\\/06\\\/25\\\/com-inicio-da-reforma-da-ubs-lauro-dantas-usuarios-serao-atendidos-na-ubs-jose-calumby\\\/#primaryimage\"},\"thumbnailUrl\":\"https:\\\/\\\/ocoerente.com.br\\\/se\\\/wp-content\\\/uploads\\\/2020\\\/06\\\/reforma1.jpg\",\"datePublished\":\"2020-06-25T05:03:18+00:00\",\"breadcrumb\":{\"@id\":\"https:\\\/\\\/ocoerente.com.br\\\/se\\\/2020\\\/06\\\/25\\\/com-inicio-da-reforma-da-ubs-lauro-dantas-usuarios-serao-atendidos-na-ubs-jose-calumby\\\/#breadcrumb\"},\"inLanguage\":\"pt-BR\",\"potentialAction\":[{\"@type\":\"ReadAction\",\"target\":[\"https:\\\/\\\/ocoerente.com.br\\\/se\\\/2020\\\/06\\\/25\\\/com-inicio-da-reforma-da-ubs-lauro-dantas-usuarios-serao-atendidos-na-ubs-jose-calumby\\\/\"]}]},{\"@type\":\"ImageObject\",\"inLanguage\":\"pt-BR\",\"@id\":\"https:\\\/\\\/ocoerente.com.br\\\/se\\\/2020\\\/06\\\/25\\\/com-inicio-da-reforma-da-ubs-lauro-dantas-usuarios-serao-atendidos-na-ubs-jose-calumby\\\/#primaryimage\",\"url\":\"https:\\\/\\\/ocoerente.com.br\\\/se\\\/wp-content\\\/uploads\\\/2020\\\/06\\\/reforma1.jpg\",\"contentUrl\":\"https:\\\/\\\/ocoerente.com.br\\\/se\\\/wp-content\\\/uploads\\\/2020\\\/06\\\/reforma1.jpg\",\"width\":1600,\"height\":777},{\"@type\":\"BreadcrumbList\",\"@id\":\"https:\\\/\\\/ocoerente.com.br\\\/se\\\/2020\\\/06\\\/25\\\/com-inicio-da-reforma-da-ubs-lauro-dantas-usuarios-serao-atendidos-na-ubs-jose-calumby\\\/#breadcrumb\",\"itemListElement\":[{\"@type\":\"ListItem\",\"position\":1,\"name\":\"In\u00edcio\",\"item\":\"https:\\\/\\\/ocoerente.com.br\\\/se\\\/\"},{\"@type\":\"ListItem\",\"position\":2,\"name\":\"Com in\u00edcio da reforma da UBS Lauro Dantas, usu\u00e1rios ser\u00e3o atendidos na UBS Jos\u00e9 Calumby\"}]},{\"@type\":\"WebSite\",\"@id\":\"https:\\\/\\\/ocoerente.com.br\\\/se\\\/#website\",\"url\":\"https:\\\/\\\/ocoerente.com.br\\\/se\\\/\",\"name\":\"O Coerente\",\"description\":\"\",\"publisher\":{\"@id\":\"https:\\\/\\\/ocoerente.com.br\\\/se\\\/#\\\/schema\\\/person\\\/cc6bfd9fbca465e23543b0c963d8d037\"},\"potentialAction\":[{\"@type\":\"SearchAction\",\"target\":{\"@type\":\"EntryPoint\",\"urlTemplate\":\"https:\\\/\\\/ocoerente.com.br\\\/se\\\/?s={search_term_string}\"},\"query-input\":{\"@type\":\"PropertyValueSpecification\",\"valueRequired\":true,\"valueName\":\"search_term_string\"}}],\"inLanguage\":\"pt-BR\"},{\"@type\":[\"Person\",\"Organization\"],\"@id\":\"https:\\\/\\\/ocoerente.com.br\\\/se\\\/#\\\/schema\\\/person\\\/cc6bfd9fbca465e23543b0c963d8d037\",\"name\":\"Reda\u00e7\u00e3o\",\"image\":{\"@type\":\"ImageObject\",\"inLanguage\":\"pt-BR\",\"@id\":\"https:\\\/\\\/ocoerente.com.br\\\/se\\\/wp-content\\\/uploads\\\/2020\\\/01\\\/ocoerente-1.png\",\"url\":\"https:\\\/\\\/ocoerente.com.br\\\/se\\\/wp-content\\\/uploads\\\/2020\\\/01\\\/ocoerente-1.png\",\"contentUrl\":\"https:\\\/\\\/ocoerente.com.br\\\/se\\\/wp-content\\\/uploads\\\/2020\\\/01\\\/ocoerente-1.png\",\"width\":50,\"height\":50,\"caption\":\"Reda\u00e7\u00e3o\"},\"logo\":{\"@id\":\"https:\\\/\\\/ocoerente.com.br\\\/se\\\/wp-content\\\/uploads\\\/2020\\\/01\\\/ocoerente-1.png\"},\"url\":\"https:\\\/\\\/ocoerente.com.br\\\/se\\\/author\\\/vasticlsales\\\/\"}]}<\/script>\n<!-- \/ Yoast SEO plugin. -->","yoast_head_json":{"title":"Com in\u00edcio da reforma da UBS Lauro Dantas, usu\u00e1rios ser\u00e3o atendidos na UBS Jos\u00e9 Calumby - O Coerente","robots":{"index":"index","follow":"follow","max-snippet":"max-snippet:-1","max-image-preview":"max-image-preview:large","max-video-preview":"max-video-preview:-1"},"canonical":"https:\/\/ocoerente.com.br\/se\/2020\/06\/25\/com-inicio-da-reforma-da-ubs-lauro-dantas-usuarios-serao-atendidos-na-ubs-jose-calumby\/","og_locale":"pt_BR","og_type":"article","og_title":"Com in\u00edcio da reforma da UBS Lauro Dantas, usu\u00e1rios ser\u00e3o atendidos na UBS Jos\u00e9 Calumby - O Coerente","og_description":"Em continuidade ao cronograma de reformas e revitaliza\u00e7\u00f5es das Unidades B\u00e1sicas de Sa\u00fade da capital, a Prefeitura de Aracaju, por meio da Secretaria Municipal da Sa\u00fade, iniciou as obras de reforma na UBS Lauro Dantas, localizada no bairro Bugio. Sendo assim, para n\u00e3o deixar os usu\u00e1rios dessa unidade sem a assist\u00eancia devida, o acesso aos [&hellip;]","og_url":"https:\/\/ocoerente.com.br\/se\/2020\/06\/25\/com-inicio-da-reforma-da-ubs-lauro-dantas-usuarios-serao-atendidos-na-ubs-jose-calumby\/","og_site_name":"O Coerente","article_published_time":"2020-06-25T05:03:18+00:00","og_image":[{"width":1600,"height":777,"url":"https:\/\/ocoerente.com.br\/se\/wp-content\/uploads\/2020\/06\/reforma1.jpg","type":"image\/jpeg"}],"author":"Reda\u00e7\u00e3o","twitter_card":"summary_large_image","twitter_misc":{"Escrito por":"Reda\u00e7\u00e3o","Est. tempo de leitura":"2 minutos"},"schema":{"@context":"https:\/\/schema.org","@graph":[{"@type":"Article","@id":"https:\/\/ocoerente.com.br\/se\/2020\/06\/25\/com-inicio-da-reforma-da-ubs-lauro-dantas-usuarios-serao-atendidos-na-ubs-jose-calumby\/#article","isPartOf":{"@id":"https:\/\/ocoerente.com.br\/se\/2020\/06\/25\/com-inicio-da-reforma-da-ubs-lauro-dantas-usuarios-serao-atendidos-na-ubs-jose-calumby\/"},"author":{"name":"Reda\u00e7\u00e3o","@id":"https:\/\/ocoerente.com.br\/se\/#\/schema\/person\/cc6bfd9fbca465e23543b0c963d8d037"},"headline":"Com in\u00edcio da reforma da UBS Lauro Dantas, usu\u00e1rios ser\u00e3o atendidos na UBS Jos\u00e9 Calumby","datePublished":"2020-06-25T05:03:18+00:00","mainEntityOfPage":{"@id":"https:\/\/ocoerente.com.br\/se\/2020\/06\/25\/com-inicio-da-reforma-da-ubs-lauro-dantas-usuarios-serao-atendidos-na-ubs-jose-calumby\/"},"wordCount":383,"publisher":{"@id":"https:\/\/ocoerente.com.br\/se\/#\/schema\/person\/cc6bfd9fbca465e23543b0c963d8d037"},"image":{"@id":"https:\/\/ocoerente.com.br\/se\/2020\/06\/25\/com-inicio-da-reforma-da-ubs-lauro-dantas-usuarios-serao-atendidos-na-ubs-jose-calumby\/#primaryimage"},"thumbnailUrl":"https:\/\/ocoerente.com.br\/se\/wp-content\/uploads\/2020\/06\/reforma1.jpg","articleSection":["Destaques","Sergipe"],"inLanguage":"pt-BR"},{"@type":"WebPage","@id":"https:\/\/ocoerente.com.br\/se\/2020\/06\/25\/com-inicio-da-reforma-da-ubs-lauro-dantas-usuarios-serao-atendidos-na-ubs-jose-calumby\/","url":"https:\/\/ocoerente.com.br\/se\/2020\/06\/25\/com-inicio-da-reforma-da-ubs-lauro-dantas-usuarios-serao-atendidos-na-ubs-jose-calumby\/","name":"Com in\u00edcio da reforma da UBS Lauro Dantas, usu\u00e1rios ser\u00e3o atendidos na UBS Jos\u00e9 Calumby - O Coerente","isPartOf":{"@id":"https:\/\/ocoerente.com.br\/se\/#website"},"primaryImageOfPage":{"@id":"https:\/\/ocoerente.com.br\/se\/2020\/06\/25\/com-inicio-da-reforma-da-ubs-lauro-dantas-usuarios-serao-atendidos-na-ubs-jose-calumby\/#primaryimage"},"image":{"@id":"https:\/\/ocoerente.com.br\/se\/2020\/06\/25\/com-inicio-da-reforma-da-ubs-lauro-dantas-usuarios-serao-atendidos-na-ubs-jose-calumby\/#primaryimage"},"thumbnailUrl":"https:\/\/ocoerente.com.br\/se\/wp-content\/uploads\/2020\/06\/reforma1.jpg","datePublished":"2020-06-25T05:03:18+00:00","breadcrumb":{"@id":"https:\/\/ocoerente.com.br\/se\/2020\/06\/25\/com-inicio-da-reforma-da-ubs-lauro-dantas-usuarios-serao-atendidos-na-ubs-jose-calumby\/#breadcrumb"},"inLanguage":"pt-BR","potentialAction":[{"@type":"ReadAction","target":["https:\/\/ocoerente.com.br\/se\/2020\/06\/25\/com-inicio-da-reforma-da-ubs-lauro-dantas-usuarios-serao-atendidos-na-ubs-jose-calumby\/"]}]},{"@type":"ImageObject","inLanguage":"pt-BR","@id":"https:\/\/ocoerente.com.br\/se\/2020\/06\/25\/com-inicio-da-reforma-da-ubs-lauro-dantas-usuarios-serao-atendidos-na-ubs-jose-calumby\/#primaryimage","url":"https:\/\/ocoerente.com.br\/se\/wp-content\/uploads\/2020\/06\/reforma1.jpg","contentUrl":"https:\/\/ocoerente.com.br\/se\/wp-content\/uploads\/2020\/06\/reforma1.jpg","width":1600,"height":777},{"@type":"BreadcrumbList","@id":"https:\/\/ocoerente.com.br\/se\/2020\/06\/25\/com-inicio-da-reforma-da-ubs-lauro-dantas-usuarios-serao-atendidos-na-ubs-jose-calumby\/#breadcrumb","itemListElement":[{"@type":"ListItem","position":1,"name":"In\u00edcio","item":"https:\/\/ocoerente.com.br\/se\/"},{"@type":"ListItem","position":2,"name":"Com in\u00edcio da reforma da UBS Lauro Dantas, usu\u00e1rios ser\u00e3o atendidos na UBS Jos\u00e9 Calumby"}]},{"@type":"WebSite","@id":"https:\/\/ocoerente.com.br\/se\/#website","url":"https:\/\/ocoerente.com.br\/se\/","name":"O Coerente","description":"","publisher":{"@id":"https:\/\/ocoerente.com.br\/se\/#\/schema\/person\/cc6bfd9fbca465e23543b0c963d8d037"},"potentialAction":[{"@type":"SearchAction","target":{"@type":"EntryPoint","urlTemplate":"https:\/\/ocoerente.com.br\/se\/?s={search_term_string}"},"query-input":{"@type":"PropertyValueSpecification","valueRequired":true,"valueName":"search_term_string"}}],"inLanguage":"pt-BR"},{"@type":["Person","Organization"],"@id":"https:\/\/ocoerente.com.br\/se\/#\/schema\/person\/cc6bfd9fbca465e23543b0c963d8d037","name":"Reda\u00e7\u00e3o","image":{"@type":"ImageObject","inLanguage":"pt-BR","@id":"https:\/\/ocoerente.com.br\/se\/wp-content\/uploads\/2020\/01\/ocoerente-1.png","url":"https:\/\/ocoerente.com.br\/se\/wp-content\/uploads\/2020\/01\/ocoerente-1.png","contentUrl":"https:\/\/ocoerente.com.br\/se\/wp-content\/uploads\/2020\/01\/ocoerente-1.png","width":50,"height":50,"caption":"Reda\u00e7\u00e3o"},"logo":{"@id":"https:\/\/ocoerente.com.br\/se\/wp-content\/uploads\/2020\/01\/ocoerente-1.png"},"url":"https:\/\/ocoerente.com.br\/se\/author\/vasticlsales\/"}]}},"_links":{"self":[{"href":"https:\/\/ocoerente.com.br\/se\/wp-json\/wp\/v2\/posts\/1261","targetHints":{"allow":["GET"]}}],"collection":[{"href":"https:\/\/ocoerente.com.br\/se\/wp-json\/wp\/v2\/posts"}],"about":[{"href":"https:\/\/ocoerente.com.br\/se\/wp-json\/wp\/v2\/types\/post"}],"author":[{"embeddable":true,"href":"https:\/\/ocoerente.com.br\/se\/wp-json\/wp\/v2\/users\/1"}],"replies":[{"embeddable":true,"href":"https:\/\/ocoerente.com.br\/se\/wp-json\/wp\/v2\/comments?post=1261"}],"version-history":[{"count":1,"href":"https:\/\/ocoerente.com.br\/se\/wp-json\/wp\/v2\/posts\/1261\/revisions"}],"predecessor-version":[{"id":1263,"href":"https:\/\/ocoerente.com.br\/se\/wp-json\/wp\/v2\/posts\/1261\/revisions\/1263"}],"wp:featuredmedia":[{"embeddable":true,"href":"https:\/\/ocoerente.com.br\/se\/wp-json\/wp\/v2\/media\/1262"}],"wp:attachment":[{"href":"https:\/\/ocoerente.com.br\/se\/wp-json\/wp\/v2\/media?parent=1261"}],"wp:term":[{"taxonomy":"category","embeddable":true,"href":"https:\/\/ocoerente.com.br\/se\/wp-json\/wp\/v2\/categories?post=1261"},{"taxonomy":"post_tag","embeddable":true,"href":"https:\/\/ocoerente.com.br\/se\/wp-json\/wp\/v2\/tags?post=1261"}],"curies":[{"name":"wp","href":"https:\/\/api.w.org\/{rel}","templated":true}]}}