{"id":1258,"date":"2020-06-25T02:01:38","date_gmt":"2020-06-25T05:01:38","guid":{"rendered":"http:\/\/ocoerente.com.br\/se\/?p=1258"},"modified":"2020-06-25T02:01:38","modified_gmt":"2020-06-25T05:01:38","slug":"em-novo-decreto-prefeitura-de-aracaju-estabelece-1a-fase-da-reabertura-economica","status":"publish","type":"post","link":"https:\/\/ocoerente.com.br\/se\/2020\/06\/25\/em-novo-decreto-prefeitura-de-aracaju-estabelece-1a-fase-da-reabertura-economica\/","title":{"rendered":"Em novo decreto, Prefeitura de Aracaju estabelece 1\u00aa fase da reabertura econ\u00f4mica"},"content":{"rendered":"<p>A Prefeitura de Aracaju estabeleceu, na manh\u00e3 desta quarta-feira, 24, as novas medidas para o enfrentamento ao coronav\u00edrus na capital. O novo decreto, definido em mais uma reuni\u00e3o entre o prefeito Edvaldo Nogueira e os membros do Comit\u00ea de Opera\u00e7\u00f5es Emergenciais (COE), mant\u00e9m as determina\u00e7\u00f5es para o distanciamento social, ao mesmo tempo em que se adequa ao plano de retomada econ\u00f4mica, estabelecido pelo Governo do Estado, e cuja primeira fase se inicia na segunda-feira, 29.<\/p>\n<p>Continua em vigor a suspens\u00e3o do funcionamento de academias, teatros, cinemas, shoppings centers, casa de shows, bares, assim como a realiza\u00e7\u00e3o de eventos e atividades em parques, praias e demais \u00e1reas de lazer da cidade. O pacote de medidas tamb\u00e9m mant\u00e9m o uso obrigat\u00f3rio de m\u00e1scaras pela popula\u00e7\u00e3o em locais p\u00fablicos, a redu\u00e7\u00e3o da frota do transporte p\u00fablico e a suspens\u00e3o das aulas em toda a rede de ensino, at\u00e9 o dia 30 de junho. A frota de transporte p\u00fablico coletivo ser\u00e1 regulamentada pela Superintend\u00eancia Municipal de Transporte e Tr\u00e2nsito (SMTT), para atender a nova demanda de passageiros.<\/p>\n<p>Nesta primeira fase de flexibiliza\u00e7\u00e3o, definida como \u2018bandeira laranja\u2019, em conformidade com o decreto estadual, est\u00e3o autorizados a retornar \u00e0s atividades, a partir de 29 de junho, demais escrit\u00f3rios de prestadores de servi\u00e7os e servi\u00e7os em geral (publicidade e ag\u00eancias de viagem, entre outros); cl\u00ednicas e consult\u00f3rios de odontologia, fisioterapia, nutri\u00e7\u00e3o, psicologia, terapia ocupacional e podologia. Tamb\u00e9m est\u00e3o permitidos operadores tur\u00edsticos; atividades de treinamento de desporto profissional e alguns setores do com\u00e9rcio (cosm\u00e9ticos, perfumaria e higiene pessoal, material de escrit\u00f3rio e papelaria). Estacionamentos privados tamb\u00e9m voltar\u00e3o a funcionar na capital. Todos os estabelecimentos dever\u00e3o funcionar em hor\u00e1rio especial, das 9h \u00e0s 16h.<\/p>\n<p>\u201cDiscutimos mais uma vez o processo de reabertura da economia em nossa cidade, com base no decreto que foi emitido pelo Governo do Estado. Compatibilizando as determina\u00e7\u00f5es, estabelecemos que, a partir do dia 29, mais uma parcela dos setores poder\u00e3o retornar \u00e0s atividades, adotando todas as medidas de seguran\u00e7a e em hor\u00e1rio diferenciado, das 9h \u00e0s 16h. Todas as decis\u00f5es foram adotadas com base na ci\u00eancia, em estudos, e este \u00e9 mais um passo dentro do processo lento e gradual de retomada da economia\u201d, destacou Edvaldo.<\/p>\n<p><strong>Igrejas e sal\u00f5es de beleza<\/strong><\/p>\n<p>J\u00e1 a reabertura de barbearias, sal\u00f5es de beleza e templos religiosos, com 30% da capacidade, ser\u00e1 reavaliada no pr\u00f3ximo dia 30 pelo governo estadual, em virtude da baixa ades\u00e3o ao isolamento social (atualmente em 39,7%), dos \u00edndices elevados de casos confirmados de covid-19 e de ocupa\u00e7\u00e3o dos leitos de retaguarda e UTI\u2019s. A decis\u00e3o \u00e9 v\u00e1lida n\u00e3o somente para a capital, mas para todos os munic\u00edpios que comp\u00f5em a Grande Aracaju.<\/p>\n<p>\u201cEm Aracaju, pelo decreto estadual, alguns setores continuar\u00e3o fechados, em virtude do crescimento de casos, da ocupa\u00e7\u00e3o dos leitos de UTI, que est\u00e3o em 67% na rede p\u00fablica e 112% na rede privada, e tamb\u00e9m pelo baixo \u00edndice de isolamento na cidade. No pr\u00f3ximo dia 30, haver\u00e1 mais uma reuni\u00e3o e, com base em uma nova avalia\u00e7\u00e3o, ser\u00e1 definido se esses outros setores poder\u00e3o ou n\u00e3o retomar as atividades. Al\u00e9m disso, tamb\u00e9m autorizamos a reabertura dos estacionamentos privados \u201d, explicou o gestor.<\/p>\n<p>Desde o \u00faltimo dia 18 j\u00e1 estavam autorizados a funcionar escrit\u00f3rios de engenharia e arquitetura, concession\u00e1rias de ve\u00edculos, imobili\u00e1rias, com\u00e9rcio de eletrodom\u00e9sticos, eletr\u00f4nicos, comunica\u00e7\u00e3o, inform\u00e1tica, equipamentos de \u00e1udio e v\u00eddeo, al\u00e9m de lojas de m\u00f3veis e colch\u00f5es.<\/p>\n<p><strong>Apoio da popula\u00e7\u00e3o<\/strong><\/p>\n<p>Edvaldo voltou a pedir o apoio e compreens\u00e3o da popula\u00e7\u00e3o nesta nova etapa de enfrentamento ao coronav\u00edrus. \u201cTenho convic\u00e7\u00e3o de que estamos no caminho certo. Temos adotado todas as medidas com base em estudos cient\u00edficos e isso nos possibilita avan\u00e7ar nesse processo. Mas \u00e9 preciso destacar que, agora, mais do que nunca, precisamos contar com o apoio da popula\u00e7\u00e3o, que precisa compreender a import\u00e2ncia do seu papel, a sua responsabilidade. Pe\u00e7o aos aracajuanos que n\u00e3o saiam de casa se n\u00e3o for necess\u00e1rio, que continuem usando m\u00e1scaras, tomando os cuidados necess\u00e1rios\u201d, afirmou.<\/p>\n<p>O prefeito fez um alerta sobre a reabertura: \u201cEstamos iniciando esse processo de reabertura, mas o sucesso depender\u00e1 unicamente da sociedade. De todos n\u00f3s cumprirmos nossos pap\u00e9is, n\u00e3o precisaremos voltar atr\u00e1s nessa retomada. Essa \u00e9 a hora de darmos as m\u00e3os. J\u00e1 autorizamos a SMTT a regulamentar o transporte coletivo para que seja compat\u00edvel com a nova demanda, estamos adquirindo novos respiradores para ampliar os leitos de retaguarda, fortalecendo nosso atendimento aos pacientes infectados pelo coronav\u00edrus e seguimos trabalhando intensamente. Temos feito nossa parte, mas precisamos da colabora\u00e7\u00e3o de todos\u201d.<\/p>\n<p><strong>Aracaju Pela Vida<\/strong><\/p>\n<p>O in\u00edcio do \u201cAracaju pela Vida\u201d, programa de busca ativa que foi criado pela Prefeitura para acompanhamento dos pacientes tamb\u00e9m foi abordado tanto na reuni\u00e3o quanto nas entrevistas \u00e0 imprensa.<\/p>\n<p>\u201cLan\u00e7amos o projeto Aracaju pela Vida para que equipes m\u00e9dicas passem a visitar as pessoas. Essa medida foi pensada como forma de anteciparmos as a\u00e7\u00f5es, porque identificamos um n\u00famero expressivo de pacientes idosos sendo tratados em casa. Com isso, equipes compostas por diversos profissionais passam a fazer um acompanhamento desses pacientes em suas resid\u00eancias, avaliando os quadros cl\u00ednicos e, se necess\u00e1rio, encaminhando para os hospitais. \u00c9 um programa que nos colocar\u00e1 \u00e0 frente\u201d, enfatizou Edvaldo.<\/p>\n<p>At\u00e9 o momento, foram realizados 31 atendimentos nos bairros Centro e Soledade, locais em que se concentram os maiores n\u00fameros de casos pela divis\u00e3o de popula\u00e7\u00e3o territorial. Tamb\u00e9m foram feitos 14 testes e houve a regula\u00e7\u00e3o de um paciente para o hospital de Est\u00e2ncia.<\/p>\n<p>Participante do comit\u00ea, o professor da Universidade Federal de Sergipe, Paulo Martins, elogiou o programa. \u201cAcredito que ser\u00e1 um importante mecanismo de prote\u00e7\u00e3o das vidas e de acompanhamento dos pacientes, sobretudo os idosos\u201d, destacou.<\/p>\n<p>At\u00e9 esta ter\u00e7a-feira, 23, a capital sergipana registrou 11.782 casos confirmados e 216 \u00f3bitos. No momento, 290 pessoas est\u00e3o internadas nas redes p\u00fablica e privada, e 4. 704 pacientes est\u00e3o em isolamento domiciliar. H\u00e1, ainda, 99 casos sob investiga\u00e7\u00e3o de pacientes que est\u00e3o internados. Atualmente, a taxa de ocupa\u00e7\u00e3o dos leitos municipais de retaguarda \u00e9 de 84,7%.<\/p>\n<p>aracaju.se.gov.br<\/p>\n","protected":false},"excerpt":{"rendered":"<p>A Prefeitura de Aracaju estabeleceu, na manh\u00e3 desta quarta-feira, 24, as novas medidas para o enfrentamento ao coronav\u00edrus na capital. O novo decreto, definido em mais uma reuni\u00e3o entre o prefeito Edvaldo Nogueira e os membros do Comit\u00ea de Opera\u00e7\u00f5es Emergenciais (COE), mant\u00e9m as determina\u00e7\u00f5es para o distanciamento social, ao mesmo tempo em que se [&hellip;]<\/p>\n","protected":false},"author":1,"featured_media":1259,"comment_status":"closed","ping_status":"closed","sticky":false,"template":"","format":"standard","meta":{"footnotes":""},"categories":[53,43],"tags":[],"class_list":["post-1258","post","type-post","status-publish","format-standard","has-post-thumbnail","hentry","category-destaques","category-sergipe"],"yoast_head":"<!-- This site is optimized with the Yoast SEO plugin v27.5 - https:\/\/yoast.com\/product\/yoast-seo-wordpress\/ -->\n<title>Em novo decreto, Prefeitura de Aracaju estabelece 1\u00aa fase da reabertura econ\u00f4mica - O Coerente<\/title>\n<meta name=\"robots\" content=\"index, follow, max-snippet:-1, max-image-preview:large, max-video-preview:-1\" \/>\n<link rel=\"canonical\" href=\"https:\/\/ocoerente.com.br\/se\/2020\/06\/25\/em-novo-decreto-prefeitura-de-aracaju-estabelece-1a-fase-da-reabertura-economica\/\" \/>\n<meta property=\"og:locale\" content=\"pt_BR\" \/>\n<meta property=\"og:type\" content=\"article\" \/>\n<meta property=\"og:title\" content=\"Em novo decreto, Prefeitura de Aracaju estabelece 1\u00aa fase da reabertura econ\u00f4mica - O Coerente\" \/>\n<meta property=\"og:description\" content=\"A Prefeitura de Aracaju estabeleceu, na manh\u00e3 desta quarta-feira, 24, as novas medidas para o enfrentamento ao coronav\u00edrus na capital. O novo decreto, definido em mais uma reuni\u00e3o entre o prefeito Edvaldo Nogueira e os membros do Comit\u00ea de Opera\u00e7\u00f5es Emergenciais (COE), mant\u00e9m as determina\u00e7\u00f5es para o distanciamento social, ao mesmo tempo em que se [&hellip;]\" \/>\n<meta property=\"og:url\" content=\"https:\/\/ocoerente.com.br\/se\/2020\/06\/25\/em-novo-decreto-prefeitura-de-aracaju-estabelece-1a-fase-da-reabertura-economica\/\" \/>\n<meta property=\"og:site_name\" content=\"O Coerente\" \/>\n<meta property=\"article:published_time\" content=\"2020-06-25T05:01:38+00:00\" \/>\n<meta property=\"og:image\" content=\"https:\/\/ocoerente.com.br\/se\/wp-content\/uploads\/2020\/06\/alm4473.jpg\" \/>\n\t<meta property=\"og:image:width\" content=\"2422\" \/>\n\t<meta property=\"og:image:height\" content=\"1614\" \/>\n\t<meta property=\"og:image:type\" content=\"image\/jpeg\" \/>\n<meta name=\"author\" content=\"Reda\u00e7\u00e3o\" \/>\n<meta name=\"twitter:card\" content=\"summary_large_image\" \/>\n<meta name=\"twitter:label1\" content=\"Escrito por\" \/>\n\t<meta name=\"twitter:data1\" content=\"Reda\u00e7\u00e3o\" \/>\n\t<meta name=\"twitter:label2\" content=\"Est. tempo de leitura\" \/>\n\t<meta name=\"twitter:data2\" content=\"5 minutos\" \/>\n<script type=\"application\/ld+json\" class=\"yoast-schema-graph\">{\"@context\":\"https:\\\/\\\/schema.org\",\"@graph\":[{\"@type\":\"Article\",\"@id\":\"https:\\\/\\\/ocoerente.com.br\\\/se\\\/2020\\\/06\\\/25\\\/em-novo-decreto-prefeitura-de-aracaju-estabelece-1a-fase-da-reabertura-economica\\\/#article\",\"isPartOf\":{\"@id\":\"https:\\\/\\\/ocoerente.com.br\\\/se\\\/2020\\\/06\\\/25\\\/em-novo-decreto-prefeitura-de-aracaju-estabelece-1a-fase-da-reabertura-economica\\\/\"},\"author\":{\"name\":\"Reda\u00e7\u00e3o\",\"@id\":\"https:\\\/\\\/ocoerente.com.br\\\/se\\\/#\\\/schema\\\/person\\\/cc6bfd9fbca465e23543b0c963d8d037\"},\"headline\":\"Em novo decreto, Prefeitura de Aracaju estabelece 1\u00aa fase da reabertura econ\u00f4mica\",\"datePublished\":\"2020-06-25T05:01:38+00:00\",\"mainEntityOfPage\":{\"@id\":\"https:\\\/\\\/ocoerente.com.br\\\/se\\\/2020\\\/06\\\/25\\\/em-novo-decreto-prefeitura-de-aracaju-estabelece-1a-fase-da-reabertura-economica\\\/\"},\"wordCount\":1096,\"publisher\":{\"@id\":\"https:\\\/\\\/ocoerente.com.br\\\/se\\\/#\\\/schema\\\/person\\\/cc6bfd9fbca465e23543b0c963d8d037\"},\"image\":{\"@id\":\"https:\\\/\\\/ocoerente.com.br\\\/se\\\/2020\\\/06\\\/25\\\/em-novo-decreto-prefeitura-de-aracaju-estabelece-1a-fase-da-reabertura-economica\\\/#primaryimage\"},\"thumbnailUrl\":\"https:\\\/\\\/ocoerente.com.br\\\/se\\\/wp-content\\\/uploads\\\/2020\\\/06\\\/alm4473.jpg\",\"articleSection\":[\"Destaques\",\"Sergipe\"],\"inLanguage\":\"pt-BR\"},{\"@type\":\"WebPage\",\"@id\":\"https:\\\/\\\/ocoerente.com.br\\\/se\\\/2020\\\/06\\\/25\\\/em-novo-decreto-prefeitura-de-aracaju-estabelece-1a-fase-da-reabertura-economica\\\/\",\"url\":\"https:\\\/\\\/ocoerente.com.br\\\/se\\\/2020\\\/06\\\/25\\\/em-novo-decreto-prefeitura-de-aracaju-estabelece-1a-fase-da-reabertura-economica\\\/\",\"name\":\"Em novo decreto, Prefeitura de Aracaju estabelece 1\u00aa fase da reabertura econ\u00f4mica - O Coerente\",\"isPartOf\":{\"@id\":\"https:\\\/\\\/ocoerente.com.br\\\/se\\\/#website\"},\"primaryImageOfPage\":{\"@id\":\"https:\\\/\\\/ocoerente.com.br\\\/se\\\/2020\\\/06\\\/25\\\/em-novo-decreto-prefeitura-de-aracaju-estabelece-1a-fase-da-reabertura-economica\\\/#primaryimage\"},\"image\":{\"@id\":\"https:\\\/\\\/ocoerente.com.br\\\/se\\\/2020\\\/06\\\/25\\\/em-novo-decreto-prefeitura-de-aracaju-estabelece-1a-fase-da-reabertura-economica\\\/#primaryimage\"},\"thumbnailUrl\":\"https:\\\/\\\/ocoerente.com.br\\\/se\\\/wp-content\\\/uploads\\\/2020\\\/06\\\/alm4473.jpg\",\"datePublished\":\"2020-06-25T05:01:38+00:00\",\"breadcrumb\":{\"@id\":\"https:\\\/\\\/ocoerente.com.br\\\/se\\\/2020\\\/06\\\/25\\\/em-novo-decreto-prefeitura-de-aracaju-estabelece-1a-fase-da-reabertura-economica\\\/#breadcrumb\"},\"inLanguage\":\"pt-BR\",\"potentialAction\":[{\"@type\":\"ReadAction\",\"target\":[\"https:\\\/\\\/ocoerente.com.br\\\/se\\\/2020\\\/06\\\/25\\\/em-novo-decreto-prefeitura-de-aracaju-estabelece-1a-fase-da-reabertura-economica\\\/\"]}]},{\"@type\":\"ImageObject\",\"inLanguage\":\"pt-BR\",\"@id\":\"https:\\\/\\\/ocoerente.com.br\\\/se\\\/2020\\\/06\\\/25\\\/em-novo-decreto-prefeitura-de-aracaju-estabelece-1a-fase-da-reabertura-economica\\\/#primaryimage\",\"url\":\"https:\\\/\\\/ocoerente.com.br\\\/se\\\/wp-content\\\/uploads\\\/2020\\\/06\\\/alm4473.jpg\",\"contentUrl\":\"https:\\\/\\\/ocoerente.com.br\\\/se\\\/wp-content\\\/uploads\\\/2020\\\/06\\\/alm4473.jpg\",\"width\":2422,\"height\":1614},{\"@type\":\"BreadcrumbList\",\"@id\":\"https:\\\/\\\/ocoerente.com.br\\\/se\\\/2020\\\/06\\\/25\\\/em-novo-decreto-prefeitura-de-aracaju-estabelece-1a-fase-da-reabertura-economica\\\/#breadcrumb\",\"itemListElement\":[{\"@type\":\"ListItem\",\"position\":1,\"name\":\"In\u00edcio\",\"item\":\"https:\\\/\\\/ocoerente.com.br\\\/se\\\/\"},{\"@type\":\"ListItem\",\"position\":2,\"name\":\"Em novo decreto, Prefeitura de Aracaju estabelece 1\u00aa fase da reabertura econ\u00f4mica\"}]},{\"@type\":\"WebSite\",\"@id\":\"https:\\\/\\\/ocoerente.com.br\\\/se\\\/#website\",\"url\":\"https:\\\/\\\/ocoerente.com.br\\\/se\\\/\",\"name\":\"O Coerente\",\"description\":\"\",\"publisher\":{\"@id\":\"https:\\\/\\\/ocoerente.com.br\\\/se\\\/#\\\/schema\\\/person\\\/cc6bfd9fbca465e23543b0c963d8d037\"},\"potentialAction\":[{\"@type\":\"SearchAction\",\"target\":{\"@type\":\"EntryPoint\",\"urlTemplate\":\"https:\\\/\\\/ocoerente.com.br\\\/se\\\/?s={search_term_string}\"},\"query-input\":{\"@type\":\"PropertyValueSpecification\",\"valueRequired\":true,\"valueName\":\"search_term_string\"}}],\"inLanguage\":\"pt-BR\"},{\"@type\":[\"Person\",\"Organization\"],\"@id\":\"https:\\\/\\\/ocoerente.com.br\\\/se\\\/#\\\/schema\\\/person\\\/cc6bfd9fbca465e23543b0c963d8d037\",\"name\":\"Reda\u00e7\u00e3o\",\"image\":{\"@type\":\"ImageObject\",\"inLanguage\":\"pt-BR\",\"@id\":\"https:\\\/\\\/ocoerente.com.br\\\/se\\\/wp-content\\\/uploads\\\/2020\\\/01\\\/ocoerente-1.png\",\"url\":\"https:\\\/\\\/ocoerente.com.br\\\/se\\\/wp-content\\\/uploads\\\/2020\\\/01\\\/ocoerente-1.png\",\"contentUrl\":\"https:\\\/\\\/ocoerente.com.br\\\/se\\\/wp-content\\\/uploads\\\/2020\\\/01\\\/ocoerente-1.png\",\"width\":50,\"height\":50,\"caption\":\"Reda\u00e7\u00e3o\"},\"logo\":{\"@id\":\"https:\\\/\\\/ocoerente.com.br\\\/se\\\/wp-content\\\/uploads\\\/2020\\\/01\\\/ocoerente-1.png\"},\"url\":\"https:\\\/\\\/ocoerente.com.br\\\/se\\\/author\\\/vasticlsales\\\/\"}]}<\/script>\n<!-- \/ Yoast SEO plugin. -->","yoast_head_json":{"title":"Em novo decreto, Prefeitura de Aracaju estabelece 1\u00aa fase da reabertura econ\u00f4mica - O Coerente","robots":{"index":"index","follow":"follow","max-snippet":"max-snippet:-1","max-image-preview":"max-image-preview:large","max-video-preview":"max-video-preview:-1"},"canonical":"https:\/\/ocoerente.com.br\/se\/2020\/06\/25\/em-novo-decreto-prefeitura-de-aracaju-estabelece-1a-fase-da-reabertura-economica\/","og_locale":"pt_BR","og_type":"article","og_title":"Em novo decreto, Prefeitura de Aracaju estabelece 1\u00aa fase da reabertura econ\u00f4mica - O Coerente","og_description":"A Prefeitura de Aracaju estabeleceu, na manh\u00e3 desta quarta-feira, 24, as novas medidas para o enfrentamento ao coronav\u00edrus na capital. O novo decreto, definido em mais uma reuni\u00e3o entre o prefeito Edvaldo Nogueira e os membros do Comit\u00ea de Opera\u00e7\u00f5es Emergenciais (COE), mant\u00e9m as determina\u00e7\u00f5es para o distanciamento social, ao mesmo tempo em que se [&hellip;]","og_url":"https:\/\/ocoerente.com.br\/se\/2020\/06\/25\/em-novo-decreto-prefeitura-de-aracaju-estabelece-1a-fase-da-reabertura-economica\/","og_site_name":"O Coerente","article_published_time":"2020-06-25T05:01:38+00:00","og_image":[{"width":2422,"height":1614,"url":"https:\/\/ocoerente.com.br\/se\/wp-content\/uploads\/2020\/06\/alm4473.jpg","type":"image\/jpeg"}],"author":"Reda\u00e7\u00e3o","twitter_card":"summary_large_image","twitter_misc":{"Escrito por":"Reda\u00e7\u00e3o","Est. tempo de leitura":"5 minutos"},"schema":{"@context":"https:\/\/schema.org","@graph":[{"@type":"Article","@id":"https:\/\/ocoerente.com.br\/se\/2020\/06\/25\/em-novo-decreto-prefeitura-de-aracaju-estabelece-1a-fase-da-reabertura-economica\/#article","isPartOf":{"@id":"https:\/\/ocoerente.com.br\/se\/2020\/06\/25\/em-novo-decreto-prefeitura-de-aracaju-estabelece-1a-fase-da-reabertura-economica\/"},"author":{"name":"Reda\u00e7\u00e3o","@id":"https:\/\/ocoerente.com.br\/se\/#\/schema\/person\/cc6bfd9fbca465e23543b0c963d8d037"},"headline":"Em novo decreto, Prefeitura de Aracaju estabelece 1\u00aa fase da reabertura econ\u00f4mica","datePublished":"2020-06-25T05:01:38+00:00","mainEntityOfPage":{"@id":"https:\/\/ocoerente.com.br\/se\/2020\/06\/25\/em-novo-decreto-prefeitura-de-aracaju-estabelece-1a-fase-da-reabertura-economica\/"},"wordCount":1096,"publisher":{"@id":"https:\/\/ocoerente.com.br\/se\/#\/schema\/person\/cc6bfd9fbca465e23543b0c963d8d037"},"image":{"@id":"https:\/\/ocoerente.com.br\/se\/2020\/06\/25\/em-novo-decreto-prefeitura-de-aracaju-estabelece-1a-fase-da-reabertura-economica\/#primaryimage"},"thumbnailUrl":"https:\/\/ocoerente.com.br\/se\/wp-content\/uploads\/2020\/06\/alm4473.jpg","articleSection":["Destaques","Sergipe"],"inLanguage":"pt-BR"},{"@type":"WebPage","@id":"https:\/\/ocoerente.com.br\/se\/2020\/06\/25\/em-novo-decreto-prefeitura-de-aracaju-estabelece-1a-fase-da-reabertura-economica\/","url":"https:\/\/ocoerente.com.br\/se\/2020\/06\/25\/em-novo-decreto-prefeitura-de-aracaju-estabelece-1a-fase-da-reabertura-economica\/","name":"Em novo decreto, Prefeitura de Aracaju estabelece 1\u00aa fase da reabertura econ\u00f4mica - O Coerente","isPartOf":{"@id":"https:\/\/ocoerente.com.br\/se\/#website"},"primaryImageOfPage":{"@id":"https:\/\/ocoerente.com.br\/se\/2020\/06\/25\/em-novo-decreto-prefeitura-de-aracaju-estabelece-1a-fase-da-reabertura-economica\/#primaryimage"},"image":{"@id":"https:\/\/ocoerente.com.br\/se\/2020\/06\/25\/em-novo-decreto-prefeitura-de-aracaju-estabelece-1a-fase-da-reabertura-economica\/#primaryimage"},"thumbnailUrl":"https:\/\/ocoerente.com.br\/se\/wp-content\/uploads\/2020\/06\/alm4473.jpg","datePublished":"2020-06-25T05:01:38+00:00","breadcrumb":{"@id":"https:\/\/ocoerente.com.br\/se\/2020\/06\/25\/em-novo-decreto-prefeitura-de-aracaju-estabelece-1a-fase-da-reabertura-economica\/#breadcrumb"},"inLanguage":"pt-BR","potentialAction":[{"@type":"ReadAction","target":["https:\/\/ocoerente.com.br\/se\/2020\/06\/25\/em-novo-decreto-prefeitura-de-aracaju-estabelece-1a-fase-da-reabertura-economica\/"]}]},{"@type":"ImageObject","inLanguage":"pt-BR","@id":"https:\/\/ocoerente.com.br\/se\/2020\/06\/25\/em-novo-decreto-prefeitura-de-aracaju-estabelece-1a-fase-da-reabertura-economica\/#primaryimage","url":"https:\/\/ocoerente.com.br\/se\/wp-content\/uploads\/2020\/06\/alm4473.jpg","contentUrl":"https:\/\/ocoerente.com.br\/se\/wp-content\/uploads\/2020\/06\/alm4473.jpg","width":2422,"height":1614},{"@type":"BreadcrumbList","@id":"https:\/\/ocoerente.com.br\/se\/2020\/06\/25\/em-novo-decreto-prefeitura-de-aracaju-estabelece-1a-fase-da-reabertura-economica\/#breadcrumb","itemListElement":[{"@type":"ListItem","position":1,"name":"In\u00edcio","item":"https:\/\/ocoerente.com.br\/se\/"},{"@type":"ListItem","position":2,"name":"Em novo decreto, Prefeitura de Aracaju estabelece 1\u00aa fase da reabertura econ\u00f4mica"}]},{"@type":"WebSite","@id":"https:\/\/ocoerente.com.br\/se\/#website","url":"https:\/\/ocoerente.com.br\/se\/","name":"O Coerente","description":"","publisher":{"@id":"https:\/\/ocoerente.com.br\/se\/#\/schema\/person\/cc6bfd9fbca465e23543b0c963d8d037"},"potentialAction":[{"@type":"SearchAction","target":{"@type":"EntryPoint","urlTemplate":"https:\/\/ocoerente.com.br\/se\/?s={search_term_string}"},"query-input":{"@type":"PropertyValueSpecification","valueRequired":true,"valueName":"search_term_string"}}],"inLanguage":"pt-BR"},{"@type":["Person","Organization"],"@id":"https:\/\/ocoerente.com.br\/se\/#\/schema\/person\/cc6bfd9fbca465e23543b0c963d8d037","name":"Reda\u00e7\u00e3o","image":{"@type":"ImageObject","inLanguage":"pt-BR","@id":"https:\/\/ocoerente.com.br\/se\/wp-content\/uploads\/2020\/01\/ocoerente-1.png","url":"https:\/\/ocoerente.com.br\/se\/wp-content\/uploads\/2020\/01\/ocoerente-1.png","contentUrl":"https:\/\/ocoerente.com.br\/se\/wp-content\/uploads\/2020\/01\/ocoerente-1.png","width":50,"height":50,"caption":"Reda\u00e7\u00e3o"},"logo":{"@id":"https:\/\/ocoerente.com.br\/se\/wp-content\/uploads\/2020\/01\/ocoerente-1.png"},"url":"https:\/\/ocoerente.com.br\/se\/author\/vasticlsales\/"}]}},"_links":{"self":[{"href":"https:\/\/ocoerente.com.br\/se\/wp-json\/wp\/v2\/posts\/1258","targetHints":{"allow":["GET"]}}],"collection":[{"href":"https:\/\/ocoerente.com.br\/se\/wp-json\/wp\/v2\/posts"}],"about":[{"href":"https:\/\/ocoerente.com.br\/se\/wp-json\/wp\/v2\/types\/post"}],"author":[{"embeddable":true,"href":"https:\/\/ocoerente.com.br\/se\/wp-json\/wp\/v2\/users\/1"}],"replies":[{"embeddable":true,"href":"https:\/\/ocoerente.com.br\/se\/wp-json\/wp\/v2\/comments?post=1258"}],"version-history":[{"count":1,"href":"https:\/\/ocoerente.com.br\/se\/wp-json\/wp\/v2\/posts\/1258\/revisions"}],"predecessor-version":[{"id":1260,"href":"https:\/\/ocoerente.com.br\/se\/wp-json\/wp\/v2\/posts\/1258\/revisions\/1260"}],"wp:featuredmedia":[{"embeddable":true,"href":"https:\/\/ocoerente.com.br\/se\/wp-json\/wp\/v2\/media\/1259"}],"wp:attachment":[{"href":"https:\/\/ocoerente.com.br\/se\/wp-json\/wp\/v2\/media?parent=1258"}],"wp:term":[{"taxonomy":"category","embeddable":true,"href":"https:\/\/ocoerente.com.br\/se\/wp-json\/wp\/v2\/categories?post=1258"},{"taxonomy":"post_tag","embeddable":true,"href":"https:\/\/ocoerente.com.br\/se\/wp-json\/wp\/v2\/tags?post=1258"}],"curies":[{"name":"wp","href":"https:\/\/api.w.org\/{rel}","templated":true}]}}