{"id":1254,"date":"2020-06-25T01:59:17","date_gmt":"2020-06-25T04:59:17","guid":{"rendered":"http:\/\/ocoerente.com.br\/se\/?p=1254"},"modified":"2020-06-25T01:59:54","modified_gmt":"2020-06-25T04:59:54","slug":"vereador-cabo-didi-pede-construcao-de-caixa-dagua-na-regiao-do-bairro-soledade-face-as-constantes-faltas-de-agua-que-e-de-fundamental-importancia-para-lavar-as-maos-e-se-prevenir-contra-a-covid-19","status":"publish","type":"post","link":"https:\/\/ocoerente.com.br\/se\/2020\/06\/25\/vereador-cabo-didi-pede-construcao-de-caixa-dagua-na-regiao-do-bairro-soledade-face-as-constantes-faltas-de-agua-que-e-de-fundamental-importancia-para-lavar-as-maos-e-se-prevenir-contra-a-covid-19\/","title":{"rendered":"Vereador Cabo Didi pede constru\u00e7\u00e3o de caixa d&#8217;\u00e1gua na regi\u00e3o do bairro Soledade, face as constantes faltas de \u00e1gua, que \u00e9 de fundamental import\u00e2ncia para lavar as m\u00e3os e se prevenir contra a Covid-19"},"content":{"rendered":"<div>De acordo com recomenda\u00e7\u00f5es da Organiza\u00e7\u00e3o Mundial da Sa\u00fade (OMS), diante da pandemia que tomou conta do mundo, uma das medidas de prote\u00e7\u00e3o \u00e9 a higieniza\u00e7\u00e3o de ambientes e levar sempre as m\u00e3os com \u00e1gua e sab\u00e3o para evitar a contamina\u00e7\u00e3o pela Covid-19.<\/div>\n<div><\/div>\n<div>Embora pare\u00e7a simples, muitas fam\u00edlias de diversos bairros de Aracaju\/SE n\u00e3o t\u00eam conseguido enfrentar essa batalha por uma raz\u00e3o que ainda acontece nos tempos de hoje: a falta de \u00e1gua. Uma das localidades que mais t\u00eam sofrido \u00e9 a do bairro Soledade. Moradores pediram ajuda ao vereador Cabo Didi (PSC) que, depois de entender o problema, esteve em reuni\u00e3o na Companhia de Saneamento de Sergipe (DESO), e logo depois na Empresa Municipal de Obras e Urbaniza\u00e7\u00e3o (EMURB), para protocolar o pedido de constru\u00e7\u00e3o de uma caixa d&#8217;\u00e1gua na regi\u00e3o para melhorar a vida das pessoas.<\/div>\n<div><\/div>\n<div>Cabo Didi lembrou as recomenda\u00e7\u00f5es feitas pelas Secretarias de Sa\u00fade do Estado e Munic\u00edpio, que na pr\u00e1tica quase n\u00e3o acontece. &#8220;O ato de lavar as m\u00e3os \u00e9 apresentado como uma alternativa eficaz na preven\u00e7\u00e3o de infec\u00e7\u00f5es graves, impedindo o risco de transmiss\u00f5es. Mas, como a popula\u00e7\u00e3o pode evitar esse v\u00edrus\u00a0 que j\u00e1 matou quase 500 pessoas aqui no estado, sem nem ter \u00e1gua em casa? Sem \u00e1gua o risco de contamina\u00e7\u00e3o multiplica. Precisamos tomar provid\u00eancia o mais r\u00e1pido poss\u00edvel para que os moradores da Soledade possam ter caixa d&#8217;\u00e1gua e estrutura de limpeza para evitar o Coronav\u00edrus que se alastra em nossa cidade. N\u00e3o \u00e9 apenas falta de \u00e1gua, nesse caso j\u00e1 \u00e9 uma situa\u00e7\u00e3o de sa\u00fade p\u00fablica&#8221;, chamou aten\u00e7\u00e3o para a grave situa\u00e7\u00e3o enfrentada pela popula\u00e7\u00e3o, o Cabo Didi.<\/div>\n<div><\/div>\n<div>CaboDidi<\/div>\n","protected":false},"excerpt":{"rendered":"<p>De acordo com recomenda\u00e7\u00f5es da Organiza\u00e7\u00e3o Mundial da Sa\u00fade (OMS), diante da pandemia que tomou conta do mundo, uma das medidas de prote\u00e7\u00e3o \u00e9 a higieniza\u00e7\u00e3o de ambientes e levar sempre as m\u00e3os com \u00e1gua e sab\u00e3o para evitar a contamina\u00e7\u00e3o pela Covid-19. Embora pare\u00e7a simples, muitas fam\u00edlias de diversos bairros de Aracaju\/SE n\u00e3o t\u00eam [&hellip;]<\/p>\n","protected":false},"author":1,"featured_media":1255,"comment_status":"closed","ping_status":"closed","sticky":false,"template":"","format":"standard","meta":{"footnotes":""},"categories":[53,54],"tags":[],"class_list":["post-1254","post","type-post","status-publish","format-standard","has-post-thumbnail","hentry","category-destaques","category-saude"],"yoast_head":"<!-- This site is optimized with the Yoast SEO plugin v27.5 - https:\/\/yoast.com\/product\/yoast-seo-wordpress\/ -->\n<title>Vereador Cabo Didi pede constru\u00e7\u00e3o de caixa d&#039;\u00e1gua na regi\u00e3o do bairro Soledade, face as constantes faltas de \u00e1gua, que \u00e9 de fundamental import\u00e2ncia para lavar as m\u00e3os e se prevenir contra a Covid-19 - O Coerente<\/title>\n<meta name=\"robots\" content=\"index, follow, max-snippet:-1, max-image-preview:large, max-video-preview:-1\" \/>\n<link rel=\"canonical\" href=\"https:\/\/ocoerente.com.br\/se\/2020\/06\/25\/vereador-cabo-didi-pede-construcao-de-caixa-dagua-na-regiao-do-bairro-soledade-face-as-constantes-faltas-de-agua-que-e-de-fundamental-importancia-para-lavar-as-maos-e-se-prevenir-contra-a-covid-19\/\" \/>\n<meta property=\"og:locale\" content=\"pt_BR\" \/>\n<meta property=\"og:type\" content=\"article\" \/>\n<meta property=\"og:title\" content=\"Vereador Cabo Didi pede constru\u00e7\u00e3o de caixa d&#039;\u00e1gua na regi\u00e3o do bairro Soledade, face as constantes faltas de \u00e1gua, que \u00e9 de fundamental import\u00e2ncia para lavar as m\u00e3os e se prevenir contra a Covid-19 - O Coerente\" \/>\n<meta property=\"og:description\" content=\"De acordo com recomenda\u00e7\u00f5es da Organiza\u00e7\u00e3o Mundial da Sa\u00fade (OMS), diante da pandemia que tomou conta do mundo, uma das medidas de prote\u00e7\u00e3o \u00e9 a higieniza\u00e7\u00e3o de ambientes e levar sempre as m\u00e3os com \u00e1gua e sab\u00e3o para evitar a contamina\u00e7\u00e3o pela Covid-19. Embora pare\u00e7a simples, muitas fam\u00edlias de diversos bairros de Aracaju\/SE n\u00e3o t\u00eam [&hellip;]\" \/>\n<meta property=\"og:url\" content=\"https:\/\/ocoerente.com.br\/se\/2020\/06\/25\/vereador-cabo-didi-pede-construcao-de-caixa-dagua-na-regiao-do-bairro-soledade-face-as-constantes-faltas-de-agua-que-e-de-fundamental-importancia-para-lavar-as-maos-e-se-prevenir-contra-a-covid-19\/\" \/>\n<meta property=\"og:site_name\" content=\"O Coerente\" \/>\n<meta property=\"article:published_time\" content=\"2020-06-25T04:59:17+00:00\" \/>\n<meta property=\"article:modified_time\" content=\"2020-06-25T04:59:54+00:00\" \/>\n<meta property=\"og:image\" content=\"https:\/\/ocoerente.com.br\/se\/wp-content\/uploads\/2020\/06\/1.jpg\" \/>\n\t<meta property=\"og:image:width\" content=\"1280\" \/>\n\t<meta property=\"og:image:height\" content=\"1038\" \/>\n\t<meta property=\"og:image:type\" content=\"image\/jpeg\" \/>\n<meta name=\"author\" content=\"Reda\u00e7\u00e3o\" \/>\n<meta name=\"twitter:card\" content=\"summary_large_image\" \/>\n<meta name=\"twitter:label1\" content=\"Escrito por\" \/>\n\t<meta name=\"twitter:data1\" content=\"Reda\u00e7\u00e3o\" \/>\n\t<meta name=\"twitter:label2\" content=\"Est. tempo de leitura\" \/>\n\t<meta name=\"twitter:data2\" content=\"2 minutos\" \/>\n<script type=\"application\/ld+json\" class=\"yoast-schema-graph\">{\"@context\":\"https:\\\/\\\/schema.org\",\"@graph\":[{\"@type\":\"Article\",\"@id\":\"https:\\\/\\\/ocoerente.com.br\\\/se\\\/2020\\\/06\\\/25\\\/vereador-cabo-didi-pede-construcao-de-caixa-dagua-na-regiao-do-bairro-soledade-face-as-constantes-faltas-de-agua-que-e-de-fundamental-importancia-para-lavar-as-maos-e-se-prevenir-contra-a-covid-19\\\/#article\",\"isPartOf\":{\"@id\":\"https:\\\/\\\/ocoerente.com.br\\\/se\\\/2020\\\/06\\\/25\\\/vereador-cabo-didi-pede-construcao-de-caixa-dagua-na-regiao-do-bairro-soledade-face-as-constantes-faltas-de-agua-que-e-de-fundamental-importancia-para-lavar-as-maos-e-se-prevenir-contra-a-covid-19\\\/\"},\"author\":{\"name\":\"Reda\u00e7\u00e3o\",\"@id\":\"https:\\\/\\\/ocoerente.com.br\\\/se\\\/#\\\/schema\\\/person\\\/cc6bfd9fbca465e23543b0c963d8d037\"},\"headline\":\"Vereador Cabo Didi pede constru\u00e7\u00e3o de caixa d&#8217;\u00e1gua na regi\u00e3o do bairro Soledade, face as constantes faltas de \u00e1gua, que \u00e9 de fundamental import\u00e2ncia para lavar as m\u00e3os e se prevenir contra a Covid-19\",\"datePublished\":\"2020-06-25T04:59:17+00:00\",\"dateModified\":\"2020-06-25T04:59:54+00:00\",\"mainEntityOfPage\":{\"@id\":\"https:\\\/\\\/ocoerente.com.br\\\/se\\\/2020\\\/06\\\/25\\\/vereador-cabo-didi-pede-construcao-de-caixa-dagua-na-regiao-do-bairro-soledade-face-as-constantes-faltas-de-agua-que-e-de-fundamental-importancia-para-lavar-as-maos-e-se-prevenir-contra-a-covid-19\\\/\"},\"wordCount\":345,\"publisher\":{\"@id\":\"https:\\\/\\\/ocoerente.com.br\\\/se\\\/#\\\/schema\\\/person\\\/cc6bfd9fbca465e23543b0c963d8d037\"},\"image\":{\"@id\":\"https:\\\/\\\/ocoerente.com.br\\\/se\\\/2020\\\/06\\\/25\\\/vereador-cabo-didi-pede-construcao-de-caixa-dagua-na-regiao-do-bairro-soledade-face-as-constantes-faltas-de-agua-que-e-de-fundamental-importancia-para-lavar-as-maos-e-se-prevenir-contra-a-covid-19\\\/#primaryimage\"},\"thumbnailUrl\":\"https:\\\/\\\/ocoerente.com.br\\\/se\\\/wp-content\\\/uploads\\\/2020\\\/06\\\/1.jpg\",\"articleSection\":[\"Destaques\",\"Sa\u00fade\"],\"inLanguage\":\"pt-BR\"},{\"@type\":\"WebPage\",\"@id\":\"https:\\\/\\\/ocoerente.com.br\\\/se\\\/2020\\\/06\\\/25\\\/vereador-cabo-didi-pede-construcao-de-caixa-dagua-na-regiao-do-bairro-soledade-face-as-constantes-faltas-de-agua-que-e-de-fundamental-importancia-para-lavar-as-maos-e-se-prevenir-contra-a-covid-19\\\/\",\"url\":\"https:\\\/\\\/ocoerente.com.br\\\/se\\\/2020\\\/06\\\/25\\\/vereador-cabo-didi-pede-construcao-de-caixa-dagua-na-regiao-do-bairro-soledade-face-as-constantes-faltas-de-agua-que-e-de-fundamental-importancia-para-lavar-as-maos-e-se-prevenir-contra-a-covid-19\\\/\",\"name\":\"Vereador Cabo Didi pede constru\u00e7\u00e3o de caixa d'\u00e1gua na regi\u00e3o do bairro Soledade, face as constantes faltas de \u00e1gua, que \u00e9 de fundamental import\u00e2ncia para lavar as m\u00e3os e se prevenir contra a Covid-19 - O Coerente\",\"isPartOf\":{\"@id\":\"https:\\\/\\\/ocoerente.com.br\\\/se\\\/#website\"},\"primaryImageOfPage\":{\"@id\":\"https:\\\/\\\/ocoerente.com.br\\\/se\\\/2020\\\/06\\\/25\\\/vereador-cabo-didi-pede-construcao-de-caixa-dagua-na-regiao-do-bairro-soledade-face-as-constantes-faltas-de-agua-que-e-de-fundamental-importancia-para-lavar-as-maos-e-se-prevenir-contra-a-covid-19\\\/#primaryimage\"},\"image\":{\"@id\":\"https:\\\/\\\/ocoerente.com.br\\\/se\\\/2020\\\/06\\\/25\\\/vereador-cabo-didi-pede-construcao-de-caixa-dagua-na-regiao-do-bairro-soledade-face-as-constantes-faltas-de-agua-que-e-de-fundamental-importancia-para-lavar-as-maos-e-se-prevenir-contra-a-covid-19\\\/#primaryimage\"},\"thumbnailUrl\":\"https:\\\/\\\/ocoerente.com.br\\\/se\\\/wp-content\\\/uploads\\\/2020\\\/06\\\/1.jpg\",\"datePublished\":\"2020-06-25T04:59:17+00:00\",\"dateModified\":\"2020-06-25T04:59:54+00:00\",\"breadcrumb\":{\"@id\":\"https:\\\/\\\/ocoerente.com.br\\\/se\\\/2020\\\/06\\\/25\\\/vereador-cabo-didi-pede-construcao-de-caixa-dagua-na-regiao-do-bairro-soledade-face-as-constantes-faltas-de-agua-que-e-de-fundamental-importancia-para-lavar-as-maos-e-se-prevenir-contra-a-covid-19\\\/#breadcrumb\"},\"inLanguage\":\"pt-BR\",\"potentialAction\":[{\"@type\":\"ReadAction\",\"target\":[\"https:\\\/\\\/ocoerente.com.br\\\/se\\\/2020\\\/06\\\/25\\\/vereador-cabo-didi-pede-construcao-de-caixa-dagua-na-regiao-do-bairro-soledade-face-as-constantes-faltas-de-agua-que-e-de-fundamental-importancia-para-lavar-as-maos-e-se-prevenir-contra-a-covid-19\\\/\"]}]},{\"@type\":\"ImageObject\",\"inLanguage\":\"pt-BR\",\"@id\":\"https:\\\/\\\/ocoerente.com.br\\\/se\\\/2020\\\/06\\\/25\\\/vereador-cabo-didi-pede-construcao-de-caixa-dagua-na-regiao-do-bairro-soledade-face-as-constantes-faltas-de-agua-que-e-de-fundamental-importancia-para-lavar-as-maos-e-se-prevenir-contra-a-covid-19\\\/#primaryimage\",\"url\":\"https:\\\/\\\/ocoerente.com.br\\\/se\\\/wp-content\\\/uploads\\\/2020\\\/06\\\/1.jpg\",\"contentUrl\":\"https:\\\/\\\/ocoerente.com.br\\\/se\\\/wp-content\\\/uploads\\\/2020\\\/06\\\/1.jpg\",\"width\":1280,\"height\":1038},{\"@type\":\"BreadcrumbList\",\"@id\":\"https:\\\/\\\/ocoerente.com.br\\\/se\\\/2020\\\/06\\\/25\\\/vereador-cabo-didi-pede-construcao-de-caixa-dagua-na-regiao-do-bairro-soledade-face-as-constantes-faltas-de-agua-que-e-de-fundamental-importancia-para-lavar-as-maos-e-se-prevenir-contra-a-covid-19\\\/#breadcrumb\",\"itemListElement\":[{\"@type\":\"ListItem\",\"position\":1,\"name\":\"In\u00edcio\",\"item\":\"https:\\\/\\\/ocoerente.com.br\\\/se\\\/\"},{\"@type\":\"ListItem\",\"position\":2,\"name\":\"Vereador Cabo Didi pede constru\u00e7\u00e3o de caixa d&#8217;\u00e1gua na regi\u00e3o do bairro Soledade, face as constantes faltas de \u00e1gua, que \u00e9 de fundamental import\u00e2ncia para lavar as m\u00e3os e se prevenir contra a Covid-19\"}]},{\"@type\":\"WebSite\",\"@id\":\"https:\\\/\\\/ocoerente.com.br\\\/se\\\/#website\",\"url\":\"https:\\\/\\\/ocoerente.com.br\\\/se\\\/\",\"name\":\"O Coerente\",\"description\":\"\",\"publisher\":{\"@id\":\"https:\\\/\\\/ocoerente.com.br\\\/se\\\/#\\\/schema\\\/person\\\/cc6bfd9fbca465e23543b0c963d8d037\"},\"potentialAction\":[{\"@type\":\"SearchAction\",\"target\":{\"@type\":\"EntryPoint\",\"urlTemplate\":\"https:\\\/\\\/ocoerente.com.br\\\/se\\\/?s={search_term_string}\"},\"query-input\":{\"@type\":\"PropertyValueSpecification\",\"valueRequired\":true,\"valueName\":\"search_term_string\"}}],\"inLanguage\":\"pt-BR\"},{\"@type\":[\"Person\",\"Organization\"],\"@id\":\"https:\\\/\\\/ocoerente.com.br\\\/se\\\/#\\\/schema\\\/person\\\/cc6bfd9fbca465e23543b0c963d8d037\",\"name\":\"Reda\u00e7\u00e3o\",\"image\":{\"@type\":\"ImageObject\",\"inLanguage\":\"pt-BR\",\"@id\":\"https:\\\/\\\/ocoerente.com.br\\\/se\\\/wp-content\\\/uploads\\\/2020\\\/01\\\/ocoerente-1.png\",\"url\":\"https:\\\/\\\/ocoerente.com.br\\\/se\\\/wp-content\\\/uploads\\\/2020\\\/01\\\/ocoerente-1.png\",\"contentUrl\":\"https:\\\/\\\/ocoerente.com.br\\\/se\\\/wp-content\\\/uploads\\\/2020\\\/01\\\/ocoerente-1.png\",\"width\":50,\"height\":50,\"caption\":\"Reda\u00e7\u00e3o\"},\"logo\":{\"@id\":\"https:\\\/\\\/ocoerente.com.br\\\/se\\\/wp-content\\\/uploads\\\/2020\\\/01\\\/ocoerente-1.png\"},\"url\":\"https:\\\/\\\/ocoerente.com.br\\\/se\\\/author\\\/vasticlsales\\\/\"}]}<\/script>\n<!-- \/ Yoast SEO plugin. -->","yoast_head_json":{"title":"Vereador Cabo Didi pede constru\u00e7\u00e3o de caixa d'\u00e1gua na regi\u00e3o do bairro Soledade, face as constantes faltas de \u00e1gua, que \u00e9 de fundamental import\u00e2ncia para lavar as m\u00e3os e se prevenir contra a Covid-19 - O Coerente","robots":{"index":"index","follow":"follow","max-snippet":"max-snippet:-1","max-image-preview":"max-image-preview:large","max-video-preview":"max-video-preview:-1"},"canonical":"https:\/\/ocoerente.com.br\/se\/2020\/06\/25\/vereador-cabo-didi-pede-construcao-de-caixa-dagua-na-regiao-do-bairro-soledade-face-as-constantes-faltas-de-agua-que-e-de-fundamental-importancia-para-lavar-as-maos-e-se-prevenir-contra-a-covid-19\/","og_locale":"pt_BR","og_type":"article","og_title":"Vereador Cabo Didi pede constru\u00e7\u00e3o de caixa d'\u00e1gua na regi\u00e3o do bairro Soledade, face as constantes faltas de \u00e1gua, que \u00e9 de fundamental import\u00e2ncia para lavar as m\u00e3os e se prevenir contra a Covid-19 - O Coerente","og_description":"De acordo com recomenda\u00e7\u00f5es da Organiza\u00e7\u00e3o Mundial da Sa\u00fade (OMS), diante da pandemia que tomou conta do mundo, uma das medidas de prote\u00e7\u00e3o \u00e9 a higieniza\u00e7\u00e3o de ambientes e levar sempre as m\u00e3os com \u00e1gua e sab\u00e3o para evitar a contamina\u00e7\u00e3o pela Covid-19. Embora pare\u00e7a simples, muitas fam\u00edlias de diversos bairros de Aracaju\/SE n\u00e3o t\u00eam [&hellip;]","og_url":"https:\/\/ocoerente.com.br\/se\/2020\/06\/25\/vereador-cabo-didi-pede-construcao-de-caixa-dagua-na-regiao-do-bairro-soledade-face-as-constantes-faltas-de-agua-que-e-de-fundamental-importancia-para-lavar-as-maos-e-se-prevenir-contra-a-covid-19\/","og_site_name":"O Coerente","article_published_time":"2020-06-25T04:59:17+00:00","article_modified_time":"2020-06-25T04:59:54+00:00","og_image":[{"width":1280,"height":1038,"url":"https:\/\/ocoerente.com.br\/se\/wp-content\/uploads\/2020\/06\/1.jpg","type":"image\/jpeg"}],"author":"Reda\u00e7\u00e3o","twitter_card":"summary_large_image","twitter_misc":{"Escrito por":"Reda\u00e7\u00e3o","Est. tempo de leitura":"2 minutos"},"schema":{"@context":"https:\/\/schema.org","@graph":[{"@type":"Article","@id":"https:\/\/ocoerente.com.br\/se\/2020\/06\/25\/vereador-cabo-didi-pede-construcao-de-caixa-dagua-na-regiao-do-bairro-soledade-face-as-constantes-faltas-de-agua-que-e-de-fundamental-importancia-para-lavar-as-maos-e-se-prevenir-contra-a-covid-19\/#article","isPartOf":{"@id":"https:\/\/ocoerente.com.br\/se\/2020\/06\/25\/vereador-cabo-didi-pede-construcao-de-caixa-dagua-na-regiao-do-bairro-soledade-face-as-constantes-faltas-de-agua-que-e-de-fundamental-importancia-para-lavar-as-maos-e-se-prevenir-contra-a-covid-19\/"},"author":{"name":"Reda\u00e7\u00e3o","@id":"https:\/\/ocoerente.com.br\/se\/#\/schema\/person\/cc6bfd9fbca465e23543b0c963d8d037"},"headline":"Vereador Cabo Didi pede constru\u00e7\u00e3o de caixa d&#8217;\u00e1gua na regi\u00e3o do bairro Soledade, face as constantes faltas de \u00e1gua, que \u00e9 de fundamental import\u00e2ncia para lavar as m\u00e3os e se prevenir contra a Covid-19","datePublished":"2020-06-25T04:59:17+00:00","dateModified":"2020-06-25T04:59:54+00:00","mainEntityOfPage":{"@id":"https:\/\/ocoerente.com.br\/se\/2020\/06\/25\/vereador-cabo-didi-pede-construcao-de-caixa-dagua-na-regiao-do-bairro-soledade-face-as-constantes-faltas-de-agua-que-e-de-fundamental-importancia-para-lavar-as-maos-e-se-prevenir-contra-a-covid-19\/"},"wordCount":345,"publisher":{"@id":"https:\/\/ocoerente.com.br\/se\/#\/schema\/person\/cc6bfd9fbca465e23543b0c963d8d037"},"image":{"@id":"https:\/\/ocoerente.com.br\/se\/2020\/06\/25\/vereador-cabo-didi-pede-construcao-de-caixa-dagua-na-regiao-do-bairro-soledade-face-as-constantes-faltas-de-agua-que-e-de-fundamental-importancia-para-lavar-as-maos-e-se-prevenir-contra-a-covid-19\/#primaryimage"},"thumbnailUrl":"https:\/\/ocoerente.com.br\/se\/wp-content\/uploads\/2020\/06\/1.jpg","articleSection":["Destaques","Sa\u00fade"],"inLanguage":"pt-BR"},{"@type":"WebPage","@id":"https:\/\/ocoerente.com.br\/se\/2020\/06\/25\/vereador-cabo-didi-pede-construcao-de-caixa-dagua-na-regiao-do-bairro-soledade-face-as-constantes-faltas-de-agua-que-e-de-fundamental-importancia-para-lavar-as-maos-e-se-prevenir-contra-a-covid-19\/","url":"https:\/\/ocoerente.com.br\/se\/2020\/06\/25\/vereador-cabo-didi-pede-construcao-de-caixa-dagua-na-regiao-do-bairro-soledade-face-as-constantes-faltas-de-agua-que-e-de-fundamental-importancia-para-lavar-as-maos-e-se-prevenir-contra-a-covid-19\/","name":"Vereador Cabo Didi pede constru\u00e7\u00e3o de caixa d'\u00e1gua na regi\u00e3o do bairro Soledade, face as constantes faltas de \u00e1gua, que \u00e9 de fundamental import\u00e2ncia para lavar as m\u00e3os e se prevenir contra a Covid-19 - O Coerente","isPartOf":{"@id":"https:\/\/ocoerente.com.br\/se\/#website"},"primaryImageOfPage":{"@id":"https:\/\/ocoerente.com.br\/se\/2020\/06\/25\/vereador-cabo-didi-pede-construcao-de-caixa-dagua-na-regiao-do-bairro-soledade-face-as-constantes-faltas-de-agua-que-e-de-fundamental-importancia-para-lavar-as-maos-e-se-prevenir-contra-a-covid-19\/#primaryimage"},"image":{"@id":"https:\/\/ocoerente.com.br\/se\/2020\/06\/25\/vereador-cabo-didi-pede-construcao-de-caixa-dagua-na-regiao-do-bairro-soledade-face-as-constantes-faltas-de-agua-que-e-de-fundamental-importancia-para-lavar-as-maos-e-se-prevenir-contra-a-covid-19\/#primaryimage"},"thumbnailUrl":"https:\/\/ocoerente.com.br\/se\/wp-content\/uploads\/2020\/06\/1.jpg","datePublished":"2020-06-25T04:59:17+00:00","dateModified":"2020-06-25T04:59:54+00:00","breadcrumb":{"@id":"https:\/\/ocoerente.com.br\/se\/2020\/06\/25\/vereador-cabo-didi-pede-construcao-de-caixa-dagua-na-regiao-do-bairro-soledade-face-as-constantes-faltas-de-agua-que-e-de-fundamental-importancia-para-lavar-as-maos-e-se-prevenir-contra-a-covid-19\/#breadcrumb"},"inLanguage":"pt-BR","potentialAction":[{"@type":"ReadAction","target":["https:\/\/ocoerente.com.br\/se\/2020\/06\/25\/vereador-cabo-didi-pede-construcao-de-caixa-dagua-na-regiao-do-bairro-soledade-face-as-constantes-faltas-de-agua-que-e-de-fundamental-importancia-para-lavar-as-maos-e-se-prevenir-contra-a-covid-19\/"]}]},{"@type":"ImageObject","inLanguage":"pt-BR","@id":"https:\/\/ocoerente.com.br\/se\/2020\/06\/25\/vereador-cabo-didi-pede-construcao-de-caixa-dagua-na-regiao-do-bairro-soledade-face-as-constantes-faltas-de-agua-que-e-de-fundamental-importancia-para-lavar-as-maos-e-se-prevenir-contra-a-covid-19\/#primaryimage","url":"https:\/\/ocoerente.com.br\/se\/wp-content\/uploads\/2020\/06\/1.jpg","contentUrl":"https:\/\/ocoerente.com.br\/se\/wp-content\/uploads\/2020\/06\/1.jpg","width":1280,"height":1038},{"@type":"BreadcrumbList","@id":"https:\/\/ocoerente.com.br\/se\/2020\/06\/25\/vereador-cabo-didi-pede-construcao-de-caixa-dagua-na-regiao-do-bairro-soledade-face-as-constantes-faltas-de-agua-que-e-de-fundamental-importancia-para-lavar-as-maos-e-se-prevenir-contra-a-covid-19\/#breadcrumb","itemListElement":[{"@type":"ListItem","position":1,"name":"In\u00edcio","item":"https:\/\/ocoerente.com.br\/se\/"},{"@type":"ListItem","position":2,"name":"Vereador Cabo Didi pede constru\u00e7\u00e3o de caixa d&#8217;\u00e1gua na regi\u00e3o do bairro Soledade, face as constantes faltas de \u00e1gua, que \u00e9 de fundamental import\u00e2ncia para lavar as m\u00e3os e se prevenir contra a Covid-19"}]},{"@type":"WebSite","@id":"https:\/\/ocoerente.com.br\/se\/#website","url":"https:\/\/ocoerente.com.br\/se\/","name":"O Coerente","description":"","publisher":{"@id":"https:\/\/ocoerente.com.br\/se\/#\/schema\/person\/cc6bfd9fbca465e23543b0c963d8d037"},"potentialAction":[{"@type":"SearchAction","target":{"@type":"EntryPoint","urlTemplate":"https:\/\/ocoerente.com.br\/se\/?s={search_term_string}"},"query-input":{"@type":"PropertyValueSpecification","valueRequired":true,"valueName":"search_term_string"}}],"inLanguage":"pt-BR"},{"@type":["Person","Organization"],"@id":"https:\/\/ocoerente.com.br\/se\/#\/schema\/person\/cc6bfd9fbca465e23543b0c963d8d037","name":"Reda\u00e7\u00e3o","image":{"@type":"ImageObject","inLanguage":"pt-BR","@id":"https:\/\/ocoerente.com.br\/se\/wp-content\/uploads\/2020\/01\/ocoerente-1.png","url":"https:\/\/ocoerente.com.br\/se\/wp-content\/uploads\/2020\/01\/ocoerente-1.png","contentUrl":"https:\/\/ocoerente.com.br\/se\/wp-content\/uploads\/2020\/01\/ocoerente-1.png","width":50,"height":50,"caption":"Reda\u00e7\u00e3o"},"logo":{"@id":"https:\/\/ocoerente.com.br\/se\/wp-content\/uploads\/2020\/01\/ocoerente-1.png"},"url":"https:\/\/ocoerente.com.br\/se\/author\/vasticlsales\/"}]}},"_links":{"self":[{"href":"https:\/\/ocoerente.com.br\/se\/wp-json\/wp\/v2\/posts\/1254","targetHints":{"allow":["GET"]}}],"collection":[{"href":"https:\/\/ocoerente.com.br\/se\/wp-json\/wp\/v2\/posts"}],"about":[{"href":"https:\/\/ocoerente.com.br\/se\/wp-json\/wp\/v2\/types\/post"}],"author":[{"embeddable":true,"href":"https:\/\/ocoerente.com.br\/se\/wp-json\/wp\/v2\/users\/1"}],"replies":[{"embeddable":true,"href":"https:\/\/ocoerente.com.br\/se\/wp-json\/wp\/v2\/comments?post=1254"}],"version-history":[{"count":2,"href":"https:\/\/ocoerente.com.br\/se\/wp-json\/wp\/v2\/posts\/1254\/revisions"}],"predecessor-version":[{"id":1257,"href":"https:\/\/ocoerente.com.br\/se\/wp-json\/wp\/v2\/posts\/1254\/revisions\/1257"}],"wp:featuredmedia":[{"embeddable":true,"href":"https:\/\/ocoerente.com.br\/se\/wp-json\/wp\/v2\/media\/1255"}],"wp:attachment":[{"href":"https:\/\/ocoerente.com.br\/se\/wp-json\/wp\/v2\/media?parent=1254"}],"wp:term":[{"taxonomy":"category","embeddable":true,"href":"https:\/\/ocoerente.com.br\/se\/wp-json\/wp\/v2\/categories?post=1254"},{"taxonomy":"post_tag","embeddable":true,"href":"https:\/\/ocoerente.com.br\/se\/wp-json\/wp\/v2\/tags?post=1254"}],"curies":[{"name":"wp","href":"https:\/\/api.w.org\/{rel}","templated":true}]}}