{"id":12518,"date":"2025-02-09T00:11:12","date_gmt":"2025-02-09T03:11:12","guid":{"rendered":"https:\/\/ocoerente.com.br\/se\/?p=12518"},"modified":"2025-02-09T00:11:13","modified_gmt":"2025-02-09T03:11:13","slug":"verao-sergipe-2025-leva-programacao-diversa-e-grandes-atracoes-a-pirambu","status":"publish","type":"post","link":"https:\/\/ocoerente.com.br\/se\/2025\/02\/09\/verao-sergipe-2025-leva-programacao-diversa-e-grandes-atracoes-a-pirambu\/","title":{"rendered":"Ver\u00e3o Sergipe 2025 leva programa\u00e7\u00e3o diversa e grandes atra\u00e7\u00f5es a Pirambu"},"content":{"rendered":"\n<p><em>Evento promovido pelo Governo do Estado traz shows musicais, a\u00e7\u00f5es inclusivas e atividades esportivas<\/em><\/p>\n\n\n\n<p>O Ver\u00e3o Sergipe 2025 chega a Pirambu, regi\u00e3o Leste do estado, neste final de semana. O evento, promovido pelo Governo do Estado, leva uma vasta programa\u00e7\u00e3o ao munic\u00edpio, com shows musicais, a\u00e7\u00f5es inclusivas e atividades esportivas que ir\u00e3o aquecer uma das regi\u00f5es mais tur\u00edsticas de Sergipe.<\/p>\n\n\n\n<p>Os shows em Pirambu come\u00e7am nesta sexta-feira, 7, com Heitor Costa e Xanddy Harmonia como atra\u00e7\u00f5es mais aguardadas. Al\u00e9m deles, Cid Natureza e Ittauan abrilhantam a festa. J\u00e1 no s\u00e1bado, 8, sobem ao palco a banda Seeway, Di Prop\u00f3sito, Danielzinho Jr e Pablo.<\/p>\n\n\n\n<p>Al\u00e9m disso, a Tenda Eletr\u00f4nica Banese Card segue a todo vapor. Novidade do Ver\u00e3o Sergipe em 2025, ela \u00e9 formada somente por DJs sergipanos que dar\u00e3o sequ\u00eancia aos shows entre um intervalo e outro das apresenta\u00e7\u00f5es no palco. O espa\u00e7o \u00e9 patrocinado pelo Banese Card e ser\u00e1 montado no centro da \u00e1rea de shows em Pirambu.&nbsp;<\/p>\n\n\n\n<p><strong>Ver\u00e3o Sergipe<\/strong><\/p>\n\n\n\n<p>O Ver\u00e3o Sergipe \u00e9 uma realiza\u00e7\u00e3o do Governo do Estado, por meio da Funda\u00e7\u00e3o de Cultura e Arte Aperip\u00ea de Sergipe (Funcap) e Secretaria de Estado da Comunica\u00e7\u00e3o (Secom), com patroc\u00ednio do Banese Card e da Companhia de Saneamento de Sergipe (Deso) e apoio das prefeituras de Pacatuba, Canind\u00e9 de S\u00e3o Francisco, Pirambu, Barra dos Coqueiros, Itaporanga d&#8217;Ajuda, Est\u00e2ncia, e da Energisa.<\/p>\n\n\n\n<p><strong>Confira a programa\u00e7\u00e3o musical do Ver\u00e3o Sergipe em Pirambu*<\/strong><\/p>\n\n\n\n<p><strong>Sexta-feira (07\/02)<\/strong><\/p>\n\n\n\n<p>21h \u2013 Cid Natureza<\/p>\n\n\n\n<p>23h \u2013 Heitor Costa<\/p>\n\n\n\n<p>1h \u2013 Xanddy Harmonia<\/p>\n\n\n\n<p>3h \u2013 Ittauan<\/p>\n\n\n\n<p><strong>S\u00e1bado (08\/02)<\/strong><\/p>\n\n\n\n<p>21h \u2013 Banda Seeway<\/p>\n\n\n\n<p>23h \u2013 Di Prop\u00f3sito<\/p>\n\n\n\n<p>1h \u2013 Danielzinho Jr<\/p>\n\n\n\n<p>3h \u2013 Pablo<\/p>\n\n\n\n<p><strong>Tenda Eletr\u00f4nica<\/strong><\/p>\n\n\n\n<p><strong>Sexta (07\/02)<\/strong><\/p>\n\n\n\n<p>20h &#8211; DJ Esther Alencar<\/p>\n\n\n\n<p>22h30 &#8211; DJ Esther Alencar<\/p>\n\n\n\n<p>00h30 &#8211; DJ SKY<\/p>\n\n\n\n<p>02h30 &#8211; DJ SKY<\/p>\n\n\n\n<p><strong>S\u00e1bado (08\/02)<\/strong><\/p>\n\n\n\n<p>20h&nbsp;&#8211; DJ Thay<\/p>\n\n\n\n<p>22h30 &#8211; DJ Thay<\/p>\n\n\n\n<p>00h30 &#8211; DJ NETXFUCK<\/p>\n\n\n\n<p>02h30 &#8211; DJ NETXFUCK<\/p>\n\n\n\n<p><em>*Programa\u00e7\u00e3o sujeita a altera\u00e7\u00f5es sem aviso pr\u00e9vio.<\/em><\/p>\n\n\n\n<p>Governo de Sergipe<\/p>\n\n\n\n<p><\/p>\n","protected":false},"excerpt":{"rendered":"<p>Evento promovido pelo Governo do Estado traz shows musicais, a\u00e7\u00f5es inclusivas e atividades esportivas O Ver\u00e3o Sergipe 2025 chega a Pirambu, regi\u00e3o Leste do estado, neste final de semana. O evento, promovido pelo Governo do Estado, leva uma vasta programa\u00e7\u00e3o ao munic\u00edpio, com shows musicais, a\u00e7\u00f5es inclusivas e atividades esportivas que ir\u00e3o aquecer uma das [&hellip;]<\/p>\n","protected":false},"author":1,"featured_media":12519,"comment_status":"closed","ping_status":"closed","sticky":false,"template":"","format":"standard","meta":{"footnotes":""},"categories":[53,52],"tags":[],"class_list":["post-12518","post","type-post","status-publish","format-standard","has-post-thumbnail","hentry","category-destaques","category-entretenimento"],"yoast_head":"<!-- This site is optimized with the Yoast SEO plugin v27.4 - https:\/\/yoast.com\/product\/yoast-seo-wordpress\/ -->\n<title>Ver\u00e3o Sergipe 2025 leva programa\u00e7\u00e3o diversa e grandes atra\u00e7\u00f5es a Pirambu - O Coerente<\/title>\n<meta name=\"robots\" content=\"index, follow, max-snippet:-1, max-image-preview:large, max-video-preview:-1\" \/>\n<link rel=\"canonical\" href=\"https:\/\/ocoerente.com.br\/se\/2025\/02\/09\/verao-sergipe-2025-leva-programacao-diversa-e-grandes-atracoes-a-pirambu\/\" \/>\n<meta property=\"og:locale\" content=\"pt_BR\" \/>\n<meta property=\"og:type\" content=\"article\" \/>\n<meta property=\"og:title\" content=\"Ver\u00e3o Sergipe 2025 leva programa\u00e7\u00e3o diversa e grandes atra\u00e7\u00f5es a Pirambu - O Coerente\" \/>\n<meta property=\"og:description\" content=\"Evento promovido pelo Governo do Estado traz shows musicais, a\u00e7\u00f5es inclusivas e atividades esportivas O Ver\u00e3o Sergipe 2025 chega a Pirambu, regi\u00e3o Leste do estado, neste final de semana. O evento, promovido pelo Governo do Estado, leva uma vasta programa\u00e7\u00e3o ao munic\u00edpio, com shows musicais, a\u00e7\u00f5es inclusivas e atividades esportivas que ir\u00e3o aquecer uma das [&hellip;]\" \/>\n<meta property=\"og:url\" content=\"https:\/\/ocoerente.com.br\/se\/2025\/02\/09\/verao-sergipe-2025-leva-programacao-diversa-e-grandes-atracoes-a-pirambu\/\" \/>\n<meta property=\"og:site_name\" content=\"O Coerente\" \/>\n<meta property=\"article:published_time\" content=\"2025-02-09T03:11:12+00:00\" \/>\n<meta property=\"article:modified_time\" content=\"2025-02-09T03:11:13+00:00\" \/>\n<meta property=\"og:image\" content=\"https:\/\/ocoerente.com.br\/se\/wp-content\/uploads\/2025\/02\/7fde2d.jpg\" \/>\n\t<meta property=\"og:image:width\" content=\"1100\" \/>\n\t<meta property=\"og:image:height\" content=\"610\" \/>\n\t<meta property=\"og:image:type\" content=\"image\/jpeg\" \/>\n<meta name=\"author\" content=\"Reda\u00e7\u00e3o\" \/>\n<meta name=\"twitter:card\" content=\"summary_large_image\" \/>\n<meta name=\"twitter:label1\" content=\"Escrito por\" \/>\n\t<meta name=\"twitter:data1\" content=\"Reda\u00e7\u00e3o\" \/>\n\t<meta name=\"twitter:label2\" content=\"Est. tempo de leitura\" \/>\n\t<meta name=\"twitter:data2\" content=\"2 minutos\" \/>\n<script type=\"application\/ld+json\" class=\"yoast-schema-graph\">{\"@context\":\"https:\\\/\\\/schema.org\",\"@graph\":[{\"@type\":\"Article\",\"@id\":\"https:\\\/\\\/ocoerente.com.br\\\/se\\\/2025\\\/02\\\/09\\\/verao-sergipe-2025-leva-programacao-diversa-e-grandes-atracoes-a-pirambu\\\/#article\",\"isPartOf\":{\"@id\":\"https:\\\/\\\/ocoerente.com.br\\\/se\\\/2025\\\/02\\\/09\\\/verao-sergipe-2025-leva-programacao-diversa-e-grandes-atracoes-a-pirambu\\\/\"},\"author\":{\"name\":\"Reda\u00e7\u00e3o\",\"@id\":\"https:\\\/\\\/ocoerente.com.br\\\/se\\\/#\\\/schema\\\/person\\\/cc6bfd9fbca465e23543b0c963d8d037\"},\"headline\":\"Ver\u00e3o Sergipe 2025 leva programa\u00e7\u00e3o diversa e grandes atra\u00e7\u00f5es a Pirambu\",\"datePublished\":\"2025-02-09T03:11:12+00:00\",\"dateModified\":\"2025-02-09T03:11:13+00:00\",\"mainEntityOfPage\":{\"@id\":\"https:\\\/\\\/ocoerente.com.br\\\/se\\\/2025\\\/02\\\/09\\\/verao-sergipe-2025-leva-programacao-diversa-e-grandes-atracoes-a-pirambu\\\/\"},\"wordCount\":350,\"publisher\":{\"@id\":\"https:\\\/\\\/ocoerente.com.br\\\/se\\\/#\\\/schema\\\/person\\\/cc6bfd9fbca465e23543b0c963d8d037\"},\"image\":{\"@id\":\"https:\\\/\\\/ocoerente.com.br\\\/se\\\/2025\\\/02\\\/09\\\/verao-sergipe-2025-leva-programacao-diversa-e-grandes-atracoes-a-pirambu\\\/#primaryimage\"},\"thumbnailUrl\":\"https:\\\/\\\/ocoerente.com.br\\\/se\\\/wp-content\\\/uploads\\\/2025\\\/02\\\/7fde2d.jpg\",\"articleSection\":[\"Destaques\",\"Entretenimento\"],\"inLanguage\":\"pt-BR\"},{\"@type\":\"WebPage\",\"@id\":\"https:\\\/\\\/ocoerente.com.br\\\/se\\\/2025\\\/02\\\/09\\\/verao-sergipe-2025-leva-programacao-diversa-e-grandes-atracoes-a-pirambu\\\/\",\"url\":\"https:\\\/\\\/ocoerente.com.br\\\/se\\\/2025\\\/02\\\/09\\\/verao-sergipe-2025-leva-programacao-diversa-e-grandes-atracoes-a-pirambu\\\/\",\"name\":\"Ver\u00e3o Sergipe 2025 leva programa\u00e7\u00e3o diversa e grandes atra\u00e7\u00f5es a Pirambu - O Coerente\",\"isPartOf\":{\"@id\":\"https:\\\/\\\/ocoerente.com.br\\\/se\\\/#website\"},\"primaryImageOfPage\":{\"@id\":\"https:\\\/\\\/ocoerente.com.br\\\/se\\\/2025\\\/02\\\/09\\\/verao-sergipe-2025-leva-programacao-diversa-e-grandes-atracoes-a-pirambu\\\/#primaryimage\"},\"image\":{\"@id\":\"https:\\\/\\\/ocoerente.com.br\\\/se\\\/2025\\\/02\\\/09\\\/verao-sergipe-2025-leva-programacao-diversa-e-grandes-atracoes-a-pirambu\\\/#primaryimage\"},\"thumbnailUrl\":\"https:\\\/\\\/ocoerente.com.br\\\/se\\\/wp-content\\\/uploads\\\/2025\\\/02\\\/7fde2d.jpg\",\"datePublished\":\"2025-02-09T03:11:12+00:00\",\"dateModified\":\"2025-02-09T03:11:13+00:00\",\"breadcrumb\":{\"@id\":\"https:\\\/\\\/ocoerente.com.br\\\/se\\\/2025\\\/02\\\/09\\\/verao-sergipe-2025-leva-programacao-diversa-e-grandes-atracoes-a-pirambu\\\/#breadcrumb\"},\"inLanguage\":\"pt-BR\",\"potentialAction\":[{\"@type\":\"ReadAction\",\"target\":[\"https:\\\/\\\/ocoerente.com.br\\\/se\\\/2025\\\/02\\\/09\\\/verao-sergipe-2025-leva-programacao-diversa-e-grandes-atracoes-a-pirambu\\\/\"]}]},{\"@type\":\"ImageObject\",\"inLanguage\":\"pt-BR\",\"@id\":\"https:\\\/\\\/ocoerente.com.br\\\/se\\\/2025\\\/02\\\/09\\\/verao-sergipe-2025-leva-programacao-diversa-e-grandes-atracoes-a-pirambu\\\/#primaryimage\",\"url\":\"https:\\\/\\\/ocoerente.com.br\\\/se\\\/wp-content\\\/uploads\\\/2025\\\/02\\\/7fde2d.jpg\",\"contentUrl\":\"https:\\\/\\\/ocoerente.com.br\\\/se\\\/wp-content\\\/uploads\\\/2025\\\/02\\\/7fde2d.jpg\",\"width\":1100,\"height\":610,\"caption\":\"Evento promovido pelo Governo do Estado traz shows musicais, a\u00e7\u00f5es inclusivas e atividades esportivas \\\/ Foto: Arthuro Paganini\"},{\"@type\":\"BreadcrumbList\",\"@id\":\"https:\\\/\\\/ocoerente.com.br\\\/se\\\/2025\\\/02\\\/09\\\/verao-sergipe-2025-leva-programacao-diversa-e-grandes-atracoes-a-pirambu\\\/#breadcrumb\",\"itemListElement\":[{\"@type\":\"ListItem\",\"position\":1,\"name\":\"In\u00edcio\",\"item\":\"https:\\\/\\\/ocoerente.com.br\\\/se\\\/\"},{\"@type\":\"ListItem\",\"position\":2,\"name\":\"Ver\u00e3o Sergipe 2025 leva programa\u00e7\u00e3o diversa e grandes atra\u00e7\u00f5es a Pirambu\"}]},{\"@type\":\"WebSite\",\"@id\":\"https:\\\/\\\/ocoerente.com.br\\\/se\\\/#website\",\"url\":\"https:\\\/\\\/ocoerente.com.br\\\/se\\\/\",\"name\":\"O Coerente\",\"description\":\"\",\"publisher\":{\"@id\":\"https:\\\/\\\/ocoerente.com.br\\\/se\\\/#\\\/schema\\\/person\\\/cc6bfd9fbca465e23543b0c963d8d037\"},\"potentialAction\":[{\"@type\":\"SearchAction\",\"target\":{\"@type\":\"EntryPoint\",\"urlTemplate\":\"https:\\\/\\\/ocoerente.com.br\\\/se\\\/?s={search_term_string}\"},\"query-input\":{\"@type\":\"PropertyValueSpecification\",\"valueRequired\":true,\"valueName\":\"search_term_string\"}}],\"inLanguage\":\"pt-BR\"},{\"@type\":[\"Person\",\"Organization\"],\"@id\":\"https:\\\/\\\/ocoerente.com.br\\\/se\\\/#\\\/schema\\\/person\\\/cc6bfd9fbca465e23543b0c963d8d037\",\"name\":\"Reda\u00e7\u00e3o\",\"image\":{\"@type\":\"ImageObject\",\"inLanguage\":\"pt-BR\",\"@id\":\"https:\\\/\\\/ocoerente.com.br\\\/se\\\/wp-content\\\/uploads\\\/2020\\\/01\\\/ocoerente-1.png\",\"url\":\"https:\\\/\\\/ocoerente.com.br\\\/se\\\/wp-content\\\/uploads\\\/2020\\\/01\\\/ocoerente-1.png\",\"contentUrl\":\"https:\\\/\\\/ocoerente.com.br\\\/se\\\/wp-content\\\/uploads\\\/2020\\\/01\\\/ocoerente-1.png\",\"width\":50,\"height\":50,\"caption\":\"Reda\u00e7\u00e3o\"},\"logo\":{\"@id\":\"https:\\\/\\\/ocoerente.com.br\\\/se\\\/wp-content\\\/uploads\\\/2020\\\/01\\\/ocoerente-1.png\"},\"url\":\"https:\\\/\\\/ocoerente.com.br\\\/se\\\/author\\\/vasticlsales\\\/\"}]}<\/script>\n<!-- \/ Yoast SEO plugin. -->","yoast_head_json":{"title":"Ver\u00e3o Sergipe 2025 leva programa\u00e7\u00e3o diversa e grandes atra\u00e7\u00f5es a Pirambu - O Coerente","robots":{"index":"index","follow":"follow","max-snippet":"max-snippet:-1","max-image-preview":"max-image-preview:large","max-video-preview":"max-video-preview:-1"},"canonical":"https:\/\/ocoerente.com.br\/se\/2025\/02\/09\/verao-sergipe-2025-leva-programacao-diversa-e-grandes-atracoes-a-pirambu\/","og_locale":"pt_BR","og_type":"article","og_title":"Ver\u00e3o Sergipe 2025 leva programa\u00e7\u00e3o diversa e grandes atra\u00e7\u00f5es a Pirambu - O Coerente","og_description":"Evento promovido pelo Governo do Estado traz shows musicais, a\u00e7\u00f5es inclusivas e atividades esportivas O Ver\u00e3o Sergipe 2025 chega a Pirambu, regi\u00e3o Leste do estado, neste final de semana. O evento, promovido pelo Governo do Estado, leva uma vasta programa\u00e7\u00e3o ao munic\u00edpio, com shows musicais, a\u00e7\u00f5es inclusivas e atividades esportivas que ir\u00e3o aquecer uma das [&hellip;]","og_url":"https:\/\/ocoerente.com.br\/se\/2025\/02\/09\/verao-sergipe-2025-leva-programacao-diversa-e-grandes-atracoes-a-pirambu\/","og_site_name":"O Coerente","article_published_time":"2025-02-09T03:11:12+00:00","article_modified_time":"2025-02-09T03:11:13+00:00","og_image":[{"width":1100,"height":610,"url":"https:\/\/ocoerente.com.br\/se\/wp-content\/uploads\/2025\/02\/7fde2d.jpg","type":"image\/jpeg"}],"author":"Reda\u00e7\u00e3o","twitter_card":"summary_large_image","twitter_misc":{"Escrito por":"Reda\u00e7\u00e3o","Est. tempo de leitura":"2 minutos"},"schema":{"@context":"https:\/\/schema.org","@graph":[{"@type":"Article","@id":"https:\/\/ocoerente.com.br\/se\/2025\/02\/09\/verao-sergipe-2025-leva-programacao-diversa-e-grandes-atracoes-a-pirambu\/#article","isPartOf":{"@id":"https:\/\/ocoerente.com.br\/se\/2025\/02\/09\/verao-sergipe-2025-leva-programacao-diversa-e-grandes-atracoes-a-pirambu\/"},"author":{"name":"Reda\u00e7\u00e3o","@id":"https:\/\/ocoerente.com.br\/se\/#\/schema\/person\/cc6bfd9fbca465e23543b0c963d8d037"},"headline":"Ver\u00e3o Sergipe 2025 leva programa\u00e7\u00e3o diversa e grandes atra\u00e7\u00f5es a Pirambu","datePublished":"2025-02-09T03:11:12+00:00","dateModified":"2025-02-09T03:11:13+00:00","mainEntityOfPage":{"@id":"https:\/\/ocoerente.com.br\/se\/2025\/02\/09\/verao-sergipe-2025-leva-programacao-diversa-e-grandes-atracoes-a-pirambu\/"},"wordCount":350,"publisher":{"@id":"https:\/\/ocoerente.com.br\/se\/#\/schema\/person\/cc6bfd9fbca465e23543b0c963d8d037"},"image":{"@id":"https:\/\/ocoerente.com.br\/se\/2025\/02\/09\/verao-sergipe-2025-leva-programacao-diversa-e-grandes-atracoes-a-pirambu\/#primaryimage"},"thumbnailUrl":"https:\/\/ocoerente.com.br\/se\/wp-content\/uploads\/2025\/02\/7fde2d.jpg","articleSection":["Destaques","Entretenimento"],"inLanguage":"pt-BR"},{"@type":"WebPage","@id":"https:\/\/ocoerente.com.br\/se\/2025\/02\/09\/verao-sergipe-2025-leva-programacao-diversa-e-grandes-atracoes-a-pirambu\/","url":"https:\/\/ocoerente.com.br\/se\/2025\/02\/09\/verao-sergipe-2025-leva-programacao-diversa-e-grandes-atracoes-a-pirambu\/","name":"Ver\u00e3o Sergipe 2025 leva programa\u00e7\u00e3o diversa e grandes atra\u00e7\u00f5es a Pirambu - O Coerente","isPartOf":{"@id":"https:\/\/ocoerente.com.br\/se\/#website"},"primaryImageOfPage":{"@id":"https:\/\/ocoerente.com.br\/se\/2025\/02\/09\/verao-sergipe-2025-leva-programacao-diversa-e-grandes-atracoes-a-pirambu\/#primaryimage"},"image":{"@id":"https:\/\/ocoerente.com.br\/se\/2025\/02\/09\/verao-sergipe-2025-leva-programacao-diversa-e-grandes-atracoes-a-pirambu\/#primaryimage"},"thumbnailUrl":"https:\/\/ocoerente.com.br\/se\/wp-content\/uploads\/2025\/02\/7fde2d.jpg","datePublished":"2025-02-09T03:11:12+00:00","dateModified":"2025-02-09T03:11:13+00:00","breadcrumb":{"@id":"https:\/\/ocoerente.com.br\/se\/2025\/02\/09\/verao-sergipe-2025-leva-programacao-diversa-e-grandes-atracoes-a-pirambu\/#breadcrumb"},"inLanguage":"pt-BR","potentialAction":[{"@type":"ReadAction","target":["https:\/\/ocoerente.com.br\/se\/2025\/02\/09\/verao-sergipe-2025-leva-programacao-diversa-e-grandes-atracoes-a-pirambu\/"]}]},{"@type":"ImageObject","inLanguage":"pt-BR","@id":"https:\/\/ocoerente.com.br\/se\/2025\/02\/09\/verao-sergipe-2025-leva-programacao-diversa-e-grandes-atracoes-a-pirambu\/#primaryimage","url":"https:\/\/ocoerente.com.br\/se\/wp-content\/uploads\/2025\/02\/7fde2d.jpg","contentUrl":"https:\/\/ocoerente.com.br\/se\/wp-content\/uploads\/2025\/02\/7fde2d.jpg","width":1100,"height":610,"caption":"Evento promovido pelo Governo do Estado traz shows musicais, a\u00e7\u00f5es inclusivas e atividades esportivas \/ Foto: Arthuro Paganini"},{"@type":"BreadcrumbList","@id":"https:\/\/ocoerente.com.br\/se\/2025\/02\/09\/verao-sergipe-2025-leva-programacao-diversa-e-grandes-atracoes-a-pirambu\/#breadcrumb","itemListElement":[{"@type":"ListItem","position":1,"name":"In\u00edcio","item":"https:\/\/ocoerente.com.br\/se\/"},{"@type":"ListItem","position":2,"name":"Ver\u00e3o Sergipe 2025 leva programa\u00e7\u00e3o diversa e grandes atra\u00e7\u00f5es a Pirambu"}]},{"@type":"WebSite","@id":"https:\/\/ocoerente.com.br\/se\/#website","url":"https:\/\/ocoerente.com.br\/se\/","name":"O Coerente","description":"","publisher":{"@id":"https:\/\/ocoerente.com.br\/se\/#\/schema\/person\/cc6bfd9fbca465e23543b0c963d8d037"},"potentialAction":[{"@type":"SearchAction","target":{"@type":"EntryPoint","urlTemplate":"https:\/\/ocoerente.com.br\/se\/?s={search_term_string}"},"query-input":{"@type":"PropertyValueSpecification","valueRequired":true,"valueName":"search_term_string"}}],"inLanguage":"pt-BR"},{"@type":["Person","Organization"],"@id":"https:\/\/ocoerente.com.br\/se\/#\/schema\/person\/cc6bfd9fbca465e23543b0c963d8d037","name":"Reda\u00e7\u00e3o","image":{"@type":"ImageObject","inLanguage":"pt-BR","@id":"https:\/\/ocoerente.com.br\/se\/wp-content\/uploads\/2020\/01\/ocoerente-1.png","url":"https:\/\/ocoerente.com.br\/se\/wp-content\/uploads\/2020\/01\/ocoerente-1.png","contentUrl":"https:\/\/ocoerente.com.br\/se\/wp-content\/uploads\/2020\/01\/ocoerente-1.png","width":50,"height":50,"caption":"Reda\u00e7\u00e3o"},"logo":{"@id":"https:\/\/ocoerente.com.br\/se\/wp-content\/uploads\/2020\/01\/ocoerente-1.png"},"url":"https:\/\/ocoerente.com.br\/se\/author\/vasticlsales\/"}]}},"_links":{"self":[{"href":"https:\/\/ocoerente.com.br\/se\/wp-json\/wp\/v2\/posts\/12518","targetHints":{"allow":["GET"]}}],"collection":[{"href":"https:\/\/ocoerente.com.br\/se\/wp-json\/wp\/v2\/posts"}],"about":[{"href":"https:\/\/ocoerente.com.br\/se\/wp-json\/wp\/v2\/types\/post"}],"author":[{"embeddable":true,"href":"https:\/\/ocoerente.com.br\/se\/wp-json\/wp\/v2\/users\/1"}],"replies":[{"embeddable":true,"href":"https:\/\/ocoerente.com.br\/se\/wp-json\/wp\/v2\/comments?post=12518"}],"version-history":[{"count":1,"href":"https:\/\/ocoerente.com.br\/se\/wp-json\/wp\/v2\/posts\/12518\/revisions"}],"predecessor-version":[{"id":12520,"href":"https:\/\/ocoerente.com.br\/se\/wp-json\/wp\/v2\/posts\/12518\/revisions\/12520"}],"wp:featuredmedia":[{"embeddable":true,"href":"https:\/\/ocoerente.com.br\/se\/wp-json\/wp\/v2\/media\/12519"}],"wp:attachment":[{"href":"https:\/\/ocoerente.com.br\/se\/wp-json\/wp\/v2\/media?parent=12518"}],"wp:term":[{"taxonomy":"category","embeddable":true,"href":"https:\/\/ocoerente.com.br\/se\/wp-json\/wp\/v2\/categories?post=12518"},{"taxonomy":"post_tag","embeddable":true,"href":"https:\/\/ocoerente.com.br\/se\/wp-json\/wp\/v2\/tags?post=12518"}],"curies":[{"name":"wp","href":"https:\/\/api.w.org\/{rel}","templated":true}]}}