{"id":12515,"date":"2025-02-09T00:09:26","date_gmt":"2025-02-09T03:09:26","guid":{"rendered":"https:\/\/ocoerente.com.br\/se\/?p=12515"},"modified":"2025-02-09T00:09:27","modified_gmt":"2025-02-09T03:09:27","slug":"alerta-meteorologico-e-mantido-ate-sexta-feira-7","status":"publish","type":"post","link":"https:\/\/ocoerente.com.br\/se\/2025\/02\/09\/alerta-meteorologico-e-mantido-ate-sexta-feira-7\/","title":{"rendered":"Alerta meteorol\u00f3gico \u00e9 mantido at\u00e9 sexta-feira, 7"},"content":{"rendered":"\n<p><em>Estado pode ser atingido com chuvas intensas nas pr\u00f3ximas 24 horas<\/em><\/p>\n\n\n\n<p>O final de semana vai come\u00e7ar chuvoso em todo estado de Sergipe. A Ger\u00eancia de Meteorologia instalada na Secretaria de Estado do Meio Ambiente, Sustentabilidade e A\u00e7\u00f5es Clim\u00e1ticas (Semac) renovou o alerta meteorol\u00f3gico de chuvas moderadas a intensas acompanhadas de ventos fortes, trovoadas, chuvas de granizo e descargas el\u00e9tricas at\u00e9 esta sexta-feira, 7.&nbsp;<\/p>\n\n\n\n<p>O boletim emitido pela nesta quinta-feira, 6, prev\u00ea que acumulado de chuva deve ultrapassar 50 mm, e os ventos intensos podem variar entre 40 e 60 km\/h nas pr\u00f3ximas 24h. A equipe de meteorologia da Semac orienta a popula\u00e7\u00e3o para a possibilidade de ocorr\u00eancia de situa\u00e7\u00f5es de risco como alagamentos, deslizamentos de encostas, e transbordamento de pequenos c\u00f3rregos, riachos, rios e lagoas.&nbsp;<\/p>\n\n\n\n<p>Esta instabilidade est\u00e1 presente no Nordeste do Brasil devido ao escoamento em m\u00e9dios e altos n\u00edveis da atmosfera sobre o continente e nuvens convectivas associadas a Zona de Converg\u00eancia Intertropical (ZCIT) e V\u00f3rtice Cicl\u00f4nico em Altos N\u00edveis (VCAN). Outro fator \u00e9 o aquecimento e umidade do Oceano Atl\u00e2ntico adjacente. Somados, eles favorecem o transporte de nuvens carregadas para o estado.<\/p>\n\n\n\n<p>No alto sert\u00e3o sergipano, o munic\u00edpio de Gararu&nbsp; teve o acumulado de 13,mm de chuvas em 24 horas. J\u00e1 a capital sergipana, registrou acumulado de 30 mm entre a tarde desta quarta-feira, 5 e o come\u00e7o da manh\u00e3 desta quinta-feira, 6. Dos 75 munic\u00edpios de Sergipe, a cidade de Ilha das Flores foi a mais atingida com 47 mm. A Ger\u00eancia de Meteorologia e Mudan\u00e7as Clim\u00e1ticas segue monitorando as condi\u00e7\u00f5es sin\u00f3ticas e novas atualiza\u00e7\u00f5es poder\u00e3o ser enviadas a qualquer momento.<\/p>\n\n\n\n<p>Governo de Sergipe<\/p>\n","protected":false},"excerpt":{"rendered":"<p>Estado pode ser atingido com chuvas intensas nas pr\u00f3ximas 24 horas O final de semana vai come\u00e7ar chuvoso em todo estado de Sergipe. A Ger\u00eancia de Meteorologia instalada na Secretaria de Estado do Meio Ambiente, Sustentabilidade e A\u00e7\u00f5es Clim\u00e1ticas (Semac) renovou o alerta meteorol\u00f3gico de chuvas moderadas a intensas acompanhadas de ventos fortes, trovoadas, chuvas [&hellip;]<\/p>\n","protected":false},"author":1,"featured_media":12516,"comment_status":"closed","ping_status":"closed","sticky":false,"template":"","format":"standard","meta":{"footnotes":""},"categories":[53,43],"tags":[],"class_list":["post-12515","post","type-post","status-publish","format-standard","has-post-thumbnail","hentry","category-destaques","category-sergipe"],"yoast_head":"<!-- This site is optimized with the Yoast SEO plugin v27.4 - https:\/\/yoast.com\/product\/yoast-seo-wordpress\/ -->\n<title>Alerta meteorol\u00f3gico \u00e9 mantido at\u00e9 sexta-feira, 7 - O Coerente<\/title>\n<meta name=\"robots\" content=\"index, follow, max-snippet:-1, max-image-preview:large, max-video-preview:-1\" \/>\n<link rel=\"canonical\" href=\"https:\/\/ocoerente.com.br\/se\/2025\/02\/09\/alerta-meteorologico-e-mantido-ate-sexta-feira-7\/\" \/>\n<meta property=\"og:locale\" content=\"pt_BR\" \/>\n<meta property=\"og:type\" content=\"article\" \/>\n<meta property=\"og:title\" content=\"Alerta meteorol\u00f3gico \u00e9 mantido at\u00e9 sexta-feira, 7 - O Coerente\" \/>\n<meta property=\"og:description\" content=\"Estado pode ser atingido com chuvas intensas nas pr\u00f3ximas 24 horas O final de semana vai come\u00e7ar chuvoso em todo estado de Sergipe. A Ger\u00eancia de Meteorologia instalada na Secretaria de Estado do Meio Ambiente, Sustentabilidade e A\u00e7\u00f5es Clim\u00e1ticas (Semac) renovou o alerta meteorol\u00f3gico de chuvas moderadas a intensas acompanhadas de ventos fortes, trovoadas, chuvas [&hellip;]\" \/>\n<meta property=\"og:url\" content=\"https:\/\/ocoerente.com.br\/se\/2025\/02\/09\/alerta-meteorologico-e-mantido-ate-sexta-feira-7\/\" \/>\n<meta property=\"og:site_name\" content=\"O Coerente\" \/>\n<meta property=\"article:published_time\" content=\"2025-02-09T03:09:26+00:00\" \/>\n<meta property=\"article:modified_time\" content=\"2025-02-09T03:09:27+00:00\" \/>\n<meta property=\"og:image\" content=\"https:\/\/ocoerente.com.br\/se\/wp-content\/uploads\/2025\/02\/8a43892.jpg\" \/>\n\t<meta property=\"og:image:width\" content=\"1100\" \/>\n\t<meta property=\"og:image:height\" content=\"610\" \/>\n\t<meta property=\"og:image:type\" content=\"image\/jpeg\" \/>\n<meta name=\"author\" content=\"Reda\u00e7\u00e3o\" \/>\n<meta name=\"twitter:card\" content=\"summary_large_image\" \/>\n<meta name=\"twitter:label1\" content=\"Escrito por\" \/>\n\t<meta name=\"twitter:data1\" content=\"Reda\u00e7\u00e3o\" \/>\n\t<meta name=\"twitter:label2\" content=\"Est. tempo de leitura\" \/>\n\t<meta name=\"twitter:data2\" content=\"2 minutos\" \/>\n<script type=\"application\/ld+json\" class=\"yoast-schema-graph\">{\"@context\":\"https:\\\/\\\/schema.org\",\"@graph\":[{\"@type\":\"Article\",\"@id\":\"https:\\\/\\\/ocoerente.com.br\\\/se\\\/2025\\\/02\\\/09\\\/alerta-meteorologico-e-mantido-ate-sexta-feira-7\\\/#article\",\"isPartOf\":{\"@id\":\"https:\\\/\\\/ocoerente.com.br\\\/se\\\/2025\\\/02\\\/09\\\/alerta-meteorologico-e-mantido-ate-sexta-feira-7\\\/\"},\"author\":{\"name\":\"Reda\u00e7\u00e3o\",\"@id\":\"https:\\\/\\\/ocoerente.com.br\\\/se\\\/#\\\/schema\\\/person\\\/cc6bfd9fbca465e23543b0c963d8d037\"},\"headline\":\"Alerta meteorol\u00f3gico \u00e9 mantido at\u00e9 sexta-feira, 7\",\"datePublished\":\"2025-02-09T03:09:26+00:00\",\"dateModified\":\"2025-02-09T03:09:27+00:00\",\"mainEntityOfPage\":{\"@id\":\"https:\\\/\\\/ocoerente.com.br\\\/se\\\/2025\\\/02\\\/09\\\/alerta-meteorologico-e-mantido-ate-sexta-feira-7\\\/\"},\"wordCount\":296,\"publisher\":{\"@id\":\"https:\\\/\\\/ocoerente.com.br\\\/se\\\/#\\\/schema\\\/person\\\/cc6bfd9fbca465e23543b0c963d8d037\"},\"image\":{\"@id\":\"https:\\\/\\\/ocoerente.com.br\\\/se\\\/2025\\\/02\\\/09\\\/alerta-meteorologico-e-mantido-ate-sexta-feira-7\\\/#primaryimage\"},\"thumbnailUrl\":\"https:\\\/\\\/ocoerente.com.br\\\/se\\\/wp-content\\\/uploads\\\/2025\\\/02\\\/8a43892.jpg\",\"articleSection\":[\"Destaques\",\"Sergipe\"],\"inLanguage\":\"pt-BR\"},{\"@type\":\"WebPage\",\"@id\":\"https:\\\/\\\/ocoerente.com.br\\\/se\\\/2025\\\/02\\\/09\\\/alerta-meteorologico-e-mantido-ate-sexta-feira-7\\\/\",\"url\":\"https:\\\/\\\/ocoerente.com.br\\\/se\\\/2025\\\/02\\\/09\\\/alerta-meteorologico-e-mantido-ate-sexta-feira-7\\\/\",\"name\":\"Alerta meteorol\u00f3gico \u00e9 mantido at\u00e9 sexta-feira, 7 - O Coerente\",\"isPartOf\":{\"@id\":\"https:\\\/\\\/ocoerente.com.br\\\/se\\\/#website\"},\"primaryImageOfPage\":{\"@id\":\"https:\\\/\\\/ocoerente.com.br\\\/se\\\/2025\\\/02\\\/09\\\/alerta-meteorologico-e-mantido-ate-sexta-feira-7\\\/#primaryimage\"},\"image\":{\"@id\":\"https:\\\/\\\/ocoerente.com.br\\\/se\\\/2025\\\/02\\\/09\\\/alerta-meteorologico-e-mantido-ate-sexta-feira-7\\\/#primaryimage\"},\"thumbnailUrl\":\"https:\\\/\\\/ocoerente.com.br\\\/se\\\/wp-content\\\/uploads\\\/2025\\\/02\\\/8a43892.jpg\",\"datePublished\":\"2025-02-09T03:09:26+00:00\",\"dateModified\":\"2025-02-09T03:09:27+00:00\",\"breadcrumb\":{\"@id\":\"https:\\\/\\\/ocoerente.com.br\\\/se\\\/2025\\\/02\\\/09\\\/alerta-meteorologico-e-mantido-ate-sexta-feira-7\\\/#breadcrumb\"},\"inLanguage\":\"pt-BR\",\"potentialAction\":[{\"@type\":\"ReadAction\",\"target\":[\"https:\\\/\\\/ocoerente.com.br\\\/se\\\/2025\\\/02\\\/09\\\/alerta-meteorologico-e-mantido-ate-sexta-feira-7\\\/\"]}]},{\"@type\":\"ImageObject\",\"inLanguage\":\"pt-BR\",\"@id\":\"https:\\\/\\\/ocoerente.com.br\\\/se\\\/2025\\\/02\\\/09\\\/alerta-meteorologico-e-mantido-ate-sexta-feira-7\\\/#primaryimage\",\"url\":\"https:\\\/\\\/ocoerente.com.br\\\/se\\\/wp-content\\\/uploads\\\/2025\\\/02\\\/8a43892.jpg\",\"contentUrl\":\"https:\\\/\\\/ocoerente.com.br\\\/se\\\/wp-content\\\/uploads\\\/2025\\\/02\\\/8a43892.jpg\",\"width\":1100,\"height\":610,\"caption\":\"Foto : Thiago Santos\"},{\"@type\":\"BreadcrumbList\",\"@id\":\"https:\\\/\\\/ocoerente.com.br\\\/se\\\/2025\\\/02\\\/09\\\/alerta-meteorologico-e-mantido-ate-sexta-feira-7\\\/#breadcrumb\",\"itemListElement\":[{\"@type\":\"ListItem\",\"position\":1,\"name\":\"In\u00edcio\",\"item\":\"https:\\\/\\\/ocoerente.com.br\\\/se\\\/\"},{\"@type\":\"ListItem\",\"position\":2,\"name\":\"Alerta meteorol\u00f3gico \u00e9 mantido at\u00e9 sexta-feira, 7\"}]},{\"@type\":\"WebSite\",\"@id\":\"https:\\\/\\\/ocoerente.com.br\\\/se\\\/#website\",\"url\":\"https:\\\/\\\/ocoerente.com.br\\\/se\\\/\",\"name\":\"O Coerente\",\"description\":\"\",\"publisher\":{\"@id\":\"https:\\\/\\\/ocoerente.com.br\\\/se\\\/#\\\/schema\\\/person\\\/cc6bfd9fbca465e23543b0c963d8d037\"},\"potentialAction\":[{\"@type\":\"SearchAction\",\"target\":{\"@type\":\"EntryPoint\",\"urlTemplate\":\"https:\\\/\\\/ocoerente.com.br\\\/se\\\/?s={search_term_string}\"},\"query-input\":{\"@type\":\"PropertyValueSpecification\",\"valueRequired\":true,\"valueName\":\"search_term_string\"}}],\"inLanguage\":\"pt-BR\"},{\"@type\":[\"Person\",\"Organization\"],\"@id\":\"https:\\\/\\\/ocoerente.com.br\\\/se\\\/#\\\/schema\\\/person\\\/cc6bfd9fbca465e23543b0c963d8d037\",\"name\":\"Reda\u00e7\u00e3o\",\"image\":{\"@type\":\"ImageObject\",\"inLanguage\":\"pt-BR\",\"@id\":\"https:\\\/\\\/ocoerente.com.br\\\/se\\\/wp-content\\\/uploads\\\/2020\\\/01\\\/ocoerente-1.png\",\"url\":\"https:\\\/\\\/ocoerente.com.br\\\/se\\\/wp-content\\\/uploads\\\/2020\\\/01\\\/ocoerente-1.png\",\"contentUrl\":\"https:\\\/\\\/ocoerente.com.br\\\/se\\\/wp-content\\\/uploads\\\/2020\\\/01\\\/ocoerente-1.png\",\"width\":50,\"height\":50,\"caption\":\"Reda\u00e7\u00e3o\"},\"logo\":{\"@id\":\"https:\\\/\\\/ocoerente.com.br\\\/se\\\/wp-content\\\/uploads\\\/2020\\\/01\\\/ocoerente-1.png\"},\"url\":\"https:\\\/\\\/ocoerente.com.br\\\/se\\\/author\\\/vasticlsales\\\/\"}]}<\/script>\n<!-- \/ Yoast SEO plugin. -->","yoast_head_json":{"title":"Alerta meteorol\u00f3gico \u00e9 mantido at\u00e9 sexta-feira, 7 - O Coerente","robots":{"index":"index","follow":"follow","max-snippet":"max-snippet:-1","max-image-preview":"max-image-preview:large","max-video-preview":"max-video-preview:-1"},"canonical":"https:\/\/ocoerente.com.br\/se\/2025\/02\/09\/alerta-meteorologico-e-mantido-ate-sexta-feira-7\/","og_locale":"pt_BR","og_type":"article","og_title":"Alerta meteorol\u00f3gico \u00e9 mantido at\u00e9 sexta-feira, 7 - O Coerente","og_description":"Estado pode ser atingido com chuvas intensas nas pr\u00f3ximas 24 horas O final de semana vai come\u00e7ar chuvoso em todo estado de Sergipe. A Ger\u00eancia de Meteorologia instalada na Secretaria de Estado do Meio Ambiente, Sustentabilidade e A\u00e7\u00f5es Clim\u00e1ticas (Semac) renovou o alerta meteorol\u00f3gico de chuvas moderadas a intensas acompanhadas de ventos fortes, trovoadas, chuvas [&hellip;]","og_url":"https:\/\/ocoerente.com.br\/se\/2025\/02\/09\/alerta-meteorologico-e-mantido-ate-sexta-feira-7\/","og_site_name":"O Coerente","article_published_time":"2025-02-09T03:09:26+00:00","article_modified_time":"2025-02-09T03:09:27+00:00","og_image":[{"width":1100,"height":610,"url":"https:\/\/ocoerente.com.br\/se\/wp-content\/uploads\/2025\/02\/8a43892.jpg","type":"image\/jpeg"}],"author":"Reda\u00e7\u00e3o","twitter_card":"summary_large_image","twitter_misc":{"Escrito por":"Reda\u00e7\u00e3o","Est. tempo de leitura":"2 minutos"},"schema":{"@context":"https:\/\/schema.org","@graph":[{"@type":"Article","@id":"https:\/\/ocoerente.com.br\/se\/2025\/02\/09\/alerta-meteorologico-e-mantido-ate-sexta-feira-7\/#article","isPartOf":{"@id":"https:\/\/ocoerente.com.br\/se\/2025\/02\/09\/alerta-meteorologico-e-mantido-ate-sexta-feira-7\/"},"author":{"name":"Reda\u00e7\u00e3o","@id":"https:\/\/ocoerente.com.br\/se\/#\/schema\/person\/cc6bfd9fbca465e23543b0c963d8d037"},"headline":"Alerta meteorol\u00f3gico \u00e9 mantido at\u00e9 sexta-feira, 7","datePublished":"2025-02-09T03:09:26+00:00","dateModified":"2025-02-09T03:09:27+00:00","mainEntityOfPage":{"@id":"https:\/\/ocoerente.com.br\/se\/2025\/02\/09\/alerta-meteorologico-e-mantido-ate-sexta-feira-7\/"},"wordCount":296,"publisher":{"@id":"https:\/\/ocoerente.com.br\/se\/#\/schema\/person\/cc6bfd9fbca465e23543b0c963d8d037"},"image":{"@id":"https:\/\/ocoerente.com.br\/se\/2025\/02\/09\/alerta-meteorologico-e-mantido-ate-sexta-feira-7\/#primaryimage"},"thumbnailUrl":"https:\/\/ocoerente.com.br\/se\/wp-content\/uploads\/2025\/02\/8a43892.jpg","articleSection":["Destaques","Sergipe"],"inLanguage":"pt-BR"},{"@type":"WebPage","@id":"https:\/\/ocoerente.com.br\/se\/2025\/02\/09\/alerta-meteorologico-e-mantido-ate-sexta-feira-7\/","url":"https:\/\/ocoerente.com.br\/se\/2025\/02\/09\/alerta-meteorologico-e-mantido-ate-sexta-feira-7\/","name":"Alerta meteorol\u00f3gico \u00e9 mantido at\u00e9 sexta-feira, 7 - O Coerente","isPartOf":{"@id":"https:\/\/ocoerente.com.br\/se\/#website"},"primaryImageOfPage":{"@id":"https:\/\/ocoerente.com.br\/se\/2025\/02\/09\/alerta-meteorologico-e-mantido-ate-sexta-feira-7\/#primaryimage"},"image":{"@id":"https:\/\/ocoerente.com.br\/se\/2025\/02\/09\/alerta-meteorologico-e-mantido-ate-sexta-feira-7\/#primaryimage"},"thumbnailUrl":"https:\/\/ocoerente.com.br\/se\/wp-content\/uploads\/2025\/02\/8a43892.jpg","datePublished":"2025-02-09T03:09:26+00:00","dateModified":"2025-02-09T03:09:27+00:00","breadcrumb":{"@id":"https:\/\/ocoerente.com.br\/se\/2025\/02\/09\/alerta-meteorologico-e-mantido-ate-sexta-feira-7\/#breadcrumb"},"inLanguage":"pt-BR","potentialAction":[{"@type":"ReadAction","target":["https:\/\/ocoerente.com.br\/se\/2025\/02\/09\/alerta-meteorologico-e-mantido-ate-sexta-feira-7\/"]}]},{"@type":"ImageObject","inLanguage":"pt-BR","@id":"https:\/\/ocoerente.com.br\/se\/2025\/02\/09\/alerta-meteorologico-e-mantido-ate-sexta-feira-7\/#primaryimage","url":"https:\/\/ocoerente.com.br\/se\/wp-content\/uploads\/2025\/02\/8a43892.jpg","contentUrl":"https:\/\/ocoerente.com.br\/se\/wp-content\/uploads\/2025\/02\/8a43892.jpg","width":1100,"height":610,"caption":"Foto : Thiago Santos"},{"@type":"BreadcrumbList","@id":"https:\/\/ocoerente.com.br\/se\/2025\/02\/09\/alerta-meteorologico-e-mantido-ate-sexta-feira-7\/#breadcrumb","itemListElement":[{"@type":"ListItem","position":1,"name":"In\u00edcio","item":"https:\/\/ocoerente.com.br\/se\/"},{"@type":"ListItem","position":2,"name":"Alerta meteorol\u00f3gico \u00e9 mantido at\u00e9 sexta-feira, 7"}]},{"@type":"WebSite","@id":"https:\/\/ocoerente.com.br\/se\/#website","url":"https:\/\/ocoerente.com.br\/se\/","name":"O Coerente","description":"","publisher":{"@id":"https:\/\/ocoerente.com.br\/se\/#\/schema\/person\/cc6bfd9fbca465e23543b0c963d8d037"},"potentialAction":[{"@type":"SearchAction","target":{"@type":"EntryPoint","urlTemplate":"https:\/\/ocoerente.com.br\/se\/?s={search_term_string}"},"query-input":{"@type":"PropertyValueSpecification","valueRequired":true,"valueName":"search_term_string"}}],"inLanguage":"pt-BR"},{"@type":["Person","Organization"],"@id":"https:\/\/ocoerente.com.br\/se\/#\/schema\/person\/cc6bfd9fbca465e23543b0c963d8d037","name":"Reda\u00e7\u00e3o","image":{"@type":"ImageObject","inLanguage":"pt-BR","@id":"https:\/\/ocoerente.com.br\/se\/wp-content\/uploads\/2020\/01\/ocoerente-1.png","url":"https:\/\/ocoerente.com.br\/se\/wp-content\/uploads\/2020\/01\/ocoerente-1.png","contentUrl":"https:\/\/ocoerente.com.br\/se\/wp-content\/uploads\/2020\/01\/ocoerente-1.png","width":50,"height":50,"caption":"Reda\u00e7\u00e3o"},"logo":{"@id":"https:\/\/ocoerente.com.br\/se\/wp-content\/uploads\/2020\/01\/ocoerente-1.png"},"url":"https:\/\/ocoerente.com.br\/se\/author\/vasticlsales\/"}]}},"_links":{"self":[{"href":"https:\/\/ocoerente.com.br\/se\/wp-json\/wp\/v2\/posts\/12515","targetHints":{"allow":["GET"]}}],"collection":[{"href":"https:\/\/ocoerente.com.br\/se\/wp-json\/wp\/v2\/posts"}],"about":[{"href":"https:\/\/ocoerente.com.br\/se\/wp-json\/wp\/v2\/types\/post"}],"author":[{"embeddable":true,"href":"https:\/\/ocoerente.com.br\/se\/wp-json\/wp\/v2\/users\/1"}],"replies":[{"embeddable":true,"href":"https:\/\/ocoerente.com.br\/se\/wp-json\/wp\/v2\/comments?post=12515"}],"version-history":[{"count":1,"href":"https:\/\/ocoerente.com.br\/se\/wp-json\/wp\/v2\/posts\/12515\/revisions"}],"predecessor-version":[{"id":12517,"href":"https:\/\/ocoerente.com.br\/se\/wp-json\/wp\/v2\/posts\/12515\/revisions\/12517"}],"wp:featuredmedia":[{"embeddable":true,"href":"https:\/\/ocoerente.com.br\/se\/wp-json\/wp\/v2\/media\/12516"}],"wp:attachment":[{"href":"https:\/\/ocoerente.com.br\/se\/wp-json\/wp\/v2\/media?parent=12515"}],"wp:term":[{"taxonomy":"category","embeddable":true,"href":"https:\/\/ocoerente.com.br\/se\/wp-json\/wp\/v2\/categories?post=12515"},{"taxonomy":"post_tag","embeddable":true,"href":"https:\/\/ocoerente.com.br\/se\/wp-json\/wp\/v2\/tags?post=12515"}],"curies":[{"name":"wp","href":"https:\/\/api.w.org\/{rel}","templated":true}]}}