{"id":1251,"date":"2020-06-23T23:34:00","date_gmt":"2020-06-24T02:34:00","guid":{"rendered":"http:\/\/ocoerente.com.br\/se\/?p=1251"},"modified":"2020-06-23T23:34:00","modified_gmt":"2020-06-24T02:34:00","slug":"prefeitura-promove-servicos-de-conservacao-na-orla-da-atalaia","status":"publish","type":"post","link":"https:\/\/ocoerente.com.br\/se\/2020\/06\/23\/prefeitura-promove-servicos-de-conservacao-na-orla-da-atalaia\/","title":{"rendered":"Prefeitura promove servi\u00e7os de conserva\u00e7\u00e3o na Orla da Atalaia"},"content":{"rendered":"<div class=\"single_post mbf clearfix\">\n<div>Por interm\u00e9dio da Empresa Municipal de Servi\u00e7os Urbanos (Emsurb), nesta segunda-feira 22, a Prefeitura de Aracaju deu prosseguimento \u00e0s a\u00e7\u00f5es, efetuadas rotineiramente, na Orla da Atalaia, zona Sul da capital.\u00a0<a href=\"https:\/\/www.aracaju.se.gov.br\/noticias\/85648\">A gest\u00e3o desta orla foi transferida para a administra\u00e7\u00e3o municipal, em mar\u00e7o passado<\/a>, ap\u00f3s meses de sucessivas reuni\u00f5es ocorridas com a Superintend\u00eancia do Patrim\u00f4nio da Uni\u00e3o em Sergipe (SPU\/SE) e o Governo do Estado.<\/div>\n<div><\/div>\n<div>A partir deste per\u00edodo, a empresa municipal deu in\u00edcio ao levantamento da situa\u00e7\u00e3o, com o objetivo de elaborar o planejamento e providenciar a execu\u00e7\u00e3o das atividades em todo o espa\u00e7o.<\/div>\n<div><\/div>\n<div>No cronograma desta segunda, por exemplo, estiveram inseridos servi\u00e7os como varri\u00e7\u00e3o e capinagem, esta \u00faltima ocorrendo de forma manual e mecanizada. Tamb\u00e9m o trabalho de higieniza\u00e7\u00e3o e recolhimento de lixo no canteiro central da Avenida Santos Dumont. J\u00e1 nas \u00e1reas verdes, as equipes atuaram por meio de tarefas de paisagismo, contemplando o gadanhamento, a retirada de galhos e de res\u00edduos.<\/div>\n<div><\/div>\n<div>Como previsto na programa\u00e7\u00e3o, tamb\u00e9m houve a retirada do alambrado que cerca a quadra poliesportiva, e que se encontrava danificado em decorr\u00eancia do tempo, para posterior substitui\u00e7\u00e3o, e a limpeza do monumento &#8220;Eu Amo Aracaju&#8221; que, no final de semana, foi alvo da a\u00e7\u00e3o de v\u00e2ndalos.<\/div>\n<div><\/div>\n<div>Al\u00e9m disso, t\u00e9cnicos da Secretaria Municipal da Defesa Social e da Cidadania (Semdec), atendendo solicita\u00e7\u00e3o da Emsurb, fizeram a an\u00e1lise e interdi\u00e7\u00e3o da passarela que d\u00e1 acesso \u00e0s faixas de areia.<\/div>\n<\/div>\n<div class=\"share_post mbf clearfix\">Compartilhar<\/p>\n<div class=\"socials clearfix\">\n<div id=\"st-1\" class=\"sharethis-inline-share-buttons st-center  st-inline-share-buttons st-animated\">\n<div class=\"st-btn st-first st-remove-label\" data-network=\"facebook\"><img decoding=\"async\" src=\"https:\/\/platform-cdn.sharethis.com\/img\/facebook.svg\" alt=\"facebook sharing button\" \/><\/div>\n<div data-network=\"facebook\"><\/div>\n<\/div>\n<\/div>\n<\/div>\n","protected":false},"excerpt":{"rendered":"<p>Por interm\u00e9dio da Empresa Municipal de Servi\u00e7os Urbanos (Emsurb), nesta segunda-feira 22, a Prefeitura de Aracaju deu prosseguimento \u00e0s a\u00e7\u00f5es, efetuadas rotineiramente, na Orla da Atalaia, zona Sul da capital.\u00a0A gest\u00e3o desta orla foi transferida para a administra\u00e7\u00e3o municipal, em mar\u00e7o passado, ap\u00f3s meses de sucessivas reuni\u00f5es ocorridas com a Superintend\u00eancia do Patrim\u00f4nio da Uni\u00e3o [&hellip;]<\/p>\n","protected":false},"author":1,"featured_media":1252,"comment_status":"closed","ping_status":"closed","sticky":false,"template":"","format":"standard","meta":{"footnotes":""},"categories":[53,43],"tags":[],"class_list":["post-1251","post","type-post","status-publish","format-standard","has-post-thumbnail","hentry","category-destaques","category-sergipe"],"yoast_head":"<!-- This site is optimized with the Yoast SEO plugin v27.5 - https:\/\/yoast.com\/product\/yoast-seo-wordpress\/ -->\n<title>Prefeitura promove servi\u00e7os de conserva\u00e7\u00e3o na Orla da Atalaia - O Coerente<\/title>\n<meta name=\"robots\" content=\"index, follow, max-snippet:-1, max-image-preview:large, max-video-preview:-1\" \/>\n<link rel=\"canonical\" href=\"https:\/\/ocoerente.com.br\/se\/2020\/06\/23\/prefeitura-promove-servicos-de-conservacao-na-orla-da-atalaia\/\" \/>\n<meta property=\"og:locale\" content=\"pt_BR\" \/>\n<meta property=\"og:type\" content=\"article\" \/>\n<meta property=\"og:title\" content=\"Prefeitura promove servi\u00e7os de conserva\u00e7\u00e3o na Orla da Atalaia - O Coerente\" \/>\n<meta property=\"og:description\" content=\"Por interm\u00e9dio da Empresa Municipal de Servi\u00e7os Urbanos (Emsurb), nesta segunda-feira 22, a Prefeitura de Aracaju deu prosseguimento \u00e0s a\u00e7\u00f5es, efetuadas rotineiramente, na Orla da Atalaia, zona Sul da capital.\u00a0A gest\u00e3o desta orla foi transferida para a administra\u00e7\u00e3o municipal, em mar\u00e7o passado, ap\u00f3s meses de sucessivas reuni\u00f5es ocorridas com a Superintend\u00eancia do Patrim\u00f4nio da Uni\u00e3o [&hellip;]\" \/>\n<meta property=\"og:url\" content=\"https:\/\/ocoerente.com.br\/se\/2020\/06\/23\/prefeitura-promove-servicos-de-conservacao-na-orla-da-atalaia\/\" \/>\n<meta property=\"og:site_name\" content=\"O Coerente\" \/>\n<meta property=\"article:published_time\" content=\"2020-06-24T02:34:00+00:00\" \/>\n<meta property=\"og:image\" content=\"https:\/\/ocoerente.com.br\/se\/wp-content\/uploads\/2020\/06\/967e7cd2_7dae_45a5_bcf0_dab818ca58e7.jpg\" \/>\n\t<meta property=\"og:image:width\" content=\"960\" \/>\n\t<meta property=\"og:image:height\" content=\"1280\" \/>\n\t<meta property=\"og:image:type\" content=\"image\/jpeg\" \/>\n<meta name=\"author\" content=\"Reda\u00e7\u00e3o\" \/>\n<meta name=\"twitter:card\" content=\"summary_large_image\" \/>\n<meta name=\"twitter:label1\" content=\"Escrito por\" \/>\n\t<meta name=\"twitter:data1\" content=\"Reda\u00e7\u00e3o\" \/>\n\t<meta name=\"twitter:label2\" content=\"Est. tempo de leitura\" \/>\n\t<meta name=\"twitter:data2\" content=\"1 minuto\" \/>\n<script type=\"application\/ld+json\" class=\"yoast-schema-graph\">{\"@context\":\"https:\\\/\\\/schema.org\",\"@graph\":[{\"@type\":\"Article\",\"@id\":\"https:\\\/\\\/ocoerente.com.br\\\/se\\\/2020\\\/06\\\/23\\\/prefeitura-promove-servicos-de-conservacao-na-orla-da-atalaia\\\/#article\",\"isPartOf\":{\"@id\":\"https:\\\/\\\/ocoerente.com.br\\\/se\\\/2020\\\/06\\\/23\\\/prefeitura-promove-servicos-de-conservacao-na-orla-da-atalaia\\\/\"},\"author\":{\"name\":\"Reda\u00e7\u00e3o\",\"@id\":\"https:\\\/\\\/ocoerente.com.br\\\/se\\\/#\\\/schema\\\/person\\\/cc6bfd9fbca465e23543b0c963d8d037\"},\"headline\":\"Prefeitura promove servi\u00e7os de conserva\u00e7\u00e3o na Orla da Atalaia\",\"datePublished\":\"2020-06-24T02:34:00+00:00\",\"mainEntityOfPage\":{\"@id\":\"https:\\\/\\\/ocoerente.com.br\\\/se\\\/2020\\\/06\\\/23\\\/prefeitura-promove-servicos-de-conservacao-na-orla-da-atalaia\\\/\"},\"wordCount\":275,\"publisher\":{\"@id\":\"https:\\\/\\\/ocoerente.com.br\\\/se\\\/#\\\/schema\\\/person\\\/cc6bfd9fbca465e23543b0c963d8d037\"},\"image\":{\"@id\":\"https:\\\/\\\/ocoerente.com.br\\\/se\\\/2020\\\/06\\\/23\\\/prefeitura-promove-servicos-de-conservacao-na-orla-da-atalaia\\\/#primaryimage\"},\"thumbnailUrl\":\"https:\\\/\\\/ocoerente.com.br\\\/se\\\/wp-content\\\/uploads\\\/2020\\\/06\\\/967e7cd2_7dae_45a5_bcf0_dab818ca58e7.jpg\",\"articleSection\":[\"Destaques\",\"Sergipe\"],\"inLanguage\":\"pt-BR\"},{\"@type\":\"WebPage\",\"@id\":\"https:\\\/\\\/ocoerente.com.br\\\/se\\\/2020\\\/06\\\/23\\\/prefeitura-promove-servicos-de-conservacao-na-orla-da-atalaia\\\/\",\"url\":\"https:\\\/\\\/ocoerente.com.br\\\/se\\\/2020\\\/06\\\/23\\\/prefeitura-promove-servicos-de-conservacao-na-orla-da-atalaia\\\/\",\"name\":\"Prefeitura promove servi\u00e7os de conserva\u00e7\u00e3o na Orla da Atalaia - O Coerente\",\"isPartOf\":{\"@id\":\"https:\\\/\\\/ocoerente.com.br\\\/se\\\/#website\"},\"primaryImageOfPage\":{\"@id\":\"https:\\\/\\\/ocoerente.com.br\\\/se\\\/2020\\\/06\\\/23\\\/prefeitura-promove-servicos-de-conservacao-na-orla-da-atalaia\\\/#primaryimage\"},\"image\":{\"@id\":\"https:\\\/\\\/ocoerente.com.br\\\/se\\\/2020\\\/06\\\/23\\\/prefeitura-promove-servicos-de-conservacao-na-orla-da-atalaia\\\/#primaryimage\"},\"thumbnailUrl\":\"https:\\\/\\\/ocoerente.com.br\\\/se\\\/wp-content\\\/uploads\\\/2020\\\/06\\\/967e7cd2_7dae_45a5_bcf0_dab818ca58e7.jpg\",\"datePublished\":\"2020-06-24T02:34:00+00:00\",\"breadcrumb\":{\"@id\":\"https:\\\/\\\/ocoerente.com.br\\\/se\\\/2020\\\/06\\\/23\\\/prefeitura-promove-servicos-de-conservacao-na-orla-da-atalaia\\\/#breadcrumb\"},\"inLanguage\":\"pt-BR\",\"potentialAction\":[{\"@type\":\"ReadAction\",\"target\":[\"https:\\\/\\\/ocoerente.com.br\\\/se\\\/2020\\\/06\\\/23\\\/prefeitura-promove-servicos-de-conservacao-na-orla-da-atalaia\\\/\"]}]},{\"@type\":\"ImageObject\",\"inLanguage\":\"pt-BR\",\"@id\":\"https:\\\/\\\/ocoerente.com.br\\\/se\\\/2020\\\/06\\\/23\\\/prefeitura-promove-servicos-de-conservacao-na-orla-da-atalaia\\\/#primaryimage\",\"url\":\"https:\\\/\\\/ocoerente.com.br\\\/se\\\/wp-content\\\/uploads\\\/2020\\\/06\\\/967e7cd2_7dae_45a5_bcf0_dab818ca58e7.jpg\",\"contentUrl\":\"https:\\\/\\\/ocoerente.com.br\\\/se\\\/wp-content\\\/uploads\\\/2020\\\/06\\\/967e7cd2_7dae_45a5_bcf0_dab818ca58e7.jpg\",\"width\":960,\"height\":1280},{\"@type\":\"BreadcrumbList\",\"@id\":\"https:\\\/\\\/ocoerente.com.br\\\/se\\\/2020\\\/06\\\/23\\\/prefeitura-promove-servicos-de-conservacao-na-orla-da-atalaia\\\/#breadcrumb\",\"itemListElement\":[{\"@type\":\"ListItem\",\"position\":1,\"name\":\"In\u00edcio\",\"item\":\"https:\\\/\\\/ocoerente.com.br\\\/se\\\/\"},{\"@type\":\"ListItem\",\"position\":2,\"name\":\"Prefeitura promove servi\u00e7os de conserva\u00e7\u00e3o na Orla da Atalaia\"}]},{\"@type\":\"WebSite\",\"@id\":\"https:\\\/\\\/ocoerente.com.br\\\/se\\\/#website\",\"url\":\"https:\\\/\\\/ocoerente.com.br\\\/se\\\/\",\"name\":\"O Coerente\",\"description\":\"\",\"publisher\":{\"@id\":\"https:\\\/\\\/ocoerente.com.br\\\/se\\\/#\\\/schema\\\/person\\\/cc6bfd9fbca465e23543b0c963d8d037\"},\"potentialAction\":[{\"@type\":\"SearchAction\",\"target\":{\"@type\":\"EntryPoint\",\"urlTemplate\":\"https:\\\/\\\/ocoerente.com.br\\\/se\\\/?s={search_term_string}\"},\"query-input\":{\"@type\":\"PropertyValueSpecification\",\"valueRequired\":true,\"valueName\":\"search_term_string\"}}],\"inLanguage\":\"pt-BR\"},{\"@type\":[\"Person\",\"Organization\"],\"@id\":\"https:\\\/\\\/ocoerente.com.br\\\/se\\\/#\\\/schema\\\/person\\\/cc6bfd9fbca465e23543b0c963d8d037\",\"name\":\"Reda\u00e7\u00e3o\",\"image\":{\"@type\":\"ImageObject\",\"inLanguage\":\"pt-BR\",\"@id\":\"https:\\\/\\\/ocoerente.com.br\\\/se\\\/wp-content\\\/uploads\\\/2020\\\/01\\\/ocoerente-1.png\",\"url\":\"https:\\\/\\\/ocoerente.com.br\\\/se\\\/wp-content\\\/uploads\\\/2020\\\/01\\\/ocoerente-1.png\",\"contentUrl\":\"https:\\\/\\\/ocoerente.com.br\\\/se\\\/wp-content\\\/uploads\\\/2020\\\/01\\\/ocoerente-1.png\",\"width\":50,\"height\":50,\"caption\":\"Reda\u00e7\u00e3o\"},\"logo\":{\"@id\":\"https:\\\/\\\/ocoerente.com.br\\\/se\\\/wp-content\\\/uploads\\\/2020\\\/01\\\/ocoerente-1.png\"},\"url\":\"https:\\\/\\\/ocoerente.com.br\\\/se\\\/author\\\/vasticlsales\\\/\"}]}<\/script>\n<!-- \/ Yoast SEO plugin. -->","yoast_head_json":{"title":"Prefeitura promove servi\u00e7os de conserva\u00e7\u00e3o na Orla da Atalaia - O Coerente","robots":{"index":"index","follow":"follow","max-snippet":"max-snippet:-1","max-image-preview":"max-image-preview:large","max-video-preview":"max-video-preview:-1"},"canonical":"https:\/\/ocoerente.com.br\/se\/2020\/06\/23\/prefeitura-promove-servicos-de-conservacao-na-orla-da-atalaia\/","og_locale":"pt_BR","og_type":"article","og_title":"Prefeitura promove servi\u00e7os de conserva\u00e7\u00e3o na Orla da Atalaia - O Coerente","og_description":"Por interm\u00e9dio da Empresa Municipal de Servi\u00e7os Urbanos (Emsurb), nesta segunda-feira 22, a Prefeitura de Aracaju deu prosseguimento \u00e0s a\u00e7\u00f5es, efetuadas rotineiramente, na Orla da Atalaia, zona Sul da capital.\u00a0A gest\u00e3o desta orla foi transferida para a administra\u00e7\u00e3o municipal, em mar\u00e7o passado, ap\u00f3s meses de sucessivas reuni\u00f5es ocorridas com a Superintend\u00eancia do Patrim\u00f4nio da Uni\u00e3o [&hellip;]","og_url":"https:\/\/ocoerente.com.br\/se\/2020\/06\/23\/prefeitura-promove-servicos-de-conservacao-na-orla-da-atalaia\/","og_site_name":"O Coerente","article_published_time":"2020-06-24T02:34:00+00:00","og_image":[{"width":960,"height":1280,"url":"https:\/\/ocoerente.com.br\/se\/wp-content\/uploads\/2020\/06\/967e7cd2_7dae_45a5_bcf0_dab818ca58e7.jpg","type":"image\/jpeg"}],"author":"Reda\u00e7\u00e3o","twitter_card":"summary_large_image","twitter_misc":{"Escrito por":"Reda\u00e7\u00e3o","Est. tempo de leitura":"1 minuto"},"schema":{"@context":"https:\/\/schema.org","@graph":[{"@type":"Article","@id":"https:\/\/ocoerente.com.br\/se\/2020\/06\/23\/prefeitura-promove-servicos-de-conservacao-na-orla-da-atalaia\/#article","isPartOf":{"@id":"https:\/\/ocoerente.com.br\/se\/2020\/06\/23\/prefeitura-promove-servicos-de-conservacao-na-orla-da-atalaia\/"},"author":{"name":"Reda\u00e7\u00e3o","@id":"https:\/\/ocoerente.com.br\/se\/#\/schema\/person\/cc6bfd9fbca465e23543b0c963d8d037"},"headline":"Prefeitura promove servi\u00e7os de conserva\u00e7\u00e3o na Orla da Atalaia","datePublished":"2020-06-24T02:34:00+00:00","mainEntityOfPage":{"@id":"https:\/\/ocoerente.com.br\/se\/2020\/06\/23\/prefeitura-promove-servicos-de-conservacao-na-orla-da-atalaia\/"},"wordCount":275,"publisher":{"@id":"https:\/\/ocoerente.com.br\/se\/#\/schema\/person\/cc6bfd9fbca465e23543b0c963d8d037"},"image":{"@id":"https:\/\/ocoerente.com.br\/se\/2020\/06\/23\/prefeitura-promove-servicos-de-conservacao-na-orla-da-atalaia\/#primaryimage"},"thumbnailUrl":"https:\/\/ocoerente.com.br\/se\/wp-content\/uploads\/2020\/06\/967e7cd2_7dae_45a5_bcf0_dab818ca58e7.jpg","articleSection":["Destaques","Sergipe"],"inLanguage":"pt-BR"},{"@type":"WebPage","@id":"https:\/\/ocoerente.com.br\/se\/2020\/06\/23\/prefeitura-promove-servicos-de-conservacao-na-orla-da-atalaia\/","url":"https:\/\/ocoerente.com.br\/se\/2020\/06\/23\/prefeitura-promove-servicos-de-conservacao-na-orla-da-atalaia\/","name":"Prefeitura promove servi\u00e7os de conserva\u00e7\u00e3o na Orla da Atalaia - O Coerente","isPartOf":{"@id":"https:\/\/ocoerente.com.br\/se\/#website"},"primaryImageOfPage":{"@id":"https:\/\/ocoerente.com.br\/se\/2020\/06\/23\/prefeitura-promove-servicos-de-conservacao-na-orla-da-atalaia\/#primaryimage"},"image":{"@id":"https:\/\/ocoerente.com.br\/se\/2020\/06\/23\/prefeitura-promove-servicos-de-conservacao-na-orla-da-atalaia\/#primaryimage"},"thumbnailUrl":"https:\/\/ocoerente.com.br\/se\/wp-content\/uploads\/2020\/06\/967e7cd2_7dae_45a5_bcf0_dab818ca58e7.jpg","datePublished":"2020-06-24T02:34:00+00:00","breadcrumb":{"@id":"https:\/\/ocoerente.com.br\/se\/2020\/06\/23\/prefeitura-promove-servicos-de-conservacao-na-orla-da-atalaia\/#breadcrumb"},"inLanguage":"pt-BR","potentialAction":[{"@type":"ReadAction","target":["https:\/\/ocoerente.com.br\/se\/2020\/06\/23\/prefeitura-promove-servicos-de-conservacao-na-orla-da-atalaia\/"]}]},{"@type":"ImageObject","inLanguage":"pt-BR","@id":"https:\/\/ocoerente.com.br\/se\/2020\/06\/23\/prefeitura-promove-servicos-de-conservacao-na-orla-da-atalaia\/#primaryimage","url":"https:\/\/ocoerente.com.br\/se\/wp-content\/uploads\/2020\/06\/967e7cd2_7dae_45a5_bcf0_dab818ca58e7.jpg","contentUrl":"https:\/\/ocoerente.com.br\/se\/wp-content\/uploads\/2020\/06\/967e7cd2_7dae_45a5_bcf0_dab818ca58e7.jpg","width":960,"height":1280},{"@type":"BreadcrumbList","@id":"https:\/\/ocoerente.com.br\/se\/2020\/06\/23\/prefeitura-promove-servicos-de-conservacao-na-orla-da-atalaia\/#breadcrumb","itemListElement":[{"@type":"ListItem","position":1,"name":"In\u00edcio","item":"https:\/\/ocoerente.com.br\/se\/"},{"@type":"ListItem","position":2,"name":"Prefeitura promove servi\u00e7os de conserva\u00e7\u00e3o na Orla da Atalaia"}]},{"@type":"WebSite","@id":"https:\/\/ocoerente.com.br\/se\/#website","url":"https:\/\/ocoerente.com.br\/se\/","name":"O Coerente","description":"","publisher":{"@id":"https:\/\/ocoerente.com.br\/se\/#\/schema\/person\/cc6bfd9fbca465e23543b0c963d8d037"},"potentialAction":[{"@type":"SearchAction","target":{"@type":"EntryPoint","urlTemplate":"https:\/\/ocoerente.com.br\/se\/?s={search_term_string}"},"query-input":{"@type":"PropertyValueSpecification","valueRequired":true,"valueName":"search_term_string"}}],"inLanguage":"pt-BR"},{"@type":["Person","Organization"],"@id":"https:\/\/ocoerente.com.br\/se\/#\/schema\/person\/cc6bfd9fbca465e23543b0c963d8d037","name":"Reda\u00e7\u00e3o","image":{"@type":"ImageObject","inLanguage":"pt-BR","@id":"https:\/\/ocoerente.com.br\/se\/wp-content\/uploads\/2020\/01\/ocoerente-1.png","url":"https:\/\/ocoerente.com.br\/se\/wp-content\/uploads\/2020\/01\/ocoerente-1.png","contentUrl":"https:\/\/ocoerente.com.br\/se\/wp-content\/uploads\/2020\/01\/ocoerente-1.png","width":50,"height":50,"caption":"Reda\u00e7\u00e3o"},"logo":{"@id":"https:\/\/ocoerente.com.br\/se\/wp-content\/uploads\/2020\/01\/ocoerente-1.png"},"url":"https:\/\/ocoerente.com.br\/se\/author\/vasticlsales\/"}]}},"_links":{"self":[{"href":"https:\/\/ocoerente.com.br\/se\/wp-json\/wp\/v2\/posts\/1251","targetHints":{"allow":["GET"]}}],"collection":[{"href":"https:\/\/ocoerente.com.br\/se\/wp-json\/wp\/v2\/posts"}],"about":[{"href":"https:\/\/ocoerente.com.br\/se\/wp-json\/wp\/v2\/types\/post"}],"author":[{"embeddable":true,"href":"https:\/\/ocoerente.com.br\/se\/wp-json\/wp\/v2\/users\/1"}],"replies":[{"embeddable":true,"href":"https:\/\/ocoerente.com.br\/se\/wp-json\/wp\/v2\/comments?post=1251"}],"version-history":[{"count":1,"href":"https:\/\/ocoerente.com.br\/se\/wp-json\/wp\/v2\/posts\/1251\/revisions"}],"predecessor-version":[{"id":1253,"href":"https:\/\/ocoerente.com.br\/se\/wp-json\/wp\/v2\/posts\/1251\/revisions\/1253"}],"wp:featuredmedia":[{"embeddable":true,"href":"https:\/\/ocoerente.com.br\/se\/wp-json\/wp\/v2\/media\/1252"}],"wp:attachment":[{"href":"https:\/\/ocoerente.com.br\/se\/wp-json\/wp\/v2\/media?parent=1251"}],"wp:term":[{"taxonomy":"category","embeddable":true,"href":"https:\/\/ocoerente.com.br\/se\/wp-json\/wp\/v2\/categories?post=1251"},{"taxonomy":"post_tag","embeddable":true,"href":"https:\/\/ocoerente.com.br\/se\/wp-json\/wp\/v2\/tags?post=1251"}],"curies":[{"name":"wp","href":"https:\/\/api.w.org\/{rel}","templated":true}]}}