{"id":1245,"date":"2020-06-23T23:30:21","date_gmt":"2020-06-24T02:30:21","guid":{"rendered":"http:\/\/ocoerente.com.br\/se\/?p=1245"},"modified":"2020-06-23T23:30:21","modified_gmt":"2020-06-24T02:30:21","slug":"prefeitura-inicia-mais-uma-etapa-de-distribuicao-dos-kits-de-alimentacao-escolar","status":"publish","type":"post","link":"https:\/\/ocoerente.com.br\/se\/2020\/06\/23\/prefeitura-inicia-mais-uma-etapa-de-distribuicao-dos-kits-de-alimentacao-escolar\/","title":{"rendered":"Prefeitura inicia mais uma etapa de distribui\u00e7\u00e3o dos kits de alimenta\u00e7\u00e3o escolar"},"content":{"rendered":"<p>O compromisso da Prefeitura de Aracaju em garantir o suporte nutricional necess\u00e1rio para os alunos da rede municipal de ensino \u00e9 cont\u00ednuo. Assim, nesta segunda-feira, 22, a Secretaria Municipal da Educa\u00e7\u00e3o (Semed) iniciou mais uma etapa da entrega de kits de alimenta\u00e7\u00e3o escolar para os 32 mil alunos da rede.<\/p>\n<p>At\u00e9 o pr\u00f3ximo dia 1\u00b0, ser\u00e3o cerca de 250 toneladas de alimentos distribu\u00eddos nas 74 escolas municipais de Aracaju. Cada estudante tem direito a um kit, que \u00e9 composto por alimentos que seriam servidos na merenda escolar, como arroz, feij\u00e3o, macarr\u00e3o, caf\u00e9, frango, entre outros.<\/p>\n<p>Neste primeiro dia de entrega, foram atendidas sete escolas dos bairros Santa Maria e 17 de Mar\u00e7o. Uma das beneficiadas foi a diarista Andreza Pereira, que tem dois filhos matriculados na Escola Municipal de Ensino Fundamental (Emef) Papa Jo\u00e3o Paulo II e teve direito a dois kits.<\/p>\n<p>&#8220;Essa \u00e9 uma iniciativa muito interessante da Prefeitura, pois n\u00e3o ajuda s\u00f3 a mim, que estou desempregada no momento, mas tamb\u00e9m a muitas outras m\u00e3es que est\u00e3o na mesma situa\u00e7\u00e3o. Eu conhe\u00e7o v\u00e1rias crian\u00e7as que s\u00f3 t\u00eam uma alimenta\u00e7\u00e3o de qualidade na escola e agora, que est\u00e3o em casa, podem usufruir disso&#8221;, destaca Andreza.<\/p>\n<p>A iniciativa da Prefeitura de Aracaju, coordenada pela Semed, leva em considera\u00e7\u00e3o a import\u00e2ncia da merenda escolar para o desenvolvimento dos alunos, mesmo com as aulas suspensas devido \u00e0 pandemia do novo coronav\u00edrus.\u00a0<a href=\"https:\/\/www.aracaju.se.gov.br\/noticias\/86677\">At\u00e9 o momento, 500 toneladas de alimentos j\u00e1 foram distribu\u00eddas<\/a>. Ao final desta etapa, ser\u00e3o 750 toneladas entregues aos estudantes em apenas tr\u00eas meses.<\/p>\n<p>A dona de casa Erisl\u00e2nia Vieira retirou dois kits por ter dois filhos matriculados na Emef Laonte Gama da Silva. &#8220;Est\u00e1 sendo muito bom, pois algumas vezes n\u00e3o temos o que comer em casa e agora tem. Gostei muito da iniciativa pois os alimentos s\u00e3o de qualidade&#8221;, comemora Erisl\u00e2nia.<\/p>\n<p>Para garantir a seguran\u00e7a dos pais de alunos e tamb\u00e9m dos servidores envolvidos na a\u00e7\u00e3o, todas as medidas de higiene e e distanciamento est\u00e3o sendo adotadas, como utiliza\u00e7\u00e3o de \u00e1lcool em gel, limpeza frequente em cadeiras e \u00e1reas comuns e distanciamento entre as pessoas. Mais uma vez, as For\u00e7as Armadas colaboram com a distribui\u00e7\u00e3o dos kits.<\/p>\n<p>Para Ant\u00f4nio Barros, que tem uma filha matriculada na Emei Irene Rom\u00e3o de Brito, o kit veio em boa hora. &#8220;Eu estou desempregado e a minha esposa teve o hor\u00e1rio de trabalho reduzido por conta da pandemia, ent\u00e3o, sempre \u00e9 uma ajuda l\u00e1 na casa. Esta iniciativa est\u00e1 ajudando a n\u00e3o faltar nada na nossa mesa e eu n\u00e3o tenho nada para me queixar, pois todos os itens s\u00e3o de boa qualidade&#8221;, afirma Ant\u00f4nio.<\/p>\n<p>&#8220;Ser\u00e3o oito dias \u00fateis ininterruptos de entrega, contemplando todas as nossas 74 escolas, espalhadas por toda a cidade.\u00a0 Cada pai ou respons\u00e1vel pode comparecer \u00e0 escola no dia marcado, munido de um documento pessoal com foto e tamb\u00e9m um documento do aluno. Lembrando que \u00e9 permitida a entrada apenas de uma pessoa da fam\u00edlia, as crian\u00e7as devem ficar em casa e todos dever\u00e3o usar m\u00e1scara&#8221;, enfatiza a secret\u00e1ria municipal da Educa\u00e7\u00e3o, Maria Cec\u00edlia Leite.<\/p>\n<p>Nesta ter\u00e7a-feira, dia 23, a distribui\u00e7\u00e3o segue sendo feita pelas escolas dos bairros Farol\u00e2ndia, Aeroporto e Zona de Expans\u00e3o. Confira\u00a0<a href=\"https:\/\/www.aracaju.se.gov.br\/noticias\/86756\">aqui<\/a>\u00a0o cronograma de distribui\u00e7\u00e3o.<\/p>\n<p>&nbsp;<\/p>\n","protected":false},"excerpt":{"rendered":"<p>O compromisso da Prefeitura de Aracaju em garantir o suporte nutricional necess\u00e1rio para os alunos da rede municipal de ensino \u00e9 cont\u00ednuo. Assim, nesta segunda-feira, 22, a Secretaria Municipal da Educa\u00e7\u00e3o (Semed) iniciou mais uma etapa da entrega de kits de alimenta\u00e7\u00e3o escolar para os 32 mil alunos da rede. At\u00e9 o pr\u00f3ximo dia 1\u00b0, [&hellip;]<\/p>\n","protected":false},"author":1,"featured_media":1246,"comment_status":"closed","ping_status":"closed","sticky":false,"template":"","format":"standard","meta":{"footnotes":""},"categories":[53,43],"tags":[],"class_list":["post-1245","post","type-post","status-publish","format-standard","has-post-thumbnail","hentry","category-destaques","category-sergipe"],"yoast_head":"<!-- This site is optimized with the Yoast SEO plugin v27.5 - https:\/\/yoast.com\/product\/yoast-seo-wordpress\/ -->\n<title>Prefeitura inicia mais uma etapa de distribui\u00e7\u00e3o dos kits de alimenta\u00e7\u00e3o escolar - O Coerente<\/title>\n<meta name=\"robots\" content=\"index, follow, max-snippet:-1, max-image-preview:large, max-video-preview:-1\" \/>\n<link rel=\"canonical\" href=\"https:\/\/ocoerente.com.br\/se\/2020\/06\/23\/prefeitura-inicia-mais-uma-etapa-de-distribuicao-dos-kits-de-alimentacao-escolar\/\" \/>\n<meta property=\"og:locale\" content=\"pt_BR\" \/>\n<meta property=\"og:type\" content=\"article\" \/>\n<meta property=\"og:title\" content=\"Prefeitura inicia mais uma etapa de distribui\u00e7\u00e3o dos kits de alimenta\u00e7\u00e3o escolar - O Coerente\" \/>\n<meta property=\"og:description\" content=\"O compromisso da Prefeitura de Aracaju em garantir o suporte nutricional necess\u00e1rio para os alunos da rede municipal de ensino \u00e9 cont\u00ednuo. Assim, nesta segunda-feira, 22, a Secretaria Municipal da Educa\u00e7\u00e3o (Semed) iniciou mais uma etapa da entrega de kits de alimenta\u00e7\u00e3o escolar para os 32 mil alunos da rede. At\u00e9 o pr\u00f3ximo dia 1\u00b0, [&hellip;]\" \/>\n<meta property=\"og:url\" content=\"https:\/\/ocoerente.com.br\/se\/2020\/06\/23\/prefeitura-inicia-mais-uma-etapa-de-distribuicao-dos-kits-de-alimentacao-escolar\/\" \/>\n<meta property=\"og:site_name\" content=\"O Coerente\" \/>\n<meta property=\"article:published_time\" content=\"2020-06-24T02:30:21+00:00\" \/>\n<meta property=\"og:image\" content=\"https:\/\/ocoerente.com.br\/se\/wp-content\/uploads\/2020\/06\/p_20200622_093436_1-scaled.jpg\" \/>\n\t<meta property=\"og:image:width\" content=\"2560\" \/>\n\t<meta property=\"og:image:height\" content=\"1920\" \/>\n\t<meta property=\"og:image:type\" content=\"image\/jpeg\" \/>\n<meta name=\"author\" content=\"Reda\u00e7\u00e3o\" \/>\n<meta name=\"twitter:card\" content=\"summary_large_image\" \/>\n<meta name=\"twitter:label1\" content=\"Escrito por\" \/>\n\t<meta name=\"twitter:data1\" content=\"Reda\u00e7\u00e3o\" \/>\n\t<meta name=\"twitter:label2\" content=\"Est. tempo de leitura\" \/>\n\t<meta name=\"twitter:data2\" content=\"3 minutos\" \/>\n<script type=\"application\/ld+json\" class=\"yoast-schema-graph\">{\"@context\":\"https:\\\/\\\/schema.org\",\"@graph\":[{\"@type\":\"Article\",\"@id\":\"https:\\\/\\\/ocoerente.com.br\\\/se\\\/2020\\\/06\\\/23\\\/prefeitura-inicia-mais-uma-etapa-de-distribuicao-dos-kits-de-alimentacao-escolar\\\/#article\",\"isPartOf\":{\"@id\":\"https:\\\/\\\/ocoerente.com.br\\\/se\\\/2020\\\/06\\\/23\\\/prefeitura-inicia-mais-uma-etapa-de-distribuicao-dos-kits-de-alimentacao-escolar\\\/\"},\"author\":{\"name\":\"Reda\u00e7\u00e3o\",\"@id\":\"https:\\\/\\\/ocoerente.com.br\\\/se\\\/#\\\/schema\\\/person\\\/cc6bfd9fbca465e23543b0c963d8d037\"},\"headline\":\"Prefeitura inicia mais uma etapa de distribui\u00e7\u00e3o dos kits de alimenta\u00e7\u00e3o escolar\",\"datePublished\":\"2020-06-24T02:30:21+00:00\",\"mainEntityOfPage\":{\"@id\":\"https:\\\/\\\/ocoerente.com.br\\\/se\\\/2020\\\/06\\\/23\\\/prefeitura-inicia-mais-uma-etapa-de-distribuicao-dos-kits-de-alimentacao-escolar\\\/\"},\"wordCount\":591,\"publisher\":{\"@id\":\"https:\\\/\\\/ocoerente.com.br\\\/se\\\/#\\\/schema\\\/person\\\/cc6bfd9fbca465e23543b0c963d8d037\"},\"image\":{\"@id\":\"https:\\\/\\\/ocoerente.com.br\\\/se\\\/2020\\\/06\\\/23\\\/prefeitura-inicia-mais-uma-etapa-de-distribuicao-dos-kits-de-alimentacao-escolar\\\/#primaryimage\"},\"thumbnailUrl\":\"https:\\\/\\\/ocoerente.com.br\\\/se\\\/wp-content\\\/uploads\\\/2020\\\/06\\\/p_20200622_093436_1-scaled.jpg\",\"articleSection\":[\"Destaques\",\"Sergipe\"],\"inLanguage\":\"pt-BR\"},{\"@type\":\"WebPage\",\"@id\":\"https:\\\/\\\/ocoerente.com.br\\\/se\\\/2020\\\/06\\\/23\\\/prefeitura-inicia-mais-uma-etapa-de-distribuicao-dos-kits-de-alimentacao-escolar\\\/\",\"url\":\"https:\\\/\\\/ocoerente.com.br\\\/se\\\/2020\\\/06\\\/23\\\/prefeitura-inicia-mais-uma-etapa-de-distribuicao-dos-kits-de-alimentacao-escolar\\\/\",\"name\":\"Prefeitura inicia mais uma etapa de distribui\u00e7\u00e3o dos kits de alimenta\u00e7\u00e3o escolar - O Coerente\",\"isPartOf\":{\"@id\":\"https:\\\/\\\/ocoerente.com.br\\\/se\\\/#website\"},\"primaryImageOfPage\":{\"@id\":\"https:\\\/\\\/ocoerente.com.br\\\/se\\\/2020\\\/06\\\/23\\\/prefeitura-inicia-mais-uma-etapa-de-distribuicao-dos-kits-de-alimentacao-escolar\\\/#primaryimage\"},\"image\":{\"@id\":\"https:\\\/\\\/ocoerente.com.br\\\/se\\\/2020\\\/06\\\/23\\\/prefeitura-inicia-mais-uma-etapa-de-distribuicao-dos-kits-de-alimentacao-escolar\\\/#primaryimage\"},\"thumbnailUrl\":\"https:\\\/\\\/ocoerente.com.br\\\/se\\\/wp-content\\\/uploads\\\/2020\\\/06\\\/p_20200622_093436_1-scaled.jpg\",\"datePublished\":\"2020-06-24T02:30:21+00:00\",\"breadcrumb\":{\"@id\":\"https:\\\/\\\/ocoerente.com.br\\\/se\\\/2020\\\/06\\\/23\\\/prefeitura-inicia-mais-uma-etapa-de-distribuicao-dos-kits-de-alimentacao-escolar\\\/#breadcrumb\"},\"inLanguage\":\"pt-BR\",\"potentialAction\":[{\"@type\":\"ReadAction\",\"target\":[\"https:\\\/\\\/ocoerente.com.br\\\/se\\\/2020\\\/06\\\/23\\\/prefeitura-inicia-mais-uma-etapa-de-distribuicao-dos-kits-de-alimentacao-escolar\\\/\"]}]},{\"@type\":\"ImageObject\",\"inLanguage\":\"pt-BR\",\"@id\":\"https:\\\/\\\/ocoerente.com.br\\\/se\\\/2020\\\/06\\\/23\\\/prefeitura-inicia-mais-uma-etapa-de-distribuicao-dos-kits-de-alimentacao-escolar\\\/#primaryimage\",\"url\":\"https:\\\/\\\/ocoerente.com.br\\\/se\\\/wp-content\\\/uploads\\\/2020\\\/06\\\/p_20200622_093436_1-scaled.jpg\",\"contentUrl\":\"https:\\\/\\\/ocoerente.com.br\\\/se\\\/wp-content\\\/uploads\\\/2020\\\/06\\\/p_20200622_093436_1-scaled.jpg\",\"width\":2560,\"height\":1920},{\"@type\":\"BreadcrumbList\",\"@id\":\"https:\\\/\\\/ocoerente.com.br\\\/se\\\/2020\\\/06\\\/23\\\/prefeitura-inicia-mais-uma-etapa-de-distribuicao-dos-kits-de-alimentacao-escolar\\\/#breadcrumb\",\"itemListElement\":[{\"@type\":\"ListItem\",\"position\":1,\"name\":\"In\u00edcio\",\"item\":\"https:\\\/\\\/ocoerente.com.br\\\/se\\\/\"},{\"@type\":\"ListItem\",\"position\":2,\"name\":\"Prefeitura inicia mais uma etapa de distribui\u00e7\u00e3o dos kits de alimenta\u00e7\u00e3o escolar\"}]},{\"@type\":\"WebSite\",\"@id\":\"https:\\\/\\\/ocoerente.com.br\\\/se\\\/#website\",\"url\":\"https:\\\/\\\/ocoerente.com.br\\\/se\\\/\",\"name\":\"O Coerente\",\"description\":\"\",\"publisher\":{\"@id\":\"https:\\\/\\\/ocoerente.com.br\\\/se\\\/#\\\/schema\\\/person\\\/cc6bfd9fbca465e23543b0c963d8d037\"},\"potentialAction\":[{\"@type\":\"SearchAction\",\"target\":{\"@type\":\"EntryPoint\",\"urlTemplate\":\"https:\\\/\\\/ocoerente.com.br\\\/se\\\/?s={search_term_string}\"},\"query-input\":{\"@type\":\"PropertyValueSpecification\",\"valueRequired\":true,\"valueName\":\"search_term_string\"}}],\"inLanguage\":\"pt-BR\"},{\"@type\":[\"Person\",\"Organization\"],\"@id\":\"https:\\\/\\\/ocoerente.com.br\\\/se\\\/#\\\/schema\\\/person\\\/cc6bfd9fbca465e23543b0c963d8d037\",\"name\":\"Reda\u00e7\u00e3o\",\"image\":{\"@type\":\"ImageObject\",\"inLanguage\":\"pt-BR\",\"@id\":\"https:\\\/\\\/ocoerente.com.br\\\/se\\\/wp-content\\\/uploads\\\/2020\\\/01\\\/ocoerente-1.png\",\"url\":\"https:\\\/\\\/ocoerente.com.br\\\/se\\\/wp-content\\\/uploads\\\/2020\\\/01\\\/ocoerente-1.png\",\"contentUrl\":\"https:\\\/\\\/ocoerente.com.br\\\/se\\\/wp-content\\\/uploads\\\/2020\\\/01\\\/ocoerente-1.png\",\"width\":50,\"height\":50,\"caption\":\"Reda\u00e7\u00e3o\"},\"logo\":{\"@id\":\"https:\\\/\\\/ocoerente.com.br\\\/se\\\/wp-content\\\/uploads\\\/2020\\\/01\\\/ocoerente-1.png\"},\"url\":\"https:\\\/\\\/ocoerente.com.br\\\/se\\\/author\\\/vasticlsales\\\/\"}]}<\/script>\n<!-- \/ Yoast SEO plugin. -->","yoast_head_json":{"title":"Prefeitura inicia mais uma etapa de distribui\u00e7\u00e3o dos kits de alimenta\u00e7\u00e3o escolar - O Coerente","robots":{"index":"index","follow":"follow","max-snippet":"max-snippet:-1","max-image-preview":"max-image-preview:large","max-video-preview":"max-video-preview:-1"},"canonical":"https:\/\/ocoerente.com.br\/se\/2020\/06\/23\/prefeitura-inicia-mais-uma-etapa-de-distribuicao-dos-kits-de-alimentacao-escolar\/","og_locale":"pt_BR","og_type":"article","og_title":"Prefeitura inicia mais uma etapa de distribui\u00e7\u00e3o dos kits de alimenta\u00e7\u00e3o escolar - O Coerente","og_description":"O compromisso da Prefeitura de Aracaju em garantir o suporte nutricional necess\u00e1rio para os alunos da rede municipal de ensino \u00e9 cont\u00ednuo. Assim, nesta segunda-feira, 22, a Secretaria Municipal da Educa\u00e7\u00e3o (Semed) iniciou mais uma etapa da entrega de kits de alimenta\u00e7\u00e3o escolar para os 32 mil alunos da rede. At\u00e9 o pr\u00f3ximo dia 1\u00b0, [&hellip;]","og_url":"https:\/\/ocoerente.com.br\/se\/2020\/06\/23\/prefeitura-inicia-mais-uma-etapa-de-distribuicao-dos-kits-de-alimentacao-escolar\/","og_site_name":"O Coerente","article_published_time":"2020-06-24T02:30:21+00:00","og_image":[{"width":2560,"height":1920,"url":"https:\/\/ocoerente.com.br\/se\/wp-content\/uploads\/2020\/06\/p_20200622_093436_1-scaled.jpg","type":"image\/jpeg"}],"author":"Reda\u00e7\u00e3o","twitter_card":"summary_large_image","twitter_misc":{"Escrito por":"Reda\u00e7\u00e3o","Est. tempo de leitura":"3 minutos"},"schema":{"@context":"https:\/\/schema.org","@graph":[{"@type":"Article","@id":"https:\/\/ocoerente.com.br\/se\/2020\/06\/23\/prefeitura-inicia-mais-uma-etapa-de-distribuicao-dos-kits-de-alimentacao-escolar\/#article","isPartOf":{"@id":"https:\/\/ocoerente.com.br\/se\/2020\/06\/23\/prefeitura-inicia-mais-uma-etapa-de-distribuicao-dos-kits-de-alimentacao-escolar\/"},"author":{"name":"Reda\u00e7\u00e3o","@id":"https:\/\/ocoerente.com.br\/se\/#\/schema\/person\/cc6bfd9fbca465e23543b0c963d8d037"},"headline":"Prefeitura inicia mais uma etapa de distribui\u00e7\u00e3o dos kits de alimenta\u00e7\u00e3o escolar","datePublished":"2020-06-24T02:30:21+00:00","mainEntityOfPage":{"@id":"https:\/\/ocoerente.com.br\/se\/2020\/06\/23\/prefeitura-inicia-mais-uma-etapa-de-distribuicao-dos-kits-de-alimentacao-escolar\/"},"wordCount":591,"publisher":{"@id":"https:\/\/ocoerente.com.br\/se\/#\/schema\/person\/cc6bfd9fbca465e23543b0c963d8d037"},"image":{"@id":"https:\/\/ocoerente.com.br\/se\/2020\/06\/23\/prefeitura-inicia-mais-uma-etapa-de-distribuicao-dos-kits-de-alimentacao-escolar\/#primaryimage"},"thumbnailUrl":"https:\/\/ocoerente.com.br\/se\/wp-content\/uploads\/2020\/06\/p_20200622_093436_1-scaled.jpg","articleSection":["Destaques","Sergipe"],"inLanguage":"pt-BR"},{"@type":"WebPage","@id":"https:\/\/ocoerente.com.br\/se\/2020\/06\/23\/prefeitura-inicia-mais-uma-etapa-de-distribuicao-dos-kits-de-alimentacao-escolar\/","url":"https:\/\/ocoerente.com.br\/se\/2020\/06\/23\/prefeitura-inicia-mais-uma-etapa-de-distribuicao-dos-kits-de-alimentacao-escolar\/","name":"Prefeitura inicia mais uma etapa de distribui\u00e7\u00e3o dos kits de alimenta\u00e7\u00e3o escolar - O Coerente","isPartOf":{"@id":"https:\/\/ocoerente.com.br\/se\/#website"},"primaryImageOfPage":{"@id":"https:\/\/ocoerente.com.br\/se\/2020\/06\/23\/prefeitura-inicia-mais-uma-etapa-de-distribuicao-dos-kits-de-alimentacao-escolar\/#primaryimage"},"image":{"@id":"https:\/\/ocoerente.com.br\/se\/2020\/06\/23\/prefeitura-inicia-mais-uma-etapa-de-distribuicao-dos-kits-de-alimentacao-escolar\/#primaryimage"},"thumbnailUrl":"https:\/\/ocoerente.com.br\/se\/wp-content\/uploads\/2020\/06\/p_20200622_093436_1-scaled.jpg","datePublished":"2020-06-24T02:30:21+00:00","breadcrumb":{"@id":"https:\/\/ocoerente.com.br\/se\/2020\/06\/23\/prefeitura-inicia-mais-uma-etapa-de-distribuicao-dos-kits-de-alimentacao-escolar\/#breadcrumb"},"inLanguage":"pt-BR","potentialAction":[{"@type":"ReadAction","target":["https:\/\/ocoerente.com.br\/se\/2020\/06\/23\/prefeitura-inicia-mais-uma-etapa-de-distribuicao-dos-kits-de-alimentacao-escolar\/"]}]},{"@type":"ImageObject","inLanguage":"pt-BR","@id":"https:\/\/ocoerente.com.br\/se\/2020\/06\/23\/prefeitura-inicia-mais-uma-etapa-de-distribuicao-dos-kits-de-alimentacao-escolar\/#primaryimage","url":"https:\/\/ocoerente.com.br\/se\/wp-content\/uploads\/2020\/06\/p_20200622_093436_1-scaled.jpg","contentUrl":"https:\/\/ocoerente.com.br\/se\/wp-content\/uploads\/2020\/06\/p_20200622_093436_1-scaled.jpg","width":2560,"height":1920},{"@type":"BreadcrumbList","@id":"https:\/\/ocoerente.com.br\/se\/2020\/06\/23\/prefeitura-inicia-mais-uma-etapa-de-distribuicao-dos-kits-de-alimentacao-escolar\/#breadcrumb","itemListElement":[{"@type":"ListItem","position":1,"name":"In\u00edcio","item":"https:\/\/ocoerente.com.br\/se\/"},{"@type":"ListItem","position":2,"name":"Prefeitura inicia mais uma etapa de distribui\u00e7\u00e3o dos kits de alimenta\u00e7\u00e3o escolar"}]},{"@type":"WebSite","@id":"https:\/\/ocoerente.com.br\/se\/#website","url":"https:\/\/ocoerente.com.br\/se\/","name":"O Coerente","description":"","publisher":{"@id":"https:\/\/ocoerente.com.br\/se\/#\/schema\/person\/cc6bfd9fbca465e23543b0c963d8d037"},"potentialAction":[{"@type":"SearchAction","target":{"@type":"EntryPoint","urlTemplate":"https:\/\/ocoerente.com.br\/se\/?s={search_term_string}"},"query-input":{"@type":"PropertyValueSpecification","valueRequired":true,"valueName":"search_term_string"}}],"inLanguage":"pt-BR"},{"@type":["Person","Organization"],"@id":"https:\/\/ocoerente.com.br\/se\/#\/schema\/person\/cc6bfd9fbca465e23543b0c963d8d037","name":"Reda\u00e7\u00e3o","image":{"@type":"ImageObject","inLanguage":"pt-BR","@id":"https:\/\/ocoerente.com.br\/se\/wp-content\/uploads\/2020\/01\/ocoerente-1.png","url":"https:\/\/ocoerente.com.br\/se\/wp-content\/uploads\/2020\/01\/ocoerente-1.png","contentUrl":"https:\/\/ocoerente.com.br\/se\/wp-content\/uploads\/2020\/01\/ocoerente-1.png","width":50,"height":50,"caption":"Reda\u00e7\u00e3o"},"logo":{"@id":"https:\/\/ocoerente.com.br\/se\/wp-content\/uploads\/2020\/01\/ocoerente-1.png"},"url":"https:\/\/ocoerente.com.br\/se\/author\/vasticlsales\/"}]}},"_links":{"self":[{"href":"https:\/\/ocoerente.com.br\/se\/wp-json\/wp\/v2\/posts\/1245","targetHints":{"allow":["GET"]}}],"collection":[{"href":"https:\/\/ocoerente.com.br\/se\/wp-json\/wp\/v2\/posts"}],"about":[{"href":"https:\/\/ocoerente.com.br\/se\/wp-json\/wp\/v2\/types\/post"}],"author":[{"embeddable":true,"href":"https:\/\/ocoerente.com.br\/se\/wp-json\/wp\/v2\/users\/1"}],"replies":[{"embeddable":true,"href":"https:\/\/ocoerente.com.br\/se\/wp-json\/wp\/v2\/comments?post=1245"}],"version-history":[{"count":1,"href":"https:\/\/ocoerente.com.br\/se\/wp-json\/wp\/v2\/posts\/1245\/revisions"}],"predecessor-version":[{"id":1247,"href":"https:\/\/ocoerente.com.br\/se\/wp-json\/wp\/v2\/posts\/1245\/revisions\/1247"}],"wp:featuredmedia":[{"embeddable":true,"href":"https:\/\/ocoerente.com.br\/se\/wp-json\/wp\/v2\/media\/1246"}],"wp:attachment":[{"href":"https:\/\/ocoerente.com.br\/se\/wp-json\/wp\/v2\/media?parent=1245"}],"wp:term":[{"taxonomy":"category","embeddable":true,"href":"https:\/\/ocoerente.com.br\/se\/wp-json\/wp\/v2\/categories?post=1245"},{"taxonomy":"post_tag","embeddable":true,"href":"https:\/\/ocoerente.com.br\/se\/wp-json\/wp\/v2\/tags?post=1245"}],"curies":[{"name":"wp","href":"https:\/\/api.w.org\/{rel}","templated":true}]}}