{"id":1242,"date":"2020-06-23T23:28:27","date_gmt":"2020-06-24T02:28:27","guid":{"rendered":"http:\/\/ocoerente.com.br\/se\/?p=1242"},"modified":"2020-06-23T23:28:27","modified_gmt":"2020-06-24T02:28:27","slug":"prefeitura-lanca-aracaju-pela-vida-projeto-que-amplia-monitoramento-da-covid-19-na-capital","status":"publish","type":"post","link":"https:\/\/ocoerente.com.br\/se\/2020\/06\/23\/prefeitura-lanca-aracaju-pela-vida-projeto-que-amplia-monitoramento-da-covid-19-na-capital\/","title":{"rendered":"Prefeitura lan\u00e7a \u2018Aracaju pela Vida\u2019, projeto que amplia monitoramento da covid-19 na capital"},"content":{"rendered":"<p>Nesta segunda, 22, a Prefeitura de Aracaju deu in\u00edcio ao projeto \u2018Aracaju pela Vida\u2019, uma a\u00e7\u00e3o desenvolvida pela Secretaria Municipal da Sa\u00fade (SMS), que objetiva ampliar o monitoramento dos casos de covid-19, na capital, com visitas domiciliares. Inicialmente, seis equipes, formadas por um m\u00e9dico e um enfermeiro cada, visitar\u00e3o pessoas que j\u00e1 foram atendidas nas unidades de refer\u00eancia para o coronav\u00edrus e atualmente est\u00e3o em isolamento domiciliar nos bairros Soledade e Centro.<\/p>\n<p>As visitas ser\u00e3o realizadas de segunda a sexta-feira, das 7h \u00e0s 17h, nos mesmos dias e hor\u00e1rios de funcionamento das Unidades B\u00e1sicas de Sa\u00fade (UBS), e os dois primeiros bairros foram escolhidos por terem uma maior concentra\u00e7\u00e3o dos n\u00fameros de casos pela divis\u00e3o de popula\u00e7\u00e3o territorial.<\/p>\n<p>Cada equipe far\u00e1 uma m\u00e9dia de 16 atendimentos por dia e ter\u00e1 suporte de duas ambul\u00e2ncias para remo\u00e7\u00e3o de pacientes para o Hospital de Campanha, hospitais municipais ou regula\u00e7\u00e3o estadual, caso necess\u00e1rio.<\/p>\n<p>\u201cNossa equipe est\u00e1 indo atender em casa aquelas pessoas que ainda est\u00e3o apresentando os sintomas. Com isso, teremos toda uma an\u00e1lise cl\u00ednica e social do quadro de cada paciente em isolamento domiciliar, identificando se ela deve permanecer em isolamento, se precisa usar algum tipo de medica\u00e7\u00e3o, e orientando sobre quais os sinais de alerta em que elas devem procurar uma unidade hospitalar\u201d, explica a secret\u00e1ria da SMS, Waneska Barboza.<\/p>\n<p>A secret\u00e1ria afirma ser comum muitas pessoas n\u00e3o identificarem que est\u00e3o apresentando uma piora no quadro e que, por esse motivo, h\u00e1 uma grande procura pelas unidades de urg\u00eancia quando o estado de sa\u00fade j\u00e1 est\u00e1 bem ruim. \u201cE esse trabalho vem tamb\u00e9m com o objetivo de tentar reduzir essas ocorr\u00eancias, pois quanto mais cedo o paciente der entrada em um dos leitos de retaguarda, menos chances temos de necessitar transferi-lo para um leito de UTI\u201d, acrescenta Waneska.<\/p>\n<p>Capacita\u00e7\u00e3o e atendimentos<br \/>\nAntes de irem a campo, os profissionais receberam uma capacita\u00e7\u00e3o envolvendo tanto a quest\u00e3o da abordagem a esses pacientes, quanto a testagem deles. \u201cDurante esse treinamento, apresentamos um formul\u00e1rio que ser\u00e1 preenchido pelo profissional m\u00e9dico. Nesse instrumento, \u00e9 sinalizado se aquele paciente apresenta uma pontua\u00e7\u00e3o que indica se ele poder\u00e1 ter complica\u00e7\u00f5es em um pouco espa\u00e7o de tempo. Al\u00e9m disso, produzimos um panfleto bastante did\u00e1tico com as informa\u00e7\u00f5es mais importantes sobre os sinais de alerta que devem ser observados pelos pr\u00f3prios monitorados, caso haja uma piora repentina no quadro\u201d, destaca o secret\u00e1rio adjunto da SMS, Carlos Noronha.<\/p>\n<p>O m\u00e9dico Rodrigo Dam\u00e1zio foi um dos primeiros integrantes do novo projeto e, ap\u00f3s a capacita\u00e7\u00e3o, explica que as equipes tamb\u00e9m pesquisar\u00e3o por pacientes no prontu\u00e1rio eletr\u00f4nico das UBS. \u201cTodos esses pacientes que j\u00e1 procuraram a Unidade B\u00e1sica de Sa\u00fade antes, com queixas e sintomas gripais. Com essas informa\u00e7\u00f5es, vamos para as casas com kits para testagens, que ser\u00e3o utilizados de acordo com a necessidade\u201d, detalha o m\u00e9dico.<\/p>\n<p>A enfermeira rec\u00e9m-formada Helen Cristiny, que tamb\u00e9m integra uma das equipes, afirma que o papel do munic\u00edpio neste momento \u00e9 crucial para uma melhor qualidade no monitoramento e tratamento dos casos. \u201cPara mim, o trabalho que estamos fazendo \u00e9 de uma experi\u00eancia muito positiva, pois \u00e9 uma doen\u00e7a nova, e todo mundo est\u00e1 aprendendo sobre ela. E conquistar o primeiro trabalho e a primeira experi\u00eancia nesta pandemia \u00e9 muito importante para o meu curr\u00edculo\u201d, opina.<\/p>\n<p>Sensa\u00e7\u00e3o compartilhada pela enfermeira Catarina Pereira, que entende que atuar nesse momento pode fazer a diferen\u00e7a. \u201cSinto-me orgulhosa de participar desta experi\u00eancia, pois tem que ter coragem. Tenho em casa pessoas que t\u00eam problemas card\u00edacos, que s\u00e3o de risco e, para mim, foi uma decis\u00e3o dif\u00edcil. Por\u00e9m, como profissional, me sinto orgulhosa de estar na linha de frente. Este projeto \u00e9 fundamental, pois evita que as pessoas saiam de casa e passem o v\u00edrus adiante\u201d, reconhece.<\/p>\n<p>MonitorAju<br \/>\nLan\u00e7ado no dia 16 de mar\u00e7o, o\u00a0<a href=\"https:\/\/www.aracaju.se.gov.br\/noticias\/86669\">servi\u00e7o MonitorAju foi uma das primeiras medidas da Prefeitura de Aracaju para o combate ao novo coronav\u00edrus<\/a>. Segundo a Secretaria da Sa\u00fade de Aracaju, j\u00e1 s\u00e3o cerca de 25 mil atendimentos, entre pessoas que j\u00e1 receberam alta, que continuam sendo monitoradas e recepcionadas no aeroporto.<\/p>\n<p>O servi\u00e7o telef\u00f4nico e online no qual os aracajuanos podem consultar informa\u00e7\u00f5es e esclarecer d\u00favidas sobres o v\u00edrus e os quadros suspeitos da doen\u00e7a. Todas as pessoas que tiverem d\u00favidas em rela\u00e7\u00e3o ao cont\u00e1gio da covid-19 podem acessar o site da Prefeitura de Aracaju e preencher um formul\u00e1rio disponibilizado no endere\u00e7o:\u00a0<a href=\"https:\/\/www.aracaju.se.gov.br\/noticias\/86669\">https:\/\/www.aracaju.se.gov.br\/monitoraju<\/a>\u00a0ou pelo n\u00famero 0800-729-3534.<\/p>\n<p>&nbsp;<\/p>\n","protected":false},"excerpt":{"rendered":"<p>Nesta segunda, 22, a Prefeitura de Aracaju deu in\u00edcio ao projeto \u2018Aracaju pela Vida\u2019, uma a\u00e7\u00e3o desenvolvida pela Secretaria Municipal da Sa\u00fade (SMS), que objetiva ampliar o monitoramento dos casos de covid-19, na capital, com visitas domiciliares. Inicialmente, seis equipes, formadas por um m\u00e9dico e um enfermeiro cada, visitar\u00e3o pessoas que j\u00e1 foram atendidas nas [&hellip;]<\/p>\n","protected":false},"author":1,"featured_media":1243,"comment_status":"closed","ping_status":"closed","sticky":false,"template":"","format":"standard","meta":{"footnotes":""},"categories":[53,54],"tags":[],"class_list":["post-1242","post","type-post","status-publish","format-standard","has-post-thumbnail","hentry","category-destaques","category-saude"],"yoast_head":"<!-- This site is optimized with the Yoast SEO plugin v27.5 - https:\/\/yoast.com\/product\/yoast-seo-wordpress\/ -->\n<title>Prefeitura lan\u00e7a \u2018Aracaju pela Vida\u2019, projeto que amplia monitoramento da covid-19 na capital - O Coerente<\/title>\n<meta name=\"robots\" content=\"index, follow, max-snippet:-1, max-image-preview:large, max-video-preview:-1\" \/>\n<link rel=\"canonical\" href=\"https:\/\/ocoerente.com.br\/se\/2020\/06\/23\/prefeitura-lanca-aracaju-pela-vida-projeto-que-amplia-monitoramento-da-covid-19-na-capital\/\" \/>\n<meta property=\"og:locale\" content=\"pt_BR\" \/>\n<meta property=\"og:type\" content=\"article\" \/>\n<meta property=\"og:title\" content=\"Prefeitura lan\u00e7a \u2018Aracaju pela Vida\u2019, projeto que amplia monitoramento da covid-19 na capital - O Coerente\" \/>\n<meta property=\"og:description\" content=\"Nesta segunda, 22, a Prefeitura de Aracaju deu in\u00edcio ao projeto \u2018Aracaju pela Vida\u2019, uma a\u00e7\u00e3o desenvolvida pela Secretaria Municipal da Sa\u00fade (SMS), que objetiva ampliar o monitoramento dos casos de covid-19, na capital, com visitas domiciliares. Inicialmente, seis equipes, formadas por um m\u00e9dico e um enfermeiro cada, visitar\u00e3o pessoas que j\u00e1 foram atendidas nas [&hellip;]\" \/>\n<meta property=\"og:url\" content=\"https:\/\/ocoerente.com.br\/se\/2020\/06\/23\/prefeitura-lanca-aracaju-pela-vida-projeto-que-amplia-monitoramento-da-covid-19-na-capital\/\" \/>\n<meta property=\"og:site_name\" content=\"O Coerente\" \/>\n<meta property=\"article:published_time\" content=\"2020-06-24T02:28:27+00:00\" \/>\n<meta property=\"og:image\" content=\"https:\/\/ocoerente.com.br\/se\/wp-content\/uploads\/2020\/06\/sms_atendimento_domiciliar.jpg\" \/>\n\t<meta property=\"og:image:width\" content=\"1400\" \/>\n\t<meta property=\"og:image:height\" content=\"933\" \/>\n\t<meta property=\"og:image:type\" content=\"image\/jpeg\" \/>\n<meta name=\"author\" content=\"Reda\u00e7\u00e3o\" \/>\n<meta name=\"twitter:card\" content=\"summary_large_image\" \/>\n<meta name=\"twitter:label1\" content=\"Escrito por\" \/>\n\t<meta name=\"twitter:data1\" content=\"Reda\u00e7\u00e3o\" \/>\n\t<meta name=\"twitter:label2\" content=\"Est. tempo de leitura\" \/>\n\t<meta name=\"twitter:data2\" content=\"4 minutos\" \/>\n<script type=\"application\/ld+json\" class=\"yoast-schema-graph\">{\"@context\":\"https:\\\/\\\/schema.org\",\"@graph\":[{\"@type\":\"Article\",\"@id\":\"https:\\\/\\\/ocoerente.com.br\\\/se\\\/2020\\\/06\\\/23\\\/prefeitura-lanca-aracaju-pela-vida-projeto-que-amplia-monitoramento-da-covid-19-na-capital\\\/#article\",\"isPartOf\":{\"@id\":\"https:\\\/\\\/ocoerente.com.br\\\/se\\\/2020\\\/06\\\/23\\\/prefeitura-lanca-aracaju-pela-vida-projeto-que-amplia-monitoramento-da-covid-19-na-capital\\\/\"},\"author\":{\"name\":\"Reda\u00e7\u00e3o\",\"@id\":\"https:\\\/\\\/ocoerente.com.br\\\/se\\\/#\\\/schema\\\/person\\\/cc6bfd9fbca465e23543b0c963d8d037\"},\"headline\":\"Prefeitura lan\u00e7a \u2018Aracaju pela Vida\u2019, projeto que amplia monitoramento da covid-19 na capital\",\"datePublished\":\"2020-06-24T02:28:27+00:00\",\"mainEntityOfPage\":{\"@id\":\"https:\\\/\\\/ocoerente.com.br\\\/se\\\/2020\\\/06\\\/23\\\/prefeitura-lanca-aracaju-pela-vida-projeto-que-amplia-monitoramento-da-covid-19-na-capital\\\/\"},\"wordCount\":831,\"publisher\":{\"@id\":\"https:\\\/\\\/ocoerente.com.br\\\/se\\\/#\\\/schema\\\/person\\\/cc6bfd9fbca465e23543b0c963d8d037\"},\"image\":{\"@id\":\"https:\\\/\\\/ocoerente.com.br\\\/se\\\/2020\\\/06\\\/23\\\/prefeitura-lanca-aracaju-pela-vida-projeto-que-amplia-monitoramento-da-covid-19-na-capital\\\/#primaryimage\"},\"thumbnailUrl\":\"https:\\\/\\\/ocoerente.com.br\\\/se\\\/wp-content\\\/uploads\\\/2020\\\/06\\\/sms_atendimento_domiciliar.jpg\",\"articleSection\":[\"Destaques\",\"Sa\u00fade\"],\"inLanguage\":\"pt-BR\"},{\"@type\":\"WebPage\",\"@id\":\"https:\\\/\\\/ocoerente.com.br\\\/se\\\/2020\\\/06\\\/23\\\/prefeitura-lanca-aracaju-pela-vida-projeto-que-amplia-monitoramento-da-covid-19-na-capital\\\/\",\"url\":\"https:\\\/\\\/ocoerente.com.br\\\/se\\\/2020\\\/06\\\/23\\\/prefeitura-lanca-aracaju-pela-vida-projeto-que-amplia-monitoramento-da-covid-19-na-capital\\\/\",\"name\":\"Prefeitura lan\u00e7a \u2018Aracaju pela Vida\u2019, projeto que amplia monitoramento da covid-19 na capital - O Coerente\",\"isPartOf\":{\"@id\":\"https:\\\/\\\/ocoerente.com.br\\\/se\\\/#website\"},\"primaryImageOfPage\":{\"@id\":\"https:\\\/\\\/ocoerente.com.br\\\/se\\\/2020\\\/06\\\/23\\\/prefeitura-lanca-aracaju-pela-vida-projeto-que-amplia-monitoramento-da-covid-19-na-capital\\\/#primaryimage\"},\"image\":{\"@id\":\"https:\\\/\\\/ocoerente.com.br\\\/se\\\/2020\\\/06\\\/23\\\/prefeitura-lanca-aracaju-pela-vida-projeto-que-amplia-monitoramento-da-covid-19-na-capital\\\/#primaryimage\"},\"thumbnailUrl\":\"https:\\\/\\\/ocoerente.com.br\\\/se\\\/wp-content\\\/uploads\\\/2020\\\/06\\\/sms_atendimento_domiciliar.jpg\",\"datePublished\":\"2020-06-24T02:28:27+00:00\",\"breadcrumb\":{\"@id\":\"https:\\\/\\\/ocoerente.com.br\\\/se\\\/2020\\\/06\\\/23\\\/prefeitura-lanca-aracaju-pela-vida-projeto-que-amplia-monitoramento-da-covid-19-na-capital\\\/#breadcrumb\"},\"inLanguage\":\"pt-BR\",\"potentialAction\":[{\"@type\":\"ReadAction\",\"target\":[\"https:\\\/\\\/ocoerente.com.br\\\/se\\\/2020\\\/06\\\/23\\\/prefeitura-lanca-aracaju-pela-vida-projeto-que-amplia-monitoramento-da-covid-19-na-capital\\\/\"]}]},{\"@type\":\"ImageObject\",\"inLanguage\":\"pt-BR\",\"@id\":\"https:\\\/\\\/ocoerente.com.br\\\/se\\\/2020\\\/06\\\/23\\\/prefeitura-lanca-aracaju-pela-vida-projeto-que-amplia-monitoramento-da-covid-19-na-capital\\\/#primaryimage\",\"url\":\"https:\\\/\\\/ocoerente.com.br\\\/se\\\/wp-content\\\/uploads\\\/2020\\\/06\\\/sms_atendimento_domiciliar.jpg\",\"contentUrl\":\"https:\\\/\\\/ocoerente.com.br\\\/se\\\/wp-content\\\/uploads\\\/2020\\\/06\\\/sms_atendimento_domiciliar.jpg\",\"width\":1400,\"height\":933},{\"@type\":\"BreadcrumbList\",\"@id\":\"https:\\\/\\\/ocoerente.com.br\\\/se\\\/2020\\\/06\\\/23\\\/prefeitura-lanca-aracaju-pela-vida-projeto-que-amplia-monitoramento-da-covid-19-na-capital\\\/#breadcrumb\",\"itemListElement\":[{\"@type\":\"ListItem\",\"position\":1,\"name\":\"In\u00edcio\",\"item\":\"https:\\\/\\\/ocoerente.com.br\\\/se\\\/\"},{\"@type\":\"ListItem\",\"position\":2,\"name\":\"Prefeitura lan\u00e7a \u2018Aracaju pela Vida\u2019, projeto que amplia monitoramento da covid-19 na capital\"}]},{\"@type\":\"WebSite\",\"@id\":\"https:\\\/\\\/ocoerente.com.br\\\/se\\\/#website\",\"url\":\"https:\\\/\\\/ocoerente.com.br\\\/se\\\/\",\"name\":\"O Coerente\",\"description\":\"\",\"publisher\":{\"@id\":\"https:\\\/\\\/ocoerente.com.br\\\/se\\\/#\\\/schema\\\/person\\\/cc6bfd9fbca465e23543b0c963d8d037\"},\"potentialAction\":[{\"@type\":\"SearchAction\",\"target\":{\"@type\":\"EntryPoint\",\"urlTemplate\":\"https:\\\/\\\/ocoerente.com.br\\\/se\\\/?s={search_term_string}\"},\"query-input\":{\"@type\":\"PropertyValueSpecification\",\"valueRequired\":true,\"valueName\":\"search_term_string\"}}],\"inLanguage\":\"pt-BR\"},{\"@type\":[\"Person\",\"Organization\"],\"@id\":\"https:\\\/\\\/ocoerente.com.br\\\/se\\\/#\\\/schema\\\/person\\\/cc6bfd9fbca465e23543b0c963d8d037\",\"name\":\"Reda\u00e7\u00e3o\",\"image\":{\"@type\":\"ImageObject\",\"inLanguage\":\"pt-BR\",\"@id\":\"https:\\\/\\\/ocoerente.com.br\\\/se\\\/wp-content\\\/uploads\\\/2020\\\/01\\\/ocoerente-1.png\",\"url\":\"https:\\\/\\\/ocoerente.com.br\\\/se\\\/wp-content\\\/uploads\\\/2020\\\/01\\\/ocoerente-1.png\",\"contentUrl\":\"https:\\\/\\\/ocoerente.com.br\\\/se\\\/wp-content\\\/uploads\\\/2020\\\/01\\\/ocoerente-1.png\",\"width\":50,\"height\":50,\"caption\":\"Reda\u00e7\u00e3o\"},\"logo\":{\"@id\":\"https:\\\/\\\/ocoerente.com.br\\\/se\\\/wp-content\\\/uploads\\\/2020\\\/01\\\/ocoerente-1.png\"},\"url\":\"https:\\\/\\\/ocoerente.com.br\\\/se\\\/author\\\/vasticlsales\\\/\"}]}<\/script>\n<!-- \/ Yoast SEO plugin. -->","yoast_head_json":{"title":"Prefeitura lan\u00e7a \u2018Aracaju pela Vida\u2019, projeto que amplia monitoramento da covid-19 na capital - O Coerente","robots":{"index":"index","follow":"follow","max-snippet":"max-snippet:-1","max-image-preview":"max-image-preview:large","max-video-preview":"max-video-preview:-1"},"canonical":"https:\/\/ocoerente.com.br\/se\/2020\/06\/23\/prefeitura-lanca-aracaju-pela-vida-projeto-que-amplia-monitoramento-da-covid-19-na-capital\/","og_locale":"pt_BR","og_type":"article","og_title":"Prefeitura lan\u00e7a \u2018Aracaju pela Vida\u2019, projeto que amplia monitoramento da covid-19 na capital - O Coerente","og_description":"Nesta segunda, 22, a Prefeitura de Aracaju deu in\u00edcio ao projeto \u2018Aracaju pela Vida\u2019, uma a\u00e7\u00e3o desenvolvida pela Secretaria Municipal da Sa\u00fade (SMS), que objetiva ampliar o monitoramento dos casos de covid-19, na capital, com visitas domiciliares. Inicialmente, seis equipes, formadas por um m\u00e9dico e um enfermeiro cada, visitar\u00e3o pessoas que j\u00e1 foram atendidas nas [&hellip;]","og_url":"https:\/\/ocoerente.com.br\/se\/2020\/06\/23\/prefeitura-lanca-aracaju-pela-vida-projeto-que-amplia-monitoramento-da-covid-19-na-capital\/","og_site_name":"O Coerente","article_published_time":"2020-06-24T02:28:27+00:00","og_image":[{"width":1400,"height":933,"url":"https:\/\/ocoerente.com.br\/se\/wp-content\/uploads\/2020\/06\/sms_atendimento_domiciliar.jpg","type":"image\/jpeg"}],"author":"Reda\u00e7\u00e3o","twitter_card":"summary_large_image","twitter_misc":{"Escrito por":"Reda\u00e7\u00e3o","Est. tempo de leitura":"4 minutos"},"schema":{"@context":"https:\/\/schema.org","@graph":[{"@type":"Article","@id":"https:\/\/ocoerente.com.br\/se\/2020\/06\/23\/prefeitura-lanca-aracaju-pela-vida-projeto-que-amplia-monitoramento-da-covid-19-na-capital\/#article","isPartOf":{"@id":"https:\/\/ocoerente.com.br\/se\/2020\/06\/23\/prefeitura-lanca-aracaju-pela-vida-projeto-que-amplia-monitoramento-da-covid-19-na-capital\/"},"author":{"name":"Reda\u00e7\u00e3o","@id":"https:\/\/ocoerente.com.br\/se\/#\/schema\/person\/cc6bfd9fbca465e23543b0c963d8d037"},"headline":"Prefeitura lan\u00e7a \u2018Aracaju pela Vida\u2019, projeto que amplia monitoramento da covid-19 na capital","datePublished":"2020-06-24T02:28:27+00:00","mainEntityOfPage":{"@id":"https:\/\/ocoerente.com.br\/se\/2020\/06\/23\/prefeitura-lanca-aracaju-pela-vida-projeto-que-amplia-monitoramento-da-covid-19-na-capital\/"},"wordCount":831,"publisher":{"@id":"https:\/\/ocoerente.com.br\/se\/#\/schema\/person\/cc6bfd9fbca465e23543b0c963d8d037"},"image":{"@id":"https:\/\/ocoerente.com.br\/se\/2020\/06\/23\/prefeitura-lanca-aracaju-pela-vida-projeto-que-amplia-monitoramento-da-covid-19-na-capital\/#primaryimage"},"thumbnailUrl":"https:\/\/ocoerente.com.br\/se\/wp-content\/uploads\/2020\/06\/sms_atendimento_domiciliar.jpg","articleSection":["Destaques","Sa\u00fade"],"inLanguage":"pt-BR"},{"@type":"WebPage","@id":"https:\/\/ocoerente.com.br\/se\/2020\/06\/23\/prefeitura-lanca-aracaju-pela-vida-projeto-que-amplia-monitoramento-da-covid-19-na-capital\/","url":"https:\/\/ocoerente.com.br\/se\/2020\/06\/23\/prefeitura-lanca-aracaju-pela-vida-projeto-que-amplia-monitoramento-da-covid-19-na-capital\/","name":"Prefeitura lan\u00e7a \u2018Aracaju pela Vida\u2019, projeto que amplia monitoramento da covid-19 na capital - O Coerente","isPartOf":{"@id":"https:\/\/ocoerente.com.br\/se\/#website"},"primaryImageOfPage":{"@id":"https:\/\/ocoerente.com.br\/se\/2020\/06\/23\/prefeitura-lanca-aracaju-pela-vida-projeto-que-amplia-monitoramento-da-covid-19-na-capital\/#primaryimage"},"image":{"@id":"https:\/\/ocoerente.com.br\/se\/2020\/06\/23\/prefeitura-lanca-aracaju-pela-vida-projeto-que-amplia-monitoramento-da-covid-19-na-capital\/#primaryimage"},"thumbnailUrl":"https:\/\/ocoerente.com.br\/se\/wp-content\/uploads\/2020\/06\/sms_atendimento_domiciliar.jpg","datePublished":"2020-06-24T02:28:27+00:00","breadcrumb":{"@id":"https:\/\/ocoerente.com.br\/se\/2020\/06\/23\/prefeitura-lanca-aracaju-pela-vida-projeto-que-amplia-monitoramento-da-covid-19-na-capital\/#breadcrumb"},"inLanguage":"pt-BR","potentialAction":[{"@type":"ReadAction","target":["https:\/\/ocoerente.com.br\/se\/2020\/06\/23\/prefeitura-lanca-aracaju-pela-vida-projeto-que-amplia-monitoramento-da-covid-19-na-capital\/"]}]},{"@type":"ImageObject","inLanguage":"pt-BR","@id":"https:\/\/ocoerente.com.br\/se\/2020\/06\/23\/prefeitura-lanca-aracaju-pela-vida-projeto-que-amplia-monitoramento-da-covid-19-na-capital\/#primaryimage","url":"https:\/\/ocoerente.com.br\/se\/wp-content\/uploads\/2020\/06\/sms_atendimento_domiciliar.jpg","contentUrl":"https:\/\/ocoerente.com.br\/se\/wp-content\/uploads\/2020\/06\/sms_atendimento_domiciliar.jpg","width":1400,"height":933},{"@type":"BreadcrumbList","@id":"https:\/\/ocoerente.com.br\/se\/2020\/06\/23\/prefeitura-lanca-aracaju-pela-vida-projeto-que-amplia-monitoramento-da-covid-19-na-capital\/#breadcrumb","itemListElement":[{"@type":"ListItem","position":1,"name":"In\u00edcio","item":"https:\/\/ocoerente.com.br\/se\/"},{"@type":"ListItem","position":2,"name":"Prefeitura lan\u00e7a \u2018Aracaju pela Vida\u2019, projeto que amplia monitoramento da covid-19 na capital"}]},{"@type":"WebSite","@id":"https:\/\/ocoerente.com.br\/se\/#website","url":"https:\/\/ocoerente.com.br\/se\/","name":"O Coerente","description":"","publisher":{"@id":"https:\/\/ocoerente.com.br\/se\/#\/schema\/person\/cc6bfd9fbca465e23543b0c963d8d037"},"potentialAction":[{"@type":"SearchAction","target":{"@type":"EntryPoint","urlTemplate":"https:\/\/ocoerente.com.br\/se\/?s={search_term_string}"},"query-input":{"@type":"PropertyValueSpecification","valueRequired":true,"valueName":"search_term_string"}}],"inLanguage":"pt-BR"},{"@type":["Person","Organization"],"@id":"https:\/\/ocoerente.com.br\/se\/#\/schema\/person\/cc6bfd9fbca465e23543b0c963d8d037","name":"Reda\u00e7\u00e3o","image":{"@type":"ImageObject","inLanguage":"pt-BR","@id":"https:\/\/ocoerente.com.br\/se\/wp-content\/uploads\/2020\/01\/ocoerente-1.png","url":"https:\/\/ocoerente.com.br\/se\/wp-content\/uploads\/2020\/01\/ocoerente-1.png","contentUrl":"https:\/\/ocoerente.com.br\/se\/wp-content\/uploads\/2020\/01\/ocoerente-1.png","width":50,"height":50,"caption":"Reda\u00e7\u00e3o"},"logo":{"@id":"https:\/\/ocoerente.com.br\/se\/wp-content\/uploads\/2020\/01\/ocoerente-1.png"},"url":"https:\/\/ocoerente.com.br\/se\/author\/vasticlsales\/"}]}},"_links":{"self":[{"href":"https:\/\/ocoerente.com.br\/se\/wp-json\/wp\/v2\/posts\/1242","targetHints":{"allow":["GET"]}}],"collection":[{"href":"https:\/\/ocoerente.com.br\/se\/wp-json\/wp\/v2\/posts"}],"about":[{"href":"https:\/\/ocoerente.com.br\/se\/wp-json\/wp\/v2\/types\/post"}],"author":[{"embeddable":true,"href":"https:\/\/ocoerente.com.br\/se\/wp-json\/wp\/v2\/users\/1"}],"replies":[{"embeddable":true,"href":"https:\/\/ocoerente.com.br\/se\/wp-json\/wp\/v2\/comments?post=1242"}],"version-history":[{"count":1,"href":"https:\/\/ocoerente.com.br\/se\/wp-json\/wp\/v2\/posts\/1242\/revisions"}],"predecessor-version":[{"id":1244,"href":"https:\/\/ocoerente.com.br\/se\/wp-json\/wp\/v2\/posts\/1242\/revisions\/1244"}],"wp:featuredmedia":[{"embeddable":true,"href":"https:\/\/ocoerente.com.br\/se\/wp-json\/wp\/v2\/media\/1243"}],"wp:attachment":[{"href":"https:\/\/ocoerente.com.br\/se\/wp-json\/wp\/v2\/media?parent=1242"}],"wp:term":[{"taxonomy":"category","embeddable":true,"href":"https:\/\/ocoerente.com.br\/se\/wp-json\/wp\/v2\/categories?post=1242"},{"taxonomy":"post_tag","embeddable":true,"href":"https:\/\/ocoerente.com.br\/se\/wp-json\/wp\/v2\/tags?post=1242"}],"curies":[{"name":"wp","href":"https:\/\/api.w.org\/{rel}","templated":true}]}}