{"id":12339,"date":"2025-01-18T00:40:15","date_gmt":"2025-01-18T03:40:15","guid":{"rendered":"https:\/\/ocoerente.com.br\/se\/?p=12339"},"modified":"2025-01-18T00:40:16","modified_gmt":"2025-01-18T03:40:16","slug":"inscricoes-para-o-pre-universitario-2025-seguem-ate-2-de-fevereiro","status":"publish","type":"post","link":"https:\/\/ocoerente.com.br\/se\/2025\/01\/18\/inscricoes-para-o-pre-universitario-2025-seguem-ate-2-de-fevereiro\/","title":{"rendered":"Inscri\u00e7\u00f5es para o Pr\u00e9-Universit\u00e1rio 2025 seguem at\u00e9 2 de fevereiro"},"content":{"rendered":"\n<p><em>Com mais de 4.400 vagas dispon\u00edveis, curso preparat\u00f3rio gratuito \u00e9 destinado a estudantes da rede p\u00fablica e participantes do Encceja<\/em><\/p>\n\n\n\n<p>As inscri\u00e7\u00f5es para o processo seletivo do Programa Pr\u00e9-Universit\u00e1rio 2025 seguem at\u00e9 o dia 2 de fevereiro. Os interessados devem acessar o site da Secretaria de Estado da Educa\u00e7\u00e3o e da Cultura (Seduc),&nbsp;<a href=\"https:\/\/seduc.se.gov.br\/editais-e-selecoes\/\">na aba Editais e Sele\u00e7\u00f5es<\/a>. Este ano ser\u00e3o ofertadas mais de 4.400 vagas, distribu\u00eddas entre 47 polos e 28 munic\u00edpios de Sergipe. As vagas s\u00e3o destinadas a estudantes do 3\u00b0 ano do ensino m\u00e9dio e ingressos da Rede P\u00fablica Estadual de Ensino.&nbsp;&nbsp;<\/p>\n\n\n\n<p>A prova do processo seletivo ser\u00e1 aplicada no dia 15 de janeiro e ser\u00e1 composta por 40 quest\u00f5es in\u00e9ditas, distribu\u00eddas nas quatro \u00e1reas do conhecimento: 14 quest\u00f5es de Linguagens e suas Tecnologias, 10 de Ci\u00eancias Humanas e Sociais, 10 de Ci\u00eancias da Natureza e suas Tecnologias, e 6 de Matem\u00e1tica. Os resultados ser\u00e3o publicados no dia 25 de fevereiro e as aulas est\u00e3o previstas para iniciar dia 10 de mar\u00e7o. Ap\u00f3s a divulga\u00e7\u00e3o do gabarito, os candidatos poder\u00e3o solicitar reclassifica\u00e7\u00e3o, se necess\u00e1rio.&nbsp;<\/p>\n\n\n\n<p>A Coordenadora do Programa Pr\u00e9-Universit\u00e1rio, Giselle de P\u00e1dua, ressaltou que \u00e9 importante que esses candidatos n\u00e3o percam o prazo, pois o programa trar\u00e1 aux\u00edlio durante a prepara\u00e7\u00e3o desses estudantes. \u201cN\u00f3s do programa estamos comprometidos em oferecer uma educa\u00e7\u00e3o de qualidade para que esses estudantes alcancem o sonho de cursar o ensino superior\u201d, disse.&nbsp;<\/p>\n\n\n\n<p>O Preuni \u00e9 considerado o maior curso preparat\u00f3rio do g\u00eanero no pa\u00eds e o que mais aprova no ensino superior do Estado, com uma diversidade tanto de cursos quanto de institui\u00e7\u00f5es p\u00fablicas e privadas do Brasil. Ele \u00e9 destinado a estudantes que cursam o 3\u00ba ano do Ensino M\u00e9dio da rede p\u00fablica no ano letivo de 2024, egressos da rede e candidatos inscritos no Exame Nacional para Certifica\u00e7\u00e3o de Compet\u00eancias de Jovens e Adultos (Encceja) Ensino M\u00e9dio em 2024, com idade igual ou superior a 18 anos.<\/p>\n\n\n\n<p>Governo de Sergipe<\/p>\n","protected":false},"excerpt":{"rendered":"<p>Com mais de 4.400 vagas dispon\u00edveis, curso preparat\u00f3rio gratuito \u00e9 destinado a estudantes da rede p\u00fablica e participantes do Encceja As inscri\u00e7\u00f5es para o processo seletivo do Programa Pr\u00e9-Universit\u00e1rio 2025 seguem at\u00e9 o dia 2 de fevereiro. Os interessados devem acessar o site da Secretaria de Estado da Educa\u00e7\u00e3o e da Cultura (Seduc),&nbsp;na aba Editais [&hellip;]<\/p>\n","protected":false},"author":1,"featured_media":12340,"comment_status":"closed","ping_status":"closed","sticky":false,"template":"","format":"standard","meta":{"footnotes":""},"categories":[53,47],"tags":[],"class_list":["post-12339","post","type-post","status-publish","format-standard","has-post-thumbnail","hentry","category-destaques","category-educacao"],"yoast_head":"<!-- This site is optimized with the Yoast SEO plugin v27.4 - https:\/\/yoast.com\/product\/yoast-seo-wordpress\/ -->\n<title>Inscri\u00e7\u00f5es para o Pr\u00e9-Universit\u00e1rio 2025 seguem at\u00e9 2 de fevereiro - O Coerente<\/title>\n<meta name=\"robots\" content=\"index, follow, max-snippet:-1, max-image-preview:large, max-video-preview:-1\" \/>\n<link rel=\"canonical\" href=\"https:\/\/ocoerente.com.br\/se\/2025\/01\/18\/inscricoes-para-o-pre-universitario-2025-seguem-ate-2-de-fevereiro\/\" \/>\n<meta property=\"og:locale\" content=\"pt_BR\" \/>\n<meta property=\"og:type\" content=\"article\" \/>\n<meta property=\"og:title\" content=\"Inscri\u00e7\u00f5es para o Pr\u00e9-Universit\u00e1rio 2025 seguem at\u00e9 2 de fevereiro - O Coerente\" \/>\n<meta property=\"og:description\" content=\"Com mais de 4.400 vagas dispon\u00edveis, curso preparat\u00f3rio gratuito \u00e9 destinado a estudantes da rede p\u00fablica e participantes do Encceja As inscri\u00e7\u00f5es para o processo seletivo do Programa Pr\u00e9-Universit\u00e1rio 2025 seguem at\u00e9 o dia 2 de fevereiro. Os interessados devem acessar o site da Secretaria de Estado da Educa\u00e7\u00e3o e da Cultura (Seduc),&nbsp;na aba Editais [&hellip;]\" \/>\n<meta property=\"og:url\" content=\"https:\/\/ocoerente.com.br\/se\/2025\/01\/18\/inscricoes-para-o-pre-universitario-2025-seguem-ate-2-de-fevereiro\/\" \/>\n<meta property=\"og:site_name\" content=\"O Coerente\" \/>\n<meta property=\"article:published_time\" content=\"2025-01-18T03:40:15+00:00\" \/>\n<meta property=\"article:modified_time\" content=\"2025-01-18T03:40:16+00:00\" \/>\n<meta property=\"og:image\" content=\"https:\/\/ocoerente.com.br\/se\/wp-content\/uploads\/2025\/01\/a2dc4f8.jpg\" \/>\n\t<meta property=\"og:image:width\" content=\"1100\" \/>\n\t<meta property=\"og:image:height\" content=\"610\" \/>\n\t<meta property=\"og:image:type\" content=\"image\/jpeg\" \/>\n<meta name=\"author\" content=\"Reda\u00e7\u00e3o\" \/>\n<meta name=\"twitter:card\" content=\"summary_large_image\" \/>\n<meta name=\"twitter:label1\" content=\"Escrito por\" \/>\n\t<meta name=\"twitter:data1\" content=\"Reda\u00e7\u00e3o\" \/>\n\t<meta name=\"twitter:label2\" content=\"Est. tempo de leitura\" \/>\n\t<meta name=\"twitter:data2\" content=\"2 minutos\" \/>\n<script type=\"application\/ld+json\" class=\"yoast-schema-graph\">{\"@context\":\"https:\\\/\\\/schema.org\",\"@graph\":[{\"@type\":\"Article\",\"@id\":\"https:\\\/\\\/ocoerente.com.br\\\/se\\\/2025\\\/01\\\/18\\\/inscricoes-para-o-pre-universitario-2025-seguem-ate-2-de-fevereiro\\\/#article\",\"isPartOf\":{\"@id\":\"https:\\\/\\\/ocoerente.com.br\\\/se\\\/2025\\\/01\\\/18\\\/inscricoes-para-o-pre-universitario-2025-seguem-ate-2-de-fevereiro\\\/\"},\"author\":{\"name\":\"Reda\u00e7\u00e3o\",\"@id\":\"https:\\\/\\\/ocoerente.com.br\\\/se\\\/#\\\/schema\\\/person\\\/cc6bfd9fbca465e23543b0c963d8d037\"},\"headline\":\"Inscri\u00e7\u00f5es para o Pr\u00e9-Universit\u00e1rio 2025 seguem at\u00e9 2 de fevereiro\",\"datePublished\":\"2025-01-18T03:40:15+00:00\",\"dateModified\":\"2025-01-18T03:40:16+00:00\",\"mainEntityOfPage\":{\"@id\":\"https:\\\/\\\/ocoerente.com.br\\\/se\\\/2025\\\/01\\\/18\\\/inscricoes-para-o-pre-universitario-2025-seguem-ate-2-de-fevereiro\\\/\"},\"wordCount\":360,\"publisher\":{\"@id\":\"https:\\\/\\\/ocoerente.com.br\\\/se\\\/#\\\/schema\\\/person\\\/cc6bfd9fbca465e23543b0c963d8d037\"},\"image\":{\"@id\":\"https:\\\/\\\/ocoerente.com.br\\\/se\\\/2025\\\/01\\\/18\\\/inscricoes-para-o-pre-universitario-2025-seguem-ate-2-de-fevereiro\\\/#primaryimage\"},\"thumbnailUrl\":\"https:\\\/\\\/ocoerente.com.br\\\/se\\\/wp-content\\\/uploads\\\/2025\\\/01\\\/a2dc4f8.jpg\",\"articleSection\":[\"Destaques\",\"Educa\u00e7\u00e3o\"],\"inLanguage\":\"pt-BR\"},{\"@type\":\"WebPage\",\"@id\":\"https:\\\/\\\/ocoerente.com.br\\\/se\\\/2025\\\/01\\\/18\\\/inscricoes-para-o-pre-universitario-2025-seguem-ate-2-de-fevereiro\\\/\",\"url\":\"https:\\\/\\\/ocoerente.com.br\\\/se\\\/2025\\\/01\\\/18\\\/inscricoes-para-o-pre-universitario-2025-seguem-ate-2-de-fevereiro\\\/\",\"name\":\"Inscri\u00e7\u00f5es para o Pr\u00e9-Universit\u00e1rio 2025 seguem at\u00e9 2 de fevereiro - O Coerente\",\"isPartOf\":{\"@id\":\"https:\\\/\\\/ocoerente.com.br\\\/se\\\/#website\"},\"primaryImageOfPage\":{\"@id\":\"https:\\\/\\\/ocoerente.com.br\\\/se\\\/2025\\\/01\\\/18\\\/inscricoes-para-o-pre-universitario-2025-seguem-ate-2-de-fevereiro\\\/#primaryimage\"},\"image\":{\"@id\":\"https:\\\/\\\/ocoerente.com.br\\\/se\\\/2025\\\/01\\\/18\\\/inscricoes-para-o-pre-universitario-2025-seguem-ate-2-de-fevereiro\\\/#primaryimage\"},\"thumbnailUrl\":\"https:\\\/\\\/ocoerente.com.br\\\/se\\\/wp-content\\\/uploads\\\/2025\\\/01\\\/a2dc4f8.jpg\",\"datePublished\":\"2025-01-18T03:40:15+00:00\",\"dateModified\":\"2025-01-18T03:40:16+00:00\",\"breadcrumb\":{\"@id\":\"https:\\\/\\\/ocoerente.com.br\\\/se\\\/2025\\\/01\\\/18\\\/inscricoes-para-o-pre-universitario-2025-seguem-ate-2-de-fevereiro\\\/#breadcrumb\"},\"inLanguage\":\"pt-BR\",\"potentialAction\":[{\"@type\":\"ReadAction\",\"target\":[\"https:\\\/\\\/ocoerente.com.br\\\/se\\\/2025\\\/01\\\/18\\\/inscricoes-para-o-pre-universitario-2025-seguem-ate-2-de-fevereiro\\\/\"]}]},{\"@type\":\"ImageObject\",\"inLanguage\":\"pt-BR\",\"@id\":\"https:\\\/\\\/ocoerente.com.br\\\/se\\\/2025\\\/01\\\/18\\\/inscricoes-para-o-pre-universitario-2025-seguem-ate-2-de-fevereiro\\\/#primaryimage\",\"url\":\"https:\\\/\\\/ocoerente.com.br\\\/se\\\/wp-content\\\/uploads\\\/2025\\\/01\\\/a2dc4f8.jpg\",\"contentUrl\":\"https:\\\/\\\/ocoerente.com.br\\\/se\\\/wp-content\\\/uploads\\\/2025\\\/01\\\/a2dc4f8.jpg\",\"width\":1100,\"height\":610,\"caption\":\"Fotos: Maria Odilia\"},{\"@type\":\"BreadcrumbList\",\"@id\":\"https:\\\/\\\/ocoerente.com.br\\\/se\\\/2025\\\/01\\\/18\\\/inscricoes-para-o-pre-universitario-2025-seguem-ate-2-de-fevereiro\\\/#breadcrumb\",\"itemListElement\":[{\"@type\":\"ListItem\",\"position\":1,\"name\":\"In\u00edcio\",\"item\":\"https:\\\/\\\/ocoerente.com.br\\\/se\\\/\"},{\"@type\":\"ListItem\",\"position\":2,\"name\":\"Inscri\u00e7\u00f5es para o Pr\u00e9-Universit\u00e1rio 2025 seguem at\u00e9 2 de fevereiro\"}]},{\"@type\":\"WebSite\",\"@id\":\"https:\\\/\\\/ocoerente.com.br\\\/se\\\/#website\",\"url\":\"https:\\\/\\\/ocoerente.com.br\\\/se\\\/\",\"name\":\"O Coerente\",\"description\":\"\",\"publisher\":{\"@id\":\"https:\\\/\\\/ocoerente.com.br\\\/se\\\/#\\\/schema\\\/person\\\/cc6bfd9fbca465e23543b0c963d8d037\"},\"potentialAction\":[{\"@type\":\"SearchAction\",\"target\":{\"@type\":\"EntryPoint\",\"urlTemplate\":\"https:\\\/\\\/ocoerente.com.br\\\/se\\\/?s={search_term_string}\"},\"query-input\":{\"@type\":\"PropertyValueSpecification\",\"valueRequired\":true,\"valueName\":\"search_term_string\"}}],\"inLanguage\":\"pt-BR\"},{\"@type\":[\"Person\",\"Organization\"],\"@id\":\"https:\\\/\\\/ocoerente.com.br\\\/se\\\/#\\\/schema\\\/person\\\/cc6bfd9fbca465e23543b0c963d8d037\",\"name\":\"Reda\u00e7\u00e3o\",\"image\":{\"@type\":\"ImageObject\",\"inLanguage\":\"pt-BR\",\"@id\":\"https:\\\/\\\/ocoerente.com.br\\\/se\\\/wp-content\\\/uploads\\\/2020\\\/01\\\/ocoerente-1.png\",\"url\":\"https:\\\/\\\/ocoerente.com.br\\\/se\\\/wp-content\\\/uploads\\\/2020\\\/01\\\/ocoerente-1.png\",\"contentUrl\":\"https:\\\/\\\/ocoerente.com.br\\\/se\\\/wp-content\\\/uploads\\\/2020\\\/01\\\/ocoerente-1.png\",\"width\":50,\"height\":50,\"caption\":\"Reda\u00e7\u00e3o\"},\"logo\":{\"@id\":\"https:\\\/\\\/ocoerente.com.br\\\/se\\\/wp-content\\\/uploads\\\/2020\\\/01\\\/ocoerente-1.png\"},\"url\":\"https:\\\/\\\/ocoerente.com.br\\\/se\\\/author\\\/vasticlsales\\\/\"}]}<\/script>\n<!-- \/ Yoast SEO plugin. -->","yoast_head_json":{"title":"Inscri\u00e7\u00f5es para o Pr\u00e9-Universit\u00e1rio 2025 seguem at\u00e9 2 de fevereiro - O Coerente","robots":{"index":"index","follow":"follow","max-snippet":"max-snippet:-1","max-image-preview":"max-image-preview:large","max-video-preview":"max-video-preview:-1"},"canonical":"https:\/\/ocoerente.com.br\/se\/2025\/01\/18\/inscricoes-para-o-pre-universitario-2025-seguem-ate-2-de-fevereiro\/","og_locale":"pt_BR","og_type":"article","og_title":"Inscri\u00e7\u00f5es para o Pr\u00e9-Universit\u00e1rio 2025 seguem at\u00e9 2 de fevereiro - O Coerente","og_description":"Com mais de 4.400 vagas dispon\u00edveis, curso preparat\u00f3rio gratuito \u00e9 destinado a estudantes da rede p\u00fablica e participantes do Encceja As inscri\u00e7\u00f5es para o processo seletivo do Programa Pr\u00e9-Universit\u00e1rio 2025 seguem at\u00e9 o dia 2 de fevereiro. Os interessados devem acessar o site da Secretaria de Estado da Educa\u00e7\u00e3o e da Cultura (Seduc),&nbsp;na aba Editais [&hellip;]","og_url":"https:\/\/ocoerente.com.br\/se\/2025\/01\/18\/inscricoes-para-o-pre-universitario-2025-seguem-ate-2-de-fevereiro\/","og_site_name":"O Coerente","article_published_time":"2025-01-18T03:40:15+00:00","article_modified_time":"2025-01-18T03:40:16+00:00","og_image":[{"width":1100,"height":610,"url":"https:\/\/ocoerente.com.br\/se\/wp-content\/uploads\/2025\/01\/a2dc4f8.jpg","type":"image\/jpeg"}],"author":"Reda\u00e7\u00e3o","twitter_card":"summary_large_image","twitter_misc":{"Escrito por":"Reda\u00e7\u00e3o","Est. tempo de leitura":"2 minutos"},"schema":{"@context":"https:\/\/schema.org","@graph":[{"@type":"Article","@id":"https:\/\/ocoerente.com.br\/se\/2025\/01\/18\/inscricoes-para-o-pre-universitario-2025-seguem-ate-2-de-fevereiro\/#article","isPartOf":{"@id":"https:\/\/ocoerente.com.br\/se\/2025\/01\/18\/inscricoes-para-o-pre-universitario-2025-seguem-ate-2-de-fevereiro\/"},"author":{"name":"Reda\u00e7\u00e3o","@id":"https:\/\/ocoerente.com.br\/se\/#\/schema\/person\/cc6bfd9fbca465e23543b0c963d8d037"},"headline":"Inscri\u00e7\u00f5es para o Pr\u00e9-Universit\u00e1rio 2025 seguem at\u00e9 2 de fevereiro","datePublished":"2025-01-18T03:40:15+00:00","dateModified":"2025-01-18T03:40:16+00:00","mainEntityOfPage":{"@id":"https:\/\/ocoerente.com.br\/se\/2025\/01\/18\/inscricoes-para-o-pre-universitario-2025-seguem-ate-2-de-fevereiro\/"},"wordCount":360,"publisher":{"@id":"https:\/\/ocoerente.com.br\/se\/#\/schema\/person\/cc6bfd9fbca465e23543b0c963d8d037"},"image":{"@id":"https:\/\/ocoerente.com.br\/se\/2025\/01\/18\/inscricoes-para-o-pre-universitario-2025-seguem-ate-2-de-fevereiro\/#primaryimage"},"thumbnailUrl":"https:\/\/ocoerente.com.br\/se\/wp-content\/uploads\/2025\/01\/a2dc4f8.jpg","articleSection":["Destaques","Educa\u00e7\u00e3o"],"inLanguage":"pt-BR"},{"@type":"WebPage","@id":"https:\/\/ocoerente.com.br\/se\/2025\/01\/18\/inscricoes-para-o-pre-universitario-2025-seguem-ate-2-de-fevereiro\/","url":"https:\/\/ocoerente.com.br\/se\/2025\/01\/18\/inscricoes-para-o-pre-universitario-2025-seguem-ate-2-de-fevereiro\/","name":"Inscri\u00e7\u00f5es para o Pr\u00e9-Universit\u00e1rio 2025 seguem at\u00e9 2 de fevereiro - O Coerente","isPartOf":{"@id":"https:\/\/ocoerente.com.br\/se\/#website"},"primaryImageOfPage":{"@id":"https:\/\/ocoerente.com.br\/se\/2025\/01\/18\/inscricoes-para-o-pre-universitario-2025-seguem-ate-2-de-fevereiro\/#primaryimage"},"image":{"@id":"https:\/\/ocoerente.com.br\/se\/2025\/01\/18\/inscricoes-para-o-pre-universitario-2025-seguem-ate-2-de-fevereiro\/#primaryimage"},"thumbnailUrl":"https:\/\/ocoerente.com.br\/se\/wp-content\/uploads\/2025\/01\/a2dc4f8.jpg","datePublished":"2025-01-18T03:40:15+00:00","dateModified":"2025-01-18T03:40:16+00:00","breadcrumb":{"@id":"https:\/\/ocoerente.com.br\/se\/2025\/01\/18\/inscricoes-para-o-pre-universitario-2025-seguem-ate-2-de-fevereiro\/#breadcrumb"},"inLanguage":"pt-BR","potentialAction":[{"@type":"ReadAction","target":["https:\/\/ocoerente.com.br\/se\/2025\/01\/18\/inscricoes-para-o-pre-universitario-2025-seguem-ate-2-de-fevereiro\/"]}]},{"@type":"ImageObject","inLanguage":"pt-BR","@id":"https:\/\/ocoerente.com.br\/se\/2025\/01\/18\/inscricoes-para-o-pre-universitario-2025-seguem-ate-2-de-fevereiro\/#primaryimage","url":"https:\/\/ocoerente.com.br\/se\/wp-content\/uploads\/2025\/01\/a2dc4f8.jpg","contentUrl":"https:\/\/ocoerente.com.br\/se\/wp-content\/uploads\/2025\/01\/a2dc4f8.jpg","width":1100,"height":610,"caption":"Fotos: Maria Odilia"},{"@type":"BreadcrumbList","@id":"https:\/\/ocoerente.com.br\/se\/2025\/01\/18\/inscricoes-para-o-pre-universitario-2025-seguem-ate-2-de-fevereiro\/#breadcrumb","itemListElement":[{"@type":"ListItem","position":1,"name":"In\u00edcio","item":"https:\/\/ocoerente.com.br\/se\/"},{"@type":"ListItem","position":2,"name":"Inscri\u00e7\u00f5es para o Pr\u00e9-Universit\u00e1rio 2025 seguem at\u00e9 2 de fevereiro"}]},{"@type":"WebSite","@id":"https:\/\/ocoerente.com.br\/se\/#website","url":"https:\/\/ocoerente.com.br\/se\/","name":"O Coerente","description":"","publisher":{"@id":"https:\/\/ocoerente.com.br\/se\/#\/schema\/person\/cc6bfd9fbca465e23543b0c963d8d037"},"potentialAction":[{"@type":"SearchAction","target":{"@type":"EntryPoint","urlTemplate":"https:\/\/ocoerente.com.br\/se\/?s={search_term_string}"},"query-input":{"@type":"PropertyValueSpecification","valueRequired":true,"valueName":"search_term_string"}}],"inLanguage":"pt-BR"},{"@type":["Person","Organization"],"@id":"https:\/\/ocoerente.com.br\/se\/#\/schema\/person\/cc6bfd9fbca465e23543b0c963d8d037","name":"Reda\u00e7\u00e3o","image":{"@type":"ImageObject","inLanguage":"pt-BR","@id":"https:\/\/ocoerente.com.br\/se\/wp-content\/uploads\/2020\/01\/ocoerente-1.png","url":"https:\/\/ocoerente.com.br\/se\/wp-content\/uploads\/2020\/01\/ocoerente-1.png","contentUrl":"https:\/\/ocoerente.com.br\/se\/wp-content\/uploads\/2020\/01\/ocoerente-1.png","width":50,"height":50,"caption":"Reda\u00e7\u00e3o"},"logo":{"@id":"https:\/\/ocoerente.com.br\/se\/wp-content\/uploads\/2020\/01\/ocoerente-1.png"},"url":"https:\/\/ocoerente.com.br\/se\/author\/vasticlsales\/"}]}},"_links":{"self":[{"href":"https:\/\/ocoerente.com.br\/se\/wp-json\/wp\/v2\/posts\/12339","targetHints":{"allow":["GET"]}}],"collection":[{"href":"https:\/\/ocoerente.com.br\/se\/wp-json\/wp\/v2\/posts"}],"about":[{"href":"https:\/\/ocoerente.com.br\/se\/wp-json\/wp\/v2\/types\/post"}],"author":[{"embeddable":true,"href":"https:\/\/ocoerente.com.br\/se\/wp-json\/wp\/v2\/users\/1"}],"replies":[{"embeddable":true,"href":"https:\/\/ocoerente.com.br\/se\/wp-json\/wp\/v2\/comments?post=12339"}],"version-history":[{"count":1,"href":"https:\/\/ocoerente.com.br\/se\/wp-json\/wp\/v2\/posts\/12339\/revisions"}],"predecessor-version":[{"id":12341,"href":"https:\/\/ocoerente.com.br\/se\/wp-json\/wp\/v2\/posts\/12339\/revisions\/12341"}],"wp:featuredmedia":[{"embeddable":true,"href":"https:\/\/ocoerente.com.br\/se\/wp-json\/wp\/v2\/media\/12340"}],"wp:attachment":[{"href":"https:\/\/ocoerente.com.br\/se\/wp-json\/wp\/v2\/media?parent=12339"}],"wp:term":[{"taxonomy":"category","embeddable":true,"href":"https:\/\/ocoerente.com.br\/se\/wp-json\/wp\/v2\/categories?post=12339"},{"taxonomy":"post_tag","embeddable":true,"href":"https:\/\/ocoerente.com.br\/se\/wp-json\/wp\/v2\/tags?post=12339"}],"curies":[{"name":"wp","href":"https:\/\/api.w.org\/{rel}","templated":true}]}}